{"id":11395185,"date":"2024-01-24T21:36:43","date_gmt":"2024-01-24T20:36:43","guid":{"rendered":"https:\/\/kapitalis.com\/tunisie\/?p=11395185"},"modified":"2024-01-24T21:36:45","modified_gmt":"2024-01-24T20:36:45","slug":"covid-un-premier-cas-dinfection-par-le-variant-jn-1-detecte-en-tunisie","status":"publish","type":"post","link":"https:\/\/kapitalis.com\/tunisie\/2024\/01\/24\/covid-un-premier-cas-dinfection-par-le-variant-jn-1-detecte-en-tunisie\/","title":{"rendered":"Covid : Un premier cas d\u2019infection par le variant JN.1 d\u00e9tect\u00e9 en Tunisie"},"content":{"rendered":"\n<p><strong><em>Un premier cas d\u2019infection par le variant JN.1 (Juno) vient d\u2019\u00eatre d\u00e9tect\u00e9 en Tunisie, annonce le directeur g\u00e9n\u00e9ral du centre national de pharmacovigilance et membre du comit\u00e9 scientifique de lutte contre le coronavirus Riadh Daghoufs.<\/em><\/strong><\/p>\n\n\n\n<!--more-->\n\n\n\n<p>Dans une d\u00e9claration, ce mercedi 23 janvier 2024 \u00e0 l&rsquo;agence Tap Riadh Daghoufs a pr\u00e9cis\u00e9 que ce cas a \u00e9t\u00e9 d\u00e9t\u00e9ct\u00e9 apr\u00e8s le s\u00e9quen\u00e7age de 60 \u00e9chantillons \u00e0 l\u2019h\u00f4pital Charles Nicolle \u00e0 Tunis et au CNPV, en pr\u00e9cisant que la d\u00e9tection de ce variant en Tunisie \u00e9tait pr\u00e9visible d&rsquo;autant que celui-ci repr\u00e9sente 75 % des variants les plus r\u00e9pandus actuellement en France et dans plusieurs autres pays de l&rsquo;Europe.<\/p>\n\n\n\n<p>\u00ab<em>Les sympt\u00f4mes de ce variant ne sont pas graves et ne suscitent pas d\u2019inqui\u00e9tude<\/em>\u00bb, a-t-il toutefois rassur\u00e9, citant notamment de la fi\u00e8vre, de la toux, un \u00e9coulement nasal, de la diarrh\u00e9e, de l\u2019asth\u00e9nie et des maux de t\u00eate et en rappelant la n\u00e9cessit\u00e9 de respecter les mesures pr\u00e9ventives afin de limiter la propagation de ce variant.<\/p>\n\n\n\n<p>Rappelons que l&rsquo;Organisation mondiale de la sant\u00e9 (OMS) avait class\u00e9 le variant JN.1 comme \u00abvariant d\u2019int\u00e9r\u00eat\u00bb, compte tenu de sa propagation rapide mais a \u00e9valu\u00e9 comme \u00ab<em>faible<\/em>\u00bb le risque pour la sant\u00e9 publique pos\u00e9 par ce nouveau variant <em>\u00abqui ne repr\u00e9sente pas une menace s\u00e9rieuse pour la sant\u00e9 publique\u00bb<\/em>.<\/p>\n\n\n\n<p class=\"has-text-align-right\"><strong>Y. N.<\/strong><\/p>\n","protected":false},"excerpt":{"rendered":"<p>Un premier cas d\u2019infection par le variant JN.1 (Juno) vient d\u2019\u00eatre d\u00e9tect\u00e9 en Tunisie, annonce le directeur g\u00e9n\u00e9ral du centre national de pharmacovigilance et membre du comit\u00e9 scientifique de lutte contre le coronavirus Riadh Daghoufs.<\/p>\n","protected":false},"author":6,"featured_media":9547166,"comment_status":"open","ping_status":"open","sticky":false,"template":"","format":"standard","meta":{"footnotes":""},"categories":[998,2433],"tags":[78820,113593,113594,113595,62643,87686],"class_list":["post-11395185","post","type-post","status-publish","format-standard","has-post-thumbnail","hentry","category-societe","category-tunisie","tag-covid-2","tag-jn-1","tag-juno","tag-riadh-daghoufs","tag-tunisie","tag-variant"],"yoast_head":"<!-- This site is optimized with the Yoast SEO plugin v26.6 - https:\/\/yoast.com\/wordpress\/plugins\/seo\/ -->\n<title>Covid : Un premier cas d\u2019infection par le variant JN.1 d\u00e9tect\u00e9 en Tunisie - Kapitalis<\/title>\n<meta name=\"robots\" content=\"index, follow, max-snippet:-1, max-image-preview:large, max-video-preview:-1\" \/>\n<link rel=\"canonical\" href=\"https:\/\/kapitalis.com\/tunisie\/2024\/01\/24\/covid-un-premier-cas-dinfection-par-le-variant-jn-1-detecte-en-tunisie\/\" \/>\n<meta property=\"og:locale\" content=\"fr_FR\" \/>\n<meta property=\"og:type\" content=\"article\" \/>\n<meta property=\"og:title\" content=\"Covid : Un premier cas d\u2019infection par le variant JN.1 d\u00e9tect\u00e9 en Tunisie - Kapitalis\" \/>\n<meta property=\"og:description\" content=\"Un premier cas d\u2019infection par le variant JN.1 (Juno) vient d\u2019\u00eatre d\u00e9tect\u00e9 en Tunisie, annonce le directeur g\u00e9n\u00e9ral du centre national de pharmacovigilance et membre du comit\u00e9 scientifique de lutte contre le coronavirus Riadh Daghoufs.\" \/>\n<meta property=\"og:url\" content=\"https:\/\/kapitalis.com\/tunisie\/2024\/01\/24\/covid-un-premier-cas-dinfection-par-le-variant-jn-1-detecte-en-tunisie\/\" \/>\n<meta property=\"og:site_name\" content=\"Kapitalis\" \/>\n<meta property=\"article:publisher\" content=\"https:\/\/www.facebook.com\/KapitalisInfo\/\" \/>\n<meta property=\"article:published_time\" content=\"2024-01-24T20:36:43+00:00\" \/>\n<meta property=\"article:modified_time\" content=\"2024-01-24T20:36:45+00:00\" \/>\n<meta property=\"og:image\" content=\"https:\/\/kapitalis.com\/tunisie\/wp-content\/uploads\/2023\/08\/Covid-Laboratoire.jpg\" \/>\n\t<meta property=\"og:image:width\" content=\"1200\" \/>\n\t<meta property=\"og:image:height\" content=\"630\" \/>\n\t<meta property=\"og:image:type\" content=\"image\/jpeg\" \/>\n<meta name=\"author\" content=\"Yusra NY\" \/>\n<meta name=\"twitter:card\" content=\"summary_large_image\" \/>\n<meta name=\"twitter:creator\" content=\"@KapitalisInfo\" \/>\n<meta name=\"twitter:site\" content=\"@KapitalisInfo\" \/>\n<meta name=\"twitter:label1\" content=\"\u00c9crit par\" \/>\n\t<meta name=\"twitter:data1\" content=\"Yusra NY\" \/>\n\t<meta name=\"twitter:label2\" content=\"Dur\u00e9e de lecture estim\u00e9e\" \/>\n\t<meta name=\"twitter:data2\" content=\"1 minute\" \/>\n<script type=\"application\/ld+json\" class=\"yoast-schema-graph\">{\"@context\":\"https:\/\/schema.org\",\"@graph\":[{\"@type\":\"Article\",\"@id\":\"https:\/\/kapitalis.com\/tunisie\/2024\/01\/24\/covid-un-premier-cas-dinfection-par-le-variant-jn-1-detecte-en-tunisie\/#article\",\"isPartOf\":{\"@id\":\"https:\/\/kapitalis.com\/tunisie\/2024\/01\/24\/covid-un-premier-cas-dinfection-par-le-variant-jn-1-detecte-en-tunisie\/\"},\"author\":{\"name\":\"Yusra NY\",\"@id\":\"https:\/\/kapitalis.com\/tunisie\/#\/schema\/person\/74bbde0154d49d790a92aaeac5bc01d5\"},\"headline\":\"Covid : Un premier cas d\u2019infection par le variant JN.1 d\u00e9tect\u00e9 en Tunisie\",\"datePublished\":\"2024-01-24T20:36:43+00:00\",\"dateModified\":\"2024-01-24T20:36:45+00:00\",\"mainEntityOfPage\":{\"@id\":\"https:\/\/kapitalis.com\/tunisie\/2024\/01\/24\/covid-un-premier-cas-dinfection-par-le-variant-jn-1-detecte-en-tunisie\/\"},\"wordCount\":251,\"commentCount\":0,\"publisher\":{\"@id\":\"https:\/\/kapitalis.com\/tunisie\/#organization\"},\"image\":{\"@id\":\"https:\/\/kapitalis.com\/tunisie\/2024\/01\/24\/covid-un-premier-cas-dinfection-par-le-variant-jn-1-detecte-en-tunisie\/#primaryimage\"},\"thumbnailUrl\":\"https:\/\/kapitalis.com\/tunisie\/wp-content\/uploads\/2023\/08\/Covid-Laboratoire.jpg\",\"keywords\":[\"covid\",\"JN.1\",\"Juno\",\"Riadh Daghoufs\",\"Tunisie\",\"variant\"],\"articleSection\":[\"SOCIETE\",\"Tunisie\"],\"inLanguage\":\"fr-FR\",\"potentialAction\":[{\"@type\":\"CommentAction\",\"name\":\"Comment\",\"target\":[\"https:\/\/kapitalis.com\/tunisie\/2024\/01\/24\/covid-un-premier-cas-dinfection-par-le-variant-jn-1-detecte-en-tunisie\/#respond\"]}]},{\"@type\":\"WebPage\",\"@id\":\"https:\/\/kapitalis.com\/tunisie\/2024\/01\/24\/covid-un-premier-cas-dinfection-par-le-variant-jn-1-detecte-en-tunisie\/\",\"url\":\"https:\/\/kapitalis.com\/tunisie\/2024\/01\/24\/covid-un-premier-cas-dinfection-par-le-variant-jn-1-detecte-en-tunisie\/\",\"name\":\"Covid : Un premier cas d\u2019infection par le variant JN.1 d\u00e9tect\u00e9 en Tunisie - Kapitalis\",\"isPartOf\":{\"@id\":\"https:\/\/kapitalis.com\/tunisie\/#website\"},\"primaryImageOfPage\":{\"@id\":\"https:\/\/kapitalis.com\/tunisie\/2024\/01\/24\/covid-un-premier-cas-dinfection-par-le-variant-jn-1-detecte-en-tunisie\/#primaryimage\"},\"image\":{\"@id\":\"https:\/\/kapitalis.com\/tunisie\/2024\/01\/24\/covid-un-premier-cas-dinfection-par-le-variant-jn-1-detecte-en-tunisie\/#primaryimage\"},\"thumbnailUrl\":\"https:\/\/kapitalis.com\/tunisie\/wp-content\/uploads\/2023\/08\/Covid-Laboratoire.jpg\",\"datePublished\":\"2024-01-24T20:36:43+00:00\",\"dateModified\":\"2024-01-24T20:36:45+00:00\",\"breadcrumb\":{\"@id\":\"https:\/\/kapitalis.com\/tunisie\/2024\/01\/24\/covid-un-premier-cas-dinfection-par-le-variant-jn-1-detecte-en-tunisie\/#breadcrumb\"},\"inLanguage\":\"fr-FR\",\"potentialAction\":[{\"@type\":\"ReadAction\",\"target\":[\"https:\/\/kapitalis.com\/tunisie\/2024\/01\/24\/covid-un-premier-cas-dinfection-par-le-variant-jn-1-detecte-en-tunisie\/\"]}]},{\"@type\":\"ImageObject\",\"inLanguage\":\"fr-FR\",\"@id\":\"https:\/\/kapitalis.com\/tunisie\/2024\/01\/24\/covid-un-premier-cas-dinfection-par-le-variant-jn-1-detecte-en-tunisie\/#primaryimage\",\"url\":\"https:\/\/kapitalis.com\/tunisie\/wp-content\/uploads\/2023\/08\/Covid-Laboratoire.jpg\",\"contentUrl\":\"https:\/\/kapitalis.com\/tunisie\/wp-content\/uploads\/2023\/08\/Covid-Laboratoire.jpg\",\"width\":1200,\"height\":630},{\"@type\":\"BreadcrumbList\",\"@id\":\"https:\/\/kapitalis.com\/tunisie\/2024\/01\/24\/covid-un-premier-cas-dinfection-par-le-variant-jn-1-detecte-en-tunisie\/#breadcrumb\",\"itemListElement\":[{\"@type\":\"ListItem\",\"position\":1,\"name\":\"Accueil\",\"item\":\"https:\/\/kapitalis.com\/tunisie\/\"},{\"@type\":\"ListItem\",\"position\":2,\"name\":\"Covid : Un premier cas d\u2019infection par le variant JN.1 d\u00e9tect\u00e9 en Tunisie\"}]},{\"@type\":\"WebSite\",\"@id\":\"https:\/\/kapitalis.com\/tunisie\/#website\",\"url\":\"https:\/\/kapitalis.com\/tunisie\/\",\"name\":\"Kapitalis\",\"description\":\"L&#039;actualit\u00e9 en Tunisie et dans le monde\",\"publisher\":{\"@id\":\"https:\/\/kapitalis.com\/tunisie\/#organization\"},\"potentialAction\":[{\"@type\":\"SearchAction\",\"target\":{\"@type\":\"EntryPoint\",\"urlTemplate\":\"https:\/\/kapitalis.com\/tunisie\/?s={search_term_string}\"},\"query-input\":{\"@type\":\"PropertyValueSpecification\",\"valueRequired\":true,\"valueName\":\"search_term_string\"}}],\"inLanguage\":\"fr-FR\"},{\"@type\":\"Organization\",\"@id\":\"https:\/\/kapitalis.com\/tunisie\/#organization\",\"name\":\"Kapitalis\",\"url\":\"https:\/\/kapitalis.com\/tunisie\/\",\"logo\":{\"@type\":\"ImageObject\",\"inLanguage\":\"fr-FR\",\"@id\":\"https:\/\/kapitalis.com\/tunisie\/#\/schema\/logo\/image\/\",\"url\":\"https:\/\/kapitalis.com\/tunisie\/wp-content\/uploads\/2022\/05\/Kapitalis-big-size.png\",\"contentUrl\":\"https:\/\/kapitalis.com\/tunisie\/wp-content\/uploads\/2022\/05\/Kapitalis-big-size.png\",\"width\":5000,\"height\":1500,\"caption\":\"Kapitalis\"},\"image\":{\"@id\":\"https:\/\/kapitalis.com\/tunisie\/#\/schema\/logo\/image\/\"},\"sameAs\":[\"https:\/\/www.facebook.com\/KapitalisInfo\/\",\"https:\/\/x.com\/KapitalisInfo\",\"https:\/\/www.youtube.com\/channel\/UC-yDYrHyfFBWWZaOw3FPg9Q\"]},{\"@type\":\"Person\",\"@id\":\"https:\/\/kapitalis.com\/tunisie\/#\/schema\/person\/74bbde0154d49d790a92aaeac5bc01d5\",\"name\":\"Yusra NY\",\"url\":\"https:\/\/kapitalis.com\/tunisie\/author\/yuza_adam\/\"}]}<\/script>\n<!-- \/ Yoast SEO plugin. -->","yoast_head_json":{"title":"Covid : Un premier cas d\u2019infection par le variant JN.1 d\u00e9tect\u00e9 en Tunisie - Kapitalis","robots":{"index":"index","follow":"follow","max-snippet":"max-snippet:-1","max-image-preview":"max-image-preview:large","max-video-preview":"max-video-preview:-1"},"canonical":"https:\/\/kapitalis.com\/tunisie\/2024\/01\/24\/covid-un-premier-cas-dinfection-par-le-variant-jn-1-detecte-en-tunisie\/","og_locale":"fr_FR","og_type":"article","og_title":"Covid : Un premier cas d\u2019infection par le variant JN.1 d\u00e9tect\u00e9 en Tunisie - Kapitalis","og_description":"Un premier cas d\u2019infection par le variant JN.1 (Juno) vient d\u2019\u00eatre d\u00e9tect\u00e9 en Tunisie, annonce le directeur g\u00e9n\u00e9ral du centre national de pharmacovigilance et membre du comit\u00e9 scientifique de lutte contre le coronavirus Riadh Daghoufs.","og_url":"https:\/\/kapitalis.com\/tunisie\/2024\/01\/24\/covid-un-premier-cas-dinfection-par-le-variant-jn-1-detecte-en-tunisie\/","og_site_name":"Kapitalis","article_publisher":"https:\/\/www.facebook.com\/KapitalisInfo\/","article_published_time":"2024-01-24T20:36:43+00:00","article_modified_time":"2024-01-24T20:36:45+00:00","og_image":[{"width":1200,"height":630,"url":"https:\/\/kapitalis.com\/tunisie\/wp-content\/uploads\/2023\/08\/Covid-Laboratoire.jpg","type":"image\/jpeg"}],"author":"Yusra NY","twitter_card":"summary_large_image","twitter_creator":"@KapitalisInfo","twitter_site":"@KapitalisInfo","twitter_misc":{"\u00c9crit par":"Yusra NY","Dur\u00e9e de lecture estim\u00e9e":"1 minute"},"schema":{"@context":"https:\/\/schema.org","@graph":[{"@type":"Article","@id":"https:\/\/kapitalis.com\/tunisie\/2024\/01\/24\/covid-un-premier-cas-dinfection-par-le-variant-jn-1-detecte-en-tunisie\/#article","isPartOf":{"@id":"https:\/\/kapitalis.com\/tunisie\/2024\/01\/24\/covid-un-premier-cas-dinfection-par-le-variant-jn-1-detecte-en-tunisie\/"},"author":{"name":"Yusra NY","@id":"https:\/\/kapitalis.com\/tunisie\/#\/schema\/person\/74bbde0154d49d790a92aaeac5bc01d5"},"headline":"Covid : Un premier cas d\u2019infection par le variant JN.1 d\u00e9tect\u00e9 en Tunisie","datePublished":"2024-01-24T20:36:43+00:00","dateModified":"2024-01-24T20:36:45+00:00","mainEntityOfPage":{"@id":"https:\/\/kapitalis.com\/tunisie\/2024\/01\/24\/covid-un-premier-cas-dinfection-par-le-variant-jn-1-detecte-en-tunisie\/"},"wordCount":251,"commentCount":0,"publisher":{"@id":"https:\/\/kapitalis.com\/tunisie\/#organization"},"image":{"@id":"https:\/\/kapitalis.com\/tunisie\/2024\/01\/24\/covid-un-premier-cas-dinfection-par-le-variant-jn-1-detecte-en-tunisie\/#primaryimage"},"thumbnailUrl":"https:\/\/kapitalis.com\/tunisie\/wp-content\/uploads\/2023\/08\/Covid-Laboratoire.jpg","keywords":["covid","JN.1","Juno","Riadh Daghoufs","Tunisie","variant"],"articleSection":["SOCIETE","Tunisie"],"inLanguage":"fr-FR","potentialAction":[{"@type":"CommentAction","name":"Comment","target":["https:\/\/kapitalis.com\/tunisie\/2024\/01\/24\/covid-un-premier-cas-dinfection-par-le-variant-jn-1-detecte-en-tunisie\/#respond"]}]},{"@type":"WebPage","@id":"https:\/\/kapitalis.com\/tunisie\/2024\/01\/24\/covid-un-premier-cas-dinfection-par-le-variant-jn-1-detecte-en-tunisie\/","url":"https:\/\/kapitalis.com\/tunisie\/2024\/01\/24\/covid-un-premier-cas-dinfection-par-le-variant-jn-1-detecte-en-tunisie\/","name":"Covid : Un premier cas d\u2019infection par le variant JN.1 d\u00e9tect\u00e9 en Tunisie - Kapitalis","isPartOf":{"@id":"https:\/\/kapitalis.com\/tunisie\/#website"},"primaryImageOfPage":{"@id":"https:\/\/kapitalis.com\/tunisie\/2024\/01\/24\/covid-un-premier-cas-dinfection-par-le-variant-jn-1-detecte-en-tunisie\/#primaryimage"},"image":{"@id":"https:\/\/kapitalis.com\/tunisie\/2024\/01\/24\/covid-un-premier-cas-dinfection-par-le-variant-jn-1-detecte-en-tunisie\/#primaryimage"},"thumbnailUrl":"https:\/\/kapitalis.com\/tunisie\/wp-content\/uploads\/2023\/08\/Covid-Laboratoire.jpg","datePublished":"2024-01-24T20:36:43+00:00","dateModified":"2024-01-24T20:36:45+00:00","breadcrumb":{"@id":"https:\/\/kapitalis.com\/tunisie\/2024\/01\/24\/covid-un-premier-cas-dinfection-par-le-variant-jn-1-detecte-en-tunisie\/#breadcrumb"},"inLanguage":"fr-FR","potentialAction":[{"@type":"ReadAction","target":["https:\/\/kapitalis.com\/tunisie\/2024\/01\/24\/covid-un-premier-cas-dinfection-par-le-variant-jn-1-detecte-en-tunisie\/"]}]},{"@type":"ImageObject","inLanguage":"fr-FR","@id":"https:\/\/kapitalis.com\/tunisie\/2024\/01\/24\/covid-un-premier-cas-dinfection-par-le-variant-jn-1-detecte-en-tunisie\/#primaryimage","url":"https:\/\/kapitalis.com\/tunisie\/wp-content\/uploads\/2023\/08\/Covid-Laboratoire.jpg","contentUrl":"https:\/\/kapitalis.com\/tunisie\/wp-content\/uploads\/2023\/08\/Covid-Laboratoire.jpg","width":1200,"height":630},{"@type":"BreadcrumbList","@id":"https:\/\/kapitalis.com\/tunisie\/2024\/01\/24\/covid-un-premier-cas-dinfection-par-le-variant-jn-1-detecte-en-tunisie\/#breadcrumb","itemListElement":[{"@type":"ListItem","position":1,"name":"Accueil","item":"https:\/\/kapitalis.com\/tunisie\/"},{"@type":"ListItem","position":2,"name":"Covid : Un premier cas d\u2019infection par le variant JN.1 d\u00e9tect\u00e9 en Tunisie"}]},{"@type":"WebSite","@id":"https:\/\/kapitalis.com\/tunisie\/#website","url":"https:\/\/kapitalis.com\/tunisie\/","name":"Kapitalis","description":"L&#039;actualit\u00e9 en Tunisie et dans le monde","publisher":{"@id":"https:\/\/kapitalis.com\/tunisie\/#organization"},"potentialAction":[{"@type":"SearchAction","target":{"@type":"EntryPoint","urlTemplate":"https:\/\/kapitalis.com\/tunisie\/?s={search_term_string}"},"query-input":{"@type":"PropertyValueSpecification","valueRequired":true,"valueName":"search_term_string"}}],"inLanguage":"fr-FR"},{"@type":"Organization","@id":"https:\/\/kapitalis.com\/tunisie\/#organization","name":"Kapitalis","url":"https:\/\/kapitalis.com\/tunisie\/","logo":{"@type":"ImageObject","inLanguage":"fr-FR","@id":"https:\/\/kapitalis.com\/tunisie\/#\/schema\/logo\/image\/","url":"https:\/\/kapitalis.com\/tunisie\/wp-content\/uploads\/2022\/05\/Kapitalis-big-size.png","contentUrl":"https:\/\/kapitalis.com\/tunisie\/wp-content\/uploads\/2022\/05\/Kapitalis-big-size.png","width":5000,"height":1500,"caption":"Kapitalis"},"image":{"@id":"https:\/\/kapitalis.com\/tunisie\/#\/schema\/logo\/image\/"},"sameAs":["https:\/\/www.facebook.com\/KapitalisInfo\/","https:\/\/x.com\/KapitalisInfo","https:\/\/www.youtube.com\/channel\/UC-yDYrHyfFBWWZaOw3FPg9Q"]},{"@type":"Person","@id":"https:\/\/kapitalis.com\/tunisie\/#\/schema\/person\/74bbde0154d49d790a92aaeac5bc01d5","name":"Yusra NY","url":"https:\/\/kapitalis.com\/tunisie\/author\/yuza_adam\/"}]}},"_links":{"self":[{"href":"https:\/\/kapitalis.com\/tunisie\/wp-json\/wp\/v2\/posts\/11395185","targetHints":{"allow":["GET"]}}],"collection":[{"href":"https:\/\/kapitalis.com\/tunisie\/wp-json\/wp\/v2\/posts"}],"about":[{"href":"https:\/\/kapitalis.com\/tunisie\/wp-json\/wp\/v2\/types\/post"}],"author":[{"embeddable":true,"href":"https:\/\/kapitalis.com\/tunisie\/wp-json\/wp\/v2\/users\/6"}],"replies":[{"embeddable":true,"href":"https:\/\/kapitalis.com\/tunisie\/wp-json\/wp\/v2\/comments?post=11395185"}],"version-history":[{"count":2,"href":"https:\/\/kapitalis.com\/tunisie\/wp-json\/wp\/v2\/posts\/11395185\/revisions"}],"predecessor-version":[{"id":11395741,"href":"https:\/\/kapitalis.com\/tunisie\/wp-json\/wp\/v2\/posts\/11395185\/revisions\/11395741"}],"wp:featuredmedia":[{"embeddable":true,"href":"https:\/\/kapitalis.com\/tunisie\/wp-json\/wp\/v2\/media\/9547166"}],"wp:attachment":[{"href":"https:\/\/kapitalis.com\/tunisie\/wp-json\/wp\/v2\/media?parent=11395185"}],"wp:term":[{"taxonomy":"category","embeddable":true,"href":"https:\/\/kapitalis.com\/tunisie\/wp-json\/wp\/v2\/categories?post=11395185"},{"taxonomy":"post_tag","embeddable":true,"href":"https:\/\/kapitalis.com\/tunisie\/wp-json\/wp\/v2\/tags?post=11395185"}],"curies":[{"name":"wp","href":"https:\/\/api.w.org\/{rel}","templated":true}]}}