{"id":11396,"date":"2015-08-29T12:13:08","date_gmt":"2015-08-29T11:13:08","guid":{"rendered":"http:\/\/kapitalis.com\/tunisie\/?p=11396"},"modified":"2015-08-29T12:13:08","modified_gmt":"2015-08-29T11:13:08","slug":"ecole-publique-le-telethon-sur-watanya-1","status":"publish","type":"post","link":"https:\/\/kapitalis.com\/tunisie\/2015\/08\/29\/ecole-publique-le-telethon-sur-watanya-1\/","title":{"rendered":"Ecole publique: Le t\u00e9l\u00e9thon sur Watanya 1"},"content":{"rendered":"<p><img loading=\"lazy\" decoding=\"async\" class=\"alignnone size-full wp-image-11397 aligncenter\" src=\"http:\/\/kapitalis.com\/tunisie\/wp-content\/uploads\/2015\/08\/Watanya-Telethon.jpg\" alt=\"Watanya-Telethon\" width=\"626\" height=\"380\" \/><\/p>\n<p><em><strong>La chaine publique Watanya 1 est entr\u00e9e en ligne pour organiser le t\u00e9l\u00e9thon destin\u00e9 \u00e0 recueillir des fonds pour la restauration des \u00e9coles publiques. \u00a0<\/strong><\/em><\/p>\n<p><!--more--><\/p>\n<p>L\u2019accord conclu le 19 ao\u00fbt entre le minist\u00e8re de l\u2019Education et <a href=\"http:\/\/kapitalis.com\/tunisie\/2015\/08\/28\/nessma-norganisera-pas-le-telethon-en-faveur-de-lecole-publique\" target=\"_blank\">Nessma TV<\/a>, qui devait organiser ce t\u00e9l\u00e9thon, a \u00e9t\u00e9 annul\u00e9 en raison de \u00abcontraintes administratives\u00bb. Cet \u00e9v\u00e9nement t\u00e9l\u00e9visuel se tiendra, finalement, sur les plateaux de la cha\u00eene de t\u00e9l\u00e9vision nationale Watanya 1. Les r\u00e9unions de pr\u00e9paration entre les divers intervenants ont d\u2019ailleurs d\u00e9j\u00e0 commenc\u00e9.<\/p>\n<p>Plusieurs associations ont estim\u00e9 que l\u2019accord conclu avec Nabil Karoui, patron de Nessma TV et de l\u2019agence de publicit\u00e9 Karoui &amp; Karoui, \u00e9tait pr\u00e9cipit\u00e9 et n\u2019avait pas lieu d\u2019\u00eatre.<\/p>\n<p><em>\u00abIl faut \u00e9viter les suspicions de conflit d\u2019int\u00e9r\u00eat en accordant la priorit\u00e9 \u00e0 la t\u00e9l\u00e9vision nationale pour lancer une op\u00e9ration m\u00e9diatique et financi\u00e8re au profit d\u2019une l\u2019institution publique\u00bb<\/em>, dit un acteur de la soci\u00e9t\u00e9 civile.<\/p>\n<p><em><strong>Illustration<\/strong>: R\u00e9union de pr\u00e9paration du t\u00e9l\u00e9thon au si\u00e8ge de la t\u00e9l\u00e9vision nationale.<\/em><\/p>\n<p><em><strong>Article li\u00e9 : <\/strong><\/em><\/p>\n<p><a href=\"http:\/\/kapitalis.com\/tunisie\/2015\/08\/21\/nessma-tv-un-telethon-au-profit-des-ecoles-publiques\" target=\"_blank\"><em>Nessma TV : Un t\u00e9l\u00e9thon au profit des \u00e9coles publiques <\/em><\/a><\/p>\n","protected":false},"excerpt":{"rendered":"<p>La chaine publique Watanya 1 est entr\u00e9e en ligne pour organiser le t\u00e9l\u00e9thon destin\u00e9 \u00e0 recueillir des fonds pour la restauration des \u00e9coles publiques. \u00a0<\/p>\n","protected":false},"author":8,"featured_media":11397,"comment_status":"open","ping_status":"open","sticky":false,"template":"","format":"standard","meta":{"footnotes":""},"categories":[996,2433],"tags":[5135,651,657,4805,2939,3035],"class_list":["post-11396","post","type-post","status-publish","format-standard","has-post-thumbnail","hentry","category-media","category-tunisie","tag-ecole-publique","tag-nabil-karoui","tag-nessma-tv","tag-telethon","tag-television-nationale","tag-watanya-1"],"yoast_head":"<!-- This site is optimized with the Yoast SEO plugin v26.6 - https:\/\/yoast.com\/wordpress\/plugins\/seo\/ -->\n<title>Ecole publique: Le t\u00e9l\u00e9thon sur Watanya 1 - Kapitalis<\/title>\n<meta name=\"robots\" content=\"index, follow, max-snippet:-1, max-image-preview:large, max-video-preview:-1\" \/>\n<link rel=\"canonical\" href=\"https:\/\/kapitalis.com\/tunisie\/2015\/08\/29\/ecole-publique-le-telethon-sur-watanya-1\/\" \/>\n<meta property=\"og:locale\" content=\"fr_FR\" \/>\n<meta property=\"og:type\" content=\"article\" \/>\n<meta property=\"og:title\" content=\"Ecole publique: Le t\u00e9l\u00e9thon sur Watanya 1 - Kapitalis\" \/>\n<meta property=\"og:description\" content=\"La chaine publique Watanya 1 est entr\u00e9e en ligne pour organiser le t\u00e9l\u00e9thon destin\u00e9 \u00e0 recueillir des fonds pour la restauration des \u00e9coles publiques. \u00a0\" \/>\n<meta property=\"og:url\" content=\"https:\/\/kapitalis.com\/tunisie\/2015\/08\/29\/ecole-publique-le-telethon-sur-watanya-1\/\" \/>\n<meta property=\"og:site_name\" content=\"Kapitalis\" \/>\n<meta property=\"article:publisher\" content=\"https:\/\/www.facebook.com\/KapitalisInfo\/\" \/>\n<meta property=\"article:published_time\" content=\"2015-08-29T11:13:08+00:00\" \/>\n<meta property=\"og:image\" content=\"https:\/\/kapitalis.com\/tunisie\/wp-content\/uploads\/2022\/05\/kapitalis-logo-fb.png\" \/>\n\t<meta property=\"og:image:width\" content=\"1200\" \/>\n\t<meta property=\"og:image:height\" content=\"630\" \/>\n\t<meta property=\"og:image:type\" content=\"image\/png\" \/>\n<meta name=\"author\" content=\"webmaster kapitalis\" \/>\n<meta name=\"twitter:card\" content=\"summary_large_image\" \/>\n<meta name=\"twitter:creator\" content=\"@KapitalisInfo\" \/>\n<meta name=\"twitter:site\" content=\"@KapitalisInfo\" \/>\n<meta name=\"twitter:label1\" content=\"\u00c9crit par\" \/>\n\t<meta name=\"twitter:data1\" content=\"webmaster kapitalis\" \/>\n\t<meta name=\"twitter:label2\" content=\"Dur\u00e9e de lecture estim\u00e9e\" \/>\n\t<meta name=\"twitter:data2\" content=\"1 minute\" \/>\n<script type=\"application\/ld+json\" class=\"yoast-schema-graph\">{\"@context\":\"https:\/\/schema.org\",\"@graph\":[{\"@type\":\"Article\",\"@id\":\"https:\/\/kapitalis.com\/tunisie\/2015\/08\/29\/ecole-publique-le-telethon-sur-watanya-1\/#article\",\"isPartOf\":{\"@id\":\"https:\/\/kapitalis.com\/tunisie\/2015\/08\/29\/ecole-publique-le-telethon-sur-watanya-1\/\"},\"author\":{\"name\":\"webmaster kapitalis\",\"@id\":\"https:\/\/kapitalis.com\/tunisie\/#\/schema\/person\/d71f33a9ca44f7bad4698210b480c8e9\"},\"headline\":\"Ecole publique: Le t\u00e9l\u00e9thon sur Watanya 1\",\"datePublished\":\"2015-08-29T11:13:08+00:00\",\"mainEntityOfPage\":{\"@id\":\"https:\/\/kapitalis.com\/tunisie\/2015\/08\/29\/ecole-publique-le-telethon-sur-watanya-1\/\"},\"wordCount\":213,\"commentCount\":0,\"publisher\":{\"@id\":\"https:\/\/kapitalis.com\/tunisie\/#organization\"},\"image\":{\"@id\":\"https:\/\/kapitalis.com\/tunisie\/2015\/08\/29\/ecole-publique-le-telethon-sur-watanya-1\/#primaryimage\"},\"thumbnailUrl\":\"\",\"keywords\":[\"\u00e9cole publique\",\"Nabil Karoui\",\"Nessma TV\",\"t\u00e9l\u00e9thon\",\"t\u00e9l\u00e9vision nationale\",\"Watanya 1\"],\"articleSection\":[\"MEDIA\",\"Tunisie\"],\"inLanguage\":\"fr-FR\",\"potentialAction\":[{\"@type\":\"CommentAction\",\"name\":\"Comment\",\"target\":[\"https:\/\/kapitalis.com\/tunisie\/2015\/08\/29\/ecole-publique-le-telethon-sur-watanya-1\/#respond\"]}]},{\"@type\":\"WebPage\",\"@id\":\"https:\/\/kapitalis.com\/tunisie\/2015\/08\/29\/ecole-publique-le-telethon-sur-watanya-1\/\",\"url\":\"https:\/\/kapitalis.com\/tunisie\/2015\/08\/29\/ecole-publique-le-telethon-sur-watanya-1\/\",\"name\":\"Ecole publique: Le t\u00e9l\u00e9thon sur Watanya 1 - Kapitalis\",\"isPartOf\":{\"@id\":\"https:\/\/kapitalis.com\/tunisie\/#website\"},\"primaryImageOfPage\":{\"@id\":\"https:\/\/kapitalis.com\/tunisie\/2015\/08\/29\/ecole-publique-le-telethon-sur-watanya-1\/#primaryimage\"},\"image\":{\"@id\":\"https:\/\/kapitalis.com\/tunisie\/2015\/08\/29\/ecole-publique-le-telethon-sur-watanya-1\/#primaryimage\"},\"thumbnailUrl\":\"\",\"datePublished\":\"2015-08-29T11:13:08+00:00\",\"breadcrumb\":{\"@id\":\"https:\/\/kapitalis.com\/tunisie\/2015\/08\/29\/ecole-publique-le-telethon-sur-watanya-1\/#breadcrumb\"},\"inLanguage\":\"fr-FR\",\"potentialAction\":[{\"@type\":\"ReadAction\",\"target\":[\"https:\/\/kapitalis.com\/tunisie\/2015\/08\/29\/ecole-publique-le-telethon-sur-watanya-1\/\"]}]},{\"@type\":\"ImageObject\",\"inLanguage\":\"fr-FR\",\"@id\":\"https:\/\/kapitalis.com\/tunisie\/2015\/08\/29\/ecole-publique-le-telethon-sur-watanya-1\/#primaryimage\",\"url\":\"\",\"contentUrl\":\"\"},{\"@type\":\"BreadcrumbList\",\"@id\":\"https:\/\/kapitalis.com\/tunisie\/2015\/08\/29\/ecole-publique-le-telethon-sur-watanya-1\/#breadcrumb\",\"itemListElement\":[{\"@type\":\"ListItem\",\"position\":1,\"name\":\"Accueil\",\"item\":\"https:\/\/kapitalis.com\/tunisie\/\"},{\"@type\":\"ListItem\",\"position\":2,\"name\":\"Ecole publique: Le t\u00e9l\u00e9thon sur Watanya 1\"}]},{\"@type\":\"WebSite\",\"@id\":\"https:\/\/kapitalis.com\/tunisie\/#website\",\"url\":\"https:\/\/kapitalis.com\/tunisie\/\",\"name\":\"Kapitalis\",\"description\":\"L&#039;actualit\u00e9 en Tunisie et dans le monde\",\"publisher\":{\"@id\":\"https:\/\/kapitalis.com\/tunisie\/#organization\"},\"potentialAction\":[{\"@type\":\"SearchAction\",\"target\":{\"@type\":\"EntryPoint\",\"urlTemplate\":\"https:\/\/kapitalis.com\/tunisie\/?s={search_term_string}\"},\"query-input\":{\"@type\":\"PropertyValueSpecification\",\"valueRequired\":true,\"valueName\":\"search_term_string\"}}],\"inLanguage\":\"fr-FR\"},{\"@type\":\"Organization\",\"@id\":\"https:\/\/kapitalis.com\/tunisie\/#organization\",\"name\":\"Kapitalis\",\"url\":\"https:\/\/kapitalis.com\/tunisie\/\",\"logo\":{\"@type\":\"ImageObject\",\"inLanguage\":\"fr-FR\",\"@id\":\"https:\/\/kapitalis.com\/tunisie\/#\/schema\/logo\/image\/\",\"url\":\"https:\/\/kapitalis.com\/tunisie\/wp-content\/uploads\/2022\/05\/Kapitalis-big-size.png\",\"contentUrl\":\"https:\/\/kapitalis.com\/tunisie\/wp-content\/uploads\/2022\/05\/Kapitalis-big-size.png\",\"width\":5000,\"height\":1500,\"caption\":\"Kapitalis\"},\"image\":{\"@id\":\"https:\/\/kapitalis.com\/tunisie\/#\/schema\/logo\/image\/\"},\"sameAs\":[\"https:\/\/www.facebook.com\/KapitalisInfo\/\",\"https:\/\/x.com\/KapitalisInfo\",\"https:\/\/www.youtube.com\/channel\/UC-yDYrHyfFBWWZaOw3FPg9Q\"]},{\"@type\":\"Person\",\"@id\":\"https:\/\/kapitalis.com\/tunisie\/#\/schema\/person\/d71f33a9ca44f7bad4698210b480c8e9\",\"name\":\"webmaster kapitalis\",\"url\":\"https:\/\/kapitalis.com\/tunisie\/author\/webmaster-kapitalis\/\"}]}<\/script>\n<!-- \/ Yoast SEO plugin. -->","yoast_head_json":{"title":"Ecole publique: Le t\u00e9l\u00e9thon sur Watanya 1 - Kapitalis","robots":{"index":"index","follow":"follow","max-snippet":"max-snippet:-1","max-image-preview":"max-image-preview:large","max-video-preview":"max-video-preview:-1"},"canonical":"https:\/\/kapitalis.com\/tunisie\/2015\/08\/29\/ecole-publique-le-telethon-sur-watanya-1\/","og_locale":"fr_FR","og_type":"article","og_title":"Ecole publique: Le t\u00e9l\u00e9thon sur Watanya 1 - Kapitalis","og_description":"La chaine publique Watanya 1 est entr\u00e9e en ligne pour organiser le t\u00e9l\u00e9thon destin\u00e9 \u00e0 recueillir des fonds pour la restauration des \u00e9coles publiques. \u00a0","og_url":"https:\/\/kapitalis.com\/tunisie\/2015\/08\/29\/ecole-publique-le-telethon-sur-watanya-1\/","og_site_name":"Kapitalis","article_publisher":"https:\/\/www.facebook.com\/KapitalisInfo\/","article_published_time":"2015-08-29T11:13:08+00:00","og_image":[{"width":1200,"height":630,"url":"https:\/\/kapitalis.com\/tunisie\/wp-content\/uploads\/2022\/05\/kapitalis-logo-fb.png","type":"image\/png"}],"author":"webmaster kapitalis","twitter_card":"summary_large_image","twitter_creator":"@KapitalisInfo","twitter_site":"@KapitalisInfo","twitter_misc":{"\u00c9crit par":"webmaster kapitalis","Dur\u00e9e de lecture estim\u00e9e":"1 minute"},"schema":{"@context":"https:\/\/schema.org","@graph":[{"@type":"Article","@id":"https:\/\/kapitalis.com\/tunisie\/2015\/08\/29\/ecole-publique-le-telethon-sur-watanya-1\/#article","isPartOf":{"@id":"https:\/\/kapitalis.com\/tunisie\/2015\/08\/29\/ecole-publique-le-telethon-sur-watanya-1\/"},"author":{"name":"webmaster kapitalis","@id":"https:\/\/kapitalis.com\/tunisie\/#\/schema\/person\/d71f33a9ca44f7bad4698210b480c8e9"},"headline":"Ecole publique: Le t\u00e9l\u00e9thon sur Watanya 1","datePublished":"2015-08-29T11:13:08+00:00","mainEntityOfPage":{"@id":"https:\/\/kapitalis.com\/tunisie\/2015\/08\/29\/ecole-publique-le-telethon-sur-watanya-1\/"},"wordCount":213,"commentCount":0,"publisher":{"@id":"https:\/\/kapitalis.com\/tunisie\/#organization"},"image":{"@id":"https:\/\/kapitalis.com\/tunisie\/2015\/08\/29\/ecole-publique-le-telethon-sur-watanya-1\/#primaryimage"},"thumbnailUrl":"","keywords":["\u00e9cole publique","Nabil Karoui","Nessma TV","t\u00e9l\u00e9thon","t\u00e9l\u00e9vision nationale","Watanya 1"],"articleSection":["MEDIA","Tunisie"],"inLanguage":"fr-FR","potentialAction":[{"@type":"CommentAction","name":"Comment","target":["https:\/\/kapitalis.com\/tunisie\/2015\/08\/29\/ecole-publique-le-telethon-sur-watanya-1\/#respond"]}]},{"@type":"WebPage","@id":"https:\/\/kapitalis.com\/tunisie\/2015\/08\/29\/ecole-publique-le-telethon-sur-watanya-1\/","url":"https:\/\/kapitalis.com\/tunisie\/2015\/08\/29\/ecole-publique-le-telethon-sur-watanya-1\/","name":"Ecole publique: Le t\u00e9l\u00e9thon sur Watanya 1 - Kapitalis","isPartOf":{"@id":"https:\/\/kapitalis.com\/tunisie\/#website"},"primaryImageOfPage":{"@id":"https:\/\/kapitalis.com\/tunisie\/2015\/08\/29\/ecole-publique-le-telethon-sur-watanya-1\/#primaryimage"},"image":{"@id":"https:\/\/kapitalis.com\/tunisie\/2015\/08\/29\/ecole-publique-le-telethon-sur-watanya-1\/#primaryimage"},"thumbnailUrl":"","datePublished":"2015-08-29T11:13:08+00:00","breadcrumb":{"@id":"https:\/\/kapitalis.com\/tunisie\/2015\/08\/29\/ecole-publique-le-telethon-sur-watanya-1\/#breadcrumb"},"inLanguage":"fr-FR","potentialAction":[{"@type":"ReadAction","target":["https:\/\/kapitalis.com\/tunisie\/2015\/08\/29\/ecole-publique-le-telethon-sur-watanya-1\/"]}]},{"@type":"ImageObject","inLanguage":"fr-FR","@id":"https:\/\/kapitalis.com\/tunisie\/2015\/08\/29\/ecole-publique-le-telethon-sur-watanya-1\/#primaryimage","url":"","contentUrl":""},{"@type":"BreadcrumbList","@id":"https:\/\/kapitalis.com\/tunisie\/2015\/08\/29\/ecole-publique-le-telethon-sur-watanya-1\/#breadcrumb","itemListElement":[{"@type":"ListItem","position":1,"name":"Accueil","item":"https:\/\/kapitalis.com\/tunisie\/"},{"@type":"ListItem","position":2,"name":"Ecole publique: Le t\u00e9l\u00e9thon sur Watanya 1"}]},{"@type":"WebSite","@id":"https:\/\/kapitalis.com\/tunisie\/#website","url":"https:\/\/kapitalis.com\/tunisie\/","name":"Kapitalis","description":"L&#039;actualit\u00e9 en Tunisie et dans le monde","publisher":{"@id":"https:\/\/kapitalis.com\/tunisie\/#organization"},"potentialAction":[{"@type":"SearchAction","target":{"@type":"EntryPoint","urlTemplate":"https:\/\/kapitalis.com\/tunisie\/?s={search_term_string}"},"query-input":{"@type":"PropertyValueSpecification","valueRequired":true,"valueName":"search_term_string"}}],"inLanguage":"fr-FR"},{"@type":"Organization","@id":"https:\/\/kapitalis.com\/tunisie\/#organization","name":"Kapitalis","url":"https:\/\/kapitalis.com\/tunisie\/","logo":{"@type":"ImageObject","inLanguage":"fr-FR","@id":"https:\/\/kapitalis.com\/tunisie\/#\/schema\/logo\/image\/","url":"https:\/\/kapitalis.com\/tunisie\/wp-content\/uploads\/2022\/05\/Kapitalis-big-size.png","contentUrl":"https:\/\/kapitalis.com\/tunisie\/wp-content\/uploads\/2022\/05\/Kapitalis-big-size.png","width":5000,"height":1500,"caption":"Kapitalis"},"image":{"@id":"https:\/\/kapitalis.com\/tunisie\/#\/schema\/logo\/image\/"},"sameAs":["https:\/\/www.facebook.com\/KapitalisInfo\/","https:\/\/x.com\/KapitalisInfo","https:\/\/www.youtube.com\/channel\/UC-yDYrHyfFBWWZaOw3FPg9Q"]},{"@type":"Person","@id":"https:\/\/kapitalis.com\/tunisie\/#\/schema\/person\/d71f33a9ca44f7bad4698210b480c8e9","name":"webmaster kapitalis","url":"https:\/\/kapitalis.com\/tunisie\/author\/webmaster-kapitalis\/"}]}},"_links":{"self":[{"href":"https:\/\/kapitalis.com\/tunisie\/wp-json\/wp\/v2\/posts\/11396","targetHints":{"allow":["GET"]}}],"collection":[{"href":"https:\/\/kapitalis.com\/tunisie\/wp-json\/wp\/v2\/posts"}],"about":[{"href":"https:\/\/kapitalis.com\/tunisie\/wp-json\/wp\/v2\/types\/post"}],"author":[{"embeddable":true,"href":"https:\/\/kapitalis.com\/tunisie\/wp-json\/wp\/v2\/users\/8"}],"replies":[{"embeddable":true,"href":"https:\/\/kapitalis.com\/tunisie\/wp-json\/wp\/v2\/comments?post=11396"}],"version-history":[{"count":0,"href":"https:\/\/kapitalis.com\/tunisie\/wp-json\/wp\/v2\/posts\/11396\/revisions"}],"wp:featuredmedia":[{"embeddable":true,"href":"https:\/\/kapitalis.com\/tunisie\/wp-json\/wp\/v2\/media\/11397"}],"wp:attachment":[{"href":"https:\/\/kapitalis.com\/tunisie\/wp-json\/wp\/v2\/media?parent=11396"}],"wp:term":[{"taxonomy":"category","embeddable":true,"href":"https:\/\/kapitalis.com\/tunisie\/wp-json\/wp\/v2\/categories?post=11396"},{"taxonomy":"post_tag","embeddable":true,"href":"https:\/\/kapitalis.com\/tunisie\/wp-json\/wp\/v2\/tags?post=11396"}],"curies":[{"name":"wp","href":"https:\/\/api.w.org\/{rel}","templated":true}]}}