{"id":114062,"date":"2017-09-14T15:53:22","date_gmt":"2017-09-14T14:53:22","guid":{"rendered":"http:\/\/kapitalis.com\/tunisie\/?p=114062"},"modified":"2017-09-14T15:55:05","modified_gmt":"2017-09-14T14:55:05","slug":"justice-non-lieu-pour-fadhel-abdelkefi","status":"publish","type":"post","link":"https:\/\/kapitalis.com\/tunisie\/2017\/09\/14\/justice-non-lieu-pour-fadhel-abdelkefi\/","title":{"rendered":"Justice : Non-lieu pour Fadhel Abdelkefi"},"content":{"rendered":"<p style=\"text-align: center;\"><img loading=\"lazy\" decoding=\"async\" class=\"alignnone size-full wp-image-73566\" src=\"http:\/\/kapitalis.com\/tunisie\/wp-content\/uploads\/2016\/11\/Fadhel-Abdelkefi-Tunisia-2020.jpg\" alt=\"\" width=\"626\" height=\"380\" \/><\/p>\n<p><em><strong>La chambre correctionnelle du tribunal de 1\u00e8re instance de Tunis a prononc\u00e9 aujourd&rsquo;hui, jeudi 14 septembre 2017, un non-lieu en faveur de Fadhel Abdelkefi.<\/strong><\/em><!--more--><\/p>\n<p>L\u2019affaire Fadhel Abdelkefi a \u00e9t\u00e9 r\u00e9v\u00e9l\u00e9e par un\u00a0<a href=\"http:\/\/kapitalis.com\/tunisie\/2017\/08\/12\/le-ministre-abdelkefi-soupconne-dinfraction-a-la-reglementation-de-change\/\">article publi\u00e9 par Kapitalis<\/a>, le 12 ao\u00fbt dernier. L\u2019ancien ministre du D\u00e9veloppement, de l\u2019Investissement et de la Coop\u00e9ration internationale, ainsi que des Finances par int\u00e9rim, \u00e9tait poursuivi en justice depuis 2013 par la direction g\u00e9n\u00e9rale de la douane pour une infraction \u00e0 la r\u00e9glementation de change et du commerce ext\u00e9rieur.<\/p>\n<p>L&rsquo;affaire a \u00e9t\u00e9 d\u00e9clench\u00e9e par une op\u00e9ration d&rsquo;exportation effectu\u00e9e par la soci\u00e9t\u00e9 dont M. Abdelkefi \u00e9tait le directeur g\u00e9n\u00e9ral, mais qui n&rsquo;a pas respect\u00e9 les proc\u00e9dures l\u00e9gales en vigueur. Un premier verdict avait condamn\u00e9 l&rsquo;ancien ministre \u00e0 une peine de prison et \u00e0 une lourde amende.<\/p>\n<p style=\"text-align: right;\"><strong>E. B. A.<\/strong><\/p>\n","protected":false},"excerpt":{"rendered":"<p>La chambre correctionnelle du tribunal de 1\u00e8re instance de Tunis a prononc\u00e9 aujourd&rsquo;hui, jeudi 14 septembre 2017, un non-lieu en faveur de Fadhel Abdelkefi.<\/p>\n","protected":false},"author":16,"featured_media":0,"comment_status":"open","ping_status":"open","sticky":false,"template":"","format":"standard","meta":{"footnotes":""},"categories":[997,2433],"tags":[289,15773,12068],"class_list":["post-114062","post","type-post","status-publish","format-standard","hentry","category-politique","category-tunisie","tag-douane","tag-fadhel-abdelkefi","tag-tribunal-de-1ere-instance-de-tunis"],"yoast_head":"<!-- This site is optimized with the Yoast SEO plugin v26.6 - https:\/\/yoast.com\/wordpress\/plugins\/seo\/ -->\n<title>Justice : Non-lieu pour Fadhel Abdelkefi - Kapitalis<\/title>\n<meta name=\"robots\" content=\"index, follow, max-snippet:-1, max-image-preview:large, max-video-preview:-1\" \/>\n<link rel=\"canonical\" href=\"https:\/\/kapitalis.com\/tunisie\/2017\/09\/14\/justice-non-lieu-pour-fadhel-abdelkefi\/\" \/>\n<meta property=\"og:locale\" content=\"fr_FR\" \/>\n<meta property=\"og:type\" content=\"article\" \/>\n<meta property=\"og:title\" content=\"Justice : Non-lieu pour Fadhel Abdelkefi - Kapitalis\" \/>\n<meta property=\"og:description\" content=\"La chambre correctionnelle du tribunal de 1\u00e8re instance de Tunis a prononc\u00e9 aujourd&rsquo;hui, jeudi 14 septembre 2017, un non-lieu en faveur de Fadhel Abdelkefi.\" \/>\n<meta property=\"og:url\" content=\"https:\/\/kapitalis.com\/tunisie\/2017\/09\/14\/justice-non-lieu-pour-fadhel-abdelkefi\/\" \/>\n<meta property=\"og:site_name\" content=\"Kapitalis\" \/>\n<meta property=\"article:publisher\" content=\"https:\/\/www.facebook.com\/KapitalisInfo\/\" \/>\n<meta property=\"article:published_time\" content=\"2017-09-14T14:53:22+00:00\" \/>\n<meta property=\"article:modified_time\" content=\"2017-09-14T14:55:05+00:00\" \/>\n<meta property=\"og:image\" content=\"http:\/\/kapitalis.com\/tunisie\/wp-content\/uploads\/2016\/11\/Fadhel-Abdelkefi-Tunisia-2020.jpg\" \/>\n<meta name=\"author\" content=\"emna benabdallah\" \/>\n<meta name=\"twitter:card\" content=\"summary_large_image\" \/>\n<meta name=\"twitter:creator\" content=\"@KapitalisInfo\" \/>\n<meta name=\"twitter:site\" content=\"@KapitalisInfo\" \/>\n<meta name=\"twitter:label1\" content=\"\u00c9crit par\" \/>\n\t<meta name=\"twitter:data1\" content=\"emna benabdallah\" \/>\n\t<meta name=\"twitter:label2\" content=\"Dur\u00e9e de lecture estim\u00e9e\" \/>\n\t<meta name=\"twitter:data2\" content=\"1 minute\" \/>\n<script type=\"application\/ld+json\" class=\"yoast-schema-graph\">{\"@context\":\"https:\/\/schema.org\",\"@graph\":[{\"@type\":\"Article\",\"@id\":\"https:\/\/kapitalis.com\/tunisie\/2017\/09\/14\/justice-non-lieu-pour-fadhel-abdelkefi\/#article\",\"isPartOf\":{\"@id\":\"https:\/\/kapitalis.com\/tunisie\/2017\/09\/14\/justice-non-lieu-pour-fadhel-abdelkefi\/\"},\"author\":{\"name\":\"emna benabdallah\",\"@id\":\"https:\/\/kapitalis.com\/tunisie\/#\/schema\/person\/2c6e134b2f3369dffcd1daf5f087d28b\"},\"headline\":\"Justice : Non-lieu pour Fadhel Abdelkefi\",\"datePublished\":\"2017-09-14T14:53:22+00:00\",\"dateModified\":\"2017-09-14T14:55:05+00:00\",\"mainEntityOfPage\":{\"@id\":\"https:\/\/kapitalis.com\/tunisie\/2017\/09\/14\/justice-non-lieu-pour-fadhel-abdelkefi\/\"},\"wordCount\":152,\"commentCount\":4,\"publisher\":{\"@id\":\"https:\/\/kapitalis.com\/tunisie\/#organization\"},\"image\":{\"@id\":\"https:\/\/kapitalis.com\/tunisie\/2017\/09\/14\/justice-non-lieu-pour-fadhel-abdelkefi\/#primaryimage\"},\"thumbnailUrl\":\"http:\/\/kapitalis.com\/tunisie\/wp-content\/uploads\/2016\/11\/Fadhel-Abdelkefi-Tunisia-2020.jpg\",\"keywords\":[\"Douane\",\"Fadhel Abdelkefi\",\"tribunal de 1\u00e8re instance de Tunis\"],\"articleSection\":[\"POLITIQUE\",\"Tunisie\"],\"inLanguage\":\"fr-FR\",\"potentialAction\":[{\"@type\":\"CommentAction\",\"name\":\"Comment\",\"target\":[\"https:\/\/kapitalis.com\/tunisie\/2017\/09\/14\/justice-non-lieu-pour-fadhel-abdelkefi\/#respond\"]}]},{\"@type\":\"WebPage\",\"@id\":\"https:\/\/kapitalis.com\/tunisie\/2017\/09\/14\/justice-non-lieu-pour-fadhel-abdelkefi\/\",\"url\":\"https:\/\/kapitalis.com\/tunisie\/2017\/09\/14\/justice-non-lieu-pour-fadhel-abdelkefi\/\",\"name\":\"Justice : Non-lieu pour Fadhel Abdelkefi - Kapitalis\",\"isPartOf\":{\"@id\":\"https:\/\/kapitalis.com\/tunisie\/#website\"},\"primaryImageOfPage\":{\"@id\":\"https:\/\/kapitalis.com\/tunisie\/2017\/09\/14\/justice-non-lieu-pour-fadhel-abdelkefi\/#primaryimage\"},\"image\":{\"@id\":\"https:\/\/kapitalis.com\/tunisie\/2017\/09\/14\/justice-non-lieu-pour-fadhel-abdelkefi\/#primaryimage\"},\"thumbnailUrl\":\"http:\/\/kapitalis.com\/tunisie\/wp-content\/uploads\/2016\/11\/Fadhel-Abdelkefi-Tunisia-2020.jpg\",\"datePublished\":\"2017-09-14T14:53:22+00:00\",\"dateModified\":\"2017-09-14T14:55:05+00:00\",\"breadcrumb\":{\"@id\":\"https:\/\/kapitalis.com\/tunisie\/2017\/09\/14\/justice-non-lieu-pour-fadhel-abdelkefi\/#breadcrumb\"},\"inLanguage\":\"fr-FR\",\"potentialAction\":[{\"@type\":\"ReadAction\",\"target\":[\"https:\/\/kapitalis.com\/tunisie\/2017\/09\/14\/justice-non-lieu-pour-fadhel-abdelkefi\/\"]}]},{\"@type\":\"ImageObject\",\"inLanguage\":\"fr-FR\",\"@id\":\"https:\/\/kapitalis.com\/tunisie\/2017\/09\/14\/justice-non-lieu-pour-fadhel-abdelkefi\/#primaryimage\",\"url\":\"http:\/\/kapitalis.com\/tunisie\/wp-content\/uploads\/2016\/11\/Fadhel-Abdelkefi-Tunisia-2020.jpg\",\"contentUrl\":\"http:\/\/kapitalis.com\/tunisie\/wp-content\/uploads\/2016\/11\/Fadhel-Abdelkefi-Tunisia-2020.jpg\"},{\"@type\":\"BreadcrumbList\",\"@id\":\"https:\/\/kapitalis.com\/tunisie\/2017\/09\/14\/justice-non-lieu-pour-fadhel-abdelkefi\/#breadcrumb\",\"itemListElement\":[{\"@type\":\"ListItem\",\"position\":1,\"name\":\"Accueil\",\"item\":\"https:\/\/kapitalis.com\/tunisie\/\"},{\"@type\":\"ListItem\",\"position\":2,\"name\":\"Justice : Non-lieu pour Fadhel Abdelkefi\"}]},{\"@type\":\"WebSite\",\"@id\":\"https:\/\/kapitalis.com\/tunisie\/#website\",\"url\":\"https:\/\/kapitalis.com\/tunisie\/\",\"name\":\"Kapitalis\",\"description\":\"L&#039;actualit\u00e9 en Tunisie et dans le monde\",\"publisher\":{\"@id\":\"https:\/\/kapitalis.com\/tunisie\/#organization\"},\"potentialAction\":[{\"@type\":\"SearchAction\",\"target\":{\"@type\":\"EntryPoint\",\"urlTemplate\":\"https:\/\/kapitalis.com\/tunisie\/?s={search_term_string}\"},\"query-input\":{\"@type\":\"PropertyValueSpecification\",\"valueRequired\":true,\"valueName\":\"search_term_string\"}}],\"inLanguage\":\"fr-FR\"},{\"@type\":\"Organization\",\"@id\":\"https:\/\/kapitalis.com\/tunisie\/#organization\",\"name\":\"Kapitalis\",\"url\":\"https:\/\/kapitalis.com\/tunisie\/\",\"logo\":{\"@type\":\"ImageObject\",\"inLanguage\":\"fr-FR\",\"@id\":\"https:\/\/kapitalis.com\/tunisie\/#\/schema\/logo\/image\/\",\"url\":\"https:\/\/kapitalis.com\/tunisie\/wp-content\/uploads\/2022\/05\/Kapitalis-big-size.png\",\"contentUrl\":\"https:\/\/kapitalis.com\/tunisie\/wp-content\/uploads\/2022\/05\/Kapitalis-big-size.png\",\"width\":5000,\"height\":1500,\"caption\":\"Kapitalis\"},\"image\":{\"@id\":\"https:\/\/kapitalis.com\/tunisie\/#\/schema\/logo\/image\/\"},\"sameAs\":[\"https:\/\/www.facebook.com\/KapitalisInfo\/\",\"https:\/\/x.com\/KapitalisInfo\",\"https:\/\/www.youtube.com\/channel\/UC-yDYrHyfFBWWZaOw3FPg9Q\"]},{\"@type\":\"Person\",\"@id\":\"https:\/\/kapitalis.com\/tunisie\/#\/schema\/person\/2c6e134b2f3369dffcd1daf5f087d28b\",\"name\":\"emna benabdallah\",\"url\":\"https:\/\/kapitalis.com\/tunisie\/author\/emna\/\"}]}<\/script>\n<!-- \/ Yoast SEO plugin. -->","yoast_head_json":{"title":"Justice : Non-lieu pour Fadhel Abdelkefi - Kapitalis","robots":{"index":"index","follow":"follow","max-snippet":"max-snippet:-1","max-image-preview":"max-image-preview:large","max-video-preview":"max-video-preview:-1"},"canonical":"https:\/\/kapitalis.com\/tunisie\/2017\/09\/14\/justice-non-lieu-pour-fadhel-abdelkefi\/","og_locale":"fr_FR","og_type":"article","og_title":"Justice : Non-lieu pour Fadhel Abdelkefi - Kapitalis","og_description":"La chambre correctionnelle du tribunal de 1\u00e8re instance de Tunis a prononc\u00e9 aujourd&rsquo;hui, jeudi 14 septembre 2017, un non-lieu en faveur de Fadhel Abdelkefi.","og_url":"https:\/\/kapitalis.com\/tunisie\/2017\/09\/14\/justice-non-lieu-pour-fadhel-abdelkefi\/","og_site_name":"Kapitalis","article_publisher":"https:\/\/www.facebook.com\/KapitalisInfo\/","article_published_time":"2017-09-14T14:53:22+00:00","article_modified_time":"2017-09-14T14:55:05+00:00","og_image":[{"url":"http:\/\/kapitalis.com\/tunisie\/wp-content\/uploads\/2016\/11\/Fadhel-Abdelkefi-Tunisia-2020.jpg","type":"","width":"","height":""}],"author":"emna benabdallah","twitter_card":"summary_large_image","twitter_creator":"@KapitalisInfo","twitter_site":"@KapitalisInfo","twitter_misc":{"\u00c9crit par":"emna benabdallah","Dur\u00e9e de lecture estim\u00e9e":"1 minute"},"schema":{"@context":"https:\/\/schema.org","@graph":[{"@type":"Article","@id":"https:\/\/kapitalis.com\/tunisie\/2017\/09\/14\/justice-non-lieu-pour-fadhel-abdelkefi\/#article","isPartOf":{"@id":"https:\/\/kapitalis.com\/tunisie\/2017\/09\/14\/justice-non-lieu-pour-fadhel-abdelkefi\/"},"author":{"name":"emna benabdallah","@id":"https:\/\/kapitalis.com\/tunisie\/#\/schema\/person\/2c6e134b2f3369dffcd1daf5f087d28b"},"headline":"Justice : Non-lieu pour Fadhel Abdelkefi","datePublished":"2017-09-14T14:53:22+00:00","dateModified":"2017-09-14T14:55:05+00:00","mainEntityOfPage":{"@id":"https:\/\/kapitalis.com\/tunisie\/2017\/09\/14\/justice-non-lieu-pour-fadhel-abdelkefi\/"},"wordCount":152,"commentCount":4,"publisher":{"@id":"https:\/\/kapitalis.com\/tunisie\/#organization"},"image":{"@id":"https:\/\/kapitalis.com\/tunisie\/2017\/09\/14\/justice-non-lieu-pour-fadhel-abdelkefi\/#primaryimage"},"thumbnailUrl":"http:\/\/kapitalis.com\/tunisie\/wp-content\/uploads\/2016\/11\/Fadhel-Abdelkefi-Tunisia-2020.jpg","keywords":["Douane","Fadhel Abdelkefi","tribunal de 1\u00e8re instance de Tunis"],"articleSection":["POLITIQUE","Tunisie"],"inLanguage":"fr-FR","potentialAction":[{"@type":"CommentAction","name":"Comment","target":["https:\/\/kapitalis.com\/tunisie\/2017\/09\/14\/justice-non-lieu-pour-fadhel-abdelkefi\/#respond"]}]},{"@type":"WebPage","@id":"https:\/\/kapitalis.com\/tunisie\/2017\/09\/14\/justice-non-lieu-pour-fadhel-abdelkefi\/","url":"https:\/\/kapitalis.com\/tunisie\/2017\/09\/14\/justice-non-lieu-pour-fadhel-abdelkefi\/","name":"Justice : Non-lieu pour Fadhel Abdelkefi - Kapitalis","isPartOf":{"@id":"https:\/\/kapitalis.com\/tunisie\/#website"},"primaryImageOfPage":{"@id":"https:\/\/kapitalis.com\/tunisie\/2017\/09\/14\/justice-non-lieu-pour-fadhel-abdelkefi\/#primaryimage"},"image":{"@id":"https:\/\/kapitalis.com\/tunisie\/2017\/09\/14\/justice-non-lieu-pour-fadhel-abdelkefi\/#primaryimage"},"thumbnailUrl":"http:\/\/kapitalis.com\/tunisie\/wp-content\/uploads\/2016\/11\/Fadhel-Abdelkefi-Tunisia-2020.jpg","datePublished":"2017-09-14T14:53:22+00:00","dateModified":"2017-09-14T14:55:05+00:00","breadcrumb":{"@id":"https:\/\/kapitalis.com\/tunisie\/2017\/09\/14\/justice-non-lieu-pour-fadhel-abdelkefi\/#breadcrumb"},"inLanguage":"fr-FR","potentialAction":[{"@type":"ReadAction","target":["https:\/\/kapitalis.com\/tunisie\/2017\/09\/14\/justice-non-lieu-pour-fadhel-abdelkefi\/"]}]},{"@type":"ImageObject","inLanguage":"fr-FR","@id":"https:\/\/kapitalis.com\/tunisie\/2017\/09\/14\/justice-non-lieu-pour-fadhel-abdelkefi\/#primaryimage","url":"http:\/\/kapitalis.com\/tunisie\/wp-content\/uploads\/2016\/11\/Fadhel-Abdelkefi-Tunisia-2020.jpg","contentUrl":"http:\/\/kapitalis.com\/tunisie\/wp-content\/uploads\/2016\/11\/Fadhel-Abdelkefi-Tunisia-2020.jpg"},{"@type":"BreadcrumbList","@id":"https:\/\/kapitalis.com\/tunisie\/2017\/09\/14\/justice-non-lieu-pour-fadhel-abdelkefi\/#breadcrumb","itemListElement":[{"@type":"ListItem","position":1,"name":"Accueil","item":"https:\/\/kapitalis.com\/tunisie\/"},{"@type":"ListItem","position":2,"name":"Justice : Non-lieu pour Fadhel Abdelkefi"}]},{"@type":"WebSite","@id":"https:\/\/kapitalis.com\/tunisie\/#website","url":"https:\/\/kapitalis.com\/tunisie\/","name":"Kapitalis","description":"L&#039;actualit\u00e9 en Tunisie et dans le monde","publisher":{"@id":"https:\/\/kapitalis.com\/tunisie\/#organization"},"potentialAction":[{"@type":"SearchAction","target":{"@type":"EntryPoint","urlTemplate":"https:\/\/kapitalis.com\/tunisie\/?s={search_term_string}"},"query-input":{"@type":"PropertyValueSpecification","valueRequired":true,"valueName":"search_term_string"}}],"inLanguage":"fr-FR"},{"@type":"Organization","@id":"https:\/\/kapitalis.com\/tunisie\/#organization","name":"Kapitalis","url":"https:\/\/kapitalis.com\/tunisie\/","logo":{"@type":"ImageObject","inLanguage":"fr-FR","@id":"https:\/\/kapitalis.com\/tunisie\/#\/schema\/logo\/image\/","url":"https:\/\/kapitalis.com\/tunisie\/wp-content\/uploads\/2022\/05\/Kapitalis-big-size.png","contentUrl":"https:\/\/kapitalis.com\/tunisie\/wp-content\/uploads\/2022\/05\/Kapitalis-big-size.png","width":5000,"height":1500,"caption":"Kapitalis"},"image":{"@id":"https:\/\/kapitalis.com\/tunisie\/#\/schema\/logo\/image\/"},"sameAs":["https:\/\/www.facebook.com\/KapitalisInfo\/","https:\/\/x.com\/KapitalisInfo","https:\/\/www.youtube.com\/channel\/UC-yDYrHyfFBWWZaOw3FPg9Q"]},{"@type":"Person","@id":"https:\/\/kapitalis.com\/tunisie\/#\/schema\/person\/2c6e134b2f3369dffcd1daf5f087d28b","name":"emna benabdallah","url":"https:\/\/kapitalis.com\/tunisie\/author\/emna\/"}]}},"_links":{"self":[{"href":"https:\/\/kapitalis.com\/tunisie\/wp-json\/wp\/v2\/posts\/114062","targetHints":{"allow":["GET"]}}],"collection":[{"href":"https:\/\/kapitalis.com\/tunisie\/wp-json\/wp\/v2\/posts"}],"about":[{"href":"https:\/\/kapitalis.com\/tunisie\/wp-json\/wp\/v2\/types\/post"}],"author":[{"embeddable":true,"href":"https:\/\/kapitalis.com\/tunisie\/wp-json\/wp\/v2\/users\/16"}],"replies":[{"embeddable":true,"href":"https:\/\/kapitalis.com\/tunisie\/wp-json\/wp\/v2\/comments?post=114062"}],"version-history":[{"count":0,"href":"https:\/\/kapitalis.com\/tunisie\/wp-json\/wp\/v2\/posts\/114062\/revisions"}],"wp:attachment":[{"href":"https:\/\/kapitalis.com\/tunisie\/wp-json\/wp\/v2\/media?parent=114062"}],"wp:term":[{"taxonomy":"category","embeddable":true,"href":"https:\/\/kapitalis.com\/tunisie\/wp-json\/wp\/v2\/categories?post=114062"},{"taxonomy":"post_tag","embeddable":true,"href":"https:\/\/kapitalis.com\/tunisie\/wp-json\/wp\/v2\/tags?post=114062"}],"curies":[{"name":"wp","href":"https:\/\/api.w.org\/{rel}","templated":true}]}}