{"id":114252,"date":"2017-09-15T15:52:12","date_gmt":"2017-09-15T14:52:12","guid":{"rendered":"http:\/\/kapitalis.com\/tunisie\/?p=114252"},"modified":"2017-09-15T15:52:12","modified_gmt":"2017-09-15T14:52:12","slug":"lartisanat-tunisien-a-lexpo-chine-pays-arabes-a-ningiax","status":"publish","type":"post","link":"https:\/\/kapitalis.com\/tunisie\/2017\/09\/15\/lartisanat-tunisien-a-lexpo-chine-pays-arabes-a-ningiax\/","title":{"rendered":"L\u2019artisanat tunisien \u00e0 l\u2019Expo Chine-Pays arabes \u00e0 Ningiax"},"content":{"rendered":"<p style=\"text-align: center;\"><img loading=\"lazy\" decoding=\"async\" class=\"alignnone size-full wp-image-114254\" src=\"http:\/\/kapitalis.com\/tunisie\/wp-content\/uploads\/2017\/09\/Artisanat-Tunisie-Chine.jpg\" alt=\"\" width=\"626\" height=\"380\" \/><\/p>\n<p><em><strong>Des entreprises tunisiennes d\u2019artisanat ont particip\u00e9 l\u2019Expo Chine-Pays arabes, qui s\u2019est tenue du 6 au 9 septembre 2017, Yinchuan, en Chine.<\/strong> <\/em><\/p>\n<p><!--more--><\/p>\n<p>La participation \u00e0 cet \u00e9v\u00e9nement commercial, qui s\u2019est tenu dans la capitale de la province chinoise de Ningxia a \u00e9t\u00e9 organis\u00e9e par la F\u00e9d\u00e9ration nationale de l\u2019artisanat, \u00e0 l\u2019invitation de l\u2019ambassade de Tunisie \u00e0 P\u00e9kin et en collaboration avec le Cepex et le Conseil d\u2019affaires tuniso-chinois relevant de l\u2019Utica.<\/p>\n<p>Une s\u00e9lection de produits de l\u2019artisanat tunisien a ainsi \u00e9t\u00e9 pr\u00e9sent\u00e9e et comprenait tapis, klims, tapisseries murales, mosa\u00efques, verre souffl\u00e9 \u00e0 la main, c\u00e9ramique, ch\u00e9chia tunisienne en plusieurs versions, ainsi que des produits en argent et ambre; des cr\u00e9ations en cuir et smar, des couffins d\u00e9cor\u00e9s et des habits traditionnels.<\/p>\n<p>Cette premi\u00e8re participation visait \u00e0 tester l\u2019int\u00e9r\u00eat du march\u00e9 chinois pour le produit artisanal tunisien et d\u2019\u00e9valuer ses chances de commercialisation aupr\u00e8s d\u2019une population de plus en plus ouverte sur l\u2019ext\u00e9rieur et dot\u00e9e d\u2019un pouvoir d\u2019achat en hausse constante.<\/p>\n<p style=\"text-align: center;\"><img loading=\"lazy\" decoding=\"async\" class=\"alignnone wp-image-114255\" src=\"http:\/\/kapitalis.com\/tunisie\/wp-content\/uploads\/2017\/09\/Artisanat-tunisien-en-Chine.png\" alt=\"\" width=\"500\" height=\"282\" \/><\/p>\n<p>Le stand tunisien a pr\u00e9sent\u00e9 un aper\u00e7u sur le potentiel tunisien en mati\u00e8re de tourisme et des opportunit\u00e9s d\u2019investissement dans plusieurs secteurs \u00e9conomiques. Il a re\u00e7u la visite d\u2019hommes d\u2019affaires chinois ainsi que des invit\u00e9s de marque de cette rencontre sino-arabe, notamment plusieurs ambassadeurs arabes accr\u00e9dit\u00e9s \u00e0 P\u00e9kin, conduits par l\u2019ambassadeur de Tunisie, Khaled Dhia, qui n\u2019a pas m\u00e9nag\u00e9 ses efforts pour promouvoir les produits tunisiens sur le vaste march\u00e9 chinois.<\/p>\n<p style=\"text-align: right;\"><strong>I. B.<\/strong> (avec communiqu\u00e9).<\/p>\n","protected":false},"excerpt":{"rendered":"<p>Des entreprises tunisiennes d\u2019artisanat ont particip\u00e9 l\u2019Expo Chine-Pays arabes, qui s\u2019est tenue du 6 au 9 septembre 2017, Yinchuan, en Chine.<\/p>\n","protected":false},"author":8,"featured_media":114254,"comment_status":"open","ping_status":"open","sticky":false,"template":"","format":"standard","meta":{"footnotes":""},"categories":[995,2433],"tags":[6144,1575,3016],"class_list":["post-114252","post","type-post","status-publish","format-standard","has-post-thumbnail","hentry","category-economie","category-tunisie","tag-artisanat-tunisien","tag-cepex","tag-chine"],"yoast_head":"<!-- This site is optimized with the Yoast SEO plugin v26.6 - https:\/\/yoast.com\/wordpress\/plugins\/seo\/ -->\n<title>L\u2019artisanat tunisien \u00e0 l\u2019Expo Chine-Pays arabes \u00e0 Ningiax - Kapitalis<\/title>\n<meta name=\"robots\" content=\"index, follow, max-snippet:-1, max-image-preview:large, max-video-preview:-1\" \/>\n<link rel=\"canonical\" href=\"https:\/\/kapitalis.com\/tunisie\/2017\/09\/15\/lartisanat-tunisien-a-lexpo-chine-pays-arabes-a-ningiax\/\" \/>\n<meta property=\"og:locale\" content=\"fr_FR\" \/>\n<meta property=\"og:type\" content=\"article\" \/>\n<meta property=\"og:title\" content=\"L\u2019artisanat tunisien \u00e0 l\u2019Expo Chine-Pays arabes \u00e0 Ningiax - Kapitalis\" \/>\n<meta property=\"og:description\" content=\"Des entreprises tunisiennes d\u2019artisanat ont particip\u00e9 l\u2019Expo Chine-Pays arabes, qui s\u2019est tenue du 6 au 9 septembre 2017, Yinchuan, en Chine.\" \/>\n<meta property=\"og:url\" content=\"https:\/\/kapitalis.com\/tunisie\/2017\/09\/15\/lartisanat-tunisien-a-lexpo-chine-pays-arabes-a-ningiax\/\" \/>\n<meta property=\"og:site_name\" content=\"Kapitalis\" \/>\n<meta property=\"article:publisher\" content=\"https:\/\/www.facebook.com\/KapitalisInfo\/\" \/>\n<meta property=\"article:published_time\" content=\"2017-09-15T14:52:12+00:00\" \/>\n<meta property=\"og:image\" content=\"https:\/\/kapitalis.com\/tunisie\/wp-content\/uploads\/2022\/05\/kapitalis-logo-fb.png\" \/>\n\t<meta property=\"og:image:width\" content=\"1200\" \/>\n\t<meta property=\"og:image:height\" content=\"630\" \/>\n\t<meta property=\"og:image:type\" content=\"image\/png\" \/>\n<meta name=\"author\" content=\"webmaster kapitalis\" \/>\n<meta name=\"twitter:card\" content=\"summary_large_image\" \/>\n<meta name=\"twitter:creator\" content=\"@KapitalisInfo\" \/>\n<meta name=\"twitter:site\" content=\"@KapitalisInfo\" \/>\n<meta name=\"twitter:label1\" content=\"\u00c9crit par\" \/>\n\t<meta name=\"twitter:data1\" content=\"webmaster kapitalis\" \/>\n\t<meta name=\"twitter:label2\" content=\"Dur\u00e9e de lecture estim\u00e9e\" \/>\n\t<meta name=\"twitter:data2\" content=\"1 minute\" \/>\n<script type=\"application\/ld+json\" class=\"yoast-schema-graph\">{\"@context\":\"https:\/\/schema.org\",\"@graph\":[{\"@type\":\"Article\",\"@id\":\"https:\/\/kapitalis.com\/tunisie\/2017\/09\/15\/lartisanat-tunisien-a-lexpo-chine-pays-arabes-a-ningiax\/#article\",\"isPartOf\":{\"@id\":\"https:\/\/kapitalis.com\/tunisie\/2017\/09\/15\/lartisanat-tunisien-a-lexpo-chine-pays-arabes-a-ningiax\/\"},\"author\":{\"name\":\"webmaster kapitalis\",\"@id\":\"https:\/\/kapitalis.com\/tunisie\/#\/schema\/person\/d71f33a9ca44f7bad4698210b480c8e9\"},\"headline\":\"L\u2019artisanat tunisien \u00e0 l\u2019Expo Chine-Pays arabes \u00e0 Ningiax\",\"datePublished\":\"2017-09-15T14:52:12+00:00\",\"mainEntityOfPage\":{\"@id\":\"https:\/\/kapitalis.com\/tunisie\/2017\/09\/15\/lartisanat-tunisien-a-lexpo-chine-pays-arabes-a-ningiax\/\"},\"wordCount\":284,\"commentCount\":2,\"publisher\":{\"@id\":\"https:\/\/kapitalis.com\/tunisie\/#organization\"},\"image\":{\"@id\":\"https:\/\/kapitalis.com\/tunisie\/2017\/09\/15\/lartisanat-tunisien-a-lexpo-chine-pays-arabes-a-ningiax\/#primaryimage\"},\"thumbnailUrl\":\"\",\"keywords\":[\"artisanat tunisien\",\"Cepex\",\"Chine\"],\"articleSection\":[\"ECONOMIE\",\"Tunisie\"],\"inLanguage\":\"fr-FR\",\"potentialAction\":[{\"@type\":\"CommentAction\",\"name\":\"Comment\",\"target\":[\"https:\/\/kapitalis.com\/tunisie\/2017\/09\/15\/lartisanat-tunisien-a-lexpo-chine-pays-arabes-a-ningiax\/#respond\"]}]},{\"@type\":\"WebPage\",\"@id\":\"https:\/\/kapitalis.com\/tunisie\/2017\/09\/15\/lartisanat-tunisien-a-lexpo-chine-pays-arabes-a-ningiax\/\",\"url\":\"https:\/\/kapitalis.com\/tunisie\/2017\/09\/15\/lartisanat-tunisien-a-lexpo-chine-pays-arabes-a-ningiax\/\",\"name\":\"L\u2019artisanat tunisien \u00e0 l\u2019Expo Chine-Pays arabes \u00e0 Ningiax - Kapitalis\",\"isPartOf\":{\"@id\":\"https:\/\/kapitalis.com\/tunisie\/#website\"},\"primaryImageOfPage\":{\"@id\":\"https:\/\/kapitalis.com\/tunisie\/2017\/09\/15\/lartisanat-tunisien-a-lexpo-chine-pays-arabes-a-ningiax\/#primaryimage\"},\"image\":{\"@id\":\"https:\/\/kapitalis.com\/tunisie\/2017\/09\/15\/lartisanat-tunisien-a-lexpo-chine-pays-arabes-a-ningiax\/#primaryimage\"},\"thumbnailUrl\":\"\",\"datePublished\":\"2017-09-15T14:52:12+00:00\",\"breadcrumb\":{\"@id\":\"https:\/\/kapitalis.com\/tunisie\/2017\/09\/15\/lartisanat-tunisien-a-lexpo-chine-pays-arabes-a-ningiax\/#breadcrumb\"},\"inLanguage\":\"fr-FR\",\"potentialAction\":[{\"@type\":\"ReadAction\",\"target\":[\"https:\/\/kapitalis.com\/tunisie\/2017\/09\/15\/lartisanat-tunisien-a-lexpo-chine-pays-arabes-a-ningiax\/\"]}]},{\"@type\":\"ImageObject\",\"inLanguage\":\"fr-FR\",\"@id\":\"https:\/\/kapitalis.com\/tunisie\/2017\/09\/15\/lartisanat-tunisien-a-lexpo-chine-pays-arabes-a-ningiax\/#primaryimage\",\"url\":\"\",\"contentUrl\":\"\"},{\"@type\":\"BreadcrumbList\",\"@id\":\"https:\/\/kapitalis.com\/tunisie\/2017\/09\/15\/lartisanat-tunisien-a-lexpo-chine-pays-arabes-a-ningiax\/#breadcrumb\",\"itemListElement\":[{\"@type\":\"ListItem\",\"position\":1,\"name\":\"Accueil\",\"item\":\"https:\/\/kapitalis.com\/tunisie\/\"},{\"@type\":\"ListItem\",\"position\":2,\"name\":\"L\u2019artisanat tunisien \u00e0 l\u2019Expo Chine-Pays arabes \u00e0 Ningiax\"}]},{\"@type\":\"WebSite\",\"@id\":\"https:\/\/kapitalis.com\/tunisie\/#website\",\"url\":\"https:\/\/kapitalis.com\/tunisie\/\",\"name\":\"Kapitalis\",\"description\":\"L&#039;actualit\u00e9 en Tunisie et dans le monde\",\"publisher\":{\"@id\":\"https:\/\/kapitalis.com\/tunisie\/#organization\"},\"potentialAction\":[{\"@type\":\"SearchAction\",\"target\":{\"@type\":\"EntryPoint\",\"urlTemplate\":\"https:\/\/kapitalis.com\/tunisie\/?s={search_term_string}\"},\"query-input\":{\"@type\":\"PropertyValueSpecification\",\"valueRequired\":true,\"valueName\":\"search_term_string\"}}],\"inLanguage\":\"fr-FR\"},{\"@type\":\"Organization\",\"@id\":\"https:\/\/kapitalis.com\/tunisie\/#organization\",\"name\":\"Kapitalis\",\"url\":\"https:\/\/kapitalis.com\/tunisie\/\",\"logo\":{\"@type\":\"ImageObject\",\"inLanguage\":\"fr-FR\",\"@id\":\"https:\/\/kapitalis.com\/tunisie\/#\/schema\/logo\/image\/\",\"url\":\"https:\/\/kapitalis.com\/tunisie\/wp-content\/uploads\/2022\/05\/Kapitalis-big-size.png\",\"contentUrl\":\"https:\/\/kapitalis.com\/tunisie\/wp-content\/uploads\/2022\/05\/Kapitalis-big-size.png\",\"width\":5000,\"height\":1500,\"caption\":\"Kapitalis\"},\"image\":{\"@id\":\"https:\/\/kapitalis.com\/tunisie\/#\/schema\/logo\/image\/\"},\"sameAs\":[\"https:\/\/www.facebook.com\/KapitalisInfo\/\",\"https:\/\/x.com\/KapitalisInfo\",\"https:\/\/www.youtube.com\/channel\/UC-yDYrHyfFBWWZaOw3FPg9Q\"]},{\"@type\":\"Person\",\"@id\":\"https:\/\/kapitalis.com\/tunisie\/#\/schema\/person\/d71f33a9ca44f7bad4698210b480c8e9\",\"name\":\"webmaster kapitalis\",\"url\":\"https:\/\/kapitalis.com\/tunisie\/author\/webmaster-kapitalis\/\"}]}<\/script>\n<!-- \/ Yoast SEO plugin. -->","yoast_head_json":{"title":"L\u2019artisanat tunisien \u00e0 l\u2019Expo Chine-Pays arabes \u00e0 Ningiax - Kapitalis","robots":{"index":"index","follow":"follow","max-snippet":"max-snippet:-1","max-image-preview":"max-image-preview:large","max-video-preview":"max-video-preview:-1"},"canonical":"https:\/\/kapitalis.com\/tunisie\/2017\/09\/15\/lartisanat-tunisien-a-lexpo-chine-pays-arabes-a-ningiax\/","og_locale":"fr_FR","og_type":"article","og_title":"L\u2019artisanat tunisien \u00e0 l\u2019Expo Chine-Pays arabes \u00e0 Ningiax - Kapitalis","og_description":"Des entreprises tunisiennes d\u2019artisanat ont particip\u00e9 l\u2019Expo Chine-Pays arabes, qui s\u2019est tenue du 6 au 9 septembre 2017, Yinchuan, en Chine.","og_url":"https:\/\/kapitalis.com\/tunisie\/2017\/09\/15\/lartisanat-tunisien-a-lexpo-chine-pays-arabes-a-ningiax\/","og_site_name":"Kapitalis","article_publisher":"https:\/\/www.facebook.com\/KapitalisInfo\/","article_published_time":"2017-09-15T14:52:12+00:00","og_image":[{"width":1200,"height":630,"url":"https:\/\/kapitalis.com\/tunisie\/wp-content\/uploads\/2022\/05\/kapitalis-logo-fb.png","type":"image\/png"}],"author":"webmaster kapitalis","twitter_card":"summary_large_image","twitter_creator":"@KapitalisInfo","twitter_site":"@KapitalisInfo","twitter_misc":{"\u00c9crit par":"webmaster kapitalis","Dur\u00e9e de lecture estim\u00e9e":"1 minute"},"schema":{"@context":"https:\/\/schema.org","@graph":[{"@type":"Article","@id":"https:\/\/kapitalis.com\/tunisie\/2017\/09\/15\/lartisanat-tunisien-a-lexpo-chine-pays-arabes-a-ningiax\/#article","isPartOf":{"@id":"https:\/\/kapitalis.com\/tunisie\/2017\/09\/15\/lartisanat-tunisien-a-lexpo-chine-pays-arabes-a-ningiax\/"},"author":{"name":"webmaster kapitalis","@id":"https:\/\/kapitalis.com\/tunisie\/#\/schema\/person\/d71f33a9ca44f7bad4698210b480c8e9"},"headline":"L\u2019artisanat tunisien \u00e0 l\u2019Expo Chine-Pays arabes \u00e0 Ningiax","datePublished":"2017-09-15T14:52:12+00:00","mainEntityOfPage":{"@id":"https:\/\/kapitalis.com\/tunisie\/2017\/09\/15\/lartisanat-tunisien-a-lexpo-chine-pays-arabes-a-ningiax\/"},"wordCount":284,"commentCount":2,"publisher":{"@id":"https:\/\/kapitalis.com\/tunisie\/#organization"},"image":{"@id":"https:\/\/kapitalis.com\/tunisie\/2017\/09\/15\/lartisanat-tunisien-a-lexpo-chine-pays-arabes-a-ningiax\/#primaryimage"},"thumbnailUrl":"","keywords":["artisanat tunisien","Cepex","Chine"],"articleSection":["ECONOMIE","Tunisie"],"inLanguage":"fr-FR","potentialAction":[{"@type":"CommentAction","name":"Comment","target":["https:\/\/kapitalis.com\/tunisie\/2017\/09\/15\/lartisanat-tunisien-a-lexpo-chine-pays-arabes-a-ningiax\/#respond"]}]},{"@type":"WebPage","@id":"https:\/\/kapitalis.com\/tunisie\/2017\/09\/15\/lartisanat-tunisien-a-lexpo-chine-pays-arabes-a-ningiax\/","url":"https:\/\/kapitalis.com\/tunisie\/2017\/09\/15\/lartisanat-tunisien-a-lexpo-chine-pays-arabes-a-ningiax\/","name":"L\u2019artisanat tunisien \u00e0 l\u2019Expo Chine-Pays arabes \u00e0 Ningiax - Kapitalis","isPartOf":{"@id":"https:\/\/kapitalis.com\/tunisie\/#website"},"primaryImageOfPage":{"@id":"https:\/\/kapitalis.com\/tunisie\/2017\/09\/15\/lartisanat-tunisien-a-lexpo-chine-pays-arabes-a-ningiax\/#primaryimage"},"image":{"@id":"https:\/\/kapitalis.com\/tunisie\/2017\/09\/15\/lartisanat-tunisien-a-lexpo-chine-pays-arabes-a-ningiax\/#primaryimage"},"thumbnailUrl":"","datePublished":"2017-09-15T14:52:12+00:00","breadcrumb":{"@id":"https:\/\/kapitalis.com\/tunisie\/2017\/09\/15\/lartisanat-tunisien-a-lexpo-chine-pays-arabes-a-ningiax\/#breadcrumb"},"inLanguage":"fr-FR","potentialAction":[{"@type":"ReadAction","target":["https:\/\/kapitalis.com\/tunisie\/2017\/09\/15\/lartisanat-tunisien-a-lexpo-chine-pays-arabes-a-ningiax\/"]}]},{"@type":"ImageObject","inLanguage":"fr-FR","@id":"https:\/\/kapitalis.com\/tunisie\/2017\/09\/15\/lartisanat-tunisien-a-lexpo-chine-pays-arabes-a-ningiax\/#primaryimage","url":"","contentUrl":""},{"@type":"BreadcrumbList","@id":"https:\/\/kapitalis.com\/tunisie\/2017\/09\/15\/lartisanat-tunisien-a-lexpo-chine-pays-arabes-a-ningiax\/#breadcrumb","itemListElement":[{"@type":"ListItem","position":1,"name":"Accueil","item":"https:\/\/kapitalis.com\/tunisie\/"},{"@type":"ListItem","position":2,"name":"L\u2019artisanat tunisien \u00e0 l\u2019Expo Chine-Pays arabes \u00e0 Ningiax"}]},{"@type":"WebSite","@id":"https:\/\/kapitalis.com\/tunisie\/#website","url":"https:\/\/kapitalis.com\/tunisie\/","name":"Kapitalis","description":"L&#039;actualit\u00e9 en Tunisie et dans le monde","publisher":{"@id":"https:\/\/kapitalis.com\/tunisie\/#organization"},"potentialAction":[{"@type":"SearchAction","target":{"@type":"EntryPoint","urlTemplate":"https:\/\/kapitalis.com\/tunisie\/?s={search_term_string}"},"query-input":{"@type":"PropertyValueSpecification","valueRequired":true,"valueName":"search_term_string"}}],"inLanguage":"fr-FR"},{"@type":"Organization","@id":"https:\/\/kapitalis.com\/tunisie\/#organization","name":"Kapitalis","url":"https:\/\/kapitalis.com\/tunisie\/","logo":{"@type":"ImageObject","inLanguage":"fr-FR","@id":"https:\/\/kapitalis.com\/tunisie\/#\/schema\/logo\/image\/","url":"https:\/\/kapitalis.com\/tunisie\/wp-content\/uploads\/2022\/05\/Kapitalis-big-size.png","contentUrl":"https:\/\/kapitalis.com\/tunisie\/wp-content\/uploads\/2022\/05\/Kapitalis-big-size.png","width":5000,"height":1500,"caption":"Kapitalis"},"image":{"@id":"https:\/\/kapitalis.com\/tunisie\/#\/schema\/logo\/image\/"},"sameAs":["https:\/\/www.facebook.com\/KapitalisInfo\/","https:\/\/x.com\/KapitalisInfo","https:\/\/www.youtube.com\/channel\/UC-yDYrHyfFBWWZaOw3FPg9Q"]},{"@type":"Person","@id":"https:\/\/kapitalis.com\/tunisie\/#\/schema\/person\/d71f33a9ca44f7bad4698210b480c8e9","name":"webmaster kapitalis","url":"https:\/\/kapitalis.com\/tunisie\/author\/webmaster-kapitalis\/"}]}},"_links":{"self":[{"href":"https:\/\/kapitalis.com\/tunisie\/wp-json\/wp\/v2\/posts\/114252","targetHints":{"allow":["GET"]}}],"collection":[{"href":"https:\/\/kapitalis.com\/tunisie\/wp-json\/wp\/v2\/posts"}],"about":[{"href":"https:\/\/kapitalis.com\/tunisie\/wp-json\/wp\/v2\/types\/post"}],"author":[{"embeddable":true,"href":"https:\/\/kapitalis.com\/tunisie\/wp-json\/wp\/v2\/users\/8"}],"replies":[{"embeddable":true,"href":"https:\/\/kapitalis.com\/tunisie\/wp-json\/wp\/v2\/comments?post=114252"}],"version-history":[{"count":0,"href":"https:\/\/kapitalis.com\/tunisie\/wp-json\/wp\/v2\/posts\/114252\/revisions"}],"wp:featuredmedia":[{"embeddable":true,"href":"https:\/\/kapitalis.com\/tunisie\/wp-json\/wp\/v2\/media\/114254"}],"wp:attachment":[{"href":"https:\/\/kapitalis.com\/tunisie\/wp-json\/wp\/v2\/media?parent=114252"}],"wp:term":[{"taxonomy":"category","embeddable":true,"href":"https:\/\/kapitalis.com\/tunisie\/wp-json\/wp\/v2\/categories?post=114252"},{"taxonomy":"post_tag","embeddable":true,"href":"https:\/\/kapitalis.com\/tunisie\/wp-json\/wp\/v2\/tags?post=114252"}],"curies":[{"name":"wp","href":"https:\/\/api.w.org\/{rel}","templated":true}]}}