{"id":11431594,"date":"2024-01-28T10:09:33","date_gmt":"2024-01-28T09:09:33","guid":{"rendered":"https:\/\/kapitalis.com\/tunisie\/?p=11431594"},"modified":"2024-01-28T10:15:17","modified_gmt":"2024-01-28T09:15:17","slug":"litalie-invitee-dhonneur-du-festival-des-marionnettes-de-carthage","status":"publish","type":"post","link":"https:\/\/kapitalis.com\/tunisie\/2024\/01\/28\/litalie-invitee-dhonneur-du-festival-des-marionnettes-de-carthage\/","title":{"rendered":"L\u2019Italie invit\u00e9e d\u2019honneur du Festival des marionnettes de Carthage"},"content":{"rendered":"\n<p><strong><em>L\u2019Italie sera le pays invit\u00e9 d\u2019honneur de la cinqui\u00e8me \u00e9dition des Journ\u00e9es des arts de la marionnette de Carthage (JAMC), organis\u00e9es du 3 au 10 f\u00e9vrier 2024 \u00e0 la Cit\u00e9 de la Culture de Tunis par le Centre national de la arts des marionnettes, une institution relevant du minist\u00e8re des Affaires culturelles qui prot\u00e8ge et promeut l\u2019une des formes de th\u00e9\u00e2tre les plus anciennes et les plus appr\u00e9ci\u00e9es en Tunisie et dans tout le pourtour m\u00e9diterran\u00e9en.<\/em><\/strong><\/p>\n\n\n\n<!--more-->\n\n\n\n<p>Dans l\u2019\u00e9dition de cette ann\u00e9e dont le th\u00e8me est <em>\u00abLa marionnette, l\u2019art et la vie\u00bb<\/em>, sont pr\u00e9vus neuf spectacles tunisiens et trois italiens, ainsi que 10 ateliers sur l\u2019art de la marionnette, une exposition et un march\u00e9 de marionnettes, ont expliqu\u00e9 les organisateurs dans une conf\u00e9rence de presse, ajoutant que des dizaines de marionnettistes seront pr\u00e9sents en provenance d\u2019Autriche, du Br\u00e9sil, de la R\u00e9publique tch\u00e8que, de la France, de l\u2019Allemagne, de la Hongrie, de l\u2019Irak, de l\u2019Italie, du Kowe\u00eft, de la Pologne, des Pays-Bas, du Portugal, de l\u2019Arabie Saoudite, de l\u2019Espagne, de la Syrie, de la Tunisie et des \u00c9mirats arabes unis et du Royaume-Uni.<\/p>\n\n\n<div class=\"wp-block-image\">\n<figure class=\"aligncenter size-large is-resized\"><img loading=\"lazy\" decoding=\"async\" width=\"1024\" height=\"538\" src=\"https:\/\/kapitalis.com\/tunisie\/wp-content\/uploads\/2024\/01\/JAMC-CP-1024x538.jpg\" alt=\"\" class=\"wp-image-11431705\" style=\"width:800px\" srcset=\"https:\/\/kapitalis.com\/tunisie\/wp-content\/uploads\/2024\/01\/JAMC-CP-1024x538.jpg 1024w, https:\/\/kapitalis.com\/tunisie\/wp-content\/uploads\/2024\/01\/JAMC-CP-300x158.jpg 300w, https:\/\/kapitalis.com\/tunisie\/wp-content\/uploads\/2024\/01\/JAMC-CP-768x403.jpg 768w, https:\/\/kapitalis.com\/tunisie\/wp-content\/uploads\/2024\/01\/JAMC-CP-580x305.jpg 580w, https:\/\/kapitalis.com\/tunisie\/wp-content\/uploads\/2024\/01\/JAMC-CP-860x452.jpg 860w, https:\/\/kapitalis.com\/tunisie\/wp-content\/uploads\/2024\/01\/JAMC-CP-1160x609.jpg 1160w, https:\/\/kapitalis.com\/tunisie\/wp-content\/uploads\/2024\/01\/JAMC-CP.jpg 1200w\" sizes=\"auto, (max-width: 1024px) 100vw, 1024px\" \/><figcaption class=\"wp-element-caption\"><em>A l&rsquo;affiche, Youssef, l\u2019enfant palestinien martyr de la guerre de Gaza.<\/em><\/figcaption><\/figure>\n<\/div>\n\n\n<p>Une pens\u00e9e particuli\u00e8re pour la Palestine est \u00e0 l\u2019affiche de l\u2019\u00e9v\u00e9nement avec au premier plan une marionnette, aux cheveux boucl\u00e9s et au grand sourire, qui ressemble \u00e0 Youssef, l\u2019enfant palestinien martyr de la guerre de Gaza.<\/p>\n\n\n\n<p>Outre la Cit\u00e9 de la Culture, le Festival se d\u00e9roulera \u00e9galement \u00e0 la Salle du 4e art de Tunis, \u00e0 Dar Al-Masrahi au Bardo et au Village d\u2019Enfants SOS de Gammarth, ainsi que dans d\u2019autres lieux en dehors de la capitale.<\/p>\n\n\n\n<p>Avec le soutien de l\u2019ambassade d\u2019Italie et de l\u2019Institut culturel italien de Tunis, les Figli d\u2019Arte Cuticchio de Palerme, en pr\u00e9sence du ma\u00eetre marionnettiste Mimmo Cuticchio, pr\u00e9senteront au public, le 4 f\u00e9vrier, <em>\u2018\u2018L\u2019enfance d\u2019Orlando\u2019\u2019<\/em> et le Teatro del Drago de Ravenne pr\u00e9sentera le classique des classiques des contes de marionnettes :<em> \u2018\u2018Pinocchio\u2019\u2019<\/em>.<\/p>\n\n\n\n<p>Fortes du succ\u00e8s de l\u2019ann\u00e9e derni\u00e8re, Veronica Gonzalez (interpr\u00e8te) et Laura Kibel (mise en sc\u00e8ne) reviennent \u00e9galement sur sc\u00e8ne \u00e0 Tunis avec le spectacle <em>\u2018\u2018Cucina in tiptoe\u2019\u2019<\/em>, d\u00e9di\u00e9 \u00e0 la figure extraordinaire de Pellegrino Artusi dans une version <em>\u00abth\u00e9\u00e2tre des pieds\u00bb<\/em>, pour la joie des plus petits.<\/p>\n\n\n\n<p><strong><em>\u00a0D\u2019apr\u00e8s <a href=\"https:\/\/www.ansa.it\/ansamed\/it\/notizie\/rubriche\/nazioni\/2024\/01\/26\/litalia-ospite-donore-al-festival-marionette-di-cartagine_96ddc434-5264-45a1-96b6-8c325171aaf0.html\" target=\"_blank\" rel=\"noreferrer noopener\">Ansamed.<\/a> <\/em><\/strong><\/p>\n","protected":false},"excerpt":{"rendered":"<p>Les Journ\u00e9es des arts de la marionnette de Carthage (JAMC) se tiendront du 3 au 10 f\u00e9vrier 2024 \u00e0 la Cit\u00e9 de la Culture de Tunis. <\/p>\n","protected":false},"author":8,"featured_media":11431641,"comment_status":"open","ping_status":"open","sticky":false,"template":"","format":"standard","meta":{"footnotes":""},"categories":[994,2433],"tags":[113656,113659,2444,113657,113662,113660,113663,113658,113661],"class_list":["post-11431594","post","type-post","status-publish","format-standard","has-post-thumbnail","hentry","category-culture","category-tunisie","tag-arts-de-la-marionnette","tag-figli-darte-cuticchio","tag-gaza","tag-jamc-2024","tag-laura-kibel","tag-mimmo-cuticchio","tag-pellegrino-artusi","tag-teatro-del-drago","tag-veronica-gonzalez"],"yoast_head":"<!-- This site is optimized with the Yoast SEO plugin v26.6 - https:\/\/yoast.com\/wordpress\/plugins\/seo\/ -->\n<title>L\u2019Italie invit\u00e9e d\u2019honneur du Festival des marionnettes de Carthage - Kapitalis<\/title>\n<meta name=\"robots\" content=\"index, follow, max-snippet:-1, max-image-preview:large, max-video-preview:-1\" \/>\n<link rel=\"canonical\" href=\"https:\/\/kapitalis.com\/tunisie\/2024\/01\/28\/litalie-invitee-dhonneur-du-festival-des-marionnettes-de-carthage\/\" \/>\n<meta property=\"og:locale\" content=\"fr_FR\" \/>\n<meta property=\"og:type\" content=\"article\" \/>\n<meta property=\"og:title\" content=\"L\u2019Italie invit\u00e9e d\u2019honneur du Festival des marionnettes de Carthage - Kapitalis\" \/>\n<meta property=\"og:description\" content=\"Les Journ\u00e9es des arts de la marionnette de Carthage (JAMC) se tiendront du 3 au 10 f\u00e9vrier 2024 \u00e0 la Cit\u00e9 de la Culture de Tunis.\" \/>\n<meta property=\"og:url\" content=\"https:\/\/kapitalis.com\/tunisie\/2024\/01\/28\/litalie-invitee-dhonneur-du-festival-des-marionnettes-de-carthage\/\" \/>\n<meta property=\"og:site_name\" content=\"Kapitalis\" \/>\n<meta property=\"article:publisher\" content=\"https:\/\/www.facebook.com\/KapitalisInfo\/\" \/>\n<meta property=\"article:published_time\" content=\"2024-01-28T09:09:33+00:00\" \/>\n<meta property=\"article:modified_time\" content=\"2024-01-28T09:15:17+00:00\" \/>\n<meta property=\"og:image\" content=\"https:\/\/kapitalis.com\/tunisie\/wp-content\/uploads\/2024\/01\/JAMC-2024.jpg\" \/>\n\t<meta property=\"og:image:width\" content=\"1200\" \/>\n\t<meta property=\"og:image:height\" content=\"630\" \/>\n\t<meta property=\"og:image:type\" content=\"image\/jpeg\" \/>\n<meta name=\"author\" content=\"webmaster kapitalis\" \/>\n<meta name=\"twitter:card\" content=\"summary_large_image\" \/>\n<meta name=\"twitter:creator\" content=\"@KapitalisInfo\" \/>\n<meta name=\"twitter:site\" content=\"@KapitalisInfo\" \/>\n<meta name=\"twitter:label1\" content=\"\u00c9crit par\" \/>\n\t<meta name=\"twitter:data1\" content=\"webmaster kapitalis\" \/>\n\t<meta name=\"twitter:label2\" content=\"Dur\u00e9e de lecture estim\u00e9e\" \/>\n\t<meta name=\"twitter:data2\" content=\"3 minutes\" \/>\n<script type=\"application\/ld+json\" class=\"yoast-schema-graph\">{\"@context\":\"https:\/\/schema.org\",\"@graph\":[{\"@type\":\"Article\",\"@id\":\"https:\/\/kapitalis.com\/tunisie\/2024\/01\/28\/litalie-invitee-dhonneur-du-festival-des-marionnettes-de-carthage\/#article\",\"isPartOf\":{\"@id\":\"https:\/\/kapitalis.com\/tunisie\/2024\/01\/28\/litalie-invitee-dhonneur-du-festival-des-marionnettes-de-carthage\/\"},\"author\":{\"name\":\"webmaster kapitalis\",\"@id\":\"https:\/\/kapitalis.com\/tunisie\/#\/schema\/person\/d71f33a9ca44f7bad4698210b480c8e9\"},\"headline\":\"L\u2019Italie invit\u00e9e d\u2019honneur du Festival des marionnettes de Carthage\",\"datePublished\":\"2024-01-28T09:09:33+00:00\",\"dateModified\":\"2024-01-28T09:15:17+00:00\",\"mainEntityOfPage\":{\"@id\":\"https:\/\/kapitalis.com\/tunisie\/2024\/01\/28\/litalie-invitee-dhonneur-du-festival-des-marionnettes-de-carthage\/\"},\"wordCount\":434,\"commentCount\":2,\"publisher\":{\"@id\":\"https:\/\/kapitalis.com\/tunisie\/#organization\"},\"image\":{\"@id\":\"https:\/\/kapitalis.com\/tunisie\/2024\/01\/28\/litalie-invitee-dhonneur-du-festival-des-marionnettes-de-carthage\/#primaryimage\"},\"thumbnailUrl\":\"https:\/\/kapitalis.com\/tunisie\/wp-content\/uploads\/2024\/01\/JAMC-2024.jpg\",\"keywords\":[\"arts de la marionnette\",\"Figli d\u2019Arte Cuticchio\",\"Gaza\",\"JAMC 2024\",\"Laura Kibel\",\"Mimmo Cuticchio\",\"Pellegrino Artusi\",\"Teatro del Drago\",\"Veronica Gonzalez\"],\"articleSection\":[\"CULTURE\",\"Tunisie\"],\"inLanguage\":\"fr-FR\",\"potentialAction\":[{\"@type\":\"CommentAction\",\"name\":\"Comment\",\"target\":[\"https:\/\/kapitalis.com\/tunisie\/2024\/01\/28\/litalie-invitee-dhonneur-du-festival-des-marionnettes-de-carthage\/#respond\"]}]},{\"@type\":\"WebPage\",\"@id\":\"https:\/\/kapitalis.com\/tunisie\/2024\/01\/28\/litalie-invitee-dhonneur-du-festival-des-marionnettes-de-carthage\/\",\"url\":\"https:\/\/kapitalis.com\/tunisie\/2024\/01\/28\/litalie-invitee-dhonneur-du-festival-des-marionnettes-de-carthage\/\",\"name\":\"L\u2019Italie invit\u00e9e d\u2019honneur du Festival des marionnettes de Carthage - Kapitalis\",\"isPartOf\":{\"@id\":\"https:\/\/kapitalis.com\/tunisie\/#website\"},\"primaryImageOfPage\":{\"@id\":\"https:\/\/kapitalis.com\/tunisie\/2024\/01\/28\/litalie-invitee-dhonneur-du-festival-des-marionnettes-de-carthage\/#primaryimage\"},\"image\":{\"@id\":\"https:\/\/kapitalis.com\/tunisie\/2024\/01\/28\/litalie-invitee-dhonneur-du-festival-des-marionnettes-de-carthage\/#primaryimage\"},\"thumbnailUrl\":\"https:\/\/kapitalis.com\/tunisie\/wp-content\/uploads\/2024\/01\/JAMC-2024.jpg\",\"datePublished\":\"2024-01-28T09:09:33+00:00\",\"dateModified\":\"2024-01-28T09:15:17+00:00\",\"breadcrumb\":{\"@id\":\"https:\/\/kapitalis.com\/tunisie\/2024\/01\/28\/litalie-invitee-dhonneur-du-festival-des-marionnettes-de-carthage\/#breadcrumb\"},\"inLanguage\":\"fr-FR\",\"potentialAction\":[{\"@type\":\"ReadAction\",\"target\":[\"https:\/\/kapitalis.com\/tunisie\/2024\/01\/28\/litalie-invitee-dhonneur-du-festival-des-marionnettes-de-carthage\/\"]}]},{\"@type\":\"ImageObject\",\"inLanguage\":\"fr-FR\",\"@id\":\"https:\/\/kapitalis.com\/tunisie\/2024\/01\/28\/litalie-invitee-dhonneur-du-festival-des-marionnettes-de-carthage\/#primaryimage\",\"url\":\"https:\/\/kapitalis.com\/tunisie\/wp-content\/uploads\/2024\/01\/JAMC-2024.jpg\",\"contentUrl\":\"https:\/\/kapitalis.com\/tunisie\/wp-content\/uploads\/2024\/01\/JAMC-2024.jpg\",\"width\":1200,\"height\":630},{\"@type\":\"BreadcrumbList\",\"@id\":\"https:\/\/kapitalis.com\/tunisie\/2024\/01\/28\/litalie-invitee-dhonneur-du-festival-des-marionnettes-de-carthage\/#breadcrumb\",\"itemListElement\":[{\"@type\":\"ListItem\",\"position\":1,\"name\":\"Accueil\",\"item\":\"https:\/\/kapitalis.com\/tunisie\/\"},{\"@type\":\"ListItem\",\"position\":2,\"name\":\"L\u2019Italie invit\u00e9e d\u2019honneur du Festival des marionnettes de Carthage\"}]},{\"@type\":\"WebSite\",\"@id\":\"https:\/\/kapitalis.com\/tunisie\/#website\",\"url\":\"https:\/\/kapitalis.com\/tunisie\/\",\"name\":\"Kapitalis\",\"description\":\"L&#039;actualit\u00e9 en Tunisie et dans le monde\",\"publisher\":{\"@id\":\"https:\/\/kapitalis.com\/tunisie\/#organization\"},\"potentialAction\":[{\"@type\":\"SearchAction\",\"target\":{\"@type\":\"EntryPoint\",\"urlTemplate\":\"https:\/\/kapitalis.com\/tunisie\/?s={search_term_string}\"},\"query-input\":{\"@type\":\"PropertyValueSpecification\",\"valueRequired\":true,\"valueName\":\"search_term_string\"}}],\"inLanguage\":\"fr-FR\"},{\"@type\":\"Organization\",\"@id\":\"https:\/\/kapitalis.com\/tunisie\/#organization\",\"name\":\"Kapitalis\",\"url\":\"https:\/\/kapitalis.com\/tunisie\/\",\"logo\":{\"@type\":\"ImageObject\",\"inLanguage\":\"fr-FR\",\"@id\":\"https:\/\/kapitalis.com\/tunisie\/#\/schema\/logo\/image\/\",\"url\":\"https:\/\/kapitalis.com\/tunisie\/wp-content\/uploads\/2022\/05\/Kapitalis-big-size.png\",\"contentUrl\":\"https:\/\/kapitalis.com\/tunisie\/wp-content\/uploads\/2022\/05\/Kapitalis-big-size.png\",\"width\":5000,\"height\":1500,\"caption\":\"Kapitalis\"},\"image\":{\"@id\":\"https:\/\/kapitalis.com\/tunisie\/#\/schema\/logo\/image\/\"},\"sameAs\":[\"https:\/\/www.facebook.com\/KapitalisInfo\/\",\"https:\/\/x.com\/KapitalisInfo\",\"https:\/\/www.youtube.com\/channel\/UC-yDYrHyfFBWWZaOw3FPg9Q\"]},{\"@type\":\"Person\",\"@id\":\"https:\/\/kapitalis.com\/tunisie\/#\/schema\/person\/d71f33a9ca44f7bad4698210b480c8e9\",\"name\":\"webmaster kapitalis\",\"url\":\"https:\/\/kapitalis.com\/tunisie\/author\/webmaster-kapitalis\/\"}]}<\/script>\n<!-- \/ Yoast SEO plugin. -->","yoast_head_json":{"title":"L\u2019Italie invit\u00e9e d\u2019honneur du Festival des marionnettes de Carthage - Kapitalis","robots":{"index":"index","follow":"follow","max-snippet":"max-snippet:-1","max-image-preview":"max-image-preview:large","max-video-preview":"max-video-preview:-1"},"canonical":"https:\/\/kapitalis.com\/tunisie\/2024\/01\/28\/litalie-invitee-dhonneur-du-festival-des-marionnettes-de-carthage\/","og_locale":"fr_FR","og_type":"article","og_title":"L\u2019Italie invit\u00e9e d\u2019honneur du Festival des marionnettes de Carthage - Kapitalis","og_description":"Les Journ\u00e9es des arts de la marionnette de Carthage (JAMC) se tiendront du 3 au 10 f\u00e9vrier 2024 \u00e0 la Cit\u00e9 de la Culture de Tunis.","og_url":"https:\/\/kapitalis.com\/tunisie\/2024\/01\/28\/litalie-invitee-dhonneur-du-festival-des-marionnettes-de-carthage\/","og_site_name":"Kapitalis","article_publisher":"https:\/\/www.facebook.com\/KapitalisInfo\/","article_published_time":"2024-01-28T09:09:33+00:00","article_modified_time":"2024-01-28T09:15:17+00:00","og_image":[{"width":1200,"height":630,"url":"https:\/\/kapitalis.com\/tunisie\/wp-content\/uploads\/2024\/01\/JAMC-2024.jpg","type":"image\/jpeg"}],"author":"webmaster kapitalis","twitter_card":"summary_large_image","twitter_creator":"@KapitalisInfo","twitter_site":"@KapitalisInfo","twitter_misc":{"\u00c9crit par":"webmaster kapitalis","Dur\u00e9e de lecture estim\u00e9e":"3 minutes"},"schema":{"@context":"https:\/\/schema.org","@graph":[{"@type":"Article","@id":"https:\/\/kapitalis.com\/tunisie\/2024\/01\/28\/litalie-invitee-dhonneur-du-festival-des-marionnettes-de-carthage\/#article","isPartOf":{"@id":"https:\/\/kapitalis.com\/tunisie\/2024\/01\/28\/litalie-invitee-dhonneur-du-festival-des-marionnettes-de-carthage\/"},"author":{"name":"webmaster kapitalis","@id":"https:\/\/kapitalis.com\/tunisie\/#\/schema\/person\/d71f33a9ca44f7bad4698210b480c8e9"},"headline":"L\u2019Italie invit\u00e9e d\u2019honneur du Festival des marionnettes de Carthage","datePublished":"2024-01-28T09:09:33+00:00","dateModified":"2024-01-28T09:15:17+00:00","mainEntityOfPage":{"@id":"https:\/\/kapitalis.com\/tunisie\/2024\/01\/28\/litalie-invitee-dhonneur-du-festival-des-marionnettes-de-carthage\/"},"wordCount":434,"commentCount":2,"publisher":{"@id":"https:\/\/kapitalis.com\/tunisie\/#organization"},"image":{"@id":"https:\/\/kapitalis.com\/tunisie\/2024\/01\/28\/litalie-invitee-dhonneur-du-festival-des-marionnettes-de-carthage\/#primaryimage"},"thumbnailUrl":"https:\/\/kapitalis.com\/tunisie\/wp-content\/uploads\/2024\/01\/JAMC-2024.jpg","keywords":["arts de la marionnette","Figli d\u2019Arte Cuticchio","Gaza","JAMC 2024","Laura Kibel","Mimmo Cuticchio","Pellegrino Artusi","Teatro del Drago","Veronica Gonzalez"],"articleSection":["CULTURE","Tunisie"],"inLanguage":"fr-FR","potentialAction":[{"@type":"CommentAction","name":"Comment","target":["https:\/\/kapitalis.com\/tunisie\/2024\/01\/28\/litalie-invitee-dhonneur-du-festival-des-marionnettes-de-carthage\/#respond"]}]},{"@type":"WebPage","@id":"https:\/\/kapitalis.com\/tunisie\/2024\/01\/28\/litalie-invitee-dhonneur-du-festival-des-marionnettes-de-carthage\/","url":"https:\/\/kapitalis.com\/tunisie\/2024\/01\/28\/litalie-invitee-dhonneur-du-festival-des-marionnettes-de-carthage\/","name":"L\u2019Italie invit\u00e9e d\u2019honneur du Festival des marionnettes de Carthage - Kapitalis","isPartOf":{"@id":"https:\/\/kapitalis.com\/tunisie\/#website"},"primaryImageOfPage":{"@id":"https:\/\/kapitalis.com\/tunisie\/2024\/01\/28\/litalie-invitee-dhonneur-du-festival-des-marionnettes-de-carthage\/#primaryimage"},"image":{"@id":"https:\/\/kapitalis.com\/tunisie\/2024\/01\/28\/litalie-invitee-dhonneur-du-festival-des-marionnettes-de-carthage\/#primaryimage"},"thumbnailUrl":"https:\/\/kapitalis.com\/tunisie\/wp-content\/uploads\/2024\/01\/JAMC-2024.jpg","datePublished":"2024-01-28T09:09:33+00:00","dateModified":"2024-01-28T09:15:17+00:00","breadcrumb":{"@id":"https:\/\/kapitalis.com\/tunisie\/2024\/01\/28\/litalie-invitee-dhonneur-du-festival-des-marionnettes-de-carthage\/#breadcrumb"},"inLanguage":"fr-FR","potentialAction":[{"@type":"ReadAction","target":["https:\/\/kapitalis.com\/tunisie\/2024\/01\/28\/litalie-invitee-dhonneur-du-festival-des-marionnettes-de-carthage\/"]}]},{"@type":"ImageObject","inLanguage":"fr-FR","@id":"https:\/\/kapitalis.com\/tunisie\/2024\/01\/28\/litalie-invitee-dhonneur-du-festival-des-marionnettes-de-carthage\/#primaryimage","url":"https:\/\/kapitalis.com\/tunisie\/wp-content\/uploads\/2024\/01\/JAMC-2024.jpg","contentUrl":"https:\/\/kapitalis.com\/tunisie\/wp-content\/uploads\/2024\/01\/JAMC-2024.jpg","width":1200,"height":630},{"@type":"BreadcrumbList","@id":"https:\/\/kapitalis.com\/tunisie\/2024\/01\/28\/litalie-invitee-dhonneur-du-festival-des-marionnettes-de-carthage\/#breadcrumb","itemListElement":[{"@type":"ListItem","position":1,"name":"Accueil","item":"https:\/\/kapitalis.com\/tunisie\/"},{"@type":"ListItem","position":2,"name":"L\u2019Italie invit\u00e9e d\u2019honneur du Festival des marionnettes de Carthage"}]},{"@type":"WebSite","@id":"https:\/\/kapitalis.com\/tunisie\/#website","url":"https:\/\/kapitalis.com\/tunisie\/","name":"Kapitalis","description":"L&#039;actualit\u00e9 en Tunisie et dans le monde","publisher":{"@id":"https:\/\/kapitalis.com\/tunisie\/#organization"},"potentialAction":[{"@type":"SearchAction","target":{"@type":"EntryPoint","urlTemplate":"https:\/\/kapitalis.com\/tunisie\/?s={search_term_string}"},"query-input":{"@type":"PropertyValueSpecification","valueRequired":true,"valueName":"search_term_string"}}],"inLanguage":"fr-FR"},{"@type":"Organization","@id":"https:\/\/kapitalis.com\/tunisie\/#organization","name":"Kapitalis","url":"https:\/\/kapitalis.com\/tunisie\/","logo":{"@type":"ImageObject","inLanguage":"fr-FR","@id":"https:\/\/kapitalis.com\/tunisie\/#\/schema\/logo\/image\/","url":"https:\/\/kapitalis.com\/tunisie\/wp-content\/uploads\/2022\/05\/Kapitalis-big-size.png","contentUrl":"https:\/\/kapitalis.com\/tunisie\/wp-content\/uploads\/2022\/05\/Kapitalis-big-size.png","width":5000,"height":1500,"caption":"Kapitalis"},"image":{"@id":"https:\/\/kapitalis.com\/tunisie\/#\/schema\/logo\/image\/"},"sameAs":["https:\/\/www.facebook.com\/KapitalisInfo\/","https:\/\/x.com\/KapitalisInfo","https:\/\/www.youtube.com\/channel\/UC-yDYrHyfFBWWZaOw3FPg9Q"]},{"@type":"Person","@id":"https:\/\/kapitalis.com\/tunisie\/#\/schema\/person\/d71f33a9ca44f7bad4698210b480c8e9","name":"webmaster kapitalis","url":"https:\/\/kapitalis.com\/tunisie\/author\/webmaster-kapitalis\/"}]}},"_links":{"self":[{"href":"https:\/\/kapitalis.com\/tunisie\/wp-json\/wp\/v2\/posts\/11431594","targetHints":{"allow":["GET"]}}],"collection":[{"href":"https:\/\/kapitalis.com\/tunisie\/wp-json\/wp\/v2\/posts"}],"about":[{"href":"https:\/\/kapitalis.com\/tunisie\/wp-json\/wp\/v2\/types\/post"}],"author":[{"embeddable":true,"href":"https:\/\/kapitalis.com\/tunisie\/wp-json\/wp\/v2\/users\/8"}],"replies":[{"embeddable":true,"href":"https:\/\/kapitalis.com\/tunisie\/wp-json\/wp\/v2\/comments?post=11431594"}],"version-history":[{"count":2,"href":"https:\/\/kapitalis.com\/tunisie\/wp-json\/wp\/v2\/posts\/11431594\/revisions"}],"predecessor-version":[{"id":11431713,"href":"https:\/\/kapitalis.com\/tunisie\/wp-json\/wp\/v2\/posts\/11431594\/revisions\/11431713"}],"wp:featuredmedia":[{"embeddable":true,"href":"https:\/\/kapitalis.com\/tunisie\/wp-json\/wp\/v2\/media\/11431641"}],"wp:attachment":[{"href":"https:\/\/kapitalis.com\/tunisie\/wp-json\/wp\/v2\/media?parent=11431594"}],"wp:term":[{"taxonomy":"category","embeddable":true,"href":"https:\/\/kapitalis.com\/tunisie\/wp-json\/wp\/v2\/categories?post=11431594"},{"taxonomy":"post_tag","embeddable":true,"href":"https:\/\/kapitalis.com\/tunisie\/wp-json\/wp\/v2\/tags?post=11431594"}],"curies":[{"name":"wp","href":"https:\/\/api.w.org\/{rel}","templated":true}]}}