{"id":11439791,"date":"2024-01-29T08:01:01","date_gmt":"2024-01-29T07:01:01","guid":{"rendered":"https:\/\/kapitalis.com\/tunisie\/?p=11439791"},"modified":"2024-01-30T07:05:52","modified_gmt":"2024-01-30T06:05:52","slug":"kais-saied-au-sommet-italie-afrique-cooperation-energetique-er-co-developpement","status":"publish","type":"post","link":"https:\/\/kapitalis.com\/tunisie\/2024\/01\/29\/kais-saied-au-sommet-italie-afrique-cooperation-energetique-er-co-developpement\/","title":{"rendered":"Ka\u00efs Sa\u00efed au Sommet Italie-Afrique\u00a0: coop\u00e9ration \u00e9nerg\u00e9tique et co-d\u00e9veloppement"},"content":{"rendered":"\n<p><strong><em>Le pr\u00e9sident Ka\u00efs Sa\u00efed participe au sommet \u00abItalie-Afrique\u00bb, qui a lieu les 28 et 29 janvier 2024, \u00e0 Rome sous le slogan \u00ab<a href=\"https:\/\/kapitalis.com\/tunisie\/2023\/10\/04\/giorgia-meloni-vante-son-plan-mattei-pour-lafrique\/\" target=\"_blank\" rel=\"noreferrer noopener\">Plan Mattei pour l\u2019Afrique<\/a>\u00bb, mettant ainsi ce sommet sous le signe du renforcement de coop\u00e9ration Nord-Sud dans le secteur \u00e9nerg\u00e9tique, avec, en fil rouge, un int\u00e9r\u00eat particulier pour le ralentissement des flux de migrants entre l&rsquo;Afrique et l&rsquo;Europe.<\/em><\/strong><\/p>\n\n\n\n<!--more-->\n\n\n\n<p>La Tunisie esp\u00e8re profiter de ce sommet, auquel participent quelque 27 chefs d\u2019Etat et de gouvernement d\u2019Europe et d\u2019Afrique, pour mettre en exergue ses objectifs de d\u00e9veloppement dans le domaine de l\u2019\u00e9nergie, et notamment de l\u2019\u00e9nergie verte, sur le moyen et le long terme. Mais il va sans dire qu\u2019en filigrane, et de mani\u00e8re insistante, la question des flux migratoires entre l\u2019Afrique et l\u2019Europe sera au c\u0153ur des d\u00e9bats, mais pos\u00e9e, comme semble le vouloir l\u2019Italie, en termes de coop\u00e9ration \u00e9conomique et de co-d\u00e9veloppement. &nbsp;&nbsp;&nbsp;<\/p>\n\n\n\n<p>Face \u00e0 l\u2019aggravation de la crise \u00e9nerg\u00e9tique mondiale, notamment avec la guerre russo-ukrainienne, la Tunisie \u0153uvre au d\u00e9veloppement du secteur \u00e9nerg\u00e9tique en augmentant la part des \u00e9nergies renouvelables dans son approvisionnement \u00e9lectrique de 8% en 2022 \u00e0 35% en 2030.<\/p>\n\n\n\n<p>Le chef de l\u2019Etat a souvent mis l&rsquo;accent sur l\u2019importance du d\u00e9veloppement \u00e9nerg\u00e9tique, soulignant, dans des d\u00e9clarations pr\u00e9c\u00e9demment publi\u00e9es par la pr\u00e9sidence de la r\u00e9publique, le souci de la Tunisie <em>\u00abde cr\u00e9er un climat sain et appropri\u00e9 pour encourager les hommes d\u2019affaires et les investisseurs \u00e0 investir dans le pays et d\u2019\u00e9tablir des relations de partenariat et d\u2019\u00e9change avec leurs homologues tunisiens dans plusieurs secteurs prometteurs tels que les \u00e9nergies renouvelables, le dessalement, la sant\u00e9 et les industries pharmaceutiques.\u00bb<\/em><\/p>\n\n\n\n<h2 class=\"wp-block-heading\">R\u00e9duire la d\u00e9pendance \u00e0 l\u2019\u00e9gard de la production gazi\u00e8re<\/h2>\n\n\n\n<p>Dans ce contexte, l\u2019expert en \u00e9nergie et hydrocarbures Ghazi Ben Jemii a indiqu\u00e9 dans une d\u00e9claration \u00e0 l\u2019agence Tap que la Tunisie envisage d\u2019intensifier ses efforts pour accro\u00eetre les investissements dans les \u00e9nergies renouvelables dans les ann\u00e9es \u00e0 venir. Ben Jemii a expliqu\u00e9 que le plan \u00e9nerg\u00e9tique de la Tunisie vise \u00e0 r\u00e9duire la d\u00e9pendance du pays \u00e0 l\u2019\u00e9gard de la production gazi\u00e8re.<\/p>\n\n\n\n<p>Il a soulign\u00e9 l\u2019importance de surmonter les d\u00e9fis structurels auxquels le pays est confront\u00e9 dans ce domaine en travaillant sur la production d\u2019\u00e9nergie alternative (solaire et \u00e9olienne) directement dans les domaines de la consommation et sur la production d\u2019hydrog\u00e8ne.<\/p>\n\n\n\n<p>Dans le m\u00eame contexte, il a expliqu\u00e9 qu\u2019il est aujourd\u2019hui n\u00e9cessaire de d\u00e9velopper le transport de l\u2019hydrog\u00e8ne sur de longues distances sous forme de gaz, qui repr\u00e9sente une \u00e9nergie alternative, soulignant que de nombreux pays europ\u00e9ens ont besoin de cet hydrog\u00e8ne et en demandent de grandes quantit\u00e9s, ce qui permet \u00e0 la Tunisie de participer \u00e0 cette demande et de faire partie du march\u00e9 europ\u00e9en dans ce domaine.<\/p>\n\n\n\n<p>Selon l\u2019Agence nationale de ma\u00eetrise de l\u2019\u00e9nergie (ANME), le secteur des transports est le plus grand consommateur d\u2019\u00e9nergie du pays, repr\u00e9sentant 36% de la consommation totale d\u2019\u00e9nergie. Le secteur industriel arrive en deuxi\u00e8me position avec 30%, tandis que le reste de la consommation est r\u00e9parti entre les besoins \u00e9nerg\u00e9tiques domestiques de la population et l\u2019approvisionnement des b\u00e2timents publics.<\/p>\n\n\n\n<p>97% de l\u2019\u00e9lectricit\u00e9 tunisienne provient de combustibles fossiles, malgr\u00e9 les efforts visant \u00e0 r\u00e9duire la d\u00e9pendance aux combustibles import\u00e9s.<\/p>\n\n\n\n<p>Parmi les nouvelles mesures adopt\u00e9es par la Tunisie, citons l\u2019annonce du minist\u00e8re tunisien de l\u2019Industrie, des Mines et de l\u2019\u00c9nergie en janvier 2023 visant \u00e0 acc\u00e9l\u00e9rer la mise en \u0153uvre de projets d\u2019\u00e9nergies renouvelables.<\/p>\n\n\n\n<p>Des efforts sont d\u00e9ploy\u00e9s pour promouvoir l\u2019utilisation des panneaux solaires comme alternative efficace dans la transition \u00e9nerg\u00e9tique pour les m\u00e9nages tunisiens et les entreprises priv\u00e9es, avec l\u2019octroi de pr\u00eats aux entreprises priv\u00e9es souhaitant passer aux \u00e9nergies renouvelables.<\/p>\n\n\n\n<p>La production d\u2019\u00e9nergie renouvelable, notamment solaire, s\u2019est d\u00e9velopp\u00e9e en Tunisie ces derni\u00e8res ann\u00e9es, atteignant une production annuelle comprise entre 20 et 30 m\u00e9gawatts.<\/p>\n\n\n\n<p>L\u2019objectif principal de la strat\u00e9gie \u00e9nerg\u00e9tique de la Tunisie \u00e0 l\u2019horizon 2035 est d\u2019assurer la fourniture d&rsquo;une \u00e9nergie s\u00fbre, accessible et abordable pour tous.<\/p>\n\n\n\n<p>Selon le minist\u00e8re de l\u2019\u00c9nergie et des Mines, cette strat\u00e9gie s\u2019inscrit dans une vision qui consiste \u00e0 aborder le probl\u00e8me de la s\u00e9curit\u00e9 \u00e9nerg\u00e9tique \u00e0 court terme et \u00e0 l\u2019assurer \u00e0 long terme \u00e0 travers un mod\u00e8le \u00e9nerg\u00e9tique durable.<\/p>\n\n\n\n<p>La Tunisie s\u2019est \u00e9galement fix\u00e9 pour objectif d\u2019atteindre la neutralit\u00e9 carbone d\u2019ici 2050, conform\u00e9ment \u00e0 son engagement au titre de l\u2019Accord de Paris.<\/p>\n\n\n\n<p>Les principaux objectifs de la strat\u00e9gie sont d\u2019assurer la s\u00e9curit\u00e9 \u00e9nerg\u00e9tique, la neutralit\u00e9 carbone, la croissance \u00e9conomique et une transition sociale juste et inclusive, qui contribueront \u00e0 cr\u00e9er des emplois et \u00e0 promouvoir l\u2019\u00e9conomie verte.<\/p>\n\n\n\n<h2 class=\"wp-block-heading\">Un pont \u00e9nerg\u00e9tique entre l&rsquo;Afrique et l&rsquo;Europe  <\/h2>\n\n\n\n<p>D\u2019autre part, la modernisation du secteur \u00e9nerg\u00e9tique du pays est repr\u00e9sent\u00e9e par la connexion \u00e9lectrique avec l\u2019Europe, notamment avec l\u2019Italie, o\u00f9 le projet de <a href=\"https:\/\/kapitalis.com\/tunisie\/2023\/06\/23\/la-bm-approuve-de-financement-du-projet-elmed-dinterconnexion-electrique-tunisie-italie\/\" target=\"_blank\" rel=\"noreferrer noopener\">connexion \u00e9lectrique Elmed<\/a> entre la Tunisie et l\u2019Italie est l\u2019un des plus importants projets financ\u00e9s conjointement par l\u2019\u00e9lectricit\u00e9 tunisienne et gazi\u00e8re et l\u2019op\u00e9rateur italien Terna.<\/p>\n\n\n\n<p>Ce projet permettra la construction d\u2019une liaison sous-marine entre la Tunisie et l\u2019Italie, permettant l\u2019\u00e9change d\u2019\u00e9lectricit\u00e9 dans les deux sens entre les deux rives de la M\u00e9diterran\u00e9e, d\u2019une capacit\u00e9 pouvant atteindre plusieurs centaines de m\u00e9gawatts.<\/p>\n\n\n\n<p>Le projet devrait \u00eatre op\u00e9rationnel d\u2019ici 2028 et renforcera et s\u00e9curisera l\u2019approvisionnement \u00e9nerg\u00e9tique de la Tunisie en permettant aux approvisionnements d\u2019arriver d\u2019Europe pendant les p\u00e9riodes de pointe de la demande et lorsque le prix est moins cher.<\/p>\n\n\n\n<p>Il donne \u00e0 la Tunisie l\u2019opportunit\u00e9 d\u2019augmenter sa production d\u2019\u00e9nergie renouvelable et de l\u2019exporter vers l\u2019Europe, notamment en p\u00e9riode de surplus \u00e9nerg\u00e9tique. Cela permettra \u00e0 la Tunisie de r\u00e9duire le co\u00fbt de production de l&rsquo;\u00e9lectricit\u00e9 et d&rsquo;augmenter les b\u00e9n\u00e9fices des \u00e9changes entre les deux parties.<\/p>\n\n\n\n<p>Concernant les attentes de la Tunisie \u00e0 l\u2019\u00e9gard du sommet Italie-Afrique en cours, l\u2019expert a indiqu\u00e9 \u00e0 l\u2019agence Tap que <em>\u00abtrouver un partenariat pour la production de grands projets d\u2019\u00e9nergies alternatives en Tunisie et la r\u00e9alisation de projets de production d\u2019hydrog\u00e8ne en Tunisie et son exportation vers l\u2019Union europ\u00e9enne est l&rsquo;objectif principal de la Tunisie \u00e0 travers ce sommet\u00bb<\/em>.<\/p>\n\n\n\n<p>Le sommet de deux jours (28 et 29 janvier) s\u2019inscrit dans le contexte de la crise \u00e9nerg\u00e9tique mondiale et europ\u00e9enne, alors que l\u2019Italie cherche \u00e0 s\u00e9curiser ses approvisionnements \u00e9nerg\u00e9tiques en provenance des pays d\u2019Afrique du Nord et \u00e0 s\u00e9curiser les routes gazi\u00e8res \u00e0 l\u2019int\u00e9rieur de son territoire pour devenir une plaque tournante \u00e9nerg\u00e9tique et un pont entre les pays d\u2019Afrique du Nord, la M\u00e9diterran\u00e9e et Europe.<\/p>\n\n\n\n<p class=\"has-text-align-right\"><strong>I. B.<\/strong> (avec Tap). <\/p>\n","protected":false},"excerpt":{"rendered":"<p>Le pr\u00e9sident Ka\u00efs Sa\u00efed participe au sommet \u00abItalie-Afrique\u00bb mis sous le signe du renforcement de coop\u00e9ration Nord-Sud dans le secteur \u00e9nerg\u00e9tique, <\/p>\n","protected":false},"author":8,"featured_media":11439875,"comment_status":"open","ping_status":"open","sticky":false,"template":"","format":"standard","meta":{"footnotes":""},"categories":[992,995,2433],"tags":[41,103702,39900,113669,505,12235,112726,9748,62643],"class_list":["post-11439791","post","type-post","status-publish","format-standard","has-post-thumbnail","hentry","category-a-la-une","category-economie","category-tunisie","tag-afrique","tag-elmed","tag-energie-renouvelable","tag-ghazi-ben-jemii","tag-italie","tag-kais-saied","tag-plan-mattei","tag-terna","tag-tunisie"],"yoast_head":"<!-- This site is optimized with the Yoast SEO plugin v26.6 - https:\/\/yoast.com\/wordpress\/plugins\/seo\/ -->\n<title>Ka\u00efs Sa\u00efed au Sommet Italie-Afrique\u00a0: coop\u00e9ration \u00e9nerg\u00e9tique et co-d\u00e9veloppement - Kapitalis<\/title>\n<meta name=\"robots\" content=\"index, follow, max-snippet:-1, max-image-preview:large, max-video-preview:-1\" \/>\n<link rel=\"canonical\" href=\"https:\/\/kapitalis.com\/tunisie\/2024\/01\/29\/kais-saied-au-sommet-italie-afrique-cooperation-energetique-er-co-developpement\/\" \/>\n<meta property=\"og:locale\" content=\"fr_FR\" \/>\n<meta property=\"og:type\" content=\"article\" \/>\n<meta property=\"og:title\" content=\"Ka\u00efs Sa\u00efed au Sommet Italie-Afrique\u00a0: coop\u00e9ration \u00e9nerg\u00e9tique et co-d\u00e9veloppement - Kapitalis\" \/>\n<meta property=\"og:description\" content=\"Le pr\u00e9sident Ka\u00efs Sa\u00efed participe au sommet \u00abItalie-Afrique\u00bb mis sous le signe du renforcement de coop\u00e9ration Nord-Sud dans le secteur \u00e9nerg\u00e9tique,\" \/>\n<meta property=\"og:url\" content=\"https:\/\/kapitalis.com\/tunisie\/2024\/01\/29\/kais-saied-au-sommet-italie-afrique-cooperation-energetique-er-co-developpement\/\" \/>\n<meta property=\"og:site_name\" content=\"Kapitalis\" \/>\n<meta property=\"article:publisher\" content=\"https:\/\/www.facebook.com\/KapitalisInfo\/\" \/>\n<meta property=\"article:published_time\" content=\"2024-01-29T07:01:01+00:00\" \/>\n<meta property=\"article:modified_time\" content=\"2024-01-30T06:05:52+00:00\" \/>\n<meta property=\"og:image\" content=\"https:\/\/kapitalis.com\/tunisie\/wp-content\/uploads\/2024\/01\/Kais-Saied-Italie-Afrique.jpg\" \/>\n\t<meta property=\"og:image:width\" content=\"1200\" \/>\n\t<meta property=\"og:image:height\" content=\"630\" \/>\n\t<meta property=\"og:image:type\" content=\"image\/jpeg\" \/>\n<meta name=\"author\" content=\"webmaster kapitalis\" \/>\n<meta name=\"twitter:card\" content=\"summary_large_image\" \/>\n<meta name=\"twitter:creator\" content=\"@KapitalisInfo\" \/>\n<meta name=\"twitter:site\" content=\"@KapitalisInfo\" \/>\n<meta name=\"twitter:label1\" content=\"\u00c9crit par\" \/>\n\t<meta name=\"twitter:data1\" content=\"webmaster kapitalis\" \/>\n\t<meta name=\"twitter:label2\" content=\"Dur\u00e9e de lecture estim\u00e9e\" \/>\n\t<meta name=\"twitter:data2\" content=\"6 minutes\" \/>\n<script type=\"application\/ld+json\" class=\"yoast-schema-graph\">{\"@context\":\"https:\/\/schema.org\",\"@graph\":[{\"@type\":\"Article\",\"@id\":\"https:\/\/kapitalis.com\/tunisie\/2024\/01\/29\/kais-saied-au-sommet-italie-afrique-cooperation-energetique-er-co-developpement\/#article\",\"isPartOf\":{\"@id\":\"https:\/\/kapitalis.com\/tunisie\/2024\/01\/29\/kais-saied-au-sommet-italie-afrique-cooperation-energetique-er-co-developpement\/\"},\"author\":{\"name\":\"webmaster kapitalis\",\"@id\":\"https:\/\/kapitalis.com\/tunisie\/#\/schema\/person\/d71f33a9ca44f7bad4698210b480c8e9\"},\"headline\":\"Ka\u00efs Sa\u00efed au Sommet Italie-Afrique\u00a0: coop\u00e9ration \u00e9nerg\u00e9tique et co-d\u00e9veloppement\",\"datePublished\":\"2024-01-29T07:01:01+00:00\",\"dateModified\":\"2024-01-30T06:05:52+00:00\",\"mainEntityOfPage\":{\"@id\":\"https:\/\/kapitalis.com\/tunisie\/2024\/01\/29\/kais-saied-au-sommet-italie-afrique-cooperation-energetique-er-co-developpement\/\"},\"wordCount\":1211,\"commentCount\":0,\"publisher\":{\"@id\":\"https:\/\/kapitalis.com\/tunisie\/#organization\"},\"image\":{\"@id\":\"https:\/\/kapitalis.com\/tunisie\/2024\/01\/29\/kais-saied-au-sommet-italie-afrique-cooperation-energetique-er-co-developpement\/#primaryimage\"},\"thumbnailUrl\":\"https:\/\/kapitalis.com\/tunisie\/wp-content\/uploads\/2024\/01\/Kais-Saied-Italie-Afrique.jpg\",\"keywords\":[\"Afrique\",\"Elmed\",\"\u00e9nergie renouvelable\",\"Ghazi Ben Jemii\",\"Italie\",\"Ka\u00efs Saied\",\"Plan Mattei\",\"Terna\",\"Tunisie\"],\"articleSection\":[\"A LA UNE\",\"ECONOMIE\",\"Tunisie\"],\"inLanguage\":\"fr-FR\",\"potentialAction\":[{\"@type\":\"CommentAction\",\"name\":\"Comment\",\"target\":[\"https:\/\/kapitalis.com\/tunisie\/2024\/01\/29\/kais-saied-au-sommet-italie-afrique-cooperation-energetique-er-co-developpement\/#respond\"]}]},{\"@type\":\"WebPage\",\"@id\":\"https:\/\/kapitalis.com\/tunisie\/2024\/01\/29\/kais-saied-au-sommet-italie-afrique-cooperation-energetique-er-co-developpement\/\",\"url\":\"https:\/\/kapitalis.com\/tunisie\/2024\/01\/29\/kais-saied-au-sommet-italie-afrique-cooperation-energetique-er-co-developpement\/\",\"name\":\"Ka\u00efs Sa\u00efed au Sommet Italie-Afrique\u00a0: coop\u00e9ration \u00e9nerg\u00e9tique et co-d\u00e9veloppement - Kapitalis\",\"isPartOf\":{\"@id\":\"https:\/\/kapitalis.com\/tunisie\/#website\"},\"primaryImageOfPage\":{\"@id\":\"https:\/\/kapitalis.com\/tunisie\/2024\/01\/29\/kais-saied-au-sommet-italie-afrique-cooperation-energetique-er-co-developpement\/#primaryimage\"},\"image\":{\"@id\":\"https:\/\/kapitalis.com\/tunisie\/2024\/01\/29\/kais-saied-au-sommet-italie-afrique-cooperation-energetique-er-co-developpement\/#primaryimage\"},\"thumbnailUrl\":\"https:\/\/kapitalis.com\/tunisie\/wp-content\/uploads\/2024\/01\/Kais-Saied-Italie-Afrique.jpg\",\"datePublished\":\"2024-01-29T07:01:01+00:00\",\"dateModified\":\"2024-01-30T06:05:52+00:00\",\"breadcrumb\":{\"@id\":\"https:\/\/kapitalis.com\/tunisie\/2024\/01\/29\/kais-saied-au-sommet-italie-afrique-cooperation-energetique-er-co-developpement\/#breadcrumb\"},\"inLanguage\":\"fr-FR\",\"potentialAction\":[{\"@type\":\"ReadAction\",\"target\":[\"https:\/\/kapitalis.com\/tunisie\/2024\/01\/29\/kais-saied-au-sommet-italie-afrique-cooperation-energetique-er-co-developpement\/\"]}]},{\"@type\":\"ImageObject\",\"inLanguage\":\"fr-FR\",\"@id\":\"https:\/\/kapitalis.com\/tunisie\/2024\/01\/29\/kais-saied-au-sommet-italie-afrique-cooperation-energetique-er-co-developpement\/#primaryimage\",\"url\":\"https:\/\/kapitalis.com\/tunisie\/wp-content\/uploads\/2024\/01\/Kais-Saied-Italie-Afrique.jpg\",\"contentUrl\":\"https:\/\/kapitalis.com\/tunisie\/wp-content\/uploads\/2024\/01\/Kais-Saied-Italie-Afrique.jpg\",\"width\":1200,\"height\":630},{\"@type\":\"BreadcrumbList\",\"@id\":\"https:\/\/kapitalis.com\/tunisie\/2024\/01\/29\/kais-saied-au-sommet-italie-afrique-cooperation-energetique-er-co-developpement\/#breadcrumb\",\"itemListElement\":[{\"@type\":\"ListItem\",\"position\":1,\"name\":\"Accueil\",\"item\":\"https:\/\/kapitalis.com\/tunisie\/\"},{\"@type\":\"ListItem\",\"position\":2,\"name\":\"Ka\u00efs Sa\u00efed au Sommet Italie-Afrique\u00a0: coop\u00e9ration \u00e9nerg\u00e9tique et co-d\u00e9veloppement\"}]},{\"@type\":\"WebSite\",\"@id\":\"https:\/\/kapitalis.com\/tunisie\/#website\",\"url\":\"https:\/\/kapitalis.com\/tunisie\/\",\"name\":\"Kapitalis\",\"description\":\"L&#039;actualit\u00e9 en Tunisie et dans le monde\",\"publisher\":{\"@id\":\"https:\/\/kapitalis.com\/tunisie\/#organization\"},\"potentialAction\":[{\"@type\":\"SearchAction\",\"target\":{\"@type\":\"EntryPoint\",\"urlTemplate\":\"https:\/\/kapitalis.com\/tunisie\/?s={search_term_string}\"},\"query-input\":{\"@type\":\"PropertyValueSpecification\",\"valueRequired\":true,\"valueName\":\"search_term_string\"}}],\"inLanguage\":\"fr-FR\"},{\"@type\":\"Organization\",\"@id\":\"https:\/\/kapitalis.com\/tunisie\/#organization\",\"name\":\"Kapitalis\",\"url\":\"https:\/\/kapitalis.com\/tunisie\/\",\"logo\":{\"@type\":\"ImageObject\",\"inLanguage\":\"fr-FR\",\"@id\":\"https:\/\/kapitalis.com\/tunisie\/#\/schema\/logo\/image\/\",\"url\":\"https:\/\/kapitalis.com\/tunisie\/wp-content\/uploads\/2022\/05\/Kapitalis-big-size.png\",\"contentUrl\":\"https:\/\/kapitalis.com\/tunisie\/wp-content\/uploads\/2022\/05\/Kapitalis-big-size.png\",\"width\":5000,\"height\":1500,\"caption\":\"Kapitalis\"},\"image\":{\"@id\":\"https:\/\/kapitalis.com\/tunisie\/#\/schema\/logo\/image\/\"},\"sameAs\":[\"https:\/\/www.facebook.com\/KapitalisInfo\/\",\"https:\/\/x.com\/KapitalisInfo\",\"https:\/\/www.youtube.com\/channel\/UC-yDYrHyfFBWWZaOw3FPg9Q\"]},{\"@type\":\"Person\",\"@id\":\"https:\/\/kapitalis.com\/tunisie\/#\/schema\/person\/d71f33a9ca44f7bad4698210b480c8e9\",\"name\":\"webmaster kapitalis\",\"url\":\"https:\/\/kapitalis.com\/tunisie\/author\/webmaster-kapitalis\/\"}]}<\/script>\n<!-- \/ Yoast SEO plugin. -->","yoast_head_json":{"title":"Ka\u00efs Sa\u00efed au Sommet Italie-Afrique\u00a0: coop\u00e9ration \u00e9nerg\u00e9tique et co-d\u00e9veloppement - Kapitalis","robots":{"index":"index","follow":"follow","max-snippet":"max-snippet:-1","max-image-preview":"max-image-preview:large","max-video-preview":"max-video-preview:-1"},"canonical":"https:\/\/kapitalis.com\/tunisie\/2024\/01\/29\/kais-saied-au-sommet-italie-afrique-cooperation-energetique-er-co-developpement\/","og_locale":"fr_FR","og_type":"article","og_title":"Ka\u00efs Sa\u00efed au Sommet Italie-Afrique\u00a0: coop\u00e9ration \u00e9nerg\u00e9tique et co-d\u00e9veloppement - Kapitalis","og_description":"Le pr\u00e9sident Ka\u00efs Sa\u00efed participe au sommet \u00abItalie-Afrique\u00bb mis sous le signe du renforcement de coop\u00e9ration Nord-Sud dans le secteur \u00e9nerg\u00e9tique,","og_url":"https:\/\/kapitalis.com\/tunisie\/2024\/01\/29\/kais-saied-au-sommet-italie-afrique-cooperation-energetique-er-co-developpement\/","og_site_name":"Kapitalis","article_publisher":"https:\/\/www.facebook.com\/KapitalisInfo\/","article_published_time":"2024-01-29T07:01:01+00:00","article_modified_time":"2024-01-30T06:05:52+00:00","og_image":[{"width":1200,"height":630,"url":"https:\/\/kapitalis.com\/tunisie\/wp-content\/uploads\/2024\/01\/Kais-Saied-Italie-Afrique.jpg","type":"image\/jpeg"}],"author":"webmaster kapitalis","twitter_card":"summary_large_image","twitter_creator":"@KapitalisInfo","twitter_site":"@KapitalisInfo","twitter_misc":{"\u00c9crit par":"webmaster kapitalis","Dur\u00e9e de lecture estim\u00e9e":"6 minutes"},"schema":{"@context":"https:\/\/schema.org","@graph":[{"@type":"Article","@id":"https:\/\/kapitalis.com\/tunisie\/2024\/01\/29\/kais-saied-au-sommet-italie-afrique-cooperation-energetique-er-co-developpement\/#article","isPartOf":{"@id":"https:\/\/kapitalis.com\/tunisie\/2024\/01\/29\/kais-saied-au-sommet-italie-afrique-cooperation-energetique-er-co-developpement\/"},"author":{"name":"webmaster kapitalis","@id":"https:\/\/kapitalis.com\/tunisie\/#\/schema\/person\/d71f33a9ca44f7bad4698210b480c8e9"},"headline":"Ka\u00efs Sa\u00efed au Sommet Italie-Afrique\u00a0: coop\u00e9ration \u00e9nerg\u00e9tique et co-d\u00e9veloppement","datePublished":"2024-01-29T07:01:01+00:00","dateModified":"2024-01-30T06:05:52+00:00","mainEntityOfPage":{"@id":"https:\/\/kapitalis.com\/tunisie\/2024\/01\/29\/kais-saied-au-sommet-italie-afrique-cooperation-energetique-er-co-developpement\/"},"wordCount":1211,"commentCount":0,"publisher":{"@id":"https:\/\/kapitalis.com\/tunisie\/#organization"},"image":{"@id":"https:\/\/kapitalis.com\/tunisie\/2024\/01\/29\/kais-saied-au-sommet-italie-afrique-cooperation-energetique-er-co-developpement\/#primaryimage"},"thumbnailUrl":"https:\/\/kapitalis.com\/tunisie\/wp-content\/uploads\/2024\/01\/Kais-Saied-Italie-Afrique.jpg","keywords":["Afrique","Elmed","\u00e9nergie renouvelable","Ghazi Ben Jemii","Italie","Ka\u00efs Saied","Plan Mattei","Terna","Tunisie"],"articleSection":["A LA UNE","ECONOMIE","Tunisie"],"inLanguage":"fr-FR","potentialAction":[{"@type":"CommentAction","name":"Comment","target":["https:\/\/kapitalis.com\/tunisie\/2024\/01\/29\/kais-saied-au-sommet-italie-afrique-cooperation-energetique-er-co-developpement\/#respond"]}]},{"@type":"WebPage","@id":"https:\/\/kapitalis.com\/tunisie\/2024\/01\/29\/kais-saied-au-sommet-italie-afrique-cooperation-energetique-er-co-developpement\/","url":"https:\/\/kapitalis.com\/tunisie\/2024\/01\/29\/kais-saied-au-sommet-italie-afrique-cooperation-energetique-er-co-developpement\/","name":"Ka\u00efs Sa\u00efed au Sommet Italie-Afrique\u00a0: coop\u00e9ration \u00e9nerg\u00e9tique et co-d\u00e9veloppement - Kapitalis","isPartOf":{"@id":"https:\/\/kapitalis.com\/tunisie\/#website"},"primaryImageOfPage":{"@id":"https:\/\/kapitalis.com\/tunisie\/2024\/01\/29\/kais-saied-au-sommet-italie-afrique-cooperation-energetique-er-co-developpement\/#primaryimage"},"image":{"@id":"https:\/\/kapitalis.com\/tunisie\/2024\/01\/29\/kais-saied-au-sommet-italie-afrique-cooperation-energetique-er-co-developpement\/#primaryimage"},"thumbnailUrl":"https:\/\/kapitalis.com\/tunisie\/wp-content\/uploads\/2024\/01\/Kais-Saied-Italie-Afrique.jpg","datePublished":"2024-01-29T07:01:01+00:00","dateModified":"2024-01-30T06:05:52+00:00","breadcrumb":{"@id":"https:\/\/kapitalis.com\/tunisie\/2024\/01\/29\/kais-saied-au-sommet-italie-afrique-cooperation-energetique-er-co-developpement\/#breadcrumb"},"inLanguage":"fr-FR","potentialAction":[{"@type":"ReadAction","target":["https:\/\/kapitalis.com\/tunisie\/2024\/01\/29\/kais-saied-au-sommet-italie-afrique-cooperation-energetique-er-co-developpement\/"]}]},{"@type":"ImageObject","inLanguage":"fr-FR","@id":"https:\/\/kapitalis.com\/tunisie\/2024\/01\/29\/kais-saied-au-sommet-italie-afrique-cooperation-energetique-er-co-developpement\/#primaryimage","url":"https:\/\/kapitalis.com\/tunisie\/wp-content\/uploads\/2024\/01\/Kais-Saied-Italie-Afrique.jpg","contentUrl":"https:\/\/kapitalis.com\/tunisie\/wp-content\/uploads\/2024\/01\/Kais-Saied-Italie-Afrique.jpg","width":1200,"height":630},{"@type":"BreadcrumbList","@id":"https:\/\/kapitalis.com\/tunisie\/2024\/01\/29\/kais-saied-au-sommet-italie-afrique-cooperation-energetique-er-co-developpement\/#breadcrumb","itemListElement":[{"@type":"ListItem","position":1,"name":"Accueil","item":"https:\/\/kapitalis.com\/tunisie\/"},{"@type":"ListItem","position":2,"name":"Ka\u00efs Sa\u00efed au Sommet Italie-Afrique\u00a0: coop\u00e9ration \u00e9nerg\u00e9tique et co-d\u00e9veloppement"}]},{"@type":"WebSite","@id":"https:\/\/kapitalis.com\/tunisie\/#website","url":"https:\/\/kapitalis.com\/tunisie\/","name":"Kapitalis","description":"L&#039;actualit\u00e9 en Tunisie et dans le monde","publisher":{"@id":"https:\/\/kapitalis.com\/tunisie\/#organization"},"potentialAction":[{"@type":"SearchAction","target":{"@type":"EntryPoint","urlTemplate":"https:\/\/kapitalis.com\/tunisie\/?s={search_term_string}"},"query-input":{"@type":"PropertyValueSpecification","valueRequired":true,"valueName":"search_term_string"}}],"inLanguage":"fr-FR"},{"@type":"Organization","@id":"https:\/\/kapitalis.com\/tunisie\/#organization","name":"Kapitalis","url":"https:\/\/kapitalis.com\/tunisie\/","logo":{"@type":"ImageObject","inLanguage":"fr-FR","@id":"https:\/\/kapitalis.com\/tunisie\/#\/schema\/logo\/image\/","url":"https:\/\/kapitalis.com\/tunisie\/wp-content\/uploads\/2022\/05\/Kapitalis-big-size.png","contentUrl":"https:\/\/kapitalis.com\/tunisie\/wp-content\/uploads\/2022\/05\/Kapitalis-big-size.png","width":5000,"height":1500,"caption":"Kapitalis"},"image":{"@id":"https:\/\/kapitalis.com\/tunisie\/#\/schema\/logo\/image\/"},"sameAs":["https:\/\/www.facebook.com\/KapitalisInfo\/","https:\/\/x.com\/KapitalisInfo","https:\/\/www.youtube.com\/channel\/UC-yDYrHyfFBWWZaOw3FPg9Q"]},{"@type":"Person","@id":"https:\/\/kapitalis.com\/tunisie\/#\/schema\/person\/d71f33a9ca44f7bad4698210b480c8e9","name":"webmaster kapitalis","url":"https:\/\/kapitalis.com\/tunisie\/author\/webmaster-kapitalis\/"}]}},"_links":{"self":[{"href":"https:\/\/kapitalis.com\/tunisie\/wp-json\/wp\/v2\/posts\/11439791","targetHints":{"allow":["GET"]}}],"collection":[{"href":"https:\/\/kapitalis.com\/tunisie\/wp-json\/wp\/v2\/posts"}],"about":[{"href":"https:\/\/kapitalis.com\/tunisie\/wp-json\/wp\/v2\/types\/post"}],"author":[{"embeddable":true,"href":"https:\/\/kapitalis.com\/tunisie\/wp-json\/wp\/v2\/users\/8"}],"replies":[{"embeddable":true,"href":"https:\/\/kapitalis.com\/tunisie\/wp-json\/wp\/v2\/comments?post=11439791"}],"version-history":[{"count":2,"href":"https:\/\/kapitalis.com\/tunisie\/wp-json\/wp\/v2\/posts\/11439791\/revisions"}],"predecessor-version":[{"id":11451870,"href":"https:\/\/kapitalis.com\/tunisie\/wp-json\/wp\/v2\/posts\/11439791\/revisions\/11451870"}],"wp:featuredmedia":[{"embeddable":true,"href":"https:\/\/kapitalis.com\/tunisie\/wp-json\/wp\/v2\/media\/11439875"}],"wp:attachment":[{"href":"https:\/\/kapitalis.com\/tunisie\/wp-json\/wp\/v2\/media?parent=11439791"}],"wp:term":[{"taxonomy":"category","embeddable":true,"href":"https:\/\/kapitalis.com\/tunisie\/wp-json\/wp\/v2\/categories?post=11439791"},{"taxonomy":"post_tag","embeddable":true,"href":"https:\/\/kapitalis.com\/tunisie\/wp-json\/wp\/v2\/tags?post=11439791"}],"curies":[{"name":"wp","href":"https:\/\/api.w.org\/{rel}","templated":true}]}}