{"id":11455072,"date":"2024-01-30T11:24:21","date_gmt":"2024-01-30T10:24:21","guid":{"rendered":"https:\/\/kapitalis.com\/tunisie\/?p=11455072"},"modified":"2024-01-30T11:24:22","modified_gmt":"2024-01-30T10:24:22","slug":"la-route-culinaire-de-tunisie-presentee-au-salon-fitur-en-espagne","status":"publish","type":"post","link":"https:\/\/kapitalis.com\/tunisie\/2024\/01\/30\/la-route-culinaire-de-tunisie-presentee-au-salon-fitur-en-espagne\/","title":{"rendered":"La Route Culinaire de Tunisie pr\u00e9sent\u00e9e au salon Fitur en Espagne \u00a0"},"content":{"rendered":"\n<p><strong><em>La Route Culinaire de Tunisie (RCT) a \u00e9t\u00e9 pr\u00e9sent\u00e9e dans le cadre du au Salon international du tourisme de Madrid (Fitur), qui s\u2019est tenu du 24 au 28 janvier 2024, aupr\u00e8s d\u2019un public international compos\u00e9 de repr\u00e9sentants institutionnels, professionnels du tourisme, de journalistes et de voyageurs. <a href=\"https:\/\/www.facebook.com\/DiscoverTunisiacom\/videos\/346461205013203\/\" target=\"_blank\" rel=\"noreferrer noopener\">Vid\u00e9o.<\/a> <\/em><\/strong><\/p>\n\n\n\n<!--more-->\n\n\n\n<p>Un public nombreux a exprim\u00e9 un int\u00e9r\u00eat pour ce programme, en participant \u00e0 des pr\u00e9sentations et des d\u00e9gustations sur le stand de <em>Discover Tunisia <\/em>mis en place par la repr\u00e9sentation de l\u2019ONTT en Espagne.<\/p>\n\n\n\n<p>La RCT repr\u00e9sente une nouvelle offre de tourisme durable, qui invite les voyageurs \u00e0 (re)d\u00e9couvrir la richesse du patrimoine culinaire tunisien, en participant \u00e0 des exp\u00e9riences culinaires et cr\u00e9atives.<\/p>\n\n\n\n<p>Apprendre \u00e0 fabriquer l\u2019harissa ou son propre fromage dans le Nord, d\u00e9couvrir les secrets les mieux gard\u00e9s des vins tunisiens, p\u00eacher le poulpe selon les techniques traditionnelles des \u00eeles Kerkennah, fabriquer ses cosm\u00e9tiques naturels \u00e0 l&rsquo;huile d&rsquo;olive dans les huileries souterraines de Djerba ou du Dahar, ou grimper aux palmiers, pour r\u00e9aliser les meilleures confitures avec des dattes fra\u00eechement r\u00e9colt\u00e9es dans le Sud&#8230; sont quelques-unes des centaines d&rsquo;exp\u00e9riences disponibles sur la <a href=\"http:\/\/www.larouteculinairedetunisie.info\" target=\"_blank\" rel=\"noreferrer noopener\">plateforme num\u00e9rique<\/a> tant pour le secteur B2B que B2C.<\/p>\n\n\n\n<p>Au-del\u00e0 des exp\u00e9riences, la RCT est un mod\u00e8le de tourisme durable, issu d\u2019un processus de co-cr\u00e9ation impliquant des centaines d\u2019agriculteurs, d\u2019entrepreneurs et d\u2019associations tunisiennes, dans le but de convertir les richesses naturelles et les traditions en une offre de tourisme vertueux permettant de diversifier l\u2019activit\u00e9 touristique \u00e0 travers tout le pays et tout au long de l\u2019ann\u00e9e.<\/p>\n\n\n\n<p>De fait, la RCT a \u00e9t\u00e9 cr\u00e9\u00e9e dans le cadre du projet <em>\u00abPromotion du Tourisme Durable\u00bb<\/em> mis en \u0153uvre par le minist\u00e8re du Tourisme avec le soutien de la GIZ et cofinanc\u00e9 par le minist\u00e8re f\u00e9d\u00e9ral allemand de la Coop\u00e9ration \u00e9conomique et du D\u00e9veloppement (BMZ) et par l\u2019Union Europ\u00e9enne, dans le cadre de son programme Tounes Wijhetouna.<\/p>\n\n\n\n<p>Un projet d\u00e9sormais consolid\u00e9 qui est entr\u00e9 dans sa phase de commercialisation gr\u00e2ce aux \u00e9changes g\u00e9n\u00e9r\u00e9s \u00e0 Fitur, laissant augurer un positionnement de la Tunisie comme l\u2019une des destinations phares pour 2024 ! <a href=\"https:\/\/www.facebook.com\/DiscoverTunisiacom\/videos\/346461205013203\/\" target=\"_blank\" rel=\"noreferrer noopener\">Vid\u00e9o.<\/a> <\/p>\n","protected":false},"excerpt":{"rendered":"<p>La Route Culinaire de Tunisie (RCT) pr\u00e9sent\u00e9e dans le cadre du au Salon international du tourisme de Madrid (Fitur).<\/p>\n","protected":false},"author":8,"featured_media":11455135,"comment_status":"open","ping_status":"open","sticky":false,"template":"","format":"standard","meta":{"footnotes":""},"categories":[994,995,2433],"tags":[99521,284,341,4479,10734,2394,93831,110384,113689,79465],"class_list":["post-11455072","post","type-post","status-publish","format-standard","has-post-thumbnail","hentry","category-culture","category-economie","category-tunisie","tag-dahar","tag-djerba","tag-espagne","tag-kerkennah","tag-madrid","tag-ontt","tag-patrimoine-culinaire","tag-route-culinaire-de-tunisie","tag-salon-fitur","tag-tourisme-durable"],"yoast_head":"<!-- This site is optimized with the Yoast SEO plugin v26.6 - https:\/\/yoast.com\/wordpress\/plugins\/seo\/ -->\n<title>La Route Culinaire de Tunisie pr\u00e9sent\u00e9e au salon Fitur en Espagne \u00a0 - Kapitalis<\/title>\n<meta name=\"robots\" content=\"index, follow, max-snippet:-1, max-image-preview:large, max-video-preview:-1\" \/>\n<link rel=\"canonical\" href=\"https:\/\/kapitalis.com\/tunisie\/2024\/01\/30\/la-route-culinaire-de-tunisie-presentee-au-salon-fitur-en-espagne\/\" \/>\n<meta property=\"og:locale\" content=\"fr_FR\" \/>\n<meta property=\"og:type\" content=\"article\" \/>\n<meta property=\"og:title\" content=\"La Route Culinaire de Tunisie pr\u00e9sent\u00e9e au salon Fitur en Espagne \u00a0 - Kapitalis\" \/>\n<meta property=\"og:description\" content=\"La Route Culinaire de Tunisie (RCT) pr\u00e9sent\u00e9e dans le cadre du au Salon international du tourisme de Madrid (Fitur).\" \/>\n<meta property=\"og:url\" content=\"https:\/\/kapitalis.com\/tunisie\/2024\/01\/30\/la-route-culinaire-de-tunisie-presentee-au-salon-fitur-en-espagne\/\" \/>\n<meta property=\"og:site_name\" content=\"Kapitalis\" \/>\n<meta property=\"article:publisher\" content=\"https:\/\/www.facebook.com\/KapitalisInfo\/\" \/>\n<meta property=\"article:published_time\" content=\"2024-01-30T10:24:21+00:00\" \/>\n<meta property=\"article:modified_time\" content=\"2024-01-30T10:24:22+00:00\" \/>\n<meta property=\"og:image\" content=\"https:\/\/kapitalis.com\/tunisie\/wp-content\/uploads\/2024\/01\/Route-culinaire-de-Tunisie-Espagne.jpg\" \/>\n\t<meta property=\"og:image:width\" content=\"1200\" \/>\n\t<meta property=\"og:image:height\" content=\"630\" \/>\n\t<meta property=\"og:image:type\" content=\"image\/jpeg\" \/>\n<meta name=\"author\" content=\"webmaster kapitalis\" \/>\n<meta name=\"twitter:card\" content=\"summary_large_image\" \/>\n<meta name=\"twitter:creator\" content=\"@KapitalisInfo\" \/>\n<meta name=\"twitter:site\" content=\"@KapitalisInfo\" \/>\n<meta name=\"twitter:label1\" content=\"\u00c9crit par\" \/>\n\t<meta name=\"twitter:data1\" content=\"webmaster kapitalis\" \/>\n\t<meta name=\"twitter:label2\" content=\"Dur\u00e9e de lecture estim\u00e9e\" \/>\n\t<meta name=\"twitter:data2\" content=\"2 minutes\" \/>\n<script type=\"application\/ld+json\" class=\"yoast-schema-graph\">{\"@context\":\"https:\/\/schema.org\",\"@graph\":[{\"@type\":\"Article\",\"@id\":\"https:\/\/kapitalis.com\/tunisie\/2024\/01\/30\/la-route-culinaire-de-tunisie-presentee-au-salon-fitur-en-espagne\/#article\",\"isPartOf\":{\"@id\":\"https:\/\/kapitalis.com\/tunisie\/2024\/01\/30\/la-route-culinaire-de-tunisie-presentee-au-salon-fitur-en-espagne\/\"},\"author\":{\"name\":\"webmaster kapitalis\",\"@id\":\"https:\/\/kapitalis.com\/tunisie\/#\/schema\/person\/d71f33a9ca44f7bad4698210b480c8e9\"},\"headline\":\"La Route Culinaire de Tunisie pr\u00e9sent\u00e9e au salon Fitur en Espagne \u00a0\",\"datePublished\":\"2024-01-30T10:24:21+00:00\",\"dateModified\":\"2024-01-30T10:24:22+00:00\",\"mainEntityOfPage\":{\"@id\":\"https:\/\/kapitalis.com\/tunisie\/2024\/01\/30\/la-route-culinaire-de-tunisie-presentee-au-salon-fitur-en-espagne\/\"},\"wordCount\":396,\"commentCount\":0,\"publisher\":{\"@id\":\"https:\/\/kapitalis.com\/tunisie\/#organization\"},\"image\":{\"@id\":\"https:\/\/kapitalis.com\/tunisie\/2024\/01\/30\/la-route-culinaire-de-tunisie-presentee-au-salon-fitur-en-espagne\/#primaryimage\"},\"thumbnailUrl\":\"https:\/\/kapitalis.com\/tunisie\/wp-content\/uploads\/2024\/01\/Route-culinaire-de-Tunisie-Espagne.jpg\",\"keywords\":[\"Dahar\",\"Djerba\",\"Espagne\",\"Kerkennah\",\"Madrid\",\"ONTT\",\"patrimoine culinaire\",\"Route culinaire de Tunisie\",\"salon Fitur\",\"tourisme durable\"],\"articleSection\":[\"CULTURE\",\"ECONOMIE\",\"Tunisie\"],\"inLanguage\":\"fr-FR\",\"potentialAction\":[{\"@type\":\"CommentAction\",\"name\":\"Comment\",\"target\":[\"https:\/\/kapitalis.com\/tunisie\/2024\/01\/30\/la-route-culinaire-de-tunisie-presentee-au-salon-fitur-en-espagne\/#respond\"]}]},{\"@type\":\"WebPage\",\"@id\":\"https:\/\/kapitalis.com\/tunisie\/2024\/01\/30\/la-route-culinaire-de-tunisie-presentee-au-salon-fitur-en-espagne\/\",\"url\":\"https:\/\/kapitalis.com\/tunisie\/2024\/01\/30\/la-route-culinaire-de-tunisie-presentee-au-salon-fitur-en-espagne\/\",\"name\":\"La Route Culinaire de Tunisie pr\u00e9sent\u00e9e au salon Fitur en Espagne \u00a0 - Kapitalis\",\"isPartOf\":{\"@id\":\"https:\/\/kapitalis.com\/tunisie\/#website\"},\"primaryImageOfPage\":{\"@id\":\"https:\/\/kapitalis.com\/tunisie\/2024\/01\/30\/la-route-culinaire-de-tunisie-presentee-au-salon-fitur-en-espagne\/#primaryimage\"},\"image\":{\"@id\":\"https:\/\/kapitalis.com\/tunisie\/2024\/01\/30\/la-route-culinaire-de-tunisie-presentee-au-salon-fitur-en-espagne\/#primaryimage\"},\"thumbnailUrl\":\"https:\/\/kapitalis.com\/tunisie\/wp-content\/uploads\/2024\/01\/Route-culinaire-de-Tunisie-Espagne.jpg\",\"datePublished\":\"2024-01-30T10:24:21+00:00\",\"dateModified\":\"2024-01-30T10:24:22+00:00\",\"breadcrumb\":{\"@id\":\"https:\/\/kapitalis.com\/tunisie\/2024\/01\/30\/la-route-culinaire-de-tunisie-presentee-au-salon-fitur-en-espagne\/#breadcrumb\"},\"inLanguage\":\"fr-FR\",\"potentialAction\":[{\"@type\":\"ReadAction\",\"target\":[\"https:\/\/kapitalis.com\/tunisie\/2024\/01\/30\/la-route-culinaire-de-tunisie-presentee-au-salon-fitur-en-espagne\/\"]}]},{\"@type\":\"ImageObject\",\"inLanguage\":\"fr-FR\",\"@id\":\"https:\/\/kapitalis.com\/tunisie\/2024\/01\/30\/la-route-culinaire-de-tunisie-presentee-au-salon-fitur-en-espagne\/#primaryimage\",\"url\":\"https:\/\/kapitalis.com\/tunisie\/wp-content\/uploads\/2024\/01\/Route-culinaire-de-Tunisie-Espagne.jpg\",\"contentUrl\":\"https:\/\/kapitalis.com\/tunisie\/wp-content\/uploads\/2024\/01\/Route-culinaire-de-Tunisie-Espagne.jpg\",\"width\":1200,\"height\":630},{\"@type\":\"BreadcrumbList\",\"@id\":\"https:\/\/kapitalis.com\/tunisie\/2024\/01\/30\/la-route-culinaire-de-tunisie-presentee-au-salon-fitur-en-espagne\/#breadcrumb\",\"itemListElement\":[{\"@type\":\"ListItem\",\"position\":1,\"name\":\"Accueil\",\"item\":\"https:\/\/kapitalis.com\/tunisie\/\"},{\"@type\":\"ListItem\",\"position\":2,\"name\":\"La Route Culinaire de Tunisie pr\u00e9sent\u00e9e au salon Fitur en Espagne \u00a0\"}]},{\"@type\":\"WebSite\",\"@id\":\"https:\/\/kapitalis.com\/tunisie\/#website\",\"url\":\"https:\/\/kapitalis.com\/tunisie\/\",\"name\":\"Kapitalis\",\"description\":\"L&#039;actualit\u00e9 en Tunisie et dans le monde\",\"publisher\":{\"@id\":\"https:\/\/kapitalis.com\/tunisie\/#organization\"},\"potentialAction\":[{\"@type\":\"SearchAction\",\"target\":{\"@type\":\"EntryPoint\",\"urlTemplate\":\"https:\/\/kapitalis.com\/tunisie\/?s={search_term_string}\"},\"query-input\":{\"@type\":\"PropertyValueSpecification\",\"valueRequired\":true,\"valueName\":\"search_term_string\"}}],\"inLanguage\":\"fr-FR\"},{\"@type\":\"Organization\",\"@id\":\"https:\/\/kapitalis.com\/tunisie\/#organization\",\"name\":\"Kapitalis\",\"url\":\"https:\/\/kapitalis.com\/tunisie\/\",\"logo\":{\"@type\":\"ImageObject\",\"inLanguage\":\"fr-FR\",\"@id\":\"https:\/\/kapitalis.com\/tunisie\/#\/schema\/logo\/image\/\",\"url\":\"https:\/\/kapitalis.com\/tunisie\/wp-content\/uploads\/2022\/05\/Kapitalis-big-size.png\",\"contentUrl\":\"https:\/\/kapitalis.com\/tunisie\/wp-content\/uploads\/2022\/05\/Kapitalis-big-size.png\",\"width\":5000,\"height\":1500,\"caption\":\"Kapitalis\"},\"image\":{\"@id\":\"https:\/\/kapitalis.com\/tunisie\/#\/schema\/logo\/image\/\"},\"sameAs\":[\"https:\/\/www.facebook.com\/KapitalisInfo\/\",\"https:\/\/x.com\/KapitalisInfo\",\"https:\/\/www.youtube.com\/channel\/UC-yDYrHyfFBWWZaOw3FPg9Q\"]},{\"@type\":\"Person\",\"@id\":\"https:\/\/kapitalis.com\/tunisie\/#\/schema\/person\/d71f33a9ca44f7bad4698210b480c8e9\",\"name\":\"webmaster kapitalis\",\"url\":\"https:\/\/kapitalis.com\/tunisie\/author\/webmaster-kapitalis\/\"}]}<\/script>\n<!-- \/ Yoast SEO plugin. -->","yoast_head_json":{"title":"La Route Culinaire de Tunisie pr\u00e9sent\u00e9e au salon Fitur en Espagne \u00a0 - Kapitalis","robots":{"index":"index","follow":"follow","max-snippet":"max-snippet:-1","max-image-preview":"max-image-preview:large","max-video-preview":"max-video-preview:-1"},"canonical":"https:\/\/kapitalis.com\/tunisie\/2024\/01\/30\/la-route-culinaire-de-tunisie-presentee-au-salon-fitur-en-espagne\/","og_locale":"fr_FR","og_type":"article","og_title":"La Route Culinaire de Tunisie pr\u00e9sent\u00e9e au salon Fitur en Espagne \u00a0 - Kapitalis","og_description":"La Route Culinaire de Tunisie (RCT) pr\u00e9sent\u00e9e dans le cadre du au Salon international du tourisme de Madrid (Fitur).","og_url":"https:\/\/kapitalis.com\/tunisie\/2024\/01\/30\/la-route-culinaire-de-tunisie-presentee-au-salon-fitur-en-espagne\/","og_site_name":"Kapitalis","article_publisher":"https:\/\/www.facebook.com\/KapitalisInfo\/","article_published_time":"2024-01-30T10:24:21+00:00","article_modified_time":"2024-01-30T10:24:22+00:00","og_image":[{"width":1200,"height":630,"url":"https:\/\/kapitalis.com\/tunisie\/wp-content\/uploads\/2024\/01\/Route-culinaire-de-Tunisie-Espagne.jpg","type":"image\/jpeg"}],"author":"webmaster kapitalis","twitter_card":"summary_large_image","twitter_creator":"@KapitalisInfo","twitter_site":"@KapitalisInfo","twitter_misc":{"\u00c9crit par":"webmaster kapitalis","Dur\u00e9e de lecture estim\u00e9e":"2 minutes"},"schema":{"@context":"https:\/\/schema.org","@graph":[{"@type":"Article","@id":"https:\/\/kapitalis.com\/tunisie\/2024\/01\/30\/la-route-culinaire-de-tunisie-presentee-au-salon-fitur-en-espagne\/#article","isPartOf":{"@id":"https:\/\/kapitalis.com\/tunisie\/2024\/01\/30\/la-route-culinaire-de-tunisie-presentee-au-salon-fitur-en-espagne\/"},"author":{"name":"webmaster kapitalis","@id":"https:\/\/kapitalis.com\/tunisie\/#\/schema\/person\/d71f33a9ca44f7bad4698210b480c8e9"},"headline":"La Route Culinaire de Tunisie pr\u00e9sent\u00e9e au salon Fitur en Espagne \u00a0","datePublished":"2024-01-30T10:24:21+00:00","dateModified":"2024-01-30T10:24:22+00:00","mainEntityOfPage":{"@id":"https:\/\/kapitalis.com\/tunisie\/2024\/01\/30\/la-route-culinaire-de-tunisie-presentee-au-salon-fitur-en-espagne\/"},"wordCount":396,"commentCount":0,"publisher":{"@id":"https:\/\/kapitalis.com\/tunisie\/#organization"},"image":{"@id":"https:\/\/kapitalis.com\/tunisie\/2024\/01\/30\/la-route-culinaire-de-tunisie-presentee-au-salon-fitur-en-espagne\/#primaryimage"},"thumbnailUrl":"https:\/\/kapitalis.com\/tunisie\/wp-content\/uploads\/2024\/01\/Route-culinaire-de-Tunisie-Espagne.jpg","keywords":["Dahar","Djerba","Espagne","Kerkennah","Madrid","ONTT","patrimoine culinaire","Route culinaire de Tunisie","salon Fitur","tourisme durable"],"articleSection":["CULTURE","ECONOMIE","Tunisie"],"inLanguage":"fr-FR","potentialAction":[{"@type":"CommentAction","name":"Comment","target":["https:\/\/kapitalis.com\/tunisie\/2024\/01\/30\/la-route-culinaire-de-tunisie-presentee-au-salon-fitur-en-espagne\/#respond"]}]},{"@type":"WebPage","@id":"https:\/\/kapitalis.com\/tunisie\/2024\/01\/30\/la-route-culinaire-de-tunisie-presentee-au-salon-fitur-en-espagne\/","url":"https:\/\/kapitalis.com\/tunisie\/2024\/01\/30\/la-route-culinaire-de-tunisie-presentee-au-salon-fitur-en-espagne\/","name":"La Route Culinaire de Tunisie pr\u00e9sent\u00e9e au salon Fitur en Espagne \u00a0 - Kapitalis","isPartOf":{"@id":"https:\/\/kapitalis.com\/tunisie\/#website"},"primaryImageOfPage":{"@id":"https:\/\/kapitalis.com\/tunisie\/2024\/01\/30\/la-route-culinaire-de-tunisie-presentee-au-salon-fitur-en-espagne\/#primaryimage"},"image":{"@id":"https:\/\/kapitalis.com\/tunisie\/2024\/01\/30\/la-route-culinaire-de-tunisie-presentee-au-salon-fitur-en-espagne\/#primaryimage"},"thumbnailUrl":"https:\/\/kapitalis.com\/tunisie\/wp-content\/uploads\/2024\/01\/Route-culinaire-de-Tunisie-Espagne.jpg","datePublished":"2024-01-30T10:24:21+00:00","dateModified":"2024-01-30T10:24:22+00:00","breadcrumb":{"@id":"https:\/\/kapitalis.com\/tunisie\/2024\/01\/30\/la-route-culinaire-de-tunisie-presentee-au-salon-fitur-en-espagne\/#breadcrumb"},"inLanguage":"fr-FR","potentialAction":[{"@type":"ReadAction","target":["https:\/\/kapitalis.com\/tunisie\/2024\/01\/30\/la-route-culinaire-de-tunisie-presentee-au-salon-fitur-en-espagne\/"]}]},{"@type":"ImageObject","inLanguage":"fr-FR","@id":"https:\/\/kapitalis.com\/tunisie\/2024\/01\/30\/la-route-culinaire-de-tunisie-presentee-au-salon-fitur-en-espagne\/#primaryimage","url":"https:\/\/kapitalis.com\/tunisie\/wp-content\/uploads\/2024\/01\/Route-culinaire-de-Tunisie-Espagne.jpg","contentUrl":"https:\/\/kapitalis.com\/tunisie\/wp-content\/uploads\/2024\/01\/Route-culinaire-de-Tunisie-Espagne.jpg","width":1200,"height":630},{"@type":"BreadcrumbList","@id":"https:\/\/kapitalis.com\/tunisie\/2024\/01\/30\/la-route-culinaire-de-tunisie-presentee-au-salon-fitur-en-espagne\/#breadcrumb","itemListElement":[{"@type":"ListItem","position":1,"name":"Accueil","item":"https:\/\/kapitalis.com\/tunisie\/"},{"@type":"ListItem","position":2,"name":"La Route Culinaire de Tunisie pr\u00e9sent\u00e9e au salon Fitur en Espagne \u00a0"}]},{"@type":"WebSite","@id":"https:\/\/kapitalis.com\/tunisie\/#website","url":"https:\/\/kapitalis.com\/tunisie\/","name":"Kapitalis","description":"L&#039;actualit\u00e9 en Tunisie et dans le monde","publisher":{"@id":"https:\/\/kapitalis.com\/tunisie\/#organization"},"potentialAction":[{"@type":"SearchAction","target":{"@type":"EntryPoint","urlTemplate":"https:\/\/kapitalis.com\/tunisie\/?s={search_term_string}"},"query-input":{"@type":"PropertyValueSpecification","valueRequired":true,"valueName":"search_term_string"}}],"inLanguage":"fr-FR"},{"@type":"Organization","@id":"https:\/\/kapitalis.com\/tunisie\/#organization","name":"Kapitalis","url":"https:\/\/kapitalis.com\/tunisie\/","logo":{"@type":"ImageObject","inLanguage":"fr-FR","@id":"https:\/\/kapitalis.com\/tunisie\/#\/schema\/logo\/image\/","url":"https:\/\/kapitalis.com\/tunisie\/wp-content\/uploads\/2022\/05\/Kapitalis-big-size.png","contentUrl":"https:\/\/kapitalis.com\/tunisie\/wp-content\/uploads\/2022\/05\/Kapitalis-big-size.png","width":5000,"height":1500,"caption":"Kapitalis"},"image":{"@id":"https:\/\/kapitalis.com\/tunisie\/#\/schema\/logo\/image\/"},"sameAs":["https:\/\/www.facebook.com\/KapitalisInfo\/","https:\/\/x.com\/KapitalisInfo","https:\/\/www.youtube.com\/channel\/UC-yDYrHyfFBWWZaOw3FPg9Q"]},{"@type":"Person","@id":"https:\/\/kapitalis.com\/tunisie\/#\/schema\/person\/d71f33a9ca44f7bad4698210b480c8e9","name":"webmaster kapitalis","url":"https:\/\/kapitalis.com\/tunisie\/author\/webmaster-kapitalis\/"}]}},"_links":{"self":[{"href":"https:\/\/kapitalis.com\/tunisie\/wp-json\/wp\/v2\/posts\/11455072","targetHints":{"allow":["GET"]}}],"collection":[{"href":"https:\/\/kapitalis.com\/tunisie\/wp-json\/wp\/v2\/posts"}],"about":[{"href":"https:\/\/kapitalis.com\/tunisie\/wp-json\/wp\/v2\/types\/post"}],"author":[{"embeddable":true,"href":"https:\/\/kapitalis.com\/tunisie\/wp-json\/wp\/v2\/users\/8"}],"replies":[{"embeddable":true,"href":"https:\/\/kapitalis.com\/tunisie\/wp-json\/wp\/v2\/comments?post=11455072"}],"version-history":[{"count":1,"href":"https:\/\/kapitalis.com\/tunisie\/wp-json\/wp\/v2\/posts\/11455072\/revisions"}],"predecessor-version":[{"id":11455145,"href":"https:\/\/kapitalis.com\/tunisie\/wp-json\/wp\/v2\/posts\/11455072\/revisions\/11455145"}],"wp:featuredmedia":[{"embeddable":true,"href":"https:\/\/kapitalis.com\/tunisie\/wp-json\/wp\/v2\/media\/11455135"}],"wp:attachment":[{"href":"https:\/\/kapitalis.com\/tunisie\/wp-json\/wp\/v2\/media?parent=11455072"}],"wp:term":[{"taxonomy":"category","embeddable":true,"href":"https:\/\/kapitalis.com\/tunisie\/wp-json\/wp\/v2\/categories?post=11455072"},{"taxonomy":"post_tag","embeddable":true,"href":"https:\/\/kapitalis.com\/tunisie\/wp-json\/wp\/v2\/tags?post=11455072"}],"curies":[{"name":"wp","href":"https:\/\/api.w.org\/{rel}","templated":true}]}}