{"id":114875,"date":"2017-09-20T17:12:42","date_gmt":"2017-09-20T16:12:42","guid":{"rendered":"http:\/\/kapitalis.com\/tunisie\/?p=114875"},"modified":"2017-09-20T17:36:32","modified_gmt":"2017-09-20T16:36:32","slug":"zoo-du-belvedere-qui-a-dit-que-les-animaux-ont-faim","status":"publish","type":"post","link":"https:\/\/kapitalis.com\/tunisie\/2017\/09\/20\/zoo-du-belvedere-qui-a-dit-que-les-animaux-ont-faim\/","title":{"rendered":"Zoo du Belv\u00e9d\u00e8re : Qui a dit que les animaux ont faim ?"},"content":{"rendered":"<p style=\"text-align: center;\"><img loading=\"lazy\" decoding=\"async\" class=\"alignnone size-full wp-image-114977\" src=\"http:\/\/kapitalis.com\/tunisie\/wp-content\/uploads\/2017\/09\/Zoo-de-Tunis-Ban.jpg\" alt=\"\" width=\"626\" height=\"380\" \/><\/p>\n<p style=\"text-align: center;\"><em>L&rsquo;entr\u00e9e du zoo du Belv\u00e9d\u00e8re.<\/em><\/p>\n<p><em><strong>Selon une campagne orchestr\u00e9e sur les r\u00e9seaux sociaux, il y aurait au parc zoologique du Belv\u00e9d\u00e8re des animaux affam\u00e9s! V\u00e9rification faite, c\u2019est archi-faux !\u00a0<\/strong><\/em><\/p>\n<p>Par <strong>Zohra Abid<\/strong><\/p>\n<p><!--more--><\/p>\n<p>Des internautes, sans doute anim\u00e9s de bonnes intentions, ont partag\u00e9, sur les r\u00e9seaux sociaux, des photos d&rsquo;animaux fatigu\u00e9s presque mourants, en affirmant qu&rsquo;il s&rsquo;agit d&rsquo;animaux h\u00e9berg\u00e9s au parc zoologique du Belv\u00e9d\u00e8re, \u00e0 Tunis.<\/p>\n<p>Les photos ont \u00e9t\u00e9 reprises, sans v\u00e9rification, par des journaux en ligne (\u00e0 l&rsquo;instar de <a href=\"http:\/\/highlights.com.tn\/photos-animaux-belvedere-affaiblis-affames\/\"><em>\u00ab\u00a0Highlights\u00a0\u00bb<\/em><\/a>), qui ont largement relay\u00e9 l&rsquo;intox. Buzz facile et, surtout, idiot, qui en dit long sur le professionnalisme de ces confr\u00e8res, qui aiment faire du journalisme bien au chaud&#8230;<\/p>\n<p style=\"text-align: center;\"><img loading=\"lazy\" decoding=\"async\" class=\"alignnone wp-image-114978\" src=\"http:\/\/kapitalis.com\/tunisie\/wp-content\/uploads\/2017\/09\/Zoo-de-Tunis-Ours.jpg\" alt=\"\" width=\"500\" height=\"375\" \/><\/p>\n<p style=\"text-align: center;\"><em>L&rsquo;une des photos qui a fait jaser: clich\u00e9 pris pendant la canicule de midi.\u00a0<\/em><\/p>\n<p><strong>Une p\u00e9tition sur fond d\u2019intox<\/strong><\/p>\n<p>Comme on devait s&rsquo;y attendre, des citoyens ont \u00e9t\u00e9 choqu\u00e9s par les images des animaux au chapitre de l&rsquo;agonie. Ils se sont mobilis\u00e9s pour r\u00e9diger et mettre en ligne une p\u00e9tition au titre catastrophiste : <a href=\"https:\/\/www.petitions24.net\/le_belvedere_de_tunis_un_enfer_pour_les_animaux__18092017\"><em>\u00abLe Belv\u00e9d\u00e8re de Tunis, un enfer pour les animaux\u00bb<\/em><\/a>, qui a \u00e9t\u00e9 largement diffus\u00e9e par l\u2019association <em>La Voix des animau<\/em>x.<\/p>\n<p>Cette p\u00e9tition a \u00e9t\u00e9 sign\u00e9e en un temps record par des milliers de citoyens et accompagn\u00e9e de commentaires d\u2019indignation, d\u00e9non\u00e7ant en des termes peu am\u00e8nes un Etat incapable d\u2019entretenir m\u00eame des animaux en cage, et reprenant cette citation de Lamartine \u00ab<em>On n\u2019a pas deux c\u0153urs, un pour les animaux et un pour les humains. On a du c\u0153ur ou on n\u2019en a pas<\/em>\u00bb.<\/p>\n<p style=\"text-align: center;\"><img loading=\"lazy\" decoding=\"async\" class=\"alignnone wp-image-114979\" src=\"http:\/\/kapitalis.com\/tunisie\/wp-content\/uploads\/2017\/09\/Zoo-de-Tunis-3.jpg\" alt=\"\" width=\"500\" height=\"281\" \/><\/p>\n<p style=\"text-align: center;\"><em>Un parc plut\u00f4t propre et bien entretenu.<\/em><\/p>\n<p>On a m\u00eame appel\u00e9 \u00e0 un rassemblement de protestation devant le parc zoologique du Belv\u00e9d\u00e8re dimanche 24 septembre , \u00e0 11 heures, pour appeler au respect des animaux qui y sont h\u00e9berg\u00e9s.<\/p>\n<p>Il est vrai qu&rsquo;\u00e0 voir les photos des animaux partag\u00e9es par les internautes et certains m\u00e9dias, on ne peut qu\u2019\u00eatre choqu\u00e9s. Reste que tout ce beau monde a omis de faire le n\u00e9cessaire, dans pareil cas, \u00e0 savoir aller enqu\u00eater sur place. Et c&rsquo;est ce que nous avons fait, mais grande fut notre surprise en retrouvant une r\u00e9alit\u00e9 beaucoup moins alarmante. On peut m\u00eame affirmer que le parc zoologique du Belv\u00e9d\u00e8re est plut\u00f4t bien tenu et les animaux y coulent des jours tranquilles. S&rsquo;ils ne sont pas gav\u00e9s de nourriture, ils sont loin d&rsquo;\u00eatre affam\u00e9s. Tr\u00e8s loin m\u00eame&#8230;<\/p>\n<p style=\"text-align: center;\"><img loading=\"lazy\" decoding=\"async\" class=\"alignnone wp-image-114980\" src=\"http:\/\/kapitalis.com\/tunisie\/wp-content\/uploads\/2017\/09\/Zoo-de-Tunis-hippopotame-2.jpg\" alt=\"\" width=\"500\" height=\"281\" \/><\/p>\n<p style=\"text-align: center;\"><em>L&rsquo;hippopotame prend de l&rsquo;\u00e2ge et il sera difficile de le remplacer.<\/em><\/p>\n<p>Le zoo du Belv\u00e9d\u00e8re, qui est situ\u00e9 \u00e0 la lisi\u00e8re de Tunis, accueille quotidiennement des milliers de visiteurs, grands et petits, qui s&rsquo;y rendent souvent pour s\u2019a\u00e9rer l\u2019esprit dans un immense parc plant\u00e9 de centaines d\u2019esp\u00e8ces v\u00e9g\u00e9tales. Il est plut\u00f4t propre et bien entretenu.<\/p>\n<p>En ce qui concerne l&rsquo;hygi\u00e8ne des animaux, il n\u2019y a vraiment pas grand-chose \u00e0 signaler. Des panneaux de signalisation partout, les cl\u00f4tures en fer forg\u00e9 bordant les cages ont \u00e9t\u00e9 r\u00e9cemment remplac\u00e9s, pas moins d\u2019une vingtaine de cam\u00e9ras install\u00e9es d\u00e8s l\u2019entr\u00e9e du parc, des poubelles dans tous les coins et recoins&#8230; Sur notre chemin, pas m\u00eame un papier mouchoir par terre. Pas d\u2019odeur naus\u00e9abonde se d\u00e9gageant des cages des animaux. Des visiteurs de tous \u00e2ges et des caf\u00e9s qui ne d\u00e9semplissent pas.<\/p>\n<p style=\"text-align: center;\"><img loading=\"lazy\" decoding=\"async\" class=\"alignnone wp-image-114981\" src=\"http:\/\/kapitalis.com\/tunisie\/wp-content\/uploads\/2017\/09\/Zoo-de-Tunis-Lions.jpg\" alt=\"\" width=\"500\" height=\"281\" \/><\/p>\n<p style=\"text-align: center;\"><em>Les lions sont vieux, mais ils n&rsquo;ont rien perdu de leur majest\u00e9.\u00a0<\/em><\/p>\n<p><strong>Les animaux mangent \u00e0 leur faim<\/strong><\/p>\n<p>Ces animaux mangent-ils \u00e0 leur faim ? R\u00e9ponse de l\u2019un des 78 employ\u00e9s du zoo, salari\u00e9s de la municipalit\u00e9 de Tunis : \u00ab<em>Nous avons 2 v\u00e9t\u00e9rinaires, l\u2019un \u00e0 plein temps et qui habite au parc, et l\u2019autre est pr\u00e9sent toute la journ\u00e9e, pendant les heures administratives. Et c&rsquo;est le v\u00e9t\u00e9rinaire qui nous prescrit, tous les jours, la dose n\u00e9cessaire d&rsquo;alimentation pour chaque animal. Sachant que les jeunes animaux mangent davantage que ceux qui avancent dans l&rsquo;\u00e2ge<\/em>\u00bb.<\/p>\n<p>Y a-t-il vraiment un manque de nourriture? R\u00e9ponse: \u00ab<em>Non, tous les animaux sont bien nourris, chaque esp\u00e8re selon son r\u00e9gime sp\u00e9cifique.\u00bb<\/em><\/p>\n<p style=\"text-align: center;\"><img loading=\"lazy\" decoding=\"async\" class=\"alignnone wp-image-114982\" src=\"http:\/\/kapitalis.com\/tunisie\/wp-content\/uploads\/2017\/09\/Zoo-de-Tunis-Gazelle.jpg\" alt=\"\" width=\"500\" height=\"281\" \/><\/p>\n<p style=\"text-align: center;\"><em>Chaque esp\u00e8ce a son r\u00e9gime alimentaire et tout est sous la supervision de deux v\u00e9t\u00e9rinaires.\u00a0<\/em><\/p>\n<p>D\u2019o\u00f9 viennent alors les photos d&rsquo;animaux affaiblis et somnolents partag\u00e9es sur les r\u00e9seaux sociaux? R\u00e9ponse de notre interlocuteur :<em> \u00abElles ont sans doute \u00e9t\u00e9 prises durant l&rsquo;\u00e9t\u00e9 et \u00e0 la mi-journ\u00e9e, quand il fait tr\u00e8s chaud et que les animaux s\u2019\u00e9tendent souvent \u00e0 l\u2019ombre pendant les heures de grande chaleur<\/em>\u00bb.<\/p>\n<p><strong>Des animaux menac\u00e9s de disparition\u00a0<\/strong><\/p>\n<p>Nous avons, en effet, sillonn\u00e9 le parc en long et en large et rien ne nous a vraiment choqu\u00e9s. Sauf le nombre des animaux, qui diminue d&rsquo;une ann\u00e9e \u00e0 l&rsquo;autre. Les b\u00eates qui meurent ne sont pas toujours remplac\u00e9es. Il y a, \u00e0 titre d\u2019exemple, un seul hippopotame dans ce parc et, \u00e0 sa mort, cette esp\u00e8ce dispara\u00eetra du zoo. Et ce serait dommage, surtout pour les enfants qui sont souvent impressionn\u00e9s par cet animal g\u00e9ant.<\/p>\n<p>\u00ab<em>On ne peut pas toujours remplacer les animaux qui meurent. Certains co\u00fbtent des centaines de milliers de dinars et les prix augmentent sans cesse, car certaines esp\u00e8ces deviennent rares. M<\/em><em>enac\u00e9es d\u2019extinction,\u00a0elles sont prot\u00e9g\u00e9es. C&rsquo;est l\u00e0 un ph\u00e9nom\u00e8ne mondial<\/em>\u00bb, nous explique un employ\u00e9 de la municipalit\u00e9 de Tunis. Qui se plaint de la grande charge de travail et admet l&rsquo;existence d&rsquo;un probl\u00e8me d&rsquo;effectif.\u00a0\u00ab<em>Avant la r\u00e9volution, nous \u00e9tions 270 employ\u00e9s, mais la plupart ne servaient \u00e0 rien car ils n&rsquo;avaient pas \u00e9t\u00e9 form\u00e9s \u00e0 l&rsquo;\u00e9cole v\u00e9t\u00e9rinaire de Sidi Thabet. Ils passaient la journ\u00e9e \u00e0 tourner les pouces. Aujourd\u2019hui, le nombre a certes beaucoup diminu\u00e9 mais tout le monde est form\u00e9 et tout le monde travaille. D\u2019ailleurs, notre situation a \u00e9t\u00e9 r\u00e9gularis\u00e9e par la mairie apr\u00e8s l\u2019intervention du minist\u00e8re de tutelle<\/em>\u00bb, explique notre interlocuteur.<\/p>\n<p style=\"text-align: center;\"><img loading=\"lazy\" decoding=\"async\" class=\"alignnone wp-image-114983\" src=\"http:\/\/kapitalis.com\/tunisie\/wp-content\/uploads\/2017\/09\/Zoo-de-Tunis.jpg\" alt=\"\" width=\"500\" height=\"281\" \/><\/p>\n<p style=\"text-align: center;\"><em>Les singes attirent toujours parents et enfants.\u00a0<\/em><\/p>\n<p><strong>Retour sur une pol\u00e9mique<\/strong><\/p>\n<p>A l\u2019image du pays, le parc zoologique est pass\u00e9 par une p\u00e9riode difficile, marqu\u00e9e par l&rsquo;abandon et le laisser-aller. Un crocodile a m\u00eame \u00e9t\u00e9 tu\u00e9 par des visiteurs, en f\u00e9vrier dernier, dont l&rsquo;image a \u00e9t\u00e9 diffus\u00e9e dans le monde entier et a provoqu\u00e9 une grosse pol\u00e9mique. Un rassemblement a m\u00eame eu lieu devant le zoo et des citoyens se sont mobilis\u00e9s pour la d\u00e9fense des animaux et ont exig\u00e9 l\u2019ouverture d\u2019une enqu\u00eate sur cette affaire.<\/p>\n<p>Le 5 mars dernier, soit quelques jours apr\u00e8s la lapidation de la \u00eate, le ministre des Affaires locales et de l\u2019Environnement, Riadh Mouakhar, s\u2019est rendu au zoo avec son \u00e9quipe, ainsi que des responsables de la mairie de Tunis. Le zoo a \u00e9t\u00e9 ferm\u00e9 provisoirement et des travaux d\u2019entretien y ont \u00e9t\u00e9 men\u00e9s, qui ont dur\u00e9 un mois.<\/p>\n<p style=\"text-align: center;\"><img loading=\"lazy\" decoding=\"async\" class=\"alignnone wp-image-114984\" src=\"http:\/\/kapitalis.com\/tunisie\/wp-content\/uploads\/2017\/09\/Zoo-de-Tunis-Lac.jpg\" alt=\"\" width=\"500\" height=\"281\" \/><\/p>\n<p style=\"text-align: center;\"><em>Le fameux lac int\u00e9rieur qui adoucit l&rsquo;air du parc.\u00a0<\/em><\/p>\n<p>Ouvert de nouveau au public depuis\u00a0le 7 avril dernier, il ne d\u00e9semplit pas. Et on n&rsquo;y a enregistr\u00e9 aucun incident. Et c\u2019est tant mieux ainsi. Quant \u00e0 l&rsquo;histoire des animaux affam\u00e9s, elle est \u00e0 inscrire dans le b\u00eatisier des m\u00e9dias tunisiens&#8230;<\/p>\n","protected":false},"excerpt":{"rendered":"<p>L&rsquo;entr\u00e9e du zoo du Belv\u00e9d\u00e8re. Selon une campagne orchestr\u00e9e sur les r\u00e9seaux sociaux, il y aurait au parc zoologique du Belv\u00e9d\u00e8re des animaux affam\u00e9s! V\u00e9rification faite, c\u2019est archi-faux !\u00a0 Par Zohra Abid<\/p>\n","protected":false},"author":7,"featured_media":114977,"comment_status":"open","ping_status":"open","sticky":false,"template":"","format":"standard","meta":{"footnotes":""},"categories":[992,998,2433],"tags":[8437,9281,21520],"class_list":["post-114875","post","type-post","status-publish","format-standard","has-post-thumbnail","hentry","category-a-la-une","category-societe","category-tunisie","tag-animaux","tag-municipalite-de-tunis","tag-veterinaires"],"yoast_head":"<!-- This site is optimized with the Yoast SEO plugin v26.6 - https:\/\/yoast.com\/wordpress\/plugins\/seo\/ -->\n<title>Zoo du Belv\u00e9d\u00e8re : Qui a dit que les animaux ont faim ? - Kapitalis<\/title>\n<meta name=\"robots\" content=\"index, follow, max-snippet:-1, max-image-preview:large, max-video-preview:-1\" \/>\n<link rel=\"canonical\" href=\"https:\/\/kapitalis.com\/tunisie\/2017\/09\/20\/zoo-du-belvedere-qui-a-dit-que-les-animaux-ont-faim\/\" \/>\n<meta property=\"og:locale\" content=\"fr_FR\" \/>\n<meta property=\"og:type\" content=\"article\" \/>\n<meta property=\"og:title\" content=\"Zoo du Belv\u00e9d\u00e8re : Qui a dit que les animaux ont faim ? - Kapitalis\" \/>\n<meta property=\"og:description\" content=\"L&rsquo;entr\u00e9e du zoo du Belv\u00e9d\u00e8re. Selon une campagne orchestr\u00e9e sur les r\u00e9seaux sociaux, il y aurait au parc zoologique du Belv\u00e9d\u00e8re des animaux affam\u00e9s! V\u00e9rification faite, c\u2019est archi-faux !\u00a0 Par Zohra Abid\" \/>\n<meta property=\"og:url\" content=\"https:\/\/kapitalis.com\/tunisie\/2017\/09\/20\/zoo-du-belvedere-qui-a-dit-que-les-animaux-ont-faim\/\" \/>\n<meta property=\"og:site_name\" content=\"Kapitalis\" \/>\n<meta property=\"article:publisher\" content=\"https:\/\/www.facebook.com\/KapitalisInfo\/\" \/>\n<meta property=\"article:published_time\" content=\"2017-09-20T16:12:42+00:00\" \/>\n<meta property=\"article:modified_time\" content=\"2017-09-20T16:36:32+00:00\" \/>\n<meta property=\"og:image\" content=\"https:\/\/kapitalis.com\/tunisie\/wp-content\/uploads\/2022\/05\/kapitalis-logo-fb.png\" \/>\n\t<meta property=\"og:image:width\" content=\"1200\" \/>\n\t<meta property=\"og:image:height\" content=\"630\" \/>\n\t<meta property=\"og:image:type\" content=\"image\/png\" \/>\n<meta name=\"author\" content=\"zohra abid\" \/>\n<meta name=\"twitter:card\" content=\"summary_large_image\" \/>\n<meta name=\"twitter:creator\" content=\"@KapitalisInfo\" \/>\n<meta name=\"twitter:site\" content=\"@KapitalisInfo\" \/>\n<meta name=\"twitter:label1\" content=\"\u00c9crit par\" \/>\n\t<meta name=\"twitter:data1\" content=\"zohra abid\" \/>\n\t<meta name=\"twitter:label2\" content=\"Dur\u00e9e de lecture estim\u00e9e\" \/>\n\t<meta name=\"twitter:data2\" content=\"6 minutes\" \/>\n<script type=\"application\/ld+json\" class=\"yoast-schema-graph\">{\"@context\":\"https:\/\/schema.org\",\"@graph\":[{\"@type\":\"Article\",\"@id\":\"https:\/\/kapitalis.com\/tunisie\/2017\/09\/20\/zoo-du-belvedere-qui-a-dit-que-les-animaux-ont-faim\/#article\",\"isPartOf\":{\"@id\":\"https:\/\/kapitalis.com\/tunisie\/2017\/09\/20\/zoo-du-belvedere-qui-a-dit-que-les-animaux-ont-faim\/\"},\"author\":{\"name\":\"zohra abid\",\"@id\":\"https:\/\/kapitalis.com\/tunisie\/#\/schema\/person\/6fc2988ceb6eacf6836db1d8360b4912\"},\"headline\":\"Zoo du Belv\u00e9d\u00e8re : Qui a dit que les animaux ont faim ?\",\"datePublished\":\"2017-09-20T16:12:42+00:00\",\"dateModified\":\"2017-09-20T16:36:32+00:00\",\"mainEntityOfPage\":{\"@id\":\"https:\/\/kapitalis.com\/tunisie\/2017\/09\/20\/zoo-du-belvedere-qui-a-dit-que-les-animaux-ont-faim\/\"},\"wordCount\":1272,\"commentCount\":12,\"publisher\":{\"@id\":\"https:\/\/kapitalis.com\/tunisie\/#organization\"},\"image\":{\"@id\":\"https:\/\/kapitalis.com\/tunisie\/2017\/09\/20\/zoo-du-belvedere-qui-a-dit-que-les-animaux-ont-faim\/#primaryimage\"},\"thumbnailUrl\":\"\",\"keywords\":[\"Animaux\",\"municipalit\u00e9 de Tunis\",\"V\u00e9t\u00e9rinaires\"],\"articleSection\":[\"A LA UNE\",\"SOCIETE\",\"Tunisie\"],\"inLanguage\":\"fr-FR\",\"potentialAction\":[{\"@type\":\"CommentAction\",\"name\":\"Comment\",\"target\":[\"https:\/\/kapitalis.com\/tunisie\/2017\/09\/20\/zoo-du-belvedere-qui-a-dit-que-les-animaux-ont-faim\/#respond\"]}]},{\"@type\":\"WebPage\",\"@id\":\"https:\/\/kapitalis.com\/tunisie\/2017\/09\/20\/zoo-du-belvedere-qui-a-dit-que-les-animaux-ont-faim\/\",\"url\":\"https:\/\/kapitalis.com\/tunisie\/2017\/09\/20\/zoo-du-belvedere-qui-a-dit-que-les-animaux-ont-faim\/\",\"name\":\"Zoo du Belv\u00e9d\u00e8re : Qui a dit que les animaux ont faim ? - Kapitalis\",\"isPartOf\":{\"@id\":\"https:\/\/kapitalis.com\/tunisie\/#website\"},\"primaryImageOfPage\":{\"@id\":\"https:\/\/kapitalis.com\/tunisie\/2017\/09\/20\/zoo-du-belvedere-qui-a-dit-que-les-animaux-ont-faim\/#primaryimage\"},\"image\":{\"@id\":\"https:\/\/kapitalis.com\/tunisie\/2017\/09\/20\/zoo-du-belvedere-qui-a-dit-que-les-animaux-ont-faim\/#primaryimage\"},\"thumbnailUrl\":\"\",\"datePublished\":\"2017-09-20T16:12:42+00:00\",\"dateModified\":\"2017-09-20T16:36:32+00:00\",\"breadcrumb\":{\"@id\":\"https:\/\/kapitalis.com\/tunisie\/2017\/09\/20\/zoo-du-belvedere-qui-a-dit-que-les-animaux-ont-faim\/#breadcrumb\"},\"inLanguage\":\"fr-FR\",\"potentialAction\":[{\"@type\":\"ReadAction\",\"target\":[\"https:\/\/kapitalis.com\/tunisie\/2017\/09\/20\/zoo-du-belvedere-qui-a-dit-que-les-animaux-ont-faim\/\"]}]},{\"@type\":\"ImageObject\",\"inLanguage\":\"fr-FR\",\"@id\":\"https:\/\/kapitalis.com\/tunisie\/2017\/09\/20\/zoo-du-belvedere-qui-a-dit-que-les-animaux-ont-faim\/#primaryimage\",\"url\":\"\",\"contentUrl\":\"\"},{\"@type\":\"BreadcrumbList\",\"@id\":\"https:\/\/kapitalis.com\/tunisie\/2017\/09\/20\/zoo-du-belvedere-qui-a-dit-que-les-animaux-ont-faim\/#breadcrumb\",\"itemListElement\":[{\"@type\":\"ListItem\",\"position\":1,\"name\":\"Accueil\",\"item\":\"https:\/\/kapitalis.com\/tunisie\/\"},{\"@type\":\"ListItem\",\"position\":2,\"name\":\"Zoo du Belv\u00e9d\u00e8re : Qui a dit que les animaux ont faim ?\"}]},{\"@type\":\"WebSite\",\"@id\":\"https:\/\/kapitalis.com\/tunisie\/#website\",\"url\":\"https:\/\/kapitalis.com\/tunisie\/\",\"name\":\"Kapitalis\",\"description\":\"L&#039;actualit\u00e9 en Tunisie et dans le monde\",\"publisher\":{\"@id\":\"https:\/\/kapitalis.com\/tunisie\/#organization\"},\"potentialAction\":[{\"@type\":\"SearchAction\",\"target\":{\"@type\":\"EntryPoint\",\"urlTemplate\":\"https:\/\/kapitalis.com\/tunisie\/?s={search_term_string}\"},\"query-input\":{\"@type\":\"PropertyValueSpecification\",\"valueRequired\":true,\"valueName\":\"search_term_string\"}}],\"inLanguage\":\"fr-FR\"},{\"@type\":\"Organization\",\"@id\":\"https:\/\/kapitalis.com\/tunisie\/#organization\",\"name\":\"Kapitalis\",\"url\":\"https:\/\/kapitalis.com\/tunisie\/\",\"logo\":{\"@type\":\"ImageObject\",\"inLanguage\":\"fr-FR\",\"@id\":\"https:\/\/kapitalis.com\/tunisie\/#\/schema\/logo\/image\/\",\"url\":\"https:\/\/kapitalis.com\/tunisie\/wp-content\/uploads\/2022\/05\/Kapitalis-big-size.png\",\"contentUrl\":\"https:\/\/kapitalis.com\/tunisie\/wp-content\/uploads\/2022\/05\/Kapitalis-big-size.png\",\"width\":5000,\"height\":1500,\"caption\":\"Kapitalis\"},\"image\":{\"@id\":\"https:\/\/kapitalis.com\/tunisie\/#\/schema\/logo\/image\/\"},\"sameAs\":[\"https:\/\/www.facebook.com\/KapitalisInfo\/\",\"https:\/\/x.com\/KapitalisInfo\",\"https:\/\/www.youtube.com\/channel\/UC-yDYrHyfFBWWZaOw3FPg9Q\"]},{\"@type\":\"Person\",\"@id\":\"https:\/\/kapitalis.com\/tunisie\/#\/schema\/person\/6fc2988ceb6eacf6836db1d8360b4912\",\"name\":\"zohra abid\",\"url\":\"https:\/\/kapitalis.com\/tunisie\/author\/zohra-abid-2015\/\"}]}<\/script>\n<!-- \/ Yoast SEO plugin. -->","yoast_head_json":{"title":"Zoo du Belv\u00e9d\u00e8re : Qui a dit que les animaux ont faim ? - Kapitalis","robots":{"index":"index","follow":"follow","max-snippet":"max-snippet:-1","max-image-preview":"max-image-preview:large","max-video-preview":"max-video-preview:-1"},"canonical":"https:\/\/kapitalis.com\/tunisie\/2017\/09\/20\/zoo-du-belvedere-qui-a-dit-que-les-animaux-ont-faim\/","og_locale":"fr_FR","og_type":"article","og_title":"Zoo du Belv\u00e9d\u00e8re : Qui a dit que les animaux ont faim ? - Kapitalis","og_description":"L&rsquo;entr\u00e9e du zoo du Belv\u00e9d\u00e8re. Selon une campagne orchestr\u00e9e sur les r\u00e9seaux sociaux, il y aurait au parc zoologique du Belv\u00e9d\u00e8re des animaux affam\u00e9s! V\u00e9rification faite, c\u2019est archi-faux !\u00a0 Par Zohra Abid","og_url":"https:\/\/kapitalis.com\/tunisie\/2017\/09\/20\/zoo-du-belvedere-qui-a-dit-que-les-animaux-ont-faim\/","og_site_name":"Kapitalis","article_publisher":"https:\/\/www.facebook.com\/KapitalisInfo\/","article_published_time":"2017-09-20T16:12:42+00:00","article_modified_time":"2017-09-20T16:36:32+00:00","og_image":[{"width":1200,"height":630,"url":"https:\/\/kapitalis.com\/tunisie\/wp-content\/uploads\/2022\/05\/kapitalis-logo-fb.png","type":"image\/png"}],"author":"zohra abid","twitter_card":"summary_large_image","twitter_creator":"@KapitalisInfo","twitter_site":"@KapitalisInfo","twitter_misc":{"\u00c9crit par":"zohra abid","Dur\u00e9e de lecture estim\u00e9e":"6 minutes"},"schema":{"@context":"https:\/\/schema.org","@graph":[{"@type":"Article","@id":"https:\/\/kapitalis.com\/tunisie\/2017\/09\/20\/zoo-du-belvedere-qui-a-dit-que-les-animaux-ont-faim\/#article","isPartOf":{"@id":"https:\/\/kapitalis.com\/tunisie\/2017\/09\/20\/zoo-du-belvedere-qui-a-dit-que-les-animaux-ont-faim\/"},"author":{"name":"zohra abid","@id":"https:\/\/kapitalis.com\/tunisie\/#\/schema\/person\/6fc2988ceb6eacf6836db1d8360b4912"},"headline":"Zoo du Belv\u00e9d\u00e8re : Qui a dit que les animaux ont faim ?","datePublished":"2017-09-20T16:12:42+00:00","dateModified":"2017-09-20T16:36:32+00:00","mainEntityOfPage":{"@id":"https:\/\/kapitalis.com\/tunisie\/2017\/09\/20\/zoo-du-belvedere-qui-a-dit-que-les-animaux-ont-faim\/"},"wordCount":1272,"commentCount":12,"publisher":{"@id":"https:\/\/kapitalis.com\/tunisie\/#organization"},"image":{"@id":"https:\/\/kapitalis.com\/tunisie\/2017\/09\/20\/zoo-du-belvedere-qui-a-dit-que-les-animaux-ont-faim\/#primaryimage"},"thumbnailUrl":"","keywords":["Animaux","municipalit\u00e9 de Tunis","V\u00e9t\u00e9rinaires"],"articleSection":["A LA UNE","SOCIETE","Tunisie"],"inLanguage":"fr-FR","potentialAction":[{"@type":"CommentAction","name":"Comment","target":["https:\/\/kapitalis.com\/tunisie\/2017\/09\/20\/zoo-du-belvedere-qui-a-dit-que-les-animaux-ont-faim\/#respond"]}]},{"@type":"WebPage","@id":"https:\/\/kapitalis.com\/tunisie\/2017\/09\/20\/zoo-du-belvedere-qui-a-dit-que-les-animaux-ont-faim\/","url":"https:\/\/kapitalis.com\/tunisie\/2017\/09\/20\/zoo-du-belvedere-qui-a-dit-que-les-animaux-ont-faim\/","name":"Zoo du Belv\u00e9d\u00e8re : Qui a dit que les animaux ont faim ? - Kapitalis","isPartOf":{"@id":"https:\/\/kapitalis.com\/tunisie\/#website"},"primaryImageOfPage":{"@id":"https:\/\/kapitalis.com\/tunisie\/2017\/09\/20\/zoo-du-belvedere-qui-a-dit-que-les-animaux-ont-faim\/#primaryimage"},"image":{"@id":"https:\/\/kapitalis.com\/tunisie\/2017\/09\/20\/zoo-du-belvedere-qui-a-dit-que-les-animaux-ont-faim\/#primaryimage"},"thumbnailUrl":"","datePublished":"2017-09-20T16:12:42+00:00","dateModified":"2017-09-20T16:36:32+00:00","breadcrumb":{"@id":"https:\/\/kapitalis.com\/tunisie\/2017\/09\/20\/zoo-du-belvedere-qui-a-dit-que-les-animaux-ont-faim\/#breadcrumb"},"inLanguage":"fr-FR","potentialAction":[{"@type":"ReadAction","target":["https:\/\/kapitalis.com\/tunisie\/2017\/09\/20\/zoo-du-belvedere-qui-a-dit-que-les-animaux-ont-faim\/"]}]},{"@type":"ImageObject","inLanguage":"fr-FR","@id":"https:\/\/kapitalis.com\/tunisie\/2017\/09\/20\/zoo-du-belvedere-qui-a-dit-que-les-animaux-ont-faim\/#primaryimage","url":"","contentUrl":""},{"@type":"BreadcrumbList","@id":"https:\/\/kapitalis.com\/tunisie\/2017\/09\/20\/zoo-du-belvedere-qui-a-dit-que-les-animaux-ont-faim\/#breadcrumb","itemListElement":[{"@type":"ListItem","position":1,"name":"Accueil","item":"https:\/\/kapitalis.com\/tunisie\/"},{"@type":"ListItem","position":2,"name":"Zoo du Belv\u00e9d\u00e8re : Qui a dit que les animaux ont faim ?"}]},{"@type":"WebSite","@id":"https:\/\/kapitalis.com\/tunisie\/#website","url":"https:\/\/kapitalis.com\/tunisie\/","name":"Kapitalis","description":"L&#039;actualit\u00e9 en Tunisie et dans le monde","publisher":{"@id":"https:\/\/kapitalis.com\/tunisie\/#organization"},"potentialAction":[{"@type":"SearchAction","target":{"@type":"EntryPoint","urlTemplate":"https:\/\/kapitalis.com\/tunisie\/?s={search_term_string}"},"query-input":{"@type":"PropertyValueSpecification","valueRequired":true,"valueName":"search_term_string"}}],"inLanguage":"fr-FR"},{"@type":"Organization","@id":"https:\/\/kapitalis.com\/tunisie\/#organization","name":"Kapitalis","url":"https:\/\/kapitalis.com\/tunisie\/","logo":{"@type":"ImageObject","inLanguage":"fr-FR","@id":"https:\/\/kapitalis.com\/tunisie\/#\/schema\/logo\/image\/","url":"https:\/\/kapitalis.com\/tunisie\/wp-content\/uploads\/2022\/05\/Kapitalis-big-size.png","contentUrl":"https:\/\/kapitalis.com\/tunisie\/wp-content\/uploads\/2022\/05\/Kapitalis-big-size.png","width":5000,"height":1500,"caption":"Kapitalis"},"image":{"@id":"https:\/\/kapitalis.com\/tunisie\/#\/schema\/logo\/image\/"},"sameAs":["https:\/\/www.facebook.com\/KapitalisInfo\/","https:\/\/x.com\/KapitalisInfo","https:\/\/www.youtube.com\/channel\/UC-yDYrHyfFBWWZaOw3FPg9Q"]},{"@type":"Person","@id":"https:\/\/kapitalis.com\/tunisie\/#\/schema\/person\/6fc2988ceb6eacf6836db1d8360b4912","name":"zohra abid","url":"https:\/\/kapitalis.com\/tunisie\/author\/zohra-abid-2015\/"}]}},"_links":{"self":[{"href":"https:\/\/kapitalis.com\/tunisie\/wp-json\/wp\/v2\/posts\/114875","targetHints":{"allow":["GET"]}}],"collection":[{"href":"https:\/\/kapitalis.com\/tunisie\/wp-json\/wp\/v2\/posts"}],"about":[{"href":"https:\/\/kapitalis.com\/tunisie\/wp-json\/wp\/v2\/types\/post"}],"author":[{"embeddable":true,"href":"https:\/\/kapitalis.com\/tunisie\/wp-json\/wp\/v2\/users\/7"}],"replies":[{"embeddable":true,"href":"https:\/\/kapitalis.com\/tunisie\/wp-json\/wp\/v2\/comments?post=114875"}],"version-history":[{"count":0,"href":"https:\/\/kapitalis.com\/tunisie\/wp-json\/wp\/v2\/posts\/114875\/revisions"}],"wp:featuredmedia":[{"embeddable":true,"href":"https:\/\/kapitalis.com\/tunisie\/wp-json\/wp\/v2\/media\/114977"}],"wp:attachment":[{"href":"https:\/\/kapitalis.com\/tunisie\/wp-json\/wp\/v2\/media?parent=114875"}],"wp:term":[{"taxonomy":"category","embeddable":true,"href":"https:\/\/kapitalis.com\/tunisie\/wp-json\/wp\/v2\/categories?post=114875"},{"taxonomy":"post_tag","embeddable":true,"href":"https:\/\/kapitalis.com\/tunisie\/wp-json\/wp\/v2\/tags?post=114875"}],"curies":[{"name":"wp","href":"https:\/\/api.w.org\/{rel}","templated":true}]}}