{"id":11497386,"date":"2024-02-03T08:48:15","date_gmt":"2024-02-03T07:48:15","guid":{"rendered":"https:\/\/kapitalis.com\/tunisie\/?p=11497386"},"modified":"2024-02-03T08:48:17","modified_gmt":"2024-02-03T07:48:17","slug":"tunisie-un-jeune-muraliste-condamne-a-2-ans-de-prison","status":"publish","type":"post","link":"https:\/\/kapitalis.com\/tunisie\/2024\/02\/03\/tunisie-un-jeune-muraliste-condamne-a-2-ans-de-prison\/","title":{"rendered":"Tunisie\u00a0: un jeune muraliste condamn\u00e9 \u00e0 2 ans de prison"},"content":{"rendered":"\n<p><strong><em>Dans le communiqu\u00e9 reproduit ci-dessous, l\u2019association Intersection pour les droits et libert\u00e9s condamne le verdict en appel rendu le 31 janvier 2024 \u00e0 l\u2019encontre du jeune muraliste Rached Tamboura le condamnant \u00e0 deux ans de prison ferme \u00abpour avoir commis un acte odieux contre le pr\u00e9sident de la r\u00e9publique\u00bb. <\/em><\/strong><\/p>\n\n\n\n<!--more-->\n\n\n\n<p>La cour d\u2019appel a confirm\u00e9 le verdict initial rendu par le tribunal de premi\u00e8re instance de Monastir, le 4 d\u00e9cembre 2023, condamnant le pr\u00e9venu \u00e0 deux ans de prison. Le <em>\u00abcrime\u00bb<\/em> justifiant cette condamnation\u00a0: une fresque murale critiquant le discours de Ka\u00efs Sa\u00efed \u00e0 l\u2019\u00e9gard des immigr\u00e9s des pays d\u2019Afrique subsaharienne.<\/p>\n\n\n\n<p><em>L\u2019Association Intersection pour les droits et libert\u00e9s renouvelle son soutien au prisonnier de la libert\u00e9 d\u2019expression Rached Tamboura, appelant \u00e0 la lev\u00e9e des injustices \u00e0 son encontre, car ce qu\u2019il a fait rel\u00e8ve de son droit \u00e0 la libert\u00e9 d\u2019opinion et d\u2019expression garanti constitutionnellement et prot\u00e9g\u00e9 par conventions internationales et r\u00e9gionales. L\u2019\u00c9tat tunisien est tenu de faire respecter et de garantir <\/em>(ce droit, Ndlr) <em>\u00e0 tous ses citoyens, quelles que soient leurs opinions et orientations diff\u00e9rentes, car il s\u2019agit de droits dont jouissent tous les \u00eatres humains sans discrimination.<\/em><\/p>\n\n\n\n<p><em>En plus de la contradiction avec le commentaire 34 de 2011 du Comit\u00e9 des droits de l\u2019homme des Nations Unies, qui pr\u00e9cisait que le paragraphe 2 de l\u2019article 19 mentionn\u00e9 ci-dessus stipule la protection de toutes les formes d\u2019expression et des moyens de leur diffusion. Ces formes comprennent le langage parl\u00e9 et \u00e9crit, la langue des signes et les expressions non verbales, telles que les images et l\u2019art. Les moyens d\u2019expression englobent les livres, les journaux, les publications, les affiches, les panneaux, les v\u00eatements et les documents juridiques, ainsi que toutes les formes auditives et visuelles, en plus des modes d\u2019expression \u00e9lectroniques et web.<\/em><\/p>\n\n\n\n<p><em>L\u2019association Intersection met en garde contre la poursuite de ces violations, qui soulignent la persistance du r\u00e9gime de Ka\u00efs Sa\u00efed \u00e0 adopter des politiques qui font taire les voix et les actions en privant les citoyens en g\u00e9n\u00e9ral de leur droit \u00e0 la libert\u00e9 d\u2019opinion et d\u2019expression. Cela a entra\u00een\u00e9 la Tunisie dans le carr\u00e9 de la tyrannie dont le peuple tunisien s\u2019effor\u00e7ait de se lib\u00e9rer.<\/em><\/p>\n\n\n\n<p><em>Enfin, l\u2019association Intersection pour les droits et libert\u00e9s appelle toutes les forces civiles et politiques \u00e0 agir contre la multiplication des jugements s\u00e9v\u00e8res contre les jeunes et \u00e0 s\u2019unir pour d\u00e9fendre le droit \u00e0 la libert\u00e9 d\u2019expression et \u00e0 la participation \u00e0 la vie politique.<\/em><\/p>\n\n\n\n<p><em>L\u2019association appelle \u00e9galement \u00e0 condamner les violations, comme celles constat\u00e9es dans le cas de Rached Tamboura, par lesquelles l\u2019\u00c9tat a d\u00e9clar\u00e9 sa politique visant \u00e0 porter atteinte aux droits et libert\u00e9s en g\u00e9n\u00e9ral, y compris la libert\u00e9 d\u2019opinion et d\u2019expression.<\/em><\/p>\n\n\n\n<p><strong><em>Communiqu\u00e9.<\/em><\/strong> <\/p>\n","protected":false},"excerpt":{"rendered":"<p>Le jeune muraliste Rached Tamboura condamn\u00e9 \u00e0 deux ans de prison ferme pour&#8230; offense au pr\u00e9sident Ka\u00efs Sa\u00efed. <\/p>\n","protected":false},"author":8,"featured_media":11497431,"comment_status":"open","ping_status":"open","sticky":false,"template":"","format":"standard","meta":{"footnotes":""},"categories":[996,997,2433],"tags":[8124,112527,26032,12235,8698,633,113745],"class_list":["post-11497386","post","type-post","status-publish","format-standard","has-post-thumbnail","hentry","category-media","category-politique","category-tunisie","tag-afrique-subsaharienne","tag-association-intersection","tag-immigres","tag-kais-saied","tag-liberte-dexpression","tag-monastir","tag-rached-tamboura"],"yoast_head":"<!-- This site is optimized with the Yoast SEO plugin v26.6 - https:\/\/yoast.com\/wordpress\/plugins\/seo\/ -->\n<title>Tunisie\u00a0: un jeune muraliste condamn\u00e9 \u00e0 2 ans de prison - Kapitalis<\/title>\n<meta name=\"robots\" content=\"index, follow, max-snippet:-1, max-image-preview:large, max-video-preview:-1\" \/>\n<link rel=\"canonical\" href=\"https:\/\/kapitalis.com\/tunisie\/2024\/02\/03\/tunisie-un-jeune-muraliste-condamne-a-2-ans-de-prison\/\" \/>\n<meta property=\"og:locale\" content=\"fr_FR\" \/>\n<meta property=\"og:type\" content=\"article\" \/>\n<meta property=\"og:title\" content=\"Tunisie\u00a0: un jeune muraliste condamn\u00e9 \u00e0 2 ans de prison - Kapitalis\" \/>\n<meta property=\"og:description\" content=\"Le jeune muraliste Rached Tamboura condamn\u00e9 \u00e0 deux ans de prison ferme pour... offense au pr\u00e9sident Ka\u00efs Sa\u00efed.\" \/>\n<meta property=\"og:url\" content=\"https:\/\/kapitalis.com\/tunisie\/2024\/02\/03\/tunisie-un-jeune-muraliste-condamne-a-2-ans-de-prison\/\" \/>\n<meta property=\"og:site_name\" content=\"Kapitalis\" \/>\n<meta property=\"article:publisher\" content=\"https:\/\/www.facebook.com\/KapitalisInfo\/\" \/>\n<meta property=\"article:published_time\" content=\"2024-02-03T07:48:15+00:00\" \/>\n<meta property=\"article:modified_time\" content=\"2024-02-03T07:48:17+00:00\" \/>\n<meta property=\"og:image\" content=\"https:\/\/kapitalis.com\/tunisie\/wp-content\/uploads\/2024\/02\/Rached-Tamboura.jpg\" \/>\n\t<meta property=\"og:image:width\" content=\"1200\" \/>\n\t<meta property=\"og:image:height\" content=\"630\" \/>\n\t<meta property=\"og:image:type\" content=\"image\/jpeg\" \/>\n<meta name=\"author\" content=\"webmaster kapitalis\" \/>\n<meta name=\"twitter:card\" content=\"summary_large_image\" \/>\n<meta name=\"twitter:creator\" content=\"@KapitalisInfo\" \/>\n<meta name=\"twitter:site\" content=\"@KapitalisInfo\" \/>\n<meta name=\"twitter:label1\" content=\"\u00c9crit par\" \/>\n\t<meta name=\"twitter:data1\" content=\"webmaster kapitalis\" \/>\n\t<meta name=\"twitter:label2\" content=\"Dur\u00e9e de lecture estim\u00e9e\" \/>\n\t<meta name=\"twitter:data2\" content=\"3 minutes\" \/>\n<script type=\"application\/ld+json\" class=\"yoast-schema-graph\">{\"@context\":\"https:\/\/schema.org\",\"@graph\":[{\"@type\":\"Article\",\"@id\":\"https:\/\/kapitalis.com\/tunisie\/2024\/02\/03\/tunisie-un-jeune-muraliste-condamne-a-2-ans-de-prison\/#article\",\"isPartOf\":{\"@id\":\"https:\/\/kapitalis.com\/tunisie\/2024\/02\/03\/tunisie-un-jeune-muraliste-condamne-a-2-ans-de-prison\/\"},\"author\":{\"name\":\"webmaster kapitalis\",\"@id\":\"https:\/\/kapitalis.com\/tunisie\/#\/schema\/person\/d71f33a9ca44f7bad4698210b480c8e9\"},\"headline\":\"Tunisie\u00a0: un jeune muraliste condamn\u00e9 \u00e0 2 ans de prison\",\"datePublished\":\"2024-02-03T07:48:15+00:00\",\"dateModified\":\"2024-02-03T07:48:17+00:00\",\"mainEntityOfPage\":{\"@id\":\"https:\/\/kapitalis.com\/tunisie\/2024\/02\/03\/tunisie-un-jeune-muraliste-condamne-a-2-ans-de-prison\/\"},\"wordCount\":491,\"commentCount\":0,\"publisher\":{\"@id\":\"https:\/\/kapitalis.com\/tunisie\/#organization\"},\"image\":{\"@id\":\"https:\/\/kapitalis.com\/tunisie\/2024\/02\/03\/tunisie-un-jeune-muraliste-condamne-a-2-ans-de-prison\/#primaryimage\"},\"thumbnailUrl\":\"https:\/\/kapitalis.com\/tunisie\/wp-content\/uploads\/2024\/02\/Rached-Tamboura.jpg\",\"keywords\":[\"afrique subsaharienne\",\"Association Intersection\",\"immigr\u00e9s\",\"Ka\u00efs Saied\",\"libert\u00e9 d'expression\",\"Monastir\",\"Rached Tamboura\"],\"articleSection\":[\"MEDIA\",\"POLITIQUE\",\"Tunisie\"],\"inLanguage\":\"fr-FR\",\"potentialAction\":[{\"@type\":\"CommentAction\",\"name\":\"Comment\",\"target\":[\"https:\/\/kapitalis.com\/tunisie\/2024\/02\/03\/tunisie-un-jeune-muraliste-condamne-a-2-ans-de-prison\/#respond\"]}]},{\"@type\":\"WebPage\",\"@id\":\"https:\/\/kapitalis.com\/tunisie\/2024\/02\/03\/tunisie-un-jeune-muraliste-condamne-a-2-ans-de-prison\/\",\"url\":\"https:\/\/kapitalis.com\/tunisie\/2024\/02\/03\/tunisie-un-jeune-muraliste-condamne-a-2-ans-de-prison\/\",\"name\":\"Tunisie\u00a0: un jeune muraliste condamn\u00e9 \u00e0 2 ans de prison - Kapitalis\",\"isPartOf\":{\"@id\":\"https:\/\/kapitalis.com\/tunisie\/#website\"},\"primaryImageOfPage\":{\"@id\":\"https:\/\/kapitalis.com\/tunisie\/2024\/02\/03\/tunisie-un-jeune-muraliste-condamne-a-2-ans-de-prison\/#primaryimage\"},\"image\":{\"@id\":\"https:\/\/kapitalis.com\/tunisie\/2024\/02\/03\/tunisie-un-jeune-muraliste-condamne-a-2-ans-de-prison\/#primaryimage\"},\"thumbnailUrl\":\"https:\/\/kapitalis.com\/tunisie\/wp-content\/uploads\/2024\/02\/Rached-Tamboura.jpg\",\"datePublished\":\"2024-02-03T07:48:15+00:00\",\"dateModified\":\"2024-02-03T07:48:17+00:00\",\"breadcrumb\":{\"@id\":\"https:\/\/kapitalis.com\/tunisie\/2024\/02\/03\/tunisie-un-jeune-muraliste-condamne-a-2-ans-de-prison\/#breadcrumb\"},\"inLanguage\":\"fr-FR\",\"potentialAction\":[{\"@type\":\"ReadAction\",\"target\":[\"https:\/\/kapitalis.com\/tunisie\/2024\/02\/03\/tunisie-un-jeune-muraliste-condamne-a-2-ans-de-prison\/\"]}]},{\"@type\":\"ImageObject\",\"inLanguage\":\"fr-FR\",\"@id\":\"https:\/\/kapitalis.com\/tunisie\/2024\/02\/03\/tunisie-un-jeune-muraliste-condamne-a-2-ans-de-prison\/#primaryimage\",\"url\":\"https:\/\/kapitalis.com\/tunisie\/wp-content\/uploads\/2024\/02\/Rached-Tamboura.jpg\",\"contentUrl\":\"https:\/\/kapitalis.com\/tunisie\/wp-content\/uploads\/2024\/02\/Rached-Tamboura.jpg\",\"width\":1200,\"height\":630},{\"@type\":\"BreadcrumbList\",\"@id\":\"https:\/\/kapitalis.com\/tunisie\/2024\/02\/03\/tunisie-un-jeune-muraliste-condamne-a-2-ans-de-prison\/#breadcrumb\",\"itemListElement\":[{\"@type\":\"ListItem\",\"position\":1,\"name\":\"Accueil\",\"item\":\"https:\/\/kapitalis.com\/tunisie\/\"},{\"@type\":\"ListItem\",\"position\":2,\"name\":\"Tunisie\u00a0: un jeune muraliste condamn\u00e9 \u00e0 2 ans de prison\"}]},{\"@type\":\"WebSite\",\"@id\":\"https:\/\/kapitalis.com\/tunisie\/#website\",\"url\":\"https:\/\/kapitalis.com\/tunisie\/\",\"name\":\"Kapitalis\",\"description\":\"L&#039;actualit\u00e9 en Tunisie et dans le monde\",\"publisher\":{\"@id\":\"https:\/\/kapitalis.com\/tunisie\/#organization\"},\"potentialAction\":[{\"@type\":\"SearchAction\",\"target\":{\"@type\":\"EntryPoint\",\"urlTemplate\":\"https:\/\/kapitalis.com\/tunisie\/?s={search_term_string}\"},\"query-input\":{\"@type\":\"PropertyValueSpecification\",\"valueRequired\":true,\"valueName\":\"search_term_string\"}}],\"inLanguage\":\"fr-FR\"},{\"@type\":\"Organization\",\"@id\":\"https:\/\/kapitalis.com\/tunisie\/#organization\",\"name\":\"Kapitalis\",\"url\":\"https:\/\/kapitalis.com\/tunisie\/\",\"logo\":{\"@type\":\"ImageObject\",\"inLanguage\":\"fr-FR\",\"@id\":\"https:\/\/kapitalis.com\/tunisie\/#\/schema\/logo\/image\/\",\"url\":\"https:\/\/kapitalis.com\/tunisie\/wp-content\/uploads\/2022\/05\/Kapitalis-big-size.png\",\"contentUrl\":\"https:\/\/kapitalis.com\/tunisie\/wp-content\/uploads\/2022\/05\/Kapitalis-big-size.png\",\"width\":5000,\"height\":1500,\"caption\":\"Kapitalis\"},\"image\":{\"@id\":\"https:\/\/kapitalis.com\/tunisie\/#\/schema\/logo\/image\/\"},\"sameAs\":[\"https:\/\/www.facebook.com\/KapitalisInfo\/\",\"https:\/\/x.com\/KapitalisInfo\",\"https:\/\/www.youtube.com\/channel\/UC-yDYrHyfFBWWZaOw3FPg9Q\"]},{\"@type\":\"Person\",\"@id\":\"https:\/\/kapitalis.com\/tunisie\/#\/schema\/person\/d71f33a9ca44f7bad4698210b480c8e9\",\"name\":\"webmaster kapitalis\",\"url\":\"https:\/\/kapitalis.com\/tunisie\/author\/webmaster-kapitalis\/\"}]}<\/script>\n<!-- \/ Yoast SEO plugin. -->","yoast_head_json":{"title":"Tunisie\u00a0: un jeune muraliste condamn\u00e9 \u00e0 2 ans de prison - Kapitalis","robots":{"index":"index","follow":"follow","max-snippet":"max-snippet:-1","max-image-preview":"max-image-preview:large","max-video-preview":"max-video-preview:-1"},"canonical":"https:\/\/kapitalis.com\/tunisie\/2024\/02\/03\/tunisie-un-jeune-muraliste-condamne-a-2-ans-de-prison\/","og_locale":"fr_FR","og_type":"article","og_title":"Tunisie\u00a0: un jeune muraliste condamn\u00e9 \u00e0 2 ans de prison - Kapitalis","og_description":"Le jeune muraliste Rached Tamboura condamn\u00e9 \u00e0 deux ans de prison ferme pour... offense au pr\u00e9sident Ka\u00efs Sa\u00efed.","og_url":"https:\/\/kapitalis.com\/tunisie\/2024\/02\/03\/tunisie-un-jeune-muraliste-condamne-a-2-ans-de-prison\/","og_site_name":"Kapitalis","article_publisher":"https:\/\/www.facebook.com\/KapitalisInfo\/","article_published_time":"2024-02-03T07:48:15+00:00","article_modified_time":"2024-02-03T07:48:17+00:00","og_image":[{"width":1200,"height":630,"url":"https:\/\/kapitalis.com\/tunisie\/wp-content\/uploads\/2024\/02\/Rached-Tamboura.jpg","type":"image\/jpeg"}],"author":"webmaster kapitalis","twitter_card":"summary_large_image","twitter_creator":"@KapitalisInfo","twitter_site":"@KapitalisInfo","twitter_misc":{"\u00c9crit par":"webmaster kapitalis","Dur\u00e9e de lecture estim\u00e9e":"3 minutes"},"schema":{"@context":"https:\/\/schema.org","@graph":[{"@type":"Article","@id":"https:\/\/kapitalis.com\/tunisie\/2024\/02\/03\/tunisie-un-jeune-muraliste-condamne-a-2-ans-de-prison\/#article","isPartOf":{"@id":"https:\/\/kapitalis.com\/tunisie\/2024\/02\/03\/tunisie-un-jeune-muraliste-condamne-a-2-ans-de-prison\/"},"author":{"name":"webmaster kapitalis","@id":"https:\/\/kapitalis.com\/tunisie\/#\/schema\/person\/d71f33a9ca44f7bad4698210b480c8e9"},"headline":"Tunisie\u00a0: un jeune muraliste condamn\u00e9 \u00e0 2 ans de prison","datePublished":"2024-02-03T07:48:15+00:00","dateModified":"2024-02-03T07:48:17+00:00","mainEntityOfPage":{"@id":"https:\/\/kapitalis.com\/tunisie\/2024\/02\/03\/tunisie-un-jeune-muraliste-condamne-a-2-ans-de-prison\/"},"wordCount":491,"commentCount":0,"publisher":{"@id":"https:\/\/kapitalis.com\/tunisie\/#organization"},"image":{"@id":"https:\/\/kapitalis.com\/tunisie\/2024\/02\/03\/tunisie-un-jeune-muraliste-condamne-a-2-ans-de-prison\/#primaryimage"},"thumbnailUrl":"https:\/\/kapitalis.com\/tunisie\/wp-content\/uploads\/2024\/02\/Rached-Tamboura.jpg","keywords":["afrique subsaharienne","Association Intersection","immigr\u00e9s","Ka\u00efs Saied","libert\u00e9 d'expression","Monastir","Rached Tamboura"],"articleSection":["MEDIA","POLITIQUE","Tunisie"],"inLanguage":"fr-FR","potentialAction":[{"@type":"CommentAction","name":"Comment","target":["https:\/\/kapitalis.com\/tunisie\/2024\/02\/03\/tunisie-un-jeune-muraliste-condamne-a-2-ans-de-prison\/#respond"]}]},{"@type":"WebPage","@id":"https:\/\/kapitalis.com\/tunisie\/2024\/02\/03\/tunisie-un-jeune-muraliste-condamne-a-2-ans-de-prison\/","url":"https:\/\/kapitalis.com\/tunisie\/2024\/02\/03\/tunisie-un-jeune-muraliste-condamne-a-2-ans-de-prison\/","name":"Tunisie\u00a0: un jeune muraliste condamn\u00e9 \u00e0 2 ans de prison - Kapitalis","isPartOf":{"@id":"https:\/\/kapitalis.com\/tunisie\/#website"},"primaryImageOfPage":{"@id":"https:\/\/kapitalis.com\/tunisie\/2024\/02\/03\/tunisie-un-jeune-muraliste-condamne-a-2-ans-de-prison\/#primaryimage"},"image":{"@id":"https:\/\/kapitalis.com\/tunisie\/2024\/02\/03\/tunisie-un-jeune-muraliste-condamne-a-2-ans-de-prison\/#primaryimage"},"thumbnailUrl":"https:\/\/kapitalis.com\/tunisie\/wp-content\/uploads\/2024\/02\/Rached-Tamboura.jpg","datePublished":"2024-02-03T07:48:15+00:00","dateModified":"2024-02-03T07:48:17+00:00","breadcrumb":{"@id":"https:\/\/kapitalis.com\/tunisie\/2024\/02\/03\/tunisie-un-jeune-muraliste-condamne-a-2-ans-de-prison\/#breadcrumb"},"inLanguage":"fr-FR","potentialAction":[{"@type":"ReadAction","target":["https:\/\/kapitalis.com\/tunisie\/2024\/02\/03\/tunisie-un-jeune-muraliste-condamne-a-2-ans-de-prison\/"]}]},{"@type":"ImageObject","inLanguage":"fr-FR","@id":"https:\/\/kapitalis.com\/tunisie\/2024\/02\/03\/tunisie-un-jeune-muraliste-condamne-a-2-ans-de-prison\/#primaryimage","url":"https:\/\/kapitalis.com\/tunisie\/wp-content\/uploads\/2024\/02\/Rached-Tamboura.jpg","contentUrl":"https:\/\/kapitalis.com\/tunisie\/wp-content\/uploads\/2024\/02\/Rached-Tamboura.jpg","width":1200,"height":630},{"@type":"BreadcrumbList","@id":"https:\/\/kapitalis.com\/tunisie\/2024\/02\/03\/tunisie-un-jeune-muraliste-condamne-a-2-ans-de-prison\/#breadcrumb","itemListElement":[{"@type":"ListItem","position":1,"name":"Accueil","item":"https:\/\/kapitalis.com\/tunisie\/"},{"@type":"ListItem","position":2,"name":"Tunisie\u00a0: un jeune muraliste condamn\u00e9 \u00e0 2 ans de prison"}]},{"@type":"WebSite","@id":"https:\/\/kapitalis.com\/tunisie\/#website","url":"https:\/\/kapitalis.com\/tunisie\/","name":"Kapitalis","description":"L&#039;actualit\u00e9 en Tunisie et dans le monde","publisher":{"@id":"https:\/\/kapitalis.com\/tunisie\/#organization"},"potentialAction":[{"@type":"SearchAction","target":{"@type":"EntryPoint","urlTemplate":"https:\/\/kapitalis.com\/tunisie\/?s={search_term_string}"},"query-input":{"@type":"PropertyValueSpecification","valueRequired":true,"valueName":"search_term_string"}}],"inLanguage":"fr-FR"},{"@type":"Organization","@id":"https:\/\/kapitalis.com\/tunisie\/#organization","name":"Kapitalis","url":"https:\/\/kapitalis.com\/tunisie\/","logo":{"@type":"ImageObject","inLanguage":"fr-FR","@id":"https:\/\/kapitalis.com\/tunisie\/#\/schema\/logo\/image\/","url":"https:\/\/kapitalis.com\/tunisie\/wp-content\/uploads\/2022\/05\/Kapitalis-big-size.png","contentUrl":"https:\/\/kapitalis.com\/tunisie\/wp-content\/uploads\/2022\/05\/Kapitalis-big-size.png","width":5000,"height":1500,"caption":"Kapitalis"},"image":{"@id":"https:\/\/kapitalis.com\/tunisie\/#\/schema\/logo\/image\/"},"sameAs":["https:\/\/www.facebook.com\/KapitalisInfo\/","https:\/\/x.com\/KapitalisInfo","https:\/\/www.youtube.com\/channel\/UC-yDYrHyfFBWWZaOw3FPg9Q"]},{"@type":"Person","@id":"https:\/\/kapitalis.com\/tunisie\/#\/schema\/person\/d71f33a9ca44f7bad4698210b480c8e9","name":"webmaster kapitalis","url":"https:\/\/kapitalis.com\/tunisie\/author\/webmaster-kapitalis\/"}]}},"_links":{"self":[{"href":"https:\/\/kapitalis.com\/tunisie\/wp-json\/wp\/v2\/posts\/11497386","targetHints":{"allow":["GET"]}}],"collection":[{"href":"https:\/\/kapitalis.com\/tunisie\/wp-json\/wp\/v2\/posts"}],"about":[{"href":"https:\/\/kapitalis.com\/tunisie\/wp-json\/wp\/v2\/types\/post"}],"author":[{"embeddable":true,"href":"https:\/\/kapitalis.com\/tunisie\/wp-json\/wp\/v2\/users\/8"}],"replies":[{"embeddable":true,"href":"https:\/\/kapitalis.com\/tunisie\/wp-json\/wp\/v2\/comments?post=11497386"}],"version-history":[{"count":1,"href":"https:\/\/kapitalis.com\/tunisie\/wp-json\/wp\/v2\/posts\/11497386\/revisions"}],"predecessor-version":[{"id":11497436,"href":"https:\/\/kapitalis.com\/tunisie\/wp-json\/wp\/v2\/posts\/11497386\/revisions\/11497436"}],"wp:featuredmedia":[{"embeddable":true,"href":"https:\/\/kapitalis.com\/tunisie\/wp-json\/wp\/v2\/media\/11497431"}],"wp:attachment":[{"href":"https:\/\/kapitalis.com\/tunisie\/wp-json\/wp\/v2\/media?parent=11497386"}],"wp:term":[{"taxonomy":"category","embeddable":true,"href":"https:\/\/kapitalis.com\/tunisie\/wp-json\/wp\/v2\/categories?post=11497386"},{"taxonomy":"post_tag","embeddable":true,"href":"https:\/\/kapitalis.com\/tunisie\/wp-json\/wp\/v2\/tags?post=11497386"}],"curies":[{"name":"wp","href":"https:\/\/api.w.org\/{rel}","templated":true}]}}