{"id":11509704,"date":"2024-02-04T07:56:13","date_gmt":"2024-02-04T06:56:13","guid":{"rendered":"https:\/\/kapitalis.com\/tunisie\/?p=11509704"},"modified":"2024-02-04T07:59:20","modified_gmt":"2024-02-04T06:59:20","slug":"le-poeme-du-dimanche-violon-de-tahar-bekri-inedit","status":"publish","type":"post","link":"https:\/\/kapitalis.com\/tunisie\/2024\/02\/04\/le-poeme-du-dimanche-violon-de-tahar-bekri-inedit\/","title":{"rendered":"Le po\u00e8me du dimanche\u00a0: \u2018\u2018Violon\u2019\u2019 de Tahar Bekri (in\u00e9dit)"},"content":{"rendered":"\n<p><strong><em>Tahar Bekri est n\u00e9 en 1951 \u00e0 Gab\u00e8s, en Tunisie. Vit \u00e0 Paris. Ecrit en fran\u00e7ais et en arabe. A publi\u00e9 une trentaine d\u2019ouvrages (po\u00e9sie, essais, livres d\u2019art). Son \u0153uvre po\u00e9tique, publi\u00e9e depuis 1983, est traduite dans de nombreuses langues, fait l\u2019objet de travaux universitaires et de cr\u00e9ations artistiques.<\/em><\/strong> <em>(Ph. Anne Savate).<\/em><\/p>\n\n\n\n<!--more-->\n\n\n\n<p>Prix de l\u2019Acad\u00e9mie fran\u00e7aise du Rayonnement de la langue et la litt\u00e9rature fran\u00e7aise, 2019. Membre de l\u2019Acad\u00e9mie des Jeux floraux, Toulouse, 2022. Ma\u00eetre de conf\u00e9rences honoraire, Universit\u00e9 Paris-Nanterre.<\/p>\n\n\n\n<p>Derni\u00e8res publications&nbsp;: <em>Chants pour la Tunisie<\/em>, Al Manar, 2023; <em>Par-del\u00e0 les lueurs<\/em>, Al Manar, Paris, 2021; <em>D\u00e9sert au cr\u00e9puscule<\/em>, Al Manar, 2018; <em>Le livre du souvenir<\/em>, Elyzad, Tunis, 2016; <em>La nostalgie des rosiers sauvages<\/em>, Al Manar, 2014.<\/p>\n\n\n\n<p><em>Si j\u2019\u00e9tais un violon<\/em><\/p>\n\n\n\n<p><em>Je dirais \u00e0 l\u2019archet<\/em><\/p>\n\n\n\n<p><em>Doucement pour mes cordes<\/em><\/p>\n\n\n\n<p><em>Elles sont us\u00e9es de tant de tourments et de peines<\/em><\/p>\n\n\n\n<p><em>Leur r\u00e9sonance dans le creux des errances<\/em><\/p>\n\n\n\n<p><em>Comme au fond d\u2019un puits au plus profond<\/em><\/p>\n\n\n\n<p><\/p>\n\n\n\n<p><em>Je voulais les d\u00e9dier aux quatre vents<\/em><\/p>\n\n\n\n<p><em>Capter l\u2019envol des ailes libres<\/em><\/p>\n\n\n\n<p><em>Elles reviennent r\u00eaves rebelles<\/em><\/p>\n\n\n\n<p><em>Chevauchant la sanie<\/em><\/p>\n\n\n\n<p><em>De guerre en guerre<\/em><\/p>\n\n\n\n<p><em>Les pays se cabrent dans la poussi\u00e8re<\/em><\/p>\n\n\n\n<p><em>Crini\u00e8re indomptable<\/em><\/p>\n\n\n\n<p><\/p>\n\n\n\n<p><em>Si j\u2019\u00e9tais un violon<\/em><\/p>\n\n\n\n<p><em>Je dirais au bois sonore<\/em><\/p>\n\n\n\n<p><em>Ami des palmes qui bercent mon coeur<\/em><\/p>\n\n\n\n<p><em>Sois caresse sur la joue de l\u2019aurore<\/em><\/p>\n\n\n\n<p><em>Ros\u00e9e au lever des matins de promesse<\/em><\/p>\n\n\n\n<p><em>Peu importe si la nuit te couvre de ses sommeils<\/em><\/p>\n\n\n\n<p><em>Elle ne peut emporter ton \u00e9veil<\/em><\/p>\n\n\n\n<p><\/p>\n\n\n\n<p><em>Si j\u2019\u00e9tais un violon<\/em><\/p>\n\n\n\n<p><em>J\u2019inviterais les notes \u00e0 braver la temp\u00eate<\/em><\/p>\n\n\n\n<p><em>Secourir la mer de ses naufrages<\/em><\/p>\n\n\n\n<p><em>Ecouter les appels du large<\/em><\/p>\n\n\n\n<p><em>Submerg\u00e9 de tant de houles sc\u00e9l\u00e9rates<\/em><\/p>\n\n\n\n<p><em>Toute l\u2019\u00e9cume par-dessus le sel l\u00e9g\u00e8re<\/em><\/p>\n\n\n\n<p><\/p>\n\n\n\n<p><em>Si j\u2019\u00e9tais un violon<\/em><\/p>\n\n\n\n<p><em>Je prierais musiciennes et musiciens<\/em><\/p>\n\n\n\n<p><em>De me poser sur leur \u00e9paule<\/em><\/p>\n\n\n\n<p><em>Comme une caresse de tendresse<\/em><\/p>\n\n\n\n<p><em>Non un fusil en bandouli\u00e8re<\/em><\/p>\n\n\n\n<p><\/p>\n\n\n\n<p><em>Le g\u00e9missement pour \u00e9loigner le silence<\/em><\/p>\n\n\n\n<p><em>Le feu pour \u00e9teindre l\u2019absence<\/em><\/p>\n\n\n\n<p><em>Pailles et flammes<\/em><\/p>\n\n\n\n<p><em>Sous les feuilles mortes<\/em><\/p>\n\n\n\n<p><em>Vivante est la terre<\/em><\/p>\n\n\n\n<p><\/p>\n\n\n\n<p><em>Si j\u2019\u00e9tais un violon<\/em><\/p>\n\n\n\n<p><em>Je soul\u00e8verais les c\u0153urs alertes<\/em><\/p>\n\n\n\n<p><em>Dans la symphonie du monde<\/em><\/p>\n\n\n\n<p><em>Contre le fracas du monde<\/em><\/p>\n\n\n\n<p><em>Je ferais de mon bois le h\u00e9raut<\/em><\/p>\n\n\n\n<p><em>De la beaut\u00e9 du monde<\/em><\/p>\n\n\n\n<p><em>Je ferais danser ses sept merveilles<\/em><\/p>\n\n\n\n<p><em>Jusqu\u2019au bout du monde<\/em><\/p>\n\n\n\n<p><\/p>\n\n\n\n<p><em>J\u2019emp\u00eacherais la surdit\u00e9 des injustes<\/em><\/p>\n\n\n\n<p><em>Et ouvrirais les oreilles des vall\u00e9es et des plaines<\/em><\/p>\n\n\n\n<p><em>Pour t\u2019aimer monde<\/em><\/p>\n\n\n\n<p><\/p>\n\n\n\n<p><em>Dis violon de quoi es-tu fait<\/em><\/p>\n\n\n\n<p><em>De bois de cordes et d\u2019archet<\/em><\/p>\n\n\n\n<p><em>Ou de vents emport\u00e9s<\/em><\/p>\n\n\n\n<p><em>Portant toutes ces saisons dans mes veines&nbsp;?<\/em><\/p>\n\n\n\n<p class=\"has-text-align-right\"><strong><em>In\u00e9dit<\/em><\/strong><\/p>\n\n\n\n<p>Copyright <strong>Tahar Bekri<\/strong><\/p>\n","protected":false},"excerpt":{"rendered":"<p>Po\u00e8te n\u00e9 en 1951 \u00e0 Gab\u00e8s, en Tunisie. Vit \u00e0 Paris.<\/p>\n","protected":false},"author":8,"featured_media":11509851,"comment_status":"open","ping_status":"open","sticky":false,"template":"","format":"standard","meta":{"footnotes":""},"categories":[992,994,2433],"tags":[406,21267,62643,113760],"class_list":["post-11509704","post","type-post","status-publish","format-standard","has-post-thumbnail","hentry","category-a-la-une","category-culture","category-tunisie","tag-gabes","tag-tahar-bekri","tag-tunisie","tag-universite-paris-nanterre"],"yoast_head":"<!-- This site is optimized with the Yoast SEO plugin v26.6 - https:\/\/yoast.com\/wordpress\/plugins\/seo\/ -->\n<title>Le po\u00e8me du dimanche\u00a0: \u2018\u2018Violon\u2019\u2019 de Tahar Bekri (in\u00e9dit) - Kapitalis<\/title>\n<meta name=\"robots\" content=\"index, follow, max-snippet:-1, max-image-preview:large, max-video-preview:-1\" \/>\n<link rel=\"canonical\" href=\"https:\/\/kapitalis.com\/tunisie\/2024\/02\/04\/le-poeme-du-dimanche-violon-de-tahar-bekri-inedit\/\" \/>\n<meta property=\"og:locale\" content=\"fr_FR\" \/>\n<meta property=\"og:type\" content=\"article\" \/>\n<meta property=\"og:title\" content=\"Le po\u00e8me du dimanche\u00a0: \u2018\u2018Violon\u2019\u2019 de Tahar Bekri (in\u00e9dit) - Kapitalis\" \/>\n<meta property=\"og:description\" content=\"Po\u00e8te n\u00e9 en 1951 \u00e0 Gab\u00e8s, en Tunisie. Vit \u00e0 Paris.\" \/>\n<meta property=\"og:url\" content=\"https:\/\/kapitalis.com\/tunisie\/2024\/02\/04\/le-poeme-du-dimanche-violon-de-tahar-bekri-inedit\/\" \/>\n<meta property=\"og:site_name\" content=\"Kapitalis\" \/>\n<meta property=\"article:publisher\" content=\"https:\/\/www.facebook.com\/KapitalisInfo\/\" \/>\n<meta property=\"article:published_time\" content=\"2024-02-04T06:56:13+00:00\" \/>\n<meta property=\"article:modified_time\" content=\"2024-02-04T06:59:20+00:00\" \/>\n<meta property=\"og:image\" content=\"https:\/\/kapitalis.com\/tunisie\/wp-content\/uploads\/2024\/02\/Tahar-Bekri-Ph.-Anne-Savate.jpg\" \/>\n\t<meta property=\"og:image:width\" content=\"1200\" \/>\n\t<meta property=\"og:image:height\" content=\"630\" \/>\n\t<meta property=\"og:image:type\" content=\"image\/jpeg\" \/>\n<meta name=\"author\" content=\"webmaster kapitalis\" \/>\n<meta name=\"twitter:card\" content=\"summary_large_image\" \/>\n<meta name=\"twitter:creator\" content=\"@KapitalisInfo\" \/>\n<meta name=\"twitter:site\" content=\"@KapitalisInfo\" \/>\n<meta name=\"twitter:label1\" content=\"\u00c9crit par\" \/>\n\t<meta name=\"twitter:data1\" content=\"webmaster kapitalis\" \/>\n\t<meta name=\"twitter:label2\" content=\"Dur\u00e9e de lecture estim\u00e9e\" \/>\n\t<meta name=\"twitter:data2\" content=\"3 minutes\" \/>\n<script type=\"application\/ld+json\" class=\"yoast-schema-graph\">{\"@context\":\"https:\/\/schema.org\",\"@graph\":[{\"@type\":\"Article\",\"@id\":\"https:\/\/kapitalis.com\/tunisie\/2024\/02\/04\/le-poeme-du-dimanche-violon-de-tahar-bekri-inedit\/#article\",\"isPartOf\":{\"@id\":\"https:\/\/kapitalis.com\/tunisie\/2024\/02\/04\/le-poeme-du-dimanche-violon-de-tahar-bekri-inedit\/\"},\"author\":{\"name\":\"webmaster kapitalis\",\"@id\":\"https:\/\/kapitalis.com\/tunisie\/#\/schema\/person\/d71f33a9ca44f7bad4698210b480c8e9\"},\"headline\":\"Le po\u00e8me du dimanche\u00a0: \u2018\u2018Violon\u2019\u2019 de Tahar Bekri (in\u00e9dit)\",\"datePublished\":\"2024-02-04T06:56:13+00:00\",\"dateModified\":\"2024-02-04T06:59:20+00:00\",\"mainEntityOfPage\":{\"@id\":\"https:\/\/kapitalis.com\/tunisie\/2024\/02\/04\/le-poeme-du-dimanche-violon-de-tahar-bekri-inedit\/\"},\"wordCount\":456,\"commentCount\":0,\"publisher\":{\"@id\":\"https:\/\/kapitalis.com\/tunisie\/#organization\"},\"image\":{\"@id\":\"https:\/\/kapitalis.com\/tunisie\/2024\/02\/04\/le-poeme-du-dimanche-violon-de-tahar-bekri-inedit\/#primaryimage\"},\"thumbnailUrl\":\"https:\/\/kapitalis.com\/tunisie\/wp-content\/uploads\/2024\/02\/Tahar-Bekri-Ph.-Anne-Savate.jpg\",\"keywords\":[\"Gab\u00e8s\",\"Tahar Bekri\",\"Tunisie\",\"Universit\u00e9 Paris-Nanterre\"],\"articleSection\":[\"A LA UNE\",\"CULTURE\",\"Tunisie\"],\"inLanguage\":\"fr-FR\",\"potentialAction\":[{\"@type\":\"CommentAction\",\"name\":\"Comment\",\"target\":[\"https:\/\/kapitalis.com\/tunisie\/2024\/02\/04\/le-poeme-du-dimanche-violon-de-tahar-bekri-inedit\/#respond\"]}]},{\"@type\":\"WebPage\",\"@id\":\"https:\/\/kapitalis.com\/tunisie\/2024\/02\/04\/le-poeme-du-dimanche-violon-de-tahar-bekri-inedit\/\",\"url\":\"https:\/\/kapitalis.com\/tunisie\/2024\/02\/04\/le-poeme-du-dimanche-violon-de-tahar-bekri-inedit\/\",\"name\":\"Le po\u00e8me du dimanche\u00a0: \u2018\u2018Violon\u2019\u2019 de Tahar Bekri (in\u00e9dit) - Kapitalis\",\"isPartOf\":{\"@id\":\"https:\/\/kapitalis.com\/tunisie\/#website\"},\"primaryImageOfPage\":{\"@id\":\"https:\/\/kapitalis.com\/tunisie\/2024\/02\/04\/le-poeme-du-dimanche-violon-de-tahar-bekri-inedit\/#primaryimage\"},\"image\":{\"@id\":\"https:\/\/kapitalis.com\/tunisie\/2024\/02\/04\/le-poeme-du-dimanche-violon-de-tahar-bekri-inedit\/#primaryimage\"},\"thumbnailUrl\":\"https:\/\/kapitalis.com\/tunisie\/wp-content\/uploads\/2024\/02\/Tahar-Bekri-Ph.-Anne-Savate.jpg\",\"datePublished\":\"2024-02-04T06:56:13+00:00\",\"dateModified\":\"2024-02-04T06:59:20+00:00\",\"breadcrumb\":{\"@id\":\"https:\/\/kapitalis.com\/tunisie\/2024\/02\/04\/le-poeme-du-dimanche-violon-de-tahar-bekri-inedit\/#breadcrumb\"},\"inLanguage\":\"fr-FR\",\"potentialAction\":[{\"@type\":\"ReadAction\",\"target\":[\"https:\/\/kapitalis.com\/tunisie\/2024\/02\/04\/le-poeme-du-dimanche-violon-de-tahar-bekri-inedit\/\"]}]},{\"@type\":\"ImageObject\",\"inLanguage\":\"fr-FR\",\"@id\":\"https:\/\/kapitalis.com\/tunisie\/2024\/02\/04\/le-poeme-du-dimanche-violon-de-tahar-bekri-inedit\/#primaryimage\",\"url\":\"https:\/\/kapitalis.com\/tunisie\/wp-content\/uploads\/2024\/02\/Tahar-Bekri-Ph.-Anne-Savate.jpg\",\"contentUrl\":\"https:\/\/kapitalis.com\/tunisie\/wp-content\/uploads\/2024\/02\/Tahar-Bekri-Ph.-Anne-Savate.jpg\",\"width\":1200,\"height\":630},{\"@type\":\"BreadcrumbList\",\"@id\":\"https:\/\/kapitalis.com\/tunisie\/2024\/02\/04\/le-poeme-du-dimanche-violon-de-tahar-bekri-inedit\/#breadcrumb\",\"itemListElement\":[{\"@type\":\"ListItem\",\"position\":1,\"name\":\"Accueil\",\"item\":\"https:\/\/kapitalis.com\/tunisie\/\"},{\"@type\":\"ListItem\",\"position\":2,\"name\":\"Le po\u00e8me du dimanche\u00a0: \u2018\u2018Violon\u2019\u2019 de Tahar Bekri (in\u00e9dit)\"}]},{\"@type\":\"WebSite\",\"@id\":\"https:\/\/kapitalis.com\/tunisie\/#website\",\"url\":\"https:\/\/kapitalis.com\/tunisie\/\",\"name\":\"Kapitalis\",\"description\":\"L&#039;actualit\u00e9 en Tunisie et dans le monde\",\"publisher\":{\"@id\":\"https:\/\/kapitalis.com\/tunisie\/#organization\"},\"potentialAction\":[{\"@type\":\"SearchAction\",\"target\":{\"@type\":\"EntryPoint\",\"urlTemplate\":\"https:\/\/kapitalis.com\/tunisie\/?s={search_term_string}\"},\"query-input\":{\"@type\":\"PropertyValueSpecification\",\"valueRequired\":true,\"valueName\":\"search_term_string\"}}],\"inLanguage\":\"fr-FR\"},{\"@type\":\"Organization\",\"@id\":\"https:\/\/kapitalis.com\/tunisie\/#organization\",\"name\":\"Kapitalis\",\"url\":\"https:\/\/kapitalis.com\/tunisie\/\",\"logo\":{\"@type\":\"ImageObject\",\"inLanguage\":\"fr-FR\",\"@id\":\"https:\/\/kapitalis.com\/tunisie\/#\/schema\/logo\/image\/\",\"url\":\"https:\/\/kapitalis.com\/tunisie\/wp-content\/uploads\/2022\/05\/Kapitalis-big-size.png\",\"contentUrl\":\"https:\/\/kapitalis.com\/tunisie\/wp-content\/uploads\/2022\/05\/Kapitalis-big-size.png\",\"width\":5000,\"height\":1500,\"caption\":\"Kapitalis\"},\"image\":{\"@id\":\"https:\/\/kapitalis.com\/tunisie\/#\/schema\/logo\/image\/\"},\"sameAs\":[\"https:\/\/www.facebook.com\/KapitalisInfo\/\",\"https:\/\/x.com\/KapitalisInfo\",\"https:\/\/www.youtube.com\/channel\/UC-yDYrHyfFBWWZaOw3FPg9Q\"]},{\"@type\":\"Person\",\"@id\":\"https:\/\/kapitalis.com\/tunisie\/#\/schema\/person\/d71f33a9ca44f7bad4698210b480c8e9\",\"name\":\"webmaster kapitalis\",\"url\":\"https:\/\/kapitalis.com\/tunisie\/author\/webmaster-kapitalis\/\"}]}<\/script>\n<!-- \/ Yoast SEO plugin. -->","yoast_head_json":{"title":"Le po\u00e8me du dimanche\u00a0: \u2018\u2018Violon\u2019\u2019 de Tahar Bekri (in\u00e9dit) - Kapitalis","robots":{"index":"index","follow":"follow","max-snippet":"max-snippet:-1","max-image-preview":"max-image-preview:large","max-video-preview":"max-video-preview:-1"},"canonical":"https:\/\/kapitalis.com\/tunisie\/2024\/02\/04\/le-poeme-du-dimanche-violon-de-tahar-bekri-inedit\/","og_locale":"fr_FR","og_type":"article","og_title":"Le po\u00e8me du dimanche\u00a0: \u2018\u2018Violon\u2019\u2019 de Tahar Bekri (in\u00e9dit) - Kapitalis","og_description":"Po\u00e8te n\u00e9 en 1951 \u00e0 Gab\u00e8s, en Tunisie. Vit \u00e0 Paris.","og_url":"https:\/\/kapitalis.com\/tunisie\/2024\/02\/04\/le-poeme-du-dimanche-violon-de-tahar-bekri-inedit\/","og_site_name":"Kapitalis","article_publisher":"https:\/\/www.facebook.com\/KapitalisInfo\/","article_published_time":"2024-02-04T06:56:13+00:00","article_modified_time":"2024-02-04T06:59:20+00:00","og_image":[{"width":1200,"height":630,"url":"https:\/\/kapitalis.com\/tunisie\/wp-content\/uploads\/2024\/02\/Tahar-Bekri-Ph.-Anne-Savate.jpg","type":"image\/jpeg"}],"author":"webmaster kapitalis","twitter_card":"summary_large_image","twitter_creator":"@KapitalisInfo","twitter_site":"@KapitalisInfo","twitter_misc":{"\u00c9crit par":"webmaster kapitalis","Dur\u00e9e de lecture estim\u00e9e":"3 minutes"},"schema":{"@context":"https:\/\/schema.org","@graph":[{"@type":"Article","@id":"https:\/\/kapitalis.com\/tunisie\/2024\/02\/04\/le-poeme-du-dimanche-violon-de-tahar-bekri-inedit\/#article","isPartOf":{"@id":"https:\/\/kapitalis.com\/tunisie\/2024\/02\/04\/le-poeme-du-dimanche-violon-de-tahar-bekri-inedit\/"},"author":{"name":"webmaster kapitalis","@id":"https:\/\/kapitalis.com\/tunisie\/#\/schema\/person\/d71f33a9ca44f7bad4698210b480c8e9"},"headline":"Le po\u00e8me du dimanche\u00a0: \u2018\u2018Violon\u2019\u2019 de Tahar Bekri (in\u00e9dit)","datePublished":"2024-02-04T06:56:13+00:00","dateModified":"2024-02-04T06:59:20+00:00","mainEntityOfPage":{"@id":"https:\/\/kapitalis.com\/tunisie\/2024\/02\/04\/le-poeme-du-dimanche-violon-de-tahar-bekri-inedit\/"},"wordCount":456,"commentCount":0,"publisher":{"@id":"https:\/\/kapitalis.com\/tunisie\/#organization"},"image":{"@id":"https:\/\/kapitalis.com\/tunisie\/2024\/02\/04\/le-poeme-du-dimanche-violon-de-tahar-bekri-inedit\/#primaryimage"},"thumbnailUrl":"https:\/\/kapitalis.com\/tunisie\/wp-content\/uploads\/2024\/02\/Tahar-Bekri-Ph.-Anne-Savate.jpg","keywords":["Gab\u00e8s","Tahar Bekri","Tunisie","Universit\u00e9 Paris-Nanterre"],"articleSection":["A LA UNE","CULTURE","Tunisie"],"inLanguage":"fr-FR","potentialAction":[{"@type":"CommentAction","name":"Comment","target":["https:\/\/kapitalis.com\/tunisie\/2024\/02\/04\/le-poeme-du-dimanche-violon-de-tahar-bekri-inedit\/#respond"]}]},{"@type":"WebPage","@id":"https:\/\/kapitalis.com\/tunisie\/2024\/02\/04\/le-poeme-du-dimanche-violon-de-tahar-bekri-inedit\/","url":"https:\/\/kapitalis.com\/tunisie\/2024\/02\/04\/le-poeme-du-dimanche-violon-de-tahar-bekri-inedit\/","name":"Le po\u00e8me du dimanche\u00a0: \u2018\u2018Violon\u2019\u2019 de Tahar Bekri (in\u00e9dit) - Kapitalis","isPartOf":{"@id":"https:\/\/kapitalis.com\/tunisie\/#website"},"primaryImageOfPage":{"@id":"https:\/\/kapitalis.com\/tunisie\/2024\/02\/04\/le-poeme-du-dimanche-violon-de-tahar-bekri-inedit\/#primaryimage"},"image":{"@id":"https:\/\/kapitalis.com\/tunisie\/2024\/02\/04\/le-poeme-du-dimanche-violon-de-tahar-bekri-inedit\/#primaryimage"},"thumbnailUrl":"https:\/\/kapitalis.com\/tunisie\/wp-content\/uploads\/2024\/02\/Tahar-Bekri-Ph.-Anne-Savate.jpg","datePublished":"2024-02-04T06:56:13+00:00","dateModified":"2024-02-04T06:59:20+00:00","breadcrumb":{"@id":"https:\/\/kapitalis.com\/tunisie\/2024\/02\/04\/le-poeme-du-dimanche-violon-de-tahar-bekri-inedit\/#breadcrumb"},"inLanguage":"fr-FR","potentialAction":[{"@type":"ReadAction","target":["https:\/\/kapitalis.com\/tunisie\/2024\/02\/04\/le-poeme-du-dimanche-violon-de-tahar-bekri-inedit\/"]}]},{"@type":"ImageObject","inLanguage":"fr-FR","@id":"https:\/\/kapitalis.com\/tunisie\/2024\/02\/04\/le-poeme-du-dimanche-violon-de-tahar-bekri-inedit\/#primaryimage","url":"https:\/\/kapitalis.com\/tunisie\/wp-content\/uploads\/2024\/02\/Tahar-Bekri-Ph.-Anne-Savate.jpg","contentUrl":"https:\/\/kapitalis.com\/tunisie\/wp-content\/uploads\/2024\/02\/Tahar-Bekri-Ph.-Anne-Savate.jpg","width":1200,"height":630},{"@type":"BreadcrumbList","@id":"https:\/\/kapitalis.com\/tunisie\/2024\/02\/04\/le-poeme-du-dimanche-violon-de-tahar-bekri-inedit\/#breadcrumb","itemListElement":[{"@type":"ListItem","position":1,"name":"Accueil","item":"https:\/\/kapitalis.com\/tunisie\/"},{"@type":"ListItem","position":2,"name":"Le po\u00e8me du dimanche\u00a0: \u2018\u2018Violon\u2019\u2019 de Tahar Bekri (in\u00e9dit)"}]},{"@type":"WebSite","@id":"https:\/\/kapitalis.com\/tunisie\/#website","url":"https:\/\/kapitalis.com\/tunisie\/","name":"Kapitalis","description":"L&#039;actualit\u00e9 en Tunisie et dans le monde","publisher":{"@id":"https:\/\/kapitalis.com\/tunisie\/#organization"},"potentialAction":[{"@type":"SearchAction","target":{"@type":"EntryPoint","urlTemplate":"https:\/\/kapitalis.com\/tunisie\/?s={search_term_string}"},"query-input":{"@type":"PropertyValueSpecification","valueRequired":true,"valueName":"search_term_string"}}],"inLanguage":"fr-FR"},{"@type":"Organization","@id":"https:\/\/kapitalis.com\/tunisie\/#organization","name":"Kapitalis","url":"https:\/\/kapitalis.com\/tunisie\/","logo":{"@type":"ImageObject","inLanguage":"fr-FR","@id":"https:\/\/kapitalis.com\/tunisie\/#\/schema\/logo\/image\/","url":"https:\/\/kapitalis.com\/tunisie\/wp-content\/uploads\/2022\/05\/Kapitalis-big-size.png","contentUrl":"https:\/\/kapitalis.com\/tunisie\/wp-content\/uploads\/2022\/05\/Kapitalis-big-size.png","width":5000,"height":1500,"caption":"Kapitalis"},"image":{"@id":"https:\/\/kapitalis.com\/tunisie\/#\/schema\/logo\/image\/"},"sameAs":["https:\/\/www.facebook.com\/KapitalisInfo\/","https:\/\/x.com\/KapitalisInfo","https:\/\/www.youtube.com\/channel\/UC-yDYrHyfFBWWZaOw3FPg9Q"]},{"@type":"Person","@id":"https:\/\/kapitalis.com\/tunisie\/#\/schema\/person\/d71f33a9ca44f7bad4698210b480c8e9","name":"webmaster kapitalis","url":"https:\/\/kapitalis.com\/tunisie\/author\/webmaster-kapitalis\/"}]}},"_links":{"self":[{"href":"https:\/\/kapitalis.com\/tunisie\/wp-json\/wp\/v2\/posts\/11509704","targetHints":{"allow":["GET"]}}],"collection":[{"href":"https:\/\/kapitalis.com\/tunisie\/wp-json\/wp\/v2\/posts"}],"about":[{"href":"https:\/\/kapitalis.com\/tunisie\/wp-json\/wp\/v2\/types\/post"}],"author":[{"embeddable":true,"href":"https:\/\/kapitalis.com\/tunisie\/wp-json\/wp\/v2\/users\/8"}],"replies":[{"embeddable":true,"href":"https:\/\/kapitalis.com\/tunisie\/wp-json\/wp\/v2\/comments?post=11509704"}],"version-history":[{"count":2,"href":"https:\/\/kapitalis.com\/tunisie\/wp-json\/wp\/v2\/posts\/11509704\/revisions"}],"predecessor-version":[{"id":11509893,"href":"https:\/\/kapitalis.com\/tunisie\/wp-json\/wp\/v2\/posts\/11509704\/revisions\/11509893"}],"wp:featuredmedia":[{"embeddable":true,"href":"https:\/\/kapitalis.com\/tunisie\/wp-json\/wp\/v2\/media\/11509851"}],"wp:attachment":[{"href":"https:\/\/kapitalis.com\/tunisie\/wp-json\/wp\/v2\/media?parent=11509704"}],"wp:term":[{"taxonomy":"category","embeddable":true,"href":"https:\/\/kapitalis.com\/tunisie\/wp-json\/wp\/v2\/categories?post=11509704"},{"taxonomy":"post_tag","embeddable":true,"href":"https:\/\/kapitalis.com\/tunisie\/wp-json\/wp\/v2\/tags?post=11509704"}],"curies":[{"name":"wp","href":"https:\/\/api.w.org\/{rel}","templated":true}]}}