{"id":11510340,"date":"2024-02-04T08:55:54","date_gmt":"2024-02-04T07:55:54","guid":{"rendered":"https:\/\/kapitalis.com\/tunisie\/?p=11510340"},"modified":"2024-02-04T08:55:55","modified_gmt":"2024-02-04T07:55:55","slug":"nouvelle-marche-a-paris-pour-un-cessez-le-feu-immediat-a-gaza-photos","status":"publish","type":"post","link":"https:\/\/kapitalis.com\/tunisie\/2024\/02\/04\/nouvelle-marche-a-paris-pour-un-cessez-le-feu-immediat-a-gaza-photos\/","title":{"rendered":"Nouvelle marche \u00e0 Paris pour un cessez-le-feu imm\u00e9diat \u00e0 Gaza (Photos)"},"content":{"rendered":"\n<p><strong><em>Alors que le g\u00e9nocide des Palestiniens \u00e0 Gaza devient une information banale dont les m\u00e9dias occidentaux, dans leur alignement syst\u00e9matique sur la propagande de guerre isra\u00e9lienne, \u00e9vitent clairement de parler, des citoyens continuent de d\u00e9filer dans les rues des grandes capitales occidentales pour appeler au cessez-le-feu et \u00e0 la fin de l\u2019impunit\u00e9 de l\u2019Etat h\u00e9breu.<\/em><\/strong><\/p>\n\n\n\n<p>Reportage photo de <strong>Abdellatif Ben Salem<\/strong><\/p>\n\n\n\n<!--more-->\n\n\n\n<p>Hier, samedi 3 f\u00e9vrier 2024, des milliers de manifestants ont d\u00e9fil\u00e9 \u00e0 Paris pour exprimer leur solidarit\u00e9 avec la Palestine et leur soutien \u00e0 la r\u00e9sistance palestinienne, et appeler \u00e0 la fin du g\u00e9nocide et au cessez-le-feu imm\u00e9diat alors, que le bilan des attaques isra\u00e9liennes depuis le 7 octobre dans la bande de Gaza s\u2019est alourdi, hier, \u00e0 27 238 morts et 66 452 bless\u00e9s, en majorit\u00e9 des femmes et des enfants, sans compter les corps encore ensevelis sous les d\u00e9combres des b\u00e2timents d\u00e9truits par les bombardements isra\u00e9liens.<\/p>\n\n\n\n<figure class=\"wp-block-gallery aligncenter has-nested-images columns-default is-cropped wp-block-gallery-1 is-layout-flex wp-block-gallery-is-layout-flex\">\n<figure class=\"wp-block-image size-large\"><img loading=\"lazy\" decoding=\"async\" width=\"682\" height=\"910\" data-id=\"11510558\" src=\"https:\/\/kapitalis.com\/tunisie\/wp-content\/uploads\/2024\/02\/Manif-Paris-3-fevrier-2024-5.jpg\" alt=\"\" class=\"wp-image-11510558\" srcset=\"https:\/\/kapitalis.com\/tunisie\/wp-content\/uploads\/2024\/02\/Manif-Paris-3-fevrier-2024-5.jpg 682w, https:\/\/kapitalis.com\/tunisie\/wp-content\/uploads\/2024\/02\/Manif-Paris-3-fevrier-2024-5-225x300.jpg 225w, https:\/\/kapitalis.com\/tunisie\/wp-content\/uploads\/2024\/02\/Manif-Paris-3-fevrier-2024-5-580x774.jpg 580w\" sizes=\"auto, (max-width: 682px) 100vw, 682px\" \/><\/figure>\n\n\n\n<figure class=\"wp-block-image size-large\"><img loading=\"lazy\" decoding=\"async\" width=\"682\" height=\"910\" data-id=\"11510561\" src=\"https:\/\/kapitalis.com\/tunisie\/wp-content\/uploads\/2024\/02\/Manif-Paris-3-fevrier-2024-7.jpg\" alt=\"\" class=\"wp-image-11510561\" srcset=\"https:\/\/kapitalis.com\/tunisie\/wp-content\/uploads\/2024\/02\/Manif-Paris-3-fevrier-2024-7.jpg 682w, https:\/\/kapitalis.com\/tunisie\/wp-content\/uploads\/2024\/02\/Manif-Paris-3-fevrier-2024-7-225x300.jpg 225w, https:\/\/kapitalis.com\/tunisie\/wp-content\/uploads\/2024\/02\/Manif-Paris-3-fevrier-2024-7-580x774.jpg 580w\" sizes=\"auto, (max-width: 682px) 100vw, 682px\" \/><\/figure>\n\n\n\n<figure class=\"wp-block-image size-large\"><img loading=\"lazy\" decoding=\"async\" width=\"682\" height=\"910\" data-id=\"11510559\" src=\"https:\/\/kapitalis.com\/tunisie\/wp-content\/uploads\/2024\/02\/Manif-Paris-3-fevrier-2024-8.jpg\" alt=\"\" class=\"wp-image-11510559\" srcset=\"https:\/\/kapitalis.com\/tunisie\/wp-content\/uploads\/2024\/02\/Manif-Paris-3-fevrier-2024-8.jpg 682w, https:\/\/kapitalis.com\/tunisie\/wp-content\/uploads\/2024\/02\/Manif-Paris-3-fevrier-2024-8-225x300.jpg 225w, https:\/\/kapitalis.com\/tunisie\/wp-content\/uploads\/2024\/02\/Manif-Paris-3-fevrier-2024-8-580x774.jpg 580w\" sizes=\"auto, (max-width: 682px) 100vw, 682px\" \/><\/figure>\n<\/figure>\n\n\n\n<p>Ceux et celles qui continuent de battre la pav\u00e9 pour en appeler \u00e0 la conscience de leurs compatriotes sont persuad\u00e9s que la guerre d\u2019extermination men\u00e9e actuellement par Isra\u00ebl \u00e0 Gaza et en Cisjordanie, au vu et au su de tous, ne saurait encore durer et que la complicit\u00e9 des gouvernements occidentaux avec les chefs de guerre isra\u00e9liens ne saurait rester longtemps impunie.  <\/p>\n\n\n\n<figure class=\"wp-block-gallery aligncenter has-nested-images columns-default is-cropped wp-block-gallery-2 is-layout-flex wp-block-gallery-is-layout-flex\">\n<figure class=\"wp-block-image size-large\"><img loading=\"lazy\" decoding=\"async\" width=\"682\" height=\"910\" data-id=\"11510574\" src=\"https:\/\/kapitalis.com\/tunisie\/wp-content\/uploads\/2024\/02\/Manif-Paris-3-fevrier-2024-9.jpg\" alt=\"\" class=\"wp-image-11510574\" srcset=\"https:\/\/kapitalis.com\/tunisie\/wp-content\/uploads\/2024\/02\/Manif-Paris-3-fevrier-2024-9.jpg 682w, https:\/\/kapitalis.com\/tunisie\/wp-content\/uploads\/2024\/02\/Manif-Paris-3-fevrier-2024-9-225x300.jpg 225w, https:\/\/kapitalis.com\/tunisie\/wp-content\/uploads\/2024\/02\/Manif-Paris-3-fevrier-2024-9-580x774.jpg 580w\" sizes=\"auto, (max-width: 682px) 100vw, 682px\" \/><\/figure>\n\n\n\n<figure class=\"wp-block-image size-large\"><img loading=\"lazy\" decoding=\"async\" width=\"689\" height=\"919\" data-id=\"11510575\" src=\"https:\/\/kapitalis.com\/tunisie\/wp-content\/uploads\/2024\/02\/Manif-Paris-3-fevrier-2024-10.jpg\" alt=\"\" class=\"wp-image-11510575\" srcset=\"https:\/\/kapitalis.com\/tunisie\/wp-content\/uploads\/2024\/02\/Manif-Paris-3-fevrier-2024-10.jpg 689w, https:\/\/kapitalis.com\/tunisie\/wp-content\/uploads\/2024\/02\/Manif-Paris-3-fevrier-2024-10-225x300.jpg 225w, https:\/\/kapitalis.com\/tunisie\/wp-content\/uploads\/2024\/02\/Manif-Paris-3-fevrier-2024-10-580x774.jpg 580w\" sizes=\"auto, (max-width: 689px) 100vw, 689px\" \/><\/figure>\n\n\n\n<figure class=\"wp-block-image size-large\"><img loading=\"lazy\" decoding=\"async\" width=\"689\" height=\"919\" data-id=\"11510576\" src=\"https:\/\/kapitalis.com\/tunisie\/wp-content\/uploads\/2024\/02\/Manif-Paris-3-fevrier-2024-11.jpg\" alt=\"\" class=\"wp-image-11510576\" srcset=\"https:\/\/kapitalis.com\/tunisie\/wp-content\/uploads\/2024\/02\/Manif-Paris-3-fevrier-2024-11.jpg 689w, https:\/\/kapitalis.com\/tunisie\/wp-content\/uploads\/2024\/02\/Manif-Paris-3-fevrier-2024-11-225x300.jpg 225w, https:\/\/kapitalis.com\/tunisie\/wp-content\/uploads\/2024\/02\/Manif-Paris-3-fevrier-2024-11-580x774.jpg 580w\" sizes=\"auto, (max-width: 689px) 100vw, 689px\" \/><\/figure>\n<\/figure>\n\n\n\n<p>On remarquera au passage qu\u2019aucun m\u00e9dia fran\u00e7ais n\u2019a cru devoir faire part de la manifestation d\u2019hier \u00e0 Paris et ce silence assourdissant d\u00e9shonore nos confr\u00e8res fran\u00e7ais qui continuent de se cacher derri\u00e8re leur petit doigt, s\u2019inclinant devant la puissance des lobbys sionistes pro-isra\u00e9liens qui contr\u00f4lent la plupart des entreprises m\u00e9diatiques, en France et en Occident en g\u00e9n\u00e9ral. \u00a0\u00a0\u00a0\u00a0\u00a0\u00a0<\/p>\n\n\n\n<figure class=\"wp-block-gallery aligncenter has-nested-images columns-default is-cropped wp-block-gallery-3 is-layout-flex wp-block-gallery-is-layout-flex\">\n<figure class=\"wp-block-image size-large\"><img loading=\"lazy\" decoding=\"async\" width=\"689\" height=\"919\" data-id=\"11510582\" src=\"https:\/\/kapitalis.com\/tunisie\/wp-content\/uploads\/2024\/02\/Manif-Paris-3-fevrier-2024-12.jpg\" alt=\"\" class=\"wp-image-11510582\" srcset=\"https:\/\/kapitalis.com\/tunisie\/wp-content\/uploads\/2024\/02\/Manif-Paris-3-fevrier-2024-12.jpg 689w, https:\/\/kapitalis.com\/tunisie\/wp-content\/uploads\/2024\/02\/Manif-Paris-3-fevrier-2024-12-225x300.jpg 225w, https:\/\/kapitalis.com\/tunisie\/wp-content\/uploads\/2024\/02\/Manif-Paris-3-fevrier-2024-12-580x774.jpg 580w\" sizes=\"auto, (max-width: 689px) 100vw, 689px\" \/><\/figure>\n\n\n\n<figure class=\"wp-block-image size-large\"><img loading=\"lazy\" decoding=\"async\" width=\"689\" height=\"919\" data-id=\"11510583\" src=\"https:\/\/kapitalis.com\/tunisie\/wp-content\/uploads\/2024\/02\/Manif-Paris-3-fevrier-2024-13.jpg\" alt=\"\" class=\"wp-image-11510583\" srcset=\"https:\/\/kapitalis.com\/tunisie\/wp-content\/uploads\/2024\/02\/Manif-Paris-3-fevrier-2024-13.jpg 689w, https:\/\/kapitalis.com\/tunisie\/wp-content\/uploads\/2024\/02\/Manif-Paris-3-fevrier-2024-13-225x300.jpg 225w, https:\/\/kapitalis.com\/tunisie\/wp-content\/uploads\/2024\/02\/Manif-Paris-3-fevrier-2024-13-580x774.jpg 580w\" sizes=\"auto, (max-width: 689px) 100vw, 689px\" \/><\/figure>\n\n\n\n<figure class=\"wp-block-image size-large\"><img loading=\"lazy\" decoding=\"async\" width=\"689\" height=\"919\" data-id=\"11510581\" src=\"https:\/\/kapitalis.com\/tunisie\/wp-content\/uploads\/2024\/02\/Manif-Paris-3-fevrier-2024-14.jpg\" alt=\"\" class=\"wp-image-11510581\" srcset=\"https:\/\/kapitalis.com\/tunisie\/wp-content\/uploads\/2024\/02\/Manif-Paris-3-fevrier-2024-14.jpg 689w, https:\/\/kapitalis.com\/tunisie\/wp-content\/uploads\/2024\/02\/Manif-Paris-3-fevrier-2024-14-225x300.jpg 225w, https:\/\/kapitalis.com\/tunisie\/wp-content\/uploads\/2024\/02\/Manif-Paris-3-fevrier-2024-14-580x774.jpg 580w\" sizes=\"auto, (max-width: 689px) 100vw, 689px\" \/><\/figure>\n<\/figure>\n\n\n\n<figure class=\"wp-block-gallery aligncenter has-nested-images columns-default is-cropped wp-block-gallery-4 is-layout-flex wp-block-gallery-is-layout-flex\">\n<figure class=\"wp-block-image size-large\"><img loading=\"lazy\" decoding=\"async\" width=\"682\" height=\"910\" data-id=\"11510593\" src=\"https:\/\/kapitalis.com\/tunisie\/wp-content\/uploads\/2024\/02\/Manif-Paris-3-fevrier-2024-15.jpg\" alt=\"\" class=\"wp-image-11510593\" srcset=\"https:\/\/kapitalis.com\/tunisie\/wp-content\/uploads\/2024\/02\/Manif-Paris-3-fevrier-2024-15.jpg 682w, https:\/\/kapitalis.com\/tunisie\/wp-content\/uploads\/2024\/02\/Manif-Paris-3-fevrier-2024-15-225x300.jpg 225w, https:\/\/kapitalis.com\/tunisie\/wp-content\/uploads\/2024\/02\/Manif-Paris-3-fevrier-2024-15-580x774.jpg 580w\" sizes=\"auto, (max-width: 682px) 100vw, 682px\" \/><\/figure>\n\n\n\n<figure class=\"wp-block-image size-large\"><img loading=\"lazy\" decoding=\"async\" width=\"682\" height=\"910\" data-id=\"11510595\" src=\"https:\/\/kapitalis.com\/tunisie\/wp-content\/uploads\/2024\/02\/Manif-Paris-3-fevrier-2024-16.jpg\" alt=\"\" class=\"wp-image-11510595\" srcset=\"https:\/\/kapitalis.com\/tunisie\/wp-content\/uploads\/2024\/02\/Manif-Paris-3-fevrier-2024-16.jpg 682w, https:\/\/kapitalis.com\/tunisie\/wp-content\/uploads\/2024\/02\/Manif-Paris-3-fevrier-2024-16-225x300.jpg 225w, https:\/\/kapitalis.com\/tunisie\/wp-content\/uploads\/2024\/02\/Manif-Paris-3-fevrier-2024-16-580x774.jpg 580w\" sizes=\"auto, (max-width: 682px) 100vw, 682px\" \/><\/figure>\n\n\n\n<figure class=\"wp-block-image size-large\"><img loading=\"lazy\" decoding=\"async\" width=\"682\" height=\"910\" data-id=\"11510596\" src=\"https:\/\/kapitalis.com\/tunisie\/wp-content\/uploads\/2024\/02\/Manif-Paris-3-fevrier-2024-17.jpg\" alt=\"\" class=\"wp-image-11510596\" srcset=\"https:\/\/kapitalis.com\/tunisie\/wp-content\/uploads\/2024\/02\/Manif-Paris-3-fevrier-2024-17.jpg 682w, https:\/\/kapitalis.com\/tunisie\/wp-content\/uploads\/2024\/02\/Manif-Paris-3-fevrier-2024-17-225x300.jpg 225w, https:\/\/kapitalis.com\/tunisie\/wp-content\/uploads\/2024\/02\/Manif-Paris-3-fevrier-2024-17-580x774.jpg 580w\" sizes=\"auto, (max-width: 682px) 100vw, 682px\" \/><\/figure>\n<\/figure>\n\n\n\n<figure class=\"wp-block-gallery aligncenter has-nested-images columns-default is-cropped wp-block-gallery-5 is-layout-flex wp-block-gallery-is-layout-flex\">\n<figure class=\"wp-block-image size-large\"><img loading=\"lazy\" decoding=\"async\" width=\"682\" height=\"910\" data-id=\"11510599\" src=\"https:\/\/kapitalis.com\/tunisie\/wp-content\/uploads\/2024\/02\/Manif-Paris-3-fevrier-2024-18.jpg\" alt=\"\" class=\"wp-image-11510599\" srcset=\"https:\/\/kapitalis.com\/tunisie\/wp-content\/uploads\/2024\/02\/Manif-Paris-3-fevrier-2024-18.jpg 682w, https:\/\/kapitalis.com\/tunisie\/wp-content\/uploads\/2024\/02\/Manif-Paris-3-fevrier-2024-18-225x300.jpg 225w, https:\/\/kapitalis.com\/tunisie\/wp-content\/uploads\/2024\/02\/Manif-Paris-3-fevrier-2024-18-580x774.jpg 580w\" sizes=\"auto, (max-width: 682px) 100vw, 682px\" \/><\/figure>\n\n\n\n<figure class=\"wp-block-image size-large\"><img loading=\"lazy\" decoding=\"async\" width=\"682\" height=\"910\" data-id=\"11510601\" src=\"https:\/\/kapitalis.com\/tunisie\/wp-content\/uploads\/2024\/02\/Manif-Paris-3-fevrier-2024-19.jpg\" alt=\"\" class=\"wp-image-11510601\" srcset=\"https:\/\/kapitalis.com\/tunisie\/wp-content\/uploads\/2024\/02\/Manif-Paris-3-fevrier-2024-19.jpg 682w, https:\/\/kapitalis.com\/tunisie\/wp-content\/uploads\/2024\/02\/Manif-Paris-3-fevrier-2024-19-225x300.jpg 225w, https:\/\/kapitalis.com\/tunisie\/wp-content\/uploads\/2024\/02\/Manif-Paris-3-fevrier-2024-19-580x774.jpg 580w\" sizes=\"auto, (max-width: 682px) 100vw, 682px\" \/><\/figure>\n\n\n\n<figure class=\"wp-block-image size-large\"><img loading=\"lazy\" decoding=\"async\" width=\"682\" height=\"910\" data-id=\"11510600\" src=\"https:\/\/kapitalis.com\/tunisie\/wp-content\/uploads\/2024\/02\/Manif-Paris-3-fevrier-2024.jpg\" alt=\"\" class=\"wp-image-11510600\" srcset=\"https:\/\/kapitalis.com\/tunisie\/wp-content\/uploads\/2024\/02\/Manif-Paris-3-fevrier-2024.jpg 682w, https:\/\/kapitalis.com\/tunisie\/wp-content\/uploads\/2024\/02\/Manif-Paris-3-fevrier-2024-225x300.jpg 225w, https:\/\/kapitalis.com\/tunisie\/wp-content\/uploads\/2024\/02\/Manif-Paris-3-fevrier-2024-580x774.jpg 580w\" sizes=\"auto, (max-width: 682px) 100vw, 682px\" \/><\/figure>\n<\/figure>\n","protected":false},"excerpt":{"rendered":"<p>Des citoyens continuent de d\u00e9filer dans les rues des grandes capitales occidentales pour appeler au cessez-le-feu \u00e0 Gaza et \u00e0 la fin de l\u2019impunit\u00e9 de l\u2019Etat h\u00e9breu.<\/p>\n","protected":false},"author":8,"featured_media":11510545,"comment_status":"open","ping_status":"open","sticky":false,"template":"","format":"standard","meta":{"footnotes":""},"categories":[992,997,2433],"tags":[81300,4027,395,2444,2478,3895,4026,1364],"class_list":["post-11510340","post","type-post","status-publish","format-standard","has-post-thumbnail","hentry","category-a-la-une","category-politique","category-tunisie","tag-abdellatif-ben-salem","tag-cisjordanie","tag-france","tag-gaza","tag-israel","tag-occident","tag-palestine","tag-paris"],"yoast_head":"<!-- This site is optimized with the Yoast SEO plugin v26.6 - https:\/\/yoast.com\/wordpress\/plugins\/seo\/ -->\n<title>Nouvelle marche \u00e0 Paris pour un cessez-le-feu imm\u00e9diat \u00e0 Gaza (Photos) - Kapitalis<\/title>\n<meta name=\"robots\" content=\"index, follow, max-snippet:-1, max-image-preview:large, max-video-preview:-1\" \/>\n<link rel=\"canonical\" href=\"https:\/\/kapitalis.com\/tunisie\/2024\/02\/04\/nouvelle-marche-a-paris-pour-un-cessez-le-feu-immediat-a-gaza-photos\/\" \/>\n<meta property=\"og:locale\" content=\"fr_FR\" \/>\n<meta property=\"og:type\" content=\"article\" \/>\n<meta property=\"og:title\" content=\"Nouvelle marche \u00e0 Paris pour un cessez-le-feu imm\u00e9diat \u00e0 Gaza (Photos) - Kapitalis\" \/>\n<meta property=\"og:description\" content=\"Des citoyens continuent de d\u00e9filer dans les rues des grandes capitales occidentales pour appeler au cessez-le-feu \u00e0 Gaza et \u00e0 la fin de l\u2019impunit\u00e9 de l\u2019Etat h\u00e9breu.\" \/>\n<meta property=\"og:url\" content=\"https:\/\/kapitalis.com\/tunisie\/2024\/02\/04\/nouvelle-marche-a-paris-pour-un-cessez-le-feu-immediat-a-gaza-photos\/\" \/>\n<meta property=\"og:site_name\" content=\"Kapitalis\" \/>\n<meta property=\"article:publisher\" content=\"https:\/\/www.facebook.com\/KapitalisInfo\/\" \/>\n<meta property=\"article:published_time\" content=\"2024-02-04T07:55:54+00:00\" \/>\n<meta property=\"article:modified_time\" content=\"2024-02-04T07:55:55+00:00\" \/>\n<meta property=\"og:image\" content=\"https:\/\/kapitalis.com\/tunisie\/wp-content\/uploads\/2024\/02\/Manif-Paris-3-fevrier-2024-Ban.jpg\" \/>\n\t<meta property=\"og:image:width\" content=\"1200\" \/>\n\t<meta property=\"og:image:height\" content=\"630\" \/>\n\t<meta property=\"og:image:type\" content=\"image\/jpeg\" \/>\n<meta name=\"author\" content=\"webmaster kapitalis\" \/>\n<meta name=\"twitter:card\" content=\"summary_large_image\" \/>\n<meta name=\"twitter:creator\" content=\"@KapitalisInfo\" \/>\n<meta name=\"twitter:site\" content=\"@KapitalisInfo\" \/>\n<meta name=\"twitter:label1\" content=\"\u00c9crit par\" \/>\n\t<meta name=\"twitter:data1\" content=\"webmaster kapitalis\" \/>\n\t<meta name=\"twitter:label2\" content=\"Dur\u00e9e de lecture estim\u00e9e\" \/>\n\t<meta name=\"twitter:data2\" content=\"5 minutes\" \/>\n<script type=\"application\/ld+json\" class=\"yoast-schema-graph\">{\"@context\":\"https:\/\/schema.org\",\"@graph\":[{\"@type\":\"Article\",\"@id\":\"https:\/\/kapitalis.com\/tunisie\/2024\/02\/04\/nouvelle-marche-a-paris-pour-un-cessez-le-feu-immediat-a-gaza-photos\/#article\",\"isPartOf\":{\"@id\":\"https:\/\/kapitalis.com\/tunisie\/2024\/02\/04\/nouvelle-marche-a-paris-pour-un-cessez-le-feu-immediat-a-gaza-photos\/\"},\"author\":{\"name\":\"webmaster kapitalis\",\"@id\":\"https:\/\/kapitalis.com\/tunisie\/#\/schema\/person\/d71f33a9ca44f7bad4698210b480c8e9\"},\"headline\":\"Nouvelle marche \u00e0 Paris pour un cessez-le-feu imm\u00e9diat \u00e0 Gaza (Photos)\",\"datePublished\":\"2024-02-04T07:55:54+00:00\",\"dateModified\":\"2024-02-04T07:55:55+00:00\",\"mainEntityOfPage\":{\"@id\":\"https:\/\/kapitalis.com\/tunisie\/2024\/02\/04\/nouvelle-marche-a-paris-pour-un-cessez-le-feu-immediat-a-gaza-photos\/\"},\"wordCount\":302,\"commentCount\":1,\"publisher\":{\"@id\":\"https:\/\/kapitalis.com\/tunisie\/#organization\"},\"image\":{\"@id\":\"https:\/\/kapitalis.com\/tunisie\/2024\/02\/04\/nouvelle-marche-a-paris-pour-un-cessez-le-feu-immediat-a-gaza-photos\/#primaryimage\"},\"thumbnailUrl\":\"https:\/\/kapitalis.com\/tunisie\/wp-content\/uploads\/2024\/02\/Manif-Paris-3-fevrier-2024-Ban.jpg\",\"keywords\":[\"Abdellatif Ben Salem\",\"Cisjordanie\",\"France\",\"Gaza\",\"Isra\u00ebl\",\"occident\",\"Palestine\",\"Paris\"],\"articleSection\":[\"A LA UNE\",\"POLITIQUE\",\"Tunisie\"],\"inLanguage\":\"fr-FR\",\"potentialAction\":[{\"@type\":\"CommentAction\",\"name\":\"Comment\",\"target\":[\"https:\/\/kapitalis.com\/tunisie\/2024\/02\/04\/nouvelle-marche-a-paris-pour-un-cessez-le-feu-immediat-a-gaza-photos\/#respond\"]}]},{\"@type\":\"WebPage\",\"@id\":\"https:\/\/kapitalis.com\/tunisie\/2024\/02\/04\/nouvelle-marche-a-paris-pour-un-cessez-le-feu-immediat-a-gaza-photos\/\",\"url\":\"https:\/\/kapitalis.com\/tunisie\/2024\/02\/04\/nouvelle-marche-a-paris-pour-un-cessez-le-feu-immediat-a-gaza-photos\/\",\"name\":\"Nouvelle marche \u00e0 Paris pour un cessez-le-feu imm\u00e9diat \u00e0 Gaza (Photos) - Kapitalis\",\"isPartOf\":{\"@id\":\"https:\/\/kapitalis.com\/tunisie\/#website\"},\"primaryImageOfPage\":{\"@id\":\"https:\/\/kapitalis.com\/tunisie\/2024\/02\/04\/nouvelle-marche-a-paris-pour-un-cessez-le-feu-immediat-a-gaza-photos\/#primaryimage\"},\"image\":{\"@id\":\"https:\/\/kapitalis.com\/tunisie\/2024\/02\/04\/nouvelle-marche-a-paris-pour-un-cessez-le-feu-immediat-a-gaza-photos\/#primaryimage\"},\"thumbnailUrl\":\"https:\/\/kapitalis.com\/tunisie\/wp-content\/uploads\/2024\/02\/Manif-Paris-3-fevrier-2024-Ban.jpg\",\"datePublished\":\"2024-02-04T07:55:54+00:00\",\"dateModified\":\"2024-02-04T07:55:55+00:00\",\"breadcrumb\":{\"@id\":\"https:\/\/kapitalis.com\/tunisie\/2024\/02\/04\/nouvelle-marche-a-paris-pour-un-cessez-le-feu-immediat-a-gaza-photos\/#breadcrumb\"},\"inLanguage\":\"fr-FR\",\"potentialAction\":[{\"@type\":\"ReadAction\",\"target\":[\"https:\/\/kapitalis.com\/tunisie\/2024\/02\/04\/nouvelle-marche-a-paris-pour-un-cessez-le-feu-immediat-a-gaza-photos\/\"]}]},{\"@type\":\"ImageObject\",\"inLanguage\":\"fr-FR\",\"@id\":\"https:\/\/kapitalis.com\/tunisie\/2024\/02\/04\/nouvelle-marche-a-paris-pour-un-cessez-le-feu-immediat-a-gaza-photos\/#primaryimage\",\"url\":\"https:\/\/kapitalis.com\/tunisie\/wp-content\/uploads\/2024\/02\/Manif-Paris-3-fevrier-2024-Ban.jpg\",\"contentUrl\":\"https:\/\/kapitalis.com\/tunisie\/wp-content\/uploads\/2024\/02\/Manif-Paris-3-fevrier-2024-Ban.jpg\",\"width\":1200,\"height\":630},{\"@type\":\"BreadcrumbList\",\"@id\":\"https:\/\/kapitalis.com\/tunisie\/2024\/02\/04\/nouvelle-marche-a-paris-pour-un-cessez-le-feu-immediat-a-gaza-photos\/#breadcrumb\",\"itemListElement\":[{\"@type\":\"ListItem\",\"position\":1,\"name\":\"Accueil\",\"item\":\"https:\/\/kapitalis.com\/tunisie\/\"},{\"@type\":\"ListItem\",\"position\":2,\"name\":\"Nouvelle marche \u00e0 Paris pour un cessez-le-feu imm\u00e9diat \u00e0 Gaza (Photos)\"}]},{\"@type\":\"WebSite\",\"@id\":\"https:\/\/kapitalis.com\/tunisie\/#website\",\"url\":\"https:\/\/kapitalis.com\/tunisie\/\",\"name\":\"Kapitalis\",\"description\":\"L&#039;actualit\u00e9 en Tunisie et dans le monde\",\"publisher\":{\"@id\":\"https:\/\/kapitalis.com\/tunisie\/#organization\"},\"potentialAction\":[{\"@type\":\"SearchAction\",\"target\":{\"@type\":\"EntryPoint\",\"urlTemplate\":\"https:\/\/kapitalis.com\/tunisie\/?s={search_term_string}\"},\"query-input\":{\"@type\":\"PropertyValueSpecification\",\"valueRequired\":true,\"valueName\":\"search_term_string\"}}],\"inLanguage\":\"fr-FR\"},{\"@type\":\"Organization\",\"@id\":\"https:\/\/kapitalis.com\/tunisie\/#organization\",\"name\":\"Kapitalis\",\"url\":\"https:\/\/kapitalis.com\/tunisie\/\",\"logo\":{\"@type\":\"ImageObject\",\"inLanguage\":\"fr-FR\",\"@id\":\"https:\/\/kapitalis.com\/tunisie\/#\/schema\/logo\/image\/\",\"url\":\"https:\/\/kapitalis.com\/tunisie\/wp-content\/uploads\/2022\/05\/Kapitalis-big-size.png\",\"contentUrl\":\"https:\/\/kapitalis.com\/tunisie\/wp-content\/uploads\/2022\/05\/Kapitalis-big-size.png\",\"width\":5000,\"height\":1500,\"caption\":\"Kapitalis\"},\"image\":{\"@id\":\"https:\/\/kapitalis.com\/tunisie\/#\/schema\/logo\/image\/\"},\"sameAs\":[\"https:\/\/www.facebook.com\/KapitalisInfo\/\",\"https:\/\/x.com\/KapitalisInfo\",\"https:\/\/www.youtube.com\/channel\/UC-yDYrHyfFBWWZaOw3FPg9Q\"]},{\"@type\":\"Person\",\"@id\":\"https:\/\/kapitalis.com\/tunisie\/#\/schema\/person\/d71f33a9ca44f7bad4698210b480c8e9\",\"name\":\"webmaster kapitalis\",\"url\":\"https:\/\/kapitalis.com\/tunisie\/author\/webmaster-kapitalis\/\"}]}<\/script>\n<!-- \/ Yoast SEO plugin. -->","yoast_head_json":{"title":"Nouvelle marche \u00e0 Paris pour un cessez-le-feu imm\u00e9diat \u00e0 Gaza (Photos) - Kapitalis","robots":{"index":"index","follow":"follow","max-snippet":"max-snippet:-1","max-image-preview":"max-image-preview:large","max-video-preview":"max-video-preview:-1"},"canonical":"https:\/\/kapitalis.com\/tunisie\/2024\/02\/04\/nouvelle-marche-a-paris-pour-un-cessez-le-feu-immediat-a-gaza-photos\/","og_locale":"fr_FR","og_type":"article","og_title":"Nouvelle marche \u00e0 Paris pour un cessez-le-feu imm\u00e9diat \u00e0 Gaza (Photos) - Kapitalis","og_description":"Des citoyens continuent de d\u00e9filer dans les rues des grandes capitales occidentales pour appeler au cessez-le-feu \u00e0 Gaza et \u00e0 la fin de l\u2019impunit\u00e9 de l\u2019Etat h\u00e9breu.","og_url":"https:\/\/kapitalis.com\/tunisie\/2024\/02\/04\/nouvelle-marche-a-paris-pour-un-cessez-le-feu-immediat-a-gaza-photos\/","og_site_name":"Kapitalis","article_publisher":"https:\/\/www.facebook.com\/KapitalisInfo\/","article_published_time":"2024-02-04T07:55:54+00:00","article_modified_time":"2024-02-04T07:55:55+00:00","og_image":[{"width":1200,"height":630,"url":"https:\/\/kapitalis.com\/tunisie\/wp-content\/uploads\/2024\/02\/Manif-Paris-3-fevrier-2024-Ban.jpg","type":"image\/jpeg"}],"author":"webmaster kapitalis","twitter_card":"summary_large_image","twitter_creator":"@KapitalisInfo","twitter_site":"@KapitalisInfo","twitter_misc":{"\u00c9crit par":"webmaster kapitalis","Dur\u00e9e de lecture estim\u00e9e":"5 minutes"},"schema":{"@context":"https:\/\/schema.org","@graph":[{"@type":"Article","@id":"https:\/\/kapitalis.com\/tunisie\/2024\/02\/04\/nouvelle-marche-a-paris-pour-un-cessez-le-feu-immediat-a-gaza-photos\/#article","isPartOf":{"@id":"https:\/\/kapitalis.com\/tunisie\/2024\/02\/04\/nouvelle-marche-a-paris-pour-un-cessez-le-feu-immediat-a-gaza-photos\/"},"author":{"name":"webmaster kapitalis","@id":"https:\/\/kapitalis.com\/tunisie\/#\/schema\/person\/d71f33a9ca44f7bad4698210b480c8e9"},"headline":"Nouvelle marche \u00e0 Paris pour un cessez-le-feu imm\u00e9diat \u00e0 Gaza (Photos)","datePublished":"2024-02-04T07:55:54+00:00","dateModified":"2024-02-04T07:55:55+00:00","mainEntityOfPage":{"@id":"https:\/\/kapitalis.com\/tunisie\/2024\/02\/04\/nouvelle-marche-a-paris-pour-un-cessez-le-feu-immediat-a-gaza-photos\/"},"wordCount":302,"commentCount":1,"publisher":{"@id":"https:\/\/kapitalis.com\/tunisie\/#organization"},"image":{"@id":"https:\/\/kapitalis.com\/tunisie\/2024\/02\/04\/nouvelle-marche-a-paris-pour-un-cessez-le-feu-immediat-a-gaza-photos\/#primaryimage"},"thumbnailUrl":"https:\/\/kapitalis.com\/tunisie\/wp-content\/uploads\/2024\/02\/Manif-Paris-3-fevrier-2024-Ban.jpg","keywords":["Abdellatif Ben Salem","Cisjordanie","France","Gaza","Isra\u00ebl","occident","Palestine","Paris"],"articleSection":["A LA UNE","POLITIQUE","Tunisie"],"inLanguage":"fr-FR","potentialAction":[{"@type":"CommentAction","name":"Comment","target":["https:\/\/kapitalis.com\/tunisie\/2024\/02\/04\/nouvelle-marche-a-paris-pour-un-cessez-le-feu-immediat-a-gaza-photos\/#respond"]}]},{"@type":"WebPage","@id":"https:\/\/kapitalis.com\/tunisie\/2024\/02\/04\/nouvelle-marche-a-paris-pour-un-cessez-le-feu-immediat-a-gaza-photos\/","url":"https:\/\/kapitalis.com\/tunisie\/2024\/02\/04\/nouvelle-marche-a-paris-pour-un-cessez-le-feu-immediat-a-gaza-photos\/","name":"Nouvelle marche \u00e0 Paris pour un cessez-le-feu imm\u00e9diat \u00e0 Gaza (Photos) - Kapitalis","isPartOf":{"@id":"https:\/\/kapitalis.com\/tunisie\/#website"},"primaryImageOfPage":{"@id":"https:\/\/kapitalis.com\/tunisie\/2024\/02\/04\/nouvelle-marche-a-paris-pour-un-cessez-le-feu-immediat-a-gaza-photos\/#primaryimage"},"image":{"@id":"https:\/\/kapitalis.com\/tunisie\/2024\/02\/04\/nouvelle-marche-a-paris-pour-un-cessez-le-feu-immediat-a-gaza-photos\/#primaryimage"},"thumbnailUrl":"https:\/\/kapitalis.com\/tunisie\/wp-content\/uploads\/2024\/02\/Manif-Paris-3-fevrier-2024-Ban.jpg","datePublished":"2024-02-04T07:55:54+00:00","dateModified":"2024-02-04T07:55:55+00:00","breadcrumb":{"@id":"https:\/\/kapitalis.com\/tunisie\/2024\/02\/04\/nouvelle-marche-a-paris-pour-un-cessez-le-feu-immediat-a-gaza-photos\/#breadcrumb"},"inLanguage":"fr-FR","potentialAction":[{"@type":"ReadAction","target":["https:\/\/kapitalis.com\/tunisie\/2024\/02\/04\/nouvelle-marche-a-paris-pour-un-cessez-le-feu-immediat-a-gaza-photos\/"]}]},{"@type":"ImageObject","inLanguage":"fr-FR","@id":"https:\/\/kapitalis.com\/tunisie\/2024\/02\/04\/nouvelle-marche-a-paris-pour-un-cessez-le-feu-immediat-a-gaza-photos\/#primaryimage","url":"https:\/\/kapitalis.com\/tunisie\/wp-content\/uploads\/2024\/02\/Manif-Paris-3-fevrier-2024-Ban.jpg","contentUrl":"https:\/\/kapitalis.com\/tunisie\/wp-content\/uploads\/2024\/02\/Manif-Paris-3-fevrier-2024-Ban.jpg","width":1200,"height":630},{"@type":"BreadcrumbList","@id":"https:\/\/kapitalis.com\/tunisie\/2024\/02\/04\/nouvelle-marche-a-paris-pour-un-cessez-le-feu-immediat-a-gaza-photos\/#breadcrumb","itemListElement":[{"@type":"ListItem","position":1,"name":"Accueil","item":"https:\/\/kapitalis.com\/tunisie\/"},{"@type":"ListItem","position":2,"name":"Nouvelle marche \u00e0 Paris pour un cessez-le-feu imm\u00e9diat \u00e0 Gaza (Photos)"}]},{"@type":"WebSite","@id":"https:\/\/kapitalis.com\/tunisie\/#website","url":"https:\/\/kapitalis.com\/tunisie\/","name":"Kapitalis","description":"L&#039;actualit\u00e9 en Tunisie et dans le monde","publisher":{"@id":"https:\/\/kapitalis.com\/tunisie\/#organization"},"potentialAction":[{"@type":"SearchAction","target":{"@type":"EntryPoint","urlTemplate":"https:\/\/kapitalis.com\/tunisie\/?s={search_term_string}"},"query-input":{"@type":"PropertyValueSpecification","valueRequired":true,"valueName":"search_term_string"}}],"inLanguage":"fr-FR"},{"@type":"Organization","@id":"https:\/\/kapitalis.com\/tunisie\/#organization","name":"Kapitalis","url":"https:\/\/kapitalis.com\/tunisie\/","logo":{"@type":"ImageObject","inLanguage":"fr-FR","@id":"https:\/\/kapitalis.com\/tunisie\/#\/schema\/logo\/image\/","url":"https:\/\/kapitalis.com\/tunisie\/wp-content\/uploads\/2022\/05\/Kapitalis-big-size.png","contentUrl":"https:\/\/kapitalis.com\/tunisie\/wp-content\/uploads\/2022\/05\/Kapitalis-big-size.png","width":5000,"height":1500,"caption":"Kapitalis"},"image":{"@id":"https:\/\/kapitalis.com\/tunisie\/#\/schema\/logo\/image\/"},"sameAs":["https:\/\/www.facebook.com\/KapitalisInfo\/","https:\/\/x.com\/KapitalisInfo","https:\/\/www.youtube.com\/channel\/UC-yDYrHyfFBWWZaOw3FPg9Q"]},{"@type":"Person","@id":"https:\/\/kapitalis.com\/tunisie\/#\/schema\/person\/d71f33a9ca44f7bad4698210b480c8e9","name":"webmaster kapitalis","url":"https:\/\/kapitalis.com\/tunisie\/author\/webmaster-kapitalis\/"}]}},"_links":{"self":[{"href":"https:\/\/kapitalis.com\/tunisie\/wp-json\/wp\/v2\/posts\/11510340","targetHints":{"allow":["GET"]}}],"collection":[{"href":"https:\/\/kapitalis.com\/tunisie\/wp-json\/wp\/v2\/posts"}],"about":[{"href":"https:\/\/kapitalis.com\/tunisie\/wp-json\/wp\/v2\/types\/post"}],"author":[{"embeddable":true,"href":"https:\/\/kapitalis.com\/tunisie\/wp-json\/wp\/v2\/users\/8"}],"replies":[{"embeddable":true,"href":"https:\/\/kapitalis.com\/tunisie\/wp-json\/wp\/v2\/comments?post=11510340"}],"version-history":[{"count":1,"href":"https:\/\/kapitalis.com\/tunisie\/wp-json\/wp\/v2\/posts\/11510340\/revisions"}],"predecessor-version":[{"id":11510622,"href":"https:\/\/kapitalis.com\/tunisie\/wp-json\/wp\/v2\/posts\/11510340\/revisions\/11510622"}],"wp:featuredmedia":[{"embeddable":true,"href":"https:\/\/kapitalis.com\/tunisie\/wp-json\/wp\/v2\/media\/11510545"}],"wp:attachment":[{"href":"https:\/\/kapitalis.com\/tunisie\/wp-json\/wp\/v2\/media?parent=11510340"}],"wp:term":[{"taxonomy":"category","embeddable":true,"href":"https:\/\/kapitalis.com\/tunisie\/wp-json\/wp\/v2\/categories?post=11510340"},{"taxonomy":"post_tag","embeddable":true,"href":"https:\/\/kapitalis.com\/tunisie\/wp-json\/wp\/v2\/tags?post=11510340"}],"curies":[{"name":"wp","href":"https:\/\/api.w.org\/{rel}","templated":true}]}}