{"id":11524747,"date":"2024-02-05T11:25:15","date_gmt":"2024-02-05T10:25:15","guid":{"rendered":"https:\/\/kapitalis.com\/tunisie\/?p=11524747"},"modified":"2024-02-05T11:25:17","modified_gmt":"2024-02-05T10:25:17","slug":"800-responsables-europeens-et-americains-denoncent-israel","status":"publish","type":"post","link":"https:\/\/kapitalis.com\/tunisie\/2024\/02\/05\/800-responsables-europeens-et-americains-denoncent-israel\/","title":{"rendered":"800 responsables europ\u00e9ens et am\u00e9ricains d\u00e9noncent Isra\u00ebl"},"content":{"rendered":"\n<p><strong><em>Plus de 800 diplomates et responsables am\u00e9ricains et europ\u00e9ens ont sign\u00e9 une lettre ouverte, une sorte de document \u00abtransatlantique\u00bb dans lequel ils accusent Isra\u00ebl de \u00abgraves violations du droit international\u00bb dans le cadre de la r\u00e9ponse militaire contre la bande de Gaza \u00e0 l\u2019attaque du Hamas le 7 octobre et demandent aux gouvernements une r\u00e9action plus d\u00e9cisive.<\/em><\/strong><\/p>\n\n\n\n<!--more-->\n\n\n\n<p>Autrement, \u00e9crivent-ils dans un texte vu entre autres par la BBC, il y a <em>\u00able risque de devenir complice de l<\/em><em>\u2019<\/em><em>une des plus graves catastrophes humanitaires du si\u00e8cle\u00bb <\/em>pouvant conduire \u00e0 des sc\u00e9narios de <em>\u00abnettoyage ethnique et de g\u00e9nocide\u00bb<\/em>.<\/p>\n\n\n\n<p>Le document est sign\u00e9 par des responsables repr\u00e9sentant le gouvernement am\u00e9ricain et ceux de 11 pays europ\u00e9ens, parmi lesquels la BBC cite le Royaume-Uni, l\u2019Allemagne ou la France. Elle a \u00e9t\u00e9 illustr\u00e9e en copie \u00e0 la cha\u00eene britannique par un responsable am\u00e9ricain poss\u00e9dant <em>\u00abplus de 25 ans d\u2019exp\u00e9rience\u00bb<\/em> dans les rangs des services de s\u00e9curit\u00e9 nationale, qui, prot\u00e9g\u00e9 par l\u2019anonymat, a d\u00e9nonc\u00e9 <em>\u00able refus continu\u00bb<\/em> des dirigeants des Etats concern\u00e9s de recueillir ces alarmes port\u00e9es par <em>\u00abdes voix qui connaissent la r\u00e9gion <\/em>(du Moyen-Orient) <em>et ses dynamiques\u00bb<\/em>. <em>\u00abLa r\u00e9alit\u00e9 ici<\/em>, a-t-il d\u00e9clar\u00e9 \u00e0 la BBC, <em>est que non seulement nous ne parvenons pas \u00e0 emp\u00eacher quelque chose, mais que nous devenons activement complices.\u00bb<\/em> <\/p>\n\n\n\n<p>Le texte accuse Isra\u00ebl de <em>\u00abn\u2019avoir aucune limite\u00bb<\/em> dans ses op\u00e9rations militaires \u00e0 Gaza : op\u00e9rations qui ont d\u00e9j\u00e0 caus\u00e9 <em>\u00abdes milliers de morts civiles \u00e9vitables\u00bb<\/em> et qui, \u00e0 travers <em>\u00able blocus d\u00e9lib\u00e9r\u00e9 de l\u2019aide\u00bb<\/em>, <em>\u00abmettent des milliers de civils en danger de mort lente par faim\u00bb<\/em>. <\/p>\n\n\n\n<p>Ce n\u2019est pas tout : les signataires \u00e9voquent \u00e9galement, du fait des politiques de leurs gouvernements respectifs, <em>\u00able risque plausible de contribuer \u00bb<\/em> (par une sorte de complicit\u00e9) \u00e0 <em>\u00abde graves violations du droit international, du droit de la guerre et m\u00eame du nettoyage ethnique\u00bb<\/em> ou un <em>\u00abg\u00e9nocide\u00bb<\/em>.<\/p>\n","protected":false},"excerpt":{"rendered":"<p>Plus de 800 diplomates et responsables am\u00e9ricains et europ\u00e9ens accusent Isra\u00ebl de \u00abgraves violations du droit international\u00bb. <\/p>\n","protected":false},"author":8,"featured_media":11353096,"comment_status":"open","ping_status":"open","sticky":false,"template":"","format":"standard","meta":{"footnotes":""},"categories":[997,2433],"tags":[1096,75918,395,2444,111719,26195,2478,110519,75961],"class_list":["post-11524747","post","type-post","status-publish","format-standard","has-post-thumbnail","hentry","category-politique","category-tunisie","tag-allemagne","tag-etats-unis-2","tag-france","tag-gaza","tag-genocide","tag-hamas","tag-israel","tag-nettoyage-ethnique","tag-royaume-uni-2"],"yoast_head":"<!-- This site is optimized with the Yoast SEO plugin v26.6 - https:\/\/yoast.com\/wordpress\/plugins\/seo\/ -->\n<title>800 responsables europ\u00e9ens et am\u00e9ricains d\u00e9noncent Isra\u00ebl - Kapitalis<\/title>\n<meta name=\"robots\" content=\"index, follow, max-snippet:-1, max-image-preview:large, max-video-preview:-1\" \/>\n<link rel=\"canonical\" href=\"https:\/\/kapitalis.com\/tunisie\/2024\/02\/05\/800-responsables-europeens-et-americains-denoncent-israel\/\" \/>\n<meta property=\"og:locale\" content=\"fr_FR\" \/>\n<meta property=\"og:type\" content=\"article\" \/>\n<meta property=\"og:title\" content=\"800 responsables europ\u00e9ens et am\u00e9ricains d\u00e9noncent Isra\u00ebl - Kapitalis\" \/>\n<meta property=\"og:description\" content=\"Plus de 800 diplomates et responsables am\u00e9ricains et europ\u00e9ens accusent Isra\u00ebl de \u00abgraves violations du droit international\u00bb.\" \/>\n<meta property=\"og:url\" content=\"https:\/\/kapitalis.com\/tunisie\/2024\/02\/05\/800-responsables-europeens-et-americains-denoncent-israel\/\" \/>\n<meta property=\"og:site_name\" content=\"Kapitalis\" \/>\n<meta property=\"article:publisher\" content=\"https:\/\/www.facebook.com\/KapitalisInfo\/\" \/>\n<meta property=\"article:published_time\" content=\"2024-02-05T10:25:15+00:00\" \/>\n<meta property=\"article:modified_time\" content=\"2024-02-05T10:25:17+00:00\" \/>\n<meta property=\"og:image\" content=\"https:\/\/kapitalis.com\/tunisie\/wp-content\/uploads\/2024\/01\/Gaza-en-ruines.jpg\" \/>\n\t<meta property=\"og:image:width\" content=\"1200\" \/>\n\t<meta property=\"og:image:height\" content=\"630\" \/>\n\t<meta property=\"og:image:type\" content=\"image\/jpeg\" \/>\n<meta name=\"author\" content=\"webmaster kapitalis\" \/>\n<meta name=\"twitter:card\" content=\"summary_large_image\" \/>\n<meta name=\"twitter:creator\" content=\"@KapitalisInfo\" \/>\n<meta name=\"twitter:site\" content=\"@KapitalisInfo\" \/>\n<meta name=\"twitter:label1\" content=\"\u00c9crit par\" \/>\n\t<meta name=\"twitter:data1\" content=\"webmaster kapitalis\" \/>\n\t<meta name=\"twitter:label2\" content=\"Dur\u00e9e de lecture estim\u00e9e\" \/>\n\t<meta name=\"twitter:data2\" content=\"2 minutes\" \/>\n<script type=\"application\/ld+json\" class=\"yoast-schema-graph\">{\"@context\":\"https:\/\/schema.org\",\"@graph\":[{\"@type\":\"Article\",\"@id\":\"https:\/\/kapitalis.com\/tunisie\/2024\/02\/05\/800-responsables-europeens-et-americains-denoncent-israel\/#article\",\"isPartOf\":{\"@id\":\"https:\/\/kapitalis.com\/tunisie\/2024\/02\/05\/800-responsables-europeens-et-americains-denoncent-israel\/\"},\"author\":{\"name\":\"webmaster kapitalis\",\"@id\":\"https:\/\/kapitalis.com\/tunisie\/#\/schema\/person\/d71f33a9ca44f7bad4698210b480c8e9\"},\"headline\":\"800 responsables europ\u00e9ens et am\u00e9ricains d\u00e9noncent Isra\u00ebl\",\"datePublished\":\"2024-02-05T10:25:15+00:00\",\"dateModified\":\"2024-02-05T10:25:17+00:00\",\"mainEntityOfPage\":{\"@id\":\"https:\/\/kapitalis.com\/tunisie\/2024\/02\/05\/800-responsables-europeens-et-americains-denoncent-israel\/\"},\"wordCount\":341,\"commentCount\":1,\"publisher\":{\"@id\":\"https:\/\/kapitalis.com\/tunisie\/#organization\"},\"image\":{\"@id\":\"https:\/\/kapitalis.com\/tunisie\/2024\/02\/05\/800-responsables-europeens-et-americains-denoncent-israel\/#primaryimage\"},\"thumbnailUrl\":\"https:\/\/kapitalis.com\/tunisie\/wp-content\/uploads\/2024\/01\/Gaza-en-ruines.jpg\",\"keywords\":[\"Allemagne\",\"Etats-Unis\",\"France\",\"Gaza\",\"g\u00e9nocide\",\"Hamas\",\"Isra\u00ebl\",\"nettoyage ethnique\",\"Royaume-Uni\"],\"articleSection\":[\"POLITIQUE\",\"Tunisie\"],\"inLanguage\":\"fr-FR\",\"potentialAction\":[{\"@type\":\"CommentAction\",\"name\":\"Comment\",\"target\":[\"https:\/\/kapitalis.com\/tunisie\/2024\/02\/05\/800-responsables-europeens-et-americains-denoncent-israel\/#respond\"]}]},{\"@type\":\"WebPage\",\"@id\":\"https:\/\/kapitalis.com\/tunisie\/2024\/02\/05\/800-responsables-europeens-et-americains-denoncent-israel\/\",\"url\":\"https:\/\/kapitalis.com\/tunisie\/2024\/02\/05\/800-responsables-europeens-et-americains-denoncent-israel\/\",\"name\":\"800 responsables europ\u00e9ens et am\u00e9ricains d\u00e9noncent Isra\u00ebl - Kapitalis\",\"isPartOf\":{\"@id\":\"https:\/\/kapitalis.com\/tunisie\/#website\"},\"primaryImageOfPage\":{\"@id\":\"https:\/\/kapitalis.com\/tunisie\/2024\/02\/05\/800-responsables-europeens-et-americains-denoncent-israel\/#primaryimage\"},\"image\":{\"@id\":\"https:\/\/kapitalis.com\/tunisie\/2024\/02\/05\/800-responsables-europeens-et-americains-denoncent-israel\/#primaryimage\"},\"thumbnailUrl\":\"https:\/\/kapitalis.com\/tunisie\/wp-content\/uploads\/2024\/01\/Gaza-en-ruines.jpg\",\"datePublished\":\"2024-02-05T10:25:15+00:00\",\"dateModified\":\"2024-02-05T10:25:17+00:00\",\"breadcrumb\":{\"@id\":\"https:\/\/kapitalis.com\/tunisie\/2024\/02\/05\/800-responsables-europeens-et-americains-denoncent-israel\/#breadcrumb\"},\"inLanguage\":\"fr-FR\",\"potentialAction\":[{\"@type\":\"ReadAction\",\"target\":[\"https:\/\/kapitalis.com\/tunisie\/2024\/02\/05\/800-responsables-europeens-et-americains-denoncent-israel\/\"]}]},{\"@type\":\"ImageObject\",\"inLanguage\":\"fr-FR\",\"@id\":\"https:\/\/kapitalis.com\/tunisie\/2024\/02\/05\/800-responsables-europeens-et-americains-denoncent-israel\/#primaryimage\",\"url\":\"https:\/\/kapitalis.com\/tunisie\/wp-content\/uploads\/2024\/01\/Gaza-en-ruines.jpg\",\"contentUrl\":\"https:\/\/kapitalis.com\/tunisie\/wp-content\/uploads\/2024\/01\/Gaza-en-ruines.jpg\",\"width\":1200,\"height\":630},{\"@type\":\"BreadcrumbList\",\"@id\":\"https:\/\/kapitalis.com\/tunisie\/2024\/02\/05\/800-responsables-europeens-et-americains-denoncent-israel\/#breadcrumb\",\"itemListElement\":[{\"@type\":\"ListItem\",\"position\":1,\"name\":\"Accueil\",\"item\":\"https:\/\/kapitalis.com\/tunisie\/\"},{\"@type\":\"ListItem\",\"position\":2,\"name\":\"800 responsables europ\u00e9ens et am\u00e9ricains d\u00e9noncent Isra\u00ebl\"}]},{\"@type\":\"WebSite\",\"@id\":\"https:\/\/kapitalis.com\/tunisie\/#website\",\"url\":\"https:\/\/kapitalis.com\/tunisie\/\",\"name\":\"Kapitalis\",\"description\":\"L&#039;actualit\u00e9 en Tunisie et dans le monde\",\"publisher\":{\"@id\":\"https:\/\/kapitalis.com\/tunisie\/#organization\"},\"potentialAction\":[{\"@type\":\"SearchAction\",\"target\":{\"@type\":\"EntryPoint\",\"urlTemplate\":\"https:\/\/kapitalis.com\/tunisie\/?s={search_term_string}\"},\"query-input\":{\"@type\":\"PropertyValueSpecification\",\"valueRequired\":true,\"valueName\":\"search_term_string\"}}],\"inLanguage\":\"fr-FR\"},{\"@type\":\"Organization\",\"@id\":\"https:\/\/kapitalis.com\/tunisie\/#organization\",\"name\":\"Kapitalis\",\"url\":\"https:\/\/kapitalis.com\/tunisie\/\",\"logo\":{\"@type\":\"ImageObject\",\"inLanguage\":\"fr-FR\",\"@id\":\"https:\/\/kapitalis.com\/tunisie\/#\/schema\/logo\/image\/\",\"url\":\"https:\/\/kapitalis.com\/tunisie\/wp-content\/uploads\/2022\/05\/Kapitalis-big-size.png\",\"contentUrl\":\"https:\/\/kapitalis.com\/tunisie\/wp-content\/uploads\/2022\/05\/Kapitalis-big-size.png\",\"width\":5000,\"height\":1500,\"caption\":\"Kapitalis\"},\"image\":{\"@id\":\"https:\/\/kapitalis.com\/tunisie\/#\/schema\/logo\/image\/\"},\"sameAs\":[\"https:\/\/www.facebook.com\/KapitalisInfo\/\",\"https:\/\/x.com\/KapitalisInfo\",\"https:\/\/www.youtube.com\/channel\/UC-yDYrHyfFBWWZaOw3FPg9Q\"]},{\"@type\":\"Person\",\"@id\":\"https:\/\/kapitalis.com\/tunisie\/#\/schema\/person\/d71f33a9ca44f7bad4698210b480c8e9\",\"name\":\"webmaster kapitalis\",\"url\":\"https:\/\/kapitalis.com\/tunisie\/author\/webmaster-kapitalis\/\"}]}<\/script>\n<!-- \/ Yoast SEO plugin. -->","yoast_head_json":{"title":"800 responsables europ\u00e9ens et am\u00e9ricains d\u00e9noncent Isra\u00ebl - Kapitalis","robots":{"index":"index","follow":"follow","max-snippet":"max-snippet:-1","max-image-preview":"max-image-preview:large","max-video-preview":"max-video-preview:-1"},"canonical":"https:\/\/kapitalis.com\/tunisie\/2024\/02\/05\/800-responsables-europeens-et-americains-denoncent-israel\/","og_locale":"fr_FR","og_type":"article","og_title":"800 responsables europ\u00e9ens et am\u00e9ricains d\u00e9noncent Isra\u00ebl - Kapitalis","og_description":"Plus de 800 diplomates et responsables am\u00e9ricains et europ\u00e9ens accusent Isra\u00ebl de \u00abgraves violations du droit international\u00bb.","og_url":"https:\/\/kapitalis.com\/tunisie\/2024\/02\/05\/800-responsables-europeens-et-americains-denoncent-israel\/","og_site_name":"Kapitalis","article_publisher":"https:\/\/www.facebook.com\/KapitalisInfo\/","article_published_time":"2024-02-05T10:25:15+00:00","article_modified_time":"2024-02-05T10:25:17+00:00","og_image":[{"width":1200,"height":630,"url":"https:\/\/kapitalis.com\/tunisie\/wp-content\/uploads\/2024\/01\/Gaza-en-ruines.jpg","type":"image\/jpeg"}],"author":"webmaster kapitalis","twitter_card":"summary_large_image","twitter_creator":"@KapitalisInfo","twitter_site":"@KapitalisInfo","twitter_misc":{"\u00c9crit par":"webmaster kapitalis","Dur\u00e9e de lecture estim\u00e9e":"2 minutes"},"schema":{"@context":"https:\/\/schema.org","@graph":[{"@type":"Article","@id":"https:\/\/kapitalis.com\/tunisie\/2024\/02\/05\/800-responsables-europeens-et-americains-denoncent-israel\/#article","isPartOf":{"@id":"https:\/\/kapitalis.com\/tunisie\/2024\/02\/05\/800-responsables-europeens-et-americains-denoncent-israel\/"},"author":{"name":"webmaster kapitalis","@id":"https:\/\/kapitalis.com\/tunisie\/#\/schema\/person\/d71f33a9ca44f7bad4698210b480c8e9"},"headline":"800 responsables europ\u00e9ens et am\u00e9ricains d\u00e9noncent Isra\u00ebl","datePublished":"2024-02-05T10:25:15+00:00","dateModified":"2024-02-05T10:25:17+00:00","mainEntityOfPage":{"@id":"https:\/\/kapitalis.com\/tunisie\/2024\/02\/05\/800-responsables-europeens-et-americains-denoncent-israel\/"},"wordCount":341,"commentCount":1,"publisher":{"@id":"https:\/\/kapitalis.com\/tunisie\/#organization"},"image":{"@id":"https:\/\/kapitalis.com\/tunisie\/2024\/02\/05\/800-responsables-europeens-et-americains-denoncent-israel\/#primaryimage"},"thumbnailUrl":"https:\/\/kapitalis.com\/tunisie\/wp-content\/uploads\/2024\/01\/Gaza-en-ruines.jpg","keywords":["Allemagne","Etats-Unis","France","Gaza","g\u00e9nocide","Hamas","Isra\u00ebl","nettoyage ethnique","Royaume-Uni"],"articleSection":["POLITIQUE","Tunisie"],"inLanguage":"fr-FR","potentialAction":[{"@type":"CommentAction","name":"Comment","target":["https:\/\/kapitalis.com\/tunisie\/2024\/02\/05\/800-responsables-europeens-et-americains-denoncent-israel\/#respond"]}]},{"@type":"WebPage","@id":"https:\/\/kapitalis.com\/tunisie\/2024\/02\/05\/800-responsables-europeens-et-americains-denoncent-israel\/","url":"https:\/\/kapitalis.com\/tunisie\/2024\/02\/05\/800-responsables-europeens-et-americains-denoncent-israel\/","name":"800 responsables europ\u00e9ens et am\u00e9ricains d\u00e9noncent Isra\u00ebl - Kapitalis","isPartOf":{"@id":"https:\/\/kapitalis.com\/tunisie\/#website"},"primaryImageOfPage":{"@id":"https:\/\/kapitalis.com\/tunisie\/2024\/02\/05\/800-responsables-europeens-et-americains-denoncent-israel\/#primaryimage"},"image":{"@id":"https:\/\/kapitalis.com\/tunisie\/2024\/02\/05\/800-responsables-europeens-et-americains-denoncent-israel\/#primaryimage"},"thumbnailUrl":"https:\/\/kapitalis.com\/tunisie\/wp-content\/uploads\/2024\/01\/Gaza-en-ruines.jpg","datePublished":"2024-02-05T10:25:15+00:00","dateModified":"2024-02-05T10:25:17+00:00","breadcrumb":{"@id":"https:\/\/kapitalis.com\/tunisie\/2024\/02\/05\/800-responsables-europeens-et-americains-denoncent-israel\/#breadcrumb"},"inLanguage":"fr-FR","potentialAction":[{"@type":"ReadAction","target":["https:\/\/kapitalis.com\/tunisie\/2024\/02\/05\/800-responsables-europeens-et-americains-denoncent-israel\/"]}]},{"@type":"ImageObject","inLanguage":"fr-FR","@id":"https:\/\/kapitalis.com\/tunisie\/2024\/02\/05\/800-responsables-europeens-et-americains-denoncent-israel\/#primaryimage","url":"https:\/\/kapitalis.com\/tunisie\/wp-content\/uploads\/2024\/01\/Gaza-en-ruines.jpg","contentUrl":"https:\/\/kapitalis.com\/tunisie\/wp-content\/uploads\/2024\/01\/Gaza-en-ruines.jpg","width":1200,"height":630},{"@type":"BreadcrumbList","@id":"https:\/\/kapitalis.com\/tunisie\/2024\/02\/05\/800-responsables-europeens-et-americains-denoncent-israel\/#breadcrumb","itemListElement":[{"@type":"ListItem","position":1,"name":"Accueil","item":"https:\/\/kapitalis.com\/tunisie\/"},{"@type":"ListItem","position":2,"name":"800 responsables europ\u00e9ens et am\u00e9ricains d\u00e9noncent Isra\u00ebl"}]},{"@type":"WebSite","@id":"https:\/\/kapitalis.com\/tunisie\/#website","url":"https:\/\/kapitalis.com\/tunisie\/","name":"Kapitalis","description":"L&#039;actualit\u00e9 en Tunisie et dans le monde","publisher":{"@id":"https:\/\/kapitalis.com\/tunisie\/#organization"},"potentialAction":[{"@type":"SearchAction","target":{"@type":"EntryPoint","urlTemplate":"https:\/\/kapitalis.com\/tunisie\/?s={search_term_string}"},"query-input":{"@type":"PropertyValueSpecification","valueRequired":true,"valueName":"search_term_string"}}],"inLanguage":"fr-FR"},{"@type":"Organization","@id":"https:\/\/kapitalis.com\/tunisie\/#organization","name":"Kapitalis","url":"https:\/\/kapitalis.com\/tunisie\/","logo":{"@type":"ImageObject","inLanguage":"fr-FR","@id":"https:\/\/kapitalis.com\/tunisie\/#\/schema\/logo\/image\/","url":"https:\/\/kapitalis.com\/tunisie\/wp-content\/uploads\/2022\/05\/Kapitalis-big-size.png","contentUrl":"https:\/\/kapitalis.com\/tunisie\/wp-content\/uploads\/2022\/05\/Kapitalis-big-size.png","width":5000,"height":1500,"caption":"Kapitalis"},"image":{"@id":"https:\/\/kapitalis.com\/tunisie\/#\/schema\/logo\/image\/"},"sameAs":["https:\/\/www.facebook.com\/KapitalisInfo\/","https:\/\/x.com\/KapitalisInfo","https:\/\/www.youtube.com\/channel\/UC-yDYrHyfFBWWZaOw3FPg9Q"]},{"@type":"Person","@id":"https:\/\/kapitalis.com\/tunisie\/#\/schema\/person\/d71f33a9ca44f7bad4698210b480c8e9","name":"webmaster kapitalis","url":"https:\/\/kapitalis.com\/tunisie\/author\/webmaster-kapitalis\/"}]}},"_links":{"self":[{"href":"https:\/\/kapitalis.com\/tunisie\/wp-json\/wp\/v2\/posts\/11524747","targetHints":{"allow":["GET"]}}],"collection":[{"href":"https:\/\/kapitalis.com\/tunisie\/wp-json\/wp\/v2\/posts"}],"about":[{"href":"https:\/\/kapitalis.com\/tunisie\/wp-json\/wp\/v2\/types\/post"}],"author":[{"embeddable":true,"href":"https:\/\/kapitalis.com\/tunisie\/wp-json\/wp\/v2\/users\/8"}],"replies":[{"embeddable":true,"href":"https:\/\/kapitalis.com\/tunisie\/wp-json\/wp\/v2\/comments?post=11524747"}],"version-history":[{"count":1,"href":"https:\/\/kapitalis.com\/tunisie\/wp-json\/wp\/v2\/posts\/11524747\/revisions"}],"predecessor-version":[{"id":11524765,"href":"https:\/\/kapitalis.com\/tunisie\/wp-json\/wp\/v2\/posts\/11524747\/revisions\/11524765"}],"wp:featuredmedia":[{"embeddable":true,"href":"https:\/\/kapitalis.com\/tunisie\/wp-json\/wp\/v2\/media\/11353096"}],"wp:attachment":[{"href":"https:\/\/kapitalis.com\/tunisie\/wp-json\/wp\/v2\/media?parent=11524747"}],"wp:term":[{"taxonomy":"category","embeddable":true,"href":"https:\/\/kapitalis.com\/tunisie\/wp-json\/wp\/v2\/categories?post=11524747"},{"taxonomy":"post_tag","embeddable":true,"href":"https:\/\/kapitalis.com\/tunisie\/wp-json\/wp\/v2\/tags?post=11524747"}],"curies":[{"name":"wp","href":"https:\/\/api.w.org\/{rel}","templated":true}]}}