{"id":11535659,"date":"2024-02-06T21:09:37","date_gmt":"2024-02-06T20:09:37","guid":{"rendered":"https:\/\/kapitalis.com\/tunisie\/?p=11535659"},"modified":"2024-02-06T21:53:36","modified_gmt":"2024-02-06T20:53:36","slug":"gabes-deces-dun-jeune-homme-qui-a-mis-le-feu-a-son-corps","status":"publish","type":"post","link":"https:\/\/kapitalis.com\/tunisie\/2024\/02\/06\/gabes-deces-dun-jeune-homme-qui-a-mis-le-feu-a-son-corps\/","title":{"rendered":"Gab\u00e8s : D\u00e9c\u00e8s d&rsquo;un jeune homme qui a mis le feu \u00e0 son corps"},"content":{"rendered":"\n<p><strong><em>Un jeune homme, qui a mis le feu \u00e0 son corps dimanche dernier \u00e0 El-Hamma gouvernorat de Gab\u00e8s, est d\u00e9c\u00e9d\u00e9 ce mardi 6 f\u00e9vrier 2024.<\/em><\/strong><\/p>\n\n\n\n<!--more-->\n\n\n\n<p>Souffrant de multiples br\u00fblures de 3e degr\u00e9, le jeune homme avait \u00e9t\u00e9 admis en soins intensifs \u00e0 l\u2019h\u00f4pital r\u00e9gional de Gab\u00e8s, o\u00f9 il a rendu l&rsquo;\u00e2me cette apr\u00e8s-midi.<\/p>\n\n\n\n<p>Une enqu\u00eate a \u00e9t\u00e9 ouverte afin de d\u00e9terminer les circonstances exactes du drame survenu sur la voie publique dimanche dernier, sachant que selon les informations relay\u00e9es par les proches de la victime, il aurait d\u00e9cid\u00e9 de s&rsquo;immoler par le feu suite \u00e0 des probl\u00e8mes familiaux et financiers.<\/p>\n\n\n\n<p class=\"has-text-align-right\"><strong>Y. N.<\/strong><\/p>\n","protected":false},"excerpt":{"rendered":"<p>Un jeune homme, qui a mis le feu \u00e0 son corps dimanche dernier \u00e0 El-Hamma gouvernorat de Gab\u00e8s, est d\u00e9c\u00e9d\u00e9 ce mardi 6 f\u00e9vrier 2024.<\/p>\n","protected":false},"author":6,"featured_media":1986405,"comment_status":"open","ping_status":"open","sticky":false,"template":"","format":"standard","meta":{"footnotes":""},"categories":[998,2433],"tags":[64263,6994,325,406,4782,3179,62643],"class_list":["post-11535659","post","type-post","status-publish","format-standard","has-post-thumbnail","hentry","category-societe","category-tunisie","tag-deces","tag-el-hamma","tag-enquete","tag-gabes","tag-hopital-regional","tag-immolation-feu","tag-tunisie"],"yoast_head":"<!-- This site is optimized with the Yoast SEO plugin v26.6 - https:\/\/yoast.com\/wordpress\/plugins\/seo\/ -->\n<title>Gab\u00e8s : D\u00e9c\u00e8s d&#039;un jeune homme qui a mis le feu \u00e0 son corps - Kapitalis<\/title>\n<meta name=\"robots\" content=\"index, follow, max-snippet:-1, max-image-preview:large, max-video-preview:-1\" \/>\n<link rel=\"canonical\" href=\"https:\/\/kapitalis.com\/tunisie\/2024\/02\/06\/gabes-deces-dun-jeune-homme-qui-a-mis-le-feu-a-son-corps\/\" \/>\n<meta property=\"og:locale\" content=\"fr_FR\" \/>\n<meta property=\"og:type\" content=\"article\" \/>\n<meta property=\"og:title\" content=\"Gab\u00e8s : D\u00e9c\u00e8s d&#039;un jeune homme qui a mis le feu \u00e0 son corps - Kapitalis\" \/>\n<meta property=\"og:description\" content=\"Un jeune homme, qui a mis le feu \u00e0 son corps dimanche dernier \u00e0 El-Hamma gouvernorat de Gab\u00e8s, est d\u00e9c\u00e9d\u00e9 ce mardi 6 f\u00e9vrier 2024.\" \/>\n<meta property=\"og:url\" content=\"https:\/\/kapitalis.com\/tunisie\/2024\/02\/06\/gabes-deces-dun-jeune-homme-qui-a-mis-le-feu-a-son-corps\/\" \/>\n<meta property=\"og:site_name\" content=\"Kapitalis\" \/>\n<meta property=\"article:publisher\" content=\"https:\/\/www.facebook.com\/KapitalisInfo\/\" \/>\n<meta property=\"article:published_time\" content=\"2024-02-06T20:09:37+00:00\" \/>\n<meta property=\"article:modified_time\" content=\"2024-02-06T20:53:36+00:00\" \/>\n<meta property=\"og:image\" content=\"https:\/\/kapitalis.com\/tunisie\/wp-content\/uploads\/2022\/07\/deces-mort.jpg\" \/>\n\t<meta property=\"og:image:width\" content=\"1200\" \/>\n\t<meta property=\"og:image:height\" content=\"630\" \/>\n\t<meta property=\"og:image:type\" content=\"image\/jpeg\" \/>\n<meta name=\"author\" content=\"Yusra NY\" \/>\n<meta name=\"twitter:card\" content=\"summary_large_image\" \/>\n<meta name=\"twitter:creator\" content=\"@KapitalisInfo\" \/>\n<meta name=\"twitter:site\" content=\"@KapitalisInfo\" \/>\n<meta name=\"twitter:label1\" content=\"\u00c9crit par\" \/>\n\t<meta name=\"twitter:data1\" content=\"Yusra NY\" \/>\n\t<meta name=\"twitter:label2\" content=\"Dur\u00e9e de lecture estim\u00e9e\" \/>\n\t<meta name=\"twitter:data2\" content=\"1 minute\" \/>\n<script type=\"application\/ld+json\" class=\"yoast-schema-graph\">{\"@context\":\"https:\/\/schema.org\",\"@graph\":[{\"@type\":\"Article\",\"@id\":\"https:\/\/kapitalis.com\/tunisie\/2024\/02\/06\/gabes-deces-dun-jeune-homme-qui-a-mis-le-feu-a-son-corps\/#article\",\"isPartOf\":{\"@id\":\"https:\/\/kapitalis.com\/tunisie\/2024\/02\/06\/gabes-deces-dun-jeune-homme-qui-a-mis-le-feu-a-son-corps\/\"},\"author\":{\"name\":\"Yusra NY\",\"@id\":\"https:\/\/kapitalis.com\/tunisie\/#\/schema\/person\/74bbde0154d49d790a92aaeac5bc01d5\"},\"headline\":\"Gab\u00e8s : D\u00e9c\u00e8s d&rsquo;un jeune homme qui a mis le feu \u00e0 son corps\",\"datePublished\":\"2024-02-06T20:09:37+00:00\",\"dateModified\":\"2024-02-06T20:53:36+00:00\",\"mainEntityOfPage\":{\"@id\":\"https:\/\/kapitalis.com\/tunisie\/2024\/02\/06\/gabes-deces-dun-jeune-homme-qui-a-mis-le-feu-a-son-corps\/\"},\"wordCount\":127,\"commentCount\":1,\"publisher\":{\"@id\":\"https:\/\/kapitalis.com\/tunisie\/#organization\"},\"image\":{\"@id\":\"https:\/\/kapitalis.com\/tunisie\/2024\/02\/06\/gabes-deces-dun-jeune-homme-qui-a-mis-le-feu-a-son-corps\/#primaryimage\"},\"thumbnailUrl\":\"https:\/\/kapitalis.com\/tunisie\/wp-content\/uploads\/2022\/07\/deces-mort.jpg\",\"keywords\":[\"d\u00e9c\u00e8s\",\"El-Hamma\",\"enqu\u00eate\",\"Gab\u00e8s\",\"h\u00f4pital r\u00e9gional\",\"immolation feu\",\"Tunisie\"],\"articleSection\":[\"SOCIETE\",\"Tunisie\"],\"inLanguage\":\"fr-FR\",\"potentialAction\":[{\"@type\":\"CommentAction\",\"name\":\"Comment\",\"target\":[\"https:\/\/kapitalis.com\/tunisie\/2024\/02\/06\/gabes-deces-dun-jeune-homme-qui-a-mis-le-feu-a-son-corps\/#respond\"]}]},{\"@type\":\"WebPage\",\"@id\":\"https:\/\/kapitalis.com\/tunisie\/2024\/02\/06\/gabes-deces-dun-jeune-homme-qui-a-mis-le-feu-a-son-corps\/\",\"url\":\"https:\/\/kapitalis.com\/tunisie\/2024\/02\/06\/gabes-deces-dun-jeune-homme-qui-a-mis-le-feu-a-son-corps\/\",\"name\":\"Gab\u00e8s : D\u00e9c\u00e8s d'un jeune homme qui a mis le feu \u00e0 son corps - Kapitalis\",\"isPartOf\":{\"@id\":\"https:\/\/kapitalis.com\/tunisie\/#website\"},\"primaryImageOfPage\":{\"@id\":\"https:\/\/kapitalis.com\/tunisie\/2024\/02\/06\/gabes-deces-dun-jeune-homme-qui-a-mis-le-feu-a-son-corps\/#primaryimage\"},\"image\":{\"@id\":\"https:\/\/kapitalis.com\/tunisie\/2024\/02\/06\/gabes-deces-dun-jeune-homme-qui-a-mis-le-feu-a-son-corps\/#primaryimage\"},\"thumbnailUrl\":\"https:\/\/kapitalis.com\/tunisie\/wp-content\/uploads\/2022\/07\/deces-mort.jpg\",\"datePublished\":\"2024-02-06T20:09:37+00:00\",\"dateModified\":\"2024-02-06T20:53:36+00:00\",\"breadcrumb\":{\"@id\":\"https:\/\/kapitalis.com\/tunisie\/2024\/02\/06\/gabes-deces-dun-jeune-homme-qui-a-mis-le-feu-a-son-corps\/#breadcrumb\"},\"inLanguage\":\"fr-FR\",\"potentialAction\":[{\"@type\":\"ReadAction\",\"target\":[\"https:\/\/kapitalis.com\/tunisie\/2024\/02\/06\/gabes-deces-dun-jeune-homme-qui-a-mis-le-feu-a-son-corps\/\"]}]},{\"@type\":\"ImageObject\",\"inLanguage\":\"fr-FR\",\"@id\":\"https:\/\/kapitalis.com\/tunisie\/2024\/02\/06\/gabes-deces-dun-jeune-homme-qui-a-mis-le-feu-a-son-corps\/#primaryimage\",\"url\":\"https:\/\/kapitalis.com\/tunisie\/wp-content\/uploads\/2022\/07\/deces-mort.jpg\",\"contentUrl\":\"https:\/\/kapitalis.com\/tunisie\/wp-content\/uploads\/2022\/07\/deces-mort.jpg\",\"width\":1200,\"height\":630},{\"@type\":\"BreadcrumbList\",\"@id\":\"https:\/\/kapitalis.com\/tunisie\/2024\/02\/06\/gabes-deces-dun-jeune-homme-qui-a-mis-le-feu-a-son-corps\/#breadcrumb\",\"itemListElement\":[{\"@type\":\"ListItem\",\"position\":1,\"name\":\"Accueil\",\"item\":\"https:\/\/kapitalis.com\/tunisie\/\"},{\"@type\":\"ListItem\",\"position\":2,\"name\":\"Gab\u00e8s : D\u00e9c\u00e8s d&rsquo;un jeune homme qui a mis le feu \u00e0 son corps\"}]},{\"@type\":\"WebSite\",\"@id\":\"https:\/\/kapitalis.com\/tunisie\/#website\",\"url\":\"https:\/\/kapitalis.com\/tunisie\/\",\"name\":\"Kapitalis\",\"description\":\"L&#039;actualit\u00e9 en Tunisie et dans le monde\",\"publisher\":{\"@id\":\"https:\/\/kapitalis.com\/tunisie\/#organization\"},\"potentialAction\":[{\"@type\":\"SearchAction\",\"target\":{\"@type\":\"EntryPoint\",\"urlTemplate\":\"https:\/\/kapitalis.com\/tunisie\/?s={search_term_string}\"},\"query-input\":{\"@type\":\"PropertyValueSpecification\",\"valueRequired\":true,\"valueName\":\"search_term_string\"}}],\"inLanguage\":\"fr-FR\"},{\"@type\":\"Organization\",\"@id\":\"https:\/\/kapitalis.com\/tunisie\/#organization\",\"name\":\"Kapitalis\",\"url\":\"https:\/\/kapitalis.com\/tunisie\/\",\"logo\":{\"@type\":\"ImageObject\",\"inLanguage\":\"fr-FR\",\"@id\":\"https:\/\/kapitalis.com\/tunisie\/#\/schema\/logo\/image\/\",\"url\":\"https:\/\/kapitalis.com\/tunisie\/wp-content\/uploads\/2022\/05\/Kapitalis-big-size.png\",\"contentUrl\":\"https:\/\/kapitalis.com\/tunisie\/wp-content\/uploads\/2022\/05\/Kapitalis-big-size.png\",\"width\":5000,\"height\":1500,\"caption\":\"Kapitalis\"},\"image\":{\"@id\":\"https:\/\/kapitalis.com\/tunisie\/#\/schema\/logo\/image\/\"},\"sameAs\":[\"https:\/\/www.facebook.com\/KapitalisInfo\/\",\"https:\/\/x.com\/KapitalisInfo\",\"https:\/\/www.youtube.com\/channel\/UC-yDYrHyfFBWWZaOw3FPg9Q\"]},{\"@type\":\"Person\",\"@id\":\"https:\/\/kapitalis.com\/tunisie\/#\/schema\/person\/74bbde0154d49d790a92aaeac5bc01d5\",\"name\":\"Yusra NY\",\"url\":\"https:\/\/kapitalis.com\/tunisie\/author\/yuza_adam\/\"}]}<\/script>\n<!-- \/ Yoast SEO plugin. -->","yoast_head_json":{"title":"Gab\u00e8s : D\u00e9c\u00e8s d'un jeune homme qui a mis le feu \u00e0 son corps - Kapitalis","robots":{"index":"index","follow":"follow","max-snippet":"max-snippet:-1","max-image-preview":"max-image-preview:large","max-video-preview":"max-video-preview:-1"},"canonical":"https:\/\/kapitalis.com\/tunisie\/2024\/02\/06\/gabes-deces-dun-jeune-homme-qui-a-mis-le-feu-a-son-corps\/","og_locale":"fr_FR","og_type":"article","og_title":"Gab\u00e8s : D\u00e9c\u00e8s d'un jeune homme qui a mis le feu \u00e0 son corps - Kapitalis","og_description":"Un jeune homme, qui a mis le feu \u00e0 son corps dimanche dernier \u00e0 El-Hamma gouvernorat de Gab\u00e8s, est d\u00e9c\u00e9d\u00e9 ce mardi 6 f\u00e9vrier 2024.","og_url":"https:\/\/kapitalis.com\/tunisie\/2024\/02\/06\/gabes-deces-dun-jeune-homme-qui-a-mis-le-feu-a-son-corps\/","og_site_name":"Kapitalis","article_publisher":"https:\/\/www.facebook.com\/KapitalisInfo\/","article_published_time":"2024-02-06T20:09:37+00:00","article_modified_time":"2024-02-06T20:53:36+00:00","og_image":[{"width":1200,"height":630,"url":"https:\/\/kapitalis.com\/tunisie\/wp-content\/uploads\/2022\/07\/deces-mort.jpg","type":"image\/jpeg"}],"author":"Yusra NY","twitter_card":"summary_large_image","twitter_creator":"@KapitalisInfo","twitter_site":"@KapitalisInfo","twitter_misc":{"\u00c9crit par":"Yusra NY","Dur\u00e9e de lecture estim\u00e9e":"1 minute"},"schema":{"@context":"https:\/\/schema.org","@graph":[{"@type":"Article","@id":"https:\/\/kapitalis.com\/tunisie\/2024\/02\/06\/gabes-deces-dun-jeune-homme-qui-a-mis-le-feu-a-son-corps\/#article","isPartOf":{"@id":"https:\/\/kapitalis.com\/tunisie\/2024\/02\/06\/gabes-deces-dun-jeune-homme-qui-a-mis-le-feu-a-son-corps\/"},"author":{"name":"Yusra NY","@id":"https:\/\/kapitalis.com\/tunisie\/#\/schema\/person\/74bbde0154d49d790a92aaeac5bc01d5"},"headline":"Gab\u00e8s : D\u00e9c\u00e8s d&rsquo;un jeune homme qui a mis le feu \u00e0 son corps","datePublished":"2024-02-06T20:09:37+00:00","dateModified":"2024-02-06T20:53:36+00:00","mainEntityOfPage":{"@id":"https:\/\/kapitalis.com\/tunisie\/2024\/02\/06\/gabes-deces-dun-jeune-homme-qui-a-mis-le-feu-a-son-corps\/"},"wordCount":127,"commentCount":1,"publisher":{"@id":"https:\/\/kapitalis.com\/tunisie\/#organization"},"image":{"@id":"https:\/\/kapitalis.com\/tunisie\/2024\/02\/06\/gabes-deces-dun-jeune-homme-qui-a-mis-le-feu-a-son-corps\/#primaryimage"},"thumbnailUrl":"https:\/\/kapitalis.com\/tunisie\/wp-content\/uploads\/2022\/07\/deces-mort.jpg","keywords":["d\u00e9c\u00e8s","El-Hamma","enqu\u00eate","Gab\u00e8s","h\u00f4pital r\u00e9gional","immolation feu","Tunisie"],"articleSection":["SOCIETE","Tunisie"],"inLanguage":"fr-FR","potentialAction":[{"@type":"CommentAction","name":"Comment","target":["https:\/\/kapitalis.com\/tunisie\/2024\/02\/06\/gabes-deces-dun-jeune-homme-qui-a-mis-le-feu-a-son-corps\/#respond"]}]},{"@type":"WebPage","@id":"https:\/\/kapitalis.com\/tunisie\/2024\/02\/06\/gabes-deces-dun-jeune-homme-qui-a-mis-le-feu-a-son-corps\/","url":"https:\/\/kapitalis.com\/tunisie\/2024\/02\/06\/gabes-deces-dun-jeune-homme-qui-a-mis-le-feu-a-son-corps\/","name":"Gab\u00e8s : D\u00e9c\u00e8s d'un jeune homme qui a mis le feu \u00e0 son corps - Kapitalis","isPartOf":{"@id":"https:\/\/kapitalis.com\/tunisie\/#website"},"primaryImageOfPage":{"@id":"https:\/\/kapitalis.com\/tunisie\/2024\/02\/06\/gabes-deces-dun-jeune-homme-qui-a-mis-le-feu-a-son-corps\/#primaryimage"},"image":{"@id":"https:\/\/kapitalis.com\/tunisie\/2024\/02\/06\/gabes-deces-dun-jeune-homme-qui-a-mis-le-feu-a-son-corps\/#primaryimage"},"thumbnailUrl":"https:\/\/kapitalis.com\/tunisie\/wp-content\/uploads\/2022\/07\/deces-mort.jpg","datePublished":"2024-02-06T20:09:37+00:00","dateModified":"2024-02-06T20:53:36+00:00","breadcrumb":{"@id":"https:\/\/kapitalis.com\/tunisie\/2024\/02\/06\/gabes-deces-dun-jeune-homme-qui-a-mis-le-feu-a-son-corps\/#breadcrumb"},"inLanguage":"fr-FR","potentialAction":[{"@type":"ReadAction","target":["https:\/\/kapitalis.com\/tunisie\/2024\/02\/06\/gabes-deces-dun-jeune-homme-qui-a-mis-le-feu-a-son-corps\/"]}]},{"@type":"ImageObject","inLanguage":"fr-FR","@id":"https:\/\/kapitalis.com\/tunisie\/2024\/02\/06\/gabes-deces-dun-jeune-homme-qui-a-mis-le-feu-a-son-corps\/#primaryimage","url":"https:\/\/kapitalis.com\/tunisie\/wp-content\/uploads\/2022\/07\/deces-mort.jpg","contentUrl":"https:\/\/kapitalis.com\/tunisie\/wp-content\/uploads\/2022\/07\/deces-mort.jpg","width":1200,"height":630},{"@type":"BreadcrumbList","@id":"https:\/\/kapitalis.com\/tunisie\/2024\/02\/06\/gabes-deces-dun-jeune-homme-qui-a-mis-le-feu-a-son-corps\/#breadcrumb","itemListElement":[{"@type":"ListItem","position":1,"name":"Accueil","item":"https:\/\/kapitalis.com\/tunisie\/"},{"@type":"ListItem","position":2,"name":"Gab\u00e8s : D\u00e9c\u00e8s d&rsquo;un jeune homme qui a mis le feu \u00e0 son corps"}]},{"@type":"WebSite","@id":"https:\/\/kapitalis.com\/tunisie\/#website","url":"https:\/\/kapitalis.com\/tunisie\/","name":"Kapitalis","description":"L&#039;actualit\u00e9 en Tunisie et dans le monde","publisher":{"@id":"https:\/\/kapitalis.com\/tunisie\/#organization"},"potentialAction":[{"@type":"SearchAction","target":{"@type":"EntryPoint","urlTemplate":"https:\/\/kapitalis.com\/tunisie\/?s={search_term_string}"},"query-input":{"@type":"PropertyValueSpecification","valueRequired":true,"valueName":"search_term_string"}}],"inLanguage":"fr-FR"},{"@type":"Organization","@id":"https:\/\/kapitalis.com\/tunisie\/#organization","name":"Kapitalis","url":"https:\/\/kapitalis.com\/tunisie\/","logo":{"@type":"ImageObject","inLanguage":"fr-FR","@id":"https:\/\/kapitalis.com\/tunisie\/#\/schema\/logo\/image\/","url":"https:\/\/kapitalis.com\/tunisie\/wp-content\/uploads\/2022\/05\/Kapitalis-big-size.png","contentUrl":"https:\/\/kapitalis.com\/tunisie\/wp-content\/uploads\/2022\/05\/Kapitalis-big-size.png","width":5000,"height":1500,"caption":"Kapitalis"},"image":{"@id":"https:\/\/kapitalis.com\/tunisie\/#\/schema\/logo\/image\/"},"sameAs":["https:\/\/www.facebook.com\/KapitalisInfo\/","https:\/\/x.com\/KapitalisInfo","https:\/\/www.youtube.com\/channel\/UC-yDYrHyfFBWWZaOw3FPg9Q"]},{"@type":"Person","@id":"https:\/\/kapitalis.com\/tunisie\/#\/schema\/person\/74bbde0154d49d790a92aaeac5bc01d5","name":"Yusra NY","url":"https:\/\/kapitalis.com\/tunisie\/author\/yuza_adam\/"}]}},"_links":{"self":[{"href":"https:\/\/kapitalis.com\/tunisie\/wp-json\/wp\/v2\/posts\/11535659","targetHints":{"allow":["GET"]}}],"collection":[{"href":"https:\/\/kapitalis.com\/tunisie\/wp-json\/wp\/v2\/posts"}],"about":[{"href":"https:\/\/kapitalis.com\/tunisie\/wp-json\/wp\/v2\/types\/post"}],"author":[{"embeddable":true,"href":"https:\/\/kapitalis.com\/tunisie\/wp-json\/wp\/v2\/users\/6"}],"replies":[{"embeddable":true,"href":"https:\/\/kapitalis.com\/tunisie\/wp-json\/wp\/v2\/comments?post=11535659"}],"version-history":[{"count":2,"href":"https:\/\/kapitalis.com\/tunisie\/wp-json\/wp\/v2\/posts\/11535659\/revisions"}],"predecessor-version":[{"id":11535689,"href":"https:\/\/kapitalis.com\/tunisie\/wp-json\/wp\/v2\/posts\/11535659\/revisions\/11535689"}],"wp:featuredmedia":[{"embeddable":true,"href":"https:\/\/kapitalis.com\/tunisie\/wp-json\/wp\/v2\/media\/1986405"}],"wp:attachment":[{"href":"https:\/\/kapitalis.com\/tunisie\/wp-json\/wp\/v2\/media?parent=11535659"}],"wp:term":[{"taxonomy":"category","embeddable":true,"href":"https:\/\/kapitalis.com\/tunisie\/wp-json\/wp\/v2\/categories?post=11535659"},{"taxonomy":"post_tag","embeddable":true,"href":"https:\/\/kapitalis.com\/tunisie\/wp-json\/wp\/v2\/tags?post=11535659"}],"curies":[{"name":"wp","href":"https:\/\/api.w.org\/{rel}","templated":true}]}}