{"id":115562,"date":"2017-09-25T09:28:10","date_gmt":"2017-09-25T08:28:10","guid":{"rendered":"http:\/\/kapitalis.com\/tunisie\/?p=115562"},"modified":"2017-09-25T09:33:14","modified_gmt":"2017-09-25T08:33:14","slug":"conference-a-tunis-femmes-et-pouvoir-local","status":"publish","type":"post","link":"https:\/\/kapitalis.com\/tunisie\/2017\/09\/25\/conference-a-tunis-femmes-et-pouvoir-local\/","title":{"rendered":"Conf\u00e9rence \u00e0 Tunis : Femmes et pouvoir local"},"content":{"rendered":"<p style=\"text-align: center;\"><img loading=\"lazy\" decoding=\"async\" class=\"alignnone size-full wp-image-115563\" src=\"http:\/\/kapitalis.com\/tunisie\/wp-content\/uploads\/2017\/09\/Femme-Pouvoir-local.jpg\" alt=\"\" width=\"626\" height=\"380\" \/><\/p>\n<p><em><strong>La conf\u00e9rence internationale sur \u00ab Femmes et pouvoir local \u00bb se tiendra le mardi 26 et mercredi 27 septembre 2017 \u00e0 l\u2019h\u00f4tel Sheraton, Tunis (Tunisie).<\/strong><\/em><\/p>\n<p><!--more--><\/p>\n<p>La conf\u00e9rence sera ouverte par Neziha Labidi, ministre de la femme, de la Famille et de l\u2019Enfance, Riadh Mouakhar, ministre des Affaires locales et de l\u2019Environnement, William Massolin, chef du bureau du Conseil de l\u2019Europe en Tunisie et Gudrun Mosler T\u00f6rnstr\u00f6m, pr\u00e9sidente du Congr\u00e8s des pouvoirs locaux et r\u00e9gionaux du Conseil de l\u2019Europe.<\/p>\n<p>Elle r\u00e9unira une centaine de participants, dont des responsables gouvernementaux et des institutions publiques, des collectivit\u00e9s locales, des parlementaires, des experts internationaux, des repr\u00e9sentants de missions diplomatiques et d\u2019organisations internationales, des m\u00e9dias ainsi que des organisations de la soci\u00e9t\u00e9 civile et du secteur acad\u00e9mique.<\/p>\n<p>Le Chapitre VII de la constitution tunisienne du 27 janvier 2014, consacr\u00e9 au pouvoir local, dessine les contours d\u2019une nouvelle organisation d\u00e9centralis\u00e9e du territoire et des pouvoirs. Les municipalit\u00e9s, r\u00e9gions et districts y sont d\u00e9finis comme des collectivit\u00e9s locales jouissant de la personnalit\u00e9 juridique et de l\u2019autonomie financi\u00e8re et administrative. Ces collectivit\u00e9s sont g\u00e9r\u00e9es par des conseils \u00e9lus au suffrage universel direct, et disposent de comp\u00e9tences propres, de comp\u00e9tences partag\u00e9es avec l\u2019autorit\u00e9 centrale et de comp\u00e9tences transf\u00e9r\u00e9es par cette derni\u00e8re.<\/p>\n<p>En ce qui concerne la prise en consid\u00e9ration du r\u00f4le des femmes, la nouvelle Constitution \u00e9nonce des changements notables. D\u2019apr\u00e8s l\u2019article 34, <em>\u00abl\u2019Etat veille \u00e0 garantir la repr\u00e9sentativit\u00e9 des femmes dans les assembl\u00e9es \u00e9lues\u00bb<\/em>, ainsi qu\u2019\u00e0 prot\u00e9ger leurs droits et \u00e0 les renforcer, \u00e0 garantir l\u2019\u00e9galit\u00e9 entre hommes et femmes et \u00e0 renforcer la parit\u00e9 (article 46).<\/p>\n<p>Les collectivit\u00e9s locales doivent adopter les <em>\u00abm\u00e9canismes de la d\u00e9mocratie participative et les principes de la gouvernance ouverte afin de garantir la plus large participation des citoyens et de la soci\u00e9t\u00e9 civile \u00e0 la pr\u00e9paration de projets de d\u00e9veloppement et d\u2019am\u00e9nagement du territoire et le suivi de leur ex\u00e9cution\u00bb.<\/em> (Article 139)<\/p>\n<p>La mise en place des principes \u00e9nonc\u00e9s par la constitution n\u00e9cessitent une r\u00e9forme du cadre l\u00e9gislatif et institutionnel ainsi qu\u2019un suivi garantissant la mise en \u0153uvre effective d\u2019une participation \u00e9quitable femmes-hommes.<\/p>\n<p>A cet \u00e9gard, l\u2019expertise des 47 Etats membres du Conseil de l\u2019Europe et de son Congr\u00e8s des pouvoirs locaux et r\u00e9gionaux pourrait enrichir les d\u00e9bats et apporter de nouvelles pistes de r\u00e9flexion.<\/p>\n<p>Dans ce contexte, la Conf\u00e9rence internationale <em>\u00abFemmes et pouvoir local\u00bb<\/em> sera une opportunit\u00e9 pour discuter de la participation des femmes au pouvoir local. Elle cherche \u00e0 stimuler l\u2019\u00e9change de points de vue et d\u2019exp\u00e9riences notamment concernant les cadres juridiques nationaux et internationaux, les d\u00e9fis de la mise en place des garanties l\u00e9gislatives et le r\u00f4le des diff\u00e9rents acteurs dans le renforcement de la participation des femmes au pouvoir local.<\/p>\n<p>Parmi les intervenants, on annonce Jinen Limem, universitaire, Facult\u00e9 des sciences juridiques politiques et sociales de Tunis; Sleheddine Ben Fredj, sociologue, Facult\u00e9 des sciences humaines et sociales de Tunis; Lotfi Tarchouna, doyen de la Facult\u00e9 de droit de Sousse ; Lenita Freidenvall, professeure agr\u00e9g\u00e9e, directrice adjointe de la Division de l\u2019\u00e9galit\u00e9 des genres au Conseil de l\u2019Europe; Mondher Bousnina, chef de cabinet du ministre charg\u00e9 des Relations avec les instances constitutionnelles, la soci\u00e9t\u00e9 civile et des droits de l\u2019Homme; Besma Soudani, pr\u00e9sidente de la Ligue des \u00e9lectrices tunisiennes (LET); H\u00e9la Skhiri, charg\u00e9e de programme national, Onu Femmes Maghreb; Salwa Kennou, pr\u00e9sidente de l\u2019Association des femmes tunisiennes pour la recherche et le d\u00e9veloppement (Afturd); Genevieve Couraud, ancienne conseill\u00e8re d&rsquo;arrondissements \u00e0 Marseille et pr\u00e9sidente de l\u2019Observatoire des droits des femmes et de l\u2019\u00e9galit\u00e9 des chances des Bouches-du-Rh\u00f4ne, pr\u00e9sidente de l\u2019Association l\u2019Assembl\u00e9e des femmes, France; Zehra Sariaslan, conseill\u00e8re politique, Institut pour l&rsquo;\u00e9galit\u00e9 de genre et l\u2019histoire des femmes (Institute of Gender Equality and Women History (Astria), membre du Conseil municipal de Harderwijk, Pays-Bas; Romain Sabatier, expert en \u00e9galit\u00e9 de genre, ancien secr\u00e9taire g\u00e9n\u00e9ral du Haut conseil \u00e0 l\u2019\u00e9galit\u00e9 entre les femmes et les hommes, France; Salwa Hamrouni, universitaire, Facult\u00e9 des sciences juridiques politiques et sociales de Tunis; Imen Houimel, directrice g\u00e9n\u00e9rale de la femme et de la famille, minist\u00e8re de la Femme, de la Famille et de l\u2019Enfance, Tunisie; Mokhtar Hammami, directeur de l\u2019Instance prospective et du d\u00e9veloppement de la d\u00e9centralisation, minist\u00e8re des Affaires locales et de l\u2019Environnement, Tunisie; Anne-Laure Joedicke, coordinatrice de la r\u00e9gion m\u00e9diterran\u00e9enne, Association europ\u00e9enne pour la d\u00e9mocratie locale (Alda); Moncef Ben Slimane, pr\u00e9sident de l\u2019association Lam Echaml; Janneke Van Heugten, experte, propri\u00e9taire et fondatrice de Mediaplatform VIDM, Pays-bas ; et Emna Zahrouna, avocate et consultante.<\/p>\n<p style=\"text-align: right;\"><em><strong>Source<\/strong><\/em> : communiqu\u00e9.<\/p>\n","protected":false},"excerpt":{"rendered":"<p>La conf\u00e9rence internationale sur \u00ab Femmes et pouvoir local \u00bb se tiendra le mardi 26 et mercredi 27 septembre 2017 \u00e0 l\u2019h\u00f4tel Sheraton, Tunis (Tunisie).<\/p>\n","protected":false},"author":8,"featured_media":115563,"comment_status":"open","ping_status":"open","sticky":false,"template":"","format":"standard","meta":{"footnotes":""},"categories":[997,2433],"tags":[1421,22818,21845],"class_list":["post-115562","post","type-post","status-publish","format-standard","has-post-thumbnail","hentry","category-politique","category-tunisie","tag-conseil-de-leurope","tag-neziha-labidi","tag-riadh-mouakhar"],"yoast_head":"<!-- This site is optimized with the Yoast SEO plugin v26.6 - https:\/\/yoast.com\/wordpress\/plugins\/seo\/ -->\n<title>Conf\u00e9rence \u00e0 Tunis : Femmes et pouvoir local - Kapitalis<\/title>\n<meta name=\"robots\" content=\"index, follow, max-snippet:-1, max-image-preview:large, max-video-preview:-1\" \/>\n<link rel=\"canonical\" href=\"https:\/\/kapitalis.com\/tunisie\/2017\/09\/25\/conference-a-tunis-femmes-et-pouvoir-local\/\" \/>\n<meta property=\"og:locale\" content=\"fr_FR\" \/>\n<meta property=\"og:type\" content=\"article\" \/>\n<meta property=\"og:title\" content=\"Conf\u00e9rence \u00e0 Tunis : Femmes et pouvoir local - Kapitalis\" \/>\n<meta property=\"og:description\" content=\"La conf\u00e9rence internationale sur \u00ab Femmes et pouvoir local \u00bb se tiendra le mardi 26 et mercredi 27 septembre 2017 \u00e0 l\u2019h\u00f4tel Sheraton, Tunis (Tunisie).\" \/>\n<meta property=\"og:url\" content=\"https:\/\/kapitalis.com\/tunisie\/2017\/09\/25\/conference-a-tunis-femmes-et-pouvoir-local\/\" \/>\n<meta property=\"og:site_name\" content=\"Kapitalis\" \/>\n<meta property=\"article:publisher\" content=\"https:\/\/www.facebook.com\/KapitalisInfo\/\" \/>\n<meta property=\"article:published_time\" content=\"2017-09-25T08:28:10+00:00\" \/>\n<meta property=\"article:modified_time\" content=\"2017-09-25T08:33:14+00:00\" \/>\n<meta property=\"og:image\" content=\"https:\/\/kapitalis.com\/tunisie\/wp-content\/uploads\/2022\/05\/kapitalis-logo-fb.png\" \/>\n\t<meta property=\"og:image:width\" content=\"1200\" \/>\n\t<meta property=\"og:image:height\" content=\"630\" \/>\n\t<meta property=\"og:image:type\" content=\"image\/png\" \/>\n<meta name=\"author\" content=\"webmaster kapitalis\" \/>\n<meta name=\"twitter:card\" content=\"summary_large_image\" \/>\n<meta name=\"twitter:creator\" content=\"@KapitalisInfo\" \/>\n<meta name=\"twitter:site\" content=\"@KapitalisInfo\" \/>\n<meta name=\"twitter:label1\" content=\"\u00c9crit par\" \/>\n\t<meta name=\"twitter:data1\" content=\"webmaster kapitalis\" \/>\n\t<meta name=\"twitter:label2\" content=\"Dur\u00e9e de lecture estim\u00e9e\" \/>\n\t<meta name=\"twitter:data2\" content=\"4 minutes\" \/>\n<script type=\"application\/ld+json\" class=\"yoast-schema-graph\">{\"@context\":\"https:\/\/schema.org\",\"@graph\":[{\"@type\":\"Article\",\"@id\":\"https:\/\/kapitalis.com\/tunisie\/2017\/09\/25\/conference-a-tunis-femmes-et-pouvoir-local\/#article\",\"isPartOf\":{\"@id\":\"https:\/\/kapitalis.com\/tunisie\/2017\/09\/25\/conference-a-tunis-femmes-et-pouvoir-local\/\"},\"author\":{\"name\":\"webmaster kapitalis\",\"@id\":\"https:\/\/kapitalis.com\/tunisie\/#\/schema\/person\/d71f33a9ca44f7bad4698210b480c8e9\"},\"headline\":\"Conf\u00e9rence \u00e0 Tunis : Femmes et pouvoir local\",\"datePublished\":\"2017-09-25T08:28:10+00:00\",\"dateModified\":\"2017-09-25T08:33:14+00:00\",\"mainEntityOfPage\":{\"@id\":\"https:\/\/kapitalis.com\/tunisie\/2017\/09\/25\/conference-a-tunis-femmes-et-pouvoir-local\/\"},\"wordCount\":839,\"commentCount\":0,\"publisher\":{\"@id\":\"https:\/\/kapitalis.com\/tunisie\/#organization\"},\"image\":{\"@id\":\"https:\/\/kapitalis.com\/tunisie\/2017\/09\/25\/conference-a-tunis-femmes-et-pouvoir-local\/#primaryimage\"},\"thumbnailUrl\":\"\",\"keywords\":[\"Conseil de l'Europe\",\"Neziha Labidi\",\"Riadh Mouakhar\"],\"articleSection\":[\"POLITIQUE\",\"Tunisie\"],\"inLanguage\":\"fr-FR\",\"potentialAction\":[{\"@type\":\"CommentAction\",\"name\":\"Comment\",\"target\":[\"https:\/\/kapitalis.com\/tunisie\/2017\/09\/25\/conference-a-tunis-femmes-et-pouvoir-local\/#respond\"]}]},{\"@type\":\"WebPage\",\"@id\":\"https:\/\/kapitalis.com\/tunisie\/2017\/09\/25\/conference-a-tunis-femmes-et-pouvoir-local\/\",\"url\":\"https:\/\/kapitalis.com\/tunisie\/2017\/09\/25\/conference-a-tunis-femmes-et-pouvoir-local\/\",\"name\":\"Conf\u00e9rence \u00e0 Tunis : Femmes et pouvoir local - Kapitalis\",\"isPartOf\":{\"@id\":\"https:\/\/kapitalis.com\/tunisie\/#website\"},\"primaryImageOfPage\":{\"@id\":\"https:\/\/kapitalis.com\/tunisie\/2017\/09\/25\/conference-a-tunis-femmes-et-pouvoir-local\/#primaryimage\"},\"image\":{\"@id\":\"https:\/\/kapitalis.com\/tunisie\/2017\/09\/25\/conference-a-tunis-femmes-et-pouvoir-local\/#primaryimage\"},\"thumbnailUrl\":\"\",\"datePublished\":\"2017-09-25T08:28:10+00:00\",\"dateModified\":\"2017-09-25T08:33:14+00:00\",\"breadcrumb\":{\"@id\":\"https:\/\/kapitalis.com\/tunisie\/2017\/09\/25\/conference-a-tunis-femmes-et-pouvoir-local\/#breadcrumb\"},\"inLanguage\":\"fr-FR\",\"potentialAction\":[{\"@type\":\"ReadAction\",\"target\":[\"https:\/\/kapitalis.com\/tunisie\/2017\/09\/25\/conference-a-tunis-femmes-et-pouvoir-local\/\"]}]},{\"@type\":\"ImageObject\",\"inLanguage\":\"fr-FR\",\"@id\":\"https:\/\/kapitalis.com\/tunisie\/2017\/09\/25\/conference-a-tunis-femmes-et-pouvoir-local\/#primaryimage\",\"url\":\"\",\"contentUrl\":\"\"},{\"@type\":\"BreadcrumbList\",\"@id\":\"https:\/\/kapitalis.com\/tunisie\/2017\/09\/25\/conference-a-tunis-femmes-et-pouvoir-local\/#breadcrumb\",\"itemListElement\":[{\"@type\":\"ListItem\",\"position\":1,\"name\":\"Accueil\",\"item\":\"https:\/\/kapitalis.com\/tunisie\/\"},{\"@type\":\"ListItem\",\"position\":2,\"name\":\"Conf\u00e9rence \u00e0 Tunis : Femmes et pouvoir local\"}]},{\"@type\":\"WebSite\",\"@id\":\"https:\/\/kapitalis.com\/tunisie\/#website\",\"url\":\"https:\/\/kapitalis.com\/tunisie\/\",\"name\":\"Kapitalis\",\"description\":\"L&#039;actualit\u00e9 en Tunisie et dans le monde\",\"publisher\":{\"@id\":\"https:\/\/kapitalis.com\/tunisie\/#organization\"},\"potentialAction\":[{\"@type\":\"SearchAction\",\"target\":{\"@type\":\"EntryPoint\",\"urlTemplate\":\"https:\/\/kapitalis.com\/tunisie\/?s={search_term_string}\"},\"query-input\":{\"@type\":\"PropertyValueSpecification\",\"valueRequired\":true,\"valueName\":\"search_term_string\"}}],\"inLanguage\":\"fr-FR\"},{\"@type\":\"Organization\",\"@id\":\"https:\/\/kapitalis.com\/tunisie\/#organization\",\"name\":\"Kapitalis\",\"url\":\"https:\/\/kapitalis.com\/tunisie\/\",\"logo\":{\"@type\":\"ImageObject\",\"inLanguage\":\"fr-FR\",\"@id\":\"https:\/\/kapitalis.com\/tunisie\/#\/schema\/logo\/image\/\",\"url\":\"https:\/\/kapitalis.com\/tunisie\/wp-content\/uploads\/2022\/05\/Kapitalis-big-size.png\",\"contentUrl\":\"https:\/\/kapitalis.com\/tunisie\/wp-content\/uploads\/2022\/05\/Kapitalis-big-size.png\",\"width\":5000,\"height\":1500,\"caption\":\"Kapitalis\"},\"image\":{\"@id\":\"https:\/\/kapitalis.com\/tunisie\/#\/schema\/logo\/image\/\"},\"sameAs\":[\"https:\/\/www.facebook.com\/KapitalisInfo\/\",\"https:\/\/x.com\/KapitalisInfo\",\"https:\/\/www.youtube.com\/channel\/UC-yDYrHyfFBWWZaOw3FPg9Q\"]},{\"@type\":\"Person\",\"@id\":\"https:\/\/kapitalis.com\/tunisie\/#\/schema\/person\/d71f33a9ca44f7bad4698210b480c8e9\",\"name\":\"webmaster kapitalis\",\"url\":\"https:\/\/kapitalis.com\/tunisie\/author\/webmaster-kapitalis\/\"}]}<\/script>\n<!-- \/ Yoast SEO plugin. -->","yoast_head_json":{"title":"Conf\u00e9rence \u00e0 Tunis : Femmes et pouvoir local - Kapitalis","robots":{"index":"index","follow":"follow","max-snippet":"max-snippet:-1","max-image-preview":"max-image-preview:large","max-video-preview":"max-video-preview:-1"},"canonical":"https:\/\/kapitalis.com\/tunisie\/2017\/09\/25\/conference-a-tunis-femmes-et-pouvoir-local\/","og_locale":"fr_FR","og_type":"article","og_title":"Conf\u00e9rence \u00e0 Tunis : Femmes et pouvoir local - Kapitalis","og_description":"La conf\u00e9rence internationale sur \u00ab Femmes et pouvoir local \u00bb se tiendra le mardi 26 et mercredi 27 septembre 2017 \u00e0 l\u2019h\u00f4tel Sheraton, Tunis (Tunisie).","og_url":"https:\/\/kapitalis.com\/tunisie\/2017\/09\/25\/conference-a-tunis-femmes-et-pouvoir-local\/","og_site_name":"Kapitalis","article_publisher":"https:\/\/www.facebook.com\/KapitalisInfo\/","article_published_time":"2017-09-25T08:28:10+00:00","article_modified_time":"2017-09-25T08:33:14+00:00","og_image":[{"width":1200,"height":630,"url":"https:\/\/kapitalis.com\/tunisie\/wp-content\/uploads\/2022\/05\/kapitalis-logo-fb.png","type":"image\/png"}],"author":"webmaster kapitalis","twitter_card":"summary_large_image","twitter_creator":"@KapitalisInfo","twitter_site":"@KapitalisInfo","twitter_misc":{"\u00c9crit par":"webmaster kapitalis","Dur\u00e9e de lecture estim\u00e9e":"4 minutes"},"schema":{"@context":"https:\/\/schema.org","@graph":[{"@type":"Article","@id":"https:\/\/kapitalis.com\/tunisie\/2017\/09\/25\/conference-a-tunis-femmes-et-pouvoir-local\/#article","isPartOf":{"@id":"https:\/\/kapitalis.com\/tunisie\/2017\/09\/25\/conference-a-tunis-femmes-et-pouvoir-local\/"},"author":{"name":"webmaster kapitalis","@id":"https:\/\/kapitalis.com\/tunisie\/#\/schema\/person\/d71f33a9ca44f7bad4698210b480c8e9"},"headline":"Conf\u00e9rence \u00e0 Tunis : Femmes et pouvoir local","datePublished":"2017-09-25T08:28:10+00:00","dateModified":"2017-09-25T08:33:14+00:00","mainEntityOfPage":{"@id":"https:\/\/kapitalis.com\/tunisie\/2017\/09\/25\/conference-a-tunis-femmes-et-pouvoir-local\/"},"wordCount":839,"commentCount":0,"publisher":{"@id":"https:\/\/kapitalis.com\/tunisie\/#organization"},"image":{"@id":"https:\/\/kapitalis.com\/tunisie\/2017\/09\/25\/conference-a-tunis-femmes-et-pouvoir-local\/#primaryimage"},"thumbnailUrl":"","keywords":["Conseil de l'Europe","Neziha Labidi","Riadh Mouakhar"],"articleSection":["POLITIQUE","Tunisie"],"inLanguage":"fr-FR","potentialAction":[{"@type":"CommentAction","name":"Comment","target":["https:\/\/kapitalis.com\/tunisie\/2017\/09\/25\/conference-a-tunis-femmes-et-pouvoir-local\/#respond"]}]},{"@type":"WebPage","@id":"https:\/\/kapitalis.com\/tunisie\/2017\/09\/25\/conference-a-tunis-femmes-et-pouvoir-local\/","url":"https:\/\/kapitalis.com\/tunisie\/2017\/09\/25\/conference-a-tunis-femmes-et-pouvoir-local\/","name":"Conf\u00e9rence \u00e0 Tunis : Femmes et pouvoir local - Kapitalis","isPartOf":{"@id":"https:\/\/kapitalis.com\/tunisie\/#website"},"primaryImageOfPage":{"@id":"https:\/\/kapitalis.com\/tunisie\/2017\/09\/25\/conference-a-tunis-femmes-et-pouvoir-local\/#primaryimage"},"image":{"@id":"https:\/\/kapitalis.com\/tunisie\/2017\/09\/25\/conference-a-tunis-femmes-et-pouvoir-local\/#primaryimage"},"thumbnailUrl":"","datePublished":"2017-09-25T08:28:10+00:00","dateModified":"2017-09-25T08:33:14+00:00","breadcrumb":{"@id":"https:\/\/kapitalis.com\/tunisie\/2017\/09\/25\/conference-a-tunis-femmes-et-pouvoir-local\/#breadcrumb"},"inLanguage":"fr-FR","potentialAction":[{"@type":"ReadAction","target":["https:\/\/kapitalis.com\/tunisie\/2017\/09\/25\/conference-a-tunis-femmes-et-pouvoir-local\/"]}]},{"@type":"ImageObject","inLanguage":"fr-FR","@id":"https:\/\/kapitalis.com\/tunisie\/2017\/09\/25\/conference-a-tunis-femmes-et-pouvoir-local\/#primaryimage","url":"","contentUrl":""},{"@type":"BreadcrumbList","@id":"https:\/\/kapitalis.com\/tunisie\/2017\/09\/25\/conference-a-tunis-femmes-et-pouvoir-local\/#breadcrumb","itemListElement":[{"@type":"ListItem","position":1,"name":"Accueil","item":"https:\/\/kapitalis.com\/tunisie\/"},{"@type":"ListItem","position":2,"name":"Conf\u00e9rence \u00e0 Tunis : Femmes et pouvoir local"}]},{"@type":"WebSite","@id":"https:\/\/kapitalis.com\/tunisie\/#website","url":"https:\/\/kapitalis.com\/tunisie\/","name":"Kapitalis","description":"L&#039;actualit\u00e9 en Tunisie et dans le monde","publisher":{"@id":"https:\/\/kapitalis.com\/tunisie\/#organization"},"potentialAction":[{"@type":"SearchAction","target":{"@type":"EntryPoint","urlTemplate":"https:\/\/kapitalis.com\/tunisie\/?s={search_term_string}"},"query-input":{"@type":"PropertyValueSpecification","valueRequired":true,"valueName":"search_term_string"}}],"inLanguage":"fr-FR"},{"@type":"Organization","@id":"https:\/\/kapitalis.com\/tunisie\/#organization","name":"Kapitalis","url":"https:\/\/kapitalis.com\/tunisie\/","logo":{"@type":"ImageObject","inLanguage":"fr-FR","@id":"https:\/\/kapitalis.com\/tunisie\/#\/schema\/logo\/image\/","url":"https:\/\/kapitalis.com\/tunisie\/wp-content\/uploads\/2022\/05\/Kapitalis-big-size.png","contentUrl":"https:\/\/kapitalis.com\/tunisie\/wp-content\/uploads\/2022\/05\/Kapitalis-big-size.png","width":5000,"height":1500,"caption":"Kapitalis"},"image":{"@id":"https:\/\/kapitalis.com\/tunisie\/#\/schema\/logo\/image\/"},"sameAs":["https:\/\/www.facebook.com\/KapitalisInfo\/","https:\/\/x.com\/KapitalisInfo","https:\/\/www.youtube.com\/channel\/UC-yDYrHyfFBWWZaOw3FPg9Q"]},{"@type":"Person","@id":"https:\/\/kapitalis.com\/tunisie\/#\/schema\/person\/d71f33a9ca44f7bad4698210b480c8e9","name":"webmaster kapitalis","url":"https:\/\/kapitalis.com\/tunisie\/author\/webmaster-kapitalis\/"}]}},"_links":{"self":[{"href":"https:\/\/kapitalis.com\/tunisie\/wp-json\/wp\/v2\/posts\/115562","targetHints":{"allow":["GET"]}}],"collection":[{"href":"https:\/\/kapitalis.com\/tunisie\/wp-json\/wp\/v2\/posts"}],"about":[{"href":"https:\/\/kapitalis.com\/tunisie\/wp-json\/wp\/v2\/types\/post"}],"author":[{"embeddable":true,"href":"https:\/\/kapitalis.com\/tunisie\/wp-json\/wp\/v2\/users\/8"}],"replies":[{"embeddable":true,"href":"https:\/\/kapitalis.com\/tunisie\/wp-json\/wp\/v2\/comments?post=115562"}],"version-history":[{"count":0,"href":"https:\/\/kapitalis.com\/tunisie\/wp-json\/wp\/v2\/posts\/115562\/revisions"}],"wp:featuredmedia":[{"embeddable":true,"href":"https:\/\/kapitalis.com\/tunisie\/wp-json\/wp\/v2\/media\/115563"}],"wp:attachment":[{"href":"https:\/\/kapitalis.com\/tunisie\/wp-json\/wp\/v2\/media?parent=115562"}],"wp:term":[{"taxonomy":"category","embeddable":true,"href":"https:\/\/kapitalis.com\/tunisie\/wp-json\/wp\/v2\/categories?post=115562"},{"taxonomy":"post_tag","embeddable":true,"href":"https:\/\/kapitalis.com\/tunisie\/wp-json\/wp\/v2\/tags?post=115562"}],"curies":[{"name":"wp","href":"https:\/\/api.w.org\/{rel}","templated":true}]}}