{"id":11561892,"date":"2024-02-09T07:10:47","date_gmt":"2024-02-09T06:10:47","guid":{"rendered":"https:\/\/kapitalis.com\/tunisie\/?p=11561892"},"modified":"2024-02-09T07:10:48","modified_gmt":"2024-02-09T06:10:48","slug":"a-lapproche-des-elections-la-sante-mentale-de-biden-inquiete-de-plus-en-plus","status":"publish","type":"post","link":"https:\/\/kapitalis.com\/tunisie\/2024\/02\/09\/a-lapproche-des-elections-la-sante-mentale-de-biden-inquiete-de-plus-en-plus\/","title":{"rendered":"\u00c0 l\u2019approche des \u00e9lections, la sant\u00e9 mentale de Biden inqui\u00e8te de plus en plus"},"content":{"rendered":"\n<p><strong><em>Le pr\u00e9sident am\u00e9ricain Joe Biden a de nouveau confondu entre un dirigeant europ\u00e9en en exercice et l\u2019un de ses pr\u00e9d\u00e9cesseurs d\u00e9c\u00e9d\u00e9s pour la deuxi\u00e8me fois en moins d\u2019une semaine lorsqu\u2019il a d\u00e9clar\u00e9 lors d\u2019un \u00e9v\u00e9nement \u00e9lectoral qu\u2019il avait rencontr\u00e9 le chancelier allemand Helmut Kohl pourtant d\u00e9c\u00e9d\u00e9 en 2017 alors qu\u2019il \u00e9voquait Angela Merkel. Ces \u00e9pisodes exacerbent les inqui\u00e9tudes sur la sant\u00e9 mentale et pr\u00e9cis\u00e9ment la capacit\u00e9 cognitive de Biden qui s\u2019est lanc\u00e9 dans la course pour un second mandat.\u00a0<\/em><\/strong><\/p>\n\n\n\n<p>Par<strong> Imed Bahri<\/strong><\/p>\n\n\n\n<!--more-->\n\n\n\n<p>Le cafouillage de Biden, 81 ans, est survenu mercredi soir, soit trois jours seulement apr\u00e8s avoir d\u00e9clar\u00e9 avoir parl\u00e9 \u00e0 l\u2019ancien pr\u00e9sident fran\u00e7ais Fran\u00e7ois Mitterrand d\u00e9c\u00e9d\u00e9 en 1996 alors qu\u2019il parlait du pr\u00e9sident actuel Emmanuel Macron, tout en \u00e9voquant \u00e9galement le m\u00eame sommet du G7 qui s\u2019est tenu en juin 2021.<\/p>\n\n\n\n<h2 class=\"wp-block-heading\">\u00abMitterrand d\u2019Allemagne m&rsquo;a regard\u00e9\u00bb<\/h2>\n\n\n\n<p>Le pr\u00e9sident am\u00e9ricain qui cherche \u00e0 briguer un second mandat en novembre prochain r\u00e9p\u00e8te souvent la m\u00eame anecdote \u00e0 propos du sommet organis\u00e9 dans les Cornouailles en Grande-Bretagne pour souligner ce qu\u2019il d\u00e9crit comme des inqui\u00e9tudes mondiales concernant l\u2019attaque du 6 janvier 2021 contre le b\u00e2timent du Capitole par les partisans de l\u2019ancien pr\u00e9sident Donald Trump suite \u00e0 la d\u00e9b\u00e2cle \u00e9lectorale de celui-ci.&nbsp;<\/p>\n\n\n\n<p>Biden a d\u00e9clar\u00e9: <em>\u00abHelmut Kohl d\u2019Allemagne m\u2019a regard\u00e9 et dit : \u2018\u2018Que diriez-vous, Monsieur le Pr\u00e9sident, si je prenais le journal londonien Times demain matin et apprenais qu\u2019un millier de personnes ont d\u00e9fonc\u00e9 les portes du Parlement britannique et ont tu\u00e9 certaines personnes sur leur chemin pour emp\u00eacher le Premier ministre de prendre ses fonctions?\u2019\u2019\u00bb<\/em><\/p>\n\n\n\n<figure class=\"wp-block-embed is-type-wp-embed is-provider-kapitalis wp-block-embed-kapitalis\"><div class=\"wp-block-embed__wrapper\">\n<blockquote class=\"wp-embedded-content\" data-secret=\"jc3mcvZ5YU\"><a href=\"https:\/\/kapitalis.com\/tunisie\/2023\/10\/19\/etats-unis-josh-paul-denonce-le-soutien-aveugle-de-biden-a-une-seule-partie\/\">Etats-Unis\u00a0: Josh Paul d\u00e9nonce le soutien aveugle de Biden \u00e0 \u00abune seule partie\u00bb \u00a0<\/a><\/blockquote><iframe loading=\"lazy\" class=\"wp-embedded-content\" sandbox=\"allow-scripts\" security=\"restricted\" style=\"position: absolute; clip: rect(1px, 1px, 1px, 1px);\" title=\"\u00ab\u00a0Etats-Unis\u00a0: Josh Paul d\u00e9nonce le soutien aveugle de Biden \u00e0 \u00abune seule partie\u00bb \u00a0\u00a0\u00bb &#8212; Kapitalis\" src=\"https:\/\/kapitalis.com\/tunisie\/2023\/10\/19\/etats-unis-josh-paul-denonce-le-soutien-aveugle-de-biden-a-une-seule-partie\/embed\/#?secret=3tRWB2hAJP#?secret=jc3mcvZ5YU\" data-secret=\"jc3mcvZ5YU\" width=\"600\" height=\"338\" frameborder=\"0\" marginwidth=\"0\" marginheight=\"0\" scrolling=\"no\"><\/iframe>\n<\/div><\/figure>\n\n\n\n<p>Dimanche \u00e9galement \u00e0 Las Vegas lors d\u2019un meeting \u00e9lectoral, Biden a fait part de la m\u00eame anecdote mais en l\u2019attribuant \u00e0 Emmanuel Macron qu\u2019il a nomm\u00e9 <em>\u00abMitterrand d\u2019Allemagne\u00bb<\/em>. Il a d\u00e9clar\u00e9: <em>\u00abJe me suis assis et j\u2019ai dit: \u2018\u2018L\u2019Am\u00e9rique est de retour\u2019\u2019&#8230; Mitterrand d\u2019Allemagne m\u2019a regard\u00e9&#8230; je veux dire de France&#8230;\u00bb<\/em> Biden a fait une pause avant de rassembler ses pens\u00e9es pour terminer la phrase: <em>\u00abEh bien, pour combien de temps \u00eates-vous de retour?\u00bb<\/em>. La Maison Blanche a par la suite corrig\u00e9 le nom en Macron en le mettant entre parenth\u00e8ses dans le communiqu\u00e9 qu\u2019elle a publi\u00e9.<\/p>\n\n\n\n<p>Le pr\u00e9sident am\u00e9ricain a, et ce \u00e0 de nombreuses reprises, fait des confusions, eu des trous de m\u00e9moire et tr\u00e9buch\u00e9. Cependant, la multiplication de ces cas dans une p\u00e9riode aussi courte qui plus est, alors qu\u2019il s&rsquo;appr\u00eate \u00e0 briguer un second mandat, inqui\u00e8te les Am\u00e9ricains et m\u00eame au-del\u00e0 des \u00c9tats-Unis.<\/p>\n\n\n\n<h2 class=\"wp-block-heading\">Alt\u00e9ration des fonctions cognitives<\/h2>\n\n\n\n<p>Le site fran\u00e7ais d\u00e9di\u00e9 \u00e0 la m\u00e9decine <a href=\"https:\/\/www.doctissimo.fr\/sante\/joe-biden-confond-macron-et-mitterand-faut-il-sinquieter-de-la-sante-cognitive-du-president-des-etats-unis\/780abd_ar.html\" target=\"_blank\" rel=\"noreferrer noopener\">Doctissimo <\/a>a interrog\u00e9 Christophe de Jaeger, m\u00e9decin physiologiste et sp\u00e9cialiste de la long\u00e9vit\u00e9, sur l\u2019\u00e9tat du pr\u00e9sident am\u00e9ricain, il a r\u00e9pondu: <em>\u00abJoe Biden pr\u00e9sente un tableau neurologique complexe typique d\u2019une d\u00e9gradation neurocognitive que l\u2019on peut retrouver chez des personnes de son \u00e2ge. Il pr\u00e9sente des sympt\u00f4mes qui peuvent \u00e9voquer une alt\u00e9ration des fonctions cognitives\u00bb<\/em>.\u00a0<\/p>\n\n\n\n<p>Toutefois, le bilan de sant\u00e9 officiel du pr\u00e9sident des Etats-Unis publi\u00e9 chaque ann\u00e9e ne mentionne aucunement ces troubles.<\/p>\n\n\n\n<p>Il est \u00e0 noter que le pr\u00e9sident am\u00e9ricain est suivi par des m\u00e9decins militaires soumis \u00e0 un double secret, le secret m\u00e9dical et le secret d\u2019\u00c9tat. Tout cela n\u2019est pas tr\u00e8s rassurant pour les \u00e9lecteurs am\u00e9ricains, y compris parmi les d\u00e9mocrates, qui auraient sans doute trouv\u00e9 un meilleur candidat que le pr\u00e9sident sortant pour d\u00e9fendre leurs chances face \u00e0 un autre <em>\u00abnum\u00e9ro\u00bb<\/em> de la politique am\u00e9ricain, le R\u00e9publicain Donald Trump, que tous les sondages donnent vainqueur \u00e0 neuf mois des pr\u00e9sidentielles. Quitte \u00e0 transgresser une tradition qui veut qu&rsquo;un pr\u00e9sident sortant soit le candidat de son parti pour un second mandat !  <\/p>\n\n\n\n<p>Alors que les confusions de Biden se multiplient et que le monde fait face \u00e0 une multitude de crises dans lesquelles les \u00c9tats-Unis sont impliqu\u00e9es, la question de sa capacit\u00e9 \u00e0 briguer un second mandat voire de terminer celui-ci se pose s\u00e9rieusement. Allons-nous voir la vice-pr\u00e9sidente Kamala Harris concourir \u00e0 sa place? Au cas o\u00f9 Joe Biden ne pourrait pas achever son mandat, va-t-elle lui succ\u00e9der? Sera-t-elle la premi\u00e8re femme pr\u00e9sidente de l&rsquo;Histoire des \u00c9tats-Unis? Des questions qui se font de plus en plus r\u00e9currentes et le seront davantage \u00e0 chaque fois que M. Biden cafouillera.<\/p>\n","protected":false},"excerpt":{"rendered":"<p>Quand le pr\u00e9sident am\u00e9ricain Joe Biden confond entre un dirigeant europ\u00e9en en exercice et l\u2019un de ses pr\u00e9d\u00e9cesseurs d\u00e9c\u00e9d\u00e9s. <\/p>\n","protected":false},"author":8,"featured_media":11562021,"comment_status":"open","ping_status":"open","sticky":false,"template":"","format":"standard","meta":{"footnotes":""},"categories":[992,997,2433],"tags":[9054,19579,75918,83086,113857,72144,82237,100827,19272],"class_list":["post-11561892","post","type-post","status-publish","format-standard","has-post-thumbnail","hentry","category-a-la-une","category-politique","category-tunisie","tag-donald-trump","tag-emmanuel-macron","tag-etats-unis-2","tag-francois-mitterrand","tag-helmut-kohl","tag-joe-biden","tag-kamala-harris","tag-parti-democrate","tag-parti-republicain"],"yoast_head":"<!-- This site is optimized with the Yoast SEO plugin v26.6 - https:\/\/yoast.com\/wordpress\/plugins\/seo\/ -->\n<title>\u00c0 l\u2019approche des \u00e9lections, la sant\u00e9 mentale de Biden inqui\u00e8te de plus en plus - Kapitalis<\/title>\n<meta name=\"robots\" content=\"index, follow, max-snippet:-1, max-image-preview:large, max-video-preview:-1\" \/>\n<link rel=\"canonical\" href=\"https:\/\/kapitalis.com\/tunisie\/2024\/02\/09\/a-lapproche-des-elections-la-sante-mentale-de-biden-inquiete-de-plus-en-plus\/\" \/>\n<meta property=\"og:locale\" content=\"fr_FR\" \/>\n<meta property=\"og:type\" content=\"article\" \/>\n<meta property=\"og:title\" content=\"\u00c0 l\u2019approche des \u00e9lections, la sant\u00e9 mentale de Biden inqui\u00e8te de plus en plus - Kapitalis\" \/>\n<meta property=\"og:description\" content=\"Quand le pr\u00e9sident am\u00e9ricain Joe Biden confond entre un dirigeant europ\u00e9en en exercice et l\u2019un de ses pr\u00e9d\u00e9cesseurs d\u00e9c\u00e9d\u00e9s.\" \/>\n<meta property=\"og:url\" content=\"https:\/\/kapitalis.com\/tunisie\/2024\/02\/09\/a-lapproche-des-elections-la-sante-mentale-de-biden-inquiete-de-plus-en-plus\/\" \/>\n<meta property=\"og:site_name\" content=\"Kapitalis\" \/>\n<meta property=\"article:publisher\" content=\"https:\/\/www.facebook.com\/KapitalisInfo\/\" \/>\n<meta property=\"article:published_time\" content=\"2024-02-09T06:10:47+00:00\" \/>\n<meta property=\"article:modified_time\" content=\"2024-02-09T06:10:48+00:00\" \/>\n<meta property=\"og:image\" content=\"https:\/\/kapitalis.com\/tunisie\/wp-content\/uploads\/2024\/02\/Joe-Biden.jpg\" \/>\n\t<meta property=\"og:image:width\" content=\"1200\" \/>\n\t<meta property=\"og:image:height\" content=\"630\" \/>\n\t<meta property=\"og:image:type\" content=\"image\/jpeg\" \/>\n<meta name=\"author\" content=\"webmaster kapitalis\" \/>\n<meta name=\"twitter:card\" content=\"summary_large_image\" \/>\n<meta name=\"twitter:creator\" content=\"@KapitalisInfo\" \/>\n<meta name=\"twitter:site\" content=\"@KapitalisInfo\" \/>\n<meta name=\"twitter:label1\" content=\"\u00c9crit par\" \/>\n\t<meta name=\"twitter:data1\" content=\"webmaster kapitalis\" \/>\n\t<meta name=\"twitter:label2\" content=\"Dur\u00e9e de lecture estim\u00e9e\" \/>\n\t<meta name=\"twitter:data2\" content=\"4 minutes\" \/>\n<script type=\"application\/ld+json\" class=\"yoast-schema-graph\">{\"@context\":\"https:\/\/schema.org\",\"@graph\":[{\"@type\":\"Article\",\"@id\":\"https:\/\/kapitalis.com\/tunisie\/2024\/02\/09\/a-lapproche-des-elections-la-sante-mentale-de-biden-inquiete-de-plus-en-plus\/#article\",\"isPartOf\":{\"@id\":\"https:\/\/kapitalis.com\/tunisie\/2024\/02\/09\/a-lapproche-des-elections-la-sante-mentale-de-biden-inquiete-de-plus-en-plus\/\"},\"author\":{\"name\":\"webmaster kapitalis\",\"@id\":\"https:\/\/kapitalis.com\/tunisie\/#\/schema\/person\/d71f33a9ca44f7bad4698210b480c8e9\"},\"headline\":\"\u00c0 l\u2019approche des \u00e9lections, la sant\u00e9 mentale de Biden inqui\u00e8te de plus en plus\",\"datePublished\":\"2024-02-09T06:10:47+00:00\",\"dateModified\":\"2024-02-09T06:10:48+00:00\",\"mainEntityOfPage\":{\"@id\":\"https:\/\/kapitalis.com\/tunisie\/2024\/02\/09\/a-lapproche-des-elections-la-sante-mentale-de-biden-inquiete-de-plus-en-plus\/\"},\"wordCount\":802,\"commentCount\":0,\"publisher\":{\"@id\":\"https:\/\/kapitalis.com\/tunisie\/#organization\"},\"image\":{\"@id\":\"https:\/\/kapitalis.com\/tunisie\/2024\/02\/09\/a-lapproche-des-elections-la-sante-mentale-de-biden-inquiete-de-plus-en-plus\/#primaryimage\"},\"thumbnailUrl\":\"https:\/\/kapitalis.com\/tunisie\/wp-content\/uploads\/2024\/02\/Joe-Biden.jpg\",\"keywords\":[\"Donald Trump\",\"Emmanuel Macron\",\"Etats-Unis\",\"Fran\u00e7ois Mitterrand\",\"Helmut Kohl\",\"Joe Biden\",\"Kamala Harris\",\"Parti d\u00e9mocrate\",\"Parti r\u00e9publicain\"],\"articleSection\":[\"A LA UNE\",\"POLITIQUE\",\"Tunisie\"],\"inLanguage\":\"fr-FR\",\"potentialAction\":[{\"@type\":\"CommentAction\",\"name\":\"Comment\",\"target\":[\"https:\/\/kapitalis.com\/tunisie\/2024\/02\/09\/a-lapproche-des-elections-la-sante-mentale-de-biden-inquiete-de-plus-en-plus\/#respond\"]}]},{\"@type\":\"WebPage\",\"@id\":\"https:\/\/kapitalis.com\/tunisie\/2024\/02\/09\/a-lapproche-des-elections-la-sante-mentale-de-biden-inquiete-de-plus-en-plus\/\",\"url\":\"https:\/\/kapitalis.com\/tunisie\/2024\/02\/09\/a-lapproche-des-elections-la-sante-mentale-de-biden-inquiete-de-plus-en-plus\/\",\"name\":\"\u00c0 l\u2019approche des \u00e9lections, la sant\u00e9 mentale de Biden inqui\u00e8te de plus en plus - Kapitalis\",\"isPartOf\":{\"@id\":\"https:\/\/kapitalis.com\/tunisie\/#website\"},\"primaryImageOfPage\":{\"@id\":\"https:\/\/kapitalis.com\/tunisie\/2024\/02\/09\/a-lapproche-des-elections-la-sante-mentale-de-biden-inquiete-de-plus-en-plus\/#primaryimage\"},\"image\":{\"@id\":\"https:\/\/kapitalis.com\/tunisie\/2024\/02\/09\/a-lapproche-des-elections-la-sante-mentale-de-biden-inquiete-de-plus-en-plus\/#primaryimage\"},\"thumbnailUrl\":\"https:\/\/kapitalis.com\/tunisie\/wp-content\/uploads\/2024\/02\/Joe-Biden.jpg\",\"datePublished\":\"2024-02-09T06:10:47+00:00\",\"dateModified\":\"2024-02-09T06:10:48+00:00\",\"breadcrumb\":{\"@id\":\"https:\/\/kapitalis.com\/tunisie\/2024\/02\/09\/a-lapproche-des-elections-la-sante-mentale-de-biden-inquiete-de-plus-en-plus\/#breadcrumb\"},\"inLanguage\":\"fr-FR\",\"potentialAction\":[{\"@type\":\"ReadAction\",\"target\":[\"https:\/\/kapitalis.com\/tunisie\/2024\/02\/09\/a-lapproche-des-elections-la-sante-mentale-de-biden-inquiete-de-plus-en-plus\/\"]}]},{\"@type\":\"ImageObject\",\"inLanguage\":\"fr-FR\",\"@id\":\"https:\/\/kapitalis.com\/tunisie\/2024\/02\/09\/a-lapproche-des-elections-la-sante-mentale-de-biden-inquiete-de-plus-en-plus\/#primaryimage\",\"url\":\"https:\/\/kapitalis.com\/tunisie\/wp-content\/uploads\/2024\/02\/Joe-Biden.jpg\",\"contentUrl\":\"https:\/\/kapitalis.com\/tunisie\/wp-content\/uploads\/2024\/02\/Joe-Biden.jpg\",\"width\":1200,\"height\":630},{\"@type\":\"BreadcrumbList\",\"@id\":\"https:\/\/kapitalis.com\/tunisie\/2024\/02\/09\/a-lapproche-des-elections-la-sante-mentale-de-biden-inquiete-de-plus-en-plus\/#breadcrumb\",\"itemListElement\":[{\"@type\":\"ListItem\",\"position\":1,\"name\":\"Accueil\",\"item\":\"https:\/\/kapitalis.com\/tunisie\/\"},{\"@type\":\"ListItem\",\"position\":2,\"name\":\"\u00c0 l\u2019approche des \u00e9lections, la sant\u00e9 mentale de Biden inqui\u00e8te de plus en plus\"}]},{\"@type\":\"WebSite\",\"@id\":\"https:\/\/kapitalis.com\/tunisie\/#website\",\"url\":\"https:\/\/kapitalis.com\/tunisie\/\",\"name\":\"Kapitalis\",\"description\":\"L&#039;actualit\u00e9 en Tunisie et dans le monde\",\"publisher\":{\"@id\":\"https:\/\/kapitalis.com\/tunisie\/#organization\"},\"potentialAction\":[{\"@type\":\"SearchAction\",\"target\":{\"@type\":\"EntryPoint\",\"urlTemplate\":\"https:\/\/kapitalis.com\/tunisie\/?s={search_term_string}\"},\"query-input\":{\"@type\":\"PropertyValueSpecification\",\"valueRequired\":true,\"valueName\":\"search_term_string\"}}],\"inLanguage\":\"fr-FR\"},{\"@type\":\"Organization\",\"@id\":\"https:\/\/kapitalis.com\/tunisie\/#organization\",\"name\":\"Kapitalis\",\"url\":\"https:\/\/kapitalis.com\/tunisie\/\",\"logo\":{\"@type\":\"ImageObject\",\"inLanguage\":\"fr-FR\",\"@id\":\"https:\/\/kapitalis.com\/tunisie\/#\/schema\/logo\/image\/\",\"url\":\"https:\/\/kapitalis.com\/tunisie\/wp-content\/uploads\/2022\/05\/Kapitalis-big-size.png\",\"contentUrl\":\"https:\/\/kapitalis.com\/tunisie\/wp-content\/uploads\/2022\/05\/Kapitalis-big-size.png\",\"width\":5000,\"height\":1500,\"caption\":\"Kapitalis\"},\"image\":{\"@id\":\"https:\/\/kapitalis.com\/tunisie\/#\/schema\/logo\/image\/\"},\"sameAs\":[\"https:\/\/www.facebook.com\/KapitalisInfo\/\",\"https:\/\/x.com\/KapitalisInfo\",\"https:\/\/www.youtube.com\/channel\/UC-yDYrHyfFBWWZaOw3FPg9Q\"]},{\"@type\":\"Person\",\"@id\":\"https:\/\/kapitalis.com\/tunisie\/#\/schema\/person\/d71f33a9ca44f7bad4698210b480c8e9\",\"name\":\"webmaster kapitalis\",\"url\":\"https:\/\/kapitalis.com\/tunisie\/author\/webmaster-kapitalis\/\"}]}<\/script>\n<!-- \/ Yoast SEO plugin. -->","yoast_head_json":{"title":"\u00c0 l\u2019approche des \u00e9lections, la sant\u00e9 mentale de Biden inqui\u00e8te de plus en plus - Kapitalis","robots":{"index":"index","follow":"follow","max-snippet":"max-snippet:-1","max-image-preview":"max-image-preview:large","max-video-preview":"max-video-preview:-1"},"canonical":"https:\/\/kapitalis.com\/tunisie\/2024\/02\/09\/a-lapproche-des-elections-la-sante-mentale-de-biden-inquiete-de-plus-en-plus\/","og_locale":"fr_FR","og_type":"article","og_title":"\u00c0 l\u2019approche des \u00e9lections, la sant\u00e9 mentale de Biden inqui\u00e8te de plus en plus - Kapitalis","og_description":"Quand le pr\u00e9sident am\u00e9ricain Joe Biden confond entre un dirigeant europ\u00e9en en exercice et l\u2019un de ses pr\u00e9d\u00e9cesseurs d\u00e9c\u00e9d\u00e9s.","og_url":"https:\/\/kapitalis.com\/tunisie\/2024\/02\/09\/a-lapproche-des-elections-la-sante-mentale-de-biden-inquiete-de-plus-en-plus\/","og_site_name":"Kapitalis","article_publisher":"https:\/\/www.facebook.com\/KapitalisInfo\/","article_published_time":"2024-02-09T06:10:47+00:00","article_modified_time":"2024-02-09T06:10:48+00:00","og_image":[{"width":1200,"height":630,"url":"https:\/\/kapitalis.com\/tunisie\/wp-content\/uploads\/2024\/02\/Joe-Biden.jpg","type":"image\/jpeg"}],"author":"webmaster kapitalis","twitter_card":"summary_large_image","twitter_creator":"@KapitalisInfo","twitter_site":"@KapitalisInfo","twitter_misc":{"\u00c9crit par":"webmaster kapitalis","Dur\u00e9e de lecture estim\u00e9e":"4 minutes"},"schema":{"@context":"https:\/\/schema.org","@graph":[{"@type":"Article","@id":"https:\/\/kapitalis.com\/tunisie\/2024\/02\/09\/a-lapproche-des-elections-la-sante-mentale-de-biden-inquiete-de-plus-en-plus\/#article","isPartOf":{"@id":"https:\/\/kapitalis.com\/tunisie\/2024\/02\/09\/a-lapproche-des-elections-la-sante-mentale-de-biden-inquiete-de-plus-en-plus\/"},"author":{"name":"webmaster kapitalis","@id":"https:\/\/kapitalis.com\/tunisie\/#\/schema\/person\/d71f33a9ca44f7bad4698210b480c8e9"},"headline":"\u00c0 l\u2019approche des \u00e9lections, la sant\u00e9 mentale de Biden inqui\u00e8te de plus en plus","datePublished":"2024-02-09T06:10:47+00:00","dateModified":"2024-02-09T06:10:48+00:00","mainEntityOfPage":{"@id":"https:\/\/kapitalis.com\/tunisie\/2024\/02\/09\/a-lapproche-des-elections-la-sante-mentale-de-biden-inquiete-de-plus-en-plus\/"},"wordCount":802,"commentCount":0,"publisher":{"@id":"https:\/\/kapitalis.com\/tunisie\/#organization"},"image":{"@id":"https:\/\/kapitalis.com\/tunisie\/2024\/02\/09\/a-lapproche-des-elections-la-sante-mentale-de-biden-inquiete-de-plus-en-plus\/#primaryimage"},"thumbnailUrl":"https:\/\/kapitalis.com\/tunisie\/wp-content\/uploads\/2024\/02\/Joe-Biden.jpg","keywords":["Donald Trump","Emmanuel Macron","Etats-Unis","Fran\u00e7ois Mitterrand","Helmut Kohl","Joe Biden","Kamala Harris","Parti d\u00e9mocrate","Parti r\u00e9publicain"],"articleSection":["A LA UNE","POLITIQUE","Tunisie"],"inLanguage":"fr-FR","potentialAction":[{"@type":"CommentAction","name":"Comment","target":["https:\/\/kapitalis.com\/tunisie\/2024\/02\/09\/a-lapproche-des-elections-la-sante-mentale-de-biden-inquiete-de-plus-en-plus\/#respond"]}]},{"@type":"WebPage","@id":"https:\/\/kapitalis.com\/tunisie\/2024\/02\/09\/a-lapproche-des-elections-la-sante-mentale-de-biden-inquiete-de-plus-en-plus\/","url":"https:\/\/kapitalis.com\/tunisie\/2024\/02\/09\/a-lapproche-des-elections-la-sante-mentale-de-biden-inquiete-de-plus-en-plus\/","name":"\u00c0 l\u2019approche des \u00e9lections, la sant\u00e9 mentale de Biden inqui\u00e8te de plus en plus - Kapitalis","isPartOf":{"@id":"https:\/\/kapitalis.com\/tunisie\/#website"},"primaryImageOfPage":{"@id":"https:\/\/kapitalis.com\/tunisie\/2024\/02\/09\/a-lapproche-des-elections-la-sante-mentale-de-biden-inquiete-de-plus-en-plus\/#primaryimage"},"image":{"@id":"https:\/\/kapitalis.com\/tunisie\/2024\/02\/09\/a-lapproche-des-elections-la-sante-mentale-de-biden-inquiete-de-plus-en-plus\/#primaryimage"},"thumbnailUrl":"https:\/\/kapitalis.com\/tunisie\/wp-content\/uploads\/2024\/02\/Joe-Biden.jpg","datePublished":"2024-02-09T06:10:47+00:00","dateModified":"2024-02-09T06:10:48+00:00","breadcrumb":{"@id":"https:\/\/kapitalis.com\/tunisie\/2024\/02\/09\/a-lapproche-des-elections-la-sante-mentale-de-biden-inquiete-de-plus-en-plus\/#breadcrumb"},"inLanguage":"fr-FR","potentialAction":[{"@type":"ReadAction","target":["https:\/\/kapitalis.com\/tunisie\/2024\/02\/09\/a-lapproche-des-elections-la-sante-mentale-de-biden-inquiete-de-plus-en-plus\/"]}]},{"@type":"ImageObject","inLanguage":"fr-FR","@id":"https:\/\/kapitalis.com\/tunisie\/2024\/02\/09\/a-lapproche-des-elections-la-sante-mentale-de-biden-inquiete-de-plus-en-plus\/#primaryimage","url":"https:\/\/kapitalis.com\/tunisie\/wp-content\/uploads\/2024\/02\/Joe-Biden.jpg","contentUrl":"https:\/\/kapitalis.com\/tunisie\/wp-content\/uploads\/2024\/02\/Joe-Biden.jpg","width":1200,"height":630},{"@type":"BreadcrumbList","@id":"https:\/\/kapitalis.com\/tunisie\/2024\/02\/09\/a-lapproche-des-elections-la-sante-mentale-de-biden-inquiete-de-plus-en-plus\/#breadcrumb","itemListElement":[{"@type":"ListItem","position":1,"name":"Accueil","item":"https:\/\/kapitalis.com\/tunisie\/"},{"@type":"ListItem","position":2,"name":"\u00c0 l\u2019approche des \u00e9lections, la sant\u00e9 mentale de Biden inqui\u00e8te de plus en plus"}]},{"@type":"WebSite","@id":"https:\/\/kapitalis.com\/tunisie\/#website","url":"https:\/\/kapitalis.com\/tunisie\/","name":"Kapitalis","description":"L&#039;actualit\u00e9 en Tunisie et dans le monde","publisher":{"@id":"https:\/\/kapitalis.com\/tunisie\/#organization"},"potentialAction":[{"@type":"SearchAction","target":{"@type":"EntryPoint","urlTemplate":"https:\/\/kapitalis.com\/tunisie\/?s={search_term_string}"},"query-input":{"@type":"PropertyValueSpecification","valueRequired":true,"valueName":"search_term_string"}}],"inLanguage":"fr-FR"},{"@type":"Organization","@id":"https:\/\/kapitalis.com\/tunisie\/#organization","name":"Kapitalis","url":"https:\/\/kapitalis.com\/tunisie\/","logo":{"@type":"ImageObject","inLanguage":"fr-FR","@id":"https:\/\/kapitalis.com\/tunisie\/#\/schema\/logo\/image\/","url":"https:\/\/kapitalis.com\/tunisie\/wp-content\/uploads\/2022\/05\/Kapitalis-big-size.png","contentUrl":"https:\/\/kapitalis.com\/tunisie\/wp-content\/uploads\/2022\/05\/Kapitalis-big-size.png","width":5000,"height":1500,"caption":"Kapitalis"},"image":{"@id":"https:\/\/kapitalis.com\/tunisie\/#\/schema\/logo\/image\/"},"sameAs":["https:\/\/www.facebook.com\/KapitalisInfo\/","https:\/\/x.com\/KapitalisInfo","https:\/\/www.youtube.com\/channel\/UC-yDYrHyfFBWWZaOw3FPg9Q"]},{"@type":"Person","@id":"https:\/\/kapitalis.com\/tunisie\/#\/schema\/person\/d71f33a9ca44f7bad4698210b480c8e9","name":"webmaster kapitalis","url":"https:\/\/kapitalis.com\/tunisie\/author\/webmaster-kapitalis\/"}]}},"_links":{"self":[{"href":"https:\/\/kapitalis.com\/tunisie\/wp-json\/wp\/v2\/posts\/11561892","targetHints":{"allow":["GET"]}}],"collection":[{"href":"https:\/\/kapitalis.com\/tunisie\/wp-json\/wp\/v2\/posts"}],"about":[{"href":"https:\/\/kapitalis.com\/tunisie\/wp-json\/wp\/v2\/types\/post"}],"author":[{"embeddable":true,"href":"https:\/\/kapitalis.com\/tunisie\/wp-json\/wp\/v2\/users\/8"}],"replies":[{"embeddable":true,"href":"https:\/\/kapitalis.com\/tunisie\/wp-json\/wp\/v2\/comments?post=11561892"}],"version-history":[{"count":1,"href":"https:\/\/kapitalis.com\/tunisie\/wp-json\/wp\/v2\/posts\/11561892\/revisions"}],"predecessor-version":[{"id":11562094,"href":"https:\/\/kapitalis.com\/tunisie\/wp-json\/wp\/v2\/posts\/11561892\/revisions\/11562094"}],"wp:featuredmedia":[{"embeddable":true,"href":"https:\/\/kapitalis.com\/tunisie\/wp-json\/wp\/v2\/media\/11562021"}],"wp:attachment":[{"href":"https:\/\/kapitalis.com\/tunisie\/wp-json\/wp\/v2\/media?parent=11561892"}],"wp:term":[{"taxonomy":"category","embeddable":true,"href":"https:\/\/kapitalis.com\/tunisie\/wp-json\/wp\/v2\/categories?post=11561892"},{"taxonomy":"post_tag","embeddable":true,"href":"https:\/\/kapitalis.com\/tunisie\/wp-json\/wp\/v2\/tags?post=11561892"}],"curies":[{"name":"wp","href":"https:\/\/api.w.org\/{rel}","templated":true}]}}