{"id":11562482,"date":"2024-02-09T07:43:55","date_gmt":"2024-02-09T06:43:55","guid":{"rendered":"https:\/\/kapitalis.com\/tunisie\/?p=11562482"},"modified":"2024-02-09T07:43:56","modified_gmt":"2024-02-09T06:43:56","slug":"les-entreprises-tunisiennes-appelees-a-participer-au-salon-international-plma","status":"publish","type":"post","link":"https:\/\/kapitalis.com\/tunisie\/2024\/02\/09\/les-entreprises-tunisiennes-appelees-a-participer-au-salon-international-plma\/","title":{"rendered":"Les entreprises tunisiennes appel\u00e9es \u00e0 participer au salon international PLMA"},"content":{"rendered":"\n<p><strong><em>Le Centre de promotion des exportations (Cepex) a appel\u00e9 les entreprises tunisiennes souhaitant participer au Salon international PLMA : World Private Label, \u00e0 soumettre leurs formulaires de participation via la plateforme E-Cepex, sur <a href=\"https:\/\/www.e-cepex.tn\/c\/foires-et-salons\/details\/220\" target=\"_blank\" rel=\"noreferrer noopener\">ce lien<\/a>, au plus tard le 20 f\u00e9vrier 2024.<\/em><\/strong><\/p>\n\n\n\n<!--more-->\n\n\n\n<p>Le salon PLMA : World Private Label, qui se tiendra \u00e0 Amsterdam (Pays-Bas), du 28 au 29 mai 2024.<\/p>\n\n\n\n<p>En 2023, l\u2019\u00e9v\u00e9nement a r\u00e9uni 16 430 visiteurs de 126 pays et 2 678 exposants.<\/p>\n\n\n\n<p>Depuis plus de 35 ans, le salon PLMA rassemble d\u00e9taillants, grossistes et autres professionnels de la marque distributeur avec les fabricants pour les aider \u00e0 trouver de nouveaux produits et fournisseurs, reconfirmer les partenariats existants, identifier les nouveaux d\u00e9veloppements, tenir des r\u00e9unions strat\u00e9giques et planifier leurs projets priv\u00e9s et feuilles de route du label pour l\u2019ann\u00e9e \u00e0 venir.<\/p>\n","protected":false},"excerpt":{"rendered":"<p>Les entreprises tunisiennes appel\u00e9es \u00e0 participer au Salon international PLMA : World Private Label, \u00e0 Amsterdam. <\/p>\n","protected":false},"author":8,"featured_media":11562503,"comment_status":"open","ping_status":"open","sticky":false,"template":"","format":"standard","meta":{"footnotes":""},"categories":[995,2433],"tags":[18547,1575,1595,700,113860],"class_list":["post-11562482","post","type-post","status-publish","format-standard","has-post-thumbnail","hentry","category-economie","category-tunisie","tag-amsterdam","tag-cepex","tag-entreprises-tunisiennes","tag-pays-bas","tag-plma-world-private-label"],"yoast_head":"<!-- This site is optimized with the Yoast SEO plugin v26.6 - https:\/\/yoast.com\/wordpress\/plugins\/seo\/ -->\n<title>Les entreprises tunisiennes appel\u00e9es \u00e0 participer au salon international PLMA - Kapitalis<\/title>\n<meta name=\"robots\" content=\"index, follow, max-snippet:-1, max-image-preview:large, max-video-preview:-1\" \/>\n<link rel=\"canonical\" href=\"https:\/\/kapitalis.com\/tunisie\/2024\/02\/09\/les-entreprises-tunisiennes-appelees-a-participer-au-salon-international-plma\/\" \/>\n<meta property=\"og:locale\" content=\"fr_FR\" \/>\n<meta property=\"og:type\" content=\"article\" \/>\n<meta property=\"og:title\" content=\"Les entreprises tunisiennes appel\u00e9es \u00e0 participer au salon international PLMA - Kapitalis\" \/>\n<meta property=\"og:description\" content=\"Les entreprises tunisiennes appel\u00e9es \u00e0 participer au Salon international PLMA : World Private Label, \u00e0 Amsterdam.\" \/>\n<meta property=\"og:url\" content=\"https:\/\/kapitalis.com\/tunisie\/2024\/02\/09\/les-entreprises-tunisiennes-appelees-a-participer-au-salon-international-plma\/\" \/>\n<meta property=\"og:site_name\" content=\"Kapitalis\" \/>\n<meta property=\"article:publisher\" content=\"https:\/\/www.facebook.com\/KapitalisInfo\/\" \/>\n<meta property=\"article:published_time\" content=\"2024-02-09T06:43:55+00:00\" \/>\n<meta property=\"article:modified_time\" content=\"2024-02-09T06:43:56+00:00\" \/>\n<meta property=\"og:image\" content=\"https:\/\/kapitalis.com\/tunisie\/wp-content\/uploads\/2024\/02\/Salon-PLMA.jpg\" \/>\n\t<meta property=\"og:image:width\" content=\"1200\" \/>\n\t<meta property=\"og:image:height\" content=\"630\" \/>\n\t<meta property=\"og:image:type\" content=\"image\/jpeg\" \/>\n<meta name=\"author\" content=\"webmaster kapitalis\" \/>\n<meta name=\"twitter:card\" content=\"summary_large_image\" \/>\n<meta name=\"twitter:creator\" content=\"@KapitalisInfo\" \/>\n<meta name=\"twitter:site\" content=\"@KapitalisInfo\" \/>\n<meta name=\"twitter:label1\" content=\"\u00c9crit par\" \/>\n\t<meta name=\"twitter:data1\" content=\"webmaster kapitalis\" \/>\n\t<meta name=\"twitter:label2\" content=\"Dur\u00e9e de lecture estim\u00e9e\" \/>\n\t<meta name=\"twitter:data2\" content=\"1 minute\" \/>\n<script type=\"application\/ld+json\" class=\"yoast-schema-graph\">{\"@context\":\"https:\/\/schema.org\",\"@graph\":[{\"@type\":\"Article\",\"@id\":\"https:\/\/kapitalis.com\/tunisie\/2024\/02\/09\/les-entreprises-tunisiennes-appelees-a-participer-au-salon-international-plma\/#article\",\"isPartOf\":{\"@id\":\"https:\/\/kapitalis.com\/tunisie\/2024\/02\/09\/les-entreprises-tunisiennes-appelees-a-participer-au-salon-international-plma\/\"},\"author\":{\"name\":\"webmaster kapitalis\",\"@id\":\"https:\/\/kapitalis.com\/tunisie\/#\/schema\/person\/d71f33a9ca44f7bad4698210b480c8e9\"},\"headline\":\"Les entreprises tunisiennes appel\u00e9es \u00e0 participer au salon international PLMA\",\"datePublished\":\"2024-02-09T06:43:55+00:00\",\"dateModified\":\"2024-02-09T06:43:56+00:00\",\"mainEntityOfPage\":{\"@id\":\"https:\/\/kapitalis.com\/tunisie\/2024\/02\/09\/les-entreprises-tunisiennes-appelees-a-participer-au-salon-international-plma\/\"},\"wordCount\":137,\"commentCount\":0,\"publisher\":{\"@id\":\"https:\/\/kapitalis.com\/tunisie\/#organization\"},\"image\":{\"@id\":\"https:\/\/kapitalis.com\/tunisie\/2024\/02\/09\/les-entreprises-tunisiennes-appelees-a-participer-au-salon-international-plma\/#primaryimage\"},\"thumbnailUrl\":\"https:\/\/kapitalis.com\/tunisie\/wp-content\/uploads\/2024\/02\/Salon-PLMA.jpg\",\"keywords\":[\"Amsterdam\",\"Cepex\",\"entreprises tunisiennes\",\"Pays-Bas\",\"PLMA : World Private Label\"],\"articleSection\":[\"ECONOMIE\",\"Tunisie\"],\"inLanguage\":\"fr-FR\",\"potentialAction\":[{\"@type\":\"CommentAction\",\"name\":\"Comment\",\"target\":[\"https:\/\/kapitalis.com\/tunisie\/2024\/02\/09\/les-entreprises-tunisiennes-appelees-a-participer-au-salon-international-plma\/#respond\"]}]},{\"@type\":\"WebPage\",\"@id\":\"https:\/\/kapitalis.com\/tunisie\/2024\/02\/09\/les-entreprises-tunisiennes-appelees-a-participer-au-salon-international-plma\/\",\"url\":\"https:\/\/kapitalis.com\/tunisie\/2024\/02\/09\/les-entreprises-tunisiennes-appelees-a-participer-au-salon-international-plma\/\",\"name\":\"Les entreprises tunisiennes appel\u00e9es \u00e0 participer au salon international PLMA - Kapitalis\",\"isPartOf\":{\"@id\":\"https:\/\/kapitalis.com\/tunisie\/#website\"},\"primaryImageOfPage\":{\"@id\":\"https:\/\/kapitalis.com\/tunisie\/2024\/02\/09\/les-entreprises-tunisiennes-appelees-a-participer-au-salon-international-plma\/#primaryimage\"},\"image\":{\"@id\":\"https:\/\/kapitalis.com\/tunisie\/2024\/02\/09\/les-entreprises-tunisiennes-appelees-a-participer-au-salon-international-plma\/#primaryimage\"},\"thumbnailUrl\":\"https:\/\/kapitalis.com\/tunisie\/wp-content\/uploads\/2024\/02\/Salon-PLMA.jpg\",\"datePublished\":\"2024-02-09T06:43:55+00:00\",\"dateModified\":\"2024-02-09T06:43:56+00:00\",\"breadcrumb\":{\"@id\":\"https:\/\/kapitalis.com\/tunisie\/2024\/02\/09\/les-entreprises-tunisiennes-appelees-a-participer-au-salon-international-plma\/#breadcrumb\"},\"inLanguage\":\"fr-FR\",\"potentialAction\":[{\"@type\":\"ReadAction\",\"target\":[\"https:\/\/kapitalis.com\/tunisie\/2024\/02\/09\/les-entreprises-tunisiennes-appelees-a-participer-au-salon-international-plma\/\"]}]},{\"@type\":\"ImageObject\",\"inLanguage\":\"fr-FR\",\"@id\":\"https:\/\/kapitalis.com\/tunisie\/2024\/02\/09\/les-entreprises-tunisiennes-appelees-a-participer-au-salon-international-plma\/#primaryimage\",\"url\":\"https:\/\/kapitalis.com\/tunisie\/wp-content\/uploads\/2024\/02\/Salon-PLMA.jpg\",\"contentUrl\":\"https:\/\/kapitalis.com\/tunisie\/wp-content\/uploads\/2024\/02\/Salon-PLMA.jpg\",\"width\":1200,\"height\":630},{\"@type\":\"BreadcrumbList\",\"@id\":\"https:\/\/kapitalis.com\/tunisie\/2024\/02\/09\/les-entreprises-tunisiennes-appelees-a-participer-au-salon-international-plma\/#breadcrumb\",\"itemListElement\":[{\"@type\":\"ListItem\",\"position\":1,\"name\":\"Accueil\",\"item\":\"https:\/\/kapitalis.com\/tunisie\/\"},{\"@type\":\"ListItem\",\"position\":2,\"name\":\"Les entreprises tunisiennes appel\u00e9es \u00e0 participer au salon international PLMA\"}]},{\"@type\":\"WebSite\",\"@id\":\"https:\/\/kapitalis.com\/tunisie\/#website\",\"url\":\"https:\/\/kapitalis.com\/tunisie\/\",\"name\":\"Kapitalis\",\"description\":\"L&#039;actualit\u00e9 en Tunisie et dans le monde\",\"publisher\":{\"@id\":\"https:\/\/kapitalis.com\/tunisie\/#organization\"},\"potentialAction\":[{\"@type\":\"SearchAction\",\"target\":{\"@type\":\"EntryPoint\",\"urlTemplate\":\"https:\/\/kapitalis.com\/tunisie\/?s={search_term_string}\"},\"query-input\":{\"@type\":\"PropertyValueSpecification\",\"valueRequired\":true,\"valueName\":\"search_term_string\"}}],\"inLanguage\":\"fr-FR\"},{\"@type\":\"Organization\",\"@id\":\"https:\/\/kapitalis.com\/tunisie\/#organization\",\"name\":\"Kapitalis\",\"url\":\"https:\/\/kapitalis.com\/tunisie\/\",\"logo\":{\"@type\":\"ImageObject\",\"inLanguage\":\"fr-FR\",\"@id\":\"https:\/\/kapitalis.com\/tunisie\/#\/schema\/logo\/image\/\",\"url\":\"https:\/\/kapitalis.com\/tunisie\/wp-content\/uploads\/2022\/05\/Kapitalis-big-size.png\",\"contentUrl\":\"https:\/\/kapitalis.com\/tunisie\/wp-content\/uploads\/2022\/05\/Kapitalis-big-size.png\",\"width\":5000,\"height\":1500,\"caption\":\"Kapitalis\"},\"image\":{\"@id\":\"https:\/\/kapitalis.com\/tunisie\/#\/schema\/logo\/image\/\"},\"sameAs\":[\"https:\/\/www.facebook.com\/KapitalisInfo\/\",\"https:\/\/x.com\/KapitalisInfo\",\"https:\/\/www.youtube.com\/channel\/UC-yDYrHyfFBWWZaOw3FPg9Q\"]},{\"@type\":\"Person\",\"@id\":\"https:\/\/kapitalis.com\/tunisie\/#\/schema\/person\/d71f33a9ca44f7bad4698210b480c8e9\",\"name\":\"webmaster kapitalis\",\"url\":\"https:\/\/kapitalis.com\/tunisie\/author\/webmaster-kapitalis\/\"}]}<\/script>\n<!-- \/ Yoast SEO plugin. -->","yoast_head_json":{"title":"Les entreprises tunisiennes appel\u00e9es \u00e0 participer au salon international PLMA - Kapitalis","robots":{"index":"index","follow":"follow","max-snippet":"max-snippet:-1","max-image-preview":"max-image-preview:large","max-video-preview":"max-video-preview:-1"},"canonical":"https:\/\/kapitalis.com\/tunisie\/2024\/02\/09\/les-entreprises-tunisiennes-appelees-a-participer-au-salon-international-plma\/","og_locale":"fr_FR","og_type":"article","og_title":"Les entreprises tunisiennes appel\u00e9es \u00e0 participer au salon international PLMA - Kapitalis","og_description":"Les entreprises tunisiennes appel\u00e9es \u00e0 participer au Salon international PLMA : World Private Label, \u00e0 Amsterdam.","og_url":"https:\/\/kapitalis.com\/tunisie\/2024\/02\/09\/les-entreprises-tunisiennes-appelees-a-participer-au-salon-international-plma\/","og_site_name":"Kapitalis","article_publisher":"https:\/\/www.facebook.com\/KapitalisInfo\/","article_published_time":"2024-02-09T06:43:55+00:00","article_modified_time":"2024-02-09T06:43:56+00:00","og_image":[{"width":1200,"height":630,"url":"https:\/\/kapitalis.com\/tunisie\/wp-content\/uploads\/2024\/02\/Salon-PLMA.jpg","type":"image\/jpeg"}],"author":"webmaster kapitalis","twitter_card":"summary_large_image","twitter_creator":"@KapitalisInfo","twitter_site":"@KapitalisInfo","twitter_misc":{"\u00c9crit par":"webmaster kapitalis","Dur\u00e9e de lecture estim\u00e9e":"1 minute"},"schema":{"@context":"https:\/\/schema.org","@graph":[{"@type":"Article","@id":"https:\/\/kapitalis.com\/tunisie\/2024\/02\/09\/les-entreprises-tunisiennes-appelees-a-participer-au-salon-international-plma\/#article","isPartOf":{"@id":"https:\/\/kapitalis.com\/tunisie\/2024\/02\/09\/les-entreprises-tunisiennes-appelees-a-participer-au-salon-international-plma\/"},"author":{"name":"webmaster kapitalis","@id":"https:\/\/kapitalis.com\/tunisie\/#\/schema\/person\/d71f33a9ca44f7bad4698210b480c8e9"},"headline":"Les entreprises tunisiennes appel\u00e9es \u00e0 participer au salon international PLMA","datePublished":"2024-02-09T06:43:55+00:00","dateModified":"2024-02-09T06:43:56+00:00","mainEntityOfPage":{"@id":"https:\/\/kapitalis.com\/tunisie\/2024\/02\/09\/les-entreprises-tunisiennes-appelees-a-participer-au-salon-international-plma\/"},"wordCount":137,"commentCount":0,"publisher":{"@id":"https:\/\/kapitalis.com\/tunisie\/#organization"},"image":{"@id":"https:\/\/kapitalis.com\/tunisie\/2024\/02\/09\/les-entreprises-tunisiennes-appelees-a-participer-au-salon-international-plma\/#primaryimage"},"thumbnailUrl":"https:\/\/kapitalis.com\/tunisie\/wp-content\/uploads\/2024\/02\/Salon-PLMA.jpg","keywords":["Amsterdam","Cepex","entreprises tunisiennes","Pays-Bas","PLMA : World Private Label"],"articleSection":["ECONOMIE","Tunisie"],"inLanguage":"fr-FR","potentialAction":[{"@type":"CommentAction","name":"Comment","target":["https:\/\/kapitalis.com\/tunisie\/2024\/02\/09\/les-entreprises-tunisiennes-appelees-a-participer-au-salon-international-plma\/#respond"]}]},{"@type":"WebPage","@id":"https:\/\/kapitalis.com\/tunisie\/2024\/02\/09\/les-entreprises-tunisiennes-appelees-a-participer-au-salon-international-plma\/","url":"https:\/\/kapitalis.com\/tunisie\/2024\/02\/09\/les-entreprises-tunisiennes-appelees-a-participer-au-salon-international-plma\/","name":"Les entreprises tunisiennes appel\u00e9es \u00e0 participer au salon international PLMA - Kapitalis","isPartOf":{"@id":"https:\/\/kapitalis.com\/tunisie\/#website"},"primaryImageOfPage":{"@id":"https:\/\/kapitalis.com\/tunisie\/2024\/02\/09\/les-entreprises-tunisiennes-appelees-a-participer-au-salon-international-plma\/#primaryimage"},"image":{"@id":"https:\/\/kapitalis.com\/tunisie\/2024\/02\/09\/les-entreprises-tunisiennes-appelees-a-participer-au-salon-international-plma\/#primaryimage"},"thumbnailUrl":"https:\/\/kapitalis.com\/tunisie\/wp-content\/uploads\/2024\/02\/Salon-PLMA.jpg","datePublished":"2024-02-09T06:43:55+00:00","dateModified":"2024-02-09T06:43:56+00:00","breadcrumb":{"@id":"https:\/\/kapitalis.com\/tunisie\/2024\/02\/09\/les-entreprises-tunisiennes-appelees-a-participer-au-salon-international-plma\/#breadcrumb"},"inLanguage":"fr-FR","potentialAction":[{"@type":"ReadAction","target":["https:\/\/kapitalis.com\/tunisie\/2024\/02\/09\/les-entreprises-tunisiennes-appelees-a-participer-au-salon-international-plma\/"]}]},{"@type":"ImageObject","inLanguage":"fr-FR","@id":"https:\/\/kapitalis.com\/tunisie\/2024\/02\/09\/les-entreprises-tunisiennes-appelees-a-participer-au-salon-international-plma\/#primaryimage","url":"https:\/\/kapitalis.com\/tunisie\/wp-content\/uploads\/2024\/02\/Salon-PLMA.jpg","contentUrl":"https:\/\/kapitalis.com\/tunisie\/wp-content\/uploads\/2024\/02\/Salon-PLMA.jpg","width":1200,"height":630},{"@type":"BreadcrumbList","@id":"https:\/\/kapitalis.com\/tunisie\/2024\/02\/09\/les-entreprises-tunisiennes-appelees-a-participer-au-salon-international-plma\/#breadcrumb","itemListElement":[{"@type":"ListItem","position":1,"name":"Accueil","item":"https:\/\/kapitalis.com\/tunisie\/"},{"@type":"ListItem","position":2,"name":"Les entreprises tunisiennes appel\u00e9es \u00e0 participer au salon international PLMA"}]},{"@type":"WebSite","@id":"https:\/\/kapitalis.com\/tunisie\/#website","url":"https:\/\/kapitalis.com\/tunisie\/","name":"Kapitalis","description":"L&#039;actualit\u00e9 en Tunisie et dans le monde","publisher":{"@id":"https:\/\/kapitalis.com\/tunisie\/#organization"},"potentialAction":[{"@type":"SearchAction","target":{"@type":"EntryPoint","urlTemplate":"https:\/\/kapitalis.com\/tunisie\/?s={search_term_string}"},"query-input":{"@type":"PropertyValueSpecification","valueRequired":true,"valueName":"search_term_string"}}],"inLanguage":"fr-FR"},{"@type":"Organization","@id":"https:\/\/kapitalis.com\/tunisie\/#organization","name":"Kapitalis","url":"https:\/\/kapitalis.com\/tunisie\/","logo":{"@type":"ImageObject","inLanguage":"fr-FR","@id":"https:\/\/kapitalis.com\/tunisie\/#\/schema\/logo\/image\/","url":"https:\/\/kapitalis.com\/tunisie\/wp-content\/uploads\/2022\/05\/Kapitalis-big-size.png","contentUrl":"https:\/\/kapitalis.com\/tunisie\/wp-content\/uploads\/2022\/05\/Kapitalis-big-size.png","width":5000,"height":1500,"caption":"Kapitalis"},"image":{"@id":"https:\/\/kapitalis.com\/tunisie\/#\/schema\/logo\/image\/"},"sameAs":["https:\/\/www.facebook.com\/KapitalisInfo\/","https:\/\/x.com\/KapitalisInfo","https:\/\/www.youtube.com\/channel\/UC-yDYrHyfFBWWZaOw3FPg9Q"]},{"@type":"Person","@id":"https:\/\/kapitalis.com\/tunisie\/#\/schema\/person\/d71f33a9ca44f7bad4698210b480c8e9","name":"webmaster kapitalis","url":"https:\/\/kapitalis.com\/tunisie\/author\/webmaster-kapitalis\/"}]}},"_links":{"self":[{"href":"https:\/\/kapitalis.com\/tunisie\/wp-json\/wp\/v2\/posts\/11562482","targetHints":{"allow":["GET"]}}],"collection":[{"href":"https:\/\/kapitalis.com\/tunisie\/wp-json\/wp\/v2\/posts"}],"about":[{"href":"https:\/\/kapitalis.com\/tunisie\/wp-json\/wp\/v2\/types\/post"}],"author":[{"embeddable":true,"href":"https:\/\/kapitalis.com\/tunisie\/wp-json\/wp\/v2\/users\/8"}],"replies":[{"embeddable":true,"href":"https:\/\/kapitalis.com\/tunisie\/wp-json\/wp\/v2\/comments?post=11562482"}],"version-history":[{"count":1,"href":"https:\/\/kapitalis.com\/tunisie\/wp-json\/wp\/v2\/posts\/11562482\/revisions"}],"predecessor-version":[{"id":11562536,"href":"https:\/\/kapitalis.com\/tunisie\/wp-json\/wp\/v2\/posts\/11562482\/revisions\/11562536"}],"wp:featuredmedia":[{"embeddable":true,"href":"https:\/\/kapitalis.com\/tunisie\/wp-json\/wp\/v2\/media\/11562503"}],"wp:attachment":[{"href":"https:\/\/kapitalis.com\/tunisie\/wp-json\/wp\/v2\/media?parent=11562482"}],"wp:term":[{"taxonomy":"category","embeddable":true,"href":"https:\/\/kapitalis.com\/tunisie\/wp-json\/wp\/v2\/categories?post=11562482"},{"taxonomy":"post_tag","embeddable":true,"href":"https:\/\/kapitalis.com\/tunisie\/wp-json\/wp\/v2\/tags?post=11562482"}],"curies":[{"name":"wp","href":"https:\/\/api.w.org\/{rel}","templated":true}]}}