{"id":115643,"date":"2017-09-25T14:26:44","date_gmt":"2017-09-25T13:26:44","guid":{"rendered":"http:\/\/kapitalis.com\/tunisie\/?p=115643"},"modified":"2017-09-25T14:28:49","modified_gmt":"2017-09-25T13:28:49","slug":"affaire-jarraya-lazhar-akremi-entendu-comme-temoin","status":"publish","type":"post","link":"https:\/\/kapitalis.com\/tunisie\/2017\/09\/25\/affaire-jarraya-lazhar-akremi-entendu-comme-temoin\/","title":{"rendered":"Affaire Jarraya : Lazhar Akremi entendu comme t\u00e9moin"},"content":{"rendered":"<p style=\"text-align: center;\"><img loading=\"lazy\" decoding=\"async\" class=\"alignnone size-full wp-image-88950\" src=\"http:\/\/kapitalis.com\/tunisie\/wp-content\/uploads\/2017\/03\/Akremi-Jarraya-Toubel.jpg\" alt=\"\" width=\"626\" height=\"380\" \/><\/p>\n<p style=\"text-align: center;\"><em>Chafik Jarraya, LazharAkremi et Sofien Toubel.\u00a0<\/em><\/p>\n<p><em><strong>Lazhar Akremi a \u00e9t\u00e9 entendu comme t\u00e9moin, aujourd&rsquo;hui, lundi 25 septembre 2015, par le juge d&rsquo;instruction pr\u00e8s du tribunal militaire de Tunis, dans l&rsquo;affaire Chafik Jarraya.\u00a0<\/strong><\/em><\/p>\n<p><!--more--><\/p>\n<p>L&rsquo;ancien ministre et ex-dirigeant de Nidaa Tounes fait partie des premi\u00e8res voix qui s&rsquo;\u00e9taient \u00e9lev\u00e9es pour d\u00e9noncer les activit\u00e9s ill\u00e9gales de l&rsquo;affairiste et activiste politique.<\/p>\n<p>Il avait accus\u00e9 Chafik Jarraya d&rsquo;\u00eatre \u00e0 la t\u00eate d&rsquo;un important r\u00e9seau de contrebande, de soudoyer des partis et des responsables politiques, dont il a nomm\u00e9 Sofien Toubel, pr\u00e9sident du bloc parlementaire de Nidaa, et d&rsquo;avoir des liens avec des groupes terroristes bas\u00e9s en Libye.<\/p>\n<p>Chafik Jarraya, qui \u00e9tait proche des deux partis au pouvoir, Nidaa Tounes et Ennahdha, a \u00e9t\u00e9 arr\u00eat\u00e9 le 23 mai dernier dans le cadre de la campagne de la lutte contre la corruption et la contrebande lanc\u00e9e par le chef de gouvernement Youssef Chahed. Mis d&rsquo;abord en r\u00e9sidence surveill\u00e9e, il a \u00e9t\u00e9 ensuite incarc\u00e9r\u00e9 \u00e0 la prison de Mornag.<\/p>\n<p>Outre des affaires de corruption, il est poursuivi par la justice militaire pour trahison, atteinte \u00e0 la s\u00e9curit\u00e9 publique et intelligence avec une arm\u00e9e \u00e9trang\u00e8re, par allusion aux milices islamistes Fajr Libya.<\/p>\n<p>Outre ses activit\u00e9s de contrebande, il est soup\u00e7onn\u00e9 d&rsquo;avoir \u00e9labor\u00e9, avec des parties libyennes, un plan de d\u00e9stabilisation du sud de la Tunisie et d&rsquo;avoir fait entrer des armes dans le pays.<\/p>\n<p style=\"text-align: right;\"><strong>I. B.<\/strong><\/p>\n<blockquote class=\"wp-embedded-content\" data-secret=\"X4UOrW5MwW\"><p><a href=\"https:\/\/kapitalis.com\/tunisie\/2017\/03\/21\/lazhar-akremi-chafik-jarraya-est-lie-a-la-contrebande-et-au-terrorisme\/\">Lazhar Akremi : \u00ab Chafik Jarraya est li\u00e9 \u00e0 la contrebande et au terrorisme\u00bb<\/a><\/p><\/blockquote>\n<p><iframe loading=\"lazy\" class=\"wp-embedded-content\" sandbox=\"allow-scripts\" security=\"restricted\" style=\"position: absolute; clip: rect(1px, 1px, 1px, 1px);\" title=\"\u00ab\u00a0Lazhar Akremi : \u00ab Chafik Jarraya est li\u00e9 \u00e0 la contrebande et au terrorisme\u00bb\u00a0\u00bb &#8212; Kapitalis\" src=\"https:\/\/kapitalis.com\/tunisie\/2017\/03\/21\/lazhar-akremi-chafik-jarraya-est-lie-a-la-contrebande-et-au-terrorisme\/embed\/#?secret=qhH5bmDeAS#?secret=X4UOrW5MwW\" data-secret=\"X4UOrW5MwW\" width=\"600\" height=\"338\" frameborder=\"0\" marginwidth=\"0\" marginheight=\"0\" scrolling=\"no\"><\/iframe><\/p>\n","protected":false},"excerpt":{"rendered":"<p>Chafik Jarraya, LazharAkremi et Sofien Toubel.\u00a0 Lazhar Akremi a \u00e9t\u00e9 entendu comme t\u00e9moin, aujourd&rsquo;hui, lundi 25 septembre 2015, par le juge d&rsquo;instruction pr\u00e8s du tribunal militaire de Tunis, dans l&rsquo;affaire Chafik Jarraya.\u00a0<\/p>\n","protected":false},"author":8,"featured_media":0,"comment_status":"open","ping_status":"open","sticky":false,"template":"","format":"standard","meta":{"footnotes":""},"categories":[997,2433],"tags":[2594,233,536,3094,897],"class_list":["post-115643","post","type-post","status-publish","format-standard","hentry","category-politique","category-tunisie","tag-chafik-jarraya","tag-contrebande","tag-lazhar-akremi","tag-sofien-toubel","tag-terrorisme"],"yoast_head":"<!-- This site is optimized with the Yoast SEO plugin v26.6 - https:\/\/yoast.com\/wordpress\/plugins\/seo\/ -->\n<title>Affaire Jarraya : Lazhar Akremi entendu comme t\u00e9moin - Kapitalis<\/title>\n<meta name=\"robots\" content=\"index, follow, max-snippet:-1, max-image-preview:large, max-video-preview:-1\" \/>\n<link rel=\"canonical\" href=\"https:\/\/kapitalis.com\/tunisie\/2017\/09\/25\/affaire-jarraya-lazhar-akremi-entendu-comme-temoin\/\" \/>\n<meta property=\"og:locale\" content=\"fr_FR\" \/>\n<meta property=\"og:type\" content=\"article\" \/>\n<meta property=\"og:title\" content=\"Affaire Jarraya : Lazhar Akremi entendu comme t\u00e9moin - Kapitalis\" \/>\n<meta property=\"og:description\" content=\"Chafik Jarraya, LazharAkremi et Sofien Toubel.\u00a0 Lazhar Akremi a \u00e9t\u00e9 entendu comme t\u00e9moin, aujourd&rsquo;hui, lundi 25 septembre 2015, par le juge d&rsquo;instruction pr\u00e8s du tribunal militaire de Tunis, dans l&rsquo;affaire Chafik Jarraya.\u00a0\" \/>\n<meta property=\"og:url\" content=\"https:\/\/kapitalis.com\/tunisie\/2017\/09\/25\/affaire-jarraya-lazhar-akremi-entendu-comme-temoin\/\" \/>\n<meta property=\"og:site_name\" content=\"Kapitalis\" \/>\n<meta property=\"article:publisher\" content=\"https:\/\/www.facebook.com\/KapitalisInfo\/\" \/>\n<meta property=\"article:published_time\" content=\"2017-09-25T13:26:44+00:00\" \/>\n<meta property=\"article:modified_time\" content=\"2017-09-25T13:28:49+00:00\" \/>\n<meta property=\"og:image\" content=\"http:\/\/kapitalis.com\/tunisie\/wp-content\/uploads\/2017\/03\/Akremi-Jarraya-Toubel.jpg\" \/>\n<meta name=\"author\" content=\"webmaster kapitalis\" \/>\n<meta name=\"twitter:card\" content=\"summary_large_image\" \/>\n<meta name=\"twitter:creator\" content=\"@KapitalisInfo\" \/>\n<meta name=\"twitter:site\" content=\"@KapitalisInfo\" \/>\n<meta name=\"twitter:label1\" content=\"\u00c9crit par\" \/>\n\t<meta name=\"twitter:data1\" content=\"webmaster kapitalis\" \/>\n\t<meta name=\"twitter:label2\" content=\"Dur\u00e9e de lecture estim\u00e9e\" \/>\n\t<meta name=\"twitter:data2\" content=\"1 minute\" \/>\n<script type=\"application\/ld+json\" class=\"yoast-schema-graph\">{\"@context\":\"https:\/\/schema.org\",\"@graph\":[{\"@type\":\"Article\",\"@id\":\"https:\/\/kapitalis.com\/tunisie\/2017\/09\/25\/affaire-jarraya-lazhar-akremi-entendu-comme-temoin\/#article\",\"isPartOf\":{\"@id\":\"https:\/\/kapitalis.com\/tunisie\/2017\/09\/25\/affaire-jarraya-lazhar-akremi-entendu-comme-temoin\/\"},\"author\":{\"name\":\"webmaster kapitalis\",\"@id\":\"https:\/\/kapitalis.com\/tunisie\/#\/schema\/person\/d71f33a9ca44f7bad4698210b480c8e9\"},\"headline\":\"Affaire Jarraya : Lazhar Akremi entendu comme t\u00e9moin\",\"datePublished\":\"2017-09-25T13:26:44+00:00\",\"dateModified\":\"2017-09-25T13:28:49+00:00\",\"mainEntityOfPage\":{\"@id\":\"https:\/\/kapitalis.com\/tunisie\/2017\/09\/25\/affaire-jarraya-lazhar-akremi-entendu-comme-temoin\/\"},\"wordCount\":258,\"commentCount\":2,\"publisher\":{\"@id\":\"https:\/\/kapitalis.com\/tunisie\/#organization\"},\"image\":{\"@id\":\"https:\/\/kapitalis.com\/tunisie\/2017\/09\/25\/affaire-jarraya-lazhar-akremi-entendu-comme-temoin\/#primaryimage\"},\"thumbnailUrl\":\"http:\/\/kapitalis.com\/tunisie\/wp-content\/uploads\/2017\/03\/Akremi-Jarraya-Toubel.jpg\",\"keywords\":[\"Chafik Jarraya\",\"contrebande\",\"Lazhar Akremi\",\"Sofien Toubel\",\"terrorisme\"],\"articleSection\":[\"POLITIQUE\",\"Tunisie\"],\"inLanguage\":\"fr-FR\",\"potentialAction\":[{\"@type\":\"CommentAction\",\"name\":\"Comment\",\"target\":[\"https:\/\/kapitalis.com\/tunisie\/2017\/09\/25\/affaire-jarraya-lazhar-akremi-entendu-comme-temoin\/#respond\"]}]},{\"@type\":\"WebPage\",\"@id\":\"https:\/\/kapitalis.com\/tunisie\/2017\/09\/25\/affaire-jarraya-lazhar-akremi-entendu-comme-temoin\/\",\"url\":\"https:\/\/kapitalis.com\/tunisie\/2017\/09\/25\/affaire-jarraya-lazhar-akremi-entendu-comme-temoin\/\",\"name\":\"Affaire Jarraya : Lazhar Akremi entendu comme t\u00e9moin - Kapitalis\",\"isPartOf\":{\"@id\":\"https:\/\/kapitalis.com\/tunisie\/#website\"},\"primaryImageOfPage\":{\"@id\":\"https:\/\/kapitalis.com\/tunisie\/2017\/09\/25\/affaire-jarraya-lazhar-akremi-entendu-comme-temoin\/#primaryimage\"},\"image\":{\"@id\":\"https:\/\/kapitalis.com\/tunisie\/2017\/09\/25\/affaire-jarraya-lazhar-akremi-entendu-comme-temoin\/#primaryimage\"},\"thumbnailUrl\":\"http:\/\/kapitalis.com\/tunisie\/wp-content\/uploads\/2017\/03\/Akremi-Jarraya-Toubel.jpg\",\"datePublished\":\"2017-09-25T13:26:44+00:00\",\"dateModified\":\"2017-09-25T13:28:49+00:00\",\"breadcrumb\":{\"@id\":\"https:\/\/kapitalis.com\/tunisie\/2017\/09\/25\/affaire-jarraya-lazhar-akremi-entendu-comme-temoin\/#breadcrumb\"},\"inLanguage\":\"fr-FR\",\"potentialAction\":[{\"@type\":\"ReadAction\",\"target\":[\"https:\/\/kapitalis.com\/tunisie\/2017\/09\/25\/affaire-jarraya-lazhar-akremi-entendu-comme-temoin\/\"]}]},{\"@type\":\"ImageObject\",\"inLanguage\":\"fr-FR\",\"@id\":\"https:\/\/kapitalis.com\/tunisie\/2017\/09\/25\/affaire-jarraya-lazhar-akremi-entendu-comme-temoin\/#primaryimage\",\"url\":\"http:\/\/kapitalis.com\/tunisie\/wp-content\/uploads\/2017\/03\/Akremi-Jarraya-Toubel.jpg\",\"contentUrl\":\"http:\/\/kapitalis.com\/tunisie\/wp-content\/uploads\/2017\/03\/Akremi-Jarraya-Toubel.jpg\"},{\"@type\":\"BreadcrumbList\",\"@id\":\"https:\/\/kapitalis.com\/tunisie\/2017\/09\/25\/affaire-jarraya-lazhar-akremi-entendu-comme-temoin\/#breadcrumb\",\"itemListElement\":[{\"@type\":\"ListItem\",\"position\":1,\"name\":\"Accueil\",\"item\":\"https:\/\/kapitalis.com\/tunisie\/\"},{\"@type\":\"ListItem\",\"position\":2,\"name\":\"Affaire Jarraya : Lazhar Akremi entendu comme t\u00e9moin\"}]},{\"@type\":\"WebSite\",\"@id\":\"https:\/\/kapitalis.com\/tunisie\/#website\",\"url\":\"https:\/\/kapitalis.com\/tunisie\/\",\"name\":\"Kapitalis\",\"description\":\"L&#039;actualit\u00e9 en Tunisie et dans le monde\",\"publisher\":{\"@id\":\"https:\/\/kapitalis.com\/tunisie\/#organization\"},\"potentialAction\":[{\"@type\":\"SearchAction\",\"target\":{\"@type\":\"EntryPoint\",\"urlTemplate\":\"https:\/\/kapitalis.com\/tunisie\/?s={search_term_string}\"},\"query-input\":{\"@type\":\"PropertyValueSpecification\",\"valueRequired\":true,\"valueName\":\"search_term_string\"}}],\"inLanguage\":\"fr-FR\"},{\"@type\":\"Organization\",\"@id\":\"https:\/\/kapitalis.com\/tunisie\/#organization\",\"name\":\"Kapitalis\",\"url\":\"https:\/\/kapitalis.com\/tunisie\/\",\"logo\":{\"@type\":\"ImageObject\",\"inLanguage\":\"fr-FR\",\"@id\":\"https:\/\/kapitalis.com\/tunisie\/#\/schema\/logo\/image\/\",\"url\":\"https:\/\/kapitalis.com\/tunisie\/wp-content\/uploads\/2022\/05\/Kapitalis-big-size.png\",\"contentUrl\":\"https:\/\/kapitalis.com\/tunisie\/wp-content\/uploads\/2022\/05\/Kapitalis-big-size.png\",\"width\":5000,\"height\":1500,\"caption\":\"Kapitalis\"},\"image\":{\"@id\":\"https:\/\/kapitalis.com\/tunisie\/#\/schema\/logo\/image\/\"},\"sameAs\":[\"https:\/\/www.facebook.com\/KapitalisInfo\/\",\"https:\/\/x.com\/KapitalisInfo\",\"https:\/\/www.youtube.com\/channel\/UC-yDYrHyfFBWWZaOw3FPg9Q\"]},{\"@type\":\"Person\",\"@id\":\"https:\/\/kapitalis.com\/tunisie\/#\/schema\/person\/d71f33a9ca44f7bad4698210b480c8e9\",\"name\":\"webmaster kapitalis\",\"url\":\"https:\/\/kapitalis.com\/tunisie\/author\/webmaster-kapitalis\/\"}]}<\/script>\n<!-- \/ Yoast SEO plugin. -->","yoast_head_json":{"title":"Affaire Jarraya : Lazhar Akremi entendu comme t\u00e9moin - Kapitalis","robots":{"index":"index","follow":"follow","max-snippet":"max-snippet:-1","max-image-preview":"max-image-preview:large","max-video-preview":"max-video-preview:-1"},"canonical":"https:\/\/kapitalis.com\/tunisie\/2017\/09\/25\/affaire-jarraya-lazhar-akremi-entendu-comme-temoin\/","og_locale":"fr_FR","og_type":"article","og_title":"Affaire Jarraya : Lazhar Akremi entendu comme t\u00e9moin - Kapitalis","og_description":"Chafik Jarraya, LazharAkremi et Sofien Toubel.\u00a0 Lazhar Akremi a \u00e9t\u00e9 entendu comme t\u00e9moin, aujourd&rsquo;hui, lundi 25 septembre 2015, par le juge d&rsquo;instruction pr\u00e8s du tribunal militaire de Tunis, dans l&rsquo;affaire Chafik Jarraya.\u00a0","og_url":"https:\/\/kapitalis.com\/tunisie\/2017\/09\/25\/affaire-jarraya-lazhar-akremi-entendu-comme-temoin\/","og_site_name":"Kapitalis","article_publisher":"https:\/\/www.facebook.com\/KapitalisInfo\/","article_published_time":"2017-09-25T13:26:44+00:00","article_modified_time":"2017-09-25T13:28:49+00:00","og_image":[{"url":"http:\/\/kapitalis.com\/tunisie\/wp-content\/uploads\/2017\/03\/Akremi-Jarraya-Toubel.jpg","type":"","width":"","height":""}],"author":"webmaster kapitalis","twitter_card":"summary_large_image","twitter_creator":"@KapitalisInfo","twitter_site":"@KapitalisInfo","twitter_misc":{"\u00c9crit par":"webmaster kapitalis","Dur\u00e9e de lecture estim\u00e9e":"1 minute"},"schema":{"@context":"https:\/\/schema.org","@graph":[{"@type":"Article","@id":"https:\/\/kapitalis.com\/tunisie\/2017\/09\/25\/affaire-jarraya-lazhar-akremi-entendu-comme-temoin\/#article","isPartOf":{"@id":"https:\/\/kapitalis.com\/tunisie\/2017\/09\/25\/affaire-jarraya-lazhar-akremi-entendu-comme-temoin\/"},"author":{"name":"webmaster kapitalis","@id":"https:\/\/kapitalis.com\/tunisie\/#\/schema\/person\/d71f33a9ca44f7bad4698210b480c8e9"},"headline":"Affaire Jarraya : Lazhar Akremi entendu comme t\u00e9moin","datePublished":"2017-09-25T13:26:44+00:00","dateModified":"2017-09-25T13:28:49+00:00","mainEntityOfPage":{"@id":"https:\/\/kapitalis.com\/tunisie\/2017\/09\/25\/affaire-jarraya-lazhar-akremi-entendu-comme-temoin\/"},"wordCount":258,"commentCount":2,"publisher":{"@id":"https:\/\/kapitalis.com\/tunisie\/#organization"},"image":{"@id":"https:\/\/kapitalis.com\/tunisie\/2017\/09\/25\/affaire-jarraya-lazhar-akremi-entendu-comme-temoin\/#primaryimage"},"thumbnailUrl":"http:\/\/kapitalis.com\/tunisie\/wp-content\/uploads\/2017\/03\/Akremi-Jarraya-Toubel.jpg","keywords":["Chafik Jarraya","contrebande","Lazhar Akremi","Sofien Toubel","terrorisme"],"articleSection":["POLITIQUE","Tunisie"],"inLanguage":"fr-FR","potentialAction":[{"@type":"CommentAction","name":"Comment","target":["https:\/\/kapitalis.com\/tunisie\/2017\/09\/25\/affaire-jarraya-lazhar-akremi-entendu-comme-temoin\/#respond"]}]},{"@type":"WebPage","@id":"https:\/\/kapitalis.com\/tunisie\/2017\/09\/25\/affaire-jarraya-lazhar-akremi-entendu-comme-temoin\/","url":"https:\/\/kapitalis.com\/tunisie\/2017\/09\/25\/affaire-jarraya-lazhar-akremi-entendu-comme-temoin\/","name":"Affaire Jarraya : Lazhar Akremi entendu comme t\u00e9moin - Kapitalis","isPartOf":{"@id":"https:\/\/kapitalis.com\/tunisie\/#website"},"primaryImageOfPage":{"@id":"https:\/\/kapitalis.com\/tunisie\/2017\/09\/25\/affaire-jarraya-lazhar-akremi-entendu-comme-temoin\/#primaryimage"},"image":{"@id":"https:\/\/kapitalis.com\/tunisie\/2017\/09\/25\/affaire-jarraya-lazhar-akremi-entendu-comme-temoin\/#primaryimage"},"thumbnailUrl":"http:\/\/kapitalis.com\/tunisie\/wp-content\/uploads\/2017\/03\/Akremi-Jarraya-Toubel.jpg","datePublished":"2017-09-25T13:26:44+00:00","dateModified":"2017-09-25T13:28:49+00:00","breadcrumb":{"@id":"https:\/\/kapitalis.com\/tunisie\/2017\/09\/25\/affaire-jarraya-lazhar-akremi-entendu-comme-temoin\/#breadcrumb"},"inLanguage":"fr-FR","potentialAction":[{"@type":"ReadAction","target":["https:\/\/kapitalis.com\/tunisie\/2017\/09\/25\/affaire-jarraya-lazhar-akremi-entendu-comme-temoin\/"]}]},{"@type":"ImageObject","inLanguage":"fr-FR","@id":"https:\/\/kapitalis.com\/tunisie\/2017\/09\/25\/affaire-jarraya-lazhar-akremi-entendu-comme-temoin\/#primaryimage","url":"http:\/\/kapitalis.com\/tunisie\/wp-content\/uploads\/2017\/03\/Akremi-Jarraya-Toubel.jpg","contentUrl":"http:\/\/kapitalis.com\/tunisie\/wp-content\/uploads\/2017\/03\/Akremi-Jarraya-Toubel.jpg"},{"@type":"BreadcrumbList","@id":"https:\/\/kapitalis.com\/tunisie\/2017\/09\/25\/affaire-jarraya-lazhar-akremi-entendu-comme-temoin\/#breadcrumb","itemListElement":[{"@type":"ListItem","position":1,"name":"Accueil","item":"https:\/\/kapitalis.com\/tunisie\/"},{"@type":"ListItem","position":2,"name":"Affaire Jarraya : Lazhar Akremi entendu comme t\u00e9moin"}]},{"@type":"WebSite","@id":"https:\/\/kapitalis.com\/tunisie\/#website","url":"https:\/\/kapitalis.com\/tunisie\/","name":"Kapitalis","description":"L&#039;actualit\u00e9 en Tunisie et dans le monde","publisher":{"@id":"https:\/\/kapitalis.com\/tunisie\/#organization"},"potentialAction":[{"@type":"SearchAction","target":{"@type":"EntryPoint","urlTemplate":"https:\/\/kapitalis.com\/tunisie\/?s={search_term_string}"},"query-input":{"@type":"PropertyValueSpecification","valueRequired":true,"valueName":"search_term_string"}}],"inLanguage":"fr-FR"},{"@type":"Organization","@id":"https:\/\/kapitalis.com\/tunisie\/#organization","name":"Kapitalis","url":"https:\/\/kapitalis.com\/tunisie\/","logo":{"@type":"ImageObject","inLanguage":"fr-FR","@id":"https:\/\/kapitalis.com\/tunisie\/#\/schema\/logo\/image\/","url":"https:\/\/kapitalis.com\/tunisie\/wp-content\/uploads\/2022\/05\/Kapitalis-big-size.png","contentUrl":"https:\/\/kapitalis.com\/tunisie\/wp-content\/uploads\/2022\/05\/Kapitalis-big-size.png","width":5000,"height":1500,"caption":"Kapitalis"},"image":{"@id":"https:\/\/kapitalis.com\/tunisie\/#\/schema\/logo\/image\/"},"sameAs":["https:\/\/www.facebook.com\/KapitalisInfo\/","https:\/\/x.com\/KapitalisInfo","https:\/\/www.youtube.com\/channel\/UC-yDYrHyfFBWWZaOw3FPg9Q"]},{"@type":"Person","@id":"https:\/\/kapitalis.com\/tunisie\/#\/schema\/person\/d71f33a9ca44f7bad4698210b480c8e9","name":"webmaster kapitalis","url":"https:\/\/kapitalis.com\/tunisie\/author\/webmaster-kapitalis\/"}]}},"_links":{"self":[{"href":"https:\/\/kapitalis.com\/tunisie\/wp-json\/wp\/v2\/posts\/115643","targetHints":{"allow":["GET"]}}],"collection":[{"href":"https:\/\/kapitalis.com\/tunisie\/wp-json\/wp\/v2\/posts"}],"about":[{"href":"https:\/\/kapitalis.com\/tunisie\/wp-json\/wp\/v2\/types\/post"}],"author":[{"embeddable":true,"href":"https:\/\/kapitalis.com\/tunisie\/wp-json\/wp\/v2\/users\/8"}],"replies":[{"embeddable":true,"href":"https:\/\/kapitalis.com\/tunisie\/wp-json\/wp\/v2\/comments?post=115643"}],"version-history":[{"count":0,"href":"https:\/\/kapitalis.com\/tunisie\/wp-json\/wp\/v2\/posts\/115643\/revisions"}],"wp:attachment":[{"href":"https:\/\/kapitalis.com\/tunisie\/wp-json\/wp\/v2\/media?parent=115643"}],"wp:term":[{"taxonomy":"category","embeddable":true,"href":"https:\/\/kapitalis.com\/tunisie\/wp-json\/wp\/v2\/categories?post=115643"},{"taxonomy":"post_tag","embeddable":true,"href":"https:\/\/kapitalis.com\/tunisie\/wp-json\/wp\/v2\/tags?post=115643"}],"curies":[{"name":"wp","href":"https:\/\/api.w.org\/{rel}","templated":true}]}}