{"id":115667,"date":"2017-09-25T17:12:08","date_gmt":"2017-09-25T16:12:08","guid":{"rendered":"http:\/\/kapitalis.com\/tunisie\/?p=115667"},"modified":"2017-09-25T17:12:08","modified_gmt":"2017-09-25T16:12:08","slug":"ben-arous-un-garcon-de-14-ans-viole-par-son-pere","status":"publish","type":"post","link":"https:\/\/kapitalis.com\/tunisie\/2017\/09\/25\/ben-arous-un-garcon-de-14-ans-viole-par-son-pere\/","title":{"rendered":"Ben Arous : Un gar\u00e7on de 14 ans viol\u00e9 par son p\u00e8re"},"content":{"rendered":"<p style=\"text-align: center;\"><img loading=\"lazy\" decoding=\"async\" class=\"alignnone size-full wp-image-105758\" src=\"http:\/\/kapitalis.com\/tunisie\/wp-content\/uploads\/2017\/07\/Ado-viol.jpg\" alt=\"\" width=\"626\" height=\"380\" \/><\/p>\n<p><em><strong>Un homme de 49 ans a \u00e9t\u00e9 arr\u00eat\u00e9, lundi 25 septembre 2017, \u00e0 Ben Arous, suite \u00e0 une plainte d\u00e9pos\u00e9e par son \u00e9pouse pour le viol de leur fils de 14 ans.<\/strong><\/em><!--more--><\/p>\n<p>Selon une source, le viol a \u00e9t\u00e9 commis, hier apr\u00e8s-midi: le p\u00e8re aurait profit\u00e9 de l\u2019absence de la m\u00e8re et a s\u00e9questr\u00e9 son fils dans sa chambre, avant d\u2019abuser de lui sous la menace d\u2019un couteau de cuisine. Il a ensuite fuit le domicile familial.<\/p>\n<p>L\u2019adolescent a racont\u00e9 son drame \u00e0 la maman qui a port\u00e9 plainte aupr\u00e8s du district de police de Ben Arous.<\/p>\n<p>Le violeur pr\u00e9sum\u00e9 a fait l\u2019objet d\u2019un mandat de recherche avant d\u2019\u00eatre arr\u00eat\u00e9 ce matin, au domicile d\u2019un de ses amis habitant la banlieue sud.<\/p>\n<p>Il a ni\u00e9 les faits qui lui sont reproch\u00e9s, bien que le bilan de l\u2019examen m\u00e9dical r\u00e9alis\u00e9 sur l\u2019enfant ait confirm\u00e9 une <em>\u00abp\u00e9n\u00e9tration anale forc\u00e9e et violente\u00bb<\/em>, ainsi que des contusions sur diff\u00e9rentes parties du corps du gar\u00e7on.<\/p>\n<p style=\"text-align: right;\"><strong>Y. N.<\/strong><\/p>\n","protected":false},"excerpt":{"rendered":"<p>Un homme de 49 ans a \u00e9t\u00e9 arr\u00eat\u00e9, lundi 25 septembre 2017, \u00e0 Ben Arous, suite \u00e0 une plainte d\u00e9pos\u00e9e par son \u00e9pouse pour le viol de leur fils de 14 ans.<\/p>\n","protected":false},"author":6,"featured_media":0,"comment_status":"open","ping_status":"open","sticky":false,"template":"","format":"standard","meta":{"footnotes":""},"categories":[998,2433],"tags":[17173,2107,141,2523,721,950],"class_list":["post-115667","post","type-post","status-publish","format-standard","hentry","category-societe","category-tunisie","tag-abus-sexuel","tag-banlieue-sud","tag-ben-arous","tag-pere","tag-plainte","tag-viol"],"yoast_head":"<!-- This site is optimized with the Yoast SEO plugin v26.6 - https:\/\/yoast.com\/wordpress\/plugins\/seo\/ -->\n<title>Ben Arous : Un gar\u00e7on de 14 ans viol\u00e9 par son p\u00e8re - Kapitalis<\/title>\n<meta name=\"robots\" content=\"index, follow, max-snippet:-1, max-image-preview:large, max-video-preview:-1\" \/>\n<link rel=\"canonical\" href=\"https:\/\/kapitalis.com\/tunisie\/2017\/09\/25\/ben-arous-un-garcon-de-14-ans-viole-par-son-pere\/\" \/>\n<meta property=\"og:locale\" content=\"fr_FR\" \/>\n<meta property=\"og:type\" content=\"article\" \/>\n<meta property=\"og:title\" content=\"Ben Arous : Un gar\u00e7on de 14 ans viol\u00e9 par son p\u00e8re - Kapitalis\" \/>\n<meta property=\"og:description\" content=\"Un homme de 49 ans a \u00e9t\u00e9 arr\u00eat\u00e9, lundi 25 septembre 2017, \u00e0 Ben Arous, suite \u00e0 une plainte d\u00e9pos\u00e9e par son \u00e9pouse pour le viol de leur fils de 14 ans.\" \/>\n<meta property=\"og:url\" content=\"https:\/\/kapitalis.com\/tunisie\/2017\/09\/25\/ben-arous-un-garcon-de-14-ans-viole-par-son-pere\/\" \/>\n<meta property=\"og:site_name\" content=\"Kapitalis\" \/>\n<meta property=\"article:publisher\" content=\"https:\/\/www.facebook.com\/KapitalisInfo\/\" \/>\n<meta property=\"article:published_time\" content=\"2017-09-25T16:12:08+00:00\" \/>\n<meta property=\"og:image\" content=\"http:\/\/kapitalis.com\/tunisie\/wp-content\/uploads\/2017\/07\/Ado-viol.jpg\" \/>\n<meta name=\"author\" content=\"Yusra NY\" \/>\n<meta name=\"twitter:card\" content=\"summary_large_image\" \/>\n<meta name=\"twitter:creator\" content=\"@KapitalisInfo\" \/>\n<meta name=\"twitter:site\" content=\"@KapitalisInfo\" \/>\n<meta name=\"twitter:label1\" content=\"\u00c9crit par\" \/>\n\t<meta name=\"twitter:data1\" content=\"Yusra NY\" \/>\n\t<meta name=\"twitter:label2\" content=\"Dur\u00e9e de lecture estim\u00e9e\" \/>\n\t<meta name=\"twitter:data2\" content=\"1 minute\" \/>\n<script type=\"application\/ld+json\" class=\"yoast-schema-graph\">{\"@context\":\"https:\/\/schema.org\",\"@graph\":[{\"@type\":\"Article\",\"@id\":\"https:\/\/kapitalis.com\/tunisie\/2017\/09\/25\/ben-arous-un-garcon-de-14-ans-viole-par-son-pere\/#article\",\"isPartOf\":{\"@id\":\"https:\/\/kapitalis.com\/tunisie\/2017\/09\/25\/ben-arous-un-garcon-de-14-ans-viole-par-son-pere\/\"},\"author\":{\"name\":\"Yusra NY\",\"@id\":\"https:\/\/kapitalis.com\/tunisie\/#\/schema\/person\/74bbde0154d49d790a92aaeac5bc01d5\"},\"headline\":\"Ben Arous : Un gar\u00e7on de 14 ans viol\u00e9 par son p\u00e8re\",\"datePublished\":\"2017-09-25T16:12:08+00:00\",\"mainEntityOfPage\":{\"@id\":\"https:\/\/kapitalis.com\/tunisie\/2017\/09\/25\/ben-arous-un-garcon-de-14-ans-viole-par-son-pere\/\"},\"wordCount\":195,\"commentCount\":12,\"publisher\":{\"@id\":\"https:\/\/kapitalis.com\/tunisie\/#organization\"},\"image\":{\"@id\":\"https:\/\/kapitalis.com\/tunisie\/2017\/09\/25\/ben-arous-un-garcon-de-14-ans-viole-par-son-pere\/#primaryimage\"},\"thumbnailUrl\":\"http:\/\/kapitalis.com\/tunisie\/wp-content\/uploads\/2017\/07\/Ado-viol.jpg\",\"keywords\":[\"abus sexuel\",\"banlieue sud\",\"Ben Arous\",\"p\u00e8re\",\"plainte\",\"viol\"],\"articleSection\":[\"SOCIETE\",\"Tunisie\"],\"inLanguage\":\"fr-FR\",\"potentialAction\":[{\"@type\":\"CommentAction\",\"name\":\"Comment\",\"target\":[\"https:\/\/kapitalis.com\/tunisie\/2017\/09\/25\/ben-arous-un-garcon-de-14-ans-viole-par-son-pere\/#respond\"]}]},{\"@type\":\"WebPage\",\"@id\":\"https:\/\/kapitalis.com\/tunisie\/2017\/09\/25\/ben-arous-un-garcon-de-14-ans-viole-par-son-pere\/\",\"url\":\"https:\/\/kapitalis.com\/tunisie\/2017\/09\/25\/ben-arous-un-garcon-de-14-ans-viole-par-son-pere\/\",\"name\":\"Ben Arous : Un gar\u00e7on de 14 ans viol\u00e9 par son p\u00e8re - Kapitalis\",\"isPartOf\":{\"@id\":\"https:\/\/kapitalis.com\/tunisie\/#website\"},\"primaryImageOfPage\":{\"@id\":\"https:\/\/kapitalis.com\/tunisie\/2017\/09\/25\/ben-arous-un-garcon-de-14-ans-viole-par-son-pere\/#primaryimage\"},\"image\":{\"@id\":\"https:\/\/kapitalis.com\/tunisie\/2017\/09\/25\/ben-arous-un-garcon-de-14-ans-viole-par-son-pere\/#primaryimage\"},\"thumbnailUrl\":\"http:\/\/kapitalis.com\/tunisie\/wp-content\/uploads\/2017\/07\/Ado-viol.jpg\",\"datePublished\":\"2017-09-25T16:12:08+00:00\",\"breadcrumb\":{\"@id\":\"https:\/\/kapitalis.com\/tunisie\/2017\/09\/25\/ben-arous-un-garcon-de-14-ans-viole-par-son-pere\/#breadcrumb\"},\"inLanguage\":\"fr-FR\",\"potentialAction\":[{\"@type\":\"ReadAction\",\"target\":[\"https:\/\/kapitalis.com\/tunisie\/2017\/09\/25\/ben-arous-un-garcon-de-14-ans-viole-par-son-pere\/\"]}]},{\"@type\":\"ImageObject\",\"inLanguage\":\"fr-FR\",\"@id\":\"https:\/\/kapitalis.com\/tunisie\/2017\/09\/25\/ben-arous-un-garcon-de-14-ans-viole-par-son-pere\/#primaryimage\",\"url\":\"http:\/\/kapitalis.com\/tunisie\/wp-content\/uploads\/2017\/07\/Ado-viol.jpg\",\"contentUrl\":\"http:\/\/kapitalis.com\/tunisie\/wp-content\/uploads\/2017\/07\/Ado-viol.jpg\"},{\"@type\":\"BreadcrumbList\",\"@id\":\"https:\/\/kapitalis.com\/tunisie\/2017\/09\/25\/ben-arous-un-garcon-de-14-ans-viole-par-son-pere\/#breadcrumb\",\"itemListElement\":[{\"@type\":\"ListItem\",\"position\":1,\"name\":\"Accueil\",\"item\":\"https:\/\/kapitalis.com\/tunisie\/\"},{\"@type\":\"ListItem\",\"position\":2,\"name\":\"Ben Arous : Un gar\u00e7on de 14 ans viol\u00e9 par son p\u00e8re\"}]},{\"@type\":\"WebSite\",\"@id\":\"https:\/\/kapitalis.com\/tunisie\/#website\",\"url\":\"https:\/\/kapitalis.com\/tunisie\/\",\"name\":\"Kapitalis\",\"description\":\"L&#039;actualit\u00e9 en Tunisie et dans le monde\",\"publisher\":{\"@id\":\"https:\/\/kapitalis.com\/tunisie\/#organization\"},\"potentialAction\":[{\"@type\":\"SearchAction\",\"target\":{\"@type\":\"EntryPoint\",\"urlTemplate\":\"https:\/\/kapitalis.com\/tunisie\/?s={search_term_string}\"},\"query-input\":{\"@type\":\"PropertyValueSpecification\",\"valueRequired\":true,\"valueName\":\"search_term_string\"}}],\"inLanguage\":\"fr-FR\"},{\"@type\":\"Organization\",\"@id\":\"https:\/\/kapitalis.com\/tunisie\/#organization\",\"name\":\"Kapitalis\",\"url\":\"https:\/\/kapitalis.com\/tunisie\/\",\"logo\":{\"@type\":\"ImageObject\",\"inLanguage\":\"fr-FR\",\"@id\":\"https:\/\/kapitalis.com\/tunisie\/#\/schema\/logo\/image\/\",\"url\":\"https:\/\/kapitalis.com\/tunisie\/wp-content\/uploads\/2022\/05\/Kapitalis-big-size.png\",\"contentUrl\":\"https:\/\/kapitalis.com\/tunisie\/wp-content\/uploads\/2022\/05\/Kapitalis-big-size.png\",\"width\":5000,\"height\":1500,\"caption\":\"Kapitalis\"},\"image\":{\"@id\":\"https:\/\/kapitalis.com\/tunisie\/#\/schema\/logo\/image\/\"},\"sameAs\":[\"https:\/\/www.facebook.com\/KapitalisInfo\/\",\"https:\/\/x.com\/KapitalisInfo\",\"https:\/\/www.youtube.com\/channel\/UC-yDYrHyfFBWWZaOw3FPg9Q\"]},{\"@type\":\"Person\",\"@id\":\"https:\/\/kapitalis.com\/tunisie\/#\/schema\/person\/74bbde0154d49d790a92aaeac5bc01d5\",\"name\":\"Yusra NY\",\"url\":\"https:\/\/kapitalis.com\/tunisie\/author\/yuza_adam\/\"}]}<\/script>\n<!-- \/ Yoast SEO plugin. -->","yoast_head_json":{"title":"Ben Arous : Un gar\u00e7on de 14 ans viol\u00e9 par son p\u00e8re - Kapitalis","robots":{"index":"index","follow":"follow","max-snippet":"max-snippet:-1","max-image-preview":"max-image-preview:large","max-video-preview":"max-video-preview:-1"},"canonical":"https:\/\/kapitalis.com\/tunisie\/2017\/09\/25\/ben-arous-un-garcon-de-14-ans-viole-par-son-pere\/","og_locale":"fr_FR","og_type":"article","og_title":"Ben Arous : Un gar\u00e7on de 14 ans viol\u00e9 par son p\u00e8re - Kapitalis","og_description":"Un homme de 49 ans a \u00e9t\u00e9 arr\u00eat\u00e9, lundi 25 septembre 2017, \u00e0 Ben Arous, suite \u00e0 une plainte d\u00e9pos\u00e9e par son \u00e9pouse pour le viol de leur fils de 14 ans.","og_url":"https:\/\/kapitalis.com\/tunisie\/2017\/09\/25\/ben-arous-un-garcon-de-14-ans-viole-par-son-pere\/","og_site_name":"Kapitalis","article_publisher":"https:\/\/www.facebook.com\/KapitalisInfo\/","article_published_time":"2017-09-25T16:12:08+00:00","og_image":[{"url":"http:\/\/kapitalis.com\/tunisie\/wp-content\/uploads\/2017\/07\/Ado-viol.jpg","type":"","width":"","height":""}],"author":"Yusra NY","twitter_card":"summary_large_image","twitter_creator":"@KapitalisInfo","twitter_site":"@KapitalisInfo","twitter_misc":{"\u00c9crit par":"Yusra NY","Dur\u00e9e de lecture estim\u00e9e":"1 minute"},"schema":{"@context":"https:\/\/schema.org","@graph":[{"@type":"Article","@id":"https:\/\/kapitalis.com\/tunisie\/2017\/09\/25\/ben-arous-un-garcon-de-14-ans-viole-par-son-pere\/#article","isPartOf":{"@id":"https:\/\/kapitalis.com\/tunisie\/2017\/09\/25\/ben-arous-un-garcon-de-14-ans-viole-par-son-pere\/"},"author":{"name":"Yusra NY","@id":"https:\/\/kapitalis.com\/tunisie\/#\/schema\/person\/74bbde0154d49d790a92aaeac5bc01d5"},"headline":"Ben Arous : Un gar\u00e7on de 14 ans viol\u00e9 par son p\u00e8re","datePublished":"2017-09-25T16:12:08+00:00","mainEntityOfPage":{"@id":"https:\/\/kapitalis.com\/tunisie\/2017\/09\/25\/ben-arous-un-garcon-de-14-ans-viole-par-son-pere\/"},"wordCount":195,"commentCount":12,"publisher":{"@id":"https:\/\/kapitalis.com\/tunisie\/#organization"},"image":{"@id":"https:\/\/kapitalis.com\/tunisie\/2017\/09\/25\/ben-arous-un-garcon-de-14-ans-viole-par-son-pere\/#primaryimage"},"thumbnailUrl":"http:\/\/kapitalis.com\/tunisie\/wp-content\/uploads\/2017\/07\/Ado-viol.jpg","keywords":["abus sexuel","banlieue sud","Ben Arous","p\u00e8re","plainte","viol"],"articleSection":["SOCIETE","Tunisie"],"inLanguage":"fr-FR","potentialAction":[{"@type":"CommentAction","name":"Comment","target":["https:\/\/kapitalis.com\/tunisie\/2017\/09\/25\/ben-arous-un-garcon-de-14-ans-viole-par-son-pere\/#respond"]}]},{"@type":"WebPage","@id":"https:\/\/kapitalis.com\/tunisie\/2017\/09\/25\/ben-arous-un-garcon-de-14-ans-viole-par-son-pere\/","url":"https:\/\/kapitalis.com\/tunisie\/2017\/09\/25\/ben-arous-un-garcon-de-14-ans-viole-par-son-pere\/","name":"Ben Arous : Un gar\u00e7on de 14 ans viol\u00e9 par son p\u00e8re - Kapitalis","isPartOf":{"@id":"https:\/\/kapitalis.com\/tunisie\/#website"},"primaryImageOfPage":{"@id":"https:\/\/kapitalis.com\/tunisie\/2017\/09\/25\/ben-arous-un-garcon-de-14-ans-viole-par-son-pere\/#primaryimage"},"image":{"@id":"https:\/\/kapitalis.com\/tunisie\/2017\/09\/25\/ben-arous-un-garcon-de-14-ans-viole-par-son-pere\/#primaryimage"},"thumbnailUrl":"http:\/\/kapitalis.com\/tunisie\/wp-content\/uploads\/2017\/07\/Ado-viol.jpg","datePublished":"2017-09-25T16:12:08+00:00","breadcrumb":{"@id":"https:\/\/kapitalis.com\/tunisie\/2017\/09\/25\/ben-arous-un-garcon-de-14-ans-viole-par-son-pere\/#breadcrumb"},"inLanguage":"fr-FR","potentialAction":[{"@type":"ReadAction","target":["https:\/\/kapitalis.com\/tunisie\/2017\/09\/25\/ben-arous-un-garcon-de-14-ans-viole-par-son-pere\/"]}]},{"@type":"ImageObject","inLanguage":"fr-FR","@id":"https:\/\/kapitalis.com\/tunisie\/2017\/09\/25\/ben-arous-un-garcon-de-14-ans-viole-par-son-pere\/#primaryimage","url":"http:\/\/kapitalis.com\/tunisie\/wp-content\/uploads\/2017\/07\/Ado-viol.jpg","contentUrl":"http:\/\/kapitalis.com\/tunisie\/wp-content\/uploads\/2017\/07\/Ado-viol.jpg"},{"@type":"BreadcrumbList","@id":"https:\/\/kapitalis.com\/tunisie\/2017\/09\/25\/ben-arous-un-garcon-de-14-ans-viole-par-son-pere\/#breadcrumb","itemListElement":[{"@type":"ListItem","position":1,"name":"Accueil","item":"https:\/\/kapitalis.com\/tunisie\/"},{"@type":"ListItem","position":2,"name":"Ben Arous : Un gar\u00e7on de 14 ans viol\u00e9 par son p\u00e8re"}]},{"@type":"WebSite","@id":"https:\/\/kapitalis.com\/tunisie\/#website","url":"https:\/\/kapitalis.com\/tunisie\/","name":"Kapitalis","description":"L&#039;actualit\u00e9 en Tunisie et dans le monde","publisher":{"@id":"https:\/\/kapitalis.com\/tunisie\/#organization"},"potentialAction":[{"@type":"SearchAction","target":{"@type":"EntryPoint","urlTemplate":"https:\/\/kapitalis.com\/tunisie\/?s={search_term_string}"},"query-input":{"@type":"PropertyValueSpecification","valueRequired":true,"valueName":"search_term_string"}}],"inLanguage":"fr-FR"},{"@type":"Organization","@id":"https:\/\/kapitalis.com\/tunisie\/#organization","name":"Kapitalis","url":"https:\/\/kapitalis.com\/tunisie\/","logo":{"@type":"ImageObject","inLanguage":"fr-FR","@id":"https:\/\/kapitalis.com\/tunisie\/#\/schema\/logo\/image\/","url":"https:\/\/kapitalis.com\/tunisie\/wp-content\/uploads\/2022\/05\/Kapitalis-big-size.png","contentUrl":"https:\/\/kapitalis.com\/tunisie\/wp-content\/uploads\/2022\/05\/Kapitalis-big-size.png","width":5000,"height":1500,"caption":"Kapitalis"},"image":{"@id":"https:\/\/kapitalis.com\/tunisie\/#\/schema\/logo\/image\/"},"sameAs":["https:\/\/www.facebook.com\/KapitalisInfo\/","https:\/\/x.com\/KapitalisInfo","https:\/\/www.youtube.com\/channel\/UC-yDYrHyfFBWWZaOw3FPg9Q"]},{"@type":"Person","@id":"https:\/\/kapitalis.com\/tunisie\/#\/schema\/person\/74bbde0154d49d790a92aaeac5bc01d5","name":"Yusra NY","url":"https:\/\/kapitalis.com\/tunisie\/author\/yuza_adam\/"}]}},"_links":{"self":[{"href":"https:\/\/kapitalis.com\/tunisie\/wp-json\/wp\/v2\/posts\/115667","targetHints":{"allow":["GET"]}}],"collection":[{"href":"https:\/\/kapitalis.com\/tunisie\/wp-json\/wp\/v2\/posts"}],"about":[{"href":"https:\/\/kapitalis.com\/tunisie\/wp-json\/wp\/v2\/types\/post"}],"author":[{"embeddable":true,"href":"https:\/\/kapitalis.com\/tunisie\/wp-json\/wp\/v2\/users\/6"}],"replies":[{"embeddable":true,"href":"https:\/\/kapitalis.com\/tunisie\/wp-json\/wp\/v2\/comments?post=115667"}],"version-history":[{"count":0,"href":"https:\/\/kapitalis.com\/tunisie\/wp-json\/wp\/v2\/posts\/115667\/revisions"}],"wp:attachment":[{"href":"https:\/\/kapitalis.com\/tunisie\/wp-json\/wp\/v2\/media?parent=115667"}],"wp:term":[{"taxonomy":"category","embeddable":true,"href":"https:\/\/kapitalis.com\/tunisie\/wp-json\/wp\/v2\/categories?post=115667"},{"taxonomy":"post_tag","embeddable":true,"href":"https:\/\/kapitalis.com\/tunisie\/wp-json\/wp\/v2\/tags?post=115667"}],"curies":[{"name":"wp","href":"https:\/\/api.w.org\/{rel}","templated":true}]}}