{"id":115730,"date":"2017-09-26T10:09:49","date_gmt":"2017-09-26T09:09:49","guid":{"rendered":"http:\/\/kapitalis.com\/tunisie\/?p=115730"},"modified":"2017-09-26T10:15:22","modified_gmt":"2017-09-26T09:15:22","slug":"des-deputes-demandent-le-limogeage-du-gouverneur-de-jendouba","status":"publish","type":"post","link":"https:\/\/kapitalis.com\/tunisie\/2017\/09\/26\/des-deputes-demandent-le-limogeage-du-gouverneur-de-jendouba\/","title":{"rendered":"Des d\u00e9put\u00e9s demandent le limogeage du gouverneur de Jendouba"},"content":{"rendered":"<p style=\"text-align: center;\"><img loading=\"lazy\" decoding=\"async\" class=\"alignnone size-full wp-image-115740\" src=\"http:\/\/kapitalis.com\/tunisie\/wp-content\/uploads\/2017\/09\/akrem-sebri.jpg\" alt=\"\" width=\"626\" height=\"380\" \/><\/p>\n<p style=\"text-align: center;\"><em>Akrem Sebri (\u00e0 gauche) en compagnie d&rsquo;Ahmed Adhoum (\u00e0 droite), ministre des Affaires religieuses<\/em><\/p>\n<p><em><strong>Cinq d\u00e9put\u00e9s de Jendouba ont remis au chef du gouvernement, Youssef Chahed, une p\u00e9tition demandant le limogeage du gouverneur de leur r\u00e9gion, Akrem Sebri.<\/strong><\/em><!--more--><\/p>\n<p>Les signataires de cette p\u00e9tition sont Chaker Ayadi, Jihen Aouichi de Nidaa Tounes, Dorra Yaachoubi de l&rsquo;Union patriotique libre (UPL), Ahmed Mechergui et Sana Mersni du mouvement islamiste Ennahdha.<\/p>\n<p style=\"text-align: center;\"><img loading=\"lazy\" decoding=\"async\" class=\"alignnone size-full wp-image-115741\" src=\"http:\/\/kapitalis.com\/tunisie\/wp-content\/uploads\/2017\/09\/P\u00e9tition_Jendouba.jpg\" alt=\"\" width=\"500\" height=\"300\" \/><\/p>\n<p>Selon les d\u00e9put\u00e9s, le rendement du gouverneur est tr\u00e8s faible, est toujours absent du si\u00e8ge du gouvernorat et n&rsquo;a jamais su traiter les mouvements sociaux dans la r\u00e9gion.<\/p>\n<p>Ils lui reprochent aussi de les avoir exclus d\u00e9lib\u00e9r\u00e9ment des visites officielles des membres du gouvernement et des d\u00e9cisions importantes qui sont prises en faveur de Jendouba.<\/p>\n<p style=\"text-align: right;\"><strong>E. B. A.<\/strong><\/p>\n","protected":false},"excerpt":{"rendered":"<p>Akrem Sebri (\u00e0 gauche) en compagnie d&rsquo;Ahmed Adhoum (\u00e0 droite), ministre des Affaires religieuses Cinq d\u00e9put\u00e9s de Jendouba ont remis au chef du gouvernement, Youssef Chahed, une p\u00e9tition demandant le limogeage du gouverneur de leur r\u00e9gion, Akrem Sebri.<\/p>\n","protected":false},"author":16,"featured_media":115740,"comment_status":"open","ping_status":"open","sticky":false,"template":"","format":"standard","meta":{"footnotes":""},"categories":[997,2433],"tags":[],"class_list":["post-115730","post","type-post","status-publish","format-standard","has-post-thumbnail","hentry","category-politique","category-tunisie"],"yoast_head":"<!-- This site is optimized with the Yoast SEO plugin v26.6 - https:\/\/yoast.com\/wordpress\/plugins\/seo\/ -->\n<title>Des d\u00e9put\u00e9s demandent le limogeage du gouverneur de Jendouba - Kapitalis<\/title>\n<meta name=\"robots\" content=\"index, follow, max-snippet:-1, max-image-preview:large, max-video-preview:-1\" \/>\n<link rel=\"canonical\" href=\"https:\/\/kapitalis.com\/tunisie\/2017\/09\/26\/des-deputes-demandent-le-limogeage-du-gouverneur-de-jendouba\/\" \/>\n<meta property=\"og:locale\" content=\"fr_FR\" \/>\n<meta property=\"og:type\" content=\"article\" \/>\n<meta property=\"og:title\" content=\"Des d\u00e9put\u00e9s demandent le limogeage du gouverneur de Jendouba - Kapitalis\" \/>\n<meta property=\"og:description\" content=\"Akrem Sebri (\u00e0 gauche) en compagnie d&rsquo;Ahmed Adhoum (\u00e0 droite), ministre des Affaires religieuses Cinq d\u00e9put\u00e9s de Jendouba ont remis au chef du gouvernement, Youssef Chahed, une p\u00e9tition demandant le limogeage du gouverneur de leur r\u00e9gion, Akrem Sebri.\" \/>\n<meta property=\"og:url\" content=\"https:\/\/kapitalis.com\/tunisie\/2017\/09\/26\/des-deputes-demandent-le-limogeage-du-gouverneur-de-jendouba\/\" \/>\n<meta property=\"og:site_name\" content=\"Kapitalis\" \/>\n<meta property=\"article:publisher\" content=\"https:\/\/www.facebook.com\/KapitalisInfo\/\" \/>\n<meta property=\"article:published_time\" content=\"2017-09-26T09:09:49+00:00\" \/>\n<meta property=\"article:modified_time\" content=\"2017-09-26T09:15:22+00:00\" \/>\n<meta property=\"og:image\" content=\"https:\/\/kapitalis.com\/tunisie\/wp-content\/uploads\/2022\/05\/kapitalis-logo-fb.png\" \/>\n\t<meta property=\"og:image:width\" content=\"1200\" \/>\n\t<meta property=\"og:image:height\" content=\"630\" \/>\n\t<meta property=\"og:image:type\" content=\"image\/png\" \/>\n<meta name=\"author\" content=\"emna benabdallah\" \/>\n<meta name=\"twitter:card\" content=\"summary_large_image\" \/>\n<meta name=\"twitter:creator\" content=\"@KapitalisInfo\" \/>\n<meta name=\"twitter:site\" content=\"@KapitalisInfo\" \/>\n<meta name=\"twitter:label1\" content=\"\u00c9crit par\" \/>\n\t<meta name=\"twitter:data1\" content=\"emna benabdallah\" \/>\n\t<meta name=\"twitter:label2\" content=\"Dur\u00e9e de lecture estim\u00e9e\" \/>\n\t<meta name=\"twitter:data2\" content=\"1 minute\" \/>\n<script type=\"application\/ld+json\" class=\"yoast-schema-graph\">{\"@context\":\"https:\/\/schema.org\",\"@graph\":[{\"@type\":\"Article\",\"@id\":\"https:\/\/kapitalis.com\/tunisie\/2017\/09\/26\/des-deputes-demandent-le-limogeage-du-gouverneur-de-jendouba\/#article\",\"isPartOf\":{\"@id\":\"https:\/\/kapitalis.com\/tunisie\/2017\/09\/26\/des-deputes-demandent-le-limogeage-du-gouverneur-de-jendouba\/\"},\"author\":{\"name\":\"emna benabdallah\",\"@id\":\"https:\/\/kapitalis.com\/tunisie\/#\/schema\/person\/2c6e134b2f3369dffcd1daf5f087d28b\"},\"headline\":\"Des d\u00e9put\u00e9s demandent le limogeage du gouverneur de Jendouba\",\"datePublished\":\"2017-09-26T09:09:49+00:00\",\"dateModified\":\"2017-09-26T09:15:22+00:00\",\"mainEntityOfPage\":{\"@id\":\"https:\/\/kapitalis.com\/tunisie\/2017\/09\/26\/des-deputes-demandent-le-limogeage-du-gouverneur-de-jendouba\/\"},\"wordCount\":148,\"commentCount\":2,\"publisher\":{\"@id\":\"https:\/\/kapitalis.com\/tunisie\/#organization\"},\"image\":{\"@id\":\"https:\/\/kapitalis.com\/tunisie\/2017\/09\/26\/des-deputes-demandent-le-limogeage-du-gouverneur-de-jendouba\/#primaryimage\"},\"thumbnailUrl\":\"\",\"articleSection\":[\"POLITIQUE\",\"Tunisie\"],\"inLanguage\":\"fr-FR\",\"potentialAction\":[{\"@type\":\"CommentAction\",\"name\":\"Comment\",\"target\":[\"https:\/\/kapitalis.com\/tunisie\/2017\/09\/26\/des-deputes-demandent-le-limogeage-du-gouverneur-de-jendouba\/#respond\"]}]},{\"@type\":\"WebPage\",\"@id\":\"https:\/\/kapitalis.com\/tunisie\/2017\/09\/26\/des-deputes-demandent-le-limogeage-du-gouverneur-de-jendouba\/\",\"url\":\"https:\/\/kapitalis.com\/tunisie\/2017\/09\/26\/des-deputes-demandent-le-limogeage-du-gouverneur-de-jendouba\/\",\"name\":\"Des d\u00e9put\u00e9s demandent le limogeage du gouverneur de Jendouba - Kapitalis\",\"isPartOf\":{\"@id\":\"https:\/\/kapitalis.com\/tunisie\/#website\"},\"primaryImageOfPage\":{\"@id\":\"https:\/\/kapitalis.com\/tunisie\/2017\/09\/26\/des-deputes-demandent-le-limogeage-du-gouverneur-de-jendouba\/#primaryimage\"},\"image\":{\"@id\":\"https:\/\/kapitalis.com\/tunisie\/2017\/09\/26\/des-deputes-demandent-le-limogeage-du-gouverneur-de-jendouba\/#primaryimage\"},\"thumbnailUrl\":\"\",\"datePublished\":\"2017-09-26T09:09:49+00:00\",\"dateModified\":\"2017-09-26T09:15:22+00:00\",\"breadcrumb\":{\"@id\":\"https:\/\/kapitalis.com\/tunisie\/2017\/09\/26\/des-deputes-demandent-le-limogeage-du-gouverneur-de-jendouba\/#breadcrumb\"},\"inLanguage\":\"fr-FR\",\"potentialAction\":[{\"@type\":\"ReadAction\",\"target\":[\"https:\/\/kapitalis.com\/tunisie\/2017\/09\/26\/des-deputes-demandent-le-limogeage-du-gouverneur-de-jendouba\/\"]}]},{\"@type\":\"ImageObject\",\"inLanguage\":\"fr-FR\",\"@id\":\"https:\/\/kapitalis.com\/tunisie\/2017\/09\/26\/des-deputes-demandent-le-limogeage-du-gouverneur-de-jendouba\/#primaryimage\",\"url\":\"\",\"contentUrl\":\"\"},{\"@type\":\"BreadcrumbList\",\"@id\":\"https:\/\/kapitalis.com\/tunisie\/2017\/09\/26\/des-deputes-demandent-le-limogeage-du-gouverneur-de-jendouba\/#breadcrumb\",\"itemListElement\":[{\"@type\":\"ListItem\",\"position\":1,\"name\":\"Accueil\",\"item\":\"https:\/\/kapitalis.com\/tunisie\/\"},{\"@type\":\"ListItem\",\"position\":2,\"name\":\"Des d\u00e9put\u00e9s demandent le limogeage du gouverneur de Jendouba\"}]},{\"@type\":\"WebSite\",\"@id\":\"https:\/\/kapitalis.com\/tunisie\/#website\",\"url\":\"https:\/\/kapitalis.com\/tunisie\/\",\"name\":\"Kapitalis\",\"description\":\"L&#039;actualit\u00e9 en Tunisie et dans le monde\",\"publisher\":{\"@id\":\"https:\/\/kapitalis.com\/tunisie\/#organization\"},\"potentialAction\":[{\"@type\":\"SearchAction\",\"target\":{\"@type\":\"EntryPoint\",\"urlTemplate\":\"https:\/\/kapitalis.com\/tunisie\/?s={search_term_string}\"},\"query-input\":{\"@type\":\"PropertyValueSpecification\",\"valueRequired\":true,\"valueName\":\"search_term_string\"}}],\"inLanguage\":\"fr-FR\"},{\"@type\":\"Organization\",\"@id\":\"https:\/\/kapitalis.com\/tunisie\/#organization\",\"name\":\"Kapitalis\",\"url\":\"https:\/\/kapitalis.com\/tunisie\/\",\"logo\":{\"@type\":\"ImageObject\",\"inLanguage\":\"fr-FR\",\"@id\":\"https:\/\/kapitalis.com\/tunisie\/#\/schema\/logo\/image\/\",\"url\":\"https:\/\/kapitalis.com\/tunisie\/wp-content\/uploads\/2022\/05\/Kapitalis-big-size.png\",\"contentUrl\":\"https:\/\/kapitalis.com\/tunisie\/wp-content\/uploads\/2022\/05\/Kapitalis-big-size.png\",\"width\":5000,\"height\":1500,\"caption\":\"Kapitalis\"},\"image\":{\"@id\":\"https:\/\/kapitalis.com\/tunisie\/#\/schema\/logo\/image\/\"},\"sameAs\":[\"https:\/\/www.facebook.com\/KapitalisInfo\/\",\"https:\/\/x.com\/KapitalisInfo\",\"https:\/\/www.youtube.com\/channel\/UC-yDYrHyfFBWWZaOw3FPg9Q\"]},{\"@type\":\"Person\",\"@id\":\"https:\/\/kapitalis.com\/tunisie\/#\/schema\/person\/2c6e134b2f3369dffcd1daf5f087d28b\",\"name\":\"emna benabdallah\",\"url\":\"https:\/\/kapitalis.com\/tunisie\/author\/emna\/\"}]}<\/script>\n<!-- \/ Yoast SEO plugin. -->","yoast_head_json":{"title":"Des d\u00e9put\u00e9s demandent le limogeage du gouverneur de Jendouba - Kapitalis","robots":{"index":"index","follow":"follow","max-snippet":"max-snippet:-1","max-image-preview":"max-image-preview:large","max-video-preview":"max-video-preview:-1"},"canonical":"https:\/\/kapitalis.com\/tunisie\/2017\/09\/26\/des-deputes-demandent-le-limogeage-du-gouverneur-de-jendouba\/","og_locale":"fr_FR","og_type":"article","og_title":"Des d\u00e9put\u00e9s demandent le limogeage du gouverneur de Jendouba - Kapitalis","og_description":"Akrem Sebri (\u00e0 gauche) en compagnie d&rsquo;Ahmed Adhoum (\u00e0 droite), ministre des Affaires religieuses Cinq d\u00e9put\u00e9s de Jendouba ont remis au chef du gouvernement, Youssef Chahed, une p\u00e9tition demandant le limogeage du gouverneur de leur r\u00e9gion, Akrem Sebri.","og_url":"https:\/\/kapitalis.com\/tunisie\/2017\/09\/26\/des-deputes-demandent-le-limogeage-du-gouverneur-de-jendouba\/","og_site_name":"Kapitalis","article_publisher":"https:\/\/www.facebook.com\/KapitalisInfo\/","article_published_time":"2017-09-26T09:09:49+00:00","article_modified_time":"2017-09-26T09:15:22+00:00","og_image":[{"width":1200,"height":630,"url":"https:\/\/kapitalis.com\/tunisie\/wp-content\/uploads\/2022\/05\/kapitalis-logo-fb.png","type":"image\/png"}],"author":"emna benabdallah","twitter_card":"summary_large_image","twitter_creator":"@KapitalisInfo","twitter_site":"@KapitalisInfo","twitter_misc":{"\u00c9crit par":"emna benabdallah","Dur\u00e9e de lecture estim\u00e9e":"1 minute"},"schema":{"@context":"https:\/\/schema.org","@graph":[{"@type":"Article","@id":"https:\/\/kapitalis.com\/tunisie\/2017\/09\/26\/des-deputes-demandent-le-limogeage-du-gouverneur-de-jendouba\/#article","isPartOf":{"@id":"https:\/\/kapitalis.com\/tunisie\/2017\/09\/26\/des-deputes-demandent-le-limogeage-du-gouverneur-de-jendouba\/"},"author":{"name":"emna benabdallah","@id":"https:\/\/kapitalis.com\/tunisie\/#\/schema\/person\/2c6e134b2f3369dffcd1daf5f087d28b"},"headline":"Des d\u00e9put\u00e9s demandent le limogeage du gouverneur de Jendouba","datePublished":"2017-09-26T09:09:49+00:00","dateModified":"2017-09-26T09:15:22+00:00","mainEntityOfPage":{"@id":"https:\/\/kapitalis.com\/tunisie\/2017\/09\/26\/des-deputes-demandent-le-limogeage-du-gouverneur-de-jendouba\/"},"wordCount":148,"commentCount":2,"publisher":{"@id":"https:\/\/kapitalis.com\/tunisie\/#organization"},"image":{"@id":"https:\/\/kapitalis.com\/tunisie\/2017\/09\/26\/des-deputes-demandent-le-limogeage-du-gouverneur-de-jendouba\/#primaryimage"},"thumbnailUrl":"","articleSection":["POLITIQUE","Tunisie"],"inLanguage":"fr-FR","potentialAction":[{"@type":"CommentAction","name":"Comment","target":["https:\/\/kapitalis.com\/tunisie\/2017\/09\/26\/des-deputes-demandent-le-limogeage-du-gouverneur-de-jendouba\/#respond"]}]},{"@type":"WebPage","@id":"https:\/\/kapitalis.com\/tunisie\/2017\/09\/26\/des-deputes-demandent-le-limogeage-du-gouverneur-de-jendouba\/","url":"https:\/\/kapitalis.com\/tunisie\/2017\/09\/26\/des-deputes-demandent-le-limogeage-du-gouverneur-de-jendouba\/","name":"Des d\u00e9put\u00e9s demandent le limogeage du gouverneur de Jendouba - Kapitalis","isPartOf":{"@id":"https:\/\/kapitalis.com\/tunisie\/#website"},"primaryImageOfPage":{"@id":"https:\/\/kapitalis.com\/tunisie\/2017\/09\/26\/des-deputes-demandent-le-limogeage-du-gouverneur-de-jendouba\/#primaryimage"},"image":{"@id":"https:\/\/kapitalis.com\/tunisie\/2017\/09\/26\/des-deputes-demandent-le-limogeage-du-gouverneur-de-jendouba\/#primaryimage"},"thumbnailUrl":"","datePublished":"2017-09-26T09:09:49+00:00","dateModified":"2017-09-26T09:15:22+00:00","breadcrumb":{"@id":"https:\/\/kapitalis.com\/tunisie\/2017\/09\/26\/des-deputes-demandent-le-limogeage-du-gouverneur-de-jendouba\/#breadcrumb"},"inLanguage":"fr-FR","potentialAction":[{"@type":"ReadAction","target":["https:\/\/kapitalis.com\/tunisie\/2017\/09\/26\/des-deputes-demandent-le-limogeage-du-gouverneur-de-jendouba\/"]}]},{"@type":"ImageObject","inLanguage":"fr-FR","@id":"https:\/\/kapitalis.com\/tunisie\/2017\/09\/26\/des-deputes-demandent-le-limogeage-du-gouverneur-de-jendouba\/#primaryimage","url":"","contentUrl":""},{"@type":"BreadcrumbList","@id":"https:\/\/kapitalis.com\/tunisie\/2017\/09\/26\/des-deputes-demandent-le-limogeage-du-gouverneur-de-jendouba\/#breadcrumb","itemListElement":[{"@type":"ListItem","position":1,"name":"Accueil","item":"https:\/\/kapitalis.com\/tunisie\/"},{"@type":"ListItem","position":2,"name":"Des d\u00e9put\u00e9s demandent le limogeage du gouverneur de Jendouba"}]},{"@type":"WebSite","@id":"https:\/\/kapitalis.com\/tunisie\/#website","url":"https:\/\/kapitalis.com\/tunisie\/","name":"Kapitalis","description":"L&#039;actualit\u00e9 en Tunisie et dans le monde","publisher":{"@id":"https:\/\/kapitalis.com\/tunisie\/#organization"},"potentialAction":[{"@type":"SearchAction","target":{"@type":"EntryPoint","urlTemplate":"https:\/\/kapitalis.com\/tunisie\/?s={search_term_string}"},"query-input":{"@type":"PropertyValueSpecification","valueRequired":true,"valueName":"search_term_string"}}],"inLanguage":"fr-FR"},{"@type":"Organization","@id":"https:\/\/kapitalis.com\/tunisie\/#organization","name":"Kapitalis","url":"https:\/\/kapitalis.com\/tunisie\/","logo":{"@type":"ImageObject","inLanguage":"fr-FR","@id":"https:\/\/kapitalis.com\/tunisie\/#\/schema\/logo\/image\/","url":"https:\/\/kapitalis.com\/tunisie\/wp-content\/uploads\/2022\/05\/Kapitalis-big-size.png","contentUrl":"https:\/\/kapitalis.com\/tunisie\/wp-content\/uploads\/2022\/05\/Kapitalis-big-size.png","width":5000,"height":1500,"caption":"Kapitalis"},"image":{"@id":"https:\/\/kapitalis.com\/tunisie\/#\/schema\/logo\/image\/"},"sameAs":["https:\/\/www.facebook.com\/KapitalisInfo\/","https:\/\/x.com\/KapitalisInfo","https:\/\/www.youtube.com\/channel\/UC-yDYrHyfFBWWZaOw3FPg9Q"]},{"@type":"Person","@id":"https:\/\/kapitalis.com\/tunisie\/#\/schema\/person\/2c6e134b2f3369dffcd1daf5f087d28b","name":"emna benabdallah","url":"https:\/\/kapitalis.com\/tunisie\/author\/emna\/"}]}},"_links":{"self":[{"href":"https:\/\/kapitalis.com\/tunisie\/wp-json\/wp\/v2\/posts\/115730","targetHints":{"allow":["GET"]}}],"collection":[{"href":"https:\/\/kapitalis.com\/tunisie\/wp-json\/wp\/v2\/posts"}],"about":[{"href":"https:\/\/kapitalis.com\/tunisie\/wp-json\/wp\/v2\/types\/post"}],"author":[{"embeddable":true,"href":"https:\/\/kapitalis.com\/tunisie\/wp-json\/wp\/v2\/users\/16"}],"replies":[{"embeddable":true,"href":"https:\/\/kapitalis.com\/tunisie\/wp-json\/wp\/v2\/comments?post=115730"}],"version-history":[{"count":0,"href":"https:\/\/kapitalis.com\/tunisie\/wp-json\/wp\/v2\/posts\/115730\/revisions"}],"wp:featuredmedia":[{"embeddable":true,"href":"https:\/\/kapitalis.com\/tunisie\/wp-json\/wp\/v2\/media\/115740"}],"wp:attachment":[{"href":"https:\/\/kapitalis.com\/tunisie\/wp-json\/wp\/v2\/media?parent=115730"}],"wp:term":[{"taxonomy":"category","embeddable":true,"href":"https:\/\/kapitalis.com\/tunisie\/wp-json\/wp\/v2\/categories?post=115730"},{"taxonomy":"post_tag","embeddable":true,"href":"https:\/\/kapitalis.com\/tunisie\/wp-json\/wp\/v2\/tags?post=115730"}],"curies":[{"name":"wp","href":"https:\/\/api.w.org\/{rel}","templated":true}]}}