{"id":11598948,"date":"2024-02-12T10:22:09","date_gmt":"2024-02-12T09:22:09","guid":{"rendered":"https:\/\/kapitalis.com\/tunisie\/?p=11598948"},"modified":"2024-02-12T10:23:49","modified_gmt":"2024-02-12T09:23:49","slug":"hommage-a-khemais-chammari-a-paris","status":"publish","type":"post","link":"https:\/\/kapitalis.com\/tunisie\/2024\/02\/12\/hommage-a-khemais-chammari-a-paris\/","title":{"rendered":"Hommage \u00e0 Kh\u00e9mais Chammari \u00e0 Paris\u00a0"},"content":{"rendered":"\n<p><strong><em>Un hommage sera rendu \u00e0 <a href=\"https:\/\/fr.wikipedia.org\/wiki\/Khema%C3%AFs_Chammari\" target=\"_blank\" rel=\"noreferrer noopener\">Kh\u00e9ma\u00efs Chammari<\/a> le vendredi 8 mars 2024 de 19h \u00e0 23h au CICP, 21ter, rue Voltaire 75011 Paris (m\u00e9tro\u00a0: rue des Boulets, ligne 9).<\/em><\/strong><\/p>\n\n\n\n<!--more-->\n\n\n\n<p>Ancien militant des droits de l\u2019homme, ancien d\u00e9put\u00e9 et ancien ambassadeur de la Tunisie aupr\u00e8s de l\u2019Unesco, Kh\u00e9ma\u00efs Chammari est <a href=\"https:\/\/kapitalis.com\/tunisie\/2024\/01\/01\/tunisie-deces-du-militant-khemais-chammari\/\" target=\"_blank\" rel=\"noreferrer noopener\">d\u00e9c\u00e9d\u00e9 le 1<sup>er<\/sup>\u00a0janvier 2024 <\/a>\u00e0 l\u2019\u00e2ge de 81 ans apr\u00e8s 65 ans d\u2019engagement pour les libert\u00e9s, le droit et la justice en Tunisie, en Afrique et dans le monde arabe. Il fut un combattant qui, \u00e0 plusieurs reprises, a pay\u00e9 ses convictions et son engagement par l\u2019emprisonnement et l\u2019exil.<\/p>\n\n\n\n<p>Ses amis en France lui rendront hommage en pr\u00e9sence de Alya Cherif-Chammari, avocate au barreau de Tunis, son \u00e9pouse, et de Fatma Chammari et Ali Chammari, ses enfants. Les initiateurs de l\u2019\u00e9v\u00e9nement sont le Comit\u00e9 pour le respect des libert\u00e9s et les droits de l\u2019homme en Tunisie (CRLDHT) et le Centre d\u2019\u00e9tudes et d\u2019initiatives de solidarit\u00e9 internationale (Cedetim), en association avec l\u2019Association d\u00e9mocratique des Tunisiens en France (ADTF), le Collectif des femmes tunisiennes (CFT), EuroMed Droits-F\u00e9d\u00e9ration des Tunisiens citoyens des deux rives (FTCR), la Fondation euro-m\u00e9diterran\u00e9enne de soutien aux d\u00e9fenseurs des droits humains (FEMDH), le R\u00e9seau euromaghr\u00e9bin Citoyennet\u00e9 et Culture (REMCC) et l\u2019Union des travailleurs immigr\u00e9s\u00a0tunisiens (UTIT).<\/p>\n","protected":false},"excerpt":{"rendered":"<p>Un hommage sera rendu \u00e0 Kh\u00e9ma\u00efs Chammari le vendredi 8 mars 2024. <\/p>\n","protected":false},"author":8,"featured_media":11124078,"comment_status":"open","ping_status":"open","sticky":false,"template":"","format":"standard","meta":{"footnotes":""},"categories":[997,2433],"tags":[113911,109673,113910,62643,1068],"class_list":["post-11598948","post","type-post","status-publish","format-standard","has-post-thumbnail","hentry","category-politique","category-tunisie","tag-alya-cherif-chammari","tag-crldht","tag-khemais-chammari-2","tag-tunisie","tag-unesco"],"yoast_head":"<!-- This site is optimized with the Yoast SEO plugin v26.6 - https:\/\/yoast.com\/wordpress\/plugins\/seo\/ -->\n<title>Hommage \u00e0 Kh\u00e9mais Chammari \u00e0 Paris\u00a0 - Kapitalis<\/title>\n<meta name=\"robots\" content=\"index, follow, max-snippet:-1, max-image-preview:large, max-video-preview:-1\" \/>\n<link rel=\"canonical\" href=\"https:\/\/kapitalis.com\/tunisie\/2024\/02\/12\/hommage-a-khemais-chammari-a-paris\/\" \/>\n<meta property=\"og:locale\" content=\"fr_FR\" \/>\n<meta property=\"og:type\" content=\"article\" \/>\n<meta property=\"og:title\" content=\"Hommage \u00e0 Kh\u00e9mais Chammari \u00e0 Paris\u00a0 - Kapitalis\" \/>\n<meta property=\"og:description\" content=\"Un hommage sera rendu \u00e0 Kh\u00e9ma\u00efs Chammari le vendredi 8 mars 2024.\" \/>\n<meta property=\"og:url\" content=\"https:\/\/kapitalis.com\/tunisie\/2024\/02\/12\/hommage-a-khemais-chammari-a-paris\/\" \/>\n<meta property=\"og:site_name\" content=\"Kapitalis\" \/>\n<meta property=\"article:publisher\" content=\"https:\/\/www.facebook.com\/KapitalisInfo\/\" \/>\n<meta property=\"article:published_time\" content=\"2024-02-12T09:22:09+00:00\" \/>\n<meta property=\"article:modified_time\" content=\"2024-02-12T09:23:49+00:00\" \/>\n<meta property=\"og:image\" content=\"https:\/\/kapitalis.com\/tunisie\/wp-content\/uploads\/2024\/01\/Khemaies-Chammari-j.jpg\" \/>\n\t<meta property=\"og:image:width\" content=\"1200\" \/>\n\t<meta property=\"og:image:height\" content=\"630\" \/>\n\t<meta property=\"og:image:type\" content=\"image\/jpeg\" \/>\n<meta name=\"author\" content=\"webmaster kapitalis\" \/>\n<meta name=\"twitter:card\" content=\"summary_large_image\" \/>\n<meta name=\"twitter:creator\" content=\"@KapitalisInfo\" \/>\n<meta name=\"twitter:site\" content=\"@KapitalisInfo\" \/>\n<meta name=\"twitter:label1\" content=\"\u00c9crit par\" \/>\n\t<meta name=\"twitter:data1\" content=\"webmaster kapitalis\" \/>\n\t<meta name=\"twitter:label2\" content=\"Dur\u00e9e de lecture estim\u00e9e\" \/>\n\t<meta name=\"twitter:data2\" content=\"2 minutes\" \/>\n<script type=\"application\/ld+json\" class=\"yoast-schema-graph\">{\"@context\":\"https:\/\/schema.org\",\"@graph\":[{\"@type\":\"Article\",\"@id\":\"https:\/\/kapitalis.com\/tunisie\/2024\/02\/12\/hommage-a-khemais-chammari-a-paris\/#article\",\"isPartOf\":{\"@id\":\"https:\/\/kapitalis.com\/tunisie\/2024\/02\/12\/hommage-a-khemais-chammari-a-paris\/\"},\"author\":{\"name\":\"webmaster kapitalis\",\"@id\":\"https:\/\/kapitalis.com\/tunisie\/#\/schema\/person\/d71f33a9ca44f7bad4698210b480c8e9\"},\"headline\":\"Hommage \u00e0 Kh\u00e9mais Chammari \u00e0 Paris\u00a0\",\"datePublished\":\"2024-02-12T09:22:09+00:00\",\"dateModified\":\"2024-02-12T09:23:49+00:00\",\"mainEntityOfPage\":{\"@id\":\"https:\/\/kapitalis.com\/tunisie\/2024\/02\/12\/hommage-a-khemais-chammari-a-paris\/\"},\"wordCount\":236,\"commentCount\":0,\"publisher\":{\"@id\":\"https:\/\/kapitalis.com\/tunisie\/#organization\"},\"image\":{\"@id\":\"https:\/\/kapitalis.com\/tunisie\/2024\/02\/12\/hommage-a-khemais-chammari-a-paris\/#primaryimage\"},\"thumbnailUrl\":\"https:\/\/kapitalis.com\/tunisie\/wp-content\/uploads\/2024\/01\/Khemaies-Chammari-j.jpg\",\"keywords\":[\"Alya Cherif-Chammari\",\"CRLDHT\",\"Kh\u00e9ma\u00efs Chammari\",\"Tunisie\",\"Unesco\"],\"articleSection\":[\"POLITIQUE\",\"Tunisie\"],\"inLanguage\":\"fr-FR\",\"potentialAction\":[{\"@type\":\"CommentAction\",\"name\":\"Comment\",\"target\":[\"https:\/\/kapitalis.com\/tunisie\/2024\/02\/12\/hommage-a-khemais-chammari-a-paris\/#respond\"]}]},{\"@type\":\"WebPage\",\"@id\":\"https:\/\/kapitalis.com\/tunisie\/2024\/02\/12\/hommage-a-khemais-chammari-a-paris\/\",\"url\":\"https:\/\/kapitalis.com\/tunisie\/2024\/02\/12\/hommage-a-khemais-chammari-a-paris\/\",\"name\":\"Hommage \u00e0 Kh\u00e9mais Chammari \u00e0 Paris\u00a0 - Kapitalis\",\"isPartOf\":{\"@id\":\"https:\/\/kapitalis.com\/tunisie\/#website\"},\"primaryImageOfPage\":{\"@id\":\"https:\/\/kapitalis.com\/tunisie\/2024\/02\/12\/hommage-a-khemais-chammari-a-paris\/#primaryimage\"},\"image\":{\"@id\":\"https:\/\/kapitalis.com\/tunisie\/2024\/02\/12\/hommage-a-khemais-chammari-a-paris\/#primaryimage\"},\"thumbnailUrl\":\"https:\/\/kapitalis.com\/tunisie\/wp-content\/uploads\/2024\/01\/Khemaies-Chammari-j.jpg\",\"datePublished\":\"2024-02-12T09:22:09+00:00\",\"dateModified\":\"2024-02-12T09:23:49+00:00\",\"breadcrumb\":{\"@id\":\"https:\/\/kapitalis.com\/tunisie\/2024\/02\/12\/hommage-a-khemais-chammari-a-paris\/#breadcrumb\"},\"inLanguage\":\"fr-FR\",\"potentialAction\":[{\"@type\":\"ReadAction\",\"target\":[\"https:\/\/kapitalis.com\/tunisie\/2024\/02\/12\/hommage-a-khemais-chammari-a-paris\/\"]}]},{\"@type\":\"ImageObject\",\"inLanguage\":\"fr-FR\",\"@id\":\"https:\/\/kapitalis.com\/tunisie\/2024\/02\/12\/hommage-a-khemais-chammari-a-paris\/#primaryimage\",\"url\":\"https:\/\/kapitalis.com\/tunisie\/wp-content\/uploads\/2024\/01\/Khemaies-Chammari-j.jpg\",\"contentUrl\":\"https:\/\/kapitalis.com\/tunisie\/wp-content\/uploads\/2024\/01\/Khemaies-Chammari-j.jpg\",\"width\":1200,\"height\":630},{\"@type\":\"BreadcrumbList\",\"@id\":\"https:\/\/kapitalis.com\/tunisie\/2024\/02\/12\/hommage-a-khemais-chammari-a-paris\/#breadcrumb\",\"itemListElement\":[{\"@type\":\"ListItem\",\"position\":1,\"name\":\"Accueil\",\"item\":\"https:\/\/kapitalis.com\/tunisie\/\"},{\"@type\":\"ListItem\",\"position\":2,\"name\":\"Hommage \u00e0 Kh\u00e9mais Chammari \u00e0 Paris\u00a0\"}]},{\"@type\":\"WebSite\",\"@id\":\"https:\/\/kapitalis.com\/tunisie\/#website\",\"url\":\"https:\/\/kapitalis.com\/tunisie\/\",\"name\":\"Kapitalis\",\"description\":\"L&#039;actualit\u00e9 en Tunisie et dans le monde\",\"publisher\":{\"@id\":\"https:\/\/kapitalis.com\/tunisie\/#organization\"},\"potentialAction\":[{\"@type\":\"SearchAction\",\"target\":{\"@type\":\"EntryPoint\",\"urlTemplate\":\"https:\/\/kapitalis.com\/tunisie\/?s={search_term_string}\"},\"query-input\":{\"@type\":\"PropertyValueSpecification\",\"valueRequired\":true,\"valueName\":\"search_term_string\"}}],\"inLanguage\":\"fr-FR\"},{\"@type\":\"Organization\",\"@id\":\"https:\/\/kapitalis.com\/tunisie\/#organization\",\"name\":\"Kapitalis\",\"url\":\"https:\/\/kapitalis.com\/tunisie\/\",\"logo\":{\"@type\":\"ImageObject\",\"inLanguage\":\"fr-FR\",\"@id\":\"https:\/\/kapitalis.com\/tunisie\/#\/schema\/logo\/image\/\",\"url\":\"https:\/\/kapitalis.com\/tunisie\/wp-content\/uploads\/2022\/05\/Kapitalis-big-size.png\",\"contentUrl\":\"https:\/\/kapitalis.com\/tunisie\/wp-content\/uploads\/2022\/05\/Kapitalis-big-size.png\",\"width\":5000,\"height\":1500,\"caption\":\"Kapitalis\"},\"image\":{\"@id\":\"https:\/\/kapitalis.com\/tunisie\/#\/schema\/logo\/image\/\"},\"sameAs\":[\"https:\/\/www.facebook.com\/KapitalisInfo\/\",\"https:\/\/x.com\/KapitalisInfo\",\"https:\/\/www.youtube.com\/channel\/UC-yDYrHyfFBWWZaOw3FPg9Q\"]},{\"@type\":\"Person\",\"@id\":\"https:\/\/kapitalis.com\/tunisie\/#\/schema\/person\/d71f33a9ca44f7bad4698210b480c8e9\",\"name\":\"webmaster kapitalis\",\"url\":\"https:\/\/kapitalis.com\/tunisie\/author\/webmaster-kapitalis\/\"}]}<\/script>\n<!-- \/ Yoast SEO plugin. -->","yoast_head_json":{"title":"Hommage \u00e0 Kh\u00e9mais Chammari \u00e0 Paris\u00a0 - Kapitalis","robots":{"index":"index","follow":"follow","max-snippet":"max-snippet:-1","max-image-preview":"max-image-preview:large","max-video-preview":"max-video-preview:-1"},"canonical":"https:\/\/kapitalis.com\/tunisie\/2024\/02\/12\/hommage-a-khemais-chammari-a-paris\/","og_locale":"fr_FR","og_type":"article","og_title":"Hommage \u00e0 Kh\u00e9mais Chammari \u00e0 Paris\u00a0 - Kapitalis","og_description":"Un hommage sera rendu \u00e0 Kh\u00e9ma\u00efs Chammari le vendredi 8 mars 2024.","og_url":"https:\/\/kapitalis.com\/tunisie\/2024\/02\/12\/hommage-a-khemais-chammari-a-paris\/","og_site_name":"Kapitalis","article_publisher":"https:\/\/www.facebook.com\/KapitalisInfo\/","article_published_time":"2024-02-12T09:22:09+00:00","article_modified_time":"2024-02-12T09:23:49+00:00","og_image":[{"width":1200,"height":630,"url":"https:\/\/kapitalis.com\/tunisie\/wp-content\/uploads\/2024\/01\/Khemaies-Chammari-j.jpg","type":"image\/jpeg"}],"author":"webmaster kapitalis","twitter_card":"summary_large_image","twitter_creator":"@KapitalisInfo","twitter_site":"@KapitalisInfo","twitter_misc":{"\u00c9crit par":"webmaster kapitalis","Dur\u00e9e de lecture estim\u00e9e":"2 minutes"},"schema":{"@context":"https:\/\/schema.org","@graph":[{"@type":"Article","@id":"https:\/\/kapitalis.com\/tunisie\/2024\/02\/12\/hommage-a-khemais-chammari-a-paris\/#article","isPartOf":{"@id":"https:\/\/kapitalis.com\/tunisie\/2024\/02\/12\/hommage-a-khemais-chammari-a-paris\/"},"author":{"name":"webmaster kapitalis","@id":"https:\/\/kapitalis.com\/tunisie\/#\/schema\/person\/d71f33a9ca44f7bad4698210b480c8e9"},"headline":"Hommage \u00e0 Kh\u00e9mais Chammari \u00e0 Paris\u00a0","datePublished":"2024-02-12T09:22:09+00:00","dateModified":"2024-02-12T09:23:49+00:00","mainEntityOfPage":{"@id":"https:\/\/kapitalis.com\/tunisie\/2024\/02\/12\/hommage-a-khemais-chammari-a-paris\/"},"wordCount":236,"commentCount":0,"publisher":{"@id":"https:\/\/kapitalis.com\/tunisie\/#organization"},"image":{"@id":"https:\/\/kapitalis.com\/tunisie\/2024\/02\/12\/hommage-a-khemais-chammari-a-paris\/#primaryimage"},"thumbnailUrl":"https:\/\/kapitalis.com\/tunisie\/wp-content\/uploads\/2024\/01\/Khemaies-Chammari-j.jpg","keywords":["Alya Cherif-Chammari","CRLDHT","Kh\u00e9ma\u00efs Chammari","Tunisie","Unesco"],"articleSection":["POLITIQUE","Tunisie"],"inLanguage":"fr-FR","potentialAction":[{"@type":"CommentAction","name":"Comment","target":["https:\/\/kapitalis.com\/tunisie\/2024\/02\/12\/hommage-a-khemais-chammari-a-paris\/#respond"]}]},{"@type":"WebPage","@id":"https:\/\/kapitalis.com\/tunisie\/2024\/02\/12\/hommage-a-khemais-chammari-a-paris\/","url":"https:\/\/kapitalis.com\/tunisie\/2024\/02\/12\/hommage-a-khemais-chammari-a-paris\/","name":"Hommage \u00e0 Kh\u00e9mais Chammari \u00e0 Paris\u00a0 - Kapitalis","isPartOf":{"@id":"https:\/\/kapitalis.com\/tunisie\/#website"},"primaryImageOfPage":{"@id":"https:\/\/kapitalis.com\/tunisie\/2024\/02\/12\/hommage-a-khemais-chammari-a-paris\/#primaryimage"},"image":{"@id":"https:\/\/kapitalis.com\/tunisie\/2024\/02\/12\/hommage-a-khemais-chammari-a-paris\/#primaryimage"},"thumbnailUrl":"https:\/\/kapitalis.com\/tunisie\/wp-content\/uploads\/2024\/01\/Khemaies-Chammari-j.jpg","datePublished":"2024-02-12T09:22:09+00:00","dateModified":"2024-02-12T09:23:49+00:00","breadcrumb":{"@id":"https:\/\/kapitalis.com\/tunisie\/2024\/02\/12\/hommage-a-khemais-chammari-a-paris\/#breadcrumb"},"inLanguage":"fr-FR","potentialAction":[{"@type":"ReadAction","target":["https:\/\/kapitalis.com\/tunisie\/2024\/02\/12\/hommage-a-khemais-chammari-a-paris\/"]}]},{"@type":"ImageObject","inLanguage":"fr-FR","@id":"https:\/\/kapitalis.com\/tunisie\/2024\/02\/12\/hommage-a-khemais-chammari-a-paris\/#primaryimage","url":"https:\/\/kapitalis.com\/tunisie\/wp-content\/uploads\/2024\/01\/Khemaies-Chammari-j.jpg","contentUrl":"https:\/\/kapitalis.com\/tunisie\/wp-content\/uploads\/2024\/01\/Khemaies-Chammari-j.jpg","width":1200,"height":630},{"@type":"BreadcrumbList","@id":"https:\/\/kapitalis.com\/tunisie\/2024\/02\/12\/hommage-a-khemais-chammari-a-paris\/#breadcrumb","itemListElement":[{"@type":"ListItem","position":1,"name":"Accueil","item":"https:\/\/kapitalis.com\/tunisie\/"},{"@type":"ListItem","position":2,"name":"Hommage \u00e0 Kh\u00e9mais Chammari \u00e0 Paris\u00a0"}]},{"@type":"WebSite","@id":"https:\/\/kapitalis.com\/tunisie\/#website","url":"https:\/\/kapitalis.com\/tunisie\/","name":"Kapitalis","description":"L&#039;actualit\u00e9 en Tunisie et dans le monde","publisher":{"@id":"https:\/\/kapitalis.com\/tunisie\/#organization"},"potentialAction":[{"@type":"SearchAction","target":{"@type":"EntryPoint","urlTemplate":"https:\/\/kapitalis.com\/tunisie\/?s={search_term_string}"},"query-input":{"@type":"PropertyValueSpecification","valueRequired":true,"valueName":"search_term_string"}}],"inLanguage":"fr-FR"},{"@type":"Organization","@id":"https:\/\/kapitalis.com\/tunisie\/#organization","name":"Kapitalis","url":"https:\/\/kapitalis.com\/tunisie\/","logo":{"@type":"ImageObject","inLanguage":"fr-FR","@id":"https:\/\/kapitalis.com\/tunisie\/#\/schema\/logo\/image\/","url":"https:\/\/kapitalis.com\/tunisie\/wp-content\/uploads\/2022\/05\/Kapitalis-big-size.png","contentUrl":"https:\/\/kapitalis.com\/tunisie\/wp-content\/uploads\/2022\/05\/Kapitalis-big-size.png","width":5000,"height":1500,"caption":"Kapitalis"},"image":{"@id":"https:\/\/kapitalis.com\/tunisie\/#\/schema\/logo\/image\/"},"sameAs":["https:\/\/www.facebook.com\/KapitalisInfo\/","https:\/\/x.com\/KapitalisInfo","https:\/\/www.youtube.com\/channel\/UC-yDYrHyfFBWWZaOw3FPg9Q"]},{"@type":"Person","@id":"https:\/\/kapitalis.com\/tunisie\/#\/schema\/person\/d71f33a9ca44f7bad4698210b480c8e9","name":"webmaster kapitalis","url":"https:\/\/kapitalis.com\/tunisie\/author\/webmaster-kapitalis\/"}]}},"_links":{"self":[{"href":"https:\/\/kapitalis.com\/tunisie\/wp-json\/wp\/v2\/posts\/11598948","targetHints":{"allow":["GET"]}}],"collection":[{"href":"https:\/\/kapitalis.com\/tunisie\/wp-json\/wp\/v2\/posts"}],"about":[{"href":"https:\/\/kapitalis.com\/tunisie\/wp-json\/wp\/v2\/types\/post"}],"author":[{"embeddable":true,"href":"https:\/\/kapitalis.com\/tunisie\/wp-json\/wp\/v2\/users\/8"}],"replies":[{"embeddable":true,"href":"https:\/\/kapitalis.com\/tunisie\/wp-json\/wp\/v2\/comments?post=11598948"}],"version-history":[{"count":2,"href":"https:\/\/kapitalis.com\/tunisie\/wp-json\/wp\/v2\/posts\/11598948\/revisions"}],"predecessor-version":[{"id":11599107,"href":"https:\/\/kapitalis.com\/tunisie\/wp-json\/wp\/v2\/posts\/11598948\/revisions\/11599107"}],"wp:featuredmedia":[{"embeddable":true,"href":"https:\/\/kapitalis.com\/tunisie\/wp-json\/wp\/v2\/media\/11124078"}],"wp:attachment":[{"href":"https:\/\/kapitalis.com\/tunisie\/wp-json\/wp\/v2\/media?parent=11598948"}],"wp:term":[{"taxonomy":"category","embeddable":true,"href":"https:\/\/kapitalis.com\/tunisie\/wp-json\/wp\/v2\/categories?post=11598948"},{"taxonomy":"post_tag","embeddable":true,"href":"https:\/\/kapitalis.com\/tunisie\/wp-json\/wp\/v2\/tags?post=11598948"}],"curies":[{"name":"wp","href":"https:\/\/api.w.org\/{rel}","templated":true}]}}