{"id":116174,"date":"2017-09-28T11:36:34","date_gmt":"2017-09-28T10:36:34","guid":{"rendered":"http:\/\/kapitalis.com\/tunisie\/?p=116174"},"modified":"2017-09-28T11:36:34","modified_gmt":"2017-09-28T10:36:34","slug":"utica-appui-de-la-bid-au-secteur-prive-tunisien","status":"publish","type":"post","link":"https:\/\/kapitalis.com\/tunisie\/2017\/09\/28\/utica-appui-de-la-bid-au-secteur-prive-tunisien\/","title":{"rendered":"Utica : Appui de la BID au secteur priv\u00e9 tunisien"},"content":{"rendered":"<p style=\"text-align: center;\"><img loading=\"lazy\" decoding=\"async\" class=\"alignnone size-full wp-image-116175\" src=\"http:\/\/kapitalis.com\/tunisie\/wp-content\/uploads\/2017\/09\/Utica-BID.jpg\" alt=\"\" width=\"626\" height=\"380\" \/><\/p>\n<p><em><strong>L\u2019appui de la BID au secteur priv\u00e9 tunisien a \u00e9t\u00e9 au centre d\u2019une r\u00e9union de travail, hier, au si\u00e8ge de la centrale patronale tunisienne.<\/strong> <\/em><\/p>\n<p><!--more--><\/p>\n<p>Un s\u00e9minaire s\u2019est tenu le mardi 26 septembre 2017, \u00e0 Tunis, pour discuter le document de partenariat strat\u00e9gique de la coop\u00e9ration entre la R\u00e9publique tunisienne et la Banque islamique du d\u00e9veloppement (BID).<\/p>\n<p>En marge de ce s\u00e9minaire, une r\u00e9union de travail consacr\u00e9e \u00e0 l\u2019appui de la BID au secteur priv\u00e9, pr\u00e9sid\u00e9e Ouided Bouchamaoui, pr\u00e9sidente de l\u2019Union tunisienne de l\u2019industrie, du commerce et de l\u2019artisanat (Utica), et Ahmed Salah Hariri, directeur du d\u00e9partement de programme \u00e0 la BID, s\u2019est tenue le mercredi 27 septembre au si\u00e8ge de la centrale patronale, \u00e0 la Cit\u00e9 El-Khadra, \u00e0 Tunis, en pr\u00e9sence des membres du bureau ex\u00e9cutif de l\u2019Utica et des responsables d\u2019\u00e9tablissement de financement.<\/p>\n<p>La pr\u00e9sidente de l\u2019Utica a pr\u00e9sent\u00e9 \u00e0 cette occasion \u00e0 la d\u00e9l\u00e9gation de la BID, les structures et le programme d\u2019action de la centrale patronale, ajoutant que le secteur priv\u00e9 tunisien souhaite un renforcement et un \u00e9largissement des domaines couverts par cette coop\u00e9ration pour englober de nouveaux secteurs tel que les \u00e9nergies renouvelables, la formation, le commerce ext\u00e9rieur, l\u2019internationalisation des entreprises tunisiennes, le partenariat public priv\u00e9 (PPP). Elle a ajout\u00e9 que la Tunisie dispose des atouts n\u00e9cessaires pour devenir un hub r\u00e9gional pour acc\u00e9der aux march\u00e9s africains et que de nombreuses entreprises tunisiennes op\u00e8rent d\u00e9j\u00e0 sur le continent.<\/p>\n<p>D\u2019autres march\u00e9s tels ceux d\u2019Asie centrale peuvent aussi \u00eatre couverts par cette coop\u00e9ration qui ne peut \u00eatre que positive et b\u00e9n\u00e9fique pour les deux parties, a affirm\u00e9 Mme Bouchamaoui.<\/p>\n<p>M. Hariri a, de son c\u00f4t\u00e9, mis l\u2019accent sur le document de partenariat strat\u00e9gique de coop\u00e9ration entre la BID et la Tunisie en cours de discussion entre les deux parties. Il a pr\u00e9sent\u00e9 les 3 axes de ce document qui sont : l\u2019int\u00e9gration sociale, le d\u00e9veloppement, la contribution \u00e0 l\u2019am\u00e9lioration de l\u2019infrastructure et la promotion du secteur priv\u00e9, ajoutant qu\u2019il est pr\u00e9vu que ce document strat\u00e9gique soit finalis\u00e9 par les deux parties d\u2019ici le mois de novembre prochain.<\/p>\n<p>M. Hariri a aussi pr\u00e9sent\u00e9 le projet de la BID pour promouvoir la coop\u00e9ration entre les pays arabes et africains et intitul\u00e9 <em>\u00abArab african trade bridges\u00bb<\/em> destin\u00e9 \u00e0 renforcer les \u00e9changes entres les pays arabes et l\u2019Afrique.<\/p>\n<p>Au cours des discussions les intervenants ont abord\u00e9s notamment des questions int\u00e9ressant le renforcement de l\u2019appui de la BID au secteur priv\u00e9, la promotion du PPP, l\u2019acc\u00e8s aux march\u00e9s des pays islamiques d\u2019Asie centrale, le financement des entreprises priv\u00e9es, l\u2019int\u00e9gration de l\u2019\u00e9conomie parall\u00e8le dans l\u2019\u00e9conomie informelle et le renforcement des \u00e9tablissements financiers\u2026.<\/p>\n<p><em><strong>Source<\/strong> <\/em>: communiqu\u00e9.<\/p>\n","protected":false},"excerpt":{"rendered":"<p>L\u2019appui de la BID au secteur priv\u00e9 tunisien a \u00e9t\u00e9 au centre d\u2019une r\u00e9union de travail, hier, au si\u00e8ge de la centrale patronale tunisienne.<\/p>\n","protected":false},"author":8,"featured_media":116175,"comment_status":"open","ping_status":"open","sticky":false,"template":"","format":"standard","meta":{"footnotes":""},"categories":[995,2433],"tags":[20515,10871],"class_list":["post-116174","post","type-post","status-publish","format-standard","has-post-thumbnail","hentry","category-economie","category-tunisie","tag-bid","tag-ouided-bouchamaoui"],"yoast_head":"<!-- This site is optimized with the Yoast SEO plugin v26.6 - https:\/\/yoast.com\/wordpress\/plugins\/seo\/ -->\n<title>Utica : Appui de la BID au secteur priv\u00e9 tunisien - Kapitalis<\/title>\n<meta name=\"robots\" content=\"index, follow, max-snippet:-1, max-image-preview:large, max-video-preview:-1\" \/>\n<link rel=\"canonical\" href=\"https:\/\/kapitalis.com\/tunisie\/2017\/09\/28\/utica-appui-de-la-bid-au-secteur-prive-tunisien\/\" \/>\n<meta property=\"og:locale\" content=\"fr_FR\" \/>\n<meta property=\"og:type\" content=\"article\" \/>\n<meta property=\"og:title\" content=\"Utica : Appui de la BID au secteur priv\u00e9 tunisien - Kapitalis\" \/>\n<meta property=\"og:description\" content=\"L\u2019appui de la BID au secteur priv\u00e9 tunisien a \u00e9t\u00e9 au centre d\u2019une r\u00e9union de travail, hier, au si\u00e8ge de la centrale patronale tunisienne.\" \/>\n<meta property=\"og:url\" content=\"https:\/\/kapitalis.com\/tunisie\/2017\/09\/28\/utica-appui-de-la-bid-au-secteur-prive-tunisien\/\" \/>\n<meta property=\"og:site_name\" content=\"Kapitalis\" \/>\n<meta property=\"article:publisher\" content=\"https:\/\/www.facebook.com\/KapitalisInfo\/\" \/>\n<meta property=\"article:published_time\" content=\"2017-09-28T10:36:34+00:00\" \/>\n<meta property=\"og:image\" content=\"https:\/\/kapitalis.com\/tunisie\/wp-content\/uploads\/2022\/05\/kapitalis-logo-fb.png\" \/>\n\t<meta property=\"og:image:width\" content=\"1200\" \/>\n\t<meta property=\"og:image:height\" content=\"630\" \/>\n\t<meta property=\"og:image:type\" content=\"image\/png\" \/>\n<meta name=\"author\" content=\"webmaster kapitalis\" \/>\n<meta name=\"twitter:card\" content=\"summary_large_image\" \/>\n<meta name=\"twitter:creator\" content=\"@KapitalisInfo\" \/>\n<meta name=\"twitter:site\" content=\"@KapitalisInfo\" \/>\n<meta name=\"twitter:label1\" content=\"\u00c9crit par\" \/>\n\t<meta name=\"twitter:data1\" content=\"webmaster kapitalis\" \/>\n\t<meta name=\"twitter:label2\" content=\"Dur\u00e9e de lecture estim\u00e9e\" \/>\n\t<meta name=\"twitter:data2\" content=\"2 minutes\" \/>\n<script type=\"application\/ld+json\" class=\"yoast-schema-graph\">{\"@context\":\"https:\/\/schema.org\",\"@graph\":[{\"@type\":\"Article\",\"@id\":\"https:\/\/kapitalis.com\/tunisie\/2017\/09\/28\/utica-appui-de-la-bid-au-secteur-prive-tunisien\/#article\",\"isPartOf\":{\"@id\":\"https:\/\/kapitalis.com\/tunisie\/2017\/09\/28\/utica-appui-de-la-bid-au-secteur-prive-tunisien\/\"},\"author\":{\"name\":\"webmaster kapitalis\",\"@id\":\"https:\/\/kapitalis.com\/tunisie\/#\/schema\/person\/d71f33a9ca44f7bad4698210b480c8e9\"},\"headline\":\"Utica : Appui de la BID au secteur priv\u00e9 tunisien\",\"datePublished\":\"2017-09-28T10:36:34+00:00\",\"mainEntityOfPage\":{\"@id\":\"https:\/\/kapitalis.com\/tunisie\/2017\/09\/28\/utica-appui-de-la-bid-au-secteur-prive-tunisien\/\"},\"wordCount\":504,\"commentCount\":0,\"publisher\":{\"@id\":\"https:\/\/kapitalis.com\/tunisie\/#organization\"},\"image\":{\"@id\":\"https:\/\/kapitalis.com\/tunisie\/2017\/09\/28\/utica-appui-de-la-bid-au-secteur-prive-tunisien\/#primaryimage\"},\"thumbnailUrl\":\"\",\"keywords\":[\"BID\",\"Ouided Bouchamaoui\"],\"articleSection\":[\"ECONOMIE\",\"Tunisie\"],\"inLanguage\":\"fr-FR\",\"potentialAction\":[{\"@type\":\"CommentAction\",\"name\":\"Comment\",\"target\":[\"https:\/\/kapitalis.com\/tunisie\/2017\/09\/28\/utica-appui-de-la-bid-au-secteur-prive-tunisien\/#respond\"]}]},{\"@type\":\"WebPage\",\"@id\":\"https:\/\/kapitalis.com\/tunisie\/2017\/09\/28\/utica-appui-de-la-bid-au-secteur-prive-tunisien\/\",\"url\":\"https:\/\/kapitalis.com\/tunisie\/2017\/09\/28\/utica-appui-de-la-bid-au-secteur-prive-tunisien\/\",\"name\":\"Utica : Appui de la BID au secteur priv\u00e9 tunisien - Kapitalis\",\"isPartOf\":{\"@id\":\"https:\/\/kapitalis.com\/tunisie\/#website\"},\"primaryImageOfPage\":{\"@id\":\"https:\/\/kapitalis.com\/tunisie\/2017\/09\/28\/utica-appui-de-la-bid-au-secteur-prive-tunisien\/#primaryimage\"},\"image\":{\"@id\":\"https:\/\/kapitalis.com\/tunisie\/2017\/09\/28\/utica-appui-de-la-bid-au-secteur-prive-tunisien\/#primaryimage\"},\"thumbnailUrl\":\"\",\"datePublished\":\"2017-09-28T10:36:34+00:00\",\"breadcrumb\":{\"@id\":\"https:\/\/kapitalis.com\/tunisie\/2017\/09\/28\/utica-appui-de-la-bid-au-secteur-prive-tunisien\/#breadcrumb\"},\"inLanguage\":\"fr-FR\",\"potentialAction\":[{\"@type\":\"ReadAction\",\"target\":[\"https:\/\/kapitalis.com\/tunisie\/2017\/09\/28\/utica-appui-de-la-bid-au-secteur-prive-tunisien\/\"]}]},{\"@type\":\"ImageObject\",\"inLanguage\":\"fr-FR\",\"@id\":\"https:\/\/kapitalis.com\/tunisie\/2017\/09\/28\/utica-appui-de-la-bid-au-secteur-prive-tunisien\/#primaryimage\",\"url\":\"\",\"contentUrl\":\"\"},{\"@type\":\"BreadcrumbList\",\"@id\":\"https:\/\/kapitalis.com\/tunisie\/2017\/09\/28\/utica-appui-de-la-bid-au-secteur-prive-tunisien\/#breadcrumb\",\"itemListElement\":[{\"@type\":\"ListItem\",\"position\":1,\"name\":\"Accueil\",\"item\":\"https:\/\/kapitalis.com\/tunisie\/\"},{\"@type\":\"ListItem\",\"position\":2,\"name\":\"Utica : Appui de la BID au secteur priv\u00e9 tunisien\"}]},{\"@type\":\"WebSite\",\"@id\":\"https:\/\/kapitalis.com\/tunisie\/#website\",\"url\":\"https:\/\/kapitalis.com\/tunisie\/\",\"name\":\"Kapitalis\",\"description\":\"L&#039;actualit\u00e9 en Tunisie et dans le monde\",\"publisher\":{\"@id\":\"https:\/\/kapitalis.com\/tunisie\/#organization\"},\"potentialAction\":[{\"@type\":\"SearchAction\",\"target\":{\"@type\":\"EntryPoint\",\"urlTemplate\":\"https:\/\/kapitalis.com\/tunisie\/?s={search_term_string}\"},\"query-input\":{\"@type\":\"PropertyValueSpecification\",\"valueRequired\":true,\"valueName\":\"search_term_string\"}}],\"inLanguage\":\"fr-FR\"},{\"@type\":\"Organization\",\"@id\":\"https:\/\/kapitalis.com\/tunisie\/#organization\",\"name\":\"Kapitalis\",\"url\":\"https:\/\/kapitalis.com\/tunisie\/\",\"logo\":{\"@type\":\"ImageObject\",\"inLanguage\":\"fr-FR\",\"@id\":\"https:\/\/kapitalis.com\/tunisie\/#\/schema\/logo\/image\/\",\"url\":\"https:\/\/kapitalis.com\/tunisie\/wp-content\/uploads\/2022\/05\/Kapitalis-big-size.png\",\"contentUrl\":\"https:\/\/kapitalis.com\/tunisie\/wp-content\/uploads\/2022\/05\/Kapitalis-big-size.png\",\"width\":5000,\"height\":1500,\"caption\":\"Kapitalis\"},\"image\":{\"@id\":\"https:\/\/kapitalis.com\/tunisie\/#\/schema\/logo\/image\/\"},\"sameAs\":[\"https:\/\/www.facebook.com\/KapitalisInfo\/\",\"https:\/\/x.com\/KapitalisInfo\",\"https:\/\/www.youtube.com\/channel\/UC-yDYrHyfFBWWZaOw3FPg9Q\"]},{\"@type\":\"Person\",\"@id\":\"https:\/\/kapitalis.com\/tunisie\/#\/schema\/person\/d71f33a9ca44f7bad4698210b480c8e9\",\"name\":\"webmaster kapitalis\",\"url\":\"https:\/\/kapitalis.com\/tunisie\/author\/webmaster-kapitalis\/\"}]}<\/script>\n<!-- \/ Yoast SEO plugin. -->","yoast_head_json":{"title":"Utica : Appui de la BID au secteur priv\u00e9 tunisien - Kapitalis","robots":{"index":"index","follow":"follow","max-snippet":"max-snippet:-1","max-image-preview":"max-image-preview:large","max-video-preview":"max-video-preview:-1"},"canonical":"https:\/\/kapitalis.com\/tunisie\/2017\/09\/28\/utica-appui-de-la-bid-au-secteur-prive-tunisien\/","og_locale":"fr_FR","og_type":"article","og_title":"Utica : Appui de la BID au secteur priv\u00e9 tunisien - Kapitalis","og_description":"L\u2019appui de la BID au secteur priv\u00e9 tunisien a \u00e9t\u00e9 au centre d\u2019une r\u00e9union de travail, hier, au si\u00e8ge de la centrale patronale tunisienne.","og_url":"https:\/\/kapitalis.com\/tunisie\/2017\/09\/28\/utica-appui-de-la-bid-au-secteur-prive-tunisien\/","og_site_name":"Kapitalis","article_publisher":"https:\/\/www.facebook.com\/KapitalisInfo\/","article_published_time":"2017-09-28T10:36:34+00:00","og_image":[{"width":1200,"height":630,"url":"https:\/\/kapitalis.com\/tunisie\/wp-content\/uploads\/2022\/05\/kapitalis-logo-fb.png","type":"image\/png"}],"author":"webmaster kapitalis","twitter_card":"summary_large_image","twitter_creator":"@KapitalisInfo","twitter_site":"@KapitalisInfo","twitter_misc":{"\u00c9crit par":"webmaster kapitalis","Dur\u00e9e de lecture estim\u00e9e":"2 minutes"},"schema":{"@context":"https:\/\/schema.org","@graph":[{"@type":"Article","@id":"https:\/\/kapitalis.com\/tunisie\/2017\/09\/28\/utica-appui-de-la-bid-au-secteur-prive-tunisien\/#article","isPartOf":{"@id":"https:\/\/kapitalis.com\/tunisie\/2017\/09\/28\/utica-appui-de-la-bid-au-secteur-prive-tunisien\/"},"author":{"name":"webmaster kapitalis","@id":"https:\/\/kapitalis.com\/tunisie\/#\/schema\/person\/d71f33a9ca44f7bad4698210b480c8e9"},"headline":"Utica : Appui de la BID au secteur priv\u00e9 tunisien","datePublished":"2017-09-28T10:36:34+00:00","mainEntityOfPage":{"@id":"https:\/\/kapitalis.com\/tunisie\/2017\/09\/28\/utica-appui-de-la-bid-au-secteur-prive-tunisien\/"},"wordCount":504,"commentCount":0,"publisher":{"@id":"https:\/\/kapitalis.com\/tunisie\/#organization"},"image":{"@id":"https:\/\/kapitalis.com\/tunisie\/2017\/09\/28\/utica-appui-de-la-bid-au-secteur-prive-tunisien\/#primaryimage"},"thumbnailUrl":"","keywords":["BID","Ouided Bouchamaoui"],"articleSection":["ECONOMIE","Tunisie"],"inLanguage":"fr-FR","potentialAction":[{"@type":"CommentAction","name":"Comment","target":["https:\/\/kapitalis.com\/tunisie\/2017\/09\/28\/utica-appui-de-la-bid-au-secteur-prive-tunisien\/#respond"]}]},{"@type":"WebPage","@id":"https:\/\/kapitalis.com\/tunisie\/2017\/09\/28\/utica-appui-de-la-bid-au-secteur-prive-tunisien\/","url":"https:\/\/kapitalis.com\/tunisie\/2017\/09\/28\/utica-appui-de-la-bid-au-secteur-prive-tunisien\/","name":"Utica : Appui de la BID au secteur priv\u00e9 tunisien - Kapitalis","isPartOf":{"@id":"https:\/\/kapitalis.com\/tunisie\/#website"},"primaryImageOfPage":{"@id":"https:\/\/kapitalis.com\/tunisie\/2017\/09\/28\/utica-appui-de-la-bid-au-secteur-prive-tunisien\/#primaryimage"},"image":{"@id":"https:\/\/kapitalis.com\/tunisie\/2017\/09\/28\/utica-appui-de-la-bid-au-secteur-prive-tunisien\/#primaryimage"},"thumbnailUrl":"","datePublished":"2017-09-28T10:36:34+00:00","breadcrumb":{"@id":"https:\/\/kapitalis.com\/tunisie\/2017\/09\/28\/utica-appui-de-la-bid-au-secteur-prive-tunisien\/#breadcrumb"},"inLanguage":"fr-FR","potentialAction":[{"@type":"ReadAction","target":["https:\/\/kapitalis.com\/tunisie\/2017\/09\/28\/utica-appui-de-la-bid-au-secteur-prive-tunisien\/"]}]},{"@type":"ImageObject","inLanguage":"fr-FR","@id":"https:\/\/kapitalis.com\/tunisie\/2017\/09\/28\/utica-appui-de-la-bid-au-secteur-prive-tunisien\/#primaryimage","url":"","contentUrl":""},{"@type":"BreadcrumbList","@id":"https:\/\/kapitalis.com\/tunisie\/2017\/09\/28\/utica-appui-de-la-bid-au-secteur-prive-tunisien\/#breadcrumb","itemListElement":[{"@type":"ListItem","position":1,"name":"Accueil","item":"https:\/\/kapitalis.com\/tunisie\/"},{"@type":"ListItem","position":2,"name":"Utica : Appui de la BID au secteur priv\u00e9 tunisien"}]},{"@type":"WebSite","@id":"https:\/\/kapitalis.com\/tunisie\/#website","url":"https:\/\/kapitalis.com\/tunisie\/","name":"Kapitalis","description":"L&#039;actualit\u00e9 en Tunisie et dans le monde","publisher":{"@id":"https:\/\/kapitalis.com\/tunisie\/#organization"},"potentialAction":[{"@type":"SearchAction","target":{"@type":"EntryPoint","urlTemplate":"https:\/\/kapitalis.com\/tunisie\/?s={search_term_string}"},"query-input":{"@type":"PropertyValueSpecification","valueRequired":true,"valueName":"search_term_string"}}],"inLanguage":"fr-FR"},{"@type":"Organization","@id":"https:\/\/kapitalis.com\/tunisie\/#organization","name":"Kapitalis","url":"https:\/\/kapitalis.com\/tunisie\/","logo":{"@type":"ImageObject","inLanguage":"fr-FR","@id":"https:\/\/kapitalis.com\/tunisie\/#\/schema\/logo\/image\/","url":"https:\/\/kapitalis.com\/tunisie\/wp-content\/uploads\/2022\/05\/Kapitalis-big-size.png","contentUrl":"https:\/\/kapitalis.com\/tunisie\/wp-content\/uploads\/2022\/05\/Kapitalis-big-size.png","width":5000,"height":1500,"caption":"Kapitalis"},"image":{"@id":"https:\/\/kapitalis.com\/tunisie\/#\/schema\/logo\/image\/"},"sameAs":["https:\/\/www.facebook.com\/KapitalisInfo\/","https:\/\/x.com\/KapitalisInfo","https:\/\/www.youtube.com\/channel\/UC-yDYrHyfFBWWZaOw3FPg9Q"]},{"@type":"Person","@id":"https:\/\/kapitalis.com\/tunisie\/#\/schema\/person\/d71f33a9ca44f7bad4698210b480c8e9","name":"webmaster kapitalis","url":"https:\/\/kapitalis.com\/tunisie\/author\/webmaster-kapitalis\/"}]}},"_links":{"self":[{"href":"https:\/\/kapitalis.com\/tunisie\/wp-json\/wp\/v2\/posts\/116174","targetHints":{"allow":["GET"]}}],"collection":[{"href":"https:\/\/kapitalis.com\/tunisie\/wp-json\/wp\/v2\/posts"}],"about":[{"href":"https:\/\/kapitalis.com\/tunisie\/wp-json\/wp\/v2\/types\/post"}],"author":[{"embeddable":true,"href":"https:\/\/kapitalis.com\/tunisie\/wp-json\/wp\/v2\/users\/8"}],"replies":[{"embeddable":true,"href":"https:\/\/kapitalis.com\/tunisie\/wp-json\/wp\/v2\/comments?post=116174"}],"version-history":[{"count":0,"href":"https:\/\/kapitalis.com\/tunisie\/wp-json\/wp\/v2\/posts\/116174\/revisions"}],"wp:featuredmedia":[{"embeddable":true,"href":"https:\/\/kapitalis.com\/tunisie\/wp-json\/wp\/v2\/media\/116175"}],"wp:attachment":[{"href":"https:\/\/kapitalis.com\/tunisie\/wp-json\/wp\/v2\/media?parent=116174"}],"wp:term":[{"taxonomy":"category","embeddable":true,"href":"https:\/\/kapitalis.com\/tunisie\/wp-json\/wp\/v2\/categories?post=116174"},{"taxonomy":"post_tag","embeddable":true,"href":"https:\/\/kapitalis.com\/tunisie\/wp-json\/wp\/v2\/tags?post=116174"}],"curies":[{"name":"wp","href":"https:\/\/api.w.org\/{rel}","templated":true}]}}