{"id":11622556,"date":"2024-02-15T08:36:36","date_gmt":"2024-02-15T07:36:36","guid":{"rendered":"https:\/\/kapitalis.com\/tunisie\/?p=11622556"},"modified":"2024-02-15T08:36:37","modified_gmt":"2024-02-15T07:36:37","slug":"kais-saied-la-sous-traitance-est-un-esclavage-deguise","status":"publish","type":"post","link":"https:\/\/kapitalis.com\/tunisie\/2024\/02\/15\/kais-saied-la-sous-traitance-est-un-esclavage-deguise\/","title":{"rendered":"Ka\u00efs Sa\u00efed : \u00abLa sous-traitance est un esclavage d\u00e9guis\u00e9\u00bb"},"content":{"rendered":"\n<p><strong><em>Le pr\u00e9sident Ka\u00efs Sa\u00efed a discut\u00e9, mercredi 14 f\u00e9vrier 2024, lors d\u2019une r\u00e9union au Palais de Carthage avec le Premier ministre Ahmed Hachani, des activit\u00e9s du gouvernement et de la mise en \u0153uvre des grands projets bloqu\u00e9s depuis de nombreuses ann\u00e9es.<\/em><\/strong><\/p>\n\n\n\n<!--more-->\n\n\n\n<p>Selon un communiqu\u00e9 de la Pr\u00e9sidence de la R\u00e9publique, ces projets, qui n\u2019ont pas \u00e9t\u00e9 sp\u00e9cifi\u00e9s, <em>\u00absoit n\u2019ont pas d\u00e9marr\u00e9, soit ont d\u00e9marr\u00e9 et sont au point mort pour diverses raisons, notamment \u00e0 cause des proc\u00e9dures complexes et souvent du fait des lobbies de corruption qui estiment que l\u2019aboutissement de ces projets compromettent leurs int\u00e9r\u00eats.\u00bb<\/em><\/p>\n\n\n\n<p>La r\u00e9union a discut\u00e9 de la n\u00e9cessit\u00e9 de mettre fin \u00e0 la soi-disant sous-traitance, qui est un <em>\u00abesclavage d\u00e9guis\u00e9 et assimilable \u00e0 un trafic d\u2019\u00eatres humains\u00bb<\/em>, selon le m\u00eame communiqu\u00e9.<\/p>\n\n\n\n<p><em>\u00abDe quel droit une personne travaille-t-elle pour un petit salaire et le propri\u00e9taire de l\u2019entreprise est-il pay\u00e9 beaucoup plus\u00bb<\/em>, souligne-t-il, toujours selon le m\u00eame communiqu\u00e9.<\/p>\n\n\n\n<p>Le Pr\u00e9sident de la R\u00e9publique a \u00e9galement soulign\u00e9 la n\u00e9cessit\u00e9 de trouver une solution rapide pour les travailleurs des chantiers afin qu\u2019ils puissent b\u00e9n\u00e9ficier de leurs droits aupr\u00e8s de tel ou tel m\u00e9canisme. <em>\u00abCe qu\u2019on appelle un m\u00e9canisme maintient en fait de nombreuses personnes dans des situations pr\u00e9caires qui ne sont pas acceptables par un \u00c9tat dont la politique est bas\u00e9e sur la justice et l\u2019\u00e9quit\u00e9\u00bb<\/em>, aurait-il d\u00e9clar\u00e9.<\/p>\n\n\n\n<p>La r\u00e9union a \u00e9galement discut\u00e9 de la participation de la Tunisie \u00e0 la 37<sup>e<\/sup> session ordinaire de la Conf\u00e9rence des chefs d\u2019Etat et de gouvernement de l\u2019Union africaine.<\/p>\n\n\n\n<p>A cet \u00e9gard, le Pr\u00e9sident de la R\u00e9publique a r\u00e9it\u00e9r\u00e9 que la Tunisie \u0153uvre pour que l\u2019Afrique soit aux Africains et pour mettre fin aux souffrances de nombreux peuples africains depuis des d\u00e9cennies. Et ce, en d\u00e9pit du fait que le continent africain est riche en ressources naturelles qui<em> \u00abn\u2019ont malheureusement pas \u00e9t\u00e9 exploit\u00e9es par la majorit\u00e9 de sa population et que des centaines de millions de personnes continuent de vivre dans la pauvret\u00e9 et la faim, sans parler des organisations terroristes qui ont trouv\u00e9 dans ces ressources un espace pour se d\u00e9velopper et d\u00e9stabiliser davantage la s\u00e9curit\u00e9 et la stabilit\u00e9.\u00bb<\/em><\/p>\n\n\n\n<p><strong><em>D&rsquo;apr\u00e8s Tap.<\/em><\/strong><\/p>\n","protected":false},"excerpt":{"rendered":"<p>\u00abDe quel droit une personne travaille-t-elle pour un petit salaire et le propri\u00e9taire de l\u2019entreprise est-il pay\u00e9 beaucoup plus\u00bb, s&rsquo;interroge Ka\u00efs Sa\u00efed. <\/p>\n","protected":false},"author":8,"featured_media":11622599,"comment_status":"open","ping_status":"open","sticky":false,"template":"","format":"standard","meta":{"footnotes":""},"categories":[997,2433],"tags":[110245,64471,76012,107650,62643],"class_list":["post-11622556","post","type-post","status-publish","format-standard","has-post-thumbnail","hentry","category-politique","category-tunisie","tag-ahmed-hachani","tag-corruption","tag-kais-saied-2","tag-sous-traitance","tag-tunisie"],"yoast_head":"<!-- This site is optimized with the Yoast SEO plugin v26.6 - https:\/\/yoast.com\/wordpress\/plugins\/seo\/ -->\n<title>Ka\u00efs Sa\u00efed : \u00abLa sous-traitance est un esclavage d\u00e9guis\u00e9\u00bb - Kapitalis<\/title>\n<meta name=\"robots\" content=\"index, follow, max-snippet:-1, max-image-preview:large, max-video-preview:-1\" \/>\n<link rel=\"canonical\" href=\"https:\/\/kapitalis.com\/tunisie\/2024\/02\/15\/kais-saied-la-sous-traitance-est-un-esclavage-deguise\/\" \/>\n<meta property=\"og:locale\" content=\"fr_FR\" \/>\n<meta property=\"og:type\" content=\"article\" \/>\n<meta property=\"og:title\" content=\"Ka\u00efs Sa\u00efed : \u00abLa sous-traitance est un esclavage d\u00e9guis\u00e9\u00bb - Kapitalis\" \/>\n<meta property=\"og:description\" content=\"\u00abDe quel droit une personne travaille-t-elle pour un petit salaire et le propri\u00e9taire de l\u2019entreprise est-il pay\u00e9 beaucoup plus\u00bb, s&#039;interroge Ka\u00efs Sa\u00efed.\" \/>\n<meta property=\"og:url\" content=\"https:\/\/kapitalis.com\/tunisie\/2024\/02\/15\/kais-saied-la-sous-traitance-est-un-esclavage-deguise\/\" \/>\n<meta property=\"og:site_name\" content=\"Kapitalis\" \/>\n<meta property=\"article:publisher\" content=\"https:\/\/www.facebook.com\/KapitalisInfo\/\" \/>\n<meta property=\"article:published_time\" content=\"2024-02-15T07:36:36+00:00\" \/>\n<meta property=\"article:modified_time\" content=\"2024-02-15T07:36:37+00:00\" \/>\n<meta property=\"og:image\" content=\"https:\/\/kapitalis.com\/tunisie\/wp-content\/uploads\/2024\/02\/Kais-Saied-Ahmed-Hachani-1.jpg\" \/>\n\t<meta property=\"og:image:width\" content=\"1200\" \/>\n\t<meta property=\"og:image:height\" content=\"630\" \/>\n\t<meta property=\"og:image:type\" content=\"image\/jpeg\" \/>\n<meta name=\"author\" content=\"webmaster kapitalis\" \/>\n<meta name=\"twitter:card\" content=\"summary_large_image\" \/>\n<meta name=\"twitter:creator\" content=\"@KapitalisInfo\" \/>\n<meta name=\"twitter:site\" content=\"@KapitalisInfo\" \/>\n<meta name=\"twitter:label1\" content=\"\u00c9crit par\" \/>\n\t<meta name=\"twitter:data1\" content=\"webmaster kapitalis\" \/>\n\t<meta name=\"twitter:label2\" content=\"Dur\u00e9e de lecture estim\u00e9e\" \/>\n\t<meta name=\"twitter:data2\" content=\"2 minutes\" \/>\n<script type=\"application\/ld+json\" class=\"yoast-schema-graph\">{\"@context\":\"https:\/\/schema.org\",\"@graph\":[{\"@type\":\"Article\",\"@id\":\"https:\/\/kapitalis.com\/tunisie\/2024\/02\/15\/kais-saied-la-sous-traitance-est-un-esclavage-deguise\/#article\",\"isPartOf\":{\"@id\":\"https:\/\/kapitalis.com\/tunisie\/2024\/02\/15\/kais-saied-la-sous-traitance-est-un-esclavage-deguise\/\"},\"author\":{\"name\":\"webmaster kapitalis\",\"@id\":\"https:\/\/kapitalis.com\/tunisie\/#\/schema\/person\/d71f33a9ca44f7bad4698210b480c8e9\"},\"headline\":\"Ka\u00efs Sa\u00efed : \u00abLa sous-traitance est un esclavage d\u00e9guis\u00e9\u00bb\",\"datePublished\":\"2024-02-15T07:36:36+00:00\",\"dateModified\":\"2024-02-15T07:36:37+00:00\",\"mainEntityOfPage\":{\"@id\":\"https:\/\/kapitalis.com\/tunisie\/2024\/02\/15\/kais-saied-la-sous-traitance-est-un-esclavage-deguise\/\"},\"wordCount\":415,\"commentCount\":5,\"publisher\":{\"@id\":\"https:\/\/kapitalis.com\/tunisie\/#organization\"},\"image\":{\"@id\":\"https:\/\/kapitalis.com\/tunisie\/2024\/02\/15\/kais-saied-la-sous-traitance-est-un-esclavage-deguise\/#primaryimage\"},\"thumbnailUrl\":\"https:\/\/kapitalis.com\/tunisie\/wp-content\/uploads\/2024\/02\/Kais-Saied-Ahmed-Hachani-1.jpg\",\"keywords\":[\"Ahmed Hachani\",\"corruption\",\"Ka\u00efs Sa\u00efed\",\"sous-traitance\",\"Tunisie\"],\"articleSection\":[\"POLITIQUE\",\"Tunisie\"],\"inLanguage\":\"fr-FR\",\"potentialAction\":[{\"@type\":\"CommentAction\",\"name\":\"Comment\",\"target\":[\"https:\/\/kapitalis.com\/tunisie\/2024\/02\/15\/kais-saied-la-sous-traitance-est-un-esclavage-deguise\/#respond\"]}]},{\"@type\":\"WebPage\",\"@id\":\"https:\/\/kapitalis.com\/tunisie\/2024\/02\/15\/kais-saied-la-sous-traitance-est-un-esclavage-deguise\/\",\"url\":\"https:\/\/kapitalis.com\/tunisie\/2024\/02\/15\/kais-saied-la-sous-traitance-est-un-esclavage-deguise\/\",\"name\":\"Ka\u00efs Sa\u00efed : \u00abLa sous-traitance est un esclavage d\u00e9guis\u00e9\u00bb - Kapitalis\",\"isPartOf\":{\"@id\":\"https:\/\/kapitalis.com\/tunisie\/#website\"},\"primaryImageOfPage\":{\"@id\":\"https:\/\/kapitalis.com\/tunisie\/2024\/02\/15\/kais-saied-la-sous-traitance-est-un-esclavage-deguise\/#primaryimage\"},\"image\":{\"@id\":\"https:\/\/kapitalis.com\/tunisie\/2024\/02\/15\/kais-saied-la-sous-traitance-est-un-esclavage-deguise\/#primaryimage\"},\"thumbnailUrl\":\"https:\/\/kapitalis.com\/tunisie\/wp-content\/uploads\/2024\/02\/Kais-Saied-Ahmed-Hachani-1.jpg\",\"datePublished\":\"2024-02-15T07:36:36+00:00\",\"dateModified\":\"2024-02-15T07:36:37+00:00\",\"breadcrumb\":{\"@id\":\"https:\/\/kapitalis.com\/tunisie\/2024\/02\/15\/kais-saied-la-sous-traitance-est-un-esclavage-deguise\/#breadcrumb\"},\"inLanguage\":\"fr-FR\",\"potentialAction\":[{\"@type\":\"ReadAction\",\"target\":[\"https:\/\/kapitalis.com\/tunisie\/2024\/02\/15\/kais-saied-la-sous-traitance-est-un-esclavage-deguise\/\"]}]},{\"@type\":\"ImageObject\",\"inLanguage\":\"fr-FR\",\"@id\":\"https:\/\/kapitalis.com\/tunisie\/2024\/02\/15\/kais-saied-la-sous-traitance-est-un-esclavage-deguise\/#primaryimage\",\"url\":\"https:\/\/kapitalis.com\/tunisie\/wp-content\/uploads\/2024\/02\/Kais-Saied-Ahmed-Hachani-1.jpg\",\"contentUrl\":\"https:\/\/kapitalis.com\/tunisie\/wp-content\/uploads\/2024\/02\/Kais-Saied-Ahmed-Hachani-1.jpg\",\"width\":1200,\"height\":630},{\"@type\":\"BreadcrumbList\",\"@id\":\"https:\/\/kapitalis.com\/tunisie\/2024\/02\/15\/kais-saied-la-sous-traitance-est-un-esclavage-deguise\/#breadcrumb\",\"itemListElement\":[{\"@type\":\"ListItem\",\"position\":1,\"name\":\"Accueil\",\"item\":\"https:\/\/kapitalis.com\/tunisie\/\"},{\"@type\":\"ListItem\",\"position\":2,\"name\":\"Ka\u00efs Sa\u00efed : \u00abLa sous-traitance est un esclavage d\u00e9guis\u00e9\u00bb\"}]},{\"@type\":\"WebSite\",\"@id\":\"https:\/\/kapitalis.com\/tunisie\/#website\",\"url\":\"https:\/\/kapitalis.com\/tunisie\/\",\"name\":\"Kapitalis\",\"description\":\"L&#039;actualit\u00e9 en Tunisie et dans le monde\",\"publisher\":{\"@id\":\"https:\/\/kapitalis.com\/tunisie\/#organization\"},\"potentialAction\":[{\"@type\":\"SearchAction\",\"target\":{\"@type\":\"EntryPoint\",\"urlTemplate\":\"https:\/\/kapitalis.com\/tunisie\/?s={search_term_string}\"},\"query-input\":{\"@type\":\"PropertyValueSpecification\",\"valueRequired\":true,\"valueName\":\"search_term_string\"}}],\"inLanguage\":\"fr-FR\"},{\"@type\":\"Organization\",\"@id\":\"https:\/\/kapitalis.com\/tunisie\/#organization\",\"name\":\"Kapitalis\",\"url\":\"https:\/\/kapitalis.com\/tunisie\/\",\"logo\":{\"@type\":\"ImageObject\",\"inLanguage\":\"fr-FR\",\"@id\":\"https:\/\/kapitalis.com\/tunisie\/#\/schema\/logo\/image\/\",\"url\":\"https:\/\/kapitalis.com\/tunisie\/wp-content\/uploads\/2022\/05\/Kapitalis-big-size.png\",\"contentUrl\":\"https:\/\/kapitalis.com\/tunisie\/wp-content\/uploads\/2022\/05\/Kapitalis-big-size.png\",\"width\":5000,\"height\":1500,\"caption\":\"Kapitalis\"},\"image\":{\"@id\":\"https:\/\/kapitalis.com\/tunisie\/#\/schema\/logo\/image\/\"},\"sameAs\":[\"https:\/\/www.facebook.com\/KapitalisInfo\/\",\"https:\/\/x.com\/KapitalisInfo\",\"https:\/\/www.youtube.com\/channel\/UC-yDYrHyfFBWWZaOw3FPg9Q\"]},{\"@type\":\"Person\",\"@id\":\"https:\/\/kapitalis.com\/tunisie\/#\/schema\/person\/d71f33a9ca44f7bad4698210b480c8e9\",\"name\":\"webmaster kapitalis\",\"url\":\"https:\/\/kapitalis.com\/tunisie\/author\/webmaster-kapitalis\/\"}]}<\/script>\n<!-- \/ Yoast SEO plugin. -->","yoast_head_json":{"title":"Ka\u00efs Sa\u00efed : \u00abLa sous-traitance est un esclavage d\u00e9guis\u00e9\u00bb - Kapitalis","robots":{"index":"index","follow":"follow","max-snippet":"max-snippet:-1","max-image-preview":"max-image-preview:large","max-video-preview":"max-video-preview:-1"},"canonical":"https:\/\/kapitalis.com\/tunisie\/2024\/02\/15\/kais-saied-la-sous-traitance-est-un-esclavage-deguise\/","og_locale":"fr_FR","og_type":"article","og_title":"Ka\u00efs Sa\u00efed : \u00abLa sous-traitance est un esclavage d\u00e9guis\u00e9\u00bb - Kapitalis","og_description":"\u00abDe quel droit une personne travaille-t-elle pour un petit salaire et le propri\u00e9taire de l\u2019entreprise est-il pay\u00e9 beaucoup plus\u00bb, s'interroge Ka\u00efs Sa\u00efed.","og_url":"https:\/\/kapitalis.com\/tunisie\/2024\/02\/15\/kais-saied-la-sous-traitance-est-un-esclavage-deguise\/","og_site_name":"Kapitalis","article_publisher":"https:\/\/www.facebook.com\/KapitalisInfo\/","article_published_time":"2024-02-15T07:36:36+00:00","article_modified_time":"2024-02-15T07:36:37+00:00","og_image":[{"width":1200,"height":630,"url":"https:\/\/kapitalis.com\/tunisie\/wp-content\/uploads\/2024\/02\/Kais-Saied-Ahmed-Hachani-1.jpg","type":"image\/jpeg"}],"author":"webmaster kapitalis","twitter_card":"summary_large_image","twitter_creator":"@KapitalisInfo","twitter_site":"@KapitalisInfo","twitter_misc":{"\u00c9crit par":"webmaster kapitalis","Dur\u00e9e de lecture estim\u00e9e":"2 minutes"},"schema":{"@context":"https:\/\/schema.org","@graph":[{"@type":"Article","@id":"https:\/\/kapitalis.com\/tunisie\/2024\/02\/15\/kais-saied-la-sous-traitance-est-un-esclavage-deguise\/#article","isPartOf":{"@id":"https:\/\/kapitalis.com\/tunisie\/2024\/02\/15\/kais-saied-la-sous-traitance-est-un-esclavage-deguise\/"},"author":{"name":"webmaster kapitalis","@id":"https:\/\/kapitalis.com\/tunisie\/#\/schema\/person\/d71f33a9ca44f7bad4698210b480c8e9"},"headline":"Ka\u00efs Sa\u00efed : \u00abLa sous-traitance est un esclavage d\u00e9guis\u00e9\u00bb","datePublished":"2024-02-15T07:36:36+00:00","dateModified":"2024-02-15T07:36:37+00:00","mainEntityOfPage":{"@id":"https:\/\/kapitalis.com\/tunisie\/2024\/02\/15\/kais-saied-la-sous-traitance-est-un-esclavage-deguise\/"},"wordCount":415,"commentCount":5,"publisher":{"@id":"https:\/\/kapitalis.com\/tunisie\/#organization"},"image":{"@id":"https:\/\/kapitalis.com\/tunisie\/2024\/02\/15\/kais-saied-la-sous-traitance-est-un-esclavage-deguise\/#primaryimage"},"thumbnailUrl":"https:\/\/kapitalis.com\/tunisie\/wp-content\/uploads\/2024\/02\/Kais-Saied-Ahmed-Hachani-1.jpg","keywords":["Ahmed Hachani","corruption","Ka\u00efs Sa\u00efed","sous-traitance","Tunisie"],"articleSection":["POLITIQUE","Tunisie"],"inLanguage":"fr-FR","potentialAction":[{"@type":"CommentAction","name":"Comment","target":["https:\/\/kapitalis.com\/tunisie\/2024\/02\/15\/kais-saied-la-sous-traitance-est-un-esclavage-deguise\/#respond"]}]},{"@type":"WebPage","@id":"https:\/\/kapitalis.com\/tunisie\/2024\/02\/15\/kais-saied-la-sous-traitance-est-un-esclavage-deguise\/","url":"https:\/\/kapitalis.com\/tunisie\/2024\/02\/15\/kais-saied-la-sous-traitance-est-un-esclavage-deguise\/","name":"Ka\u00efs Sa\u00efed : \u00abLa sous-traitance est un esclavage d\u00e9guis\u00e9\u00bb - Kapitalis","isPartOf":{"@id":"https:\/\/kapitalis.com\/tunisie\/#website"},"primaryImageOfPage":{"@id":"https:\/\/kapitalis.com\/tunisie\/2024\/02\/15\/kais-saied-la-sous-traitance-est-un-esclavage-deguise\/#primaryimage"},"image":{"@id":"https:\/\/kapitalis.com\/tunisie\/2024\/02\/15\/kais-saied-la-sous-traitance-est-un-esclavage-deguise\/#primaryimage"},"thumbnailUrl":"https:\/\/kapitalis.com\/tunisie\/wp-content\/uploads\/2024\/02\/Kais-Saied-Ahmed-Hachani-1.jpg","datePublished":"2024-02-15T07:36:36+00:00","dateModified":"2024-02-15T07:36:37+00:00","breadcrumb":{"@id":"https:\/\/kapitalis.com\/tunisie\/2024\/02\/15\/kais-saied-la-sous-traitance-est-un-esclavage-deguise\/#breadcrumb"},"inLanguage":"fr-FR","potentialAction":[{"@type":"ReadAction","target":["https:\/\/kapitalis.com\/tunisie\/2024\/02\/15\/kais-saied-la-sous-traitance-est-un-esclavage-deguise\/"]}]},{"@type":"ImageObject","inLanguage":"fr-FR","@id":"https:\/\/kapitalis.com\/tunisie\/2024\/02\/15\/kais-saied-la-sous-traitance-est-un-esclavage-deguise\/#primaryimage","url":"https:\/\/kapitalis.com\/tunisie\/wp-content\/uploads\/2024\/02\/Kais-Saied-Ahmed-Hachani-1.jpg","contentUrl":"https:\/\/kapitalis.com\/tunisie\/wp-content\/uploads\/2024\/02\/Kais-Saied-Ahmed-Hachani-1.jpg","width":1200,"height":630},{"@type":"BreadcrumbList","@id":"https:\/\/kapitalis.com\/tunisie\/2024\/02\/15\/kais-saied-la-sous-traitance-est-un-esclavage-deguise\/#breadcrumb","itemListElement":[{"@type":"ListItem","position":1,"name":"Accueil","item":"https:\/\/kapitalis.com\/tunisie\/"},{"@type":"ListItem","position":2,"name":"Ka\u00efs Sa\u00efed : \u00abLa sous-traitance est un esclavage d\u00e9guis\u00e9\u00bb"}]},{"@type":"WebSite","@id":"https:\/\/kapitalis.com\/tunisie\/#website","url":"https:\/\/kapitalis.com\/tunisie\/","name":"Kapitalis","description":"L&#039;actualit\u00e9 en Tunisie et dans le monde","publisher":{"@id":"https:\/\/kapitalis.com\/tunisie\/#organization"},"potentialAction":[{"@type":"SearchAction","target":{"@type":"EntryPoint","urlTemplate":"https:\/\/kapitalis.com\/tunisie\/?s={search_term_string}"},"query-input":{"@type":"PropertyValueSpecification","valueRequired":true,"valueName":"search_term_string"}}],"inLanguage":"fr-FR"},{"@type":"Organization","@id":"https:\/\/kapitalis.com\/tunisie\/#organization","name":"Kapitalis","url":"https:\/\/kapitalis.com\/tunisie\/","logo":{"@type":"ImageObject","inLanguage":"fr-FR","@id":"https:\/\/kapitalis.com\/tunisie\/#\/schema\/logo\/image\/","url":"https:\/\/kapitalis.com\/tunisie\/wp-content\/uploads\/2022\/05\/Kapitalis-big-size.png","contentUrl":"https:\/\/kapitalis.com\/tunisie\/wp-content\/uploads\/2022\/05\/Kapitalis-big-size.png","width":5000,"height":1500,"caption":"Kapitalis"},"image":{"@id":"https:\/\/kapitalis.com\/tunisie\/#\/schema\/logo\/image\/"},"sameAs":["https:\/\/www.facebook.com\/KapitalisInfo\/","https:\/\/x.com\/KapitalisInfo","https:\/\/www.youtube.com\/channel\/UC-yDYrHyfFBWWZaOw3FPg9Q"]},{"@type":"Person","@id":"https:\/\/kapitalis.com\/tunisie\/#\/schema\/person\/d71f33a9ca44f7bad4698210b480c8e9","name":"webmaster kapitalis","url":"https:\/\/kapitalis.com\/tunisie\/author\/webmaster-kapitalis\/"}]}},"_links":{"self":[{"href":"https:\/\/kapitalis.com\/tunisie\/wp-json\/wp\/v2\/posts\/11622556","targetHints":{"allow":["GET"]}}],"collection":[{"href":"https:\/\/kapitalis.com\/tunisie\/wp-json\/wp\/v2\/posts"}],"about":[{"href":"https:\/\/kapitalis.com\/tunisie\/wp-json\/wp\/v2\/types\/post"}],"author":[{"embeddable":true,"href":"https:\/\/kapitalis.com\/tunisie\/wp-json\/wp\/v2\/users\/8"}],"replies":[{"embeddable":true,"href":"https:\/\/kapitalis.com\/tunisie\/wp-json\/wp\/v2\/comments?post=11622556"}],"version-history":[{"count":1,"href":"https:\/\/kapitalis.com\/tunisie\/wp-json\/wp\/v2\/posts\/11622556\/revisions"}],"predecessor-version":[{"id":11622637,"href":"https:\/\/kapitalis.com\/tunisie\/wp-json\/wp\/v2\/posts\/11622556\/revisions\/11622637"}],"wp:featuredmedia":[{"embeddable":true,"href":"https:\/\/kapitalis.com\/tunisie\/wp-json\/wp\/v2\/media\/11622599"}],"wp:attachment":[{"href":"https:\/\/kapitalis.com\/tunisie\/wp-json\/wp\/v2\/media?parent=11622556"}],"wp:term":[{"taxonomy":"category","embeddable":true,"href":"https:\/\/kapitalis.com\/tunisie\/wp-json\/wp\/v2\/categories?post=11622556"},{"taxonomy":"post_tag","embeddable":true,"href":"https:\/\/kapitalis.com\/tunisie\/wp-json\/wp\/v2\/tags?post=11622556"}],"curies":[{"name":"wp","href":"https:\/\/api.w.org\/{rel}","templated":true}]}}