{"id":11644546,"date":"2024-02-17T19:23:37","date_gmt":"2024-02-17T18:23:37","guid":{"rendered":"https:\/\/kapitalis.com\/tunisie\/?p=11644546"},"modified":"2024-02-17T19:48:22","modified_gmt":"2024-02-17T18:48:22","slug":"drame-a-jendouba-deces-dun-enfant-dans-une-collision-entre-un-fourgon-penitentiaire-et-une-camionnette","status":"publish","type":"post","link":"https:\/\/kapitalis.com\/tunisie\/2024\/02\/17\/drame-a-jendouba-deces-dun-enfant-dans-une-collision-entre-un-fourgon-penitentiaire-et-une-camionnette\/","title":{"rendered":"Drame \u00e0 Jendouba : D\u00e9c\u00e8s d&rsquo;un enfant dans une collision entre un fourgon p\u00e9nitentiaire et une camionnette"},"content":{"rendered":"\n<p><em><strong>Un enfant de 4 ans est d\u00e9c\u00e9d\u00e9, ce samedi 17 f\u00e9vrier 2024 dans une collision entre un fourgon p\u00e9nitentiaire et une camionnette, \u00e0 Bousalem (Jendoubna). Son p\u00e8re et sa s\u0153ur ont \u00e9t\u00e9 admis en r\u00e9animation, alors que les d\u00e9tenus bless\u00e9s ont pu quitter l&rsquo;h\u00f4pital.<\/strong><\/em><\/p>\n\n\n\n<!--more-->\n\n\n\n<p>Le fourgon qui transportait 6 d\u00e9tenus vers la prison civile de Bulla Regia a percut\u00e9 en plein fouet la camionnette au niveau de la localit\u00e9 Erroumani, tuant l&rsquo;enfant de 4 ans sur le coup. Son p\u00e8re et sa s\u0153ur, gri\u00e8vement bless\u00e9s, ont \u00e9t\u00e9 transport\u00e9s \u00e0 l&rsquo;h\u00f4pital et admis en r\u00e9animation..<\/p>\n\n\n\n<p>Quant aux six d\u00e9tenus qui se trouvaient \u00e0 bord du fourgon, ils ont \u00e9t\u00e9 l\u00e9g\u00e8rement bless\u00e9s et ont pu quitter l&rsquo;h\u00f4pital cet apr\u00e8s-midi.<\/p>\n\n\n\n<p class=\"has-text-align-right\"><strong>Y. N.<\/strong><\/p>\n","protected":false},"excerpt":{"rendered":"<p>Un enfant de 4 ans est d\u00e9c\u00e9d\u00e9, ce samedi 17 f\u00e9vrier 2024 dans une collision entre un fourgon p\u00e9nitentiaire et une camionnette, \u00e0 Bousalem (Jendoubna). Son p\u00e8re et sa s\u0153ur ont \u00e9t\u00e9 admis en r\u00e9animation, alors que les d\u00e9tenus bless\u00e9s ont pu quitter l&rsquo;h\u00f4pital.<\/p>\n","protected":false},"author":6,"featured_media":6262368,"comment_status":"open","ping_status":"open","sticky":false,"template":"","format":"standard","meta":{"footnotes":""},"categories":[998,2433],"tags":[7181,64263,114007,515,83464,62643],"class_list":["post-11644546","post","type-post","status-publish","format-standard","has-post-thumbnail","hentry","category-societe","category-tunisie","tag-bousalem","tag-deces","tag-fourgon","tag-jendouba","tag-penitentiaire","tag-tunisie"],"yoast_head":"<!-- This site is optimized with the Yoast SEO plugin v26.6 - https:\/\/yoast.com\/wordpress\/plugins\/seo\/ -->\n<title>Drame \u00e0 Jendouba : D\u00e9c\u00e8s d&#039;un enfant dans une collision entre un fourgon p\u00e9nitentiaire et une camionnette - Kapitalis<\/title>\n<meta name=\"robots\" content=\"index, follow, max-snippet:-1, max-image-preview:large, max-video-preview:-1\" \/>\n<link rel=\"canonical\" href=\"https:\/\/kapitalis.com\/tunisie\/2024\/02\/17\/drame-a-jendouba-deces-dun-enfant-dans-une-collision-entre-un-fourgon-penitentiaire-et-une-camionnette\/\" \/>\n<meta property=\"og:locale\" content=\"fr_FR\" \/>\n<meta property=\"og:type\" content=\"article\" \/>\n<meta property=\"og:title\" content=\"Drame \u00e0 Jendouba : D\u00e9c\u00e8s d&#039;un enfant dans une collision entre un fourgon p\u00e9nitentiaire et une camionnette - Kapitalis\" \/>\n<meta property=\"og:description\" content=\"Un enfant de 4 ans est d\u00e9c\u00e9d\u00e9, ce samedi 17 f\u00e9vrier 2024 dans une collision entre un fourgon p\u00e9nitentiaire et une camionnette, \u00e0 Bousalem (Jendoubna). Son p\u00e8re et sa s\u0153ur ont \u00e9t\u00e9 admis en r\u00e9animation, alors que les d\u00e9tenus bless\u00e9s ont pu quitter l&rsquo;h\u00f4pital.\" \/>\n<meta property=\"og:url\" content=\"https:\/\/kapitalis.com\/tunisie\/2024\/02\/17\/drame-a-jendouba-deces-dun-enfant-dans-une-collision-entre-un-fourgon-penitentiaire-et-une-camionnette\/\" \/>\n<meta property=\"og:site_name\" content=\"Kapitalis\" \/>\n<meta property=\"article:publisher\" content=\"https:\/\/www.facebook.com\/KapitalisInfo\/\" \/>\n<meta property=\"article:published_time\" content=\"2024-02-17T18:23:37+00:00\" \/>\n<meta property=\"article:modified_time\" content=\"2024-02-17T18:48:22+00:00\" \/>\n<meta property=\"og:image\" content=\"https:\/\/kapitalis.com\/tunisie\/wp-content\/uploads\/2023\/02\/Protection-civile-accident.jpg\" \/>\n\t<meta property=\"og:image:width\" content=\"1200\" \/>\n\t<meta property=\"og:image:height\" content=\"630\" \/>\n\t<meta property=\"og:image:type\" content=\"image\/jpeg\" \/>\n<meta name=\"author\" content=\"Yusra NY\" \/>\n<meta name=\"twitter:card\" content=\"summary_large_image\" \/>\n<meta name=\"twitter:creator\" content=\"@KapitalisInfo\" \/>\n<meta name=\"twitter:site\" content=\"@KapitalisInfo\" \/>\n<meta name=\"twitter:label1\" content=\"\u00c9crit par\" \/>\n\t<meta name=\"twitter:data1\" content=\"Yusra NY\" \/>\n\t<meta name=\"twitter:label2\" content=\"Dur\u00e9e de lecture estim\u00e9e\" \/>\n\t<meta name=\"twitter:data2\" content=\"1 minute\" \/>\n<script type=\"application\/ld+json\" class=\"yoast-schema-graph\">{\"@context\":\"https:\/\/schema.org\",\"@graph\":[{\"@type\":\"Article\",\"@id\":\"https:\/\/kapitalis.com\/tunisie\/2024\/02\/17\/drame-a-jendouba-deces-dun-enfant-dans-une-collision-entre-un-fourgon-penitentiaire-et-une-camionnette\/#article\",\"isPartOf\":{\"@id\":\"https:\/\/kapitalis.com\/tunisie\/2024\/02\/17\/drame-a-jendouba-deces-dun-enfant-dans-une-collision-entre-un-fourgon-penitentiaire-et-une-camionnette\/\"},\"author\":{\"name\":\"Yusra NY\",\"@id\":\"https:\/\/kapitalis.com\/tunisie\/#\/schema\/person\/74bbde0154d49d790a92aaeac5bc01d5\"},\"headline\":\"Drame \u00e0 Jendouba : D\u00e9c\u00e8s d&rsquo;un enfant dans une collision entre un fourgon p\u00e9nitentiaire et une camionnette\",\"datePublished\":\"2024-02-17T18:23:37+00:00\",\"dateModified\":\"2024-02-17T18:48:22+00:00\",\"mainEntityOfPage\":{\"@id\":\"https:\/\/kapitalis.com\/tunisie\/2024\/02\/17\/drame-a-jendouba-deces-dun-enfant-dans-une-collision-entre-un-fourgon-penitentiaire-et-une-camionnette\/\"},\"wordCount\":153,\"commentCount\":1,\"publisher\":{\"@id\":\"https:\/\/kapitalis.com\/tunisie\/#organization\"},\"image\":{\"@id\":\"https:\/\/kapitalis.com\/tunisie\/2024\/02\/17\/drame-a-jendouba-deces-dun-enfant-dans-une-collision-entre-un-fourgon-penitentiaire-et-une-camionnette\/#primaryimage\"},\"thumbnailUrl\":\"https:\/\/kapitalis.com\/tunisie\/wp-content\/uploads\/2023\/02\/Protection-civile-accident.jpg\",\"keywords\":[\"Bousalem\",\"d\u00e9c\u00e8s\",\"fourgon\",\"Jendouba\",\"p\u00e9nitentiaire\",\"Tunisie\"],\"articleSection\":[\"SOCIETE\",\"Tunisie\"],\"inLanguage\":\"fr-FR\",\"potentialAction\":[{\"@type\":\"CommentAction\",\"name\":\"Comment\",\"target\":[\"https:\/\/kapitalis.com\/tunisie\/2024\/02\/17\/drame-a-jendouba-deces-dun-enfant-dans-une-collision-entre-un-fourgon-penitentiaire-et-une-camionnette\/#respond\"]}]},{\"@type\":\"WebPage\",\"@id\":\"https:\/\/kapitalis.com\/tunisie\/2024\/02\/17\/drame-a-jendouba-deces-dun-enfant-dans-une-collision-entre-un-fourgon-penitentiaire-et-une-camionnette\/\",\"url\":\"https:\/\/kapitalis.com\/tunisie\/2024\/02\/17\/drame-a-jendouba-deces-dun-enfant-dans-une-collision-entre-un-fourgon-penitentiaire-et-une-camionnette\/\",\"name\":\"Drame \u00e0 Jendouba : D\u00e9c\u00e8s d'un enfant dans une collision entre un fourgon p\u00e9nitentiaire et une camionnette - Kapitalis\",\"isPartOf\":{\"@id\":\"https:\/\/kapitalis.com\/tunisie\/#website\"},\"primaryImageOfPage\":{\"@id\":\"https:\/\/kapitalis.com\/tunisie\/2024\/02\/17\/drame-a-jendouba-deces-dun-enfant-dans-une-collision-entre-un-fourgon-penitentiaire-et-une-camionnette\/#primaryimage\"},\"image\":{\"@id\":\"https:\/\/kapitalis.com\/tunisie\/2024\/02\/17\/drame-a-jendouba-deces-dun-enfant-dans-une-collision-entre-un-fourgon-penitentiaire-et-une-camionnette\/#primaryimage\"},\"thumbnailUrl\":\"https:\/\/kapitalis.com\/tunisie\/wp-content\/uploads\/2023\/02\/Protection-civile-accident.jpg\",\"datePublished\":\"2024-02-17T18:23:37+00:00\",\"dateModified\":\"2024-02-17T18:48:22+00:00\",\"breadcrumb\":{\"@id\":\"https:\/\/kapitalis.com\/tunisie\/2024\/02\/17\/drame-a-jendouba-deces-dun-enfant-dans-une-collision-entre-un-fourgon-penitentiaire-et-une-camionnette\/#breadcrumb\"},\"inLanguage\":\"fr-FR\",\"potentialAction\":[{\"@type\":\"ReadAction\",\"target\":[\"https:\/\/kapitalis.com\/tunisie\/2024\/02\/17\/drame-a-jendouba-deces-dun-enfant-dans-une-collision-entre-un-fourgon-penitentiaire-et-une-camionnette\/\"]}]},{\"@type\":\"ImageObject\",\"inLanguage\":\"fr-FR\",\"@id\":\"https:\/\/kapitalis.com\/tunisie\/2024\/02\/17\/drame-a-jendouba-deces-dun-enfant-dans-une-collision-entre-un-fourgon-penitentiaire-et-une-camionnette\/#primaryimage\",\"url\":\"https:\/\/kapitalis.com\/tunisie\/wp-content\/uploads\/2023\/02\/Protection-civile-accident.jpg\",\"contentUrl\":\"https:\/\/kapitalis.com\/tunisie\/wp-content\/uploads\/2023\/02\/Protection-civile-accident.jpg\",\"width\":1200,\"height\":630},{\"@type\":\"BreadcrumbList\",\"@id\":\"https:\/\/kapitalis.com\/tunisie\/2024\/02\/17\/drame-a-jendouba-deces-dun-enfant-dans-une-collision-entre-un-fourgon-penitentiaire-et-une-camionnette\/#breadcrumb\",\"itemListElement\":[{\"@type\":\"ListItem\",\"position\":1,\"name\":\"Accueil\",\"item\":\"https:\/\/kapitalis.com\/tunisie\/\"},{\"@type\":\"ListItem\",\"position\":2,\"name\":\"Drame \u00e0 Jendouba : D\u00e9c\u00e8s d&rsquo;un enfant dans une collision entre un fourgon p\u00e9nitentiaire et une camionnette\"}]},{\"@type\":\"WebSite\",\"@id\":\"https:\/\/kapitalis.com\/tunisie\/#website\",\"url\":\"https:\/\/kapitalis.com\/tunisie\/\",\"name\":\"Kapitalis\",\"description\":\"L&#039;actualit\u00e9 en Tunisie et dans le monde\",\"publisher\":{\"@id\":\"https:\/\/kapitalis.com\/tunisie\/#organization\"},\"potentialAction\":[{\"@type\":\"SearchAction\",\"target\":{\"@type\":\"EntryPoint\",\"urlTemplate\":\"https:\/\/kapitalis.com\/tunisie\/?s={search_term_string}\"},\"query-input\":{\"@type\":\"PropertyValueSpecification\",\"valueRequired\":true,\"valueName\":\"search_term_string\"}}],\"inLanguage\":\"fr-FR\"},{\"@type\":\"Organization\",\"@id\":\"https:\/\/kapitalis.com\/tunisie\/#organization\",\"name\":\"Kapitalis\",\"url\":\"https:\/\/kapitalis.com\/tunisie\/\",\"logo\":{\"@type\":\"ImageObject\",\"inLanguage\":\"fr-FR\",\"@id\":\"https:\/\/kapitalis.com\/tunisie\/#\/schema\/logo\/image\/\",\"url\":\"https:\/\/kapitalis.com\/tunisie\/wp-content\/uploads\/2022\/05\/Kapitalis-big-size.png\",\"contentUrl\":\"https:\/\/kapitalis.com\/tunisie\/wp-content\/uploads\/2022\/05\/Kapitalis-big-size.png\",\"width\":5000,\"height\":1500,\"caption\":\"Kapitalis\"},\"image\":{\"@id\":\"https:\/\/kapitalis.com\/tunisie\/#\/schema\/logo\/image\/\"},\"sameAs\":[\"https:\/\/www.facebook.com\/KapitalisInfo\/\",\"https:\/\/x.com\/KapitalisInfo\",\"https:\/\/www.youtube.com\/channel\/UC-yDYrHyfFBWWZaOw3FPg9Q\"]},{\"@type\":\"Person\",\"@id\":\"https:\/\/kapitalis.com\/tunisie\/#\/schema\/person\/74bbde0154d49d790a92aaeac5bc01d5\",\"name\":\"Yusra NY\",\"url\":\"https:\/\/kapitalis.com\/tunisie\/author\/yuza_adam\/\"}]}<\/script>\n<!-- \/ Yoast SEO plugin. -->","yoast_head_json":{"title":"Drame \u00e0 Jendouba : D\u00e9c\u00e8s d'un enfant dans une collision entre un fourgon p\u00e9nitentiaire et une camionnette - Kapitalis","robots":{"index":"index","follow":"follow","max-snippet":"max-snippet:-1","max-image-preview":"max-image-preview:large","max-video-preview":"max-video-preview:-1"},"canonical":"https:\/\/kapitalis.com\/tunisie\/2024\/02\/17\/drame-a-jendouba-deces-dun-enfant-dans-une-collision-entre-un-fourgon-penitentiaire-et-une-camionnette\/","og_locale":"fr_FR","og_type":"article","og_title":"Drame \u00e0 Jendouba : D\u00e9c\u00e8s d'un enfant dans une collision entre un fourgon p\u00e9nitentiaire et une camionnette - Kapitalis","og_description":"Un enfant de 4 ans est d\u00e9c\u00e9d\u00e9, ce samedi 17 f\u00e9vrier 2024 dans une collision entre un fourgon p\u00e9nitentiaire et une camionnette, \u00e0 Bousalem (Jendoubna). Son p\u00e8re et sa s\u0153ur ont \u00e9t\u00e9 admis en r\u00e9animation, alors que les d\u00e9tenus bless\u00e9s ont pu quitter l&rsquo;h\u00f4pital.","og_url":"https:\/\/kapitalis.com\/tunisie\/2024\/02\/17\/drame-a-jendouba-deces-dun-enfant-dans-une-collision-entre-un-fourgon-penitentiaire-et-une-camionnette\/","og_site_name":"Kapitalis","article_publisher":"https:\/\/www.facebook.com\/KapitalisInfo\/","article_published_time":"2024-02-17T18:23:37+00:00","article_modified_time":"2024-02-17T18:48:22+00:00","og_image":[{"width":1200,"height":630,"url":"https:\/\/kapitalis.com\/tunisie\/wp-content\/uploads\/2023\/02\/Protection-civile-accident.jpg","type":"image\/jpeg"}],"author":"Yusra NY","twitter_card":"summary_large_image","twitter_creator":"@KapitalisInfo","twitter_site":"@KapitalisInfo","twitter_misc":{"\u00c9crit par":"Yusra NY","Dur\u00e9e de lecture estim\u00e9e":"1 minute"},"schema":{"@context":"https:\/\/schema.org","@graph":[{"@type":"Article","@id":"https:\/\/kapitalis.com\/tunisie\/2024\/02\/17\/drame-a-jendouba-deces-dun-enfant-dans-une-collision-entre-un-fourgon-penitentiaire-et-une-camionnette\/#article","isPartOf":{"@id":"https:\/\/kapitalis.com\/tunisie\/2024\/02\/17\/drame-a-jendouba-deces-dun-enfant-dans-une-collision-entre-un-fourgon-penitentiaire-et-une-camionnette\/"},"author":{"name":"Yusra NY","@id":"https:\/\/kapitalis.com\/tunisie\/#\/schema\/person\/74bbde0154d49d790a92aaeac5bc01d5"},"headline":"Drame \u00e0 Jendouba : D\u00e9c\u00e8s d&rsquo;un enfant dans une collision entre un fourgon p\u00e9nitentiaire et une camionnette","datePublished":"2024-02-17T18:23:37+00:00","dateModified":"2024-02-17T18:48:22+00:00","mainEntityOfPage":{"@id":"https:\/\/kapitalis.com\/tunisie\/2024\/02\/17\/drame-a-jendouba-deces-dun-enfant-dans-une-collision-entre-un-fourgon-penitentiaire-et-une-camionnette\/"},"wordCount":153,"commentCount":1,"publisher":{"@id":"https:\/\/kapitalis.com\/tunisie\/#organization"},"image":{"@id":"https:\/\/kapitalis.com\/tunisie\/2024\/02\/17\/drame-a-jendouba-deces-dun-enfant-dans-une-collision-entre-un-fourgon-penitentiaire-et-une-camionnette\/#primaryimage"},"thumbnailUrl":"https:\/\/kapitalis.com\/tunisie\/wp-content\/uploads\/2023\/02\/Protection-civile-accident.jpg","keywords":["Bousalem","d\u00e9c\u00e8s","fourgon","Jendouba","p\u00e9nitentiaire","Tunisie"],"articleSection":["SOCIETE","Tunisie"],"inLanguage":"fr-FR","potentialAction":[{"@type":"CommentAction","name":"Comment","target":["https:\/\/kapitalis.com\/tunisie\/2024\/02\/17\/drame-a-jendouba-deces-dun-enfant-dans-une-collision-entre-un-fourgon-penitentiaire-et-une-camionnette\/#respond"]}]},{"@type":"WebPage","@id":"https:\/\/kapitalis.com\/tunisie\/2024\/02\/17\/drame-a-jendouba-deces-dun-enfant-dans-une-collision-entre-un-fourgon-penitentiaire-et-une-camionnette\/","url":"https:\/\/kapitalis.com\/tunisie\/2024\/02\/17\/drame-a-jendouba-deces-dun-enfant-dans-une-collision-entre-un-fourgon-penitentiaire-et-une-camionnette\/","name":"Drame \u00e0 Jendouba : D\u00e9c\u00e8s d'un enfant dans une collision entre un fourgon p\u00e9nitentiaire et une camionnette - Kapitalis","isPartOf":{"@id":"https:\/\/kapitalis.com\/tunisie\/#website"},"primaryImageOfPage":{"@id":"https:\/\/kapitalis.com\/tunisie\/2024\/02\/17\/drame-a-jendouba-deces-dun-enfant-dans-une-collision-entre-un-fourgon-penitentiaire-et-une-camionnette\/#primaryimage"},"image":{"@id":"https:\/\/kapitalis.com\/tunisie\/2024\/02\/17\/drame-a-jendouba-deces-dun-enfant-dans-une-collision-entre-un-fourgon-penitentiaire-et-une-camionnette\/#primaryimage"},"thumbnailUrl":"https:\/\/kapitalis.com\/tunisie\/wp-content\/uploads\/2023\/02\/Protection-civile-accident.jpg","datePublished":"2024-02-17T18:23:37+00:00","dateModified":"2024-02-17T18:48:22+00:00","breadcrumb":{"@id":"https:\/\/kapitalis.com\/tunisie\/2024\/02\/17\/drame-a-jendouba-deces-dun-enfant-dans-une-collision-entre-un-fourgon-penitentiaire-et-une-camionnette\/#breadcrumb"},"inLanguage":"fr-FR","potentialAction":[{"@type":"ReadAction","target":["https:\/\/kapitalis.com\/tunisie\/2024\/02\/17\/drame-a-jendouba-deces-dun-enfant-dans-une-collision-entre-un-fourgon-penitentiaire-et-une-camionnette\/"]}]},{"@type":"ImageObject","inLanguage":"fr-FR","@id":"https:\/\/kapitalis.com\/tunisie\/2024\/02\/17\/drame-a-jendouba-deces-dun-enfant-dans-une-collision-entre-un-fourgon-penitentiaire-et-une-camionnette\/#primaryimage","url":"https:\/\/kapitalis.com\/tunisie\/wp-content\/uploads\/2023\/02\/Protection-civile-accident.jpg","contentUrl":"https:\/\/kapitalis.com\/tunisie\/wp-content\/uploads\/2023\/02\/Protection-civile-accident.jpg","width":1200,"height":630},{"@type":"BreadcrumbList","@id":"https:\/\/kapitalis.com\/tunisie\/2024\/02\/17\/drame-a-jendouba-deces-dun-enfant-dans-une-collision-entre-un-fourgon-penitentiaire-et-une-camionnette\/#breadcrumb","itemListElement":[{"@type":"ListItem","position":1,"name":"Accueil","item":"https:\/\/kapitalis.com\/tunisie\/"},{"@type":"ListItem","position":2,"name":"Drame \u00e0 Jendouba : D\u00e9c\u00e8s d&rsquo;un enfant dans une collision entre un fourgon p\u00e9nitentiaire et une camionnette"}]},{"@type":"WebSite","@id":"https:\/\/kapitalis.com\/tunisie\/#website","url":"https:\/\/kapitalis.com\/tunisie\/","name":"Kapitalis","description":"L&#039;actualit\u00e9 en Tunisie et dans le monde","publisher":{"@id":"https:\/\/kapitalis.com\/tunisie\/#organization"},"potentialAction":[{"@type":"SearchAction","target":{"@type":"EntryPoint","urlTemplate":"https:\/\/kapitalis.com\/tunisie\/?s={search_term_string}"},"query-input":{"@type":"PropertyValueSpecification","valueRequired":true,"valueName":"search_term_string"}}],"inLanguage":"fr-FR"},{"@type":"Organization","@id":"https:\/\/kapitalis.com\/tunisie\/#organization","name":"Kapitalis","url":"https:\/\/kapitalis.com\/tunisie\/","logo":{"@type":"ImageObject","inLanguage":"fr-FR","@id":"https:\/\/kapitalis.com\/tunisie\/#\/schema\/logo\/image\/","url":"https:\/\/kapitalis.com\/tunisie\/wp-content\/uploads\/2022\/05\/Kapitalis-big-size.png","contentUrl":"https:\/\/kapitalis.com\/tunisie\/wp-content\/uploads\/2022\/05\/Kapitalis-big-size.png","width":5000,"height":1500,"caption":"Kapitalis"},"image":{"@id":"https:\/\/kapitalis.com\/tunisie\/#\/schema\/logo\/image\/"},"sameAs":["https:\/\/www.facebook.com\/KapitalisInfo\/","https:\/\/x.com\/KapitalisInfo","https:\/\/www.youtube.com\/channel\/UC-yDYrHyfFBWWZaOw3FPg9Q"]},{"@type":"Person","@id":"https:\/\/kapitalis.com\/tunisie\/#\/schema\/person\/74bbde0154d49d790a92aaeac5bc01d5","name":"Yusra NY","url":"https:\/\/kapitalis.com\/tunisie\/author\/yuza_adam\/"}]}},"_links":{"self":[{"href":"https:\/\/kapitalis.com\/tunisie\/wp-json\/wp\/v2\/posts\/11644546","targetHints":{"allow":["GET"]}}],"collection":[{"href":"https:\/\/kapitalis.com\/tunisie\/wp-json\/wp\/v2\/posts"}],"about":[{"href":"https:\/\/kapitalis.com\/tunisie\/wp-json\/wp\/v2\/types\/post"}],"author":[{"embeddable":true,"href":"https:\/\/kapitalis.com\/tunisie\/wp-json\/wp\/v2\/users\/6"}],"replies":[{"embeddable":true,"href":"https:\/\/kapitalis.com\/tunisie\/wp-json\/wp\/v2\/comments?post=11644546"}],"version-history":[{"count":1,"href":"https:\/\/kapitalis.com\/tunisie\/wp-json\/wp\/v2\/posts\/11644546\/revisions"}],"predecessor-version":[{"id":11644575,"href":"https:\/\/kapitalis.com\/tunisie\/wp-json\/wp\/v2\/posts\/11644546\/revisions\/11644575"}],"wp:featuredmedia":[{"embeddable":true,"href":"https:\/\/kapitalis.com\/tunisie\/wp-json\/wp\/v2\/media\/6262368"}],"wp:attachment":[{"href":"https:\/\/kapitalis.com\/tunisie\/wp-json\/wp\/v2\/media?parent=11644546"}],"wp:term":[{"taxonomy":"category","embeddable":true,"href":"https:\/\/kapitalis.com\/tunisie\/wp-json\/wp\/v2\/categories?post=11644546"},{"taxonomy":"post_tag","embeddable":true,"href":"https:\/\/kapitalis.com\/tunisie\/wp-json\/wp\/v2\/tags?post=11644546"}],"curies":[{"name":"wp","href":"https:\/\/api.w.org\/{rel}","templated":true}]}}