{"id":11650849,"date":"2024-02-18T13:02:55","date_gmt":"2024-02-18T12:02:55","guid":{"rendered":"https:\/\/kapitalis.com\/tunisie\/?p=11650849"},"modified":"2024-02-18T13:02:56","modified_gmt":"2024-02-18T12:02:56","slug":"quand-va-cesser-cet-abominable-silence-sur-les-crimes-disrael","status":"publish","type":"post","link":"https:\/\/kapitalis.com\/tunisie\/2024\/02\/18\/quand-va-cesser-cet-abominable-silence-sur-les-crimes-disrael\/","title":{"rendered":"Quand va cesser cet abominable silence sur les crimes d\u2019Isra\u00ebl ?"},"content":{"rendered":"\n<p><strong><em>Les voix juste humaines sont devenues tellement rares en Occident que celles, de plus en plus rares, qui osent encore s\u2019\u00e9mouvoir du martyre des Palestiniens et d\u00e9noncer les crimes de guerre de l\u2019arm\u00e9e d\u2019Isra\u00ebl \u00e0 Gaza et en Cisjordanie m\u00e9ritent d\u2019\u00eatre relay\u00e9es, \u00e0 l\u2019instar de celle du journaliste et homme politique fran\u00e7ais auteur de ce texte.<\/em><\/strong> <em>(Illustration : Hind Rajab et l\u2019\u00e9pave de l\u2019ambulance venue sauver o\u00f9 elle a \u00e9t\u00e9 tu\u00e9e par l&rsquo;arm\u00e9e isra\u00e9lienne, \u00e0 Gaza, le 10 f\u00e9vrier 2024).<\/em><\/p>\n\n\n\n<p>Par <strong>Patrick Le Hyaric<\/strong> *<\/p>\n\n\n\n<!--more-->\n\n\n<div class=\"wp-block-image\">\n<figure class=\"alignleft size-full\"><img loading=\"lazy\" decoding=\"async\" width=\"200\" height=\"200\" src=\"https:\/\/kapitalis.com\/tunisie\/wp-content\/uploads\/2024\/02\/Patrick-Le-Hyaric.jpg\" alt=\"\" class=\"wp-image-11650901\" srcset=\"https:\/\/kapitalis.com\/tunisie\/wp-content\/uploads\/2024\/02\/Patrick-Le-Hyaric.jpg 200w, https:\/\/kapitalis.com\/tunisie\/wp-content\/uploads\/2024\/02\/Patrick-Le-Hyaric-150x150.jpg 150w, https:\/\/kapitalis.com\/tunisie\/wp-content\/uploads\/2024\/02\/Patrick-Le-Hyaric-120x120.jpg 120w\" sizes=\"auto, (max-width: 200px) 100vw, 200px\" \/><\/figure>\n<\/div>\n\n\n<p>Autant de larmes que de rage nous ont envahi samedi dernier \u00e0 la vue des images de Hind Rajab, \u00e2g\u00e9e de 6 ans, enferm\u00e9e dans une voiture au sud de Gaza sous le feu roulant des balles isra\u00e9liennes qui l\u2019ont tu\u00e9e. De toutes ses forces elle a cri\u00e9 : <em>\u00abJ\u2019ai si peur, venez me chercher\u00bb<\/em>. Les deux assistants de la Croix Rouge qui s\u2019approchaient pour la sauver ont \u00e9t\u00e9, eux aussi assassin\u00e9s. Voil\u00e0 ce que les proto-fascistes isra\u00e9liens appellent <em>\u00abfaire la guerre au Hamas\u00bb<\/em>.<\/p>\n\n\n\n<p>Il y a plus de 10 000 Hind qui ont perdu la vie \u00e0 Gaza. 10 000 enfants innocents. 10 000 enfants qui ne demandaient qu\u2019\u00e0 vivre pour \u00e9tudier, aimer, b\u00e2tir l\u2019avenir de leur patrie. L\u2019arm\u00e9e isra\u00e9lienne les a tu\u00e9s.<\/p>\n\n\n\n<p>En m\u00eame temps que le feu et le fer d\u00e9vers\u00e9, sur la t\u00eate de nos fr\u00e8res et s\u0153urs de Gaza, voici que le pouvoir colonial isra\u00e9lien les affame allant jusqu\u2019\u00e0 bloquer le peu d\u2019aide humanitaire susceptible de leur parvenir. C\u2019est un crime de masse ! Curieux que cela n\u2019\u00e9meuve pas plus tous nos bons d\u00e9fenseurs des droits humains qui habitent le confort des studios de t\u00e9l\u00e9vision.<\/p>\n\n\n\n<p>Quand va cesser cet abominable silence sur ces crimes? Certes, enfin apr\u00e8s 30 000 morts \u00e0 Gaza, on entend de petits bruits de r\u00e9probation qui viennent de Paris ou de Washington, mais aucun acte concret. Que la Maison-Blanche cesse de fournir les armes du crime et que Bruxelles mette en sommeil l\u2019accord d\u2019association et de coop\u00e9ration avec le pouvoir de l\u2019ultra-droite isra\u00e9lienne et la donne commencera \u00e0 changer.<\/p>\n\n\n\n<p>Il faut faire cesser cet abominable carnage. Notre pays s\u2019honorerait de s\u2019allier \u00e0 l\u2019Afrique du Sud ou aux initiatives de l\u2019Espagne et de l\u2019Irlande pour que la justice internationale puisse faire son travail. **<\/p>\n\n\n\n<p><strong><em><a href=\"https:\/\/r.lettre.patrick-le-hyaric.fr\/mk\/mr\/sh\/SMJz09SDriOHUns1zYCRBgpGL3sP\/r5Lc_38o3CXG\" target=\"_blank\" rel=\"noreferrer noopener\">Blog de l\u2019auteur.<\/a><\/em><\/strong><\/p>\n\n\n\n<p>* <em>Ex-directeur et pr\u00e9sident du directoire du journal L\u2019Humanit\u00e9, \u00a0vice-pr\u00e9sident du syndicat de la presse quotidienne nationale et directeur g\u00e9n\u00e9ral de l\u2019hebdomadaire La Terre.<\/em><\/p>\n\n\n\n<p><em>** Le titre est de la r\u00e9daction.<\/em><\/p>\n\n\n\n<figure class=\"wp-block-embed is-type-wp-embed is-provider-kapitalis wp-block-embed-kapitalis\"><div class=\"wp-block-embed__wrapper\">\n<blockquote class=\"wp-embedded-content\" data-secret=\"0vggrxBCSh\"><a href=\"https:\/\/kapitalis.com\/tunisie\/2024\/02\/16\/tsahal-larmee-la-plus-immorale-au-monde\/\">Tsahal\u00a0: l\u2019arm\u00e9e la plus immorale au monde<\/a><\/blockquote><iframe loading=\"lazy\" class=\"wp-embedded-content\" sandbox=\"allow-scripts\" security=\"restricted\" style=\"position: absolute; clip: rect(1px, 1px, 1px, 1px);\" title=\"\u00ab\u00a0Tsahal\u00a0: l\u2019arm\u00e9e la plus immorale au monde\u00a0\u00bb &#8212; Kapitalis\" src=\"https:\/\/kapitalis.com\/tunisie\/2024\/02\/16\/tsahal-larmee-la-plus-immorale-au-monde\/embed\/#?secret=dbT2I6pJY0#?secret=0vggrxBCSh\" data-secret=\"0vggrxBCSh\" width=\"600\" height=\"338\" frameborder=\"0\" marginwidth=\"0\" marginheight=\"0\" scrolling=\"no\"><\/iframe>\n<\/div><\/figure>\n","protected":false},"excerpt":{"rendered":"<p>Voil\u00e0 ce que les proto-fascistes isra\u00e9liens appellent \u00abfaire la guerre au Hamas\u00bb.<\/p>\n","protected":false},"author":8,"featured_media":11650942,"comment_status":"open","ping_status":"open","sticky":false,"template":"","format":"standard","meta":{"footnotes":""},"categories":[992,997,1000,2433],"tags":[4970,83516,4027,90202,75918,2444,114019,2739,114020],"class_list":["post-11650849","post","type-post","status-publish","format-standard","has-post-thumbnail","hentry","category-a-la-une","category-politique","category-tribune","category-tunisie","tag-afrique-du-sud","tag-armee-israelienne","tag-cisjordanie","tag-crimes-de-guerre","tag-etats-unis-2","tag-gaza","tag-hind-rajab","tag-palestiniens","tag-patrick-le-hyaric"],"yoast_head":"<!-- This site is optimized with the Yoast SEO plugin v26.6 - https:\/\/yoast.com\/wordpress\/plugins\/seo\/ -->\n<title>Quand va cesser cet abominable silence sur les crimes d\u2019Isra\u00ebl ? - Kapitalis<\/title>\n<meta name=\"robots\" content=\"index, follow, max-snippet:-1, max-image-preview:large, max-video-preview:-1\" \/>\n<link rel=\"canonical\" href=\"https:\/\/kapitalis.com\/tunisie\/2024\/02\/18\/quand-va-cesser-cet-abominable-silence-sur-les-crimes-disrael\/\" \/>\n<meta property=\"og:locale\" content=\"fr_FR\" \/>\n<meta property=\"og:type\" content=\"article\" \/>\n<meta property=\"og:title\" content=\"Quand va cesser cet abominable silence sur les crimes d\u2019Isra\u00ebl ? - Kapitalis\" \/>\n<meta property=\"og:description\" content=\"Voil\u00e0 ce que les proto-fascistes isra\u00e9liens appellent \u00abfaire la guerre au Hamas\u00bb.\" \/>\n<meta property=\"og:url\" content=\"https:\/\/kapitalis.com\/tunisie\/2024\/02\/18\/quand-va-cesser-cet-abominable-silence-sur-les-crimes-disrael\/\" \/>\n<meta property=\"og:site_name\" content=\"Kapitalis\" \/>\n<meta property=\"article:publisher\" content=\"https:\/\/www.facebook.com\/KapitalisInfo\/\" \/>\n<meta property=\"article:published_time\" content=\"2024-02-18T12:02:55+00:00\" \/>\n<meta property=\"article:modified_time\" content=\"2024-02-18T12:02:56+00:00\" \/>\n<meta property=\"og:image\" content=\"https:\/\/kapitalis.com\/tunisie\/wp-content\/uploads\/2024\/02\/Hind-Rajab.jpg\" \/>\n\t<meta property=\"og:image:width\" content=\"1200\" \/>\n\t<meta property=\"og:image:height\" content=\"630\" \/>\n\t<meta property=\"og:image:type\" content=\"image\/jpeg\" \/>\n<meta name=\"author\" content=\"webmaster kapitalis\" \/>\n<meta name=\"twitter:card\" content=\"summary_large_image\" \/>\n<meta name=\"twitter:creator\" content=\"@KapitalisInfo\" \/>\n<meta name=\"twitter:site\" content=\"@KapitalisInfo\" \/>\n<meta name=\"twitter:label1\" content=\"\u00c9crit par\" \/>\n\t<meta name=\"twitter:data1\" content=\"webmaster kapitalis\" \/>\n\t<meta name=\"twitter:label2\" content=\"Dur\u00e9e de lecture estim\u00e9e\" \/>\n\t<meta name=\"twitter:data2\" content=\"3 minutes\" \/>\n<script type=\"application\/ld+json\" class=\"yoast-schema-graph\">{\"@context\":\"https:\/\/schema.org\",\"@graph\":[{\"@type\":\"Article\",\"@id\":\"https:\/\/kapitalis.com\/tunisie\/2024\/02\/18\/quand-va-cesser-cet-abominable-silence-sur-les-crimes-disrael\/#article\",\"isPartOf\":{\"@id\":\"https:\/\/kapitalis.com\/tunisie\/2024\/02\/18\/quand-va-cesser-cet-abominable-silence-sur-les-crimes-disrael\/\"},\"author\":{\"name\":\"webmaster kapitalis\",\"@id\":\"https:\/\/kapitalis.com\/tunisie\/#\/schema\/person\/d71f33a9ca44f7bad4698210b480c8e9\"},\"headline\":\"Quand va cesser cet abominable silence sur les crimes d\u2019Isra\u00ebl ?\",\"datePublished\":\"2024-02-18T12:02:55+00:00\",\"dateModified\":\"2024-02-18T12:02:56+00:00\",\"mainEntityOfPage\":{\"@id\":\"https:\/\/kapitalis.com\/tunisie\/2024\/02\/18\/quand-va-cesser-cet-abominable-silence-sur-les-crimes-disrael\/\"},\"wordCount\":466,\"commentCount\":5,\"publisher\":{\"@id\":\"https:\/\/kapitalis.com\/tunisie\/#organization\"},\"image\":{\"@id\":\"https:\/\/kapitalis.com\/tunisie\/2024\/02\/18\/quand-va-cesser-cet-abominable-silence-sur-les-crimes-disrael\/#primaryimage\"},\"thumbnailUrl\":\"https:\/\/kapitalis.com\/tunisie\/wp-content\/uploads\/2024\/02\/Hind-Rajab.jpg\",\"keywords\":[\"Afrique du Sud\",\"arm\u00e9e isra\u00e9lienne\",\"Cisjordanie\",\"crimes de guerre\",\"Etats-Unis\",\"Gaza\",\"Hind Rajab\",\"Palestiniens\",\"Patrick Le Hyaric\"],\"articleSection\":[\"A LA UNE\",\"POLITIQUE\",\"TRIBUNE\",\"Tunisie\"],\"inLanguage\":\"fr-FR\",\"potentialAction\":[{\"@type\":\"CommentAction\",\"name\":\"Comment\",\"target\":[\"https:\/\/kapitalis.com\/tunisie\/2024\/02\/18\/quand-va-cesser-cet-abominable-silence-sur-les-crimes-disrael\/#respond\"]}]},{\"@type\":\"WebPage\",\"@id\":\"https:\/\/kapitalis.com\/tunisie\/2024\/02\/18\/quand-va-cesser-cet-abominable-silence-sur-les-crimes-disrael\/\",\"url\":\"https:\/\/kapitalis.com\/tunisie\/2024\/02\/18\/quand-va-cesser-cet-abominable-silence-sur-les-crimes-disrael\/\",\"name\":\"Quand va cesser cet abominable silence sur les crimes d\u2019Isra\u00ebl ? - Kapitalis\",\"isPartOf\":{\"@id\":\"https:\/\/kapitalis.com\/tunisie\/#website\"},\"primaryImageOfPage\":{\"@id\":\"https:\/\/kapitalis.com\/tunisie\/2024\/02\/18\/quand-va-cesser-cet-abominable-silence-sur-les-crimes-disrael\/#primaryimage\"},\"image\":{\"@id\":\"https:\/\/kapitalis.com\/tunisie\/2024\/02\/18\/quand-va-cesser-cet-abominable-silence-sur-les-crimes-disrael\/#primaryimage\"},\"thumbnailUrl\":\"https:\/\/kapitalis.com\/tunisie\/wp-content\/uploads\/2024\/02\/Hind-Rajab.jpg\",\"datePublished\":\"2024-02-18T12:02:55+00:00\",\"dateModified\":\"2024-02-18T12:02:56+00:00\",\"breadcrumb\":{\"@id\":\"https:\/\/kapitalis.com\/tunisie\/2024\/02\/18\/quand-va-cesser-cet-abominable-silence-sur-les-crimes-disrael\/#breadcrumb\"},\"inLanguage\":\"fr-FR\",\"potentialAction\":[{\"@type\":\"ReadAction\",\"target\":[\"https:\/\/kapitalis.com\/tunisie\/2024\/02\/18\/quand-va-cesser-cet-abominable-silence-sur-les-crimes-disrael\/\"]}]},{\"@type\":\"ImageObject\",\"inLanguage\":\"fr-FR\",\"@id\":\"https:\/\/kapitalis.com\/tunisie\/2024\/02\/18\/quand-va-cesser-cet-abominable-silence-sur-les-crimes-disrael\/#primaryimage\",\"url\":\"https:\/\/kapitalis.com\/tunisie\/wp-content\/uploads\/2024\/02\/Hind-Rajab.jpg\",\"contentUrl\":\"https:\/\/kapitalis.com\/tunisie\/wp-content\/uploads\/2024\/02\/Hind-Rajab.jpg\",\"width\":1200,\"height\":630},{\"@type\":\"BreadcrumbList\",\"@id\":\"https:\/\/kapitalis.com\/tunisie\/2024\/02\/18\/quand-va-cesser-cet-abominable-silence-sur-les-crimes-disrael\/#breadcrumb\",\"itemListElement\":[{\"@type\":\"ListItem\",\"position\":1,\"name\":\"Accueil\",\"item\":\"https:\/\/kapitalis.com\/tunisie\/\"},{\"@type\":\"ListItem\",\"position\":2,\"name\":\"Quand va cesser cet abominable silence sur les crimes d\u2019Isra\u00ebl ?\"}]},{\"@type\":\"WebSite\",\"@id\":\"https:\/\/kapitalis.com\/tunisie\/#website\",\"url\":\"https:\/\/kapitalis.com\/tunisie\/\",\"name\":\"Kapitalis\",\"description\":\"L&#039;actualit\u00e9 en Tunisie et dans le monde\",\"publisher\":{\"@id\":\"https:\/\/kapitalis.com\/tunisie\/#organization\"},\"potentialAction\":[{\"@type\":\"SearchAction\",\"target\":{\"@type\":\"EntryPoint\",\"urlTemplate\":\"https:\/\/kapitalis.com\/tunisie\/?s={search_term_string}\"},\"query-input\":{\"@type\":\"PropertyValueSpecification\",\"valueRequired\":true,\"valueName\":\"search_term_string\"}}],\"inLanguage\":\"fr-FR\"},{\"@type\":\"Organization\",\"@id\":\"https:\/\/kapitalis.com\/tunisie\/#organization\",\"name\":\"Kapitalis\",\"url\":\"https:\/\/kapitalis.com\/tunisie\/\",\"logo\":{\"@type\":\"ImageObject\",\"inLanguage\":\"fr-FR\",\"@id\":\"https:\/\/kapitalis.com\/tunisie\/#\/schema\/logo\/image\/\",\"url\":\"https:\/\/kapitalis.com\/tunisie\/wp-content\/uploads\/2022\/05\/Kapitalis-big-size.png\",\"contentUrl\":\"https:\/\/kapitalis.com\/tunisie\/wp-content\/uploads\/2022\/05\/Kapitalis-big-size.png\",\"width\":5000,\"height\":1500,\"caption\":\"Kapitalis\"},\"image\":{\"@id\":\"https:\/\/kapitalis.com\/tunisie\/#\/schema\/logo\/image\/\"},\"sameAs\":[\"https:\/\/www.facebook.com\/KapitalisInfo\/\",\"https:\/\/x.com\/KapitalisInfo\",\"https:\/\/www.youtube.com\/channel\/UC-yDYrHyfFBWWZaOw3FPg9Q\"]},{\"@type\":\"Person\",\"@id\":\"https:\/\/kapitalis.com\/tunisie\/#\/schema\/person\/d71f33a9ca44f7bad4698210b480c8e9\",\"name\":\"webmaster kapitalis\",\"url\":\"https:\/\/kapitalis.com\/tunisie\/author\/webmaster-kapitalis\/\"}]}<\/script>\n<!-- \/ Yoast SEO plugin. -->","yoast_head_json":{"title":"Quand va cesser cet abominable silence sur les crimes d\u2019Isra\u00ebl ? - Kapitalis","robots":{"index":"index","follow":"follow","max-snippet":"max-snippet:-1","max-image-preview":"max-image-preview:large","max-video-preview":"max-video-preview:-1"},"canonical":"https:\/\/kapitalis.com\/tunisie\/2024\/02\/18\/quand-va-cesser-cet-abominable-silence-sur-les-crimes-disrael\/","og_locale":"fr_FR","og_type":"article","og_title":"Quand va cesser cet abominable silence sur les crimes d\u2019Isra\u00ebl ? - Kapitalis","og_description":"Voil\u00e0 ce que les proto-fascistes isra\u00e9liens appellent \u00abfaire la guerre au Hamas\u00bb.","og_url":"https:\/\/kapitalis.com\/tunisie\/2024\/02\/18\/quand-va-cesser-cet-abominable-silence-sur-les-crimes-disrael\/","og_site_name":"Kapitalis","article_publisher":"https:\/\/www.facebook.com\/KapitalisInfo\/","article_published_time":"2024-02-18T12:02:55+00:00","article_modified_time":"2024-02-18T12:02:56+00:00","og_image":[{"width":1200,"height":630,"url":"https:\/\/kapitalis.com\/tunisie\/wp-content\/uploads\/2024\/02\/Hind-Rajab.jpg","type":"image\/jpeg"}],"author":"webmaster kapitalis","twitter_card":"summary_large_image","twitter_creator":"@KapitalisInfo","twitter_site":"@KapitalisInfo","twitter_misc":{"\u00c9crit par":"webmaster kapitalis","Dur\u00e9e de lecture estim\u00e9e":"3 minutes"},"schema":{"@context":"https:\/\/schema.org","@graph":[{"@type":"Article","@id":"https:\/\/kapitalis.com\/tunisie\/2024\/02\/18\/quand-va-cesser-cet-abominable-silence-sur-les-crimes-disrael\/#article","isPartOf":{"@id":"https:\/\/kapitalis.com\/tunisie\/2024\/02\/18\/quand-va-cesser-cet-abominable-silence-sur-les-crimes-disrael\/"},"author":{"name":"webmaster kapitalis","@id":"https:\/\/kapitalis.com\/tunisie\/#\/schema\/person\/d71f33a9ca44f7bad4698210b480c8e9"},"headline":"Quand va cesser cet abominable silence sur les crimes d\u2019Isra\u00ebl ?","datePublished":"2024-02-18T12:02:55+00:00","dateModified":"2024-02-18T12:02:56+00:00","mainEntityOfPage":{"@id":"https:\/\/kapitalis.com\/tunisie\/2024\/02\/18\/quand-va-cesser-cet-abominable-silence-sur-les-crimes-disrael\/"},"wordCount":466,"commentCount":5,"publisher":{"@id":"https:\/\/kapitalis.com\/tunisie\/#organization"},"image":{"@id":"https:\/\/kapitalis.com\/tunisie\/2024\/02\/18\/quand-va-cesser-cet-abominable-silence-sur-les-crimes-disrael\/#primaryimage"},"thumbnailUrl":"https:\/\/kapitalis.com\/tunisie\/wp-content\/uploads\/2024\/02\/Hind-Rajab.jpg","keywords":["Afrique du Sud","arm\u00e9e isra\u00e9lienne","Cisjordanie","crimes de guerre","Etats-Unis","Gaza","Hind Rajab","Palestiniens","Patrick Le Hyaric"],"articleSection":["A LA UNE","POLITIQUE","TRIBUNE","Tunisie"],"inLanguage":"fr-FR","potentialAction":[{"@type":"CommentAction","name":"Comment","target":["https:\/\/kapitalis.com\/tunisie\/2024\/02\/18\/quand-va-cesser-cet-abominable-silence-sur-les-crimes-disrael\/#respond"]}]},{"@type":"WebPage","@id":"https:\/\/kapitalis.com\/tunisie\/2024\/02\/18\/quand-va-cesser-cet-abominable-silence-sur-les-crimes-disrael\/","url":"https:\/\/kapitalis.com\/tunisie\/2024\/02\/18\/quand-va-cesser-cet-abominable-silence-sur-les-crimes-disrael\/","name":"Quand va cesser cet abominable silence sur les crimes d\u2019Isra\u00ebl ? - Kapitalis","isPartOf":{"@id":"https:\/\/kapitalis.com\/tunisie\/#website"},"primaryImageOfPage":{"@id":"https:\/\/kapitalis.com\/tunisie\/2024\/02\/18\/quand-va-cesser-cet-abominable-silence-sur-les-crimes-disrael\/#primaryimage"},"image":{"@id":"https:\/\/kapitalis.com\/tunisie\/2024\/02\/18\/quand-va-cesser-cet-abominable-silence-sur-les-crimes-disrael\/#primaryimage"},"thumbnailUrl":"https:\/\/kapitalis.com\/tunisie\/wp-content\/uploads\/2024\/02\/Hind-Rajab.jpg","datePublished":"2024-02-18T12:02:55+00:00","dateModified":"2024-02-18T12:02:56+00:00","breadcrumb":{"@id":"https:\/\/kapitalis.com\/tunisie\/2024\/02\/18\/quand-va-cesser-cet-abominable-silence-sur-les-crimes-disrael\/#breadcrumb"},"inLanguage":"fr-FR","potentialAction":[{"@type":"ReadAction","target":["https:\/\/kapitalis.com\/tunisie\/2024\/02\/18\/quand-va-cesser-cet-abominable-silence-sur-les-crimes-disrael\/"]}]},{"@type":"ImageObject","inLanguage":"fr-FR","@id":"https:\/\/kapitalis.com\/tunisie\/2024\/02\/18\/quand-va-cesser-cet-abominable-silence-sur-les-crimes-disrael\/#primaryimage","url":"https:\/\/kapitalis.com\/tunisie\/wp-content\/uploads\/2024\/02\/Hind-Rajab.jpg","contentUrl":"https:\/\/kapitalis.com\/tunisie\/wp-content\/uploads\/2024\/02\/Hind-Rajab.jpg","width":1200,"height":630},{"@type":"BreadcrumbList","@id":"https:\/\/kapitalis.com\/tunisie\/2024\/02\/18\/quand-va-cesser-cet-abominable-silence-sur-les-crimes-disrael\/#breadcrumb","itemListElement":[{"@type":"ListItem","position":1,"name":"Accueil","item":"https:\/\/kapitalis.com\/tunisie\/"},{"@type":"ListItem","position":2,"name":"Quand va cesser cet abominable silence sur les crimes d\u2019Isra\u00ebl ?"}]},{"@type":"WebSite","@id":"https:\/\/kapitalis.com\/tunisie\/#website","url":"https:\/\/kapitalis.com\/tunisie\/","name":"Kapitalis","description":"L&#039;actualit\u00e9 en Tunisie et dans le monde","publisher":{"@id":"https:\/\/kapitalis.com\/tunisie\/#organization"},"potentialAction":[{"@type":"SearchAction","target":{"@type":"EntryPoint","urlTemplate":"https:\/\/kapitalis.com\/tunisie\/?s={search_term_string}"},"query-input":{"@type":"PropertyValueSpecification","valueRequired":true,"valueName":"search_term_string"}}],"inLanguage":"fr-FR"},{"@type":"Organization","@id":"https:\/\/kapitalis.com\/tunisie\/#organization","name":"Kapitalis","url":"https:\/\/kapitalis.com\/tunisie\/","logo":{"@type":"ImageObject","inLanguage":"fr-FR","@id":"https:\/\/kapitalis.com\/tunisie\/#\/schema\/logo\/image\/","url":"https:\/\/kapitalis.com\/tunisie\/wp-content\/uploads\/2022\/05\/Kapitalis-big-size.png","contentUrl":"https:\/\/kapitalis.com\/tunisie\/wp-content\/uploads\/2022\/05\/Kapitalis-big-size.png","width":5000,"height":1500,"caption":"Kapitalis"},"image":{"@id":"https:\/\/kapitalis.com\/tunisie\/#\/schema\/logo\/image\/"},"sameAs":["https:\/\/www.facebook.com\/KapitalisInfo\/","https:\/\/x.com\/KapitalisInfo","https:\/\/www.youtube.com\/channel\/UC-yDYrHyfFBWWZaOw3FPg9Q"]},{"@type":"Person","@id":"https:\/\/kapitalis.com\/tunisie\/#\/schema\/person\/d71f33a9ca44f7bad4698210b480c8e9","name":"webmaster kapitalis","url":"https:\/\/kapitalis.com\/tunisie\/author\/webmaster-kapitalis\/"}]}},"_links":{"self":[{"href":"https:\/\/kapitalis.com\/tunisie\/wp-json\/wp\/v2\/posts\/11650849","targetHints":{"allow":["GET"]}}],"collection":[{"href":"https:\/\/kapitalis.com\/tunisie\/wp-json\/wp\/v2\/posts"}],"about":[{"href":"https:\/\/kapitalis.com\/tunisie\/wp-json\/wp\/v2\/types\/post"}],"author":[{"embeddable":true,"href":"https:\/\/kapitalis.com\/tunisie\/wp-json\/wp\/v2\/users\/8"}],"replies":[{"embeddable":true,"href":"https:\/\/kapitalis.com\/tunisie\/wp-json\/wp\/v2\/comments?post=11650849"}],"version-history":[{"count":1,"href":"https:\/\/kapitalis.com\/tunisie\/wp-json\/wp\/v2\/posts\/11650849\/revisions"}],"predecessor-version":[{"id":11650959,"href":"https:\/\/kapitalis.com\/tunisie\/wp-json\/wp\/v2\/posts\/11650849\/revisions\/11650959"}],"wp:featuredmedia":[{"embeddable":true,"href":"https:\/\/kapitalis.com\/tunisie\/wp-json\/wp\/v2\/media\/11650942"}],"wp:attachment":[{"href":"https:\/\/kapitalis.com\/tunisie\/wp-json\/wp\/v2\/media?parent=11650849"}],"wp:term":[{"taxonomy":"category","embeddable":true,"href":"https:\/\/kapitalis.com\/tunisie\/wp-json\/wp\/v2\/categories?post=11650849"},{"taxonomy":"post_tag","embeddable":true,"href":"https:\/\/kapitalis.com\/tunisie\/wp-json\/wp\/v2\/tags?post=11650849"}],"curies":[{"name":"wp","href":"https:\/\/api.w.org\/{rel}","templated":true}]}}