{"id":116614,"date":"2017-10-02T10:15:11","date_gmt":"2017-10-02T09:15:11","guid":{"rendered":"http:\/\/kapitalis.com\/tunisie\/?p=116614"},"modified":"2017-10-02T10:18:51","modified_gmt":"2017-10-02T09:18:51","slug":"affaire-faiza-souissi-ridha-jaouadi-ameute-ses-extremistes","status":"publish","type":"post","link":"https:\/\/kapitalis.com\/tunisie\/2017\/10\/02\/affaire-faiza-souissi-ridha-jaouadi-ameute-ses-extremistes\/","title":{"rendered":"Affaire Fa\u00efza Souissi : Ridha Jaouadi ameute \u00abses\u00bb extr\u00e9mistes"},"content":{"rendered":"<p style=\"text-align: center;\"><img loading=\"lazy\" decoding=\"async\" class=\"alignnone size-full wp-image-116622\" src=\"http:\/\/kapitalis.com\/tunisie\/wp-content\/uploads\/2017\/10\/Faiza-Souisii-Ridha-Jaouadi-.jpg\" alt=\"\" width=\"626\" height=\"380\" \/><\/p>\n<p><em><strong>L\u2019imam radical de Sfax, Ridha Jaouadi, appelle les islamistes extr\u00e9mistes \u00e0 soutenir les agresseurs de l\u2019enseignante Fa\u00efza Souissi.<\/strong><\/em><!--more--><\/p>\n<p>L&rsquo;ex-imam de la mosqu\u00e9e Sidi Lakhmi de Sfax estime que les agresseurs de l\u2019enseignante n\u2019ont fait que d\u00e9fendre leurs enfants, les prot\u00e9geant de l&rsquo;influence n\u00e9faste de \u00ab<em>l\u2019institutrice communiste<\/em>\u00bb. Et appelle les islamistes \u00e0 manifester, aujourd\u2019hui, lundi 2 octobre 2017, devant le tribunal de Sfax, o\u00f9 se d\u00e9roule le proc\u00e8s des agresseurs.<\/p>\n<p>Pour cet agitateur islamiste, toutes les personnes qui soutiennent Fa\u00efza Souissi sont des repr\u00e9sentants\u00a0du <em>\u00abterrorisme de la gauche radicale\u00bb<\/em> et<em>\u00a0<\/em>contribuent \u00e0 la division de la population. Il cite notamment les membres du Front populaire, de la Ligue tunisienne des droits de l\u2019homme (LTDH) et de l&rsquo;Association tunisienne des femmes d\u00e9mocrates (ATFD), qui ont pris la d\u00e9fense de l&rsquo;enseignante.<\/p>\n<p>Rappelons que le procureur de la r\u00e9publique a ordonn\u00e9 un mandat de d\u00e9p\u00f4t contre 3 personnes, dont un islamiste de l\u2019UGTT, qui avaient emp\u00each\u00e9 l\u2019institutrice de l\u2019\u00e9cole Okba Ibn Nafa\u00e2 \u00e0 Sfax d\u2019entrer en cours, le jour de la rentr\u00e9e scolaire, le vendredi 15 septembre dernier.<\/p>\n<p>Fa\u00efza Souissi avait \u00e9t\u00e9 trait\u00e9e de m\u00e9cr\u00e9ante et\u00a0fit l&rsquo;objet d&rsquo;une campagne de d\u00e9nigrement et de menaces de mort lanc\u00e9es par des islamistes.<\/p>\n<p style=\"text-align: right;\"><strong>Y. N.<\/strong><\/p>\n<blockquote class=\"wp-embedded-content\" data-secret=\"qU7DHWSXm9\"><p><a href=\"https:\/\/kapitalis.com\/tunisie\/2017\/09\/18\/sfax-manifestations-de-solidarite-avec-lenseignante-faiza-souissi\/\">Sfax : Manifestations de solidarit\u00e9 avec l\u2019enseignante Fa\u00efza Souissi<\/a><\/p><\/blockquote>\n<p><iframe loading=\"lazy\" class=\"wp-embedded-content\" sandbox=\"allow-scripts\" security=\"restricted\" style=\"position: absolute; clip: rect(1px, 1px, 1px, 1px);\" title=\"\u00ab\u00a0Sfax : Manifestations de solidarit\u00e9 avec l\u2019enseignante Fa\u00efza Souissi\u00a0\u00bb &#8212; Kapitalis\" src=\"https:\/\/kapitalis.com\/tunisie\/2017\/09\/18\/sfax-manifestations-de-solidarite-avec-lenseignante-faiza-souissi\/embed\/#?secret=UfVzNJKsHz#?secret=qU7DHWSXm9\" data-secret=\"qU7DHWSXm9\" width=\"600\" height=\"338\" frameborder=\"0\" marginwidth=\"0\" marginheight=\"0\" scrolling=\"no\"><\/iframe><\/p>\n<blockquote class=\"wp-embedded-content\" data-secret=\"jnMHCvF82v\"><p><a href=\"https:\/\/kapitalis.com\/tunisie\/2015\/10\/15\/le-limogeage-de-limam-ridha-jaouadi-est-irreversible\/\">Le limogeage de l\u2019imam Ridha Jaouadi est irr\u00e9versible<\/a><\/p><\/blockquote>\n<p><iframe loading=\"lazy\" class=\"wp-embedded-content\" sandbox=\"allow-scripts\" security=\"restricted\" style=\"position: absolute; clip: rect(1px, 1px, 1px, 1px);\" title=\"\u00ab\u00a0Le limogeage de l\u2019imam Ridha Jaouadi est irr\u00e9versible\u00a0\u00bb &#8212; Kapitalis\" src=\"https:\/\/kapitalis.com\/tunisie\/2015\/10\/15\/le-limogeage-de-limam-ridha-jaouadi-est-irreversible\/embed\/#?secret=BBRCoaHpj5#?secret=jnMHCvF82v\" data-secret=\"jnMHCvF82v\" width=\"600\" height=\"338\" frameborder=\"0\" marginwidth=\"0\" marginheight=\"0\" scrolling=\"no\"><\/iframe><\/p>\n","protected":false},"excerpt":{"rendered":"<p>L\u2019imam radical de Sfax, Ridha Jaouadi, appelle les islamistes extr\u00e9mistes \u00e0 soutenir les agresseurs de l\u2019enseignante Fa\u00efza Souissi.<\/p>\n","protected":false},"author":6,"featured_media":116622,"comment_status":"open","ping_status":"open","sticky":false,"template":"","format":"standard","meta":{"footnotes":""},"categories":[998,2433],"tags":[45,36558,19628,399,6286,501,3137,3674,921],"class_list":["post-116614","post","type-post","status-publish","format-standard","has-post-thumbnail","hentry","category-societe","category-tunisie","tag-agression","tag-faiza-souissi","tag-femmes-democrates","tag-front-populaire","tag-imam-radical","tag-islamiste","tag-ltdh","tag-ridha-jaouadi","tag-tribunal"],"yoast_head":"<!-- This site is optimized with the Yoast SEO plugin v26.6 - https:\/\/yoast.com\/wordpress\/plugins\/seo\/ -->\n<title>Affaire Fa\u00efza Souissi : Ridha Jaouadi ameute \u00abses\u00bb extr\u00e9mistes - Kapitalis<\/title>\n<meta name=\"robots\" content=\"index, follow, max-snippet:-1, max-image-preview:large, max-video-preview:-1\" \/>\n<link rel=\"canonical\" href=\"https:\/\/kapitalis.com\/tunisie\/2017\/10\/02\/affaire-faiza-souissi-ridha-jaouadi-ameute-ses-extremistes\/\" \/>\n<meta property=\"og:locale\" content=\"fr_FR\" \/>\n<meta property=\"og:type\" content=\"article\" \/>\n<meta property=\"og:title\" content=\"Affaire Fa\u00efza Souissi : Ridha Jaouadi ameute \u00abses\u00bb extr\u00e9mistes - Kapitalis\" \/>\n<meta property=\"og:description\" content=\"L\u2019imam radical de Sfax, Ridha Jaouadi, appelle les islamistes extr\u00e9mistes \u00e0 soutenir les agresseurs de l\u2019enseignante Fa\u00efza Souissi.\" \/>\n<meta property=\"og:url\" content=\"https:\/\/kapitalis.com\/tunisie\/2017\/10\/02\/affaire-faiza-souissi-ridha-jaouadi-ameute-ses-extremistes\/\" \/>\n<meta property=\"og:site_name\" content=\"Kapitalis\" \/>\n<meta property=\"article:publisher\" content=\"https:\/\/www.facebook.com\/KapitalisInfo\/\" \/>\n<meta property=\"article:published_time\" content=\"2017-10-02T09:15:11+00:00\" \/>\n<meta property=\"article:modified_time\" content=\"2017-10-02T09:18:51+00:00\" \/>\n<meta property=\"og:image\" content=\"https:\/\/kapitalis.com\/tunisie\/wp-content\/uploads\/2022\/05\/kapitalis-logo-fb.png\" \/>\n\t<meta property=\"og:image:width\" content=\"1200\" \/>\n\t<meta property=\"og:image:height\" content=\"630\" \/>\n\t<meta property=\"og:image:type\" content=\"image\/png\" \/>\n<meta name=\"author\" content=\"Yusra NY\" \/>\n<meta name=\"twitter:card\" content=\"summary_large_image\" \/>\n<meta name=\"twitter:creator\" content=\"@KapitalisInfo\" \/>\n<meta name=\"twitter:site\" content=\"@KapitalisInfo\" \/>\n<meta name=\"twitter:label1\" content=\"\u00c9crit par\" \/>\n\t<meta name=\"twitter:data1\" content=\"Yusra NY\" \/>\n\t<meta name=\"twitter:label2\" content=\"Dur\u00e9e de lecture estim\u00e9e\" \/>\n\t<meta name=\"twitter:data2\" content=\"1 minute\" \/>\n<script type=\"application\/ld+json\" class=\"yoast-schema-graph\">{\"@context\":\"https:\/\/schema.org\",\"@graph\":[{\"@type\":\"Article\",\"@id\":\"https:\/\/kapitalis.com\/tunisie\/2017\/10\/02\/affaire-faiza-souissi-ridha-jaouadi-ameute-ses-extremistes\/#article\",\"isPartOf\":{\"@id\":\"https:\/\/kapitalis.com\/tunisie\/2017\/10\/02\/affaire-faiza-souissi-ridha-jaouadi-ameute-ses-extremistes\/\"},\"author\":{\"name\":\"Yusra NY\",\"@id\":\"https:\/\/kapitalis.com\/tunisie\/#\/schema\/person\/74bbde0154d49d790a92aaeac5bc01d5\"},\"headline\":\"Affaire Fa\u00efza Souissi : Ridha Jaouadi ameute \u00abses\u00bb extr\u00e9mistes\",\"datePublished\":\"2017-10-02T09:15:11+00:00\",\"dateModified\":\"2017-10-02T09:18:51+00:00\",\"mainEntityOfPage\":{\"@id\":\"https:\/\/kapitalis.com\/tunisie\/2017\/10\/02\/affaire-faiza-souissi-ridha-jaouadi-ameute-ses-extremistes\/\"},\"wordCount\":246,\"commentCount\":10,\"publisher\":{\"@id\":\"https:\/\/kapitalis.com\/tunisie\/#organization\"},\"image\":{\"@id\":\"https:\/\/kapitalis.com\/tunisie\/2017\/10\/02\/affaire-faiza-souissi-ridha-jaouadi-ameute-ses-extremistes\/#primaryimage\"},\"thumbnailUrl\":\"\",\"keywords\":[\"agression\",\"Fa\u00efza Souissi\",\"femmes d\u00e9mocrates\",\"Front populaire\",\"Imam radical\",\"islamiste\",\"LTDH\",\"Ridha Jaouadi\",\"tribunal\"],\"articleSection\":[\"SOCIETE\",\"Tunisie\"],\"inLanguage\":\"fr-FR\",\"potentialAction\":[{\"@type\":\"CommentAction\",\"name\":\"Comment\",\"target\":[\"https:\/\/kapitalis.com\/tunisie\/2017\/10\/02\/affaire-faiza-souissi-ridha-jaouadi-ameute-ses-extremistes\/#respond\"]}]},{\"@type\":\"WebPage\",\"@id\":\"https:\/\/kapitalis.com\/tunisie\/2017\/10\/02\/affaire-faiza-souissi-ridha-jaouadi-ameute-ses-extremistes\/\",\"url\":\"https:\/\/kapitalis.com\/tunisie\/2017\/10\/02\/affaire-faiza-souissi-ridha-jaouadi-ameute-ses-extremistes\/\",\"name\":\"Affaire Fa\u00efza Souissi : Ridha Jaouadi ameute \u00abses\u00bb extr\u00e9mistes - Kapitalis\",\"isPartOf\":{\"@id\":\"https:\/\/kapitalis.com\/tunisie\/#website\"},\"primaryImageOfPage\":{\"@id\":\"https:\/\/kapitalis.com\/tunisie\/2017\/10\/02\/affaire-faiza-souissi-ridha-jaouadi-ameute-ses-extremistes\/#primaryimage\"},\"image\":{\"@id\":\"https:\/\/kapitalis.com\/tunisie\/2017\/10\/02\/affaire-faiza-souissi-ridha-jaouadi-ameute-ses-extremistes\/#primaryimage\"},\"thumbnailUrl\":\"\",\"datePublished\":\"2017-10-02T09:15:11+00:00\",\"dateModified\":\"2017-10-02T09:18:51+00:00\",\"breadcrumb\":{\"@id\":\"https:\/\/kapitalis.com\/tunisie\/2017\/10\/02\/affaire-faiza-souissi-ridha-jaouadi-ameute-ses-extremistes\/#breadcrumb\"},\"inLanguage\":\"fr-FR\",\"potentialAction\":[{\"@type\":\"ReadAction\",\"target\":[\"https:\/\/kapitalis.com\/tunisie\/2017\/10\/02\/affaire-faiza-souissi-ridha-jaouadi-ameute-ses-extremistes\/\"]}]},{\"@type\":\"ImageObject\",\"inLanguage\":\"fr-FR\",\"@id\":\"https:\/\/kapitalis.com\/tunisie\/2017\/10\/02\/affaire-faiza-souissi-ridha-jaouadi-ameute-ses-extremistes\/#primaryimage\",\"url\":\"\",\"contentUrl\":\"\"},{\"@type\":\"BreadcrumbList\",\"@id\":\"https:\/\/kapitalis.com\/tunisie\/2017\/10\/02\/affaire-faiza-souissi-ridha-jaouadi-ameute-ses-extremistes\/#breadcrumb\",\"itemListElement\":[{\"@type\":\"ListItem\",\"position\":1,\"name\":\"Accueil\",\"item\":\"https:\/\/kapitalis.com\/tunisie\/\"},{\"@type\":\"ListItem\",\"position\":2,\"name\":\"Affaire Fa\u00efza Souissi : Ridha Jaouadi ameute \u00abses\u00bb extr\u00e9mistes\"}]},{\"@type\":\"WebSite\",\"@id\":\"https:\/\/kapitalis.com\/tunisie\/#website\",\"url\":\"https:\/\/kapitalis.com\/tunisie\/\",\"name\":\"Kapitalis\",\"description\":\"L&#039;actualit\u00e9 en Tunisie et dans le monde\",\"publisher\":{\"@id\":\"https:\/\/kapitalis.com\/tunisie\/#organization\"},\"potentialAction\":[{\"@type\":\"SearchAction\",\"target\":{\"@type\":\"EntryPoint\",\"urlTemplate\":\"https:\/\/kapitalis.com\/tunisie\/?s={search_term_string}\"},\"query-input\":{\"@type\":\"PropertyValueSpecification\",\"valueRequired\":true,\"valueName\":\"search_term_string\"}}],\"inLanguage\":\"fr-FR\"},{\"@type\":\"Organization\",\"@id\":\"https:\/\/kapitalis.com\/tunisie\/#organization\",\"name\":\"Kapitalis\",\"url\":\"https:\/\/kapitalis.com\/tunisie\/\",\"logo\":{\"@type\":\"ImageObject\",\"inLanguage\":\"fr-FR\",\"@id\":\"https:\/\/kapitalis.com\/tunisie\/#\/schema\/logo\/image\/\",\"url\":\"https:\/\/kapitalis.com\/tunisie\/wp-content\/uploads\/2022\/05\/Kapitalis-big-size.png\",\"contentUrl\":\"https:\/\/kapitalis.com\/tunisie\/wp-content\/uploads\/2022\/05\/Kapitalis-big-size.png\",\"width\":5000,\"height\":1500,\"caption\":\"Kapitalis\"},\"image\":{\"@id\":\"https:\/\/kapitalis.com\/tunisie\/#\/schema\/logo\/image\/\"},\"sameAs\":[\"https:\/\/www.facebook.com\/KapitalisInfo\/\",\"https:\/\/x.com\/KapitalisInfo\",\"https:\/\/www.youtube.com\/channel\/UC-yDYrHyfFBWWZaOw3FPg9Q\"]},{\"@type\":\"Person\",\"@id\":\"https:\/\/kapitalis.com\/tunisie\/#\/schema\/person\/74bbde0154d49d790a92aaeac5bc01d5\",\"name\":\"Yusra NY\",\"url\":\"https:\/\/kapitalis.com\/tunisie\/author\/yuza_adam\/\"}]}<\/script>\n<!-- \/ Yoast SEO plugin. -->","yoast_head_json":{"title":"Affaire Fa\u00efza Souissi : Ridha Jaouadi ameute \u00abses\u00bb extr\u00e9mistes - Kapitalis","robots":{"index":"index","follow":"follow","max-snippet":"max-snippet:-1","max-image-preview":"max-image-preview:large","max-video-preview":"max-video-preview:-1"},"canonical":"https:\/\/kapitalis.com\/tunisie\/2017\/10\/02\/affaire-faiza-souissi-ridha-jaouadi-ameute-ses-extremistes\/","og_locale":"fr_FR","og_type":"article","og_title":"Affaire Fa\u00efza Souissi : Ridha Jaouadi ameute \u00abses\u00bb extr\u00e9mistes - Kapitalis","og_description":"L\u2019imam radical de Sfax, Ridha Jaouadi, appelle les islamistes extr\u00e9mistes \u00e0 soutenir les agresseurs de l\u2019enseignante Fa\u00efza Souissi.","og_url":"https:\/\/kapitalis.com\/tunisie\/2017\/10\/02\/affaire-faiza-souissi-ridha-jaouadi-ameute-ses-extremistes\/","og_site_name":"Kapitalis","article_publisher":"https:\/\/www.facebook.com\/KapitalisInfo\/","article_published_time":"2017-10-02T09:15:11+00:00","article_modified_time":"2017-10-02T09:18:51+00:00","og_image":[{"width":1200,"height":630,"url":"https:\/\/kapitalis.com\/tunisie\/wp-content\/uploads\/2022\/05\/kapitalis-logo-fb.png","type":"image\/png"}],"author":"Yusra NY","twitter_card":"summary_large_image","twitter_creator":"@KapitalisInfo","twitter_site":"@KapitalisInfo","twitter_misc":{"\u00c9crit par":"Yusra NY","Dur\u00e9e de lecture estim\u00e9e":"1 minute"},"schema":{"@context":"https:\/\/schema.org","@graph":[{"@type":"Article","@id":"https:\/\/kapitalis.com\/tunisie\/2017\/10\/02\/affaire-faiza-souissi-ridha-jaouadi-ameute-ses-extremistes\/#article","isPartOf":{"@id":"https:\/\/kapitalis.com\/tunisie\/2017\/10\/02\/affaire-faiza-souissi-ridha-jaouadi-ameute-ses-extremistes\/"},"author":{"name":"Yusra NY","@id":"https:\/\/kapitalis.com\/tunisie\/#\/schema\/person\/74bbde0154d49d790a92aaeac5bc01d5"},"headline":"Affaire Fa\u00efza Souissi : Ridha Jaouadi ameute \u00abses\u00bb extr\u00e9mistes","datePublished":"2017-10-02T09:15:11+00:00","dateModified":"2017-10-02T09:18:51+00:00","mainEntityOfPage":{"@id":"https:\/\/kapitalis.com\/tunisie\/2017\/10\/02\/affaire-faiza-souissi-ridha-jaouadi-ameute-ses-extremistes\/"},"wordCount":246,"commentCount":10,"publisher":{"@id":"https:\/\/kapitalis.com\/tunisie\/#organization"},"image":{"@id":"https:\/\/kapitalis.com\/tunisie\/2017\/10\/02\/affaire-faiza-souissi-ridha-jaouadi-ameute-ses-extremistes\/#primaryimage"},"thumbnailUrl":"","keywords":["agression","Fa\u00efza Souissi","femmes d\u00e9mocrates","Front populaire","Imam radical","islamiste","LTDH","Ridha Jaouadi","tribunal"],"articleSection":["SOCIETE","Tunisie"],"inLanguage":"fr-FR","potentialAction":[{"@type":"CommentAction","name":"Comment","target":["https:\/\/kapitalis.com\/tunisie\/2017\/10\/02\/affaire-faiza-souissi-ridha-jaouadi-ameute-ses-extremistes\/#respond"]}]},{"@type":"WebPage","@id":"https:\/\/kapitalis.com\/tunisie\/2017\/10\/02\/affaire-faiza-souissi-ridha-jaouadi-ameute-ses-extremistes\/","url":"https:\/\/kapitalis.com\/tunisie\/2017\/10\/02\/affaire-faiza-souissi-ridha-jaouadi-ameute-ses-extremistes\/","name":"Affaire Fa\u00efza Souissi : Ridha Jaouadi ameute \u00abses\u00bb extr\u00e9mistes - Kapitalis","isPartOf":{"@id":"https:\/\/kapitalis.com\/tunisie\/#website"},"primaryImageOfPage":{"@id":"https:\/\/kapitalis.com\/tunisie\/2017\/10\/02\/affaire-faiza-souissi-ridha-jaouadi-ameute-ses-extremistes\/#primaryimage"},"image":{"@id":"https:\/\/kapitalis.com\/tunisie\/2017\/10\/02\/affaire-faiza-souissi-ridha-jaouadi-ameute-ses-extremistes\/#primaryimage"},"thumbnailUrl":"","datePublished":"2017-10-02T09:15:11+00:00","dateModified":"2017-10-02T09:18:51+00:00","breadcrumb":{"@id":"https:\/\/kapitalis.com\/tunisie\/2017\/10\/02\/affaire-faiza-souissi-ridha-jaouadi-ameute-ses-extremistes\/#breadcrumb"},"inLanguage":"fr-FR","potentialAction":[{"@type":"ReadAction","target":["https:\/\/kapitalis.com\/tunisie\/2017\/10\/02\/affaire-faiza-souissi-ridha-jaouadi-ameute-ses-extremistes\/"]}]},{"@type":"ImageObject","inLanguage":"fr-FR","@id":"https:\/\/kapitalis.com\/tunisie\/2017\/10\/02\/affaire-faiza-souissi-ridha-jaouadi-ameute-ses-extremistes\/#primaryimage","url":"","contentUrl":""},{"@type":"BreadcrumbList","@id":"https:\/\/kapitalis.com\/tunisie\/2017\/10\/02\/affaire-faiza-souissi-ridha-jaouadi-ameute-ses-extremistes\/#breadcrumb","itemListElement":[{"@type":"ListItem","position":1,"name":"Accueil","item":"https:\/\/kapitalis.com\/tunisie\/"},{"@type":"ListItem","position":2,"name":"Affaire Fa\u00efza Souissi : Ridha Jaouadi ameute \u00abses\u00bb extr\u00e9mistes"}]},{"@type":"WebSite","@id":"https:\/\/kapitalis.com\/tunisie\/#website","url":"https:\/\/kapitalis.com\/tunisie\/","name":"Kapitalis","description":"L&#039;actualit\u00e9 en Tunisie et dans le monde","publisher":{"@id":"https:\/\/kapitalis.com\/tunisie\/#organization"},"potentialAction":[{"@type":"SearchAction","target":{"@type":"EntryPoint","urlTemplate":"https:\/\/kapitalis.com\/tunisie\/?s={search_term_string}"},"query-input":{"@type":"PropertyValueSpecification","valueRequired":true,"valueName":"search_term_string"}}],"inLanguage":"fr-FR"},{"@type":"Organization","@id":"https:\/\/kapitalis.com\/tunisie\/#organization","name":"Kapitalis","url":"https:\/\/kapitalis.com\/tunisie\/","logo":{"@type":"ImageObject","inLanguage":"fr-FR","@id":"https:\/\/kapitalis.com\/tunisie\/#\/schema\/logo\/image\/","url":"https:\/\/kapitalis.com\/tunisie\/wp-content\/uploads\/2022\/05\/Kapitalis-big-size.png","contentUrl":"https:\/\/kapitalis.com\/tunisie\/wp-content\/uploads\/2022\/05\/Kapitalis-big-size.png","width":5000,"height":1500,"caption":"Kapitalis"},"image":{"@id":"https:\/\/kapitalis.com\/tunisie\/#\/schema\/logo\/image\/"},"sameAs":["https:\/\/www.facebook.com\/KapitalisInfo\/","https:\/\/x.com\/KapitalisInfo","https:\/\/www.youtube.com\/channel\/UC-yDYrHyfFBWWZaOw3FPg9Q"]},{"@type":"Person","@id":"https:\/\/kapitalis.com\/tunisie\/#\/schema\/person\/74bbde0154d49d790a92aaeac5bc01d5","name":"Yusra NY","url":"https:\/\/kapitalis.com\/tunisie\/author\/yuza_adam\/"}]}},"_links":{"self":[{"href":"https:\/\/kapitalis.com\/tunisie\/wp-json\/wp\/v2\/posts\/116614","targetHints":{"allow":["GET"]}}],"collection":[{"href":"https:\/\/kapitalis.com\/tunisie\/wp-json\/wp\/v2\/posts"}],"about":[{"href":"https:\/\/kapitalis.com\/tunisie\/wp-json\/wp\/v2\/types\/post"}],"author":[{"embeddable":true,"href":"https:\/\/kapitalis.com\/tunisie\/wp-json\/wp\/v2\/users\/6"}],"replies":[{"embeddable":true,"href":"https:\/\/kapitalis.com\/tunisie\/wp-json\/wp\/v2\/comments?post=116614"}],"version-history":[{"count":0,"href":"https:\/\/kapitalis.com\/tunisie\/wp-json\/wp\/v2\/posts\/116614\/revisions"}],"wp:featuredmedia":[{"embeddable":true,"href":"https:\/\/kapitalis.com\/tunisie\/wp-json\/wp\/v2\/media\/116622"}],"wp:attachment":[{"href":"https:\/\/kapitalis.com\/tunisie\/wp-json\/wp\/v2\/media?parent=116614"}],"wp:term":[{"taxonomy":"category","embeddable":true,"href":"https:\/\/kapitalis.com\/tunisie\/wp-json\/wp\/v2\/categories?post=116614"},{"taxonomy":"post_tag","embeddable":true,"href":"https:\/\/kapitalis.com\/tunisie\/wp-json\/wp\/v2\/tags?post=116614"}],"curies":[{"name":"wp","href":"https:\/\/api.w.org\/{rel}","templated":true}]}}