{"id":11684658,"date":"2024-02-21T09:28:54","date_gmt":"2024-02-21T08:28:54","guid":{"rendered":"https:\/\/kapitalis.com\/tunisie\/?p=11684658"},"modified":"2024-02-21T09:28:56","modified_gmt":"2024-02-21T08:28:56","slug":"le-prince-william-appelle-a-la-fin-de-la-guerre-a-gaza","status":"publish","type":"post","link":"https:\/\/kapitalis.com\/tunisie\/2024\/02\/21\/le-prince-william-appelle-a-la-fin-de-la-guerre-a-gaza\/","title":{"rendered":"Le prince William appelle \u00e0 la fin de la guerre \u00e0 Gaza"},"content":{"rendered":"\n<p><strong><em>Le prince William, prince h\u00e9ritier du Royaume-Uni, est sorti de sa r\u00e9serve, mardi 20 f\u00e9vrier 2024, appelant \u00e0 la fin de la guerre \u00e0 Gaza et exprimant son inqui\u00e9tude quant au lourd bilan humain caus\u00e9 par cette guerre qui dure depuis plus de quatre mois. Le m\u00eame jour, les \u00c9tats-Unis ont us\u00e9 pour la quatri\u00e8me fois de leur <a href=\"https:\/\/kapitalis.com\/tunisie\/2024\/02\/21\/les-etats-unis-abusent-du-droit-de-veto-aux-nations-unies\/\" target=\"_blank\" rel=\"noreferrer noopener\">droit de v\u00e9to <\/a>pour rejeter le cessez-le-feu.\u00a0<\/em><\/strong><\/p>\n\n\n\n<p>Par <strong>Imed Bahri<\/strong><\/p>\n\n\n\n<!--more-->\n\n\n\n<p>Fait tr\u00e8s rare, le prince de Galles a d\u00e9rog\u00e9 \u00e0 la r\u00e8gle qui veut que les membres de la famille royale britannique ne s\u2019expriment pas sur les sujets ayant trait \u00e0 la politique qu\u2019elle soit interne ou internationale. Fait encore plus rare, le prince h\u00e9ritier britannique exprime une position non conforme \u00e0 celle du gouvernement du Royaume-Uni, qui est enti\u00e8rement et clairement pro-isra\u00e9lienne. <\/p>\n\n\n\n<p>Dans un communiqu\u00e9 diffus\u00e9 par son bureau, il a consid\u00e9r\u00e9 que <em>\u00abtrop de gens ont \u00e9t\u00e9 tu\u00e9s\u00bb<\/em> dans cette guerre et appelle \u00e0 la fin du conflit. Il d\u00e9clare s\u2019accrocher <em>\u00ab\u00e0 l\u2019espoir qu\u2019un avenir meilleur puisse \u00eatre trouv\u00e9 et je refuse d\u2019y renoncer\u00bb<\/em>.<\/p>\n\n\n\n<p>Le prince William se dit <em>\u00abprofond\u00e9ment pr\u00e9occup\u00e9 par les terribles pertes humaines caus\u00e9es par le conflit au Moyen-Orient depuis les attaques du 7 octobre\u00bb<\/em>. Il poursuit que<em> \u00abcomme beaucoup d\u2019autres, je souhaite que les combats cessent le plus rapidement possible. Gaza a d\u00e9sesp\u00e9r\u00e9ment besoin d\u2019une aide humanitaire accrue. Il est essentiel que l\u2019aide soit achemin\u00e9e et que les otages soient lib\u00e9r\u00e9s\u00bb.<\/em> Et d\u2019ajouter: <em>\u00abParfois, ce n\u2019est que face \u00e0 l\u2019ampleur de la souffrance humaine que l\u2019on prend conscience de l\u2019importance d\u2019une paix permanente.\u00bb<\/em><\/p>\n\n\n\n<h2 class=\"wp-block-heading\">Mettre fin \u00e0 souffrance humaine<\/h2>\n\n\n\n<p>Kensington Palace o\u00f9 se trouve la r\u00e9sidence officielle et le bureau du prince de Galles a \u00e9galement annonc\u00e9 qu\u2019il allait prendre part \u00e0 plusieurs \u00e9v\u00e9nements afin de mettre en lumi\u00e8re la <em>\u00absouffrance humaine caus\u00e9e par ce conflit \u00e0 Gaza, en Isra\u00ebl et au Moyen-Orient et sensibiliser \u00e0 la mont\u00e9e de l\u2019antis\u00e9mitisme dans le monde. Le prince de Galles va ainsi prochainement rencontrer des b\u00e9n\u00e9voles qui contribuent \u00e0 apporter une aide humanitaire dans la r\u00e9gion de Gaza afin d\u2019entendre les r\u00e9cits de personnes qui sont sur le terrain. Il doit \u00e9galement assister \u00e0 une r\u00e9union \u00e0 la fin du mois dans une synagogue afin d\u2019\u00e9changer avec de jeunes militants contre la haine et l\u2019antis\u00e9mitisme.\u00bb<\/em><\/p>\n\n\n\n<p>En 2018, le prince William est devenu le premier membre de la famille royale britannique \u00e0 se rendre en Isra\u00ebl et en Cisjordanie au nom du gouvernement britannique. Il avait rencontr\u00e9 le Premier ministre isra\u00e9lien Benjamin Netanyahu et le pr\u00e9sident palestinien Mahmoud Abbas.<\/p>\n\n\n\n<figure class=\"wp-block-embed is-type-wp-embed is-provider-kapitalis wp-block-embed-kapitalis\"><div class=\"wp-block-embed__wrapper\">\n<blockquote class=\"wp-embedded-content\" data-secret=\"LC2i1a7ijJ\"><a href=\"https:\/\/kapitalis.com\/tunisie\/2024\/02\/21\/les-etats-unis-abusent-du-droit-de-veto-aux-nations-unies\/\">Les Etats-Unis abusent du droit de v\u00e9to aux Nations-Unies<\/a><\/blockquote><iframe loading=\"lazy\" class=\"wp-embedded-content\" sandbox=\"allow-scripts\" security=\"restricted\" style=\"position: absolute; clip: rect(1px, 1px, 1px, 1px);\" title=\"\u00ab\u00a0Les Etats-Unis abusent du droit de v\u00e9to aux Nations-Unies\u00a0\u00bb &#8212; Kapitalis\" src=\"https:\/\/kapitalis.com\/tunisie\/2024\/02\/21\/les-etats-unis-abusent-du-droit-de-veto-aux-nations-unies\/embed\/#?secret=wN3lDG7ubs#?secret=LC2i1a7ijJ\" data-secret=\"LC2i1a7ijJ\" width=\"600\" height=\"338\" frameborder=\"0\" marginwidth=\"0\" marginheight=\"0\" scrolling=\"no\"><\/iframe>\n<\/div><\/figure>\n\n\n\n<p>Il est \u00e0 indiquer \u00e9galement que depuis l\u2019annonce du cancer de Charles III et depuis qu\u2019il a commenc\u00e9 \u00e0 recevoir son traitement, c\u2019est le prince de Galles qui assure les activit\u00e9s officielles royales.<\/p>\n\n\n\n<p>Au m\u00eame moment \u00e0 New York, les \u00c9tats-Unis ont bloqu\u00e9 pour la quatri\u00e8me fois un projet de r\u00e9solution au Conseil se s\u00e9curit\u00e9 de l\u2019Onu pour un cessez-le-feu imm\u00e9diat \u00e0 Gaza. Cette fois-ci, le projet de r\u00e9solution a \u00e9t\u00e9 propos\u00e9 par l\u2019Alg\u00e9rie. Treize pays ont vot\u00e9 en faveur du projet de r\u00e9solution tandis que le Royaume-Uni s\u2019est abstenu et Washington a vot\u00e9 contre en recourant \u00e0 son droit de veto en tant que membre permanent du Conseil de s\u00e9curit\u00e9.&nbsp;<\/p>\n\n\n\n<p>Le projet de r\u00e9solution alg\u00e9rien comprenait cinq points fondamentaux: un cessez-le-feu humanitaire imm\u00e9diat et global, le respect des mesures provisoires r\u00e9clam\u00e9es par la Cour internationale de Justice, le 26 janvier, le rejet du d\u00e9placement forc\u00e9 de la population civile palestinienne y compris des enfants et l\u2019acheminement complet de l\u2019aide humanitaire ainsi que l\u2019acc\u00e8s rapide, s\u00fbr et sans entrave \u00e0 toutes les parties de la bande de Gaza. Le projet pr\u00e9voit \u00e9galement de fournir des approvisionnements urgents, durables et ad\u00e9quats ainsi qu\u2019une assistance humanitaire g\u00e9n\u00e9ralis\u00e9e \u00e0 la population civile palestinienne.<\/p>\n\n\n\n<p>Le repr\u00e9sentant permanent de l\u2019Alg\u00e9rie aux Nations-Unies, Ammar Ben Jama a prononc\u00e9 un discours expliquant la n\u00e9cessit\u00e9 de voter en faveur du projet de r\u00e9solution. Il a expliqu\u00e9 que son pays a donn\u00e9 une opportunit\u00e9 \u00e0 ceux qui disent qu\u2019il y a des n\u00e9gociations pour parvenir \u00e0 un cessez-le-feu humanitaire et lib\u00e9rer les otages. Il a d\u00e9clar\u00e9:<em> \u00abCombien de temps allons-nous attendre?\u00bb<\/em>, soulignant que le projet de r\u00e9solution a fait l\u2019objet de d\u00e9lib\u00e9rations longues et d\u00e9taill\u00e9es avec tous les membres du Conseil. Il a consid\u00e9r\u00e9 que <em>\u00able Conseil de s\u00e9curit\u00e9 ne doit pas rester incapable d\u2019assumer ses responsabilit\u00e9s\u00bb<\/em> et a soulign\u00e9 que<em> \u00abce projet renforce le Conseil de s\u00e9curit\u00e9 dans l\u2019accomplissement de son mandat fondamental de maintien de la paix et de la s\u00e9curit\u00e9 internationales\u00bb<\/em>.&nbsp;<\/p>\n\n\n\n<p>Ben Jama a d\u00e9clar\u00e9 qu\u2019un mois apr\u00e8s que la Cour internationale de Justice a pris des mesures urgentes, l\u2019espoir est toujours absent: <em>\u00abCe projet de r\u00e9solution repr\u00e9sente la v\u00e9rit\u00e9 et la justice. Voter pour ce projet de r\u00e9solution c\u2019est voter pour le droit \u00e0 la vie des Palestiniens. Voter contre, c\u2019est aussi approuver la violence g\u00e9n\u00e9ralis\u00e9e et les punitions collectives auxquelles ils sont soumis. Voter en faveur du projet de r\u00e9solution signifie donner \u00e0 des centaines de milliers d\u2019enfants palestiniens une chance de retourner \u00e0 l\u2019\u00e9cole tandis que ceux qui votent contre votent en faveur de la destruction de leurs r\u00eaves d\u2019une vie meilleure. Voter avec le projet de r\u00e9solution signifie la solidarit\u00e9 avec les droits des femmes palestiniennes tandis que voter contre signifie soutenir ces mesures qui d\u00e9truisent leur dignit\u00e9. Voter pour le projet de r\u00e9solution signifie soutenir le droit des Palestiniens \u00e0 l\u2019alimentation et \u00e0 la sant\u00e9 tandis que voter contre signifie priver les Palestiniens de nourriture et de m\u00e9dicaments et d\u00e9truire les h\u00f4pitaux.\u00bb<\/em><\/p>\n\n\n\n<p>Ben Jama a appel\u00e9 le Conseil de s\u00e9curit\u00e9 non seulement \u00e0 cesser le feu mais aussi \u00e0 respecter le droit international humanitaire en rappelant que le moment est critique. <em>\u00abAujourd\u2019hui, chaque Palestinien est une cible de mort et d\u2019extermination. Nous demandons combien de personnes doivent \u00eatre tu\u00e9es pour qu\u2019un cessez-le-feu ait lieu?\u00bb,<\/em> a martel\u00e9 le repr\u00e9sentant permanent de l&rsquo;Alg\u00e9rie.\u00a0<\/p>\n\n\n\n<figure class=\"wp-block-embed is-type-wp-embed is-provider-kapitalis wp-block-embed-kapitalis\"><div class=\"wp-block-embed__wrapper\">\n<blockquote class=\"wp-embedded-content\" data-secret=\"BvPRC1ed3r\"><a href=\"https:\/\/kapitalis.com\/tunisie\/2024\/01\/27\/israel-les-etats-unis-et-les-limites-de-lapplication-du-droit-international\/\">Isra\u00ebl, les Etats-Unis et les limites de l\u2019application du droit international<\/a><\/blockquote><iframe loading=\"lazy\" class=\"wp-embedded-content\" sandbox=\"allow-scripts\" security=\"restricted\" style=\"position: absolute; clip: rect(1px, 1px, 1px, 1px);\" title=\"\u00ab\u00a0Isra\u00ebl, les Etats-Unis et les limites de l\u2019application du droit international\u00a0\u00bb &#8212; Kapitalis\" src=\"https:\/\/kapitalis.com\/tunisie\/2024\/01\/27\/israel-les-etats-unis-et-les-limites-de-lapplication-du-droit-international\/embed\/#?secret=hn8i1pu4Vs#?secret=BvPRC1ed3r\" data-secret=\"BvPRC1ed3r\" width=\"600\" height=\"338\" frameborder=\"0\" marginwidth=\"0\" marginheight=\"0\" scrolling=\"no\"><\/iframe>\n<\/div><\/figure>\n\n\n\n<p>Ce plaidoyer alg\u00e9rien tr\u00e8s lucide et bas\u00e9 sur la r\u00e9alit\u00e9 tragique endur\u00e9e par la population civile palestinienne n\u2019a pas convaincu Washington toujours aux c\u00f4t\u00e9s d\u2019Isra\u00ebl en d\u00e9pit des crimes de guerre et du g\u00e9nocide qui se poursuivent depuis plus de quatre mois. La repr\u00e9sente permanente des \u00c9tats-Unis au Conseil de s\u00e9curit\u00e9 Linda Thomas-Greenfield, championne des droits humains quand il s\u2019agit des Ukrainiens mais qui ne l\u2019est plus quand il s\u2019agit des Palestiniens, \u00e0 l\u2019image de son pr\u00e9sident dont la m\u00e9moire ne flanche plus quand il s\u2019agit de soutenir Isra\u00ebl, et qui \u00e9tait assise aux c\u00f4t\u00e9s du repr\u00e9sentant alg\u00e9rien autour de la table du Conseil de s\u00e9curit\u00e9, a d\u00e9clar\u00e9 en r\u00e9action au projet de r\u00e9solution alg\u00e9rien : <em>\u00abToute mesure prise par le Conseil doit soutenir ces efforts <\/em>(lib\u00e9ration des d\u00e9tenus isra\u00e9liens dans la bande de Gaza qui constitue la priorit\u00e9 pour l\u2019administration Biden, Ndlr) <em>plut\u00f4t que les entraver et nous pensons que l\u2019adoption de ce projet aura un impact n\u00e9gatif sur ces efforts. Appeler \u00e0 un cessez-le-feu imm\u00e9diat sans la lib\u00e9ration des otages ne m\u00e8nera pas \u00e0 une paix durable et pourrait m\u00eame prolonger le conflit entre le Hamas et Isra\u00ebl.\u00bb<\/em> La repr\u00e9sentante am\u00e9ricaine a \u00e9voqu\u00e9 que le projet de r\u00e9solution (ou de contre-r\u00e9solution) am\u00e9ricain qu\u2019elle pr\u00e9sentera aux membres du Conseil de s\u00e9curit\u00e9 <em>\u00abcontient de nombreux d\u00e9tails r\u00e9alistes sur la sortie de la crise actuelle\u00bb<\/em>.<\/p>\n\n\n\n<p>La guerre peut donc se poursuivre, les \u00c9tats-Unis ne sont pas press\u00e9s de voir le g\u00e9nocide perp\u00e9tr\u00e9 par Isra\u00ebl \u00e0 Gaza prendre fin.<\/p>\n","protected":false},"excerpt":{"rendered":"<p>Le prince William, prince h\u00e9ritier du Royaume-Uni, appelle \u00e0 la fin de la guerre \u00e0 Gaza. <\/p>\n","protected":false},"author":8,"featured_media":11684975,"comment_status":"open","ping_status":"open","sticky":false,"template":"","format":"standard","meta":{"footnotes":""},"categories":[992,997,2433],"tags":[64,114076,78944,111620,8855,75918,2444,2478,102377,2739,114075],"class_list":["post-11684658","post","type-post","status-publish","format-standard","has-post-thumbnail","hentry","category-a-la-une","category-politique","category-tunisie","tag-algerie","tag-ammar-ben-jama","tag-benjamin-netanyahu","tag-cessez-le-feu","tag-conseil-de-securite","tag-etats-unis-2","tag-gaza","tag-israel","tag-nations-unis-2","tag-palestiniens","tag-prince-william"],"yoast_head":"<!-- This site is optimized with the Yoast SEO plugin v26.6 - https:\/\/yoast.com\/wordpress\/plugins\/seo\/ -->\n<title>Le prince William appelle \u00e0 la fin de la guerre \u00e0 Gaza - Kapitalis<\/title>\n<meta name=\"robots\" content=\"index, follow, max-snippet:-1, max-image-preview:large, max-video-preview:-1\" \/>\n<link rel=\"canonical\" href=\"https:\/\/kapitalis.com\/tunisie\/2024\/02\/21\/le-prince-william-appelle-a-la-fin-de-la-guerre-a-gaza\/\" \/>\n<meta property=\"og:locale\" content=\"fr_FR\" \/>\n<meta property=\"og:type\" content=\"article\" \/>\n<meta property=\"og:title\" content=\"Le prince William appelle \u00e0 la fin de la guerre \u00e0 Gaza - Kapitalis\" \/>\n<meta property=\"og:description\" content=\"Le prince William, prince h\u00e9ritier du Royaume-Uni, appelle \u00e0 la fin de la guerre \u00e0 Gaza.\" \/>\n<meta property=\"og:url\" content=\"https:\/\/kapitalis.com\/tunisie\/2024\/02\/21\/le-prince-william-appelle-a-la-fin-de-la-guerre-a-gaza\/\" \/>\n<meta property=\"og:site_name\" content=\"Kapitalis\" \/>\n<meta property=\"article:publisher\" content=\"https:\/\/www.facebook.com\/KapitalisInfo\/\" \/>\n<meta property=\"article:published_time\" content=\"2024-02-21T08:28:54+00:00\" \/>\n<meta property=\"article:modified_time\" content=\"2024-02-21T08:28:56+00:00\" \/>\n<meta property=\"og:image\" content=\"https:\/\/kapitalis.com\/tunisie\/wp-content\/uploads\/2024\/02\/Prince-William.jpg\" \/>\n\t<meta property=\"og:image:width\" content=\"1200\" \/>\n\t<meta property=\"og:image:height\" content=\"630\" \/>\n\t<meta property=\"og:image:type\" content=\"image\/jpeg\" \/>\n<meta name=\"author\" content=\"webmaster kapitalis\" \/>\n<meta name=\"twitter:card\" content=\"summary_large_image\" \/>\n<meta name=\"twitter:creator\" content=\"@KapitalisInfo\" \/>\n<meta name=\"twitter:site\" content=\"@KapitalisInfo\" \/>\n<meta name=\"twitter:label1\" content=\"\u00c9crit par\" \/>\n\t<meta name=\"twitter:data1\" content=\"webmaster kapitalis\" \/>\n\t<meta name=\"twitter:label2\" content=\"Dur\u00e9e de lecture estim\u00e9e\" \/>\n\t<meta name=\"twitter:data2\" content=\"7 minutes\" \/>\n<script type=\"application\/ld+json\" class=\"yoast-schema-graph\">{\"@context\":\"https:\/\/schema.org\",\"@graph\":[{\"@type\":\"Article\",\"@id\":\"https:\/\/kapitalis.com\/tunisie\/2024\/02\/21\/le-prince-william-appelle-a-la-fin-de-la-guerre-a-gaza\/#article\",\"isPartOf\":{\"@id\":\"https:\/\/kapitalis.com\/tunisie\/2024\/02\/21\/le-prince-william-appelle-a-la-fin-de-la-guerre-a-gaza\/\"},\"author\":{\"name\":\"webmaster kapitalis\",\"@id\":\"https:\/\/kapitalis.com\/tunisie\/#\/schema\/person\/d71f33a9ca44f7bad4698210b480c8e9\"},\"headline\":\"Le prince William appelle \u00e0 la fin de la guerre \u00e0 Gaza\",\"datePublished\":\"2024-02-21T08:28:54+00:00\",\"dateModified\":\"2024-02-21T08:28:56+00:00\",\"mainEntityOfPage\":{\"@id\":\"https:\/\/kapitalis.com\/tunisie\/2024\/02\/21\/le-prince-william-appelle-a-la-fin-de-la-guerre-a-gaza\/\"},\"wordCount\":1399,\"commentCount\":1,\"publisher\":{\"@id\":\"https:\/\/kapitalis.com\/tunisie\/#organization\"},\"image\":{\"@id\":\"https:\/\/kapitalis.com\/tunisie\/2024\/02\/21\/le-prince-william-appelle-a-la-fin-de-la-guerre-a-gaza\/#primaryimage\"},\"thumbnailUrl\":\"https:\/\/kapitalis.com\/tunisie\/wp-content\/uploads\/2024\/02\/Prince-William.jpg\",\"keywords\":[\"Alg\u00e9rie\",\"Ammar Ben Jama\",\"Benjamin Netanyahu\",\"cessez-le-feu\",\"conseil de s\u00e9curit\u00e9\",\"Etats-Unis\",\"Gaza\",\"Isra\u00ebl\",\"Nations-Unis\",\"Palestiniens\",\"Prince William\"],\"articleSection\":[\"A LA UNE\",\"POLITIQUE\",\"Tunisie\"],\"inLanguage\":\"fr-FR\",\"potentialAction\":[{\"@type\":\"CommentAction\",\"name\":\"Comment\",\"target\":[\"https:\/\/kapitalis.com\/tunisie\/2024\/02\/21\/le-prince-william-appelle-a-la-fin-de-la-guerre-a-gaza\/#respond\"]}]},{\"@type\":\"WebPage\",\"@id\":\"https:\/\/kapitalis.com\/tunisie\/2024\/02\/21\/le-prince-william-appelle-a-la-fin-de-la-guerre-a-gaza\/\",\"url\":\"https:\/\/kapitalis.com\/tunisie\/2024\/02\/21\/le-prince-william-appelle-a-la-fin-de-la-guerre-a-gaza\/\",\"name\":\"Le prince William appelle \u00e0 la fin de la guerre \u00e0 Gaza - Kapitalis\",\"isPartOf\":{\"@id\":\"https:\/\/kapitalis.com\/tunisie\/#website\"},\"primaryImageOfPage\":{\"@id\":\"https:\/\/kapitalis.com\/tunisie\/2024\/02\/21\/le-prince-william-appelle-a-la-fin-de-la-guerre-a-gaza\/#primaryimage\"},\"image\":{\"@id\":\"https:\/\/kapitalis.com\/tunisie\/2024\/02\/21\/le-prince-william-appelle-a-la-fin-de-la-guerre-a-gaza\/#primaryimage\"},\"thumbnailUrl\":\"https:\/\/kapitalis.com\/tunisie\/wp-content\/uploads\/2024\/02\/Prince-William.jpg\",\"datePublished\":\"2024-02-21T08:28:54+00:00\",\"dateModified\":\"2024-02-21T08:28:56+00:00\",\"breadcrumb\":{\"@id\":\"https:\/\/kapitalis.com\/tunisie\/2024\/02\/21\/le-prince-william-appelle-a-la-fin-de-la-guerre-a-gaza\/#breadcrumb\"},\"inLanguage\":\"fr-FR\",\"potentialAction\":[{\"@type\":\"ReadAction\",\"target\":[\"https:\/\/kapitalis.com\/tunisie\/2024\/02\/21\/le-prince-william-appelle-a-la-fin-de-la-guerre-a-gaza\/\"]}]},{\"@type\":\"ImageObject\",\"inLanguage\":\"fr-FR\",\"@id\":\"https:\/\/kapitalis.com\/tunisie\/2024\/02\/21\/le-prince-william-appelle-a-la-fin-de-la-guerre-a-gaza\/#primaryimage\",\"url\":\"https:\/\/kapitalis.com\/tunisie\/wp-content\/uploads\/2024\/02\/Prince-William.jpg\",\"contentUrl\":\"https:\/\/kapitalis.com\/tunisie\/wp-content\/uploads\/2024\/02\/Prince-William.jpg\",\"width\":1200,\"height\":630},{\"@type\":\"BreadcrumbList\",\"@id\":\"https:\/\/kapitalis.com\/tunisie\/2024\/02\/21\/le-prince-william-appelle-a-la-fin-de-la-guerre-a-gaza\/#breadcrumb\",\"itemListElement\":[{\"@type\":\"ListItem\",\"position\":1,\"name\":\"Accueil\",\"item\":\"https:\/\/kapitalis.com\/tunisie\/\"},{\"@type\":\"ListItem\",\"position\":2,\"name\":\"Le prince William appelle \u00e0 la fin de la guerre \u00e0 Gaza\"}]},{\"@type\":\"WebSite\",\"@id\":\"https:\/\/kapitalis.com\/tunisie\/#website\",\"url\":\"https:\/\/kapitalis.com\/tunisie\/\",\"name\":\"Kapitalis\",\"description\":\"L&#039;actualit\u00e9 en Tunisie et dans le monde\",\"publisher\":{\"@id\":\"https:\/\/kapitalis.com\/tunisie\/#organization\"},\"potentialAction\":[{\"@type\":\"SearchAction\",\"target\":{\"@type\":\"EntryPoint\",\"urlTemplate\":\"https:\/\/kapitalis.com\/tunisie\/?s={search_term_string}\"},\"query-input\":{\"@type\":\"PropertyValueSpecification\",\"valueRequired\":true,\"valueName\":\"search_term_string\"}}],\"inLanguage\":\"fr-FR\"},{\"@type\":\"Organization\",\"@id\":\"https:\/\/kapitalis.com\/tunisie\/#organization\",\"name\":\"Kapitalis\",\"url\":\"https:\/\/kapitalis.com\/tunisie\/\",\"logo\":{\"@type\":\"ImageObject\",\"inLanguage\":\"fr-FR\",\"@id\":\"https:\/\/kapitalis.com\/tunisie\/#\/schema\/logo\/image\/\",\"url\":\"https:\/\/kapitalis.com\/tunisie\/wp-content\/uploads\/2022\/05\/Kapitalis-big-size.png\",\"contentUrl\":\"https:\/\/kapitalis.com\/tunisie\/wp-content\/uploads\/2022\/05\/Kapitalis-big-size.png\",\"width\":5000,\"height\":1500,\"caption\":\"Kapitalis\"},\"image\":{\"@id\":\"https:\/\/kapitalis.com\/tunisie\/#\/schema\/logo\/image\/\"},\"sameAs\":[\"https:\/\/www.facebook.com\/KapitalisInfo\/\",\"https:\/\/x.com\/KapitalisInfo\",\"https:\/\/www.youtube.com\/channel\/UC-yDYrHyfFBWWZaOw3FPg9Q\"]},{\"@type\":\"Person\",\"@id\":\"https:\/\/kapitalis.com\/tunisie\/#\/schema\/person\/d71f33a9ca44f7bad4698210b480c8e9\",\"name\":\"webmaster kapitalis\",\"url\":\"https:\/\/kapitalis.com\/tunisie\/author\/webmaster-kapitalis\/\"}]}<\/script>\n<!-- \/ Yoast SEO plugin. -->","yoast_head_json":{"title":"Le prince William appelle \u00e0 la fin de la guerre \u00e0 Gaza - Kapitalis","robots":{"index":"index","follow":"follow","max-snippet":"max-snippet:-1","max-image-preview":"max-image-preview:large","max-video-preview":"max-video-preview:-1"},"canonical":"https:\/\/kapitalis.com\/tunisie\/2024\/02\/21\/le-prince-william-appelle-a-la-fin-de-la-guerre-a-gaza\/","og_locale":"fr_FR","og_type":"article","og_title":"Le prince William appelle \u00e0 la fin de la guerre \u00e0 Gaza - Kapitalis","og_description":"Le prince William, prince h\u00e9ritier du Royaume-Uni, appelle \u00e0 la fin de la guerre \u00e0 Gaza.","og_url":"https:\/\/kapitalis.com\/tunisie\/2024\/02\/21\/le-prince-william-appelle-a-la-fin-de-la-guerre-a-gaza\/","og_site_name":"Kapitalis","article_publisher":"https:\/\/www.facebook.com\/KapitalisInfo\/","article_published_time":"2024-02-21T08:28:54+00:00","article_modified_time":"2024-02-21T08:28:56+00:00","og_image":[{"width":1200,"height":630,"url":"https:\/\/kapitalis.com\/tunisie\/wp-content\/uploads\/2024\/02\/Prince-William.jpg","type":"image\/jpeg"}],"author":"webmaster kapitalis","twitter_card":"summary_large_image","twitter_creator":"@KapitalisInfo","twitter_site":"@KapitalisInfo","twitter_misc":{"\u00c9crit par":"webmaster kapitalis","Dur\u00e9e de lecture estim\u00e9e":"7 minutes"},"schema":{"@context":"https:\/\/schema.org","@graph":[{"@type":"Article","@id":"https:\/\/kapitalis.com\/tunisie\/2024\/02\/21\/le-prince-william-appelle-a-la-fin-de-la-guerre-a-gaza\/#article","isPartOf":{"@id":"https:\/\/kapitalis.com\/tunisie\/2024\/02\/21\/le-prince-william-appelle-a-la-fin-de-la-guerre-a-gaza\/"},"author":{"name":"webmaster kapitalis","@id":"https:\/\/kapitalis.com\/tunisie\/#\/schema\/person\/d71f33a9ca44f7bad4698210b480c8e9"},"headline":"Le prince William appelle \u00e0 la fin de la guerre \u00e0 Gaza","datePublished":"2024-02-21T08:28:54+00:00","dateModified":"2024-02-21T08:28:56+00:00","mainEntityOfPage":{"@id":"https:\/\/kapitalis.com\/tunisie\/2024\/02\/21\/le-prince-william-appelle-a-la-fin-de-la-guerre-a-gaza\/"},"wordCount":1399,"commentCount":1,"publisher":{"@id":"https:\/\/kapitalis.com\/tunisie\/#organization"},"image":{"@id":"https:\/\/kapitalis.com\/tunisie\/2024\/02\/21\/le-prince-william-appelle-a-la-fin-de-la-guerre-a-gaza\/#primaryimage"},"thumbnailUrl":"https:\/\/kapitalis.com\/tunisie\/wp-content\/uploads\/2024\/02\/Prince-William.jpg","keywords":["Alg\u00e9rie","Ammar Ben Jama","Benjamin Netanyahu","cessez-le-feu","conseil de s\u00e9curit\u00e9","Etats-Unis","Gaza","Isra\u00ebl","Nations-Unis","Palestiniens","Prince William"],"articleSection":["A LA UNE","POLITIQUE","Tunisie"],"inLanguage":"fr-FR","potentialAction":[{"@type":"CommentAction","name":"Comment","target":["https:\/\/kapitalis.com\/tunisie\/2024\/02\/21\/le-prince-william-appelle-a-la-fin-de-la-guerre-a-gaza\/#respond"]}]},{"@type":"WebPage","@id":"https:\/\/kapitalis.com\/tunisie\/2024\/02\/21\/le-prince-william-appelle-a-la-fin-de-la-guerre-a-gaza\/","url":"https:\/\/kapitalis.com\/tunisie\/2024\/02\/21\/le-prince-william-appelle-a-la-fin-de-la-guerre-a-gaza\/","name":"Le prince William appelle \u00e0 la fin de la guerre \u00e0 Gaza - Kapitalis","isPartOf":{"@id":"https:\/\/kapitalis.com\/tunisie\/#website"},"primaryImageOfPage":{"@id":"https:\/\/kapitalis.com\/tunisie\/2024\/02\/21\/le-prince-william-appelle-a-la-fin-de-la-guerre-a-gaza\/#primaryimage"},"image":{"@id":"https:\/\/kapitalis.com\/tunisie\/2024\/02\/21\/le-prince-william-appelle-a-la-fin-de-la-guerre-a-gaza\/#primaryimage"},"thumbnailUrl":"https:\/\/kapitalis.com\/tunisie\/wp-content\/uploads\/2024\/02\/Prince-William.jpg","datePublished":"2024-02-21T08:28:54+00:00","dateModified":"2024-02-21T08:28:56+00:00","breadcrumb":{"@id":"https:\/\/kapitalis.com\/tunisie\/2024\/02\/21\/le-prince-william-appelle-a-la-fin-de-la-guerre-a-gaza\/#breadcrumb"},"inLanguage":"fr-FR","potentialAction":[{"@type":"ReadAction","target":["https:\/\/kapitalis.com\/tunisie\/2024\/02\/21\/le-prince-william-appelle-a-la-fin-de-la-guerre-a-gaza\/"]}]},{"@type":"ImageObject","inLanguage":"fr-FR","@id":"https:\/\/kapitalis.com\/tunisie\/2024\/02\/21\/le-prince-william-appelle-a-la-fin-de-la-guerre-a-gaza\/#primaryimage","url":"https:\/\/kapitalis.com\/tunisie\/wp-content\/uploads\/2024\/02\/Prince-William.jpg","contentUrl":"https:\/\/kapitalis.com\/tunisie\/wp-content\/uploads\/2024\/02\/Prince-William.jpg","width":1200,"height":630},{"@type":"BreadcrumbList","@id":"https:\/\/kapitalis.com\/tunisie\/2024\/02\/21\/le-prince-william-appelle-a-la-fin-de-la-guerre-a-gaza\/#breadcrumb","itemListElement":[{"@type":"ListItem","position":1,"name":"Accueil","item":"https:\/\/kapitalis.com\/tunisie\/"},{"@type":"ListItem","position":2,"name":"Le prince William appelle \u00e0 la fin de la guerre \u00e0 Gaza"}]},{"@type":"WebSite","@id":"https:\/\/kapitalis.com\/tunisie\/#website","url":"https:\/\/kapitalis.com\/tunisie\/","name":"Kapitalis","description":"L&#039;actualit\u00e9 en Tunisie et dans le monde","publisher":{"@id":"https:\/\/kapitalis.com\/tunisie\/#organization"},"potentialAction":[{"@type":"SearchAction","target":{"@type":"EntryPoint","urlTemplate":"https:\/\/kapitalis.com\/tunisie\/?s={search_term_string}"},"query-input":{"@type":"PropertyValueSpecification","valueRequired":true,"valueName":"search_term_string"}}],"inLanguage":"fr-FR"},{"@type":"Organization","@id":"https:\/\/kapitalis.com\/tunisie\/#organization","name":"Kapitalis","url":"https:\/\/kapitalis.com\/tunisie\/","logo":{"@type":"ImageObject","inLanguage":"fr-FR","@id":"https:\/\/kapitalis.com\/tunisie\/#\/schema\/logo\/image\/","url":"https:\/\/kapitalis.com\/tunisie\/wp-content\/uploads\/2022\/05\/Kapitalis-big-size.png","contentUrl":"https:\/\/kapitalis.com\/tunisie\/wp-content\/uploads\/2022\/05\/Kapitalis-big-size.png","width":5000,"height":1500,"caption":"Kapitalis"},"image":{"@id":"https:\/\/kapitalis.com\/tunisie\/#\/schema\/logo\/image\/"},"sameAs":["https:\/\/www.facebook.com\/KapitalisInfo\/","https:\/\/x.com\/KapitalisInfo","https:\/\/www.youtube.com\/channel\/UC-yDYrHyfFBWWZaOw3FPg9Q"]},{"@type":"Person","@id":"https:\/\/kapitalis.com\/tunisie\/#\/schema\/person\/d71f33a9ca44f7bad4698210b480c8e9","name":"webmaster kapitalis","url":"https:\/\/kapitalis.com\/tunisie\/author\/webmaster-kapitalis\/"}]}},"_links":{"self":[{"href":"https:\/\/kapitalis.com\/tunisie\/wp-json\/wp\/v2\/posts\/11684658","targetHints":{"allow":["GET"]}}],"collection":[{"href":"https:\/\/kapitalis.com\/tunisie\/wp-json\/wp\/v2\/posts"}],"about":[{"href":"https:\/\/kapitalis.com\/tunisie\/wp-json\/wp\/v2\/types\/post"}],"author":[{"embeddable":true,"href":"https:\/\/kapitalis.com\/tunisie\/wp-json\/wp\/v2\/users\/8"}],"replies":[{"embeddable":true,"href":"https:\/\/kapitalis.com\/tunisie\/wp-json\/wp\/v2\/comments?post=11684658"}],"version-history":[{"count":1,"href":"https:\/\/kapitalis.com\/tunisie\/wp-json\/wp\/v2\/posts\/11684658\/revisions"}],"predecessor-version":[{"id":11684983,"href":"https:\/\/kapitalis.com\/tunisie\/wp-json\/wp\/v2\/posts\/11684658\/revisions\/11684983"}],"wp:featuredmedia":[{"embeddable":true,"href":"https:\/\/kapitalis.com\/tunisie\/wp-json\/wp\/v2\/media\/11684975"}],"wp:attachment":[{"href":"https:\/\/kapitalis.com\/tunisie\/wp-json\/wp\/v2\/media?parent=11684658"}],"wp:term":[{"taxonomy":"category","embeddable":true,"href":"https:\/\/kapitalis.com\/tunisie\/wp-json\/wp\/v2\/categories?post=11684658"},{"taxonomy":"post_tag","embeddable":true,"href":"https:\/\/kapitalis.com\/tunisie\/wp-json\/wp\/v2\/tags?post=11684658"}],"curies":[{"name":"wp","href":"https:\/\/api.w.org\/{rel}","templated":true}]}}