{"id":11693540,"date":"2024-02-21T22:52:41","date_gmt":"2024-02-21T21:52:41","guid":{"rendered":"https:\/\/kapitalis.com\/tunisie\/?p=11693540"},"modified":"2024-02-21T23:09:07","modified_gmt":"2024-02-21T22:09:07","slug":"migration-un-reseau-de-passeurs-compose-de-6-tunisiens-et-6-italiens-demantele-en-italie","status":"publish","type":"post","link":"https:\/\/kapitalis.com\/tunisie\/2024\/02\/21\/migration-un-reseau-de-passeurs-compose-de-6-tunisiens-et-6-italiens-demantele-en-italie\/","title":{"rendered":"Migration : Un r\u00e9seau de passeurs compos\u00e9 de 6 Tunisiens et 6 Italiens d\u00e9mantel\u00e9 en Italie"},"content":{"rendered":"\n<p><strong><em>Dans le cadre de la lutte contre la traite de personnes et la migration irr\u00e9guli\u00e8re, la police italienne a d\u00e9mantel\u00e9 un r\u00e9seau de passeurs compos\u00e9 de 6 Tunisiens et 6 Italiens, qui ont \u00e9t\u00e9 arr\u00eat\u00e9s et plac\u00e9s en d\u00e9tention.<\/em><\/strong><\/p>\n\n\n\n<!--more-->\n\n\n\n<p>Op\u00e9rant depuis 2022, le r\u00e9seau organisait des travers\u00e9es clandestines dites \u00abVIP\u00bb depuis le nord de la Tunisie vers les c\u00f4tes europ\u00e9ennes, et ce contre une somme variant entre 3.000 et 6.000 euros, indiquent les m\u00e9dias italiens, ce mercredi 21 f\u00e9vrier 2024, citant la police locale.<\/p>\n\n\n\n<p>L&rsquo;enqu\u00eate a \u00e9t\u00e9 ouverte par la Direction d\u00e9partementale anti-mafia en coordination avec le Parquet de Palerme et diff\u00e9rentes brigades de la police ont pris part \u00e0 l&rsquo;op\u00e9ration qui a permis l\u2019arrestation des 12 membres dudit r\u00e9seau, au cours de 4 interventions s\u00e9curitaires. Ces derniers sont par ailleurs en contact avec des interm\u00e9diaires, dont ceux bas\u00e9s en Tunisie et qui sont charg\u00e9s du \u00abrecrutement\u00bb de candidats \u00e0 la migration irr\u00e9guli\u00e8re.<\/p>\n\n\n\n<p>Ce trafic a r\u00e9cemment permis \u00e0 73 personnes, dont 12 mineurs et 6 femmes d&rsquo;entrer ill\u00e9galement en Italie, sachant que parmi les membres tunisiens de ce r\u00e9seau on compte un demandeur de protection internationale et six autres en situation irr\u00e9guli\u00e8re, pr\u00e9cise la m\u00eame source.<\/p>\n\n\n\n<p>Tous les suspects arr\u00eat\u00e9s ont \u00e9t\u00e9 plac\u00e9s en d\u00e9tention pour trafic d\u2019\u00eatres humains et formation d\u2019une alliance criminelle en vue de franchir ill\u00e9galement la fronti\u00e8re maritime, alors que l\u2019enqu\u00eate se poursuit d&rsquo;autant que d&rsquo;autres membre du r\u00e9seau ont \u00e9t\u00e9 identifi\u00e9s.<\/p>\n\n\n\n<p class=\"has-text-align-right\"><strong>Y. N.<\/strong><\/p>\n","protected":false},"excerpt":{"rendered":"<p>Dans le cadre de la lutte contre la traite de personnes et la migration irr\u00e9guli\u00e8re, la police italienne a d\u00e9mantel\u00e9 un r\u00e9seau de passeurs compos\u00e9 de 6 Tunisiens et 6 Italiens, qui ont \u00e9t\u00e9 arr\u00eat\u00e9s et plac\u00e9s en d\u00e9tention.<\/p>\n","protected":false},"author":6,"featured_media":11693626,"comment_status":"open","ping_status":"open","sticky":false,"template":"","format":"standard","meta":{"footnotes":""},"categories":[998,2433],"tags":[505,2510,5548,10215,696,62643,1117,114092],"class_list":["post-11693540","post","type-post","status-publish","format-standard","has-post-thumbnail","hentry","category-societe","category-tunisie","tag-italie","tag-italiens","tag-migration","tag-palerme","tag-passeurs","tag-tunisie","tag-tunisiens","tag-vip"],"yoast_head":"<!-- This site is optimized with the Yoast SEO plugin v26.6 - https:\/\/yoast.com\/wordpress\/plugins\/seo\/ -->\n<title>Migration : Un r\u00e9seau de passeurs compos\u00e9 de 6 Tunisiens et 6 Italiens d\u00e9mantel\u00e9 en Italie - Kapitalis<\/title>\n<meta name=\"robots\" content=\"index, follow, max-snippet:-1, max-image-preview:large, max-video-preview:-1\" \/>\n<link rel=\"canonical\" href=\"https:\/\/kapitalis.com\/tunisie\/2024\/02\/21\/migration-un-reseau-de-passeurs-compose-de-6-tunisiens-et-6-italiens-demantele-en-italie\/\" \/>\n<meta property=\"og:locale\" content=\"fr_FR\" \/>\n<meta property=\"og:type\" content=\"article\" \/>\n<meta property=\"og:title\" content=\"Migration : Un r\u00e9seau de passeurs compos\u00e9 de 6 Tunisiens et 6 Italiens d\u00e9mantel\u00e9 en Italie - Kapitalis\" \/>\n<meta property=\"og:description\" content=\"Dans le cadre de la lutte contre la traite de personnes et la migration irr\u00e9guli\u00e8re, la police italienne a d\u00e9mantel\u00e9 un r\u00e9seau de passeurs compos\u00e9 de 6 Tunisiens et 6 Italiens, qui ont \u00e9t\u00e9 arr\u00eat\u00e9s et plac\u00e9s en d\u00e9tention.\" \/>\n<meta property=\"og:url\" content=\"https:\/\/kapitalis.com\/tunisie\/2024\/02\/21\/migration-un-reseau-de-passeurs-compose-de-6-tunisiens-et-6-italiens-demantele-en-italie\/\" \/>\n<meta property=\"og:site_name\" content=\"Kapitalis\" \/>\n<meta property=\"article:publisher\" content=\"https:\/\/www.facebook.com\/KapitalisInfo\/\" \/>\n<meta property=\"article:published_time\" content=\"2024-02-21T21:52:41+00:00\" \/>\n<meta property=\"article:modified_time\" content=\"2024-02-21T22:09:07+00:00\" \/>\n<meta property=\"og:image\" content=\"https:\/\/kapitalis.com\/tunisie\/wp-content\/uploads\/2024\/02\/Passeurs-Italie-Tunisie.jpg\" \/>\n\t<meta property=\"og:image:width\" content=\"1200\" \/>\n\t<meta property=\"og:image:height\" content=\"630\" \/>\n\t<meta property=\"og:image:type\" content=\"image\/jpeg\" \/>\n<meta name=\"author\" content=\"Yusra NY\" \/>\n<meta name=\"twitter:card\" content=\"summary_large_image\" \/>\n<meta name=\"twitter:creator\" content=\"@KapitalisInfo\" \/>\n<meta name=\"twitter:site\" content=\"@KapitalisInfo\" \/>\n<meta name=\"twitter:label1\" content=\"\u00c9crit par\" \/>\n\t<meta name=\"twitter:data1\" content=\"Yusra NY\" \/>\n\t<meta name=\"twitter:label2\" content=\"Dur\u00e9e de lecture estim\u00e9e\" \/>\n\t<meta name=\"twitter:data2\" content=\"1 minute\" \/>\n<script type=\"application\/ld+json\" class=\"yoast-schema-graph\">{\"@context\":\"https:\/\/schema.org\",\"@graph\":[{\"@type\":\"Article\",\"@id\":\"https:\/\/kapitalis.com\/tunisie\/2024\/02\/21\/migration-un-reseau-de-passeurs-compose-de-6-tunisiens-et-6-italiens-demantele-en-italie\/#article\",\"isPartOf\":{\"@id\":\"https:\/\/kapitalis.com\/tunisie\/2024\/02\/21\/migration-un-reseau-de-passeurs-compose-de-6-tunisiens-et-6-italiens-demantele-en-italie\/\"},\"author\":{\"name\":\"Yusra NY\",\"@id\":\"https:\/\/kapitalis.com\/tunisie\/#\/schema\/person\/74bbde0154d49d790a92aaeac5bc01d5\"},\"headline\":\"Migration : Un r\u00e9seau de passeurs compos\u00e9 de 6 Tunisiens et 6 Italiens d\u00e9mantel\u00e9 en Italie\",\"datePublished\":\"2024-02-21T21:52:41+00:00\",\"dateModified\":\"2024-02-21T22:09:07+00:00\",\"mainEntityOfPage\":{\"@id\":\"https:\/\/kapitalis.com\/tunisie\/2024\/02\/21\/migration-un-reseau-de-passeurs-compose-de-6-tunisiens-et-6-italiens-demantele-en-italie\/\"},\"wordCount\":285,\"commentCount\":0,\"publisher\":{\"@id\":\"https:\/\/kapitalis.com\/tunisie\/#organization\"},\"image\":{\"@id\":\"https:\/\/kapitalis.com\/tunisie\/2024\/02\/21\/migration-un-reseau-de-passeurs-compose-de-6-tunisiens-et-6-italiens-demantele-en-italie\/#primaryimage\"},\"thumbnailUrl\":\"https:\/\/kapitalis.com\/tunisie\/wp-content\/uploads\/2024\/02\/Passeurs-Italie-Tunisie.jpg\",\"keywords\":[\"Italie\",\"Italiens\",\"migration\",\"Palerme\",\"passeurs\",\"Tunisie\",\"tunisiens\",\"VIP\"],\"articleSection\":[\"SOCIETE\",\"Tunisie\"],\"inLanguage\":\"fr-FR\",\"potentialAction\":[{\"@type\":\"CommentAction\",\"name\":\"Comment\",\"target\":[\"https:\/\/kapitalis.com\/tunisie\/2024\/02\/21\/migration-un-reseau-de-passeurs-compose-de-6-tunisiens-et-6-italiens-demantele-en-italie\/#respond\"]}]},{\"@type\":\"WebPage\",\"@id\":\"https:\/\/kapitalis.com\/tunisie\/2024\/02\/21\/migration-un-reseau-de-passeurs-compose-de-6-tunisiens-et-6-italiens-demantele-en-italie\/\",\"url\":\"https:\/\/kapitalis.com\/tunisie\/2024\/02\/21\/migration-un-reseau-de-passeurs-compose-de-6-tunisiens-et-6-italiens-demantele-en-italie\/\",\"name\":\"Migration : Un r\u00e9seau de passeurs compos\u00e9 de 6 Tunisiens et 6 Italiens d\u00e9mantel\u00e9 en Italie - Kapitalis\",\"isPartOf\":{\"@id\":\"https:\/\/kapitalis.com\/tunisie\/#website\"},\"primaryImageOfPage\":{\"@id\":\"https:\/\/kapitalis.com\/tunisie\/2024\/02\/21\/migration-un-reseau-de-passeurs-compose-de-6-tunisiens-et-6-italiens-demantele-en-italie\/#primaryimage\"},\"image\":{\"@id\":\"https:\/\/kapitalis.com\/tunisie\/2024\/02\/21\/migration-un-reseau-de-passeurs-compose-de-6-tunisiens-et-6-italiens-demantele-en-italie\/#primaryimage\"},\"thumbnailUrl\":\"https:\/\/kapitalis.com\/tunisie\/wp-content\/uploads\/2024\/02\/Passeurs-Italie-Tunisie.jpg\",\"datePublished\":\"2024-02-21T21:52:41+00:00\",\"dateModified\":\"2024-02-21T22:09:07+00:00\",\"breadcrumb\":{\"@id\":\"https:\/\/kapitalis.com\/tunisie\/2024\/02\/21\/migration-un-reseau-de-passeurs-compose-de-6-tunisiens-et-6-italiens-demantele-en-italie\/#breadcrumb\"},\"inLanguage\":\"fr-FR\",\"potentialAction\":[{\"@type\":\"ReadAction\",\"target\":[\"https:\/\/kapitalis.com\/tunisie\/2024\/02\/21\/migration-un-reseau-de-passeurs-compose-de-6-tunisiens-et-6-italiens-demantele-en-italie\/\"]}]},{\"@type\":\"ImageObject\",\"inLanguage\":\"fr-FR\",\"@id\":\"https:\/\/kapitalis.com\/tunisie\/2024\/02\/21\/migration-un-reseau-de-passeurs-compose-de-6-tunisiens-et-6-italiens-demantele-en-italie\/#primaryimage\",\"url\":\"https:\/\/kapitalis.com\/tunisie\/wp-content\/uploads\/2024\/02\/Passeurs-Italie-Tunisie.jpg\",\"contentUrl\":\"https:\/\/kapitalis.com\/tunisie\/wp-content\/uploads\/2024\/02\/Passeurs-Italie-Tunisie.jpg\",\"width\":1200,\"height\":630},{\"@type\":\"BreadcrumbList\",\"@id\":\"https:\/\/kapitalis.com\/tunisie\/2024\/02\/21\/migration-un-reseau-de-passeurs-compose-de-6-tunisiens-et-6-italiens-demantele-en-italie\/#breadcrumb\",\"itemListElement\":[{\"@type\":\"ListItem\",\"position\":1,\"name\":\"Accueil\",\"item\":\"https:\/\/kapitalis.com\/tunisie\/\"},{\"@type\":\"ListItem\",\"position\":2,\"name\":\"Migration : Un r\u00e9seau de passeurs compos\u00e9 de 6 Tunisiens et 6 Italiens d\u00e9mantel\u00e9 en Italie\"}]},{\"@type\":\"WebSite\",\"@id\":\"https:\/\/kapitalis.com\/tunisie\/#website\",\"url\":\"https:\/\/kapitalis.com\/tunisie\/\",\"name\":\"Kapitalis\",\"description\":\"L&#039;actualit\u00e9 en Tunisie et dans le monde\",\"publisher\":{\"@id\":\"https:\/\/kapitalis.com\/tunisie\/#organization\"},\"potentialAction\":[{\"@type\":\"SearchAction\",\"target\":{\"@type\":\"EntryPoint\",\"urlTemplate\":\"https:\/\/kapitalis.com\/tunisie\/?s={search_term_string}\"},\"query-input\":{\"@type\":\"PropertyValueSpecification\",\"valueRequired\":true,\"valueName\":\"search_term_string\"}}],\"inLanguage\":\"fr-FR\"},{\"@type\":\"Organization\",\"@id\":\"https:\/\/kapitalis.com\/tunisie\/#organization\",\"name\":\"Kapitalis\",\"url\":\"https:\/\/kapitalis.com\/tunisie\/\",\"logo\":{\"@type\":\"ImageObject\",\"inLanguage\":\"fr-FR\",\"@id\":\"https:\/\/kapitalis.com\/tunisie\/#\/schema\/logo\/image\/\",\"url\":\"https:\/\/kapitalis.com\/tunisie\/wp-content\/uploads\/2022\/05\/Kapitalis-big-size.png\",\"contentUrl\":\"https:\/\/kapitalis.com\/tunisie\/wp-content\/uploads\/2022\/05\/Kapitalis-big-size.png\",\"width\":5000,\"height\":1500,\"caption\":\"Kapitalis\"},\"image\":{\"@id\":\"https:\/\/kapitalis.com\/tunisie\/#\/schema\/logo\/image\/\"},\"sameAs\":[\"https:\/\/www.facebook.com\/KapitalisInfo\/\",\"https:\/\/x.com\/KapitalisInfo\",\"https:\/\/www.youtube.com\/channel\/UC-yDYrHyfFBWWZaOw3FPg9Q\"]},{\"@type\":\"Person\",\"@id\":\"https:\/\/kapitalis.com\/tunisie\/#\/schema\/person\/74bbde0154d49d790a92aaeac5bc01d5\",\"name\":\"Yusra NY\",\"url\":\"https:\/\/kapitalis.com\/tunisie\/author\/yuza_adam\/\"}]}<\/script>\n<!-- \/ Yoast SEO plugin. -->","yoast_head_json":{"title":"Migration : Un r\u00e9seau de passeurs compos\u00e9 de 6 Tunisiens et 6 Italiens d\u00e9mantel\u00e9 en Italie - Kapitalis","robots":{"index":"index","follow":"follow","max-snippet":"max-snippet:-1","max-image-preview":"max-image-preview:large","max-video-preview":"max-video-preview:-1"},"canonical":"https:\/\/kapitalis.com\/tunisie\/2024\/02\/21\/migration-un-reseau-de-passeurs-compose-de-6-tunisiens-et-6-italiens-demantele-en-italie\/","og_locale":"fr_FR","og_type":"article","og_title":"Migration : Un r\u00e9seau de passeurs compos\u00e9 de 6 Tunisiens et 6 Italiens d\u00e9mantel\u00e9 en Italie - Kapitalis","og_description":"Dans le cadre de la lutte contre la traite de personnes et la migration irr\u00e9guli\u00e8re, la police italienne a d\u00e9mantel\u00e9 un r\u00e9seau de passeurs compos\u00e9 de 6 Tunisiens et 6 Italiens, qui ont \u00e9t\u00e9 arr\u00eat\u00e9s et plac\u00e9s en d\u00e9tention.","og_url":"https:\/\/kapitalis.com\/tunisie\/2024\/02\/21\/migration-un-reseau-de-passeurs-compose-de-6-tunisiens-et-6-italiens-demantele-en-italie\/","og_site_name":"Kapitalis","article_publisher":"https:\/\/www.facebook.com\/KapitalisInfo\/","article_published_time":"2024-02-21T21:52:41+00:00","article_modified_time":"2024-02-21T22:09:07+00:00","og_image":[{"width":1200,"height":630,"url":"https:\/\/kapitalis.com\/tunisie\/wp-content\/uploads\/2024\/02\/Passeurs-Italie-Tunisie.jpg","type":"image\/jpeg"}],"author":"Yusra NY","twitter_card":"summary_large_image","twitter_creator":"@KapitalisInfo","twitter_site":"@KapitalisInfo","twitter_misc":{"\u00c9crit par":"Yusra NY","Dur\u00e9e de lecture estim\u00e9e":"1 minute"},"schema":{"@context":"https:\/\/schema.org","@graph":[{"@type":"Article","@id":"https:\/\/kapitalis.com\/tunisie\/2024\/02\/21\/migration-un-reseau-de-passeurs-compose-de-6-tunisiens-et-6-italiens-demantele-en-italie\/#article","isPartOf":{"@id":"https:\/\/kapitalis.com\/tunisie\/2024\/02\/21\/migration-un-reseau-de-passeurs-compose-de-6-tunisiens-et-6-italiens-demantele-en-italie\/"},"author":{"name":"Yusra NY","@id":"https:\/\/kapitalis.com\/tunisie\/#\/schema\/person\/74bbde0154d49d790a92aaeac5bc01d5"},"headline":"Migration : Un r\u00e9seau de passeurs compos\u00e9 de 6 Tunisiens et 6 Italiens d\u00e9mantel\u00e9 en Italie","datePublished":"2024-02-21T21:52:41+00:00","dateModified":"2024-02-21T22:09:07+00:00","mainEntityOfPage":{"@id":"https:\/\/kapitalis.com\/tunisie\/2024\/02\/21\/migration-un-reseau-de-passeurs-compose-de-6-tunisiens-et-6-italiens-demantele-en-italie\/"},"wordCount":285,"commentCount":0,"publisher":{"@id":"https:\/\/kapitalis.com\/tunisie\/#organization"},"image":{"@id":"https:\/\/kapitalis.com\/tunisie\/2024\/02\/21\/migration-un-reseau-de-passeurs-compose-de-6-tunisiens-et-6-italiens-demantele-en-italie\/#primaryimage"},"thumbnailUrl":"https:\/\/kapitalis.com\/tunisie\/wp-content\/uploads\/2024\/02\/Passeurs-Italie-Tunisie.jpg","keywords":["Italie","Italiens","migration","Palerme","passeurs","Tunisie","tunisiens","VIP"],"articleSection":["SOCIETE","Tunisie"],"inLanguage":"fr-FR","potentialAction":[{"@type":"CommentAction","name":"Comment","target":["https:\/\/kapitalis.com\/tunisie\/2024\/02\/21\/migration-un-reseau-de-passeurs-compose-de-6-tunisiens-et-6-italiens-demantele-en-italie\/#respond"]}]},{"@type":"WebPage","@id":"https:\/\/kapitalis.com\/tunisie\/2024\/02\/21\/migration-un-reseau-de-passeurs-compose-de-6-tunisiens-et-6-italiens-demantele-en-italie\/","url":"https:\/\/kapitalis.com\/tunisie\/2024\/02\/21\/migration-un-reseau-de-passeurs-compose-de-6-tunisiens-et-6-italiens-demantele-en-italie\/","name":"Migration : Un r\u00e9seau de passeurs compos\u00e9 de 6 Tunisiens et 6 Italiens d\u00e9mantel\u00e9 en Italie - Kapitalis","isPartOf":{"@id":"https:\/\/kapitalis.com\/tunisie\/#website"},"primaryImageOfPage":{"@id":"https:\/\/kapitalis.com\/tunisie\/2024\/02\/21\/migration-un-reseau-de-passeurs-compose-de-6-tunisiens-et-6-italiens-demantele-en-italie\/#primaryimage"},"image":{"@id":"https:\/\/kapitalis.com\/tunisie\/2024\/02\/21\/migration-un-reseau-de-passeurs-compose-de-6-tunisiens-et-6-italiens-demantele-en-italie\/#primaryimage"},"thumbnailUrl":"https:\/\/kapitalis.com\/tunisie\/wp-content\/uploads\/2024\/02\/Passeurs-Italie-Tunisie.jpg","datePublished":"2024-02-21T21:52:41+00:00","dateModified":"2024-02-21T22:09:07+00:00","breadcrumb":{"@id":"https:\/\/kapitalis.com\/tunisie\/2024\/02\/21\/migration-un-reseau-de-passeurs-compose-de-6-tunisiens-et-6-italiens-demantele-en-italie\/#breadcrumb"},"inLanguage":"fr-FR","potentialAction":[{"@type":"ReadAction","target":["https:\/\/kapitalis.com\/tunisie\/2024\/02\/21\/migration-un-reseau-de-passeurs-compose-de-6-tunisiens-et-6-italiens-demantele-en-italie\/"]}]},{"@type":"ImageObject","inLanguage":"fr-FR","@id":"https:\/\/kapitalis.com\/tunisie\/2024\/02\/21\/migration-un-reseau-de-passeurs-compose-de-6-tunisiens-et-6-italiens-demantele-en-italie\/#primaryimage","url":"https:\/\/kapitalis.com\/tunisie\/wp-content\/uploads\/2024\/02\/Passeurs-Italie-Tunisie.jpg","contentUrl":"https:\/\/kapitalis.com\/tunisie\/wp-content\/uploads\/2024\/02\/Passeurs-Italie-Tunisie.jpg","width":1200,"height":630},{"@type":"BreadcrumbList","@id":"https:\/\/kapitalis.com\/tunisie\/2024\/02\/21\/migration-un-reseau-de-passeurs-compose-de-6-tunisiens-et-6-italiens-demantele-en-italie\/#breadcrumb","itemListElement":[{"@type":"ListItem","position":1,"name":"Accueil","item":"https:\/\/kapitalis.com\/tunisie\/"},{"@type":"ListItem","position":2,"name":"Migration : Un r\u00e9seau de passeurs compos\u00e9 de 6 Tunisiens et 6 Italiens d\u00e9mantel\u00e9 en Italie"}]},{"@type":"WebSite","@id":"https:\/\/kapitalis.com\/tunisie\/#website","url":"https:\/\/kapitalis.com\/tunisie\/","name":"Kapitalis","description":"L&#039;actualit\u00e9 en Tunisie et dans le monde","publisher":{"@id":"https:\/\/kapitalis.com\/tunisie\/#organization"},"potentialAction":[{"@type":"SearchAction","target":{"@type":"EntryPoint","urlTemplate":"https:\/\/kapitalis.com\/tunisie\/?s={search_term_string}"},"query-input":{"@type":"PropertyValueSpecification","valueRequired":true,"valueName":"search_term_string"}}],"inLanguage":"fr-FR"},{"@type":"Organization","@id":"https:\/\/kapitalis.com\/tunisie\/#organization","name":"Kapitalis","url":"https:\/\/kapitalis.com\/tunisie\/","logo":{"@type":"ImageObject","inLanguage":"fr-FR","@id":"https:\/\/kapitalis.com\/tunisie\/#\/schema\/logo\/image\/","url":"https:\/\/kapitalis.com\/tunisie\/wp-content\/uploads\/2022\/05\/Kapitalis-big-size.png","contentUrl":"https:\/\/kapitalis.com\/tunisie\/wp-content\/uploads\/2022\/05\/Kapitalis-big-size.png","width":5000,"height":1500,"caption":"Kapitalis"},"image":{"@id":"https:\/\/kapitalis.com\/tunisie\/#\/schema\/logo\/image\/"},"sameAs":["https:\/\/www.facebook.com\/KapitalisInfo\/","https:\/\/x.com\/KapitalisInfo","https:\/\/www.youtube.com\/channel\/UC-yDYrHyfFBWWZaOw3FPg9Q"]},{"@type":"Person","@id":"https:\/\/kapitalis.com\/tunisie\/#\/schema\/person\/74bbde0154d49d790a92aaeac5bc01d5","name":"Yusra NY","url":"https:\/\/kapitalis.com\/tunisie\/author\/yuza_adam\/"}]}},"_links":{"self":[{"href":"https:\/\/kapitalis.com\/tunisie\/wp-json\/wp\/v2\/posts\/11693540","targetHints":{"allow":["GET"]}}],"collection":[{"href":"https:\/\/kapitalis.com\/tunisie\/wp-json\/wp\/v2\/posts"}],"about":[{"href":"https:\/\/kapitalis.com\/tunisie\/wp-json\/wp\/v2\/types\/post"}],"author":[{"embeddable":true,"href":"https:\/\/kapitalis.com\/tunisie\/wp-json\/wp\/v2\/users\/6"}],"replies":[{"embeddable":true,"href":"https:\/\/kapitalis.com\/tunisie\/wp-json\/wp\/v2\/comments?post=11693540"}],"version-history":[{"count":4,"href":"https:\/\/kapitalis.com\/tunisie\/wp-json\/wp\/v2\/posts\/11693540\/revisions"}],"predecessor-version":[{"id":11693736,"href":"https:\/\/kapitalis.com\/tunisie\/wp-json\/wp\/v2\/posts\/11693540\/revisions\/11693736"}],"wp:featuredmedia":[{"embeddable":true,"href":"https:\/\/kapitalis.com\/tunisie\/wp-json\/wp\/v2\/media\/11693626"}],"wp:attachment":[{"href":"https:\/\/kapitalis.com\/tunisie\/wp-json\/wp\/v2\/media?parent=11693540"}],"wp:term":[{"taxonomy":"category","embeddable":true,"href":"https:\/\/kapitalis.com\/tunisie\/wp-json\/wp\/v2\/categories?post=11693540"},{"taxonomy":"post_tag","embeddable":true,"href":"https:\/\/kapitalis.com\/tunisie\/wp-json\/wp\/v2\/tags?post=11693540"}],"curies":[{"name":"wp","href":"https:\/\/api.w.org\/{rel}","templated":true}]}}