{"id":11697761,"date":"2024-02-22T10:19:00","date_gmt":"2024-02-22T09:19:00","guid":{"rendered":"https:\/\/kapitalis.com\/tunisie\/?p=11697761"},"modified":"2024-02-22T10:44:20","modified_gmt":"2024-02-22T09:44:20","slug":"enfants-a-gaza-pourquoi-narretons-nous-pas-les-morts","status":"publish","type":"post","link":"https:\/\/kapitalis.com\/tunisie\/2024\/02\/22\/enfants-a-gaza-pourquoi-narretons-nous-pas-les-morts\/","title":{"rendered":"Enfants \u00e0 Gaza : pourquoi n\u2019arr\u00eatons-nous pas les morts ?"},"content":{"rendered":"\n<p><strong><em>Des dizaines de milliers de personnes ont \u00e9t\u00e9 tu\u00e9es \u00e0 Gaza, dont des milliers d\u2019enfants. Beaucoup d\u2019autres meurent de faim. L\u2019argent des contribuables am\u00e9ricains est en partie responsable. Pourquoi ne faisons-nous pas tout notre possible pour arr\u00eater les massacres ?<\/em><\/strong><\/p>\n\n\n\n<p>Par <strong>Robert Reich<\/strong> *<\/p>\n\n\n\n<!--more-->\n\n\n<div class=\"wp-block-image\">\n<figure class=\"alignleft size-full\"><img loading=\"lazy\" decoding=\"async\" width=\"200\" height=\"200\" src=\"https:\/\/kapitalis.com\/tunisie\/wp-content\/uploads\/2024\/02\/Robert-Reich.jpg\" alt=\"\" class=\"wp-image-11697790\" srcset=\"https:\/\/kapitalis.com\/tunisie\/wp-content\/uploads\/2024\/02\/Robert-Reich.jpg 200w, https:\/\/kapitalis.com\/tunisie\/wp-content\/uploads\/2024\/02\/Robert-Reich-150x150.jpg 150w, https:\/\/kapitalis.com\/tunisie\/wp-content\/uploads\/2024\/02\/Robert-Reich-120x120.jpg 120w\" sizes=\"auto, (max-width: 200px) 100vw, 200px\" \/><\/figure>\n<\/div>\n\n\n<p>Tard [dans la soir\u00e9e du 12 f\u00e9vrier 2024, Ndlr], le s\u00e9nateur d\u00e9mocrate Chris Van Hollen a prononc\u00e9 un discours remarquable au S\u00e9nat, condamnant le gouvernement de Benjamin Netanyahu pour avoir d\u00e9lib\u00e9r\u00e9ment bloqu\u00e9 l\u2019aide aux civils \u00e0 Gaza. Van Hollen a dit :<strong> <\/strong><em>\u00abDes enfants \u00e0 Gaza meurent aujourd\u2019hui \u00e0 cause du refus d\u00e9lib\u00e9r\u00e9 de leur fournir de la nourriture. Outre l\u2019horreur de cette nouvelle, l\u2019autre v\u00e9rit\u00e9 est qu\u2019il s\u2019agit d\u2019un crime de guerre. Il s\u2019agit d\u2019un crime de guerre classique. Et cela fait de ceux qui le commettent des criminels de guerre\u2026 Les responsables des secours humanitaires ont d\u00e9clar\u00e9 que leurs organisations n\u2019avaient jamais connu une catastrophe humanitaire aussi d\u00e9sastreuse et terrible que celle dont le monde est t\u00e9moin \u00e0 Gaza.\u00bb<\/em><\/p>\n\n\n\n<p>Soyons clairs. Prendre une position morale claire contre Netanyahu ne signifie pas \u00eatre pro-Hamas, ni anti-isra\u00e9lien, ni antisioniste, ni antis\u00e9mite. Il s\u2019agit d\u2019\u00eatre partisan des droits de l\u2019homme.<\/p>\n\n\n\n<p>Je suis juif. Je d\u00e9teste le Hamas et ce qu&rsquo;il repr\u00e9sente. Je sais ce que c\u2019est que de voir des membres de sa famille assassin\u00e9s en raison de leurs croyances et de leur appartenance ethnique.<\/p>\n\n\n\n<p>C\u2019est l\u2019une des raisons pour lesquelles je prends si au s\u00e9rieux la justice sociale et les droits de l\u2019homme. Et c\u2019est pourquoi, comme des dizaines de millions d\u2019autres personnes en Am\u00e9rique et dans le monde, je suis engag\u00e9 en faveur d\u2019un cessez-le-feu \u00e0 Gaza \u2013 et d\u2019une aide humanitaire \u00e0 Gaza. Et c\u2019est pourquoi je suis \u00e9galement favorable \u00e0 un \u00c9tat palestinien.<\/p>\n\n\n\n<figure class=\"wp-block-embed is-type-wp-embed is-provider-kapitalis wp-block-embed-kapitalis\"><div class=\"wp-block-embed__wrapper\">\n<blockquote class=\"wp-embedded-content\" data-secret=\"Z4ffrQhBJw\"><a href=\"https:\/\/kapitalis.com\/tunisie\/2023\/10\/18\/que-doivent-encore-souffrir-les-enfants-de-gaza\/\">Que doivent encore souffrir les enfants de Gaza ?<\/a><\/blockquote><iframe loading=\"lazy\" class=\"wp-embedded-content\" sandbox=\"allow-scripts\" security=\"restricted\" style=\"position: absolute; clip: rect(1px, 1px, 1px, 1px);\" title=\"\u00ab\u00a0Que doivent encore souffrir les enfants de Gaza ?\u00a0\u00bb &#8212; Kapitalis\" src=\"https:\/\/kapitalis.com\/tunisie\/2023\/10\/18\/que-doivent-encore-souffrir-les-enfants-de-gaza\/embed\/#?secret=4HDHymKnMp#?secret=Z4ffrQhBJw\" data-secret=\"Z4ffrQhBJw\" width=\"600\" height=\"338\" frameborder=\"0\" marginwidth=\"0\" marginheight=\"0\" scrolling=\"no\"><\/iframe>\n<\/div><\/figure>\n\n\n\n<p>Comme l\u2019\u00e9crivait hier Thomas Friedman : <em>\u00abSi Isra\u00ebl d\u00e9truit le Hamas, puis d\u00e9cide d\u2019occuper d\u00e9finitivement Gaza et la Cisjordanie, rejetant toute forme d\u2019\u00c9tat palestinien, Isra\u00ebl deviendra un paria mondial pour la prochaine g\u00e9n\u00e9ration, et en particulier dans le monde arabe. Cela obligera les alli\u00e9s arabes d\u2019Isra\u00ebl \u00e0 prendre leurs distances avec l\u2019\u00c9tat juif. Et si Isra\u00ebl reste en conflit perp\u00e9tuel avec les Palestiniens, toute l\u2019architecture de la strat\u00e9gie am\u00e9ricaine au Moyen-Orient \u2013 \u200b\u200ben particulier les trait\u00e9s de paix transversaux que nous avons forg\u00e9s entre Isra\u00ebl et l\u2019\u00c9gypte, la Jordanie et les pays du Golfe \u2013 sera mise sous pression, ce qui compliquera notre capacit\u00e9 \u00e0 op\u00e9rer dans la r\u00e9gion et l\u2019ouvrir \u00e0 une influence beaucoup plus grande de la Russie et de la Chine. Compte tenu de la mort de milliers de civils \u00e0 Gaza, les \u00c9tats-Unis ont d\u00e9j\u00e0 du mal \u00e0 utiliser leurs bases militaires dans les pays arabes pour contrer le r\u00e9seau malveillant iranien compos\u00e9 du Hamas, du Hezbollah, des Houthis et des milices chiites en Irak.\u00bb<\/em><\/p>\n\n\n\n<p>La semaine derni\u00e8re [d\u00e9but f\u00e9vrier, Ndlr], le pr\u00e9sident Biden a d\u00e9plor\u00e9 que la conduite d\u2019Isra\u00ebl dans la bande de Gaza <em>\u00abait \u00e9t\u00e9 exag\u00e9r\u00e9e\u00bb<\/em> et que <em>\u00abcela doit cesser\u00bb<\/em>.<\/p>\n\n\n\n<p>Biden a d\u00e9clar\u00e9 qu\u2019il essayait d\u2019amener Isra\u00ebl \u00e0 accepter un cessez-le-feu, mais Netanyahu <em>\u00ablui fait vivre un enfer\u00bb<\/em> et il est impossible \u00e0 g\u00e9rer, selon des proches de Biden, qui ont tous demand\u00e9 \u00e0 ne pas \u00eatre nomm\u00e9s.<\/p>\n\n\n\n<p>En r\u00e9ponse aux lamentations de Biden, Netanyahu a d\u00e9clar\u00e9 [le 11 f\u00e9vrier, Ndlr] dans l\u2019\u00e9mission ABC que malgr\u00e9 la pression de Biden, il lancerait toujours un assaut sur Rafah, la ville du sud de Gaza qui abrite quelque 1,3 million de Palestiniens d\u00e9sesp\u00e9r\u00e9s qui n&rsquo;ont litt\u00e9ralement aucun autre endroit o\u00f9 aller pour \u00e9viter d\u2019\u00eatre massacr\u00e9.<\/p>\n\n\n\n<p>Netanyahu a d\u00e9clar\u00e9 qu\u2019une <em>\u00abvictoire totale\u00bb<\/em> \u00e9tait possible \u00e0 Gaza en quelques mois. Il s\u2019est engag\u00e9 \u00e0 vaincre les hommes arm\u00e9s du Hamas qui se cachent \u00e0 Rafah et a ordonn\u00e9 aux troupes isra\u00e9liennes de se pr\u00e9parer \u00e0 \u00e9tendre leurs op\u00e9rations terrestres.<\/p>\n\n\n\n<p>Pourquoi Biden ne s\u2019exprime-t-il pas avec plus de force contre le gouvernement de Netanyahu \u2013 condamnant les crimes de guerre et les crimes contre l\u2019humanit\u00e9, et mena\u00e7ant de suspendre toute aide suppl\u00e9mentaire si Netanyahu continue son d\u00e9cha\u00eenement?<\/p>\n\n\n\n<p>Pourquoi les responsables du D\u00e9partement d\u2019\u00c9tat n\u2019appliquent-ils pas la partie de la loi sur l\u2019aide \u00e9trang\u00e8re qui bloque l\u2019assistance \u00e0 la s\u00e9curit\u00e9 des pays qui entravent l\u2019acheminement de l\u2019aide humanitaire am\u00e9ricaine?<\/p>\n\n\n\n<p>Pourquoi une majorit\u00e9 de s\u00e9nateurs ont-ils vot\u00e9 [le 12 f\u00e9vrier, ndlr) en faveur de l\u2019envoi de quelque 14 milliards de dollars \u00e0 Isra\u00ebl \u2013 dont [un peu plus de 9 milliards pour r\u00e9pondre \u00e0 des crises humanitaires, y compris \u00e0 Gaza, Ndlr], qui n\u2019aidera personne si Netanyahu ne laisse pas entrer cet argent? (M\u00eame Chris Van Hollen a vot\u00e9 pour cette mesure, arguant qu\u2019elle \u00e9tait li\u00e9e \u00e0 l\u2019aide \u00e0 l\u2019Ukraine. Mais les d\u00e9mocrates du S\u00e9nat auraient pu bloquer la mesure et forcer le S\u00e9nat \u00e0 examiner chaque \u00e9l\u00e9ment de d\u00e9pense \u2013 Isra\u00ebl et l\u2019Ukraine \u2013 s\u00e9par\u00e9ment.)<\/p>\n\n\n\n<p>Des dizaines de milliers de personnes ont \u00e9t\u00e9 tu\u00e9es, dont des milliers d\u2019enfants. Beaucoup d\u2019autres meurent de faim. L\u2019argent des contribuables am\u00e9ricains est en partie responsable. O\u00f9 est la clart\u00e9 morale ? O\u00f9 est l\u2019autorit\u00e9 morale ? Pourquoi ne faisons-nous pas tout notre possible pour arr\u00eater les massacres ?<\/p>\n\n\n\n<p><em>* L\u2019un des analystes et commentateurs politiques les plus influents aupr\u00e8s de l\u2019\u00e9lectorat d\u00e9mocrate aux Etats-Unis. Plus de 560.000 personnes sont abonn\u00e9s \u00e0 son <a href=\"https:\/\/robertreich.substack.com\/p\/children-in-gaza-why-arent-we-stopping\" target=\"_blank\" rel=\"noreferrer noopener\">bulletin journalier <\/a>dont nous avons traduit cet article.\u00a0<\/em><\/p>\n\n\n\n<figure class=\"wp-block-embed is-type-wp-embed is-provider-kapitalis wp-block-embed-kapitalis\"><div class=\"wp-block-embed__wrapper\">\n<blockquote class=\"wp-embedded-content\" data-secret=\"q1AaQBMu3M\"><a href=\"https:\/\/kapitalis.com\/tunisie\/2024\/02\/05\/gaza-17-000-enfants-seuls-ou-separes-de-leur-famille-onu\/\">Gaza : 17 000 enfants seuls ou s\u00e9par\u00e9s de leur famille (Onu)<\/a><\/blockquote><iframe loading=\"lazy\" class=\"wp-embedded-content\" sandbox=\"allow-scripts\" security=\"restricted\" style=\"position: absolute; clip: rect(1px, 1px, 1px, 1px);\" title=\"\u00ab\u00a0Gaza : 17 000 enfants seuls ou s\u00e9par\u00e9s de leur famille (Onu)\u00a0\u00bb &#8212; Kapitalis\" src=\"https:\/\/kapitalis.com\/tunisie\/2024\/02\/05\/gaza-17-000-enfants-seuls-ou-separes-de-leur-famille-onu\/embed\/#?secret=PFC8bmAPDe#?secret=q1AaQBMu3M\" data-secret=\"q1AaQBMu3M\" width=\"600\" height=\"338\" frameborder=\"0\" marginwidth=\"0\" marginheight=\"0\" scrolling=\"no\"><\/iframe>\n<\/div><\/figure>\n","protected":false},"excerpt":{"rendered":"<p>Pourquoi Biden ne s\u2019exprime-t-il pas avec plus de force contre le gouvernement de Netanyahu ?<\/p>\n","protected":false},"author":8,"featured_media":11697989,"comment_status":"open","ping_status":"open","sticky":false,"template":"","format":"standard","meta":{"footnotes":""},"categories":[992,997,1000,2433],"tags":[78944,114102,321,75918,2444,26195,2478,72144,111630,114101],"class_list":["post-11697761","post","type-post","status-publish","format-standard","has-post-thumbnail","hentry","category-a-la-une","category-politique","category-tribune","category-tunisie","tag-benjamin-netanyahu","tag-chris-van-hollen","tag-enfants","tag-etats-unis-2","tag-gaza","tag-hamas","tag-israel","tag-joe-biden","tag-rafah","tag-robert-reich"],"yoast_head":"<!-- This site is optimized with the Yoast SEO plugin v26.6 - https:\/\/yoast.com\/wordpress\/plugins\/seo\/ -->\n<title>Enfants \u00e0 Gaza : pourquoi n\u2019arr\u00eatons-nous pas les morts ? - Kapitalis<\/title>\n<meta name=\"robots\" content=\"index, follow, max-snippet:-1, max-image-preview:large, max-video-preview:-1\" \/>\n<link rel=\"canonical\" href=\"https:\/\/kapitalis.com\/tunisie\/2024\/02\/22\/enfants-a-gaza-pourquoi-narretons-nous-pas-les-morts\/\" \/>\n<meta property=\"og:locale\" content=\"fr_FR\" \/>\n<meta property=\"og:type\" content=\"article\" \/>\n<meta property=\"og:title\" content=\"Enfants \u00e0 Gaza : pourquoi n\u2019arr\u00eatons-nous pas les morts ? - Kapitalis\" \/>\n<meta property=\"og:description\" content=\"Pourquoi Biden ne s\u2019exprime-t-il pas avec plus de force contre le gouvernement de Netanyahu ?\" \/>\n<meta property=\"og:url\" content=\"https:\/\/kapitalis.com\/tunisie\/2024\/02\/22\/enfants-a-gaza-pourquoi-narretons-nous-pas-les-morts\/\" \/>\n<meta property=\"og:site_name\" content=\"Kapitalis\" \/>\n<meta property=\"article:publisher\" content=\"https:\/\/www.facebook.com\/KapitalisInfo\/\" \/>\n<meta property=\"article:published_time\" content=\"2024-02-22T09:19:00+00:00\" \/>\n<meta property=\"article:modified_time\" content=\"2024-02-22T09:44:20+00:00\" \/>\n<meta property=\"og:image\" content=\"https:\/\/kapitalis.com\/tunisie\/wp-content\/uploads\/2024\/02\/Enfants-Gaza.jpg\" \/>\n\t<meta property=\"og:image:width\" content=\"1200\" \/>\n\t<meta property=\"og:image:height\" content=\"630\" \/>\n\t<meta property=\"og:image:type\" content=\"image\/jpeg\" \/>\n<meta name=\"author\" content=\"webmaster kapitalis\" \/>\n<meta name=\"twitter:card\" content=\"summary_large_image\" \/>\n<meta name=\"twitter:creator\" content=\"@KapitalisInfo\" \/>\n<meta name=\"twitter:site\" content=\"@KapitalisInfo\" \/>\n<meta name=\"twitter:label1\" content=\"\u00c9crit par\" \/>\n\t<meta name=\"twitter:data1\" content=\"webmaster kapitalis\" \/>\n\t<meta name=\"twitter:label2\" content=\"Dur\u00e9e de lecture estim\u00e9e\" \/>\n\t<meta name=\"twitter:data2\" content=\"5 minutes\" \/>\n<script type=\"application\/ld+json\" class=\"yoast-schema-graph\">{\"@context\":\"https:\/\/schema.org\",\"@graph\":[{\"@type\":\"Article\",\"@id\":\"https:\/\/kapitalis.com\/tunisie\/2024\/02\/22\/enfants-a-gaza-pourquoi-narretons-nous-pas-les-morts\/#article\",\"isPartOf\":{\"@id\":\"https:\/\/kapitalis.com\/tunisie\/2024\/02\/22\/enfants-a-gaza-pourquoi-narretons-nous-pas-les-morts\/\"},\"author\":{\"name\":\"webmaster kapitalis\",\"@id\":\"https:\/\/kapitalis.com\/tunisie\/#\/schema\/person\/d71f33a9ca44f7bad4698210b480c8e9\"},\"headline\":\"Enfants \u00e0 Gaza : pourquoi n\u2019arr\u00eatons-nous pas les morts ?\",\"datePublished\":\"2024-02-22T09:19:00+00:00\",\"dateModified\":\"2024-02-22T09:44:20+00:00\",\"mainEntityOfPage\":{\"@id\":\"https:\/\/kapitalis.com\/tunisie\/2024\/02\/22\/enfants-a-gaza-pourquoi-narretons-nous-pas-les-morts\/\"},\"wordCount\":993,\"commentCount\":1,\"publisher\":{\"@id\":\"https:\/\/kapitalis.com\/tunisie\/#organization\"},\"image\":{\"@id\":\"https:\/\/kapitalis.com\/tunisie\/2024\/02\/22\/enfants-a-gaza-pourquoi-narretons-nous-pas-les-morts\/#primaryimage\"},\"thumbnailUrl\":\"https:\/\/kapitalis.com\/tunisie\/wp-content\/uploads\/2024\/02\/Enfants-Gaza.jpg\",\"keywords\":[\"Benjamin Netanyahu\",\"Chris Van Hollen\",\"enfants\",\"Etats-Unis\",\"Gaza\",\"Hamas\",\"Isra\u00ebl\",\"Joe Biden\",\"Rafah\",\"Robert Reich\"],\"articleSection\":[\"A LA UNE\",\"POLITIQUE\",\"TRIBUNE\",\"Tunisie\"],\"inLanguage\":\"fr-FR\",\"potentialAction\":[{\"@type\":\"CommentAction\",\"name\":\"Comment\",\"target\":[\"https:\/\/kapitalis.com\/tunisie\/2024\/02\/22\/enfants-a-gaza-pourquoi-narretons-nous-pas-les-morts\/#respond\"]}]},{\"@type\":\"WebPage\",\"@id\":\"https:\/\/kapitalis.com\/tunisie\/2024\/02\/22\/enfants-a-gaza-pourquoi-narretons-nous-pas-les-morts\/\",\"url\":\"https:\/\/kapitalis.com\/tunisie\/2024\/02\/22\/enfants-a-gaza-pourquoi-narretons-nous-pas-les-morts\/\",\"name\":\"Enfants \u00e0 Gaza : pourquoi n\u2019arr\u00eatons-nous pas les morts ? - Kapitalis\",\"isPartOf\":{\"@id\":\"https:\/\/kapitalis.com\/tunisie\/#website\"},\"primaryImageOfPage\":{\"@id\":\"https:\/\/kapitalis.com\/tunisie\/2024\/02\/22\/enfants-a-gaza-pourquoi-narretons-nous-pas-les-morts\/#primaryimage\"},\"image\":{\"@id\":\"https:\/\/kapitalis.com\/tunisie\/2024\/02\/22\/enfants-a-gaza-pourquoi-narretons-nous-pas-les-morts\/#primaryimage\"},\"thumbnailUrl\":\"https:\/\/kapitalis.com\/tunisie\/wp-content\/uploads\/2024\/02\/Enfants-Gaza.jpg\",\"datePublished\":\"2024-02-22T09:19:00+00:00\",\"dateModified\":\"2024-02-22T09:44:20+00:00\",\"breadcrumb\":{\"@id\":\"https:\/\/kapitalis.com\/tunisie\/2024\/02\/22\/enfants-a-gaza-pourquoi-narretons-nous-pas-les-morts\/#breadcrumb\"},\"inLanguage\":\"fr-FR\",\"potentialAction\":[{\"@type\":\"ReadAction\",\"target\":[\"https:\/\/kapitalis.com\/tunisie\/2024\/02\/22\/enfants-a-gaza-pourquoi-narretons-nous-pas-les-morts\/\"]}]},{\"@type\":\"ImageObject\",\"inLanguage\":\"fr-FR\",\"@id\":\"https:\/\/kapitalis.com\/tunisie\/2024\/02\/22\/enfants-a-gaza-pourquoi-narretons-nous-pas-les-morts\/#primaryimage\",\"url\":\"https:\/\/kapitalis.com\/tunisie\/wp-content\/uploads\/2024\/02\/Enfants-Gaza.jpg\",\"contentUrl\":\"https:\/\/kapitalis.com\/tunisie\/wp-content\/uploads\/2024\/02\/Enfants-Gaza.jpg\",\"width\":1200,\"height\":630},{\"@type\":\"BreadcrumbList\",\"@id\":\"https:\/\/kapitalis.com\/tunisie\/2024\/02\/22\/enfants-a-gaza-pourquoi-narretons-nous-pas-les-morts\/#breadcrumb\",\"itemListElement\":[{\"@type\":\"ListItem\",\"position\":1,\"name\":\"Accueil\",\"item\":\"https:\/\/kapitalis.com\/tunisie\/\"},{\"@type\":\"ListItem\",\"position\":2,\"name\":\"Enfants \u00e0 Gaza : pourquoi n\u2019arr\u00eatons-nous pas les morts ?\"}]},{\"@type\":\"WebSite\",\"@id\":\"https:\/\/kapitalis.com\/tunisie\/#website\",\"url\":\"https:\/\/kapitalis.com\/tunisie\/\",\"name\":\"Kapitalis\",\"description\":\"L&#039;actualit\u00e9 en Tunisie et dans le monde\",\"publisher\":{\"@id\":\"https:\/\/kapitalis.com\/tunisie\/#organization\"},\"potentialAction\":[{\"@type\":\"SearchAction\",\"target\":{\"@type\":\"EntryPoint\",\"urlTemplate\":\"https:\/\/kapitalis.com\/tunisie\/?s={search_term_string}\"},\"query-input\":{\"@type\":\"PropertyValueSpecification\",\"valueRequired\":true,\"valueName\":\"search_term_string\"}}],\"inLanguage\":\"fr-FR\"},{\"@type\":\"Organization\",\"@id\":\"https:\/\/kapitalis.com\/tunisie\/#organization\",\"name\":\"Kapitalis\",\"url\":\"https:\/\/kapitalis.com\/tunisie\/\",\"logo\":{\"@type\":\"ImageObject\",\"inLanguage\":\"fr-FR\",\"@id\":\"https:\/\/kapitalis.com\/tunisie\/#\/schema\/logo\/image\/\",\"url\":\"https:\/\/kapitalis.com\/tunisie\/wp-content\/uploads\/2022\/05\/Kapitalis-big-size.png\",\"contentUrl\":\"https:\/\/kapitalis.com\/tunisie\/wp-content\/uploads\/2022\/05\/Kapitalis-big-size.png\",\"width\":5000,\"height\":1500,\"caption\":\"Kapitalis\"},\"image\":{\"@id\":\"https:\/\/kapitalis.com\/tunisie\/#\/schema\/logo\/image\/\"},\"sameAs\":[\"https:\/\/www.facebook.com\/KapitalisInfo\/\",\"https:\/\/x.com\/KapitalisInfo\",\"https:\/\/www.youtube.com\/channel\/UC-yDYrHyfFBWWZaOw3FPg9Q\"]},{\"@type\":\"Person\",\"@id\":\"https:\/\/kapitalis.com\/tunisie\/#\/schema\/person\/d71f33a9ca44f7bad4698210b480c8e9\",\"name\":\"webmaster kapitalis\",\"url\":\"https:\/\/kapitalis.com\/tunisie\/author\/webmaster-kapitalis\/\"}]}<\/script>\n<!-- \/ Yoast SEO plugin. -->","yoast_head_json":{"title":"Enfants \u00e0 Gaza : pourquoi n\u2019arr\u00eatons-nous pas les morts ? - Kapitalis","robots":{"index":"index","follow":"follow","max-snippet":"max-snippet:-1","max-image-preview":"max-image-preview:large","max-video-preview":"max-video-preview:-1"},"canonical":"https:\/\/kapitalis.com\/tunisie\/2024\/02\/22\/enfants-a-gaza-pourquoi-narretons-nous-pas-les-morts\/","og_locale":"fr_FR","og_type":"article","og_title":"Enfants \u00e0 Gaza : pourquoi n\u2019arr\u00eatons-nous pas les morts ? - Kapitalis","og_description":"Pourquoi Biden ne s\u2019exprime-t-il pas avec plus de force contre le gouvernement de Netanyahu ?","og_url":"https:\/\/kapitalis.com\/tunisie\/2024\/02\/22\/enfants-a-gaza-pourquoi-narretons-nous-pas-les-morts\/","og_site_name":"Kapitalis","article_publisher":"https:\/\/www.facebook.com\/KapitalisInfo\/","article_published_time":"2024-02-22T09:19:00+00:00","article_modified_time":"2024-02-22T09:44:20+00:00","og_image":[{"width":1200,"height":630,"url":"https:\/\/kapitalis.com\/tunisie\/wp-content\/uploads\/2024\/02\/Enfants-Gaza.jpg","type":"image\/jpeg"}],"author":"webmaster kapitalis","twitter_card":"summary_large_image","twitter_creator":"@KapitalisInfo","twitter_site":"@KapitalisInfo","twitter_misc":{"\u00c9crit par":"webmaster kapitalis","Dur\u00e9e de lecture estim\u00e9e":"5 minutes"},"schema":{"@context":"https:\/\/schema.org","@graph":[{"@type":"Article","@id":"https:\/\/kapitalis.com\/tunisie\/2024\/02\/22\/enfants-a-gaza-pourquoi-narretons-nous-pas-les-morts\/#article","isPartOf":{"@id":"https:\/\/kapitalis.com\/tunisie\/2024\/02\/22\/enfants-a-gaza-pourquoi-narretons-nous-pas-les-morts\/"},"author":{"name":"webmaster kapitalis","@id":"https:\/\/kapitalis.com\/tunisie\/#\/schema\/person\/d71f33a9ca44f7bad4698210b480c8e9"},"headline":"Enfants \u00e0 Gaza : pourquoi n\u2019arr\u00eatons-nous pas les morts ?","datePublished":"2024-02-22T09:19:00+00:00","dateModified":"2024-02-22T09:44:20+00:00","mainEntityOfPage":{"@id":"https:\/\/kapitalis.com\/tunisie\/2024\/02\/22\/enfants-a-gaza-pourquoi-narretons-nous-pas-les-morts\/"},"wordCount":993,"commentCount":1,"publisher":{"@id":"https:\/\/kapitalis.com\/tunisie\/#organization"},"image":{"@id":"https:\/\/kapitalis.com\/tunisie\/2024\/02\/22\/enfants-a-gaza-pourquoi-narretons-nous-pas-les-morts\/#primaryimage"},"thumbnailUrl":"https:\/\/kapitalis.com\/tunisie\/wp-content\/uploads\/2024\/02\/Enfants-Gaza.jpg","keywords":["Benjamin Netanyahu","Chris Van Hollen","enfants","Etats-Unis","Gaza","Hamas","Isra\u00ebl","Joe Biden","Rafah","Robert Reich"],"articleSection":["A LA UNE","POLITIQUE","TRIBUNE","Tunisie"],"inLanguage":"fr-FR","potentialAction":[{"@type":"CommentAction","name":"Comment","target":["https:\/\/kapitalis.com\/tunisie\/2024\/02\/22\/enfants-a-gaza-pourquoi-narretons-nous-pas-les-morts\/#respond"]}]},{"@type":"WebPage","@id":"https:\/\/kapitalis.com\/tunisie\/2024\/02\/22\/enfants-a-gaza-pourquoi-narretons-nous-pas-les-morts\/","url":"https:\/\/kapitalis.com\/tunisie\/2024\/02\/22\/enfants-a-gaza-pourquoi-narretons-nous-pas-les-morts\/","name":"Enfants \u00e0 Gaza : pourquoi n\u2019arr\u00eatons-nous pas les morts ? - Kapitalis","isPartOf":{"@id":"https:\/\/kapitalis.com\/tunisie\/#website"},"primaryImageOfPage":{"@id":"https:\/\/kapitalis.com\/tunisie\/2024\/02\/22\/enfants-a-gaza-pourquoi-narretons-nous-pas-les-morts\/#primaryimage"},"image":{"@id":"https:\/\/kapitalis.com\/tunisie\/2024\/02\/22\/enfants-a-gaza-pourquoi-narretons-nous-pas-les-morts\/#primaryimage"},"thumbnailUrl":"https:\/\/kapitalis.com\/tunisie\/wp-content\/uploads\/2024\/02\/Enfants-Gaza.jpg","datePublished":"2024-02-22T09:19:00+00:00","dateModified":"2024-02-22T09:44:20+00:00","breadcrumb":{"@id":"https:\/\/kapitalis.com\/tunisie\/2024\/02\/22\/enfants-a-gaza-pourquoi-narretons-nous-pas-les-morts\/#breadcrumb"},"inLanguage":"fr-FR","potentialAction":[{"@type":"ReadAction","target":["https:\/\/kapitalis.com\/tunisie\/2024\/02\/22\/enfants-a-gaza-pourquoi-narretons-nous-pas-les-morts\/"]}]},{"@type":"ImageObject","inLanguage":"fr-FR","@id":"https:\/\/kapitalis.com\/tunisie\/2024\/02\/22\/enfants-a-gaza-pourquoi-narretons-nous-pas-les-morts\/#primaryimage","url":"https:\/\/kapitalis.com\/tunisie\/wp-content\/uploads\/2024\/02\/Enfants-Gaza.jpg","contentUrl":"https:\/\/kapitalis.com\/tunisie\/wp-content\/uploads\/2024\/02\/Enfants-Gaza.jpg","width":1200,"height":630},{"@type":"BreadcrumbList","@id":"https:\/\/kapitalis.com\/tunisie\/2024\/02\/22\/enfants-a-gaza-pourquoi-narretons-nous-pas-les-morts\/#breadcrumb","itemListElement":[{"@type":"ListItem","position":1,"name":"Accueil","item":"https:\/\/kapitalis.com\/tunisie\/"},{"@type":"ListItem","position":2,"name":"Enfants \u00e0 Gaza : pourquoi n\u2019arr\u00eatons-nous pas les morts ?"}]},{"@type":"WebSite","@id":"https:\/\/kapitalis.com\/tunisie\/#website","url":"https:\/\/kapitalis.com\/tunisie\/","name":"Kapitalis","description":"L&#039;actualit\u00e9 en Tunisie et dans le monde","publisher":{"@id":"https:\/\/kapitalis.com\/tunisie\/#organization"},"potentialAction":[{"@type":"SearchAction","target":{"@type":"EntryPoint","urlTemplate":"https:\/\/kapitalis.com\/tunisie\/?s={search_term_string}"},"query-input":{"@type":"PropertyValueSpecification","valueRequired":true,"valueName":"search_term_string"}}],"inLanguage":"fr-FR"},{"@type":"Organization","@id":"https:\/\/kapitalis.com\/tunisie\/#organization","name":"Kapitalis","url":"https:\/\/kapitalis.com\/tunisie\/","logo":{"@type":"ImageObject","inLanguage":"fr-FR","@id":"https:\/\/kapitalis.com\/tunisie\/#\/schema\/logo\/image\/","url":"https:\/\/kapitalis.com\/tunisie\/wp-content\/uploads\/2022\/05\/Kapitalis-big-size.png","contentUrl":"https:\/\/kapitalis.com\/tunisie\/wp-content\/uploads\/2022\/05\/Kapitalis-big-size.png","width":5000,"height":1500,"caption":"Kapitalis"},"image":{"@id":"https:\/\/kapitalis.com\/tunisie\/#\/schema\/logo\/image\/"},"sameAs":["https:\/\/www.facebook.com\/KapitalisInfo\/","https:\/\/x.com\/KapitalisInfo","https:\/\/www.youtube.com\/channel\/UC-yDYrHyfFBWWZaOw3FPg9Q"]},{"@type":"Person","@id":"https:\/\/kapitalis.com\/tunisie\/#\/schema\/person\/d71f33a9ca44f7bad4698210b480c8e9","name":"webmaster kapitalis","url":"https:\/\/kapitalis.com\/tunisie\/author\/webmaster-kapitalis\/"}]}},"_links":{"self":[{"href":"https:\/\/kapitalis.com\/tunisie\/wp-json\/wp\/v2\/posts\/11697761","targetHints":{"allow":["GET"]}}],"collection":[{"href":"https:\/\/kapitalis.com\/tunisie\/wp-json\/wp\/v2\/posts"}],"about":[{"href":"https:\/\/kapitalis.com\/tunisie\/wp-json\/wp\/v2\/types\/post"}],"author":[{"embeddable":true,"href":"https:\/\/kapitalis.com\/tunisie\/wp-json\/wp\/v2\/users\/8"}],"replies":[{"embeddable":true,"href":"https:\/\/kapitalis.com\/tunisie\/wp-json\/wp\/v2\/comments?post=11697761"}],"version-history":[{"count":3,"href":"https:\/\/kapitalis.com\/tunisie\/wp-json\/wp\/v2\/posts\/11697761\/revisions"}],"predecessor-version":[{"id":11698283,"href":"https:\/\/kapitalis.com\/tunisie\/wp-json\/wp\/v2\/posts\/11697761\/revisions\/11698283"}],"wp:featuredmedia":[{"embeddable":true,"href":"https:\/\/kapitalis.com\/tunisie\/wp-json\/wp\/v2\/media\/11697989"}],"wp:attachment":[{"href":"https:\/\/kapitalis.com\/tunisie\/wp-json\/wp\/v2\/media?parent=11697761"}],"wp:term":[{"taxonomy":"category","embeddable":true,"href":"https:\/\/kapitalis.com\/tunisie\/wp-json\/wp\/v2\/categories?post=11697761"},{"taxonomy":"post_tag","embeddable":true,"href":"https:\/\/kapitalis.com\/tunisie\/wp-json\/wp\/v2\/tags?post=11697761"}],"curies":[{"name":"wp","href":"https:\/\/api.w.org\/{rel}","templated":true}]}}