{"id":117077,"date":"2017-10-04T16:16:54","date_gmt":"2017-10-04T15:16:54","guid":{"rendered":"http:\/\/kapitalis.com\/tunisie\/?p=117077"},"modified":"2017-10-04T16:19:22","modified_gmt":"2017-10-04T15:19:22","slug":"maya-jribi-denonce-caid-essebsi-recu-a-sousse-comme-ben-ali","status":"publish","type":"post","link":"https:\/\/kapitalis.com\/tunisie\/2017\/10\/04\/maya-jribi-denonce-caid-essebsi-recu-a-sousse-comme-ben-ali\/","title":{"rendered":"Maya Jribi d\u00e9nonce : Ca\u00efd Essebsi re\u00e7u \u00e0 Sousse comme Ben Ali"},"content":{"rendered":"<p style=\"text-align: center;\"><img loading=\"lazy\" decoding=\"async\" class=\"alignnone size-full wp-image-117080\" src=\"http:\/\/kapitalis.com\/tunisie\/wp-content\/uploads\/2017\/10\/Caid-Essbsi-Sousse-.jpg\" alt=\"\" width=\"626\" height=\"380\" \/><\/p>\n<p><em><strong>La visite de B\u00e9ji Ca\u00efd Essebsi aujourd&rsquo;hui \u00e0 Sousse a \u00e9t\u00e9 organis\u00e9e dans le m\u00eame style\u00a0que celles de l&rsquo;ancien pr\u00e9sident Ben Ali.<\/strong><\/em><!--more--><\/p>\n<p>Maya Jribi, constituante et ancienne secr\u00e9taire g\u00e9n\u00e9rale du Parti d\u00e9mocratique progressiste (PDP), a d\u00e9nonc\u00e9 les pratiques d&rsquo;une autre \u00e9poque des responsables locaux lors de la visite du pr\u00e9sident de la r\u00e9publique, ce mercredi 4 octobre 2017, \u00e0 Sousse. Elle a vu dans les slogans agit\u00e9s \u00e0 cette occasion et qui participent d&rsquo;un honteux culte de la personnalit\u00e9 une atteinte \u00e0 la dignit\u00e9 des citoyens tunisiens.<\/p>\n<p><em>\u00abCe qui se passe maintenant \u00e0 Sousse est la preuve que la r\u00e9volution doit \u00eatre d&rsquo;abord morale<\/em>\u00bb, a-t-elle notamment \u00e9crit dans un statut Facebook, o\u00f9 elle a appel\u00e9 ses concitoyens \u00e0 se r\u00e9veiller avant qu\u2019il ne soit trop tard.<\/p>\n<p>L\u2019ex-secr\u00e9taire g\u00e9n\u00e9rale d&rsquo;Al-Jomhouri a ajout\u00e9 que la Tunisie a besoin de programmes de d\u00e9veloppement, de valeurs de citoyennet\u00e9 et de se lib\u00e9rer aussi de la culture du\u00a0<em>\u00abl\u00e8che botte\u00bb.<\/em><\/p>\n<p>Notons qu&rsquo;on avait sorti les enfants des classes pour acclamer le chef de l\u2019Etat qui paradait dans la ville, avant de se rendre\u00a0sur le chantier du nouveau centre commercial Mall of Sousse. Dans une pancarte agit\u00e9e par des citoyens, on pouvait lire ceci: <em>\u00ab\u00d4 Ca\u00efd, notre protecteur, que dieu vous garde pour nous\u00bb<\/em>, sachant que\u00a0\u00ab<em>ca\u00efd<\/em>\u00bb signifie en arabe guide ou leader<em>.<\/em><\/p>\n<p>Ceux qui craignent le retour des RCDistes, membres de l&rsquo;ancien parti au pouvoir sous la dictature, trouveront l\u00e0 une justification pour leur crainte: le RCD est bel et bien de retour dans le sillage de Nidaa Tounes et B\u00e9ji Ca\u00efd Essebsi.<\/p>\n<p style=\"text-align: right;\"><strong>Y. N.<\/strong><\/p>\n","protected":false},"excerpt":{"rendered":"<p>La visite de B\u00e9ji Ca\u00efd Essebsi aujourd&rsquo;hui \u00e0 Sousse a \u00e9t\u00e9 organis\u00e9e dans le m\u00eame style\u00a0que celles de l&rsquo;ancien pr\u00e9sident Ben Ali.<\/p>\n","protected":false},"author":6,"featured_media":117080,"comment_status":"open","ping_status":"open","sticky":false,"template":"","format":"standard","meta":{"footnotes":""},"categories":[997,2433],"tags":[140,34185,4485,1362,854],"class_list":["post-117077","post","type-post","status-publish","format-standard","has-post-thumbnail","hentry","category-politique","category-tunisie","tag-ben-ali","tag-mall-of-sousse","tag-maya-jribi","tag-president","tag-sousse"],"yoast_head":"<!-- This site is optimized with the Yoast SEO plugin v26.6 - https:\/\/yoast.com\/wordpress\/plugins\/seo\/ -->\n<title>Maya Jribi d\u00e9nonce : Ca\u00efd Essebsi re\u00e7u \u00e0 Sousse comme Ben Ali - Kapitalis<\/title>\n<meta name=\"robots\" content=\"index, follow, max-snippet:-1, max-image-preview:large, max-video-preview:-1\" \/>\n<link rel=\"canonical\" href=\"https:\/\/kapitalis.com\/tunisie\/2017\/10\/04\/maya-jribi-denonce-caid-essebsi-recu-a-sousse-comme-ben-ali\/\" \/>\n<meta property=\"og:locale\" content=\"fr_FR\" \/>\n<meta property=\"og:type\" content=\"article\" \/>\n<meta property=\"og:title\" content=\"Maya Jribi d\u00e9nonce : Ca\u00efd Essebsi re\u00e7u \u00e0 Sousse comme Ben Ali - Kapitalis\" \/>\n<meta property=\"og:description\" content=\"La visite de B\u00e9ji Ca\u00efd Essebsi aujourd&rsquo;hui \u00e0 Sousse a \u00e9t\u00e9 organis\u00e9e dans le m\u00eame style\u00a0que celles de l&rsquo;ancien pr\u00e9sident Ben Ali.\" \/>\n<meta property=\"og:url\" content=\"https:\/\/kapitalis.com\/tunisie\/2017\/10\/04\/maya-jribi-denonce-caid-essebsi-recu-a-sousse-comme-ben-ali\/\" \/>\n<meta property=\"og:site_name\" content=\"Kapitalis\" \/>\n<meta property=\"article:publisher\" content=\"https:\/\/www.facebook.com\/KapitalisInfo\/\" \/>\n<meta property=\"article:published_time\" content=\"2017-10-04T15:16:54+00:00\" \/>\n<meta property=\"article:modified_time\" content=\"2017-10-04T15:19:22+00:00\" \/>\n<meta property=\"og:image\" content=\"https:\/\/kapitalis.com\/tunisie\/wp-content\/uploads\/2022\/05\/kapitalis-logo-fb.png\" \/>\n\t<meta property=\"og:image:width\" content=\"1200\" \/>\n\t<meta property=\"og:image:height\" content=\"630\" \/>\n\t<meta property=\"og:image:type\" content=\"image\/png\" \/>\n<meta name=\"author\" content=\"Yusra NY\" \/>\n<meta name=\"twitter:card\" content=\"summary_large_image\" \/>\n<meta name=\"twitter:creator\" content=\"@KapitalisInfo\" \/>\n<meta name=\"twitter:site\" content=\"@KapitalisInfo\" \/>\n<meta name=\"twitter:label1\" content=\"\u00c9crit par\" \/>\n\t<meta name=\"twitter:data1\" content=\"Yusra NY\" \/>\n\t<meta name=\"twitter:label2\" content=\"Dur\u00e9e de lecture estim\u00e9e\" \/>\n\t<meta name=\"twitter:data2\" content=\"1 minute\" \/>\n<script type=\"application\/ld+json\" class=\"yoast-schema-graph\">{\"@context\":\"https:\/\/schema.org\",\"@graph\":[{\"@type\":\"Article\",\"@id\":\"https:\/\/kapitalis.com\/tunisie\/2017\/10\/04\/maya-jribi-denonce-caid-essebsi-recu-a-sousse-comme-ben-ali\/#article\",\"isPartOf\":{\"@id\":\"https:\/\/kapitalis.com\/tunisie\/2017\/10\/04\/maya-jribi-denonce-caid-essebsi-recu-a-sousse-comme-ben-ali\/\"},\"author\":{\"name\":\"Yusra NY\",\"@id\":\"https:\/\/kapitalis.com\/tunisie\/#\/schema\/person\/74bbde0154d49d790a92aaeac5bc01d5\"},\"headline\":\"Maya Jribi d\u00e9nonce : Ca\u00efd Essebsi re\u00e7u \u00e0 Sousse comme Ben Ali\",\"datePublished\":\"2017-10-04T15:16:54+00:00\",\"dateModified\":\"2017-10-04T15:19:22+00:00\",\"mainEntityOfPage\":{\"@id\":\"https:\/\/kapitalis.com\/tunisie\/2017\/10\/04\/maya-jribi-denonce-caid-essebsi-recu-a-sousse-comme-ben-ali\/\"},\"wordCount\":295,\"commentCount\":16,\"publisher\":{\"@id\":\"https:\/\/kapitalis.com\/tunisie\/#organization\"},\"image\":{\"@id\":\"https:\/\/kapitalis.com\/tunisie\/2017\/10\/04\/maya-jribi-denonce-caid-essebsi-recu-a-sousse-comme-ben-ali\/#primaryimage\"},\"thumbnailUrl\":\"\",\"keywords\":[\"Ben Ali\",\"Mall of Sousse\",\"Maya Jribi\",\"pr\u00e9sident\",\"Sousse\"],\"articleSection\":[\"POLITIQUE\",\"Tunisie\"],\"inLanguage\":\"fr-FR\",\"potentialAction\":[{\"@type\":\"CommentAction\",\"name\":\"Comment\",\"target\":[\"https:\/\/kapitalis.com\/tunisie\/2017\/10\/04\/maya-jribi-denonce-caid-essebsi-recu-a-sousse-comme-ben-ali\/#respond\"]}]},{\"@type\":\"WebPage\",\"@id\":\"https:\/\/kapitalis.com\/tunisie\/2017\/10\/04\/maya-jribi-denonce-caid-essebsi-recu-a-sousse-comme-ben-ali\/\",\"url\":\"https:\/\/kapitalis.com\/tunisie\/2017\/10\/04\/maya-jribi-denonce-caid-essebsi-recu-a-sousse-comme-ben-ali\/\",\"name\":\"Maya Jribi d\u00e9nonce : Ca\u00efd Essebsi re\u00e7u \u00e0 Sousse comme Ben Ali - Kapitalis\",\"isPartOf\":{\"@id\":\"https:\/\/kapitalis.com\/tunisie\/#website\"},\"primaryImageOfPage\":{\"@id\":\"https:\/\/kapitalis.com\/tunisie\/2017\/10\/04\/maya-jribi-denonce-caid-essebsi-recu-a-sousse-comme-ben-ali\/#primaryimage\"},\"image\":{\"@id\":\"https:\/\/kapitalis.com\/tunisie\/2017\/10\/04\/maya-jribi-denonce-caid-essebsi-recu-a-sousse-comme-ben-ali\/#primaryimage\"},\"thumbnailUrl\":\"\",\"datePublished\":\"2017-10-04T15:16:54+00:00\",\"dateModified\":\"2017-10-04T15:19:22+00:00\",\"breadcrumb\":{\"@id\":\"https:\/\/kapitalis.com\/tunisie\/2017\/10\/04\/maya-jribi-denonce-caid-essebsi-recu-a-sousse-comme-ben-ali\/#breadcrumb\"},\"inLanguage\":\"fr-FR\",\"potentialAction\":[{\"@type\":\"ReadAction\",\"target\":[\"https:\/\/kapitalis.com\/tunisie\/2017\/10\/04\/maya-jribi-denonce-caid-essebsi-recu-a-sousse-comme-ben-ali\/\"]}]},{\"@type\":\"ImageObject\",\"inLanguage\":\"fr-FR\",\"@id\":\"https:\/\/kapitalis.com\/tunisie\/2017\/10\/04\/maya-jribi-denonce-caid-essebsi-recu-a-sousse-comme-ben-ali\/#primaryimage\",\"url\":\"\",\"contentUrl\":\"\"},{\"@type\":\"BreadcrumbList\",\"@id\":\"https:\/\/kapitalis.com\/tunisie\/2017\/10\/04\/maya-jribi-denonce-caid-essebsi-recu-a-sousse-comme-ben-ali\/#breadcrumb\",\"itemListElement\":[{\"@type\":\"ListItem\",\"position\":1,\"name\":\"Accueil\",\"item\":\"https:\/\/kapitalis.com\/tunisie\/\"},{\"@type\":\"ListItem\",\"position\":2,\"name\":\"Maya Jribi d\u00e9nonce : Ca\u00efd Essebsi re\u00e7u \u00e0 Sousse comme Ben Ali\"}]},{\"@type\":\"WebSite\",\"@id\":\"https:\/\/kapitalis.com\/tunisie\/#website\",\"url\":\"https:\/\/kapitalis.com\/tunisie\/\",\"name\":\"Kapitalis\",\"description\":\"L&#039;actualit\u00e9 en Tunisie et dans le monde\",\"publisher\":{\"@id\":\"https:\/\/kapitalis.com\/tunisie\/#organization\"},\"potentialAction\":[{\"@type\":\"SearchAction\",\"target\":{\"@type\":\"EntryPoint\",\"urlTemplate\":\"https:\/\/kapitalis.com\/tunisie\/?s={search_term_string}\"},\"query-input\":{\"@type\":\"PropertyValueSpecification\",\"valueRequired\":true,\"valueName\":\"search_term_string\"}}],\"inLanguage\":\"fr-FR\"},{\"@type\":\"Organization\",\"@id\":\"https:\/\/kapitalis.com\/tunisie\/#organization\",\"name\":\"Kapitalis\",\"url\":\"https:\/\/kapitalis.com\/tunisie\/\",\"logo\":{\"@type\":\"ImageObject\",\"inLanguage\":\"fr-FR\",\"@id\":\"https:\/\/kapitalis.com\/tunisie\/#\/schema\/logo\/image\/\",\"url\":\"https:\/\/kapitalis.com\/tunisie\/wp-content\/uploads\/2022\/05\/Kapitalis-big-size.png\",\"contentUrl\":\"https:\/\/kapitalis.com\/tunisie\/wp-content\/uploads\/2022\/05\/Kapitalis-big-size.png\",\"width\":5000,\"height\":1500,\"caption\":\"Kapitalis\"},\"image\":{\"@id\":\"https:\/\/kapitalis.com\/tunisie\/#\/schema\/logo\/image\/\"},\"sameAs\":[\"https:\/\/www.facebook.com\/KapitalisInfo\/\",\"https:\/\/x.com\/KapitalisInfo\",\"https:\/\/www.youtube.com\/channel\/UC-yDYrHyfFBWWZaOw3FPg9Q\"]},{\"@type\":\"Person\",\"@id\":\"https:\/\/kapitalis.com\/tunisie\/#\/schema\/person\/74bbde0154d49d790a92aaeac5bc01d5\",\"name\":\"Yusra NY\",\"url\":\"https:\/\/kapitalis.com\/tunisie\/author\/yuza_adam\/\"}]}<\/script>\n<!-- \/ Yoast SEO plugin. -->","yoast_head_json":{"title":"Maya Jribi d\u00e9nonce : Ca\u00efd Essebsi re\u00e7u \u00e0 Sousse comme Ben Ali - Kapitalis","robots":{"index":"index","follow":"follow","max-snippet":"max-snippet:-1","max-image-preview":"max-image-preview:large","max-video-preview":"max-video-preview:-1"},"canonical":"https:\/\/kapitalis.com\/tunisie\/2017\/10\/04\/maya-jribi-denonce-caid-essebsi-recu-a-sousse-comme-ben-ali\/","og_locale":"fr_FR","og_type":"article","og_title":"Maya Jribi d\u00e9nonce : Ca\u00efd Essebsi re\u00e7u \u00e0 Sousse comme Ben Ali - Kapitalis","og_description":"La visite de B\u00e9ji Ca\u00efd Essebsi aujourd&rsquo;hui \u00e0 Sousse a \u00e9t\u00e9 organis\u00e9e dans le m\u00eame style\u00a0que celles de l&rsquo;ancien pr\u00e9sident Ben Ali.","og_url":"https:\/\/kapitalis.com\/tunisie\/2017\/10\/04\/maya-jribi-denonce-caid-essebsi-recu-a-sousse-comme-ben-ali\/","og_site_name":"Kapitalis","article_publisher":"https:\/\/www.facebook.com\/KapitalisInfo\/","article_published_time":"2017-10-04T15:16:54+00:00","article_modified_time":"2017-10-04T15:19:22+00:00","og_image":[{"width":1200,"height":630,"url":"https:\/\/kapitalis.com\/tunisie\/wp-content\/uploads\/2022\/05\/kapitalis-logo-fb.png","type":"image\/png"}],"author":"Yusra NY","twitter_card":"summary_large_image","twitter_creator":"@KapitalisInfo","twitter_site":"@KapitalisInfo","twitter_misc":{"\u00c9crit par":"Yusra NY","Dur\u00e9e de lecture estim\u00e9e":"1 minute"},"schema":{"@context":"https:\/\/schema.org","@graph":[{"@type":"Article","@id":"https:\/\/kapitalis.com\/tunisie\/2017\/10\/04\/maya-jribi-denonce-caid-essebsi-recu-a-sousse-comme-ben-ali\/#article","isPartOf":{"@id":"https:\/\/kapitalis.com\/tunisie\/2017\/10\/04\/maya-jribi-denonce-caid-essebsi-recu-a-sousse-comme-ben-ali\/"},"author":{"name":"Yusra NY","@id":"https:\/\/kapitalis.com\/tunisie\/#\/schema\/person\/74bbde0154d49d790a92aaeac5bc01d5"},"headline":"Maya Jribi d\u00e9nonce : Ca\u00efd Essebsi re\u00e7u \u00e0 Sousse comme Ben Ali","datePublished":"2017-10-04T15:16:54+00:00","dateModified":"2017-10-04T15:19:22+00:00","mainEntityOfPage":{"@id":"https:\/\/kapitalis.com\/tunisie\/2017\/10\/04\/maya-jribi-denonce-caid-essebsi-recu-a-sousse-comme-ben-ali\/"},"wordCount":295,"commentCount":16,"publisher":{"@id":"https:\/\/kapitalis.com\/tunisie\/#organization"},"image":{"@id":"https:\/\/kapitalis.com\/tunisie\/2017\/10\/04\/maya-jribi-denonce-caid-essebsi-recu-a-sousse-comme-ben-ali\/#primaryimage"},"thumbnailUrl":"","keywords":["Ben Ali","Mall of Sousse","Maya Jribi","pr\u00e9sident","Sousse"],"articleSection":["POLITIQUE","Tunisie"],"inLanguage":"fr-FR","potentialAction":[{"@type":"CommentAction","name":"Comment","target":["https:\/\/kapitalis.com\/tunisie\/2017\/10\/04\/maya-jribi-denonce-caid-essebsi-recu-a-sousse-comme-ben-ali\/#respond"]}]},{"@type":"WebPage","@id":"https:\/\/kapitalis.com\/tunisie\/2017\/10\/04\/maya-jribi-denonce-caid-essebsi-recu-a-sousse-comme-ben-ali\/","url":"https:\/\/kapitalis.com\/tunisie\/2017\/10\/04\/maya-jribi-denonce-caid-essebsi-recu-a-sousse-comme-ben-ali\/","name":"Maya Jribi d\u00e9nonce : Ca\u00efd Essebsi re\u00e7u \u00e0 Sousse comme Ben Ali - Kapitalis","isPartOf":{"@id":"https:\/\/kapitalis.com\/tunisie\/#website"},"primaryImageOfPage":{"@id":"https:\/\/kapitalis.com\/tunisie\/2017\/10\/04\/maya-jribi-denonce-caid-essebsi-recu-a-sousse-comme-ben-ali\/#primaryimage"},"image":{"@id":"https:\/\/kapitalis.com\/tunisie\/2017\/10\/04\/maya-jribi-denonce-caid-essebsi-recu-a-sousse-comme-ben-ali\/#primaryimage"},"thumbnailUrl":"","datePublished":"2017-10-04T15:16:54+00:00","dateModified":"2017-10-04T15:19:22+00:00","breadcrumb":{"@id":"https:\/\/kapitalis.com\/tunisie\/2017\/10\/04\/maya-jribi-denonce-caid-essebsi-recu-a-sousse-comme-ben-ali\/#breadcrumb"},"inLanguage":"fr-FR","potentialAction":[{"@type":"ReadAction","target":["https:\/\/kapitalis.com\/tunisie\/2017\/10\/04\/maya-jribi-denonce-caid-essebsi-recu-a-sousse-comme-ben-ali\/"]}]},{"@type":"ImageObject","inLanguage":"fr-FR","@id":"https:\/\/kapitalis.com\/tunisie\/2017\/10\/04\/maya-jribi-denonce-caid-essebsi-recu-a-sousse-comme-ben-ali\/#primaryimage","url":"","contentUrl":""},{"@type":"BreadcrumbList","@id":"https:\/\/kapitalis.com\/tunisie\/2017\/10\/04\/maya-jribi-denonce-caid-essebsi-recu-a-sousse-comme-ben-ali\/#breadcrumb","itemListElement":[{"@type":"ListItem","position":1,"name":"Accueil","item":"https:\/\/kapitalis.com\/tunisie\/"},{"@type":"ListItem","position":2,"name":"Maya Jribi d\u00e9nonce : Ca\u00efd Essebsi re\u00e7u \u00e0 Sousse comme Ben Ali"}]},{"@type":"WebSite","@id":"https:\/\/kapitalis.com\/tunisie\/#website","url":"https:\/\/kapitalis.com\/tunisie\/","name":"Kapitalis","description":"L&#039;actualit\u00e9 en Tunisie et dans le monde","publisher":{"@id":"https:\/\/kapitalis.com\/tunisie\/#organization"},"potentialAction":[{"@type":"SearchAction","target":{"@type":"EntryPoint","urlTemplate":"https:\/\/kapitalis.com\/tunisie\/?s={search_term_string}"},"query-input":{"@type":"PropertyValueSpecification","valueRequired":true,"valueName":"search_term_string"}}],"inLanguage":"fr-FR"},{"@type":"Organization","@id":"https:\/\/kapitalis.com\/tunisie\/#organization","name":"Kapitalis","url":"https:\/\/kapitalis.com\/tunisie\/","logo":{"@type":"ImageObject","inLanguage":"fr-FR","@id":"https:\/\/kapitalis.com\/tunisie\/#\/schema\/logo\/image\/","url":"https:\/\/kapitalis.com\/tunisie\/wp-content\/uploads\/2022\/05\/Kapitalis-big-size.png","contentUrl":"https:\/\/kapitalis.com\/tunisie\/wp-content\/uploads\/2022\/05\/Kapitalis-big-size.png","width":5000,"height":1500,"caption":"Kapitalis"},"image":{"@id":"https:\/\/kapitalis.com\/tunisie\/#\/schema\/logo\/image\/"},"sameAs":["https:\/\/www.facebook.com\/KapitalisInfo\/","https:\/\/x.com\/KapitalisInfo","https:\/\/www.youtube.com\/channel\/UC-yDYrHyfFBWWZaOw3FPg9Q"]},{"@type":"Person","@id":"https:\/\/kapitalis.com\/tunisie\/#\/schema\/person\/74bbde0154d49d790a92aaeac5bc01d5","name":"Yusra NY","url":"https:\/\/kapitalis.com\/tunisie\/author\/yuza_adam\/"}]}},"_links":{"self":[{"href":"https:\/\/kapitalis.com\/tunisie\/wp-json\/wp\/v2\/posts\/117077","targetHints":{"allow":["GET"]}}],"collection":[{"href":"https:\/\/kapitalis.com\/tunisie\/wp-json\/wp\/v2\/posts"}],"about":[{"href":"https:\/\/kapitalis.com\/tunisie\/wp-json\/wp\/v2\/types\/post"}],"author":[{"embeddable":true,"href":"https:\/\/kapitalis.com\/tunisie\/wp-json\/wp\/v2\/users\/6"}],"replies":[{"embeddable":true,"href":"https:\/\/kapitalis.com\/tunisie\/wp-json\/wp\/v2\/comments?post=117077"}],"version-history":[{"count":0,"href":"https:\/\/kapitalis.com\/tunisie\/wp-json\/wp\/v2\/posts\/117077\/revisions"}],"wp:featuredmedia":[{"embeddable":true,"href":"https:\/\/kapitalis.com\/tunisie\/wp-json\/wp\/v2\/media\/117080"}],"wp:attachment":[{"href":"https:\/\/kapitalis.com\/tunisie\/wp-json\/wp\/v2\/media?parent=117077"}],"wp:term":[{"taxonomy":"category","embeddable":true,"href":"https:\/\/kapitalis.com\/tunisie\/wp-json\/wp\/v2\/categories?post=117077"},{"taxonomy":"post_tag","embeddable":true,"href":"https:\/\/kapitalis.com\/tunisie\/wp-json\/wp\/v2\/tags?post=117077"}],"curies":[{"name":"wp","href":"https:\/\/api.w.org\/{rel}","templated":true}]}}