{"id":11715347,"date":"2024-02-24T11:42:52","date_gmt":"2024-02-24T10:42:52","guid":{"rendered":"https:\/\/kapitalis.com\/tunisie\/?p=11715347"},"modified":"2024-02-24T11:45:26","modified_gmt":"2024-02-24T10:45:26","slug":"la-tunisie-interdit-la-sous-traitance-dans-le-secteur-public","status":"publish","type":"post","link":"https:\/\/kapitalis.com\/tunisie\/2024\/02\/24\/la-tunisie-interdit-la-sous-traitance-dans-le-secteur-public\/","title":{"rendered":"La Tunisie interdit la sous-traitance dans le secteur public"},"content":{"rendered":"\n<p><strong><em>La Tunisie a d\u00e9cid\u00e9 d\u2019interdire la conclusion de nouveaux contrats de sous-traitance dans le secteur public, \u00e0 partir du vendredi 23 f\u00e9vrier 2024, date de la publication de cette d\u00e9cision par la pr\u00e9sidence du gouvernement.<\/em><\/strong><\/p>\n\n\n\n<p>Par<strong> Imed Bahri <\/strong><\/p>\n\n\n\n<!--more-->\n\n\n\n<p>Selon la pr\u00e9sidence du gouvernement, cette d\u00e9cision a \u00e9t\u00e9 prise conform\u00e9ment aux instructions du pr\u00e9sident de la r\u00e9publique, Ka\u00efs Sa\u00efed, <em>\u00abet en application des dispositions du chapitre quarante-six de la Constitution<\/em> [de 2022, Ndlr]<em>, qui stipule explicitement que \u2018\u2018le travail est un droit pour tout citoyen, homme et femme, et l\u2019\u00c9tat prend les mesures n\u00e9cessaires pour le garantir sur la base de l\u2019efficacit\u00e9 et de l\u2019\u00e9quit\u00e9\u2019\u2019 et que \u2018\u2018chaque citoyen, homme et femme, a le droit de travailler dans des conditions d\u00e9centes et avec un salaire \u00e9quitable\u2019\u2019.\u00bb<\/em><\/p>\n\n\n\n<p><em>\u00abDans un effort pour fournir des conditions de travail d\u00e9centes aux travailleurs du secteur public et \u00e9liminer diverses formes d\u2019emploi pr\u00e9caire tout en assurant la continuit\u00e9 et la p\u00e9rennit\u00e9 des institutions et \u00e9quipements publics, il a \u00e9t\u00e9 d\u00e9cid\u00e9 d\u2019interdire \u00e0 partir d\u2019aujourd&rsquo;hui la conclusion de nouveaux contrats de sous-traitance dans le secteur public, et d\u2019annuler toutes les mesures qui violent ce principe, notamment la circulaire N\u00b0 35 du 30 juillet 1999 relative \u00e0 la sous-traitance dans l\u2019administration et les \u00e9tablissements publics\u00bb<\/em>, lit-on encore dans le communiqu\u00e9 de la pr\u00e9sidence du gouvernement.<\/p>\n\n\n\n<figure class=\"wp-block-embed is-type-wp-embed is-provider-kapitalis wp-block-embed-kapitalis\"><div class=\"wp-block-embed__wrapper\">\n<blockquote class=\"wp-embedded-content\" data-secret=\"6SpWQS6QTW\"><a href=\"https:\/\/kapitalis.com\/tunisie\/2024\/02\/23\/le-nouveau-combat-de-kais-saied-contre-la-sous-traitance\/\">Le nouveau combat de\u00a0Ka\u00efs Sa\u00efed contre la sous-traitance<\/a><\/blockquote><iframe loading=\"lazy\" class=\"wp-embedded-content\" sandbox=\"allow-scripts\" security=\"restricted\" style=\"position: absolute; clip: rect(1px, 1px, 1px, 1px);\" title=\"\u00ab\u00a0Le nouveau combat de\u00a0Ka\u00efs Sa\u00efed contre la sous-traitance\u00a0\u00bb &#8212; Kapitalis\" src=\"https:\/\/kapitalis.com\/tunisie\/2024\/02\/23\/le-nouveau-combat-de-kais-saied-contre-la-sous-traitance\/embed\/#?secret=a87TFUsP07#?secret=6SpWQS6QTW\" data-secret=\"6SpWQS6QTW\" width=\"600\" height=\"338\" frameborder=\"0\" marginwidth=\"0\" marginheight=\"0\" scrolling=\"no\"><\/iframe>\n<\/div><\/figure>\n\n\n\n<p>Rappelons qu\u2019en recevant, jeudi 22 f\u00e9vrier, au palais de Carthage, Malek Ezzahi, ministre des Affaires sociales, et Lotfi Dhiab, ministre de l\u2019Emploi et de la Formation professionnelle, le pr\u00e9sident Sa\u00efed avait affirm\u00e9 que la sous-traitance est <em>\u00abune forme de trafic d\u2019\u00eatres humains et d\u2019exploitation de la mis\u00e8re des pauvres et de leur sueur\u00bb<\/em>. Il s\u2019est demand\u00e9 : <em>\u00abPourquoi le travailleur ne per\u00e7oit-il pas un salaire int\u00e9gral et \u00e9quitable, alors que son employeur gagne plusieurs fois plus?\u00bb<\/em>, estimant que la sous-traitance <em>\u00abn\u2019est ni constitutionnelle ni acceptable sous aucun rapport\u00bb<\/em>, appelant \u00e0 mettre fin aux contrats \u00e0 dur\u00e9e limit\u00e9e, car le travailleur a droit \u00e0 la s\u00e9curit\u00e9, \u00e0 la stabilit\u00e9 et \u00e0 un salaire \u00e9quitable, \u00e0 l\u2019instar de son employeur, a-t-il insist\u00e9.<\/p>\n\n\n\n<p>Mais si le gouvernement a r\u00e9agi au quart de tour, annon\u00e7ant l\u2019interdiction \u00e0 partir de ce jour des contrats de sous-traitance dans le secteur public, il n\u2019a pas pr\u00e9cis\u00e9 si cette d\u00e9cision a un caract\u00e8re r\u00e9troactif ni ce qui va advenir des employ\u00e9s du secteur public li\u00e9s par des contrats \u00e0 dur\u00e9e d\u00e9termin\u00e9e et s\u2019ils vont tous \u00eatre int\u00e9gr\u00e9s dans le fonction publique, ce qui va alourdir encore plus les effectifs d\u00e9j\u00e0 en surnombre de l\u2019administration et la masse salariale des employ\u00e9s de l\u2019Etat.<\/p>\n\n\n\n<p>La pr\u00e9sidence du gouvernement n\u2019a pas pr\u00e9cis\u00e9 non plus si cette interdiction va \u00eatre g\u00e9n\u00e9ralis\u00e9e au secteur priv\u00e9 et comment le sera-t-elle, sachant que des pans entiers de l\u2019\u00e9conomie nationale recourent \u00e0 cette pratique de la sous-traitance qui permet aux entrepreneurs de r\u00e9duire leurs co\u00fbts et d\u2019\u00eatre comp\u00e9titifs, notamment \u00e0 l\u2019exportation.<\/p>\n\n\n\n<p>La d\u00e9cision est sans doute louable. Elle \u00e9mane d&rsquo;une bonne volont\u00e9 et vise \u00e0 instaurer davantage d&rsquo;\u00e9quit\u00e9 entre les travailleurs et les cat\u00e9gories sociales. Mais, eu \u00e9gard ses retomb\u00e9es n\u00e9gatives pr\u00e9visibles sur une \u00e9conomie d\u00e9j\u00e0 en crise et presque \u00e0 l&rsquo;arr\u00eat, on pourrait s\u00e9rieusement penser que son timing a \u00e9t\u00e9 tr\u00e8s mal choisi, car le risque est grand de voir l&rsquo;investissement, d\u00e9j\u00e0 faible, se tarir encore davantage.    <\/p>\n\n\n\n<figure class=\"wp-block-embed is-type-wp-embed is-provider-kapitalis wp-block-embed-kapitalis\"><div class=\"wp-block-embed__wrapper\">\n<blockquote class=\"wp-embedded-content\" data-secret=\"tsMDazUxFK\"><a href=\"https:\/\/kapitalis.com\/tunisie\/2024\/02\/15\/kais-saied-la-sous-traitance-est-un-esclavage-deguise\/\">Ka\u00efs Sa\u00efed : \u00abLa sous-traitance est un esclavage d\u00e9guis\u00e9\u00bb<\/a><\/blockquote><iframe loading=\"lazy\" class=\"wp-embedded-content\" sandbox=\"allow-scripts\" security=\"restricted\" style=\"position: absolute; clip: rect(1px, 1px, 1px, 1px);\" title=\"\u00ab\u00a0Ka\u00efs Sa\u00efed : \u00abLa sous-traitance est un esclavage d\u00e9guis\u00e9\u00bb\u00a0\u00bb &#8212; Kapitalis\" src=\"https:\/\/kapitalis.com\/tunisie\/2024\/02\/15\/kais-saied-la-sous-traitance-est-un-esclavage-deguise\/embed\/#?secret=2MXHWMID0d#?secret=tsMDazUxFK\" data-secret=\"tsMDazUxFK\" width=\"600\" height=\"338\" frameborder=\"0\" marginwidth=\"0\" marginheight=\"0\" scrolling=\"no\"><\/iframe>\n<\/div><\/figure>\n","protected":false},"excerpt":{"rendered":"<p>La Tunisie a d\u00e9cid\u00e9 d\u2019interdire la conclusion de nouveaux contrats de sous-traitance dans le secteur public. <\/p>\n","protected":false},"author":8,"featured_media":11715431,"comment_status":"open","ping_status":"open","sticky":false,"template":"","format":"standard","meta":{"footnotes":""},"categories":[992,995,2433],"tags":[110245,114134,114116,494,76012,114117,94005,6614,6067,107650,62643],"class_list":["post-11715347","post","type-post","status-publish","format-standard","has-post-thumbnail","hentry","category-a-la-une","category-economie","category-tunisie","tag-ahmed-hachani","tag-contrat-de-travail-a-duree-determinee","tag-emploi-precaire","tag-investissement","tag-kais-saied-2","tag-lotfi-dhiab","tag-malek-ezzahi","tag-secteur-prive","tag-secteur-public","tag-sous-traitance","tag-tunisie"],"yoast_head":"<!-- This site is optimized with the Yoast SEO plugin v26.6 - https:\/\/yoast.com\/wordpress\/plugins\/seo\/ -->\n<title>La Tunisie interdit la sous-traitance dans le secteur public - Kapitalis<\/title>\n<meta name=\"robots\" content=\"index, follow, max-snippet:-1, max-image-preview:large, max-video-preview:-1\" \/>\n<link rel=\"canonical\" href=\"https:\/\/kapitalis.com\/tunisie\/2024\/02\/24\/la-tunisie-interdit-la-sous-traitance-dans-le-secteur-public\/\" \/>\n<meta property=\"og:locale\" content=\"fr_FR\" \/>\n<meta property=\"og:type\" content=\"article\" \/>\n<meta property=\"og:title\" content=\"La Tunisie interdit la sous-traitance dans le secteur public - Kapitalis\" \/>\n<meta property=\"og:description\" content=\"La Tunisie a d\u00e9cid\u00e9 d\u2019interdire la conclusion de nouveaux contrats de sous-traitance dans le secteur public.\" \/>\n<meta property=\"og:url\" content=\"https:\/\/kapitalis.com\/tunisie\/2024\/02\/24\/la-tunisie-interdit-la-sous-traitance-dans-le-secteur-public\/\" \/>\n<meta property=\"og:site_name\" content=\"Kapitalis\" \/>\n<meta property=\"article:publisher\" content=\"https:\/\/www.facebook.com\/KapitalisInfo\/\" \/>\n<meta property=\"article:published_time\" content=\"2024-02-24T10:42:52+00:00\" \/>\n<meta property=\"article:modified_time\" content=\"2024-02-24T10:45:26+00:00\" \/>\n<meta property=\"og:image\" content=\"https:\/\/kapitalis.com\/tunisie\/wp-content\/uploads\/2024\/02\/Palais-du-Gouvernement-2.jpg\" \/>\n\t<meta property=\"og:image:width\" content=\"1200\" \/>\n\t<meta property=\"og:image:height\" content=\"630\" \/>\n\t<meta property=\"og:image:type\" content=\"image\/jpeg\" \/>\n<meta name=\"author\" content=\"webmaster kapitalis\" \/>\n<meta name=\"twitter:card\" content=\"summary_large_image\" \/>\n<meta name=\"twitter:creator\" content=\"@KapitalisInfo\" \/>\n<meta name=\"twitter:site\" content=\"@KapitalisInfo\" \/>\n<meta name=\"twitter:label1\" content=\"\u00c9crit par\" \/>\n\t<meta name=\"twitter:data1\" content=\"webmaster kapitalis\" \/>\n\t<meta name=\"twitter:label2\" content=\"Dur\u00e9e de lecture estim\u00e9e\" \/>\n\t<meta name=\"twitter:data2\" content=\"3 minutes\" \/>\n<script type=\"application\/ld+json\" class=\"yoast-schema-graph\">{\"@context\":\"https:\/\/schema.org\",\"@graph\":[{\"@type\":\"Article\",\"@id\":\"https:\/\/kapitalis.com\/tunisie\/2024\/02\/24\/la-tunisie-interdit-la-sous-traitance-dans-le-secteur-public\/#article\",\"isPartOf\":{\"@id\":\"https:\/\/kapitalis.com\/tunisie\/2024\/02\/24\/la-tunisie-interdit-la-sous-traitance-dans-le-secteur-public\/\"},\"author\":{\"name\":\"webmaster kapitalis\",\"@id\":\"https:\/\/kapitalis.com\/tunisie\/#\/schema\/person\/d71f33a9ca44f7bad4698210b480c8e9\"},\"headline\":\"La Tunisie interdit la sous-traitance dans le secteur public\",\"datePublished\":\"2024-02-24T10:42:52+00:00\",\"dateModified\":\"2024-02-24T10:45:26+00:00\",\"mainEntityOfPage\":{\"@id\":\"https:\/\/kapitalis.com\/tunisie\/2024\/02\/24\/la-tunisie-interdit-la-sous-traitance-dans-le-secteur-public\/\"},\"wordCount\":620,\"commentCount\":5,\"publisher\":{\"@id\":\"https:\/\/kapitalis.com\/tunisie\/#organization\"},\"image\":{\"@id\":\"https:\/\/kapitalis.com\/tunisie\/2024\/02\/24\/la-tunisie-interdit-la-sous-traitance-dans-le-secteur-public\/#primaryimage\"},\"thumbnailUrl\":\"https:\/\/kapitalis.com\/tunisie\/wp-content\/uploads\/2024\/02\/Palais-du-Gouvernement-2.jpg\",\"keywords\":[\"Ahmed Hachani\",\"contrat de travail \u00e0 dur\u00e9e d\u00e9termin\u00e9e\",\"emploi pr\u00e9caire\",\"investissement\",\"Ka\u00efs Sa\u00efed\",\"Lotfi Dhiab\",\"Malek Ezzahi\",\"secteur priv\u00e9\",\"secteur public\",\"sous-traitance\",\"Tunisie\"],\"articleSection\":[\"A LA UNE\",\"ECONOMIE\",\"Tunisie\"],\"inLanguage\":\"fr-FR\",\"potentialAction\":[{\"@type\":\"CommentAction\",\"name\":\"Comment\",\"target\":[\"https:\/\/kapitalis.com\/tunisie\/2024\/02\/24\/la-tunisie-interdit-la-sous-traitance-dans-le-secteur-public\/#respond\"]}]},{\"@type\":\"WebPage\",\"@id\":\"https:\/\/kapitalis.com\/tunisie\/2024\/02\/24\/la-tunisie-interdit-la-sous-traitance-dans-le-secteur-public\/\",\"url\":\"https:\/\/kapitalis.com\/tunisie\/2024\/02\/24\/la-tunisie-interdit-la-sous-traitance-dans-le-secteur-public\/\",\"name\":\"La Tunisie interdit la sous-traitance dans le secteur public - Kapitalis\",\"isPartOf\":{\"@id\":\"https:\/\/kapitalis.com\/tunisie\/#website\"},\"primaryImageOfPage\":{\"@id\":\"https:\/\/kapitalis.com\/tunisie\/2024\/02\/24\/la-tunisie-interdit-la-sous-traitance-dans-le-secteur-public\/#primaryimage\"},\"image\":{\"@id\":\"https:\/\/kapitalis.com\/tunisie\/2024\/02\/24\/la-tunisie-interdit-la-sous-traitance-dans-le-secteur-public\/#primaryimage\"},\"thumbnailUrl\":\"https:\/\/kapitalis.com\/tunisie\/wp-content\/uploads\/2024\/02\/Palais-du-Gouvernement-2.jpg\",\"datePublished\":\"2024-02-24T10:42:52+00:00\",\"dateModified\":\"2024-02-24T10:45:26+00:00\",\"breadcrumb\":{\"@id\":\"https:\/\/kapitalis.com\/tunisie\/2024\/02\/24\/la-tunisie-interdit-la-sous-traitance-dans-le-secteur-public\/#breadcrumb\"},\"inLanguage\":\"fr-FR\",\"potentialAction\":[{\"@type\":\"ReadAction\",\"target\":[\"https:\/\/kapitalis.com\/tunisie\/2024\/02\/24\/la-tunisie-interdit-la-sous-traitance-dans-le-secteur-public\/\"]}]},{\"@type\":\"ImageObject\",\"inLanguage\":\"fr-FR\",\"@id\":\"https:\/\/kapitalis.com\/tunisie\/2024\/02\/24\/la-tunisie-interdit-la-sous-traitance-dans-le-secteur-public\/#primaryimage\",\"url\":\"https:\/\/kapitalis.com\/tunisie\/wp-content\/uploads\/2024\/02\/Palais-du-Gouvernement-2.jpg\",\"contentUrl\":\"https:\/\/kapitalis.com\/tunisie\/wp-content\/uploads\/2024\/02\/Palais-du-Gouvernement-2.jpg\",\"width\":1200,\"height\":630},{\"@type\":\"BreadcrumbList\",\"@id\":\"https:\/\/kapitalis.com\/tunisie\/2024\/02\/24\/la-tunisie-interdit-la-sous-traitance-dans-le-secteur-public\/#breadcrumb\",\"itemListElement\":[{\"@type\":\"ListItem\",\"position\":1,\"name\":\"Accueil\",\"item\":\"https:\/\/kapitalis.com\/tunisie\/\"},{\"@type\":\"ListItem\",\"position\":2,\"name\":\"La Tunisie interdit la sous-traitance dans le secteur public\"}]},{\"@type\":\"WebSite\",\"@id\":\"https:\/\/kapitalis.com\/tunisie\/#website\",\"url\":\"https:\/\/kapitalis.com\/tunisie\/\",\"name\":\"Kapitalis\",\"description\":\"L&#039;actualit\u00e9 en Tunisie et dans le monde\",\"publisher\":{\"@id\":\"https:\/\/kapitalis.com\/tunisie\/#organization\"},\"potentialAction\":[{\"@type\":\"SearchAction\",\"target\":{\"@type\":\"EntryPoint\",\"urlTemplate\":\"https:\/\/kapitalis.com\/tunisie\/?s={search_term_string}\"},\"query-input\":{\"@type\":\"PropertyValueSpecification\",\"valueRequired\":true,\"valueName\":\"search_term_string\"}}],\"inLanguage\":\"fr-FR\"},{\"@type\":\"Organization\",\"@id\":\"https:\/\/kapitalis.com\/tunisie\/#organization\",\"name\":\"Kapitalis\",\"url\":\"https:\/\/kapitalis.com\/tunisie\/\",\"logo\":{\"@type\":\"ImageObject\",\"inLanguage\":\"fr-FR\",\"@id\":\"https:\/\/kapitalis.com\/tunisie\/#\/schema\/logo\/image\/\",\"url\":\"https:\/\/kapitalis.com\/tunisie\/wp-content\/uploads\/2022\/05\/Kapitalis-big-size.png\",\"contentUrl\":\"https:\/\/kapitalis.com\/tunisie\/wp-content\/uploads\/2022\/05\/Kapitalis-big-size.png\",\"width\":5000,\"height\":1500,\"caption\":\"Kapitalis\"},\"image\":{\"@id\":\"https:\/\/kapitalis.com\/tunisie\/#\/schema\/logo\/image\/\"},\"sameAs\":[\"https:\/\/www.facebook.com\/KapitalisInfo\/\",\"https:\/\/x.com\/KapitalisInfo\",\"https:\/\/www.youtube.com\/channel\/UC-yDYrHyfFBWWZaOw3FPg9Q\"]},{\"@type\":\"Person\",\"@id\":\"https:\/\/kapitalis.com\/tunisie\/#\/schema\/person\/d71f33a9ca44f7bad4698210b480c8e9\",\"name\":\"webmaster kapitalis\",\"url\":\"https:\/\/kapitalis.com\/tunisie\/author\/webmaster-kapitalis\/\"}]}<\/script>\n<!-- \/ Yoast SEO plugin. -->","yoast_head_json":{"title":"La Tunisie interdit la sous-traitance dans le secteur public - Kapitalis","robots":{"index":"index","follow":"follow","max-snippet":"max-snippet:-1","max-image-preview":"max-image-preview:large","max-video-preview":"max-video-preview:-1"},"canonical":"https:\/\/kapitalis.com\/tunisie\/2024\/02\/24\/la-tunisie-interdit-la-sous-traitance-dans-le-secteur-public\/","og_locale":"fr_FR","og_type":"article","og_title":"La Tunisie interdit la sous-traitance dans le secteur public - Kapitalis","og_description":"La Tunisie a d\u00e9cid\u00e9 d\u2019interdire la conclusion de nouveaux contrats de sous-traitance dans le secteur public.","og_url":"https:\/\/kapitalis.com\/tunisie\/2024\/02\/24\/la-tunisie-interdit-la-sous-traitance-dans-le-secteur-public\/","og_site_name":"Kapitalis","article_publisher":"https:\/\/www.facebook.com\/KapitalisInfo\/","article_published_time":"2024-02-24T10:42:52+00:00","article_modified_time":"2024-02-24T10:45:26+00:00","og_image":[{"width":1200,"height":630,"url":"https:\/\/kapitalis.com\/tunisie\/wp-content\/uploads\/2024\/02\/Palais-du-Gouvernement-2.jpg","type":"image\/jpeg"}],"author":"webmaster kapitalis","twitter_card":"summary_large_image","twitter_creator":"@KapitalisInfo","twitter_site":"@KapitalisInfo","twitter_misc":{"\u00c9crit par":"webmaster kapitalis","Dur\u00e9e de lecture estim\u00e9e":"3 minutes"},"schema":{"@context":"https:\/\/schema.org","@graph":[{"@type":"Article","@id":"https:\/\/kapitalis.com\/tunisie\/2024\/02\/24\/la-tunisie-interdit-la-sous-traitance-dans-le-secteur-public\/#article","isPartOf":{"@id":"https:\/\/kapitalis.com\/tunisie\/2024\/02\/24\/la-tunisie-interdit-la-sous-traitance-dans-le-secteur-public\/"},"author":{"name":"webmaster kapitalis","@id":"https:\/\/kapitalis.com\/tunisie\/#\/schema\/person\/d71f33a9ca44f7bad4698210b480c8e9"},"headline":"La Tunisie interdit la sous-traitance dans le secteur public","datePublished":"2024-02-24T10:42:52+00:00","dateModified":"2024-02-24T10:45:26+00:00","mainEntityOfPage":{"@id":"https:\/\/kapitalis.com\/tunisie\/2024\/02\/24\/la-tunisie-interdit-la-sous-traitance-dans-le-secteur-public\/"},"wordCount":620,"commentCount":5,"publisher":{"@id":"https:\/\/kapitalis.com\/tunisie\/#organization"},"image":{"@id":"https:\/\/kapitalis.com\/tunisie\/2024\/02\/24\/la-tunisie-interdit-la-sous-traitance-dans-le-secteur-public\/#primaryimage"},"thumbnailUrl":"https:\/\/kapitalis.com\/tunisie\/wp-content\/uploads\/2024\/02\/Palais-du-Gouvernement-2.jpg","keywords":["Ahmed Hachani","contrat de travail \u00e0 dur\u00e9e d\u00e9termin\u00e9e","emploi pr\u00e9caire","investissement","Ka\u00efs Sa\u00efed","Lotfi Dhiab","Malek Ezzahi","secteur priv\u00e9","secteur public","sous-traitance","Tunisie"],"articleSection":["A LA UNE","ECONOMIE","Tunisie"],"inLanguage":"fr-FR","potentialAction":[{"@type":"CommentAction","name":"Comment","target":["https:\/\/kapitalis.com\/tunisie\/2024\/02\/24\/la-tunisie-interdit-la-sous-traitance-dans-le-secteur-public\/#respond"]}]},{"@type":"WebPage","@id":"https:\/\/kapitalis.com\/tunisie\/2024\/02\/24\/la-tunisie-interdit-la-sous-traitance-dans-le-secteur-public\/","url":"https:\/\/kapitalis.com\/tunisie\/2024\/02\/24\/la-tunisie-interdit-la-sous-traitance-dans-le-secteur-public\/","name":"La Tunisie interdit la sous-traitance dans le secteur public - Kapitalis","isPartOf":{"@id":"https:\/\/kapitalis.com\/tunisie\/#website"},"primaryImageOfPage":{"@id":"https:\/\/kapitalis.com\/tunisie\/2024\/02\/24\/la-tunisie-interdit-la-sous-traitance-dans-le-secteur-public\/#primaryimage"},"image":{"@id":"https:\/\/kapitalis.com\/tunisie\/2024\/02\/24\/la-tunisie-interdit-la-sous-traitance-dans-le-secteur-public\/#primaryimage"},"thumbnailUrl":"https:\/\/kapitalis.com\/tunisie\/wp-content\/uploads\/2024\/02\/Palais-du-Gouvernement-2.jpg","datePublished":"2024-02-24T10:42:52+00:00","dateModified":"2024-02-24T10:45:26+00:00","breadcrumb":{"@id":"https:\/\/kapitalis.com\/tunisie\/2024\/02\/24\/la-tunisie-interdit-la-sous-traitance-dans-le-secteur-public\/#breadcrumb"},"inLanguage":"fr-FR","potentialAction":[{"@type":"ReadAction","target":["https:\/\/kapitalis.com\/tunisie\/2024\/02\/24\/la-tunisie-interdit-la-sous-traitance-dans-le-secteur-public\/"]}]},{"@type":"ImageObject","inLanguage":"fr-FR","@id":"https:\/\/kapitalis.com\/tunisie\/2024\/02\/24\/la-tunisie-interdit-la-sous-traitance-dans-le-secteur-public\/#primaryimage","url":"https:\/\/kapitalis.com\/tunisie\/wp-content\/uploads\/2024\/02\/Palais-du-Gouvernement-2.jpg","contentUrl":"https:\/\/kapitalis.com\/tunisie\/wp-content\/uploads\/2024\/02\/Palais-du-Gouvernement-2.jpg","width":1200,"height":630},{"@type":"BreadcrumbList","@id":"https:\/\/kapitalis.com\/tunisie\/2024\/02\/24\/la-tunisie-interdit-la-sous-traitance-dans-le-secteur-public\/#breadcrumb","itemListElement":[{"@type":"ListItem","position":1,"name":"Accueil","item":"https:\/\/kapitalis.com\/tunisie\/"},{"@type":"ListItem","position":2,"name":"La Tunisie interdit la sous-traitance dans le secteur public"}]},{"@type":"WebSite","@id":"https:\/\/kapitalis.com\/tunisie\/#website","url":"https:\/\/kapitalis.com\/tunisie\/","name":"Kapitalis","description":"L&#039;actualit\u00e9 en Tunisie et dans le monde","publisher":{"@id":"https:\/\/kapitalis.com\/tunisie\/#organization"},"potentialAction":[{"@type":"SearchAction","target":{"@type":"EntryPoint","urlTemplate":"https:\/\/kapitalis.com\/tunisie\/?s={search_term_string}"},"query-input":{"@type":"PropertyValueSpecification","valueRequired":true,"valueName":"search_term_string"}}],"inLanguage":"fr-FR"},{"@type":"Organization","@id":"https:\/\/kapitalis.com\/tunisie\/#organization","name":"Kapitalis","url":"https:\/\/kapitalis.com\/tunisie\/","logo":{"@type":"ImageObject","inLanguage":"fr-FR","@id":"https:\/\/kapitalis.com\/tunisie\/#\/schema\/logo\/image\/","url":"https:\/\/kapitalis.com\/tunisie\/wp-content\/uploads\/2022\/05\/Kapitalis-big-size.png","contentUrl":"https:\/\/kapitalis.com\/tunisie\/wp-content\/uploads\/2022\/05\/Kapitalis-big-size.png","width":5000,"height":1500,"caption":"Kapitalis"},"image":{"@id":"https:\/\/kapitalis.com\/tunisie\/#\/schema\/logo\/image\/"},"sameAs":["https:\/\/www.facebook.com\/KapitalisInfo\/","https:\/\/x.com\/KapitalisInfo","https:\/\/www.youtube.com\/channel\/UC-yDYrHyfFBWWZaOw3FPg9Q"]},{"@type":"Person","@id":"https:\/\/kapitalis.com\/tunisie\/#\/schema\/person\/d71f33a9ca44f7bad4698210b480c8e9","name":"webmaster kapitalis","url":"https:\/\/kapitalis.com\/tunisie\/author\/webmaster-kapitalis\/"}]}},"_links":{"self":[{"href":"https:\/\/kapitalis.com\/tunisie\/wp-json\/wp\/v2\/posts\/11715347","targetHints":{"allow":["GET"]}}],"collection":[{"href":"https:\/\/kapitalis.com\/tunisie\/wp-json\/wp\/v2\/posts"}],"about":[{"href":"https:\/\/kapitalis.com\/tunisie\/wp-json\/wp\/v2\/types\/post"}],"author":[{"embeddable":true,"href":"https:\/\/kapitalis.com\/tunisie\/wp-json\/wp\/v2\/users\/8"}],"replies":[{"embeddable":true,"href":"https:\/\/kapitalis.com\/tunisie\/wp-json\/wp\/v2\/comments?post=11715347"}],"version-history":[{"count":4,"href":"https:\/\/kapitalis.com\/tunisie\/wp-json\/wp\/v2\/posts\/11715347\/revisions"}],"predecessor-version":[{"id":11715508,"href":"https:\/\/kapitalis.com\/tunisie\/wp-json\/wp\/v2\/posts\/11715347\/revisions\/11715508"}],"wp:featuredmedia":[{"embeddable":true,"href":"https:\/\/kapitalis.com\/tunisie\/wp-json\/wp\/v2\/media\/11715431"}],"wp:attachment":[{"href":"https:\/\/kapitalis.com\/tunisie\/wp-json\/wp\/v2\/media?parent=11715347"}],"wp:term":[{"taxonomy":"category","embeddable":true,"href":"https:\/\/kapitalis.com\/tunisie\/wp-json\/wp\/v2\/categories?post=11715347"},{"taxonomy":"post_tag","embeddable":true,"href":"https:\/\/kapitalis.com\/tunisie\/wp-json\/wp\/v2\/tags?post=11715347"}],"curies":[{"name":"wp","href":"https:\/\/api.w.org\/{rel}","templated":true}]}}