{"id":11725278,"date":"2024-02-24T22:13:11","date_gmt":"2024-02-24T21:13:11","guid":{"rendered":"https:\/\/kapitalis.com\/tunisie\/?p=11725278"},"modified":"2024-02-24T22:27:05","modified_gmt":"2024-02-24T21:27:05","slug":"tunisie-le-snjt-deplore-le-deces-de-la-journaliste-elhem-djemai","status":"publish","type":"post","link":"https:\/\/kapitalis.com\/tunisie\/2024\/02\/24\/tunisie-le-snjt-deplore-le-deces-de-la-journaliste-elhem-djemai\/","title":{"rendered":"Tunisie : Le SNJT d\u00e9plore le d\u00e9c\u00e8s de la journaliste Elhem Djemai"},"content":{"rendered":"\n<p><strong><em>Le Syndicat national des journalistes tunisiens (SNJT) a annonc\u00e9, ce samedi 24 f\u00e9vrier 2024, le d\u00e9c\u00e8s de la journaliste de la T\u00e9l\u00e9vision nationale Elhem Djemai.<\/em><\/strong><\/p>\n\n\n\n<!--more-->\n\n\n\n<p>Figure embl\u00e9matique dans le paysage m\u00e9diatique tunisien, Elhem Djemai a pr\u00e9sent\u00e9 le journal t\u00e9l\u00e9vis\u00e9 en langue fran\u00e7aise pendant de nombreuses ann\u00e9es et a collabor\u00e9 avec plusieurs m\u00e9dias, en travaillant notamment comme reporter pour la cha\u00eene d\u2019information am\u00e9ricaine CNN, o\u00f9 elle a r\u00e9alis\u00e9 une s\u00e9rie de reportages et d\u2019enqu\u00eates.<\/p>\n\n\n\n<p>Elhem Djemai, engag\u00e9e aux c\u00f4t\u00e9s des associations caritatives, a \u00e9galement fond\u00e9 et pr\u00e9sid\u00e9 une association pour les malades atteints de Parkinson, qu\u2019elle a baptis\u00e9 l&rsquo;Association Ghazi Djemai pour le Parkinson Tunisie, en hommage \u00e0 son fr\u00e8re, Ghazi Djemai.<\/p>\n\n\n\n<p>\u00ab<em>Une battante s&rsquo;en va\u2026 Celle qui brillait par sa prestance, sa t\u00e9l\u00e9g\u00e9nie, et surtout sa ma\u00eetrise de la langue, et sa capacit\u00e9 de m\u00e9morisation. J&rsquo;ai nomm\u00e9 Elhem Jemai.. J&rsquo;ai souvent pr\u00e9sent\u00e9 avec elle en duo le journal t\u00e9l\u00e9vis\u00e9, un pur moment de plaisir, elle \u00e9tait \u00e0 l&rsquo;aise et d\u00e9bitait son texte fluently comme elle aimait le dire, sans omettre de placer sa touche personnelle, empreinte de virtuosit\u00e9 et de glamour. Repose en paix Elhem, tu resteras dans notre m\u00e9moire, et celle de tous tes coll\u00e8gues et compagnons de route, Kamel Cherif, Hassine Bettaieb, Ridha Bouguezzi, Haythem Lasram, Lilia Debbiche, Samira Mahdaoui, et j&rsquo;en oublie, tout comme les Tunisiens qui te regardaient avec plaisir, et admiration, ne t&rsquo;oublieront pas\u00bb<\/em>, a comment\u00e9 S\u00e9jir Chebil en hommage \u00e0 Elhem Djemai.<\/p>\n\n\n\n<p class=\"has-text-align-right\"><strong>Y. N.<\/strong><\/p>\n","protected":false},"excerpt":{"rendered":"<p>Le Syndicat national des journalistes tunisiens (SNJT) a annonc\u00e9, ce samedi 24 f\u00e9vrier 2024, le d\u00e9c\u00e8s de la journaliste de la T\u00e9l\u00e9vision nationale Elhem Djemai.<\/p>\n","protected":false},"author":6,"featured_media":11725452,"comment_status":"open","ping_status":"open","sticky":false,"template":"","format":"standard","meta":{"footnotes":""},"categories":[996,998,2433],"tags":[100586,114136,1380,838,2939,62643],"class_list":["post-11725278","post","type-post","status-publish","format-standard","has-post-thumbnail","hentry","category-media","category-societe","category-tunisie","tag-deces-2","tag-elhem-djemai","tag-journaliste","tag-snjt","tag-television-nationale","tag-tunisie"],"yoast_head":"<!-- This site is optimized with the Yoast SEO plugin v26.6 - https:\/\/yoast.com\/wordpress\/plugins\/seo\/ -->\n<title>Tunisie : Le SNJT d\u00e9plore le d\u00e9c\u00e8s de la journaliste Elhem Djemai - Kapitalis<\/title>\n<meta name=\"robots\" content=\"index, follow, max-snippet:-1, max-image-preview:large, max-video-preview:-1\" \/>\n<link rel=\"canonical\" href=\"https:\/\/kapitalis.com\/tunisie\/2024\/02\/24\/tunisie-le-snjt-deplore-le-deces-de-la-journaliste-elhem-djemai\/\" \/>\n<meta property=\"og:locale\" content=\"fr_FR\" \/>\n<meta property=\"og:type\" content=\"article\" \/>\n<meta property=\"og:title\" content=\"Tunisie : Le SNJT d\u00e9plore le d\u00e9c\u00e8s de la journaliste Elhem Djemai - Kapitalis\" \/>\n<meta property=\"og:description\" content=\"Le Syndicat national des journalistes tunisiens (SNJT) a annonc\u00e9, ce samedi 24 f\u00e9vrier 2024, le d\u00e9c\u00e8s de la journaliste de la T\u00e9l\u00e9vision nationale Elhem Djemai.\" \/>\n<meta property=\"og:url\" content=\"https:\/\/kapitalis.com\/tunisie\/2024\/02\/24\/tunisie-le-snjt-deplore-le-deces-de-la-journaliste-elhem-djemai\/\" \/>\n<meta property=\"og:site_name\" content=\"Kapitalis\" \/>\n<meta property=\"article:publisher\" content=\"https:\/\/www.facebook.com\/KapitalisInfo\/\" \/>\n<meta property=\"article:published_time\" content=\"2024-02-24T21:13:11+00:00\" \/>\n<meta property=\"article:modified_time\" content=\"2024-02-24T21:27:05+00:00\" \/>\n<meta property=\"og:image\" content=\"https:\/\/kapitalis.com\/tunisie\/wp-content\/uploads\/2024\/02\/Elhem-Djemai.jpg\" \/>\n\t<meta property=\"og:image:width\" content=\"1200\" \/>\n\t<meta property=\"og:image:height\" content=\"630\" \/>\n\t<meta property=\"og:image:type\" content=\"image\/jpeg\" \/>\n<meta name=\"author\" content=\"Yusra NY\" \/>\n<meta name=\"twitter:card\" content=\"summary_large_image\" \/>\n<meta name=\"twitter:creator\" content=\"@KapitalisInfo\" \/>\n<meta name=\"twitter:site\" content=\"@KapitalisInfo\" \/>\n<meta name=\"twitter:label1\" content=\"\u00c9crit par\" \/>\n\t<meta name=\"twitter:data1\" content=\"Yusra NY\" \/>\n\t<meta name=\"twitter:label2\" content=\"Dur\u00e9e de lecture estim\u00e9e\" \/>\n\t<meta name=\"twitter:data2\" content=\"1 minute\" \/>\n<script type=\"application\/ld+json\" class=\"yoast-schema-graph\">{\"@context\":\"https:\/\/schema.org\",\"@graph\":[{\"@type\":\"Article\",\"@id\":\"https:\/\/kapitalis.com\/tunisie\/2024\/02\/24\/tunisie-le-snjt-deplore-le-deces-de-la-journaliste-elhem-djemai\/#article\",\"isPartOf\":{\"@id\":\"https:\/\/kapitalis.com\/tunisie\/2024\/02\/24\/tunisie-le-snjt-deplore-le-deces-de-la-journaliste-elhem-djemai\/\"},\"author\":{\"name\":\"Yusra NY\",\"@id\":\"https:\/\/kapitalis.com\/tunisie\/#\/schema\/person\/74bbde0154d49d790a92aaeac5bc01d5\"},\"headline\":\"Tunisie : Le SNJT d\u00e9plore le d\u00e9c\u00e8s de la journaliste Elhem Djemai\",\"datePublished\":\"2024-02-24T21:13:11+00:00\",\"dateModified\":\"2024-02-24T21:27:05+00:00\",\"mainEntityOfPage\":{\"@id\":\"https:\/\/kapitalis.com\/tunisie\/2024\/02\/24\/tunisie-le-snjt-deplore-le-deces-de-la-journaliste-elhem-djemai\/\"},\"wordCount\":287,\"commentCount\":0,\"publisher\":{\"@id\":\"https:\/\/kapitalis.com\/tunisie\/#organization\"},\"image\":{\"@id\":\"https:\/\/kapitalis.com\/tunisie\/2024\/02\/24\/tunisie-le-snjt-deplore-le-deces-de-la-journaliste-elhem-djemai\/#primaryimage\"},\"thumbnailUrl\":\"https:\/\/kapitalis.com\/tunisie\/wp-content\/uploads\/2024\/02\/Elhem-Djemai.jpg\",\"keywords\":[\"D\u00c9C\u00c8S\",\"Elhem Djemai\",\"journaliste\",\"SNJT\",\"t\u00e9l\u00e9vision nationale\",\"Tunisie\"],\"articleSection\":[\"MEDIA\",\"SOCIETE\",\"Tunisie\"],\"inLanguage\":\"fr-FR\",\"potentialAction\":[{\"@type\":\"CommentAction\",\"name\":\"Comment\",\"target\":[\"https:\/\/kapitalis.com\/tunisie\/2024\/02\/24\/tunisie-le-snjt-deplore-le-deces-de-la-journaliste-elhem-djemai\/#respond\"]}]},{\"@type\":\"WebPage\",\"@id\":\"https:\/\/kapitalis.com\/tunisie\/2024\/02\/24\/tunisie-le-snjt-deplore-le-deces-de-la-journaliste-elhem-djemai\/\",\"url\":\"https:\/\/kapitalis.com\/tunisie\/2024\/02\/24\/tunisie-le-snjt-deplore-le-deces-de-la-journaliste-elhem-djemai\/\",\"name\":\"Tunisie : Le SNJT d\u00e9plore le d\u00e9c\u00e8s de la journaliste Elhem Djemai - Kapitalis\",\"isPartOf\":{\"@id\":\"https:\/\/kapitalis.com\/tunisie\/#website\"},\"primaryImageOfPage\":{\"@id\":\"https:\/\/kapitalis.com\/tunisie\/2024\/02\/24\/tunisie-le-snjt-deplore-le-deces-de-la-journaliste-elhem-djemai\/#primaryimage\"},\"image\":{\"@id\":\"https:\/\/kapitalis.com\/tunisie\/2024\/02\/24\/tunisie-le-snjt-deplore-le-deces-de-la-journaliste-elhem-djemai\/#primaryimage\"},\"thumbnailUrl\":\"https:\/\/kapitalis.com\/tunisie\/wp-content\/uploads\/2024\/02\/Elhem-Djemai.jpg\",\"datePublished\":\"2024-02-24T21:13:11+00:00\",\"dateModified\":\"2024-02-24T21:27:05+00:00\",\"breadcrumb\":{\"@id\":\"https:\/\/kapitalis.com\/tunisie\/2024\/02\/24\/tunisie-le-snjt-deplore-le-deces-de-la-journaliste-elhem-djemai\/#breadcrumb\"},\"inLanguage\":\"fr-FR\",\"potentialAction\":[{\"@type\":\"ReadAction\",\"target\":[\"https:\/\/kapitalis.com\/tunisie\/2024\/02\/24\/tunisie-le-snjt-deplore-le-deces-de-la-journaliste-elhem-djemai\/\"]}]},{\"@type\":\"ImageObject\",\"inLanguage\":\"fr-FR\",\"@id\":\"https:\/\/kapitalis.com\/tunisie\/2024\/02\/24\/tunisie-le-snjt-deplore-le-deces-de-la-journaliste-elhem-djemai\/#primaryimage\",\"url\":\"https:\/\/kapitalis.com\/tunisie\/wp-content\/uploads\/2024\/02\/Elhem-Djemai.jpg\",\"contentUrl\":\"https:\/\/kapitalis.com\/tunisie\/wp-content\/uploads\/2024\/02\/Elhem-Djemai.jpg\",\"width\":1200,\"height\":630},{\"@type\":\"BreadcrumbList\",\"@id\":\"https:\/\/kapitalis.com\/tunisie\/2024\/02\/24\/tunisie-le-snjt-deplore-le-deces-de-la-journaliste-elhem-djemai\/#breadcrumb\",\"itemListElement\":[{\"@type\":\"ListItem\",\"position\":1,\"name\":\"Accueil\",\"item\":\"https:\/\/kapitalis.com\/tunisie\/\"},{\"@type\":\"ListItem\",\"position\":2,\"name\":\"Tunisie : Le SNJT d\u00e9plore le d\u00e9c\u00e8s de la journaliste Elhem Djemai\"}]},{\"@type\":\"WebSite\",\"@id\":\"https:\/\/kapitalis.com\/tunisie\/#website\",\"url\":\"https:\/\/kapitalis.com\/tunisie\/\",\"name\":\"Kapitalis\",\"description\":\"L&#039;actualit\u00e9 en Tunisie et dans le monde\",\"publisher\":{\"@id\":\"https:\/\/kapitalis.com\/tunisie\/#organization\"},\"potentialAction\":[{\"@type\":\"SearchAction\",\"target\":{\"@type\":\"EntryPoint\",\"urlTemplate\":\"https:\/\/kapitalis.com\/tunisie\/?s={search_term_string}\"},\"query-input\":{\"@type\":\"PropertyValueSpecification\",\"valueRequired\":true,\"valueName\":\"search_term_string\"}}],\"inLanguage\":\"fr-FR\"},{\"@type\":\"Organization\",\"@id\":\"https:\/\/kapitalis.com\/tunisie\/#organization\",\"name\":\"Kapitalis\",\"url\":\"https:\/\/kapitalis.com\/tunisie\/\",\"logo\":{\"@type\":\"ImageObject\",\"inLanguage\":\"fr-FR\",\"@id\":\"https:\/\/kapitalis.com\/tunisie\/#\/schema\/logo\/image\/\",\"url\":\"https:\/\/kapitalis.com\/tunisie\/wp-content\/uploads\/2022\/05\/Kapitalis-big-size.png\",\"contentUrl\":\"https:\/\/kapitalis.com\/tunisie\/wp-content\/uploads\/2022\/05\/Kapitalis-big-size.png\",\"width\":5000,\"height\":1500,\"caption\":\"Kapitalis\"},\"image\":{\"@id\":\"https:\/\/kapitalis.com\/tunisie\/#\/schema\/logo\/image\/\"},\"sameAs\":[\"https:\/\/www.facebook.com\/KapitalisInfo\/\",\"https:\/\/x.com\/KapitalisInfo\",\"https:\/\/www.youtube.com\/channel\/UC-yDYrHyfFBWWZaOw3FPg9Q\"]},{\"@type\":\"Person\",\"@id\":\"https:\/\/kapitalis.com\/tunisie\/#\/schema\/person\/74bbde0154d49d790a92aaeac5bc01d5\",\"name\":\"Yusra NY\",\"url\":\"https:\/\/kapitalis.com\/tunisie\/author\/yuza_adam\/\"}]}<\/script>\n<!-- \/ Yoast SEO plugin. -->","yoast_head_json":{"title":"Tunisie : Le SNJT d\u00e9plore le d\u00e9c\u00e8s de la journaliste Elhem Djemai - Kapitalis","robots":{"index":"index","follow":"follow","max-snippet":"max-snippet:-1","max-image-preview":"max-image-preview:large","max-video-preview":"max-video-preview:-1"},"canonical":"https:\/\/kapitalis.com\/tunisie\/2024\/02\/24\/tunisie-le-snjt-deplore-le-deces-de-la-journaliste-elhem-djemai\/","og_locale":"fr_FR","og_type":"article","og_title":"Tunisie : Le SNJT d\u00e9plore le d\u00e9c\u00e8s de la journaliste Elhem Djemai - Kapitalis","og_description":"Le Syndicat national des journalistes tunisiens (SNJT) a annonc\u00e9, ce samedi 24 f\u00e9vrier 2024, le d\u00e9c\u00e8s de la journaliste de la T\u00e9l\u00e9vision nationale Elhem Djemai.","og_url":"https:\/\/kapitalis.com\/tunisie\/2024\/02\/24\/tunisie-le-snjt-deplore-le-deces-de-la-journaliste-elhem-djemai\/","og_site_name":"Kapitalis","article_publisher":"https:\/\/www.facebook.com\/KapitalisInfo\/","article_published_time":"2024-02-24T21:13:11+00:00","article_modified_time":"2024-02-24T21:27:05+00:00","og_image":[{"width":1200,"height":630,"url":"https:\/\/kapitalis.com\/tunisie\/wp-content\/uploads\/2024\/02\/Elhem-Djemai.jpg","type":"image\/jpeg"}],"author":"Yusra NY","twitter_card":"summary_large_image","twitter_creator":"@KapitalisInfo","twitter_site":"@KapitalisInfo","twitter_misc":{"\u00c9crit par":"Yusra NY","Dur\u00e9e de lecture estim\u00e9e":"1 minute"},"schema":{"@context":"https:\/\/schema.org","@graph":[{"@type":"Article","@id":"https:\/\/kapitalis.com\/tunisie\/2024\/02\/24\/tunisie-le-snjt-deplore-le-deces-de-la-journaliste-elhem-djemai\/#article","isPartOf":{"@id":"https:\/\/kapitalis.com\/tunisie\/2024\/02\/24\/tunisie-le-snjt-deplore-le-deces-de-la-journaliste-elhem-djemai\/"},"author":{"name":"Yusra NY","@id":"https:\/\/kapitalis.com\/tunisie\/#\/schema\/person\/74bbde0154d49d790a92aaeac5bc01d5"},"headline":"Tunisie : Le SNJT d\u00e9plore le d\u00e9c\u00e8s de la journaliste Elhem Djemai","datePublished":"2024-02-24T21:13:11+00:00","dateModified":"2024-02-24T21:27:05+00:00","mainEntityOfPage":{"@id":"https:\/\/kapitalis.com\/tunisie\/2024\/02\/24\/tunisie-le-snjt-deplore-le-deces-de-la-journaliste-elhem-djemai\/"},"wordCount":287,"commentCount":0,"publisher":{"@id":"https:\/\/kapitalis.com\/tunisie\/#organization"},"image":{"@id":"https:\/\/kapitalis.com\/tunisie\/2024\/02\/24\/tunisie-le-snjt-deplore-le-deces-de-la-journaliste-elhem-djemai\/#primaryimage"},"thumbnailUrl":"https:\/\/kapitalis.com\/tunisie\/wp-content\/uploads\/2024\/02\/Elhem-Djemai.jpg","keywords":["D\u00c9C\u00c8S","Elhem Djemai","journaliste","SNJT","t\u00e9l\u00e9vision nationale","Tunisie"],"articleSection":["MEDIA","SOCIETE","Tunisie"],"inLanguage":"fr-FR","potentialAction":[{"@type":"CommentAction","name":"Comment","target":["https:\/\/kapitalis.com\/tunisie\/2024\/02\/24\/tunisie-le-snjt-deplore-le-deces-de-la-journaliste-elhem-djemai\/#respond"]}]},{"@type":"WebPage","@id":"https:\/\/kapitalis.com\/tunisie\/2024\/02\/24\/tunisie-le-snjt-deplore-le-deces-de-la-journaliste-elhem-djemai\/","url":"https:\/\/kapitalis.com\/tunisie\/2024\/02\/24\/tunisie-le-snjt-deplore-le-deces-de-la-journaliste-elhem-djemai\/","name":"Tunisie : Le SNJT d\u00e9plore le d\u00e9c\u00e8s de la journaliste Elhem Djemai - Kapitalis","isPartOf":{"@id":"https:\/\/kapitalis.com\/tunisie\/#website"},"primaryImageOfPage":{"@id":"https:\/\/kapitalis.com\/tunisie\/2024\/02\/24\/tunisie-le-snjt-deplore-le-deces-de-la-journaliste-elhem-djemai\/#primaryimage"},"image":{"@id":"https:\/\/kapitalis.com\/tunisie\/2024\/02\/24\/tunisie-le-snjt-deplore-le-deces-de-la-journaliste-elhem-djemai\/#primaryimage"},"thumbnailUrl":"https:\/\/kapitalis.com\/tunisie\/wp-content\/uploads\/2024\/02\/Elhem-Djemai.jpg","datePublished":"2024-02-24T21:13:11+00:00","dateModified":"2024-02-24T21:27:05+00:00","breadcrumb":{"@id":"https:\/\/kapitalis.com\/tunisie\/2024\/02\/24\/tunisie-le-snjt-deplore-le-deces-de-la-journaliste-elhem-djemai\/#breadcrumb"},"inLanguage":"fr-FR","potentialAction":[{"@type":"ReadAction","target":["https:\/\/kapitalis.com\/tunisie\/2024\/02\/24\/tunisie-le-snjt-deplore-le-deces-de-la-journaliste-elhem-djemai\/"]}]},{"@type":"ImageObject","inLanguage":"fr-FR","@id":"https:\/\/kapitalis.com\/tunisie\/2024\/02\/24\/tunisie-le-snjt-deplore-le-deces-de-la-journaliste-elhem-djemai\/#primaryimage","url":"https:\/\/kapitalis.com\/tunisie\/wp-content\/uploads\/2024\/02\/Elhem-Djemai.jpg","contentUrl":"https:\/\/kapitalis.com\/tunisie\/wp-content\/uploads\/2024\/02\/Elhem-Djemai.jpg","width":1200,"height":630},{"@type":"BreadcrumbList","@id":"https:\/\/kapitalis.com\/tunisie\/2024\/02\/24\/tunisie-le-snjt-deplore-le-deces-de-la-journaliste-elhem-djemai\/#breadcrumb","itemListElement":[{"@type":"ListItem","position":1,"name":"Accueil","item":"https:\/\/kapitalis.com\/tunisie\/"},{"@type":"ListItem","position":2,"name":"Tunisie : Le SNJT d\u00e9plore le d\u00e9c\u00e8s de la journaliste Elhem Djemai"}]},{"@type":"WebSite","@id":"https:\/\/kapitalis.com\/tunisie\/#website","url":"https:\/\/kapitalis.com\/tunisie\/","name":"Kapitalis","description":"L&#039;actualit\u00e9 en Tunisie et dans le monde","publisher":{"@id":"https:\/\/kapitalis.com\/tunisie\/#organization"},"potentialAction":[{"@type":"SearchAction","target":{"@type":"EntryPoint","urlTemplate":"https:\/\/kapitalis.com\/tunisie\/?s={search_term_string}"},"query-input":{"@type":"PropertyValueSpecification","valueRequired":true,"valueName":"search_term_string"}}],"inLanguage":"fr-FR"},{"@type":"Organization","@id":"https:\/\/kapitalis.com\/tunisie\/#organization","name":"Kapitalis","url":"https:\/\/kapitalis.com\/tunisie\/","logo":{"@type":"ImageObject","inLanguage":"fr-FR","@id":"https:\/\/kapitalis.com\/tunisie\/#\/schema\/logo\/image\/","url":"https:\/\/kapitalis.com\/tunisie\/wp-content\/uploads\/2022\/05\/Kapitalis-big-size.png","contentUrl":"https:\/\/kapitalis.com\/tunisie\/wp-content\/uploads\/2022\/05\/Kapitalis-big-size.png","width":5000,"height":1500,"caption":"Kapitalis"},"image":{"@id":"https:\/\/kapitalis.com\/tunisie\/#\/schema\/logo\/image\/"},"sameAs":["https:\/\/www.facebook.com\/KapitalisInfo\/","https:\/\/x.com\/KapitalisInfo","https:\/\/www.youtube.com\/channel\/UC-yDYrHyfFBWWZaOw3FPg9Q"]},{"@type":"Person","@id":"https:\/\/kapitalis.com\/tunisie\/#\/schema\/person\/74bbde0154d49d790a92aaeac5bc01d5","name":"Yusra NY","url":"https:\/\/kapitalis.com\/tunisie\/author\/yuza_adam\/"}]}},"_links":{"self":[{"href":"https:\/\/kapitalis.com\/tunisie\/wp-json\/wp\/v2\/posts\/11725278","targetHints":{"allow":["GET"]}}],"collection":[{"href":"https:\/\/kapitalis.com\/tunisie\/wp-json\/wp\/v2\/posts"}],"about":[{"href":"https:\/\/kapitalis.com\/tunisie\/wp-json\/wp\/v2\/types\/post"}],"author":[{"embeddable":true,"href":"https:\/\/kapitalis.com\/tunisie\/wp-json\/wp\/v2\/users\/6"}],"replies":[{"embeddable":true,"href":"https:\/\/kapitalis.com\/tunisie\/wp-json\/wp\/v2\/comments?post=11725278"}],"version-history":[{"count":1,"href":"https:\/\/kapitalis.com\/tunisie\/wp-json\/wp\/v2\/posts\/11725278\/revisions"}],"predecessor-version":[{"id":11725371,"href":"https:\/\/kapitalis.com\/tunisie\/wp-json\/wp\/v2\/posts\/11725278\/revisions\/11725371"}],"wp:featuredmedia":[{"embeddable":true,"href":"https:\/\/kapitalis.com\/tunisie\/wp-json\/wp\/v2\/media\/11725452"}],"wp:attachment":[{"href":"https:\/\/kapitalis.com\/tunisie\/wp-json\/wp\/v2\/media?parent=11725278"}],"wp:term":[{"taxonomy":"category","embeddable":true,"href":"https:\/\/kapitalis.com\/tunisie\/wp-json\/wp\/v2\/categories?post=11725278"},{"taxonomy":"post_tag","embeddable":true,"href":"https:\/\/kapitalis.com\/tunisie\/wp-json\/wp\/v2\/tags?post=11725278"}],"curies":[{"name":"wp","href":"https:\/\/api.w.org\/{rel}","templated":true}]}}