{"id":11728128,"date":"2024-02-25T07:25:40","date_gmt":"2024-02-25T06:25:40","guid":{"rendered":"https:\/\/kapitalis.com\/tunisie\/?p=11728128"},"modified":"2024-02-25T07:30:08","modified_gmt":"2024-02-25T06:30:08","slug":"le-poeme-du-dimanche-poesie-tu-teloignes-de-lionel-ray","status":"publish","type":"post","link":"https:\/\/kapitalis.com\/tunisie\/2024\/02\/25\/le-poeme-du-dimanche-poesie-tu-teloignes-de-lionel-ray\/","title":{"rendered":"Le po\u00e8me du dimanche\u00a0: \u2018\u2018Po\u00e9sie, tu t\u2019\u00e9loignes\u2019\u2019 de Lionel Ray"},"content":{"rendered":"\n<p><strong><em>Lionel Ray, n\u00e9 Robert Lorho, est po\u00e8te et essayiste fran\u00e7ais. Son \u0153uvre, importante, est publi\u00e9e, pour l\u2019essentiel, aux \u00e9d. Gallimard, et ce, \u00e0 partir de 1959. Elle est couronn\u00e9e de nombreuses distinctions litt\u00e9raires.<\/em><\/strong><\/p>\n\n\n\n<!--more-->\n\n\n\n<p>N\u00e9 en 1935 \u00e0 Mantes-la ville, d\u2019un p\u00e8re breton et d\u2019une m\u00e8re wallonne, il \u00e9tait proche du Parti Communiste. Aragon, auquel il consacre un essai, pr\u00e9face l\u2019un de ses premiers recueils.<\/p>\n\n\n\n<p>Certains de ses ouvrages font l\u2019objet de cr\u00e9ations artistiques. Auteur de quelques anthologies, dont une, \u2018\u2018<em>Non \u00e0 la guerre\u2019\u2019<\/em> aux Ed. Turquoise.<\/p>\n\n\n\n<p class=\"has-text-align-right\"><strong>Tahar Bekri<\/strong><\/p>\n\n\n<div class=\"wp-block-image\">\n<figure class=\"aligncenter size-large is-resized\"><img loading=\"lazy\" decoding=\"async\" width=\"1024\" height=\"768\" src=\"https:\/\/kapitalis.com\/tunisie\/wp-content\/uploads\/2024\/02\/Lionel-Ray-Tahar-Bekri-1024x768.jpg\" alt=\"\" class=\"wp-image-11728215\" style=\"width:800px\" srcset=\"https:\/\/kapitalis.com\/tunisie\/wp-content\/uploads\/2024\/02\/Lionel-Ray-Tahar-Bekri-1024x768.jpg 1024w, https:\/\/kapitalis.com\/tunisie\/wp-content\/uploads\/2024\/02\/Lionel-Ray-Tahar-Bekri-300x225.jpg 300w, https:\/\/kapitalis.com\/tunisie\/wp-content\/uploads\/2024\/02\/Lionel-Ray-Tahar-Bekri-768x576.jpg 768w, https:\/\/kapitalis.com\/tunisie\/wp-content\/uploads\/2024\/02\/Lionel-Ray-Tahar-Bekri-580x435.jpg 580w, https:\/\/kapitalis.com\/tunisie\/wp-content\/uploads\/2024\/02\/Lionel-Ray-Tahar-Bekri-860x645.jpg 860w, https:\/\/kapitalis.com\/tunisie\/wp-content\/uploads\/2024\/02\/Lionel-Ray-Tahar-Bekri-1160x870.jpg 1160w, https:\/\/kapitalis.com\/tunisie\/wp-content\/uploads\/2024\/02\/Lionel-Ray-Tahar-Bekri.jpg 1217w\" sizes=\"auto, (max-width: 1024px) 100vw, 1024px\" \/><figcaption class=\"wp-element-caption\"><em>Lionel Ray et Tahar Bekri.<\/em><\/figcaption><\/figure>\n<\/div>\n\n\n<p><em>Po\u00e9sie, tu t\u2019\u00e9loignes sans apparence de douleur<\/em><\/p>\n\n\n\n<p><em>Cela fait longtemps d\u00e9j\u00e0.<\/em><\/p>\n\n\n\n<p><\/p>\n\n\n\n<p><em>Mais les arbres et les routes sont toujours l\u00e0,<\/em><\/p>\n\n\n\n<p><em>Les maisons r\u00e9sistent, les matins r\u00e9apparaissent<\/em><\/p>\n\n\n\n<p><\/p>\n\n\n\n<p><em>Avec la libert\u00e9 sans d\u00e9chirure des vents,<\/em><\/p>\n\n\n\n<p><em>La suave pluie, les baisers de rencontre,<\/em><\/p>\n\n\n\n<p><\/p>\n\n\n\n<p><em>Et nul n\u2019ignore que le pass\u00e9 est un brouillard.<\/em><\/p>\n\n\n\n<p><em>Une ville aux portes toutes ferm\u00e9es.<\/em><\/p>\n\n\n\n<p><\/p>\n\n\n\n<p><em>Ainsi les voix que nous aimions sont \u00e0 jamais<\/em><\/p>\n\n\n\n<p><em>Glac\u00e9es, captives de l\u2019ombre et de l\u2019opacit\u00e9,<\/em><\/p>\n\n\n\n<p><em>Sauf un enfant peut-\u00eatre qui aura perdu le sommeil<\/em><\/p>\n\n\n\n<p><em>Et qui regarde<\/em><\/p>\n\n\n\n<p><\/p>\n\n\n\n<p><em>l\u2019\u00e9blouissante nuit<\/em><\/p>\n\n\n\n<figure class=\"wp-block-embed is-type-wp-embed is-provider-kapitalis wp-block-embed-kapitalis\"><div class=\"wp-block-embed__wrapper\">\n<blockquote class=\"wp-embedded-content\" data-secret=\"H2S1RrP5yK\"><a href=\"https:\/\/kapitalis.com\/tunisie\/2018\/08\/12\/le-poeme-du-dimanche-les-poetes-de-louis-aragon\/\">Le po\u00e8me du dimanche : \u2018\u2018Les Po\u00e8tes\u2019\u2019 de Louis Aragon<\/a><\/blockquote><iframe loading=\"lazy\" class=\"wp-embedded-content\" sandbox=\"allow-scripts\" security=\"restricted\" style=\"position: absolute; clip: rect(1px, 1px, 1px, 1px);\" title=\"\u00ab\u00a0Le po\u00e8me du dimanche : \u2018\u2018Les Po\u00e8tes\u2019\u2019 de Louis Aragon\u00a0\u00bb &#8212; Kapitalis\" src=\"https:\/\/kapitalis.com\/tunisie\/2018\/08\/12\/le-poeme-du-dimanche-les-poetes-de-louis-aragon\/embed\/#?secret=wSEgmHsZmz#?secret=H2S1RrP5yK\" data-secret=\"H2S1RrP5yK\" width=\"600\" height=\"338\" frameborder=\"0\" marginwidth=\"0\" marginheight=\"0\" scrolling=\"no\"><\/iframe>\n<\/div><\/figure>\n","protected":false},"excerpt":{"rendered":"<p>Lionel Ray est po\u00e8te et essayiste fran\u00e7ais, qui \u00e9tait proche de Louis Aragon et du Parti communiste fran\u00e7ais. <\/p>\n","protected":false},"author":8,"featured_media":11728211,"comment_status":"open","ping_status":"open","sticky":false,"template":"","format":"standard","meta":{"footnotes":""},"categories":[992,994,1000],"tags":[114138,77722,114139,98275,21267],"class_list":["post-11728128","post","type-post","status-publish","format-standard","has-post-thumbnail","hentry","category-a-la-une","category-culture","category-tribune","tag-lionel-ray","tag-louis-aragon","tag-parti-communiste","tag-poete-francais","tag-tahar-bekri"],"yoast_head":"<!-- This site is optimized with the Yoast SEO plugin v26.6 - https:\/\/yoast.com\/wordpress\/plugins\/seo\/ -->\n<title>Le po\u00e8me du dimanche\u00a0: \u2018\u2018Po\u00e9sie, tu t\u2019\u00e9loignes\u2019\u2019 de Lionel Ray - Kapitalis<\/title>\n<meta name=\"robots\" content=\"index, follow, max-snippet:-1, max-image-preview:large, max-video-preview:-1\" \/>\n<link rel=\"canonical\" href=\"https:\/\/kapitalis.com\/tunisie\/2024\/02\/25\/le-poeme-du-dimanche-poesie-tu-teloignes-de-lionel-ray\/\" \/>\n<meta property=\"og:locale\" content=\"fr_FR\" \/>\n<meta property=\"og:type\" content=\"article\" \/>\n<meta property=\"og:title\" content=\"Le po\u00e8me du dimanche\u00a0: \u2018\u2018Po\u00e9sie, tu t\u2019\u00e9loignes\u2019\u2019 de Lionel Ray - Kapitalis\" \/>\n<meta property=\"og:description\" content=\"Lionel Ray est po\u00e8te et essayiste fran\u00e7ais, qui \u00e9tait proche de Louis Aragon et du Parti communiste fran\u00e7ais.\" \/>\n<meta property=\"og:url\" content=\"https:\/\/kapitalis.com\/tunisie\/2024\/02\/25\/le-poeme-du-dimanche-poesie-tu-teloignes-de-lionel-ray\/\" \/>\n<meta property=\"og:site_name\" content=\"Kapitalis\" \/>\n<meta property=\"article:publisher\" content=\"https:\/\/www.facebook.com\/KapitalisInfo\/\" \/>\n<meta property=\"article:published_time\" content=\"2024-02-25T06:25:40+00:00\" \/>\n<meta property=\"article:modified_time\" content=\"2024-02-25T06:30:08+00:00\" \/>\n<meta property=\"og:image\" content=\"https:\/\/kapitalis.com\/tunisie\/wp-content\/uploads\/2024\/02\/Lionel-Ray.jpg\" \/>\n\t<meta property=\"og:image:width\" content=\"1200\" \/>\n\t<meta property=\"og:image:height\" content=\"630\" \/>\n\t<meta property=\"og:image:type\" content=\"image\/jpeg\" \/>\n<meta name=\"author\" content=\"webmaster kapitalis\" \/>\n<meta name=\"twitter:card\" content=\"summary_large_image\" \/>\n<meta name=\"twitter:creator\" content=\"@KapitalisInfo\" \/>\n<meta name=\"twitter:site\" content=\"@KapitalisInfo\" \/>\n<meta name=\"twitter:label1\" content=\"\u00c9crit par\" \/>\n\t<meta name=\"twitter:data1\" content=\"webmaster kapitalis\" \/>\n\t<meta name=\"twitter:label2\" content=\"Dur\u00e9e de lecture estim\u00e9e\" \/>\n\t<meta name=\"twitter:data2\" content=\"2 minutes\" \/>\n<script type=\"application\/ld+json\" class=\"yoast-schema-graph\">{\"@context\":\"https:\/\/schema.org\",\"@graph\":[{\"@type\":\"Article\",\"@id\":\"https:\/\/kapitalis.com\/tunisie\/2024\/02\/25\/le-poeme-du-dimanche-poesie-tu-teloignes-de-lionel-ray\/#article\",\"isPartOf\":{\"@id\":\"https:\/\/kapitalis.com\/tunisie\/2024\/02\/25\/le-poeme-du-dimanche-poesie-tu-teloignes-de-lionel-ray\/\"},\"author\":{\"name\":\"webmaster kapitalis\",\"@id\":\"https:\/\/kapitalis.com\/tunisie\/#\/schema\/person\/d71f33a9ca44f7bad4698210b480c8e9\"},\"headline\":\"Le po\u00e8me du dimanche\u00a0: \u2018\u2018Po\u00e9sie, tu t\u2019\u00e9loignes\u2019\u2019 de Lionel Ray\",\"datePublished\":\"2024-02-25T06:25:40+00:00\",\"dateModified\":\"2024-02-25T06:30:08+00:00\",\"mainEntityOfPage\":{\"@id\":\"https:\/\/kapitalis.com\/tunisie\/2024\/02\/25\/le-poeme-du-dimanche-poesie-tu-teloignes-de-lionel-ray\/\"},\"wordCount\":217,\"commentCount\":0,\"publisher\":{\"@id\":\"https:\/\/kapitalis.com\/tunisie\/#organization\"},\"image\":{\"@id\":\"https:\/\/kapitalis.com\/tunisie\/2024\/02\/25\/le-poeme-du-dimanche-poesie-tu-teloignes-de-lionel-ray\/#primaryimage\"},\"thumbnailUrl\":\"https:\/\/kapitalis.com\/tunisie\/wp-content\/uploads\/2024\/02\/Lionel-Ray.jpg\",\"keywords\":[\"Lionel Ray\",\"Louis Aragon\",\"Parti Communiste\",\"po\u00e8te fran\u00e7ais\",\"Tahar Bekri\"],\"articleSection\":[\"A LA UNE\",\"CULTURE\",\"TRIBUNE\"],\"inLanguage\":\"fr-FR\",\"potentialAction\":[{\"@type\":\"CommentAction\",\"name\":\"Comment\",\"target\":[\"https:\/\/kapitalis.com\/tunisie\/2024\/02\/25\/le-poeme-du-dimanche-poesie-tu-teloignes-de-lionel-ray\/#respond\"]}]},{\"@type\":\"WebPage\",\"@id\":\"https:\/\/kapitalis.com\/tunisie\/2024\/02\/25\/le-poeme-du-dimanche-poesie-tu-teloignes-de-lionel-ray\/\",\"url\":\"https:\/\/kapitalis.com\/tunisie\/2024\/02\/25\/le-poeme-du-dimanche-poesie-tu-teloignes-de-lionel-ray\/\",\"name\":\"Le po\u00e8me du dimanche\u00a0: \u2018\u2018Po\u00e9sie, tu t\u2019\u00e9loignes\u2019\u2019 de Lionel Ray - Kapitalis\",\"isPartOf\":{\"@id\":\"https:\/\/kapitalis.com\/tunisie\/#website\"},\"primaryImageOfPage\":{\"@id\":\"https:\/\/kapitalis.com\/tunisie\/2024\/02\/25\/le-poeme-du-dimanche-poesie-tu-teloignes-de-lionel-ray\/#primaryimage\"},\"image\":{\"@id\":\"https:\/\/kapitalis.com\/tunisie\/2024\/02\/25\/le-poeme-du-dimanche-poesie-tu-teloignes-de-lionel-ray\/#primaryimage\"},\"thumbnailUrl\":\"https:\/\/kapitalis.com\/tunisie\/wp-content\/uploads\/2024\/02\/Lionel-Ray.jpg\",\"datePublished\":\"2024-02-25T06:25:40+00:00\",\"dateModified\":\"2024-02-25T06:30:08+00:00\",\"breadcrumb\":{\"@id\":\"https:\/\/kapitalis.com\/tunisie\/2024\/02\/25\/le-poeme-du-dimanche-poesie-tu-teloignes-de-lionel-ray\/#breadcrumb\"},\"inLanguage\":\"fr-FR\",\"potentialAction\":[{\"@type\":\"ReadAction\",\"target\":[\"https:\/\/kapitalis.com\/tunisie\/2024\/02\/25\/le-poeme-du-dimanche-poesie-tu-teloignes-de-lionel-ray\/\"]}]},{\"@type\":\"ImageObject\",\"inLanguage\":\"fr-FR\",\"@id\":\"https:\/\/kapitalis.com\/tunisie\/2024\/02\/25\/le-poeme-du-dimanche-poesie-tu-teloignes-de-lionel-ray\/#primaryimage\",\"url\":\"https:\/\/kapitalis.com\/tunisie\/wp-content\/uploads\/2024\/02\/Lionel-Ray.jpg\",\"contentUrl\":\"https:\/\/kapitalis.com\/tunisie\/wp-content\/uploads\/2024\/02\/Lionel-Ray.jpg\",\"width\":1200,\"height\":630},{\"@type\":\"BreadcrumbList\",\"@id\":\"https:\/\/kapitalis.com\/tunisie\/2024\/02\/25\/le-poeme-du-dimanche-poesie-tu-teloignes-de-lionel-ray\/#breadcrumb\",\"itemListElement\":[{\"@type\":\"ListItem\",\"position\":1,\"name\":\"Accueil\",\"item\":\"https:\/\/kapitalis.com\/tunisie\/\"},{\"@type\":\"ListItem\",\"position\":2,\"name\":\"Le po\u00e8me du dimanche\u00a0: \u2018\u2018Po\u00e9sie, tu t\u2019\u00e9loignes\u2019\u2019 de Lionel Ray\"}]},{\"@type\":\"WebSite\",\"@id\":\"https:\/\/kapitalis.com\/tunisie\/#website\",\"url\":\"https:\/\/kapitalis.com\/tunisie\/\",\"name\":\"Kapitalis\",\"description\":\"L&#039;actualit\u00e9 en Tunisie et dans le monde\",\"publisher\":{\"@id\":\"https:\/\/kapitalis.com\/tunisie\/#organization\"},\"potentialAction\":[{\"@type\":\"SearchAction\",\"target\":{\"@type\":\"EntryPoint\",\"urlTemplate\":\"https:\/\/kapitalis.com\/tunisie\/?s={search_term_string}\"},\"query-input\":{\"@type\":\"PropertyValueSpecification\",\"valueRequired\":true,\"valueName\":\"search_term_string\"}}],\"inLanguage\":\"fr-FR\"},{\"@type\":\"Organization\",\"@id\":\"https:\/\/kapitalis.com\/tunisie\/#organization\",\"name\":\"Kapitalis\",\"url\":\"https:\/\/kapitalis.com\/tunisie\/\",\"logo\":{\"@type\":\"ImageObject\",\"inLanguage\":\"fr-FR\",\"@id\":\"https:\/\/kapitalis.com\/tunisie\/#\/schema\/logo\/image\/\",\"url\":\"https:\/\/kapitalis.com\/tunisie\/wp-content\/uploads\/2022\/05\/Kapitalis-big-size.png\",\"contentUrl\":\"https:\/\/kapitalis.com\/tunisie\/wp-content\/uploads\/2022\/05\/Kapitalis-big-size.png\",\"width\":5000,\"height\":1500,\"caption\":\"Kapitalis\"},\"image\":{\"@id\":\"https:\/\/kapitalis.com\/tunisie\/#\/schema\/logo\/image\/\"},\"sameAs\":[\"https:\/\/www.facebook.com\/KapitalisInfo\/\",\"https:\/\/x.com\/KapitalisInfo\",\"https:\/\/www.youtube.com\/channel\/UC-yDYrHyfFBWWZaOw3FPg9Q\"]},{\"@type\":\"Person\",\"@id\":\"https:\/\/kapitalis.com\/tunisie\/#\/schema\/person\/d71f33a9ca44f7bad4698210b480c8e9\",\"name\":\"webmaster kapitalis\",\"url\":\"https:\/\/kapitalis.com\/tunisie\/author\/webmaster-kapitalis\/\"}]}<\/script>\n<!-- \/ Yoast SEO plugin. -->","yoast_head_json":{"title":"Le po\u00e8me du dimanche\u00a0: \u2018\u2018Po\u00e9sie, tu t\u2019\u00e9loignes\u2019\u2019 de Lionel Ray - Kapitalis","robots":{"index":"index","follow":"follow","max-snippet":"max-snippet:-1","max-image-preview":"max-image-preview:large","max-video-preview":"max-video-preview:-1"},"canonical":"https:\/\/kapitalis.com\/tunisie\/2024\/02\/25\/le-poeme-du-dimanche-poesie-tu-teloignes-de-lionel-ray\/","og_locale":"fr_FR","og_type":"article","og_title":"Le po\u00e8me du dimanche\u00a0: \u2018\u2018Po\u00e9sie, tu t\u2019\u00e9loignes\u2019\u2019 de Lionel Ray - Kapitalis","og_description":"Lionel Ray est po\u00e8te et essayiste fran\u00e7ais, qui \u00e9tait proche de Louis Aragon et du Parti communiste fran\u00e7ais.","og_url":"https:\/\/kapitalis.com\/tunisie\/2024\/02\/25\/le-poeme-du-dimanche-poesie-tu-teloignes-de-lionel-ray\/","og_site_name":"Kapitalis","article_publisher":"https:\/\/www.facebook.com\/KapitalisInfo\/","article_published_time":"2024-02-25T06:25:40+00:00","article_modified_time":"2024-02-25T06:30:08+00:00","og_image":[{"width":1200,"height":630,"url":"https:\/\/kapitalis.com\/tunisie\/wp-content\/uploads\/2024\/02\/Lionel-Ray.jpg","type":"image\/jpeg"}],"author":"webmaster kapitalis","twitter_card":"summary_large_image","twitter_creator":"@KapitalisInfo","twitter_site":"@KapitalisInfo","twitter_misc":{"\u00c9crit par":"webmaster kapitalis","Dur\u00e9e de lecture estim\u00e9e":"2 minutes"},"schema":{"@context":"https:\/\/schema.org","@graph":[{"@type":"Article","@id":"https:\/\/kapitalis.com\/tunisie\/2024\/02\/25\/le-poeme-du-dimanche-poesie-tu-teloignes-de-lionel-ray\/#article","isPartOf":{"@id":"https:\/\/kapitalis.com\/tunisie\/2024\/02\/25\/le-poeme-du-dimanche-poesie-tu-teloignes-de-lionel-ray\/"},"author":{"name":"webmaster kapitalis","@id":"https:\/\/kapitalis.com\/tunisie\/#\/schema\/person\/d71f33a9ca44f7bad4698210b480c8e9"},"headline":"Le po\u00e8me du dimanche\u00a0: \u2018\u2018Po\u00e9sie, tu t\u2019\u00e9loignes\u2019\u2019 de Lionel Ray","datePublished":"2024-02-25T06:25:40+00:00","dateModified":"2024-02-25T06:30:08+00:00","mainEntityOfPage":{"@id":"https:\/\/kapitalis.com\/tunisie\/2024\/02\/25\/le-poeme-du-dimanche-poesie-tu-teloignes-de-lionel-ray\/"},"wordCount":217,"commentCount":0,"publisher":{"@id":"https:\/\/kapitalis.com\/tunisie\/#organization"},"image":{"@id":"https:\/\/kapitalis.com\/tunisie\/2024\/02\/25\/le-poeme-du-dimanche-poesie-tu-teloignes-de-lionel-ray\/#primaryimage"},"thumbnailUrl":"https:\/\/kapitalis.com\/tunisie\/wp-content\/uploads\/2024\/02\/Lionel-Ray.jpg","keywords":["Lionel Ray","Louis Aragon","Parti Communiste","po\u00e8te fran\u00e7ais","Tahar Bekri"],"articleSection":["A LA UNE","CULTURE","TRIBUNE"],"inLanguage":"fr-FR","potentialAction":[{"@type":"CommentAction","name":"Comment","target":["https:\/\/kapitalis.com\/tunisie\/2024\/02\/25\/le-poeme-du-dimanche-poesie-tu-teloignes-de-lionel-ray\/#respond"]}]},{"@type":"WebPage","@id":"https:\/\/kapitalis.com\/tunisie\/2024\/02\/25\/le-poeme-du-dimanche-poesie-tu-teloignes-de-lionel-ray\/","url":"https:\/\/kapitalis.com\/tunisie\/2024\/02\/25\/le-poeme-du-dimanche-poesie-tu-teloignes-de-lionel-ray\/","name":"Le po\u00e8me du dimanche\u00a0: \u2018\u2018Po\u00e9sie, tu t\u2019\u00e9loignes\u2019\u2019 de Lionel Ray - Kapitalis","isPartOf":{"@id":"https:\/\/kapitalis.com\/tunisie\/#website"},"primaryImageOfPage":{"@id":"https:\/\/kapitalis.com\/tunisie\/2024\/02\/25\/le-poeme-du-dimanche-poesie-tu-teloignes-de-lionel-ray\/#primaryimage"},"image":{"@id":"https:\/\/kapitalis.com\/tunisie\/2024\/02\/25\/le-poeme-du-dimanche-poesie-tu-teloignes-de-lionel-ray\/#primaryimage"},"thumbnailUrl":"https:\/\/kapitalis.com\/tunisie\/wp-content\/uploads\/2024\/02\/Lionel-Ray.jpg","datePublished":"2024-02-25T06:25:40+00:00","dateModified":"2024-02-25T06:30:08+00:00","breadcrumb":{"@id":"https:\/\/kapitalis.com\/tunisie\/2024\/02\/25\/le-poeme-du-dimanche-poesie-tu-teloignes-de-lionel-ray\/#breadcrumb"},"inLanguage":"fr-FR","potentialAction":[{"@type":"ReadAction","target":["https:\/\/kapitalis.com\/tunisie\/2024\/02\/25\/le-poeme-du-dimanche-poesie-tu-teloignes-de-lionel-ray\/"]}]},{"@type":"ImageObject","inLanguage":"fr-FR","@id":"https:\/\/kapitalis.com\/tunisie\/2024\/02\/25\/le-poeme-du-dimanche-poesie-tu-teloignes-de-lionel-ray\/#primaryimage","url":"https:\/\/kapitalis.com\/tunisie\/wp-content\/uploads\/2024\/02\/Lionel-Ray.jpg","contentUrl":"https:\/\/kapitalis.com\/tunisie\/wp-content\/uploads\/2024\/02\/Lionel-Ray.jpg","width":1200,"height":630},{"@type":"BreadcrumbList","@id":"https:\/\/kapitalis.com\/tunisie\/2024\/02\/25\/le-poeme-du-dimanche-poesie-tu-teloignes-de-lionel-ray\/#breadcrumb","itemListElement":[{"@type":"ListItem","position":1,"name":"Accueil","item":"https:\/\/kapitalis.com\/tunisie\/"},{"@type":"ListItem","position":2,"name":"Le po\u00e8me du dimanche\u00a0: \u2018\u2018Po\u00e9sie, tu t\u2019\u00e9loignes\u2019\u2019 de Lionel Ray"}]},{"@type":"WebSite","@id":"https:\/\/kapitalis.com\/tunisie\/#website","url":"https:\/\/kapitalis.com\/tunisie\/","name":"Kapitalis","description":"L&#039;actualit\u00e9 en Tunisie et dans le monde","publisher":{"@id":"https:\/\/kapitalis.com\/tunisie\/#organization"},"potentialAction":[{"@type":"SearchAction","target":{"@type":"EntryPoint","urlTemplate":"https:\/\/kapitalis.com\/tunisie\/?s={search_term_string}"},"query-input":{"@type":"PropertyValueSpecification","valueRequired":true,"valueName":"search_term_string"}}],"inLanguage":"fr-FR"},{"@type":"Organization","@id":"https:\/\/kapitalis.com\/tunisie\/#organization","name":"Kapitalis","url":"https:\/\/kapitalis.com\/tunisie\/","logo":{"@type":"ImageObject","inLanguage":"fr-FR","@id":"https:\/\/kapitalis.com\/tunisie\/#\/schema\/logo\/image\/","url":"https:\/\/kapitalis.com\/tunisie\/wp-content\/uploads\/2022\/05\/Kapitalis-big-size.png","contentUrl":"https:\/\/kapitalis.com\/tunisie\/wp-content\/uploads\/2022\/05\/Kapitalis-big-size.png","width":5000,"height":1500,"caption":"Kapitalis"},"image":{"@id":"https:\/\/kapitalis.com\/tunisie\/#\/schema\/logo\/image\/"},"sameAs":["https:\/\/www.facebook.com\/KapitalisInfo\/","https:\/\/x.com\/KapitalisInfo","https:\/\/www.youtube.com\/channel\/UC-yDYrHyfFBWWZaOw3FPg9Q"]},{"@type":"Person","@id":"https:\/\/kapitalis.com\/tunisie\/#\/schema\/person\/d71f33a9ca44f7bad4698210b480c8e9","name":"webmaster kapitalis","url":"https:\/\/kapitalis.com\/tunisie\/author\/webmaster-kapitalis\/"}]}},"_links":{"self":[{"href":"https:\/\/kapitalis.com\/tunisie\/wp-json\/wp\/v2\/posts\/11728128","targetHints":{"allow":["GET"]}}],"collection":[{"href":"https:\/\/kapitalis.com\/tunisie\/wp-json\/wp\/v2\/posts"}],"about":[{"href":"https:\/\/kapitalis.com\/tunisie\/wp-json\/wp\/v2\/types\/post"}],"author":[{"embeddable":true,"href":"https:\/\/kapitalis.com\/tunisie\/wp-json\/wp\/v2\/users\/8"}],"replies":[{"embeddable":true,"href":"https:\/\/kapitalis.com\/tunisie\/wp-json\/wp\/v2\/comments?post=11728128"}],"version-history":[{"count":2,"href":"https:\/\/kapitalis.com\/tunisie\/wp-json\/wp\/v2\/posts\/11728128\/revisions"}],"predecessor-version":[{"id":11728303,"href":"https:\/\/kapitalis.com\/tunisie\/wp-json\/wp\/v2\/posts\/11728128\/revisions\/11728303"}],"wp:featuredmedia":[{"embeddable":true,"href":"https:\/\/kapitalis.com\/tunisie\/wp-json\/wp\/v2\/media\/11728211"}],"wp:attachment":[{"href":"https:\/\/kapitalis.com\/tunisie\/wp-json\/wp\/v2\/media?parent=11728128"}],"wp:term":[{"taxonomy":"category","embeddable":true,"href":"https:\/\/kapitalis.com\/tunisie\/wp-json\/wp\/v2\/categories?post=11728128"},{"taxonomy":"post_tag","embeddable":true,"href":"https:\/\/kapitalis.com\/tunisie\/wp-json\/wp\/v2\/tags?post=11728128"}],"curies":[{"name":"wp","href":"https:\/\/api.w.org\/{rel}","templated":true}]}}