{"id":11761189,"date":"2024-02-27T11:54:29","date_gmt":"2024-02-27T10:54:29","guid":{"rendered":"https:\/\/kapitalis.com\/tunisie\/?p=11761189"},"modified":"2024-02-27T11:54:31","modified_gmt":"2024-02-27T10:54:31","slug":"amnesty-appelle-a-liberer-moussi-et-a-abandonner-les-poursuites-contre-elle","status":"publish","type":"post","link":"https:\/\/kapitalis.com\/tunisie\/2024\/02\/27\/amnesty-appelle-a-liberer-moussi-et-a-abandonner-les-poursuites-contre-elle\/","title":{"rendered":"Amnesty appelle \u00e0 lib\u00e9rer Moussi et \u00e0 abandonner les poursuites contre elle"},"content":{"rendered":"\n<p><strong><em>Dans un communiqu\u00e9 intitul\u00e9 <a href=\"https:\/\/www.amnesty.be\/veux-agir\/agir-individus\/reseau-actions-urgentes\/article\/figure-opposition-victime-harcelement-judiciaire?fbclid=IwAR0-ldl-JdNFCke09v_gPl6l_UCNN_QZSUh2pPCE9dCCMVJ_16z9U3SZ5vc\" target=\"_blank\" rel=\"noreferrer noopener\">\u2018\u2018Une figure de l\u2019opposition victime de harc\u00e8lement judiciaire\u2019\u2019<\/a>, publi\u00e9 ce mardi 27 f\u00e9vrier 2024, l\u2019organisation Amnesty International appelle les autorit\u00e9s tunisiennes \u00e0 \u00ablib\u00e9rer imm\u00e9diatement Abir Moussi et abandonner les charges qui p\u00e8sent sur elle.\u00bb Nous reproduisons ci-dessous ledit <a href=\"https:\/\/www.amnesty.be\/veux-agir\/agir-individus\/reseau-actions-urgentes\/article\/figure-opposition-victime-harcelement-judiciaire?fbclid=IwAR0-ldl-JdNFCke09v_gPl6l_UCNN_QZSUh2pPCE9dCCMVJ_16z9U3SZ5vc\" target=\"_blank\" rel=\"noreferrer noopener\">communiqu\u00e9<\/a>, ainsi que l\u2019appel au pr\u00e9sident de la r\u00e9publique au sujet de la pr\u00e9sidente du PDL.  \u00a0<\/em><\/strong><\/p>\n\n\n\n<!--more-->\n\n\n\n<p>Abir Moussi, figure de l\u2019opposition d\u00e9tenue arbitrairement, fait l\u2019objet de poursuites p\u00e9nales dans le cadre de deux proc\u00e9dures judiciaires distinctes pour avoir exerc\u00e9 l\u00e9gitimement ses droits aux libert\u00e9s d\u2019expression et de r\u00e9union pacifique.<\/p>\n\n\n\n<p>L\u2019Instance sup\u00e9rieure ind\u00e9pendante pour les \u00e9lections (Isie) a d\u00e9pos\u00e9 quatre plaintes contre Abir Moussi \u00e0 la suite de ses critiques publiques \u00e0 l\u2019\u00e9gard du processus \u00e9lectoral. Elle est poursuivie au titre du d\u00e9cret-loi n\u00b0\u00a054, texte draconien sur la cybercriminalit\u00e9.<\/p>\n\n\n\n<p>Abir Moussi est \u00e9galement vis\u00e9e par une autre proc\u00e9dure pour avoir exerc\u00e9 son droit \u00e0 la libert\u00e9 de r\u00e9union, \u00e0 la suite de deux manifestations organis\u00e9es par son parti politique, le Parti destourien libre (PDL).<\/p>\n\n\n\n<p>Elle est d\u00e9tenue injustement depuis le 3 octobre 2023 car elle a tent\u00e9 de soumettre un recours contre les d\u00e9crets pr\u00e9sidentiels relatifs aux prochaines \u00e9lections locales. Les autorit\u00e9s tunisiennes doivent lib\u00e9rer imm\u00e9diatement Abir Moussi et abandonner les charges qui p\u00e8sent sur elle, car elles d\u00e9coulent uniquement de l\u2019exercice pacifique de ses droits aux libert\u00e9s d\u2019expression et de r\u00e9union pacifique.<\/p>\n\n\n\n<figure class=\"wp-block-embed is-type-wp-embed is-provider-kapitalis wp-block-embed-kapitalis\"><div class=\"wp-block-embed__wrapper\">\n<blockquote class=\"wp-embedded-content\" data-secret=\"VzwCNE1N1b\"><a href=\"https:\/\/kapitalis.com\/tunisie\/2023\/10\/02\/amnesty-international-il-faut-mettre-fin-a-la-regression-des-droits-humains-en-tunisie\/\">Amnesty International : \u00abIl faut mettre fin \u00e0 la r\u00e9gression des droits humains en Tunisie\u00bb<\/a><\/blockquote><iframe loading=\"lazy\" class=\"wp-embedded-content\" sandbox=\"allow-scripts\" security=\"restricted\" style=\"position: absolute; clip: rect(1px, 1px, 1px, 1px);\" title=\"\u00ab\u00a0Amnesty International : \u00abIl faut mettre fin \u00e0 la r\u00e9gression des droits humains en Tunisie\u00bb\u00a0\u00bb &#8212; Kapitalis\" src=\"https:\/\/kapitalis.com\/tunisie\/2023\/10\/02\/amnesty-international-il-faut-mettre-fin-a-la-regression-des-droits-humains-en-tunisie\/embed\/#?secret=tHrhrQBkdH#?secret=VzwCNE1N1b\" data-secret=\"VzwCNE1N1b\" width=\"600\" height=\"338\" frameborder=\"0\" marginwidth=\"0\" marginheight=\"0\" scrolling=\"no\"><\/iframe>\n<\/div><\/figure>\n","protected":false},"excerpt":{"rendered":"<p>AI appelle la Tunisie \u00e0 \u00ablib\u00e9rer imm\u00e9diatement Abir Moussi et abandonner les charges qui p\u00e8sent sur elle.\u00bb<\/p>\n","protected":false},"author":8,"featured_media":7035288,"comment_status":"open","ping_status":"open","sticky":false,"template":"","format":"standard","meta":{"footnotes":""},"categories":[997,2433],"tags":[15144,5324,114180,499,23927,33536,62643],"class_list":["post-11761189","post","type-post","status-publish","format-standard","has-post-thumbnail","hentry","category-politique","category-tunisie","tag-abir-moussi","tag-amnesty-international","tag-decret-loi-n-54-3","tag-isie","tag-parti-destourien-libre","tag-pdl","tag-tunisie"],"yoast_head":"<!-- This site is optimized with the Yoast SEO plugin v26.6 - https:\/\/yoast.com\/wordpress\/plugins\/seo\/ -->\n<title>Amnesty appelle \u00e0 lib\u00e9rer Moussi et \u00e0 abandonner les poursuites contre elle - Kapitalis<\/title>\n<meta name=\"robots\" content=\"index, follow, max-snippet:-1, max-image-preview:large, max-video-preview:-1\" \/>\n<link rel=\"canonical\" href=\"https:\/\/kapitalis.com\/tunisie\/2024\/02\/27\/amnesty-appelle-a-liberer-moussi-et-a-abandonner-les-poursuites-contre-elle\/\" \/>\n<meta property=\"og:locale\" content=\"fr_FR\" \/>\n<meta property=\"og:type\" content=\"article\" \/>\n<meta property=\"og:title\" content=\"Amnesty appelle \u00e0 lib\u00e9rer Moussi et \u00e0 abandonner les poursuites contre elle - Kapitalis\" \/>\n<meta property=\"og:description\" content=\"AI appelle la Tunisie \u00e0 \u00ablib\u00e9rer imm\u00e9diatement Abir Moussi et abandonner les charges qui p\u00e8sent sur elle.\u00bb\" \/>\n<meta property=\"og:url\" content=\"https:\/\/kapitalis.com\/tunisie\/2024\/02\/27\/amnesty-appelle-a-liberer-moussi-et-a-abandonner-les-poursuites-contre-elle\/\" \/>\n<meta property=\"og:site_name\" content=\"Kapitalis\" \/>\n<meta property=\"article:publisher\" content=\"https:\/\/www.facebook.com\/KapitalisInfo\/\" \/>\n<meta property=\"article:published_time\" content=\"2024-02-27T10:54:29+00:00\" \/>\n<meta property=\"article:modified_time\" content=\"2024-02-27T10:54:31+00:00\" \/>\n<meta property=\"og:image\" content=\"https:\/\/kapitalis.com\/tunisie\/wp-content\/uploads\/2023\/03\/Abir-Moussi-1.jpg\" \/>\n\t<meta property=\"og:image:width\" content=\"1200\" \/>\n\t<meta property=\"og:image:height\" content=\"630\" \/>\n\t<meta property=\"og:image:type\" content=\"image\/jpeg\" \/>\n<meta name=\"author\" content=\"webmaster kapitalis\" \/>\n<meta name=\"twitter:card\" content=\"summary_large_image\" \/>\n<meta name=\"twitter:creator\" content=\"@KapitalisInfo\" \/>\n<meta name=\"twitter:site\" content=\"@KapitalisInfo\" \/>\n<meta name=\"twitter:label1\" content=\"\u00c9crit par\" \/>\n\t<meta name=\"twitter:data1\" content=\"webmaster kapitalis\" \/>\n\t<meta name=\"twitter:label2\" content=\"Dur\u00e9e de lecture estim\u00e9e\" \/>\n\t<meta name=\"twitter:data2\" content=\"2 minutes\" \/>\n<script type=\"application\/ld+json\" class=\"yoast-schema-graph\">{\"@context\":\"https:\/\/schema.org\",\"@graph\":[{\"@type\":\"Article\",\"@id\":\"https:\/\/kapitalis.com\/tunisie\/2024\/02\/27\/amnesty-appelle-a-liberer-moussi-et-a-abandonner-les-poursuites-contre-elle\/#article\",\"isPartOf\":{\"@id\":\"https:\/\/kapitalis.com\/tunisie\/2024\/02\/27\/amnesty-appelle-a-liberer-moussi-et-a-abandonner-les-poursuites-contre-elle\/\"},\"author\":{\"name\":\"webmaster kapitalis\",\"@id\":\"https:\/\/kapitalis.com\/tunisie\/#\/schema\/person\/d71f33a9ca44f7bad4698210b480c8e9\"},\"headline\":\"Amnesty appelle \u00e0 lib\u00e9rer Moussi et \u00e0 abandonner les poursuites contre elle\",\"datePublished\":\"2024-02-27T10:54:29+00:00\",\"dateModified\":\"2024-02-27T10:54:31+00:00\",\"mainEntityOfPage\":{\"@id\":\"https:\/\/kapitalis.com\/tunisie\/2024\/02\/27\/amnesty-appelle-a-liberer-moussi-et-a-abandonner-les-poursuites-contre-elle\/\"},\"wordCount\":274,\"commentCount\":1,\"publisher\":{\"@id\":\"https:\/\/kapitalis.com\/tunisie\/#organization\"},\"image\":{\"@id\":\"https:\/\/kapitalis.com\/tunisie\/2024\/02\/27\/amnesty-appelle-a-liberer-moussi-et-a-abandonner-les-poursuites-contre-elle\/#primaryimage\"},\"thumbnailUrl\":\"https:\/\/kapitalis.com\/tunisie\/wp-content\/uploads\/2023\/03\/Abir-Moussi-1.jpg\",\"keywords\":[\"Abir Moussi\",\"Amnesty international\",\"d\u00e9cret-loi n\u00b0\u00a054\",\"Isie\",\"Parti destourien libre\",\"PDL\",\"Tunisie\"],\"articleSection\":[\"POLITIQUE\",\"Tunisie\"],\"inLanguage\":\"fr-FR\",\"potentialAction\":[{\"@type\":\"CommentAction\",\"name\":\"Comment\",\"target\":[\"https:\/\/kapitalis.com\/tunisie\/2024\/02\/27\/amnesty-appelle-a-liberer-moussi-et-a-abandonner-les-poursuites-contre-elle\/#respond\"]}]},{\"@type\":\"WebPage\",\"@id\":\"https:\/\/kapitalis.com\/tunisie\/2024\/02\/27\/amnesty-appelle-a-liberer-moussi-et-a-abandonner-les-poursuites-contre-elle\/\",\"url\":\"https:\/\/kapitalis.com\/tunisie\/2024\/02\/27\/amnesty-appelle-a-liberer-moussi-et-a-abandonner-les-poursuites-contre-elle\/\",\"name\":\"Amnesty appelle \u00e0 lib\u00e9rer Moussi et \u00e0 abandonner les poursuites contre elle - Kapitalis\",\"isPartOf\":{\"@id\":\"https:\/\/kapitalis.com\/tunisie\/#website\"},\"primaryImageOfPage\":{\"@id\":\"https:\/\/kapitalis.com\/tunisie\/2024\/02\/27\/amnesty-appelle-a-liberer-moussi-et-a-abandonner-les-poursuites-contre-elle\/#primaryimage\"},\"image\":{\"@id\":\"https:\/\/kapitalis.com\/tunisie\/2024\/02\/27\/amnesty-appelle-a-liberer-moussi-et-a-abandonner-les-poursuites-contre-elle\/#primaryimage\"},\"thumbnailUrl\":\"https:\/\/kapitalis.com\/tunisie\/wp-content\/uploads\/2023\/03\/Abir-Moussi-1.jpg\",\"datePublished\":\"2024-02-27T10:54:29+00:00\",\"dateModified\":\"2024-02-27T10:54:31+00:00\",\"breadcrumb\":{\"@id\":\"https:\/\/kapitalis.com\/tunisie\/2024\/02\/27\/amnesty-appelle-a-liberer-moussi-et-a-abandonner-les-poursuites-contre-elle\/#breadcrumb\"},\"inLanguage\":\"fr-FR\",\"potentialAction\":[{\"@type\":\"ReadAction\",\"target\":[\"https:\/\/kapitalis.com\/tunisie\/2024\/02\/27\/amnesty-appelle-a-liberer-moussi-et-a-abandonner-les-poursuites-contre-elle\/\"]}]},{\"@type\":\"ImageObject\",\"inLanguage\":\"fr-FR\",\"@id\":\"https:\/\/kapitalis.com\/tunisie\/2024\/02\/27\/amnesty-appelle-a-liberer-moussi-et-a-abandonner-les-poursuites-contre-elle\/#primaryimage\",\"url\":\"https:\/\/kapitalis.com\/tunisie\/wp-content\/uploads\/2023\/03\/Abir-Moussi-1.jpg\",\"contentUrl\":\"https:\/\/kapitalis.com\/tunisie\/wp-content\/uploads\/2023\/03\/Abir-Moussi-1.jpg\",\"width\":1200,\"height\":630},{\"@type\":\"BreadcrumbList\",\"@id\":\"https:\/\/kapitalis.com\/tunisie\/2024\/02\/27\/amnesty-appelle-a-liberer-moussi-et-a-abandonner-les-poursuites-contre-elle\/#breadcrumb\",\"itemListElement\":[{\"@type\":\"ListItem\",\"position\":1,\"name\":\"Accueil\",\"item\":\"https:\/\/kapitalis.com\/tunisie\/\"},{\"@type\":\"ListItem\",\"position\":2,\"name\":\"Amnesty appelle \u00e0 lib\u00e9rer Moussi et \u00e0 abandonner les poursuites contre elle\"}]},{\"@type\":\"WebSite\",\"@id\":\"https:\/\/kapitalis.com\/tunisie\/#website\",\"url\":\"https:\/\/kapitalis.com\/tunisie\/\",\"name\":\"Kapitalis\",\"description\":\"L&#039;actualit\u00e9 en Tunisie et dans le monde\",\"publisher\":{\"@id\":\"https:\/\/kapitalis.com\/tunisie\/#organization\"},\"potentialAction\":[{\"@type\":\"SearchAction\",\"target\":{\"@type\":\"EntryPoint\",\"urlTemplate\":\"https:\/\/kapitalis.com\/tunisie\/?s={search_term_string}\"},\"query-input\":{\"@type\":\"PropertyValueSpecification\",\"valueRequired\":true,\"valueName\":\"search_term_string\"}}],\"inLanguage\":\"fr-FR\"},{\"@type\":\"Organization\",\"@id\":\"https:\/\/kapitalis.com\/tunisie\/#organization\",\"name\":\"Kapitalis\",\"url\":\"https:\/\/kapitalis.com\/tunisie\/\",\"logo\":{\"@type\":\"ImageObject\",\"inLanguage\":\"fr-FR\",\"@id\":\"https:\/\/kapitalis.com\/tunisie\/#\/schema\/logo\/image\/\",\"url\":\"https:\/\/kapitalis.com\/tunisie\/wp-content\/uploads\/2022\/05\/Kapitalis-big-size.png\",\"contentUrl\":\"https:\/\/kapitalis.com\/tunisie\/wp-content\/uploads\/2022\/05\/Kapitalis-big-size.png\",\"width\":5000,\"height\":1500,\"caption\":\"Kapitalis\"},\"image\":{\"@id\":\"https:\/\/kapitalis.com\/tunisie\/#\/schema\/logo\/image\/\"},\"sameAs\":[\"https:\/\/www.facebook.com\/KapitalisInfo\/\",\"https:\/\/x.com\/KapitalisInfo\",\"https:\/\/www.youtube.com\/channel\/UC-yDYrHyfFBWWZaOw3FPg9Q\"]},{\"@type\":\"Person\",\"@id\":\"https:\/\/kapitalis.com\/tunisie\/#\/schema\/person\/d71f33a9ca44f7bad4698210b480c8e9\",\"name\":\"webmaster kapitalis\",\"url\":\"https:\/\/kapitalis.com\/tunisie\/author\/webmaster-kapitalis\/\"}]}<\/script>\n<!-- \/ Yoast SEO plugin. -->","yoast_head_json":{"title":"Amnesty appelle \u00e0 lib\u00e9rer Moussi et \u00e0 abandonner les poursuites contre elle - Kapitalis","robots":{"index":"index","follow":"follow","max-snippet":"max-snippet:-1","max-image-preview":"max-image-preview:large","max-video-preview":"max-video-preview:-1"},"canonical":"https:\/\/kapitalis.com\/tunisie\/2024\/02\/27\/amnesty-appelle-a-liberer-moussi-et-a-abandonner-les-poursuites-contre-elle\/","og_locale":"fr_FR","og_type":"article","og_title":"Amnesty appelle \u00e0 lib\u00e9rer Moussi et \u00e0 abandonner les poursuites contre elle - Kapitalis","og_description":"AI appelle la Tunisie \u00e0 \u00ablib\u00e9rer imm\u00e9diatement Abir Moussi et abandonner les charges qui p\u00e8sent sur elle.\u00bb","og_url":"https:\/\/kapitalis.com\/tunisie\/2024\/02\/27\/amnesty-appelle-a-liberer-moussi-et-a-abandonner-les-poursuites-contre-elle\/","og_site_name":"Kapitalis","article_publisher":"https:\/\/www.facebook.com\/KapitalisInfo\/","article_published_time":"2024-02-27T10:54:29+00:00","article_modified_time":"2024-02-27T10:54:31+00:00","og_image":[{"width":1200,"height":630,"url":"https:\/\/kapitalis.com\/tunisie\/wp-content\/uploads\/2023\/03\/Abir-Moussi-1.jpg","type":"image\/jpeg"}],"author":"webmaster kapitalis","twitter_card":"summary_large_image","twitter_creator":"@KapitalisInfo","twitter_site":"@KapitalisInfo","twitter_misc":{"\u00c9crit par":"webmaster kapitalis","Dur\u00e9e de lecture estim\u00e9e":"2 minutes"},"schema":{"@context":"https:\/\/schema.org","@graph":[{"@type":"Article","@id":"https:\/\/kapitalis.com\/tunisie\/2024\/02\/27\/amnesty-appelle-a-liberer-moussi-et-a-abandonner-les-poursuites-contre-elle\/#article","isPartOf":{"@id":"https:\/\/kapitalis.com\/tunisie\/2024\/02\/27\/amnesty-appelle-a-liberer-moussi-et-a-abandonner-les-poursuites-contre-elle\/"},"author":{"name":"webmaster kapitalis","@id":"https:\/\/kapitalis.com\/tunisie\/#\/schema\/person\/d71f33a9ca44f7bad4698210b480c8e9"},"headline":"Amnesty appelle \u00e0 lib\u00e9rer Moussi et \u00e0 abandonner les poursuites contre elle","datePublished":"2024-02-27T10:54:29+00:00","dateModified":"2024-02-27T10:54:31+00:00","mainEntityOfPage":{"@id":"https:\/\/kapitalis.com\/tunisie\/2024\/02\/27\/amnesty-appelle-a-liberer-moussi-et-a-abandonner-les-poursuites-contre-elle\/"},"wordCount":274,"commentCount":1,"publisher":{"@id":"https:\/\/kapitalis.com\/tunisie\/#organization"},"image":{"@id":"https:\/\/kapitalis.com\/tunisie\/2024\/02\/27\/amnesty-appelle-a-liberer-moussi-et-a-abandonner-les-poursuites-contre-elle\/#primaryimage"},"thumbnailUrl":"https:\/\/kapitalis.com\/tunisie\/wp-content\/uploads\/2023\/03\/Abir-Moussi-1.jpg","keywords":["Abir Moussi","Amnesty international","d\u00e9cret-loi n\u00b0\u00a054","Isie","Parti destourien libre","PDL","Tunisie"],"articleSection":["POLITIQUE","Tunisie"],"inLanguage":"fr-FR","potentialAction":[{"@type":"CommentAction","name":"Comment","target":["https:\/\/kapitalis.com\/tunisie\/2024\/02\/27\/amnesty-appelle-a-liberer-moussi-et-a-abandonner-les-poursuites-contre-elle\/#respond"]}]},{"@type":"WebPage","@id":"https:\/\/kapitalis.com\/tunisie\/2024\/02\/27\/amnesty-appelle-a-liberer-moussi-et-a-abandonner-les-poursuites-contre-elle\/","url":"https:\/\/kapitalis.com\/tunisie\/2024\/02\/27\/amnesty-appelle-a-liberer-moussi-et-a-abandonner-les-poursuites-contre-elle\/","name":"Amnesty appelle \u00e0 lib\u00e9rer Moussi et \u00e0 abandonner les poursuites contre elle - Kapitalis","isPartOf":{"@id":"https:\/\/kapitalis.com\/tunisie\/#website"},"primaryImageOfPage":{"@id":"https:\/\/kapitalis.com\/tunisie\/2024\/02\/27\/amnesty-appelle-a-liberer-moussi-et-a-abandonner-les-poursuites-contre-elle\/#primaryimage"},"image":{"@id":"https:\/\/kapitalis.com\/tunisie\/2024\/02\/27\/amnesty-appelle-a-liberer-moussi-et-a-abandonner-les-poursuites-contre-elle\/#primaryimage"},"thumbnailUrl":"https:\/\/kapitalis.com\/tunisie\/wp-content\/uploads\/2023\/03\/Abir-Moussi-1.jpg","datePublished":"2024-02-27T10:54:29+00:00","dateModified":"2024-02-27T10:54:31+00:00","breadcrumb":{"@id":"https:\/\/kapitalis.com\/tunisie\/2024\/02\/27\/amnesty-appelle-a-liberer-moussi-et-a-abandonner-les-poursuites-contre-elle\/#breadcrumb"},"inLanguage":"fr-FR","potentialAction":[{"@type":"ReadAction","target":["https:\/\/kapitalis.com\/tunisie\/2024\/02\/27\/amnesty-appelle-a-liberer-moussi-et-a-abandonner-les-poursuites-contre-elle\/"]}]},{"@type":"ImageObject","inLanguage":"fr-FR","@id":"https:\/\/kapitalis.com\/tunisie\/2024\/02\/27\/amnesty-appelle-a-liberer-moussi-et-a-abandonner-les-poursuites-contre-elle\/#primaryimage","url":"https:\/\/kapitalis.com\/tunisie\/wp-content\/uploads\/2023\/03\/Abir-Moussi-1.jpg","contentUrl":"https:\/\/kapitalis.com\/tunisie\/wp-content\/uploads\/2023\/03\/Abir-Moussi-1.jpg","width":1200,"height":630},{"@type":"BreadcrumbList","@id":"https:\/\/kapitalis.com\/tunisie\/2024\/02\/27\/amnesty-appelle-a-liberer-moussi-et-a-abandonner-les-poursuites-contre-elle\/#breadcrumb","itemListElement":[{"@type":"ListItem","position":1,"name":"Accueil","item":"https:\/\/kapitalis.com\/tunisie\/"},{"@type":"ListItem","position":2,"name":"Amnesty appelle \u00e0 lib\u00e9rer Moussi et \u00e0 abandonner les poursuites contre elle"}]},{"@type":"WebSite","@id":"https:\/\/kapitalis.com\/tunisie\/#website","url":"https:\/\/kapitalis.com\/tunisie\/","name":"Kapitalis","description":"L&#039;actualit\u00e9 en Tunisie et dans le monde","publisher":{"@id":"https:\/\/kapitalis.com\/tunisie\/#organization"},"potentialAction":[{"@type":"SearchAction","target":{"@type":"EntryPoint","urlTemplate":"https:\/\/kapitalis.com\/tunisie\/?s={search_term_string}"},"query-input":{"@type":"PropertyValueSpecification","valueRequired":true,"valueName":"search_term_string"}}],"inLanguage":"fr-FR"},{"@type":"Organization","@id":"https:\/\/kapitalis.com\/tunisie\/#organization","name":"Kapitalis","url":"https:\/\/kapitalis.com\/tunisie\/","logo":{"@type":"ImageObject","inLanguage":"fr-FR","@id":"https:\/\/kapitalis.com\/tunisie\/#\/schema\/logo\/image\/","url":"https:\/\/kapitalis.com\/tunisie\/wp-content\/uploads\/2022\/05\/Kapitalis-big-size.png","contentUrl":"https:\/\/kapitalis.com\/tunisie\/wp-content\/uploads\/2022\/05\/Kapitalis-big-size.png","width":5000,"height":1500,"caption":"Kapitalis"},"image":{"@id":"https:\/\/kapitalis.com\/tunisie\/#\/schema\/logo\/image\/"},"sameAs":["https:\/\/www.facebook.com\/KapitalisInfo\/","https:\/\/x.com\/KapitalisInfo","https:\/\/www.youtube.com\/channel\/UC-yDYrHyfFBWWZaOw3FPg9Q"]},{"@type":"Person","@id":"https:\/\/kapitalis.com\/tunisie\/#\/schema\/person\/d71f33a9ca44f7bad4698210b480c8e9","name":"webmaster kapitalis","url":"https:\/\/kapitalis.com\/tunisie\/author\/webmaster-kapitalis\/"}]}},"_links":{"self":[{"href":"https:\/\/kapitalis.com\/tunisie\/wp-json\/wp\/v2\/posts\/11761189","targetHints":{"allow":["GET"]}}],"collection":[{"href":"https:\/\/kapitalis.com\/tunisie\/wp-json\/wp\/v2\/posts"}],"about":[{"href":"https:\/\/kapitalis.com\/tunisie\/wp-json\/wp\/v2\/types\/post"}],"author":[{"embeddable":true,"href":"https:\/\/kapitalis.com\/tunisie\/wp-json\/wp\/v2\/users\/8"}],"replies":[{"embeddable":true,"href":"https:\/\/kapitalis.com\/tunisie\/wp-json\/wp\/v2\/comments?post=11761189"}],"version-history":[{"count":1,"href":"https:\/\/kapitalis.com\/tunisie\/wp-json\/wp\/v2\/posts\/11761189\/revisions"}],"predecessor-version":[{"id":11761258,"href":"https:\/\/kapitalis.com\/tunisie\/wp-json\/wp\/v2\/posts\/11761189\/revisions\/11761258"}],"wp:featuredmedia":[{"embeddable":true,"href":"https:\/\/kapitalis.com\/tunisie\/wp-json\/wp\/v2\/media\/7035288"}],"wp:attachment":[{"href":"https:\/\/kapitalis.com\/tunisie\/wp-json\/wp\/v2\/media?parent=11761189"}],"wp:term":[{"taxonomy":"category","embeddable":true,"href":"https:\/\/kapitalis.com\/tunisie\/wp-json\/wp\/v2\/categories?post=11761189"},{"taxonomy":"post_tag","embeddable":true,"href":"https:\/\/kapitalis.com\/tunisie\/wp-json\/wp\/v2\/tags?post=11761189"}],"curies":[{"name":"wp","href":"https:\/\/api.w.org\/{rel}","templated":true}]}}