{"id":1177958,"date":"2022-06-02T10:11:39","date_gmt":"2022-06-02T09:11:39","guid":{"rendered":"https:\/\/kapitalis.com\/tunisie\/?p=1177958"},"modified":"2022-06-02T10:11:42","modified_gmt":"2022-06-02T09:11:42","slug":"lancement-des-journees-tunisiennes-des-droits-dauteur-et-des-droits-voisins","status":"publish","type":"post","link":"https:\/\/kapitalis.com\/tunisie\/2022\/06\/02\/lancement-des-journees-tunisiennes-des-droits-dauteur-et-des-droits-voisins\/","title":{"rendered":"Lancement des Journ\u00e9es tunisiennes des Droits d\u2019auteur et des Droits voisins"},"content":{"rendered":"\n<p><em><strong>La premi\u00e8re \u00e9dition des Journ\u00e9es tunisiennes des droits d\u2019auteur et des droits voisins aura lieu du 3 au 5 juin \u00e0 La Cit\u00e9 de la Culture de Tunis.<\/strong><\/em><\/p>\n\n\n\n<!--more-->\n\n\n\n<p>Le minist\u00e8re des Affaires culturelles et l\u2019Organisme tunisien des droits d\u2019auteur et des droits voisins organisent Les Journ\u00e9es tunisiennes des Droits d\u2019auteur et des droits voisins dans leur premi\u00e8re \u00e9dition qui s\u2019\u00e9talera sur trois journ\u00e9es (les 3, 4 et 5 juin 2022).<\/p>\n\n\n\n<p>L\u2019\u00e9v\u00e9nement comprendra une exposition en hommage au peintre tunisien Hedi Turki (1922 \u2013 2019), une conf\u00e9rence autour du th\u00e8me du march\u00e9 de l\u2019art et de la propri\u00e9t\u00e9 intellectuelle, une exposition en hommage au peintre tunisien Mongi Maatoug, ainsi qu\u2019une grande soir\u00e9e musicale \u00e0 la salle de l\u2019Op\u00e9ra sous la direction du maestro Mohamed Lasoued.<\/p>\n\n\n\n<p><\/p>\n\n\n\n<p class=\"has-text-align-right\"><strong>F.B<\/strong><\/p>\n","protected":false},"excerpt":{"rendered":"<p>La premi\u00e8re \u00e9dition des Journ\u00e9es tunisiennes des droits d\u2019auteur et des droits voisins aura lieu du 3 au 5 juin \u00e0 La Cit\u00e9 de la Culture de Tunis.<\/p>\n","protected":false},"author":26,"featured_media":1178832,"comment_status":"open","ping_status":"open","sticky":false,"template":"","format":"standard","meta":{"footnotes":""},"categories":[994,2433],"tags":[43554,100275,100276,62643],"class_list":["post-1177958","post","type-post","status-publish","format-standard","has-post-thumbnail","hentry","category-culture","category-tunisie","tag-cite-de-la-culture-de-tunis","tag-journees-tunisiennes-des-droits-dauteur","tag-organisme-tunisien-des-droits-dauteur","tag-tunisie"],"yoast_head":"<!-- This site is optimized with the Yoast SEO plugin v26.6 - https:\/\/yoast.com\/wordpress\/plugins\/seo\/ -->\n<title>Lancement des Journ\u00e9es tunisiennes des Droits d\u2019auteur et des Droits voisins - Kapitalis<\/title>\n<meta name=\"robots\" content=\"index, follow, max-snippet:-1, max-image-preview:large, max-video-preview:-1\" \/>\n<link rel=\"canonical\" href=\"https:\/\/kapitalis.com\/tunisie\/2022\/06\/02\/lancement-des-journees-tunisiennes-des-droits-dauteur-et-des-droits-voisins\/\" \/>\n<meta property=\"og:locale\" content=\"fr_FR\" \/>\n<meta property=\"og:type\" content=\"article\" \/>\n<meta property=\"og:title\" content=\"Lancement des Journ\u00e9es tunisiennes des Droits d\u2019auteur et des Droits voisins - Kapitalis\" \/>\n<meta property=\"og:description\" content=\"La premi\u00e8re \u00e9dition des Journ\u00e9es tunisiennes des droits d\u2019auteur et des droits voisins aura lieu du 3 au 5 juin \u00e0 La Cit\u00e9 de la Culture de Tunis.\" \/>\n<meta property=\"og:url\" content=\"https:\/\/kapitalis.com\/tunisie\/2022\/06\/02\/lancement-des-journees-tunisiennes-des-droits-dauteur-et-des-droits-voisins\/\" \/>\n<meta property=\"og:site_name\" content=\"Kapitalis\" \/>\n<meta property=\"article:publisher\" content=\"https:\/\/www.facebook.com\/KapitalisInfo\/\" \/>\n<meta property=\"article:published_time\" content=\"2022-06-02T09:11:39+00:00\" \/>\n<meta property=\"article:modified_time\" content=\"2022-06-02T09:11:42+00:00\" \/>\n<meta property=\"og:image\" content=\"https:\/\/kapitalis.com\/tunisie\/wp-content\/uploads\/2022\/06\/Journees-des-droits-dauteur.jpg\" \/>\n\t<meta property=\"og:image:width\" content=\"1200\" \/>\n\t<meta property=\"og:image:height\" content=\"630\" \/>\n\t<meta property=\"og:image:type\" content=\"image\/jpeg\" \/>\n<meta name=\"author\" content=\"Fawz BenAli\" \/>\n<meta name=\"twitter:card\" content=\"summary_large_image\" \/>\n<meta name=\"twitter:creator\" content=\"@KapitalisInfo\" \/>\n<meta name=\"twitter:site\" content=\"@KapitalisInfo\" \/>\n<meta name=\"twitter:label1\" content=\"\u00c9crit par\" \/>\n\t<meta name=\"twitter:data1\" content=\"Fawz BenAli\" \/>\n\t<meta name=\"twitter:label2\" content=\"Dur\u00e9e de lecture estim\u00e9e\" \/>\n\t<meta name=\"twitter:data2\" content=\"1 minute\" \/>\n<script type=\"application\/ld+json\" class=\"yoast-schema-graph\">{\"@context\":\"https:\/\/schema.org\",\"@graph\":[{\"@type\":\"Article\",\"@id\":\"https:\/\/kapitalis.com\/tunisie\/2022\/06\/02\/lancement-des-journees-tunisiennes-des-droits-dauteur-et-des-droits-voisins\/#article\",\"isPartOf\":{\"@id\":\"https:\/\/kapitalis.com\/tunisie\/2022\/06\/02\/lancement-des-journees-tunisiennes-des-droits-dauteur-et-des-droits-voisins\/\"},\"author\":{\"name\":\"Fawz BenAli\",\"@id\":\"https:\/\/kapitalis.com\/tunisie\/#\/schema\/person\/73a5ecc1f6ae540c6ed91342eadca948\"},\"headline\":\"Lancement des Journ\u00e9es tunisiennes des Droits d\u2019auteur et des Droits voisins\",\"datePublished\":\"2022-06-02T09:11:39+00:00\",\"dateModified\":\"2022-06-02T09:11:42+00:00\",\"mainEntityOfPage\":{\"@id\":\"https:\/\/kapitalis.com\/tunisie\/2022\/06\/02\/lancement-des-journees-tunisiennes-des-droits-dauteur-et-des-droits-voisins\/\"},\"wordCount\":149,\"commentCount\":0,\"publisher\":{\"@id\":\"https:\/\/kapitalis.com\/tunisie\/#organization\"},\"image\":{\"@id\":\"https:\/\/kapitalis.com\/tunisie\/2022\/06\/02\/lancement-des-journees-tunisiennes-des-droits-dauteur-et-des-droits-voisins\/#primaryimage\"},\"thumbnailUrl\":\"https:\/\/kapitalis.com\/tunisie\/wp-content\/uploads\/2022\/06\/Journees-des-droits-dauteur.jpg\",\"keywords\":[\"Cit\u00e9 de la Culture de Tunis\",\"Journ\u00e9es tunisiennes des droits d&#039;auteur\",\"Organisme tunisien des droits d&#039;auteur\",\"Tunisie\"],\"articleSection\":[\"CULTURE\",\"Tunisie\"],\"inLanguage\":\"fr-FR\",\"potentialAction\":[{\"@type\":\"CommentAction\",\"name\":\"Comment\",\"target\":[\"https:\/\/kapitalis.com\/tunisie\/2022\/06\/02\/lancement-des-journees-tunisiennes-des-droits-dauteur-et-des-droits-voisins\/#respond\"]}]},{\"@type\":\"WebPage\",\"@id\":\"https:\/\/kapitalis.com\/tunisie\/2022\/06\/02\/lancement-des-journees-tunisiennes-des-droits-dauteur-et-des-droits-voisins\/\",\"url\":\"https:\/\/kapitalis.com\/tunisie\/2022\/06\/02\/lancement-des-journees-tunisiennes-des-droits-dauteur-et-des-droits-voisins\/\",\"name\":\"Lancement des Journ\u00e9es tunisiennes des Droits d\u2019auteur et des Droits voisins - Kapitalis\",\"isPartOf\":{\"@id\":\"https:\/\/kapitalis.com\/tunisie\/#website\"},\"primaryImageOfPage\":{\"@id\":\"https:\/\/kapitalis.com\/tunisie\/2022\/06\/02\/lancement-des-journees-tunisiennes-des-droits-dauteur-et-des-droits-voisins\/#primaryimage\"},\"image\":{\"@id\":\"https:\/\/kapitalis.com\/tunisie\/2022\/06\/02\/lancement-des-journees-tunisiennes-des-droits-dauteur-et-des-droits-voisins\/#primaryimage\"},\"thumbnailUrl\":\"https:\/\/kapitalis.com\/tunisie\/wp-content\/uploads\/2022\/06\/Journees-des-droits-dauteur.jpg\",\"datePublished\":\"2022-06-02T09:11:39+00:00\",\"dateModified\":\"2022-06-02T09:11:42+00:00\",\"breadcrumb\":{\"@id\":\"https:\/\/kapitalis.com\/tunisie\/2022\/06\/02\/lancement-des-journees-tunisiennes-des-droits-dauteur-et-des-droits-voisins\/#breadcrumb\"},\"inLanguage\":\"fr-FR\",\"potentialAction\":[{\"@type\":\"ReadAction\",\"target\":[\"https:\/\/kapitalis.com\/tunisie\/2022\/06\/02\/lancement-des-journees-tunisiennes-des-droits-dauteur-et-des-droits-voisins\/\"]}]},{\"@type\":\"ImageObject\",\"inLanguage\":\"fr-FR\",\"@id\":\"https:\/\/kapitalis.com\/tunisie\/2022\/06\/02\/lancement-des-journees-tunisiennes-des-droits-dauteur-et-des-droits-voisins\/#primaryimage\",\"url\":\"https:\/\/kapitalis.com\/tunisie\/wp-content\/uploads\/2022\/06\/Journees-des-droits-dauteur.jpg\",\"contentUrl\":\"https:\/\/kapitalis.com\/tunisie\/wp-content\/uploads\/2022\/06\/Journees-des-droits-dauteur.jpg\",\"width\":1200,\"height\":630},{\"@type\":\"BreadcrumbList\",\"@id\":\"https:\/\/kapitalis.com\/tunisie\/2022\/06\/02\/lancement-des-journees-tunisiennes-des-droits-dauteur-et-des-droits-voisins\/#breadcrumb\",\"itemListElement\":[{\"@type\":\"ListItem\",\"position\":1,\"name\":\"Accueil\",\"item\":\"https:\/\/kapitalis.com\/tunisie\/\"},{\"@type\":\"ListItem\",\"position\":2,\"name\":\"Lancement des Journ\u00e9es tunisiennes des Droits d\u2019auteur et des Droits voisins\"}]},{\"@type\":\"WebSite\",\"@id\":\"https:\/\/kapitalis.com\/tunisie\/#website\",\"url\":\"https:\/\/kapitalis.com\/tunisie\/\",\"name\":\"Kapitalis\",\"description\":\"L&#039;actualit\u00e9 en Tunisie et dans le monde\",\"publisher\":{\"@id\":\"https:\/\/kapitalis.com\/tunisie\/#organization\"},\"potentialAction\":[{\"@type\":\"SearchAction\",\"target\":{\"@type\":\"EntryPoint\",\"urlTemplate\":\"https:\/\/kapitalis.com\/tunisie\/?s={search_term_string}\"},\"query-input\":{\"@type\":\"PropertyValueSpecification\",\"valueRequired\":true,\"valueName\":\"search_term_string\"}}],\"inLanguage\":\"fr-FR\"},{\"@type\":\"Organization\",\"@id\":\"https:\/\/kapitalis.com\/tunisie\/#organization\",\"name\":\"Kapitalis\",\"url\":\"https:\/\/kapitalis.com\/tunisie\/\",\"logo\":{\"@type\":\"ImageObject\",\"inLanguage\":\"fr-FR\",\"@id\":\"https:\/\/kapitalis.com\/tunisie\/#\/schema\/logo\/image\/\",\"url\":\"https:\/\/kapitalis.com\/tunisie\/wp-content\/uploads\/2022\/05\/Kapitalis-big-size.png\",\"contentUrl\":\"https:\/\/kapitalis.com\/tunisie\/wp-content\/uploads\/2022\/05\/Kapitalis-big-size.png\",\"width\":5000,\"height\":1500,\"caption\":\"Kapitalis\"},\"image\":{\"@id\":\"https:\/\/kapitalis.com\/tunisie\/#\/schema\/logo\/image\/\"},\"sameAs\":[\"https:\/\/www.facebook.com\/KapitalisInfo\/\",\"https:\/\/x.com\/KapitalisInfo\",\"https:\/\/www.youtube.com\/channel\/UC-yDYrHyfFBWWZaOw3FPg9Q\"]},{\"@type\":\"Person\",\"@id\":\"https:\/\/kapitalis.com\/tunisie\/#\/schema\/person\/73a5ecc1f6ae540c6ed91342eadca948\",\"name\":\"Fawz BenAli\",\"url\":\"https:\/\/kapitalis.com\/tunisie\/author\/fawz\/\"}]}<\/script>\n<!-- \/ Yoast SEO plugin. -->","yoast_head_json":{"title":"Lancement des Journ\u00e9es tunisiennes des Droits d\u2019auteur et des Droits voisins - Kapitalis","robots":{"index":"index","follow":"follow","max-snippet":"max-snippet:-1","max-image-preview":"max-image-preview:large","max-video-preview":"max-video-preview:-1"},"canonical":"https:\/\/kapitalis.com\/tunisie\/2022\/06\/02\/lancement-des-journees-tunisiennes-des-droits-dauteur-et-des-droits-voisins\/","og_locale":"fr_FR","og_type":"article","og_title":"Lancement des Journ\u00e9es tunisiennes des Droits d\u2019auteur et des Droits voisins - Kapitalis","og_description":"La premi\u00e8re \u00e9dition des Journ\u00e9es tunisiennes des droits d\u2019auteur et des droits voisins aura lieu du 3 au 5 juin \u00e0 La Cit\u00e9 de la Culture de Tunis.","og_url":"https:\/\/kapitalis.com\/tunisie\/2022\/06\/02\/lancement-des-journees-tunisiennes-des-droits-dauteur-et-des-droits-voisins\/","og_site_name":"Kapitalis","article_publisher":"https:\/\/www.facebook.com\/KapitalisInfo\/","article_published_time":"2022-06-02T09:11:39+00:00","article_modified_time":"2022-06-02T09:11:42+00:00","og_image":[{"width":1200,"height":630,"url":"https:\/\/kapitalis.com\/tunisie\/wp-content\/uploads\/2022\/06\/Journees-des-droits-dauteur.jpg","type":"image\/jpeg"}],"author":"Fawz BenAli","twitter_card":"summary_large_image","twitter_creator":"@KapitalisInfo","twitter_site":"@KapitalisInfo","twitter_misc":{"\u00c9crit par":"Fawz BenAli","Dur\u00e9e de lecture estim\u00e9e":"1 minute"},"schema":{"@context":"https:\/\/schema.org","@graph":[{"@type":"Article","@id":"https:\/\/kapitalis.com\/tunisie\/2022\/06\/02\/lancement-des-journees-tunisiennes-des-droits-dauteur-et-des-droits-voisins\/#article","isPartOf":{"@id":"https:\/\/kapitalis.com\/tunisie\/2022\/06\/02\/lancement-des-journees-tunisiennes-des-droits-dauteur-et-des-droits-voisins\/"},"author":{"name":"Fawz BenAli","@id":"https:\/\/kapitalis.com\/tunisie\/#\/schema\/person\/73a5ecc1f6ae540c6ed91342eadca948"},"headline":"Lancement des Journ\u00e9es tunisiennes des Droits d\u2019auteur et des Droits voisins","datePublished":"2022-06-02T09:11:39+00:00","dateModified":"2022-06-02T09:11:42+00:00","mainEntityOfPage":{"@id":"https:\/\/kapitalis.com\/tunisie\/2022\/06\/02\/lancement-des-journees-tunisiennes-des-droits-dauteur-et-des-droits-voisins\/"},"wordCount":149,"commentCount":0,"publisher":{"@id":"https:\/\/kapitalis.com\/tunisie\/#organization"},"image":{"@id":"https:\/\/kapitalis.com\/tunisie\/2022\/06\/02\/lancement-des-journees-tunisiennes-des-droits-dauteur-et-des-droits-voisins\/#primaryimage"},"thumbnailUrl":"https:\/\/kapitalis.com\/tunisie\/wp-content\/uploads\/2022\/06\/Journees-des-droits-dauteur.jpg","keywords":["Cit\u00e9 de la Culture de Tunis","Journ\u00e9es tunisiennes des droits d&#039;auteur","Organisme tunisien des droits d&#039;auteur","Tunisie"],"articleSection":["CULTURE","Tunisie"],"inLanguage":"fr-FR","potentialAction":[{"@type":"CommentAction","name":"Comment","target":["https:\/\/kapitalis.com\/tunisie\/2022\/06\/02\/lancement-des-journees-tunisiennes-des-droits-dauteur-et-des-droits-voisins\/#respond"]}]},{"@type":"WebPage","@id":"https:\/\/kapitalis.com\/tunisie\/2022\/06\/02\/lancement-des-journees-tunisiennes-des-droits-dauteur-et-des-droits-voisins\/","url":"https:\/\/kapitalis.com\/tunisie\/2022\/06\/02\/lancement-des-journees-tunisiennes-des-droits-dauteur-et-des-droits-voisins\/","name":"Lancement des Journ\u00e9es tunisiennes des Droits d\u2019auteur et des Droits voisins - Kapitalis","isPartOf":{"@id":"https:\/\/kapitalis.com\/tunisie\/#website"},"primaryImageOfPage":{"@id":"https:\/\/kapitalis.com\/tunisie\/2022\/06\/02\/lancement-des-journees-tunisiennes-des-droits-dauteur-et-des-droits-voisins\/#primaryimage"},"image":{"@id":"https:\/\/kapitalis.com\/tunisie\/2022\/06\/02\/lancement-des-journees-tunisiennes-des-droits-dauteur-et-des-droits-voisins\/#primaryimage"},"thumbnailUrl":"https:\/\/kapitalis.com\/tunisie\/wp-content\/uploads\/2022\/06\/Journees-des-droits-dauteur.jpg","datePublished":"2022-06-02T09:11:39+00:00","dateModified":"2022-06-02T09:11:42+00:00","breadcrumb":{"@id":"https:\/\/kapitalis.com\/tunisie\/2022\/06\/02\/lancement-des-journees-tunisiennes-des-droits-dauteur-et-des-droits-voisins\/#breadcrumb"},"inLanguage":"fr-FR","potentialAction":[{"@type":"ReadAction","target":["https:\/\/kapitalis.com\/tunisie\/2022\/06\/02\/lancement-des-journees-tunisiennes-des-droits-dauteur-et-des-droits-voisins\/"]}]},{"@type":"ImageObject","inLanguage":"fr-FR","@id":"https:\/\/kapitalis.com\/tunisie\/2022\/06\/02\/lancement-des-journees-tunisiennes-des-droits-dauteur-et-des-droits-voisins\/#primaryimage","url":"https:\/\/kapitalis.com\/tunisie\/wp-content\/uploads\/2022\/06\/Journees-des-droits-dauteur.jpg","contentUrl":"https:\/\/kapitalis.com\/tunisie\/wp-content\/uploads\/2022\/06\/Journees-des-droits-dauteur.jpg","width":1200,"height":630},{"@type":"BreadcrumbList","@id":"https:\/\/kapitalis.com\/tunisie\/2022\/06\/02\/lancement-des-journees-tunisiennes-des-droits-dauteur-et-des-droits-voisins\/#breadcrumb","itemListElement":[{"@type":"ListItem","position":1,"name":"Accueil","item":"https:\/\/kapitalis.com\/tunisie\/"},{"@type":"ListItem","position":2,"name":"Lancement des Journ\u00e9es tunisiennes des Droits d\u2019auteur et des Droits voisins"}]},{"@type":"WebSite","@id":"https:\/\/kapitalis.com\/tunisie\/#website","url":"https:\/\/kapitalis.com\/tunisie\/","name":"Kapitalis","description":"L&#039;actualit\u00e9 en Tunisie et dans le monde","publisher":{"@id":"https:\/\/kapitalis.com\/tunisie\/#organization"},"potentialAction":[{"@type":"SearchAction","target":{"@type":"EntryPoint","urlTemplate":"https:\/\/kapitalis.com\/tunisie\/?s={search_term_string}"},"query-input":{"@type":"PropertyValueSpecification","valueRequired":true,"valueName":"search_term_string"}}],"inLanguage":"fr-FR"},{"@type":"Organization","@id":"https:\/\/kapitalis.com\/tunisie\/#organization","name":"Kapitalis","url":"https:\/\/kapitalis.com\/tunisie\/","logo":{"@type":"ImageObject","inLanguage":"fr-FR","@id":"https:\/\/kapitalis.com\/tunisie\/#\/schema\/logo\/image\/","url":"https:\/\/kapitalis.com\/tunisie\/wp-content\/uploads\/2022\/05\/Kapitalis-big-size.png","contentUrl":"https:\/\/kapitalis.com\/tunisie\/wp-content\/uploads\/2022\/05\/Kapitalis-big-size.png","width":5000,"height":1500,"caption":"Kapitalis"},"image":{"@id":"https:\/\/kapitalis.com\/tunisie\/#\/schema\/logo\/image\/"},"sameAs":["https:\/\/www.facebook.com\/KapitalisInfo\/","https:\/\/x.com\/KapitalisInfo","https:\/\/www.youtube.com\/channel\/UC-yDYrHyfFBWWZaOw3FPg9Q"]},{"@type":"Person","@id":"https:\/\/kapitalis.com\/tunisie\/#\/schema\/person\/73a5ecc1f6ae540c6ed91342eadca948","name":"Fawz BenAli","url":"https:\/\/kapitalis.com\/tunisie\/author\/fawz\/"}]}},"_links":{"self":[{"href":"https:\/\/kapitalis.com\/tunisie\/wp-json\/wp\/v2\/posts\/1177958","targetHints":{"allow":["GET"]}}],"collection":[{"href":"https:\/\/kapitalis.com\/tunisie\/wp-json\/wp\/v2\/posts"}],"about":[{"href":"https:\/\/kapitalis.com\/tunisie\/wp-json\/wp\/v2\/types\/post"}],"author":[{"embeddable":true,"href":"https:\/\/kapitalis.com\/tunisie\/wp-json\/wp\/v2\/users\/26"}],"replies":[{"embeddable":true,"href":"https:\/\/kapitalis.com\/tunisie\/wp-json\/wp\/v2\/comments?post=1177958"}],"version-history":[{"count":0,"href":"https:\/\/kapitalis.com\/tunisie\/wp-json\/wp\/v2\/posts\/1177958\/revisions"}],"wp:featuredmedia":[{"embeddable":true,"href":"https:\/\/kapitalis.com\/tunisie\/wp-json\/wp\/v2\/media\/1178832"}],"wp:attachment":[{"href":"https:\/\/kapitalis.com\/tunisie\/wp-json\/wp\/v2\/media?parent=1177958"}],"wp:term":[{"taxonomy":"category","embeddable":true,"href":"https:\/\/kapitalis.com\/tunisie\/wp-json\/wp\/v2\/categories?post=1177958"},{"taxonomy":"post_tag","embeddable":true,"href":"https:\/\/kapitalis.com\/tunisie\/wp-json\/wp\/v2\/tags?post=1177958"}],"curies":[{"name":"wp","href":"https:\/\/api.w.org\/{rel}","templated":true}]}}