{"id":11791885,"date":"2024-02-29T11:24:34","date_gmt":"2024-02-29T10:24:34","guid":{"rendered":"https:\/\/kapitalis.com\/tunisie\/?p=11791885"},"modified":"2024-02-29T11:27:32","modified_gmt":"2024-02-29T10:27:32","slug":"enjeu-de-limage-et-responsabilite-des-cineastes-face-au-monde","status":"publish","type":"post","link":"https:\/\/kapitalis.com\/tunisie\/2024\/02\/29\/enjeu-de-limage-et-responsabilite-des-cineastes-face-au-monde\/","title":{"rendered":"Enjeu de l\u2019image et responsabilit\u00e9 des cin\u00e9astes face au monde"},"content":{"rendered":"\n<p><strong><em>La confection des st\u00e9r\u00e9otypes proc\u00e8de d\u2019une propagande orchestr\u00e9e, r\u00e9p\u00e9titive, syst\u00e9matique selon les principes pavloviens. Au nom de l\u2019universalit\u00e9, le cin\u00e9ma et Hollywood en particulier fabriquent des lieux communs \u00e0 la cha\u00eene. Comment aborder la complexit\u00e9 des probl\u00e8mes du monde avec toutes leurs nuances en usant d\u2019arguments et non de paravents sensationnels?<\/em><\/strong><\/p>\n\n\n\n<p>Par <strong>Hichem Ben Ammar<\/strong> *<\/p>\n\n\n\n<!--more-->\n\n\n<div class=\"wp-block-image\">\n<figure class=\"alignleft size-full\"><img loading=\"lazy\" decoding=\"async\" width=\"200\" height=\"200\" src=\"https:\/\/kapitalis.com\/tunisie\/wp-content\/uploads\/2023\/04\/Hichem-Ben-Ammar.jpg\" alt=\"\" class=\"wp-image-7473513\" srcset=\"https:\/\/kapitalis.com\/tunisie\/wp-content\/uploads\/2023\/04\/Hichem-Ben-Ammar.jpg 200w, https:\/\/kapitalis.com\/tunisie\/wp-content\/uploads\/2023\/04\/Hichem-Ben-Ammar-150x150.jpg 150w, https:\/\/kapitalis.com\/tunisie\/wp-content\/uploads\/2023\/04\/Hichem-Ben-Ammar-120x120.jpg 120w\" sizes=\"auto, (max-width: 200px) 100vw, 200px\" \/><\/figure>\n<\/div>\n\n\n<p>Qu\u2019a-t-on le droit de dire haut et fort \u00e0 l\u2019ensemble du monde quand on est originaire d\u2019un pays du Sud, anciennement colonis\u00e9? Quel propos est-on autoris\u00e9 \u00e0 formuler et sur quel ton pour pouvoir acc\u00e9der aux r\u00e9seaux de grande visibilit\u00e9? A quelle id\u00e9ologie doit-on se conformer? A-t-on le droit de valoriser des arch\u00e9types universels et humanistes en se basant sur des sp\u00e9cificit\u00e9s culturelles ou est-on contraint \u00e0 produire de la couleur locale et des st\u00e9r\u00e9otypes r\u00e9ducteurs, car accessibles \u00e0 l\u2019entendement du large public, lui-m\u00eame conditionn\u00e9 par un matraquage incessant?<\/p>\n\n\n\n<p>La confection de ces st\u00e9r\u00e9otypes proc\u00e8de d\u2019une propagande orchestr\u00e9e, r\u00e9p\u00e9titive, syst\u00e9matique selon les principes pavloviens. Au nom de l\u2019universalit\u00e9, le cin\u00e9ma et Hollywood en particulier fabriquent des lieux communs \u00e0 la cha\u00eene. Rappelons-nous comment a \u00e9t\u00e9 fa\u00e7onn\u00e9e l\u2019image des Am\u00e9rindiens pour justifier et l\u00e9gitimer leur extermination. N\u2019oublions pas la caricature du communiste lors de la guerre froide, \u00e0 travers les films d\u2019espionnage. Souvenons-nous aussi des repr\u00e9sentations de l\u2019ennemi dans la pl\u00e9thore de films de guerre am\u00e9ricains et autres.<\/p>\n\n\n\n<h2 class=\"wp-block-heading\">La suppos\u00e9e sup\u00e9riorit\u00e9 de l\u2019homme occidental<\/h2>\n\n\n\n<p>Le clich\u00e9 du noir, de l\u2019oriental, de l\u2019immigr\u00e9, du r\u00e9sistant, du terroriste et de tant d\u2019autres figures sont soumises \u00e0 des d\u00e9formations fantaisistes, \u00e0 l\u2019exag\u00e9ration, \u00e0 la falsification et dans le meilleur des cas \u00e0 l\u2019approximation pour ancrer des pr\u00e9jug\u00e9s et des id\u00e9es ind\u00e9l\u00e9biles confirmant la sup\u00e9riorit\u00e9 de l\u2019homme occidental. Le cin\u00e9ma est un des moyens d\u2019influence les plus puissants pour nous rappeler la loi du plus fort.<\/p>\n\n\n\n<p>Pr\u00e9tendre que le cin\u00e9aste est totalement libre est une illusion, une na\u00efvet\u00e9. Le cr\u00e9ateur ou la cr\u00e9atrice sont encadr\u00e9s par une meute d\u2019experts. Il\/elle int\u00e8gre les conseils qu\u2019on leur donne quand il\/elle ne se fait pas manipuler au point de devenir de simples pr\u00eate-noms.<\/p>\n\n\n\n<p>En tant que produit industriel le film passe par de nombreux filtres exactement comme dans les usines o\u00f9 il y a un contr\u00f4le qualit\u00e9 en amont et en aval. Du script-docteur, au distributeur, en passant par les bailleurs de fonds et les directeurs artistiques de festivals, le syst\u00e8me impose ses normes. Mais c\u2019est le producteur qui est le garant du suivi de ce contr\u00f4le du contenu car c\u2019est lui qui flaire les tendances du moment et qui anticipe les tenants et aboutissants du march\u00e9 domin\u00e9 (et ce n\u2019est un secret pour personne) par le lobby sioniste.<\/p>\n\n\n\n<p>Les producteurs isra\u00e9lo-am\u00e9ricains Menahim Golan et Yoram Globus, ex-pilotes de guerre de Tsahal [l&rsquo;arm\u00e9e isra\u00e9lienne, Ndlr], devenus producteurs \u00e0 Hollywood dans les ann\u00e9es 90, sont d\u2019excellents exemples de cette mainmise sur l\u2019industrie du divertissement. Quant au producteur am\u00e9ricain Anron Milchan (<em>\u2018\u2018Pretty Woman\u2019\u2019<\/em>) qui a avou\u00e9 \u00eatre un espion du Mossad [le service de renseignements isra\u00e9lien, Ndlr] , il n\u2019est certainement pas le seul \u00e0 \u00eatre infiltr\u00e9 dans la nomenclature, un club tr\u00e8s ferm\u00e9 o\u00f9 on n\u2019entre que si on a montr\u00e9 patte blanche.<\/p>\n\n\n\n<h2 class=\"wp-block-heading\">Une forme de censure qui ne dit pas son nom<\/h2>\n\n\n\n<p>L\u2019enjeu de l\u2019image est g\u00e9opolitique. Ne pas vouloir le reconna\u00eetre c\u2019est faire preuve d\u2019aveuglement ou de complicit\u00e9 avec un syst\u00e8me qui \u00e9carte, discr\u00e9dite ou r\u00e9cup\u00e8re toute tentative de r\u00e9sister aux formatages, cette forme de censure qui ne dit pas son nom. La propagande en question a pour but, par exemple, de pr\u00e9parer le terrain \u00e0 une phrase monstrueuse comme celle de Netanyahu : <em>\u00abLes palestiniens de Gaza sont des animaux qu\u2019il faut exterminer\u00bb <\/em>[en fait, pour \u00eatre plus pr\u00e9cis, c\u2019est le ministre isra\u00e9lien de la D\u00e9fense, Yoav Galant, qui a d\u00e9clar\u00e9\u00a0: <em>\u00abNous imposons un si\u00e8ge total contre la ville de Gaza. Il n\u2019y a pas d\u2019\u00e9lectricit\u00e9, pas de nourriture, pas d\u2019eau, pas de carburant. Tout est ferm\u00e9. Nous combattons les animaux humains et nous agissons en cons\u00e9quence\u00bb<\/em>, Ndlr].<\/p>\n\n\n\n<p>L\u2019affirmation d\u2019une telle \u00e9normit\u00e9 a \u00e9t\u00e9 possible car l\u2019impact sournois de la manipulation quotidienne de l\u2019opinion mondiale a depuis fort longtemps consist\u00e9 \u00e0 rendre admissible une telle \u00e9nonciation afin qu\u2019elle ne choque pas, ayant \u00e9t\u00e9 pr\u00e9alablement justifi\u00e9e par des preuves pr\u00e9sum\u00e9es, des faits, des situations, des exemples, fournis par les faiseurs d\u2019images et notamment ceux des pays arabes, en l\u2019occurrence.<\/p>\n\n\n\n<p>Cela veut-il dire que nous devons occulter les probl\u00e8mes de nos pays, ne pas d\u00e9noncer, ne pas d\u00e9voiler? Comment formuler la critique pour qu\u2019elle ne tombe pas dans le d\u00e9nigrement contre-productif ? Comment aborder la complexit\u00e9 des probl\u00e8mes avec toutes leurs nuances? Comment \u00e9veiller les consciences en usant d\u2019arguments et non de paravents sensationnels? Telle est notre passionnante responsabilit\u00e9 de cin\u00e9astes face au monde. Seules les images peuvent dire si nous m\u00e9ritons ou pas notre ind\u00e9pendance dans le concert des nations, car faire des images d\u00e9ontologiques c\u2019est d\u2019abord revendiquer la dignit\u00e9.**<\/p>\n\n\n\n<p>* <em>R\u00e9alisateur et critique de cin\u00e9ma.<\/em><\/p>\n\n\n\n<p><em>** Le titre et les intertitres sont de la r\u00e9daction. <\/em><\/p>\n","protected":false},"excerpt":{"rendered":"<p>Comment aborder la complexit\u00e9 des probl\u00e8mes du monde avec toutes leurs nuances en usant d\u2019arguments et non de paravents sensationnels?<\/p>\n","protected":false},"author":8,"featured_media":11792151,"comment_status":"open","ping_status":"open","sticky":false,"template":"","format":"standard","meta":{"footnotes":""},"categories":[992,994,1000,2433],"tags":[114232,207,15268,69618,112121,114230,15202,114229,113183,114231],"class_list":["post-11791885","post","type-post","status-publish","format-standard","has-post-thumbnail","hentry","category-a-la-une","category-culture","category-tribune","category-tunisie","tag-anron-milchan","tag-cinema","tag-hichem-ben-ammar","tag-hollywood","tag-lobby-sioniste","tag-menahim-golan","tag-mossad","tag-stereotypes","tag-yoav-galant","tag-yoram-globus"],"yoast_head":"<!-- This site is optimized with the Yoast SEO plugin v26.6 - https:\/\/yoast.com\/wordpress\/plugins\/seo\/ -->\n<title>Enjeu de l\u2019image et responsabilit\u00e9 des cin\u00e9astes face au monde - Kapitalis<\/title>\n<meta name=\"robots\" content=\"index, follow, max-snippet:-1, max-image-preview:large, max-video-preview:-1\" \/>\n<link rel=\"canonical\" href=\"https:\/\/kapitalis.com\/tunisie\/2024\/02\/29\/enjeu-de-limage-et-responsabilite-des-cineastes-face-au-monde\/\" \/>\n<meta property=\"og:locale\" content=\"fr_FR\" \/>\n<meta property=\"og:type\" content=\"article\" \/>\n<meta property=\"og:title\" content=\"Enjeu de l\u2019image et responsabilit\u00e9 des cin\u00e9astes face au monde - Kapitalis\" \/>\n<meta property=\"og:description\" content=\"Comment aborder la complexit\u00e9 des probl\u00e8mes du monde avec toutes leurs nuances en usant d\u2019arguments et non de paravents sensationnels?\" \/>\n<meta property=\"og:url\" content=\"https:\/\/kapitalis.com\/tunisie\/2024\/02\/29\/enjeu-de-limage-et-responsabilite-des-cineastes-face-au-monde\/\" \/>\n<meta property=\"og:site_name\" content=\"Kapitalis\" \/>\n<meta property=\"article:publisher\" content=\"https:\/\/www.facebook.com\/KapitalisInfo\/\" \/>\n<meta property=\"article:published_time\" content=\"2024-02-29T10:24:34+00:00\" \/>\n<meta property=\"article:modified_time\" content=\"2024-02-29T10:27:32+00:00\" \/>\n<meta property=\"og:image\" content=\"https:\/\/kapitalis.com\/tunisie\/wp-content\/uploads\/2024\/02\/Superioriete-Homme-blanc.jpg\" \/>\n\t<meta property=\"og:image:width\" content=\"1200\" \/>\n\t<meta property=\"og:image:height\" content=\"630\" \/>\n\t<meta property=\"og:image:type\" content=\"image\/jpeg\" \/>\n<meta name=\"author\" content=\"webmaster kapitalis\" \/>\n<meta name=\"twitter:card\" content=\"summary_large_image\" \/>\n<meta name=\"twitter:creator\" content=\"@KapitalisInfo\" \/>\n<meta name=\"twitter:site\" content=\"@KapitalisInfo\" \/>\n<meta name=\"twitter:label1\" content=\"\u00c9crit par\" \/>\n\t<meta name=\"twitter:data1\" content=\"webmaster kapitalis\" \/>\n\t<meta name=\"twitter:label2\" content=\"Dur\u00e9e de lecture estim\u00e9e\" \/>\n\t<meta name=\"twitter:data2\" content=\"5 minutes\" \/>\n<script type=\"application\/ld+json\" class=\"yoast-schema-graph\">{\"@context\":\"https:\/\/schema.org\",\"@graph\":[{\"@type\":\"Article\",\"@id\":\"https:\/\/kapitalis.com\/tunisie\/2024\/02\/29\/enjeu-de-limage-et-responsabilite-des-cineastes-face-au-monde\/#article\",\"isPartOf\":{\"@id\":\"https:\/\/kapitalis.com\/tunisie\/2024\/02\/29\/enjeu-de-limage-et-responsabilite-des-cineastes-face-au-monde\/\"},\"author\":{\"name\":\"webmaster kapitalis\",\"@id\":\"https:\/\/kapitalis.com\/tunisie\/#\/schema\/person\/d71f33a9ca44f7bad4698210b480c8e9\"},\"headline\":\"Enjeu de l\u2019image et responsabilit\u00e9 des cin\u00e9astes face au monde\",\"datePublished\":\"2024-02-29T10:24:34+00:00\",\"dateModified\":\"2024-02-29T10:27:32+00:00\",\"mainEntityOfPage\":{\"@id\":\"https:\/\/kapitalis.com\/tunisie\/2024\/02\/29\/enjeu-de-limage-et-responsabilite-des-cineastes-face-au-monde\/\"},\"wordCount\":964,\"commentCount\":0,\"publisher\":{\"@id\":\"https:\/\/kapitalis.com\/tunisie\/#organization\"},\"image\":{\"@id\":\"https:\/\/kapitalis.com\/tunisie\/2024\/02\/29\/enjeu-de-limage-et-responsabilite-des-cineastes-face-au-monde\/#primaryimage\"},\"thumbnailUrl\":\"https:\/\/kapitalis.com\/tunisie\/wp-content\/uploads\/2024\/02\/Superioriete-Homme-blanc.jpg\",\"keywords\":[\"Anron Milchan\",\"cin\u00e9ma\",\"Hichem Ben Ammar\",\"Hollywood\",\"lobby sioniste\",\"Menahim Golan\",\"Mossad\",\"st\u00e9r\u00e9otypes\",\"Yoav Galant\",\"Yoram Globus\"],\"articleSection\":[\"A LA UNE\",\"CULTURE\",\"TRIBUNE\",\"Tunisie\"],\"inLanguage\":\"fr-FR\",\"potentialAction\":[{\"@type\":\"CommentAction\",\"name\":\"Comment\",\"target\":[\"https:\/\/kapitalis.com\/tunisie\/2024\/02\/29\/enjeu-de-limage-et-responsabilite-des-cineastes-face-au-monde\/#respond\"]}]},{\"@type\":\"WebPage\",\"@id\":\"https:\/\/kapitalis.com\/tunisie\/2024\/02\/29\/enjeu-de-limage-et-responsabilite-des-cineastes-face-au-monde\/\",\"url\":\"https:\/\/kapitalis.com\/tunisie\/2024\/02\/29\/enjeu-de-limage-et-responsabilite-des-cineastes-face-au-monde\/\",\"name\":\"Enjeu de l\u2019image et responsabilit\u00e9 des cin\u00e9astes face au monde - Kapitalis\",\"isPartOf\":{\"@id\":\"https:\/\/kapitalis.com\/tunisie\/#website\"},\"primaryImageOfPage\":{\"@id\":\"https:\/\/kapitalis.com\/tunisie\/2024\/02\/29\/enjeu-de-limage-et-responsabilite-des-cineastes-face-au-monde\/#primaryimage\"},\"image\":{\"@id\":\"https:\/\/kapitalis.com\/tunisie\/2024\/02\/29\/enjeu-de-limage-et-responsabilite-des-cineastes-face-au-monde\/#primaryimage\"},\"thumbnailUrl\":\"https:\/\/kapitalis.com\/tunisie\/wp-content\/uploads\/2024\/02\/Superioriete-Homme-blanc.jpg\",\"datePublished\":\"2024-02-29T10:24:34+00:00\",\"dateModified\":\"2024-02-29T10:27:32+00:00\",\"breadcrumb\":{\"@id\":\"https:\/\/kapitalis.com\/tunisie\/2024\/02\/29\/enjeu-de-limage-et-responsabilite-des-cineastes-face-au-monde\/#breadcrumb\"},\"inLanguage\":\"fr-FR\",\"potentialAction\":[{\"@type\":\"ReadAction\",\"target\":[\"https:\/\/kapitalis.com\/tunisie\/2024\/02\/29\/enjeu-de-limage-et-responsabilite-des-cineastes-face-au-monde\/\"]}]},{\"@type\":\"ImageObject\",\"inLanguage\":\"fr-FR\",\"@id\":\"https:\/\/kapitalis.com\/tunisie\/2024\/02\/29\/enjeu-de-limage-et-responsabilite-des-cineastes-face-au-monde\/#primaryimage\",\"url\":\"https:\/\/kapitalis.com\/tunisie\/wp-content\/uploads\/2024\/02\/Superioriete-Homme-blanc.jpg\",\"contentUrl\":\"https:\/\/kapitalis.com\/tunisie\/wp-content\/uploads\/2024\/02\/Superioriete-Homme-blanc.jpg\",\"width\":1200,\"height\":630},{\"@type\":\"BreadcrumbList\",\"@id\":\"https:\/\/kapitalis.com\/tunisie\/2024\/02\/29\/enjeu-de-limage-et-responsabilite-des-cineastes-face-au-monde\/#breadcrumb\",\"itemListElement\":[{\"@type\":\"ListItem\",\"position\":1,\"name\":\"Accueil\",\"item\":\"https:\/\/kapitalis.com\/tunisie\/\"},{\"@type\":\"ListItem\",\"position\":2,\"name\":\"Enjeu de l\u2019image et responsabilit\u00e9 des cin\u00e9astes face au monde\"}]},{\"@type\":\"WebSite\",\"@id\":\"https:\/\/kapitalis.com\/tunisie\/#website\",\"url\":\"https:\/\/kapitalis.com\/tunisie\/\",\"name\":\"Kapitalis\",\"description\":\"L&#039;actualit\u00e9 en Tunisie et dans le monde\",\"publisher\":{\"@id\":\"https:\/\/kapitalis.com\/tunisie\/#organization\"},\"potentialAction\":[{\"@type\":\"SearchAction\",\"target\":{\"@type\":\"EntryPoint\",\"urlTemplate\":\"https:\/\/kapitalis.com\/tunisie\/?s={search_term_string}\"},\"query-input\":{\"@type\":\"PropertyValueSpecification\",\"valueRequired\":true,\"valueName\":\"search_term_string\"}}],\"inLanguage\":\"fr-FR\"},{\"@type\":\"Organization\",\"@id\":\"https:\/\/kapitalis.com\/tunisie\/#organization\",\"name\":\"Kapitalis\",\"url\":\"https:\/\/kapitalis.com\/tunisie\/\",\"logo\":{\"@type\":\"ImageObject\",\"inLanguage\":\"fr-FR\",\"@id\":\"https:\/\/kapitalis.com\/tunisie\/#\/schema\/logo\/image\/\",\"url\":\"https:\/\/kapitalis.com\/tunisie\/wp-content\/uploads\/2022\/05\/Kapitalis-big-size.png\",\"contentUrl\":\"https:\/\/kapitalis.com\/tunisie\/wp-content\/uploads\/2022\/05\/Kapitalis-big-size.png\",\"width\":5000,\"height\":1500,\"caption\":\"Kapitalis\"},\"image\":{\"@id\":\"https:\/\/kapitalis.com\/tunisie\/#\/schema\/logo\/image\/\"},\"sameAs\":[\"https:\/\/www.facebook.com\/KapitalisInfo\/\",\"https:\/\/x.com\/KapitalisInfo\",\"https:\/\/www.youtube.com\/channel\/UC-yDYrHyfFBWWZaOw3FPg9Q\"]},{\"@type\":\"Person\",\"@id\":\"https:\/\/kapitalis.com\/tunisie\/#\/schema\/person\/d71f33a9ca44f7bad4698210b480c8e9\",\"name\":\"webmaster kapitalis\",\"url\":\"https:\/\/kapitalis.com\/tunisie\/author\/webmaster-kapitalis\/\"}]}<\/script>\n<!-- \/ Yoast SEO plugin. -->","yoast_head_json":{"title":"Enjeu de l\u2019image et responsabilit\u00e9 des cin\u00e9astes face au monde - Kapitalis","robots":{"index":"index","follow":"follow","max-snippet":"max-snippet:-1","max-image-preview":"max-image-preview:large","max-video-preview":"max-video-preview:-1"},"canonical":"https:\/\/kapitalis.com\/tunisie\/2024\/02\/29\/enjeu-de-limage-et-responsabilite-des-cineastes-face-au-monde\/","og_locale":"fr_FR","og_type":"article","og_title":"Enjeu de l\u2019image et responsabilit\u00e9 des cin\u00e9astes face au monde - Kapitalis","og_description":"Comment aborder la complexit\u00e9 des probl\u00e8mes du monde avec toutes leurs nuances en usant d\u2019arguments et non de paravents sensationnels?","og_url":"https:\/\/kapitalis.com\/tunisie\/2024\/02\/29\/enjeu-de-limage-et-responsabilite-des-cineastes-face-au-monde\/","og_site_name":"Kapitalis","article_publisher":"https:\/\/www.facebook.com\/KapitalisInfo\/","article_published_time":"2024-02-29T10:24:34+00:00","article_modified_time":"2024-02-29T10:27:32+00:00","og_image":[{"width":1200,"height":630,"url":"https:\/\/kapitalis.com\/tunisie\/wp-content\/uploads\/2024\/02\/Superioriete-Homme-blanc.jpg","type":"image\/jpeg"}],"author":"webmaster kapitalis","twitter_card":"summary_large_image","twitter_creator":"@KapitalisInfo","twitter_site":"@KapitalisInfo","twitter_misc":{"\u00c9crit par":"webmaster kapitalis","Dur\u00e9e de lecture estim\u00e9e":"5 minutes"},"schema":{"@context":"https:\/\/schema.org","@graph":[{"@type":"Article","@id":"https:\/\/kapitalis.com\/tunisie\/2024\/02\/29\/enjeu-de-limage-et-responsabilite-des-cineastes-face-au-monde\/#article","isPartOf":{"@id":"https:\/\/kapitalis.com\/tunisie\/2024\/02\/29\/enjeu-de-limage-et-responsabilite-des-cineastes-face-au-monde\/"},"author":{"name":"webmaster kapitalis","@id":"https:\/\/kapitalis.com\/tunisie\/#\/schema\/person\/d71f33a9ca44f7bad4698210b480c8e9"},"headline":"Enjeu de l\u2019image et responsabilit\u00e9 des cin\u00e9astes face au monde","datePublished":"2024-02-29T10:24:34+00:00","dateModified":"2024-02-29T10:27:32+00:00","mainEntityOfPage":{"@id":"https:\/\/kapitalis.com\/tunisie\/2024\/02\/29\/enjeu-de-limage-et-responsabilite-des-cineastes-face-au-monde\/"},"wordCount":964,"commentCount":0,"publisher":{"@id":"https:\/\/kapitalis.com\/tunisie\/#organization"},"image":{"@id":"https:\/\/kapitalis.com\/tunisie\/2024\/02\/29\/enjeu-de-limage-et-responsabilite-des-cineastes-face-au-monde\/#primaryimage"},"thumbnailUrl":"https:\/\/kapitalis.com\/tunisie\/wp-content\/uploads\/2024\/02\/Superioriete-Homme-blanc.jpg","keywords":["Anron Milchan","cin\u00e9ma","Hichem Ben Ammar","Hollywood","lobby sioniste","Menahim Golan","Mossad","st\u00e9r\u00e9otypes","Yoav Galant","Yoram Globus"],"articleSection":["A LA UNE","CULTURE","TRIBUNE","Tunisie"],"inLanguage":"fr-FR","potentialAction":[{"@type":"CommentAction","name":"Comment","target":["https:\/\/kapitalis.com\/tunisie\/2024\/02\/29\/enjeu-de-limage-et-responsabilite-des-cineastes-face-au-monde\/#respond"]}]},{"@type":"WebPage","@id":"https:\/\/kapitalis.com\/tunisie\/2024\/02\/29\/enjeu-de-limage-et-responsabilite-des-cineastes-face-au-monde\/","url":"https:\/\/kapitalis.com\/tunisie\/2024\/02\/29\/enjeu-de-limage-et-responsabilite-des-cineastes-face-au-monde\/","name":"Enjeu de l\u2019image et responsabilit\u00e9 des cin\u00e9astes face au monde - Kapitalis","isPartOf":{"@id":"https:\/\/kapitalis.com\/tunisie\/#website"},"primaryImageOfPage":{"@id":"https:\/\/kapitalis.com\/tunisie\/2024\/02\/29\/enjeu-de-limage-et-responsabilite-des-cineastes-face-au-monde\/#primaryimage"},"image":{"@id":"https:\/\/kapitalis.com\/tunisie\/2024\/02\/29\/enjeu-de-limage-et-responsabilite-des-cineastes-face-au-monde\/#primaryimage"},"thumbnailUrl":"https:\/\/kapitalis.com\/tunisie\/wp-content\/uploads\/2024\/02\/Superioriete-Homme-blanc.jpg","datePublished":"2024-02-29T10:24:34+00:00","dateModified":"2024-02-29T10:27:32+00:00","breadcrumb":{"@id":"https:\/\/kapitalis.com\/tunisie\/2024\/02\/29\/enjeu-de-limage-et-responsabilite-des-cineastes-face-au-monde\/#breadcrumb"},"inLanguage":"fr-FR","potentialAction":[{"@type":"ReadAction","target":["https:\/\/kapitalis.com\/tunisie\/2024\/02\/29\/enjeu-de-limage-et-responsabilite-des-cineastes-face-au-monde\/"]}]},{"@type":"ImageObject","inLanguage":"fr-FR","@id":"https:\/\/kapitalis.com\/tunisie\/2024\/02\/29\/enjeu-de-limage-et-responsabilite-des-cineastes-face-au-monde\/#primaryimage","url":"https:\/\/kapitalis.com\/tunisie\/wp-content\/uploads\/2024\/02\/Superioriete-Homme-blanc.jpg","contentUrl":"https:\/\/kapitalis.com\/tunisie\/wp-content\/uploads\/2024\/02\/Superioriete-Homme-blanc.jpg","width":1200,"height":630},{"@type":"BreadcrumbList","@id":"https:\/\/kapitalis.com\/tunisie\/2024\/02\/29\/enjeu-de-limage-et-responsabilite-des-cineastes-face-au-monde\/#breadcrumb","itemListElement":[{"@type":"ListItem","position":1,"name":"Accueil","item":"https:\/\/kapitalis.com\/tunisie\/"},{"@type":"ListItem","position":2,"name":"Enjeu de l\u2019image et responsabilit\u00e9 des cin\u00e9astes face au monde"}]},{"@type":"WebSite","@id":"https:\/\/kapitalis.com\/tunisie\/#website","url":"https:\/\/kapitalis.com\/tunisie\/","name":"Kapitalis","description":"L&#039;actualit\u00e9 en Tunisie et dans le monde","publisher":{"@id":"https:\/\/kapitalis.com\/tunisie\/#organization"},"potentialAction":[{"@type":"SearchAction","target":{"@type":"EntryPoint","urlTemplate":"https:\/\/kapitalis.com\/tunisie\/?s={search_term_string}"},"query-input":{"@type":"PropertyValueSpecification","valueRequired":true,"valueName":"search_term_string"}}],"inLanguage":"fr-FR"},{"@type":"Organization","@id":"https:\/\/kapitalis.com\/tunisie\/#organization","name":"Kapitalis","url":"https:\/\/kapitalis.com\/tunisie\/","logo":{"@type":"ImageObject","inLanguage":"fr-FR","@id":"https:\/\/kapitalis.com\/tunisie\/#\/schema\/logo\/image\/","url":"https:\/\/kapitalis.com\/tunisie\/wp-content\/uploads\/2022\/05\/Kapitalis-big-size.png","contentUrl":"https:\/\/kapitalis.com\/tunisie\/wp-content\/uploads\/2022\/05\/Kapitalis-big-size.png","width":5000,"height":1500,"caption":"Kapitalis"},"image":{"@id":"https:\/\/kapitalis.com\/tunisie\/#\/schema\/logo\/image\/"},"sameAs":["https:\/\/www.facebook.com\/KapitalisInfo\/","https:\/\/x.com\/KapitalisInfo","https:\/\/www.youtube.com\/channel\/UC-yDYrHyfFBWWZaOw3FPg9Q"]},{"@type":"Person","@id":"https:\/\/kapitalis.com\/tunisie\/#\/schema\/person\/d71f33a9ca44f7bad4698210b480c8e9","name":"webmaster kapitalis","url":"https:\/\/kapitalis.com\/tunisie\/author\/webmaster-kapitalis\/"}]}},"_links":{"self":[{"href":"https:\/\/kapitalis.com\/tunisie\/wp-json\/wp\/v2\/posts\/11791885","targetHints":{"allow":["GET"]}}],"collection":[{"href":"https:\/\/kapitalis.com\/tunisie\/wp-json\/wp\/v2\/posts"}],"about":[{"href":"https:\/\/kapitalis.com\/tunisie\/wp-json\/wp\/v2\/types\/post"}],"author":[{"embeddable":true,"href":"https:\/\/kapitalis.com\/tunisie\/wp-json\/wp\/v2\/users\/8"}],"replies":[{"embeddable":true,"href":"https:\/\/kapitalis.com\/tunisie\/wp-json\/wp\/v2\/comments?post=11791885"}],"version-history":[{"count":2,"href":"https:\/\/kapitalis.com\/tunisie\/wp-json\/wp\/v2\/posts\/11791885\/revisions"}],"predecessor-version":[{"id":11792320,"href":"https:\/\/kapitalis.com\/tunisie\/wp-json\/wp\/v2\/posts\/11791885\/revisions\/11792320"}],"wp:featuredmedia":[{"embeddable":true,"href":"https:\/\/kapitalis.com\/tunisie\/wp-json\/wp\/v2\/media\/11792151"}],"wp:attachment":[{"href":"https:\/\/kapitalis.com\/tunisie\/wp-json\/wp\/v2\/media?parent=11791885"}],"wp:term":[{"taxonomy":"category","embeddable":true,"href":"https:\/\/kapitalis.com\/tunisie\/wp-json\/wp\/v2\/categories?post=11791885"},{"taxonomy":"post_tag","embeddable":true,"href":"https:\/\/kapitalis.com\/tunisie\/wp-json\/wp\/v2\/tags?post=11791885"}],"curies":[{"name":"wp","href":"https:\/\/api.w.org\/{rel}","templated":true}]}}