{"id":118209,"date":"2017-10-11T17:00:37","date_gmt":"2017-10-11T16:00:37","guid":{"rendered":"http:\/\/kapitalis.com\/tunisie\/?p=118209"},"modified":"2017-10-11T17:00:37","modified_gmt":"2017-10-11T16:00:37","slug":"peugeot-sur-le-podium-du-rallye-du-maroc-en-route-pour-le-dakar-2018","status":"publish","type":"post","link":"https:\/\/kapitalis.com\/tunisie\/2017\/10\/11\/peugeot-sur-le-podium-du-rallye-du-maroc-en-route-pour-le-dakar-2018\/","title":{"rendered":"Peugeot sur le podium du rallye du Maroc : En route pour le Dakar 2018"},"content":{"rendered":"<p style=\"text-align: center;\"><img loading=\"lazy\" decoding=\"async\" class=\"alignnone size-full wp-image-118210\" src=\"http:\/\/kapitalis.com\/tunisie\/wp-content\/uploads\/2017\/10\/Peugeot-Maroc.jpg\" alt=\"\" width=\"626\" height=\"380\" \/><\/p>\n<p><em><strong>Les Peugeot 3008DKR ont conclu la derni\u00e8re \u00e9tape du Rallye du Maroc sereinement, mardi 10 octobre 2017, et se placent 2e et 10e au classement g\u00e9n\u00e9ral.<\/strong> <\/em><\/p>\n<p><!--more--><\/p>\n<p>S\u00e9bastien Loeb et Daniel Elena ont men\u00e9 la course jusqu\u2019\u00e0 l\u2019avant-derni\u00e8re \u00e9tape, avant de rencontrer un probl\u00e8me d\u2019amortisseur; un souci technique qui a \u00e9galement affect\u00e9 Carlos Sainz et Lucas Cruz.<\/p>\n<p>Cette exp\u00e9rience au Maroc a permis aux ing\u00e9nieurs de Peugeot Sport de collecter des donn\u00e9es techniques et d\u2019identifier de nouvelles pistes d\u2019am\u00e9liorations en vue du Dakar 2018.<\/p>\n<p>S\u00e9bastien Loeb et Daniel Elena ont termin\u00e9 le rallye prudemment : ils signent le 3e temps de l\u2019\u00e9tape, d\u00e9rang\u00e9s par la poussi\u00e8re soulev\u00e9e par les concurrents partis devant eux et une double crevaison avant l\u2019arriv\u00e9e. Ils pointent \u00e0 seulement 7 minutes des vainqueurs au classement g\u00e9n\u00e9ral, sur la 2e marche du podium.<\/p>\n<p>Carlos Sainz et Lucas Cruz ont atteint l\u2019objectif qu\u2019ils s\u2019\u00e9taient fix\u00e9 : se remettre dans le rythme de la comp\u00e9tition apr\u00e8s 6 mois loin des chronos. Les Espagnols terminent 4e de l\u2019\u00e9tape 5 et dans le top 10 du classement g\u00e9n\u00e9ral.<\/p>\n<p style=\"text-align: center;\"><img loading=\"lazy\" decoding=\"async\" class=\"alignnone wp-image-118212\" src=\"http:\/\/kapitalis.com\/tunisie\/wp-content\/uploads\/2017\/10\/Bruno-Famin.jpg\" alt=\"\" width=\"500\" height=\"304\" \/><\/p>\n<p style=\"text-align: center;\"><em>Bruno Famin au milieu des 4 pilotes.<\/em><\/p>\n<p>L\u2019\u00e9quipe Peugeot Total s\u2019est dite fi\u00e8re d\u2019avoir soutenu Peugeot Maroc et, plus globalement, le Groupe PSA dans la r\u00e9gion Afrique\/Moyen-Orient.<\/p>\n<p>Le nouveau Peugeot Pick Up a \u00e9t\u00e9 lanc\u00e9 sur le march\u00e9, avec la mission de conqu\u00e9rir le Maroc, le jour o\u00f9 les Peugeot 3008DKR entamaient le rallye.<\/p>\n<p>Le Peugeot Pick Up tout-terrain est robuste, avec son moteur 2,5 litres turbo-diesel, une double cabine et une transmission quatre roues motrices en option. Test\u00e9 et approuv\u00e9 par la \u2018Dream Team\u2019 !<\/p>\n<p>Bruno Famin, directeur de Peugeot Sport, Team Manager Peugeot Total : <em>\u00abNous sommes globalement satisfaits du d\u00e9roulement de cette r\u00e9p\u00e9tition g\u00e9n\u00e9rale avant le Dakar. Elle a permis \u00e0 nos \u00e9quipages de rouler dans des conditions repr\u00e9sentatives de ce qui nous attend en Am\u00e9rique du Sud en janvier, d\u2019emmagasiner des kilom\u00e8tres et d\u2019identifier des points techniques sur lesquels nous devons encore travailler avant de partir pour le Dakar. Les al\u00e9as sportifs nous ont priv\u00e9s d\u2019une victoire, mais nous \u00e9tions l\u00e0 pour nous entra\u00eener, engranger des donn\u00e9es et de l\u2019exp\u00e9rience. Nous avons trouv\u00e9 ce que nous \u00e9tions venus chercher. Nous allons continuer de travailler dur et nous nous reverrons en janvier!\u00bb<\/em><\/p>\n<p style=\"text-align: center;\"><img loading=\"lazy\" decoding=\"async\" class=\"alignnone wp-image-118211\" src=\"http:\/\/kapitalis.com\/tunisie\/wp-content\/uploads\/2017\/10\/Sebastien-LOEB-et-Daniel-ELENA.jpg\" alt=\"\" width=\"500\" height=\"304\" \/><\/p>\n<p style=\"text-align: center;\"><em>S\u00e9bastien Loeb et Daniel Elena.<\/em><\/p>\n<p>S\u00e9bastien Loeb, pilote Team Peugeot Total, 3e de l\u2019\u00e9tape 5, 2e du classement g\u00e9n\u00e9ral : <em>\u00abGlobalement, cette course s\u2019est bien pass\u00e9e. Aujourd\u2019hui nous avons essay\u00e9 d\u2019attaquer pour revenir sur Nasser, mais il y avait trop de poussi\u00e8re soulev\u00e9e par les concurrents partis devant nous. Nous avons subi une double crevaison apr\u00e8s le premier secteur chronom\u00e9tr\u00e9 et nous avons \u00e9t\u00e9 oblig\u00e9s de terminer la sp\u00e9ciale plus doucement. On ne pouvait pas en faire davantage. La 2e place n\u2019est pas un mauvais r\u00e9sultat en soi. Je reste d\u00e9termin\u00e9 \u00e0 d\u00e9crocher ma premi\u00e8re victoire en rallye-raid ! Avec Daniel, nous avons pris de l\u2019exp\u00e9rience lors de ce passage au Maroc. \u00c7a s\u2019annonce tr\u00e8s disput\u00e9 sur le prochain Dakar.\u00bb<\/em><\/p>\n<p>Carlos Sainz, pilote Team Peugeot Total, 4e de l\u2019\u00e9tape 5, 10e du classement g\u00e9n\u00e9ral : <em>\u00abCette derni\u00e8re sp\u00e9ciale ne s\u2019est pas trop mal pass\u00e9e. Notre seul probl\u00e8me c\u2019\u00e9tait d\u2019\u00eatre partis dans la poussi\u00e8re, \u00e0 cause du r\u00e9sultat d\u2019hier. On retient surtout du positif de cette participation au Rallye du Maroc : nous avons beaucoup appris et c\u2019est une bonne pr\u00e9paration pour le Dakar. Avec Lucas, nous nous sommes remis dans le rythme et nous sommes satisfaits. Je voudrais remercier l\u2019\u00e9quipe Peugeot Sport pour tout le travail fourni. Je suis impatient d\u2019\u00eatre au d\u00e9part du Dakar en janvier et de piloter la nouvelle Peugeot 3008DKR Maxi.\u00bb<\/em><\/p>\n<p><em><strong>Source<\/strong><\/em> : communiqu\u00e9.<\/p>\n","protected":false},"excerpt":{"rendered":"<p>Les Peugeot 3008DKR ont conclu la derni\u00e8re \u00e9tape du Rallye du Maroc sereinement, mardi 10 octobre 2017, et se placent 2e et 10e au classement g\u00e9n\u00e9ral.<\/p>\n","protected":false},"author":8,"featured_media":118210,"comment_status":"open","ping_status":"open","sticky":false,"template":"","format":"standard","meta":{"footnotes":""},"categories":[999],"tags":[],"class_list":["post-118209","post","type-post","status-publish","format-standard","has-post-thumbnail","hentry","category-sport"],"yoast_head":"<!-- This site is optimized with the Yoast SEO plugin v26.6 - https:\/\/yoast.com\/wordpress\/plugins\/seo\/ -->\n<title>Peugeot sur le podium du rallye du Maroc : En route pour le Dakar 2018 - Kapitalis<\/title>\n<meta name=\"robots\" content=\"index, follow, max-snippet:-1, max-image-preview:large, max-video-preview:-1\" \/>\n<link rel=\"canonical\" href=\"https:\/\/kapitalis.com\/tunisie\/2017\/10\/11\/peugeot-sur-le-podium-du-rallye-du-maroc-en-route-pour-le-dakar-2018\/\" \/>\n<meta property=\"og:locale\" content=\"fr_FR\" \/>\n<meta property=\"og:type\" content=\"article\" \/>\n<meta property=\"og:title\" content=\"Peugeot sur le podium du rallye du Maroc : En route pour le Dakar 2018 - Kapitalis\" \/>\n<meta property=\"og:description\" content=\"Les Peugeot 3008DKR ont conclu la derni\u00e8re \u00e9tape du Rallye du Maroc sereinement, mardi 10 octobre 2017, et se placent 2e et 10e au classement g\u00e9n\u00e9ral.\" \/>\n<meta property=\"og:url\" content=\"https:\/\/kapitalis.com\/tunisie\/2017\/10\/11\/peugeot-sur-le-podium-du-rallye-du-maroc-en-route-pour-le-dakar-2018\/\" \/>\n<meta property=\"og:site_name\" content=\"Kapitalis\" \/>\n<meta property=\"article:publisher\" content=\"https:\/\/www.facebook.com\/KapitalisInfo\/\" \/>\n<meta property=\"article:published_time\" content=\"2017-10-11T16:00:37+00:00\" \/>\n<meta property=\"og:image\" content=\"https:\/\/kapitalis.com\/tunisie\/wp-content\/uploads\/2022\/05\/kapitalis-logo-fb.png\" \/>\n\t<meta property=\"og:image:width\" content=\"1200\" \/>\n\t<meta property=\"og:image:height\" content=\"630\" \/>\n\t<meta property=\"og:image:type\" content=\"image\/png\" \/>\n<meta name=\"author\" content=\"webmaster kapitalis\" \/>\n<meta name=\"twitter:card\" content=\"summary_large_image\" \/>\n<meta name=\"twitter:creator\" content=\"@KapitalisInfo\" \/>\n<meta name=\"twitter:site\" content=\"@KapitalisInfo\" \/>\n<meta name=\"twitter:label1\" content=\"\u00c9crit par\" \/>\n\t<meta name=\"twitter:data1\" content=\"webmaster kapitalis\" \/>\n\t<meta name=\"twitter:label2\" content=\"Dur\u00e9e de lecture estim\u00e9e\" \/>\n\t<meta name=\"twitter:data2\" content=\"3 minutes\" \/>\n<script type=\"application\/ld+json\" class=\"yoast-schema-graph\">{\"@context\":\"https:\/\/schema.org\",\"@graph\":[{\"@type\":\"Article\",\"@id\":\"https:\/\/kapitalis.com\/tunisie\/2017\/10\/11\/peugeot-sur-le-podium-du-rallye-du-maroc-en-route-pour-le-dakar-2018\/#article\",\"isPartOf\":{\"@id\":\"https:\/\/kapitalis.com\/tunisie\/2017\/10\/11\/peugeot-sur-le-podium-du-rallye-du-maroc-en-route-pour-le-dakar-2018\/\"},\"author\":{\"name\":\"webmaster kapitalis\",\"@id\":\"https:\/\/kapitalis.com\/tunisie\/#\/schema\/person\/d71f33a9ca44f7bad4698210b480c8e9\"},\"headline\":\"Peugeot sur le podium du rallye du Maroc : En route pour le Dakar 2018\",\"datePublished\":\"2017-10-11T16:00:37+00:00\",\"mainEntityOfPage\":{\"@id\":\"https:\/\/kapitalis.com\/tunisie\/2017\/10\/11\/peugeot-sur-le-podium-du-rallye-du-maroc-en-route-pour-le-dakar-2018\/\"},\"wordCount\":686,\"commentCount\":0,\"publisher\":{\"@id\":\"https:\/\/kapitalis.com\/tunisie\/#organization\"},\"image\":{\"@id\":\"https:\/\/kapitalis.com\/tunisie\/2017\/10\/11\/peugeot-sur-le-podium-du-rallye-du-maroc-en-route-pour-le-dakar-2018\/#primaryimage\"},\"thumbnailUrl\":\"\",\"articleSection\":[\"SPORT\"],\"inLanguage\":\"fr-FR\",\"potentialAction\":[{\"@type\":\"CommentAction\",\"name\":\"Comment\",\"target\":[\"https:\/\/kapitalis.com\/tunisie\/2017\/10\/11\/peugeot-sur-le-podium-du-rallye-du-maroc-en-route-pour-le-dakar-2018\/#respond\"]}]},{\"@type\":\"WebPage\",\"@id\":\"https:\/\/kapitalis.com\/tunisie\/2017\/10\/11\/peugeot-sur-le-podium-du-rallye-du-maroc-en-route-pour-le-dakar-2018\/\",\"url\":\"https:\/\/kapitalis.com\/tunisie\/2017\/10\/11\/peugeot-sur-le-podium-du-rallye-du-maroc-en-route-pour-le-dakar-2018\/\",\"name\":\"Peugeot sur le podium du rallye du Maroc : En route pour le Dakar 2018 - Kapitalis\",\"isPartOf\":{\"@id\":\"https:\/\/kapitalis.com\/tunisie\/#website\"},\"primaryImageOfPage\":{\"@id\":\"https:\/\/kapitalis.com\/tunisie\/2017\/10\/11\/peugeot-sur-le-podium-du-rallye-du-maroc-en-route-pour-le-dakar-2018\/#primaryimage\"},\"image\":{\"@id\":\"https:\/\/kapitalis.com\/tunisie\/2017\/10\/11\/peugeot-sur-le-podium-du-rallye-du-maroc-en-route-pour-le-dakar-2018\/#primaryimage\"},\"thumbnailUrl\":\"\",\"datePublished\":\"2017-10-11T16:00:37+00:00\",\"breadcrumb\":{\"@id\":\"https:\/\/kapitalis.com\/tunisie\/2017\/10\/11\/peugeot-sur-le-podium-du-rallye-du-maroc-en-route-pour-le-dakar-2018\/#breadcrumb\"},\"inLanguage\":\"fr-FR\",\"potentialAction\":[{\"@type\":\"ReadAction\",\"target\":[\"https:\/\/kapitalis.com\/tunisie\/2017\/10\/11\/peugeot-sur-le-podium-du-rallye-du-maroc-en-route-pour-le-dakar-2018\/\"]}]},{\"@type\":\"ImageObject\",\"inLanguage\":\"fr-FR\",\"@id\":\"https:\/\/kapitalis.com\/tunisie\/2017\/10\/11\/peugeot-sur-le-podium-du-rallye-du-maroc-en-route-pour-le-dakar-2018\/#primaryimage\",\"url\":\"\",\"contentUrl\":\"\"},{\"@type\":\"BreadcrumbList\",\"@id\":\"https:\/\/kapitalis.com\/tunisie\/2017\/10\/11\/peugeot-sur-le-podium-du-rallye-du-maroc-en-route-pour-le-dakar-2018\/#breadcrumb\",\"itemListElement\":[{\"@type\":\"ListItem\",\"position\":1,\"name\":\"Accueil\",\"item\":\"https:\/\/kapitalis.com\/tunisie\/\"},{\"@type\":\"ListItem\",\"position\":2,\"name\":\"Peugeot sur le podium du rallye du Maroc : En route pour le Dakar 2018\"}]},{\"@type\":\"WebSite\",\"@id\":\"https:\/\/kapitalis.com\/tunisie\/#website\",\"url\":\"https:\/\/kapitalis.com\/tunisie\/\",\"name\":\"Kapitalis\",\"description\":\"L&#039;actualit\u00e9 en Tunisie et dans le monde\",\"publisher\":{\"@id\":\"https:\/\/kapitalis.com\/tunisie\/#organization\"},\"potentialAction\":[{\"@type\":\"SearchAction\",\"target\":{\"@type\":\"EntryPoint\",\"urlTemplate\":\"https:\/\/kapitalis.com\/tunisie\/?s={search_term_string}\"},\"query-input\":{\"@type\":\"PropertyValueSpecification\",\"valueRequired\":true,\"valueName\":\"search_term_string\"}}],\"inLanguage\":\"fr-FR\"},{\"@type\":\"Organization\",\"@id\":\"https:\/\/kapitalis.com\/tunisie\/#organization\",\"name\":\"Kapitalis\",\"url\":\"https:\/\/kapitalis.com\/tunisie\/\",\"logo\":{\"@type\":\"ImageObject\",\"inLanguage\":\"fr-FR\",\"@id\":\"https:\/\/kapitalis.com\/tunisie\/#\/schema\/logo\/image\/\",\"url\":\"https:\/\/kapitalis.com\/tunisie\/wp-content\/uploads\/2022\/05\/Kapitalis-big-size.png\",\"contentUrl\":\"https:\/\/kapitalis.com\/tunisie\/wp-content\/uploads\/2022\/05\/Kapitalis-big-size.png\",\"width\":5000,\"height\":1500,\"caption\":\"Kapitalis\"},\"image\":{\"@id\":\"https:\/\/kapitalis.com\/tunisie\/#\/schema\/logo\/image\/\"},\"sameAs\":[\"https:\/\/www.facebook.com\/KapitalisInfo\/\",\"https:\/\/x.com\/KapitalisInfo\",\"https:\/\/www.youtube.com\/channel\/UC-yDYrHyfFBWWZaOw3FPg9Q\"]},{\"@type\":\"Person\",\"@id\":\"https:\/\/kapitalis.com\/tunisie\/#\/schema\/person\/d71f33a9ca44f7bad4698210b480c8e9\",\"name\":\"webmaster kapitalis\",\"url\":\"https:\/\/kapitalis.com\/tunisie\/author\/webmaster-kapitalis\/\"}]}<\/script>\n<!-- \/ Yoast SEO plugin. -->","yoast_head_json":{"title":"Peugeot sur le podium du rallye du Maroc : En route pour le Dakar 2018 - Kapitalis","robots":{"index":"index","follow":"follow","max-snippet":"max-snippet:-1","max-image-preview":"max-image-preview:large","max-video-preview":"max-video-preview:-1"},"canonical":"https:\/\/kapitalis.com\/tunisie\/2017\/10\/11\/peugeot-sur-le-podium-du-rallye-du-maroc-en-route-pour-le-dakar-2018\/","og_locale":"fr_FR","og_type":"article","og_title":"Peugeot sur le podium du rallye du Maroc : En route pour le Dakar 2018 - Kapitalis","og_description":"Les Peugeot 3008DKR ont conclu la derni\u00e8re \u00e9tape du Rallye du Maroc sereinement, mardi 10 octobre 2017, et se placent 2e et 10e au classement g\u00e9n\u00e9ral.","og_url":"https:\/\/kapitalis.com\/tunisie\/2017\/10\/11\/peugeot-sur-le-podium-du-rallye-du-maroc-en-route-pour-le-dakar-2018\/","og_site_name":"Kapitalis","article_publisher":"https:\/\/www.facebook.com\/KapitalisInfo\/","article_published_time":"2017-10-11T16:00:37+00:00","og_image":[{"width":1200,"height":630,"url":"https:\/\/kapitalis.com\/tunisie\/wp-content\/uploads\/2022\/05\/kapitalis-logo-fb.png","type":"image\/png"}],"author":"webmaster kapitalis","twitter_card":"summary_large_image","twitter_creator":"@KapitalisInfo","twitter_site":"@KapitalisInfo","twitter_misc":{"\u00c9crit par":"webmaster kapitalis","Dur\u00e9e de lecture estim\u00e9e":"3 minutes"},"schema":{"@context":"https:\/\/schema.org","@graph":[{"@type":"Article","@id":"https:\/\/kapitalis.com\/tunisie\/2017\/10\/11\/peugeot-sur-le-podium-du-rallye-du-maroc-en-route-pour-le-dakar-2018\/#article","isPartOf":{"@id":"https:\/\/kapitalis.com\/tunisie\/2017\/10\/11\/peugeot-sur-le-podium-du-rallye-du-maroc-en-route-pour-le-dakar-2018\/"},"author":{"name":"webmaster kapitalis","@id":"https:\/\/kapitalis.com\/tunisie\/#\/schema\/person\/d71f33a9ca44f7bad4698210b480c8e9"},"headline":"Peugeot sur le podium du rallye du Maroc : En route pour le Dakar 2018","datePublished":"2017-10-11T16:00:37+00:00","mainEntityOfPage":{"@id":"https:\/\/kapitalis.com\/tunisie\/2017\/10\/11\/peugeot-sur-le-podium-du-rallye-du-maroc-en-route-pour-le-dakar-2018\/"},"wordCount":686,"commentCount":0,"publisher":{"@id":"https:\/\/kapitalis.com\/tunisie\/#organization"},"image":{"@id":"https:\/\/kapitalis.com\/tunisie\/2017\/10\/11\/peugeot-sur-le-podium-du-rallye-du-maroc-en-route-pour-le-dakar-2018\/#primaryimage"},"thumbnailUrl":"","articleSection":["SPORT"],"inLanguage":"fr-FR","potentialAction":[{"@type":"CommentAction","name":"Comment","target":["https:\/\/kapitalis.com\/tunisie\/2017\/10\/11\/peugeot-sur-le-podium-du-rallye-du-maroc-en-route-pour-le-dakar-2018\/#respond"]}]},{"@type":"WebPage","@id":"https:\/\/kapitalis.com\/tunisie\/2017\/10\/11\/peugeot-sur-le-podium-du-rallye-du-maroc-en-route-pour-le-dakar-2018\/","url":"https:\/\/kapitalis.com\/tunisie\/2017\/10\/11\/peugeot-sur-le-podium-du-rallye-du-maroc-en-route-pour-le-dakar-2018\/","name":"Peugeot sur le podium du rallye du Maroc : En route pour le Dakar 2018 - Kapitalis","isPartOf":{"@id":"https:\/\/kapitalis.com\/tunisie\/#website"},"primaryImageOfPage":{"@id":"https:\/\/kapitalis.com\/tunisie\/2017\/10\/11\/peugeot-sur-le-podium-du-rallye-du-maroc-en-route-pour-le-dakar-2018\/#primaryimage"},"image":{"@id":"https:\/\/kapitalis.com\/tunisie\/2017\/10\/11\/peugeot-sur-le-podium-du-rallye-du-maroc-en-route-pour-le-dakar-2018\/#primaryimage"},"thumbnailUrl":"","datePublished":"2017-10-11T16:00:37+00:00","breadcrumb":{"@id":"https:\/\/kapitalis.com\/tunisie\/2017\/10\/11\/peugeot-sur-le-podium-du-rallye-du-maroc-en-route-pour-le-dakar-2018\/#breadcrumb"},"inLanguage":"fr-FR","potentialAction":[{"@type":"ReadAction","target":["https:\/\/kapitalis.com\/tunisie\/2017\/10\/11\/peugeot-sur-le-podium-du-rallye-du-maroc-en-route-pour-le-dakar-2018\/"]}]},{"@type":"ImageObject","inLanguage":"fr-FR","@id":"https:\/\/kapitalis.com\/tunisie\/2017\/10\/11\/peugeot-sur-le-podium-du-rallye-du-maroc-en-route-pour-le-dakar-2018\/#primaryimage","url":"","contentUrl":""},{"@type":"BreadcrumbList","@id":"https:\/\/kapitalis.com\/tunisie\/2017\/10\/11\/peugeot-sur-le-podium-du-rallye-du-maroc-en-route-pour-le-dakar-2018\/#breadcrumb","itemListElement":[{"@type":"ListItem","position":1,"name":"Accueil","item":"https:\/\/kapitalis.com\/tunisie\/"},{"@type":"ListItem","position":2,"name":"Peugeot sur le podium du rallye du Maroc : En route pour le Dakar 2018"}]},{"@type":"WebSite","@id":"https:\/\/kapitalis.com\/tunisie\/#website","url":"https:\/\/kapitalis.com\/tunisie\/","name":"Kapitalis","description":"L&#039;actualit\u00e9 en Tunisie et dans le monde","publisher":{"@id":"https:\/\/kapitalis.com\/tunisie\/#organization"},"potentialAction":[{"@type":"SearchAction","target":{"@type":"EntryPoint","urlTemplate":"https:\/\/kapitalis.com\/tunisie\/?s={search_term_string}"},"query-input":{"@type":"PropertyValueSpecification","valueRequired":true,"valueName":"search_term_string"}}],"inLanguage":"fr-FR"},{"@type":"Organization","@id":"https:\/\/kapitalis.com\/tunisie\/#organization","name":"Kapitalis","url":"https:\/\/kapitalis.com\/tunisie\/","logo":{"@type":"ImageObject","inLanguage":"fr-FR","@id":"https:\/\/kapitalis.com\/tunisie\/#\/schema\/logo\/image\/","url":"https:\/\/kapitalis.com\/tunisie\/wp-content\/uploads\/2022\/05\/Kapitalis-big-size.png","contentUrl":"https:\/\/kapitalis.com\/tunisie\/wp-content\/uploads\/2022\/05\/Kapitalis-big-size.png","width":5000,"height":1500,"caption":"Kapitalis"},"image":{"@id":"https:\/\/kapitalis.com\/tunisie\/#\/schema\/logo\/image\/"},"sameAs":["https:\/\/www.facebook.com\/KapitalisInfo\/","https:\/\/x.com\/KapitalisInfo","https:\/\/www.youtube.com\/channel\/UC-yDYrHyfFBWWZaOw3FPg9Q"]},{"@type":"Person","@id":"https:\/\/kapitalis.com\/tunisie\/#\/schema\/person\/d71f33a9ca44f7bad4698210b480c8e9","name":"webmaster kapitalis","url":"https:\/\/kapitalis.com\/tunisie\/author\/webmaster-kapitalis\/"}]}},"_links":{"self":[{"href":"https:\/\/kapitalis.com\/tunisie\/wp-json\/wp\/v2\/posts\/118209","targetHints":{"allow":["GET"]}}],"collection":[{"href":"https:\/\/kapitalis.com\/tunisie\/wp-json\/wp\/v2\/posts"}],"about":[{"href":"https:\/\/kapitalis.com\/tunisie\/wp-json\/wp\/v2\/types\/post"}],"author":[{"embeddable":true,"href":"https:\/\/kapitalis.com\/tunisie\/wp-json\/wp\/v2\/users\/8"}],"replies":[{"embeddable":true,"href":"https:\/\/kapitalis.com\/tunisie\/wp-json\/wp\/v2\/comments?post=118209"}],"version-history":[{"count":0,"href":"https:\/\/kapitalis.com\/tunisie\/wp-json\/wp\/v2\/posts\/118209\/revisions"}],"wp:featuredmedia":[{"embeddable":true,"href":"https:\/\/kapitalis.com\/tunisie\/wp-json\/wp\/v2\/media\/118210"}],"wp:attachment":[{"href":"https:\/\/kapitalis.com\/tunisie\/wp-json\/wp\/v2\/media?parent=118209"}],"wp:term":[{"taxonomy":"category","embeddable":true,"href":"https:\/\/kapitalis.com\/tunisie\/wp-json\/wp\/v2\/categories?post=118209"},{"taxonomy":"post_tag","embeddable":true,"href":"https:\/\/kapitalis.com\/tunisie\/wp-json\/wp\/v2\/tags?post=118209"}],"curies":[{"name":"wp","href":"https:\/\/api.w.org\/{rel}","templated":true}]}}