{"id":118240,"date":"2017-10-12T07:58:52","date_gmt":"2017-10-12T06:58:52","guid":{"rendered":"http:\/\/kapitalis.com\/tunisie\/?p=118240"},"modified":"2017-10-12T07:58:52","modified_gmt":"2017-10-12T06:58:52","slug":"la-caravane-de-campus-france-enerve-le-syndicat-de-lenseignement","status":"publish","type":"post","link":"https:\/\/kapitalis.com\/tunisie\/2017\/10\/12\/la-caravane-de-campus-france-enerve-le-syndicat-de-lenseignement\/","title":{"rendered":"La caravane de Campus France \u00e9nerve le syndicat de l\u2019enseignement"},"content":{"rendered":"<p style=\"text-align: center;\"><img loading=\"lazy\" decoding=\"async\" class=\"alignnone size-full wp-image-118241\" src=\"http:\/\/kapitalis.com\/tunisie\/wp-content\/uploads\/2017\/10\/Campus-France-Tunisie.jpg\" alt=\"\" width=\"626\" height=\"380\" \/><\/p>\n<p><em><strong>Une caravane Campus France Tunisie, service relevant de l\u2019Institut fran\u00e7ais de Tunisie (IFT) et de l\u2019ambassade de France en Tunisie est organis\u00e9e pour la 1\u00e8re fois dans toutes les r\u00e9gions de la Tunisie.<\/strong><\/em><\/p>\n<p><!--more--><\/p>\n<p>Cette caravane d\u2019information itin\u00e9rante sur les \u00e9tudes sup\u00e9rieures en France a d\u00e9marr\u00e9 mardi 10 octobre 2017 \u00e0 Sfax, premi\u00e8re \u00e9tape d\u2019un long p\u00e9riple qui traversera 30 villes, ira vers 300.000 lyc\u00e9ens et \u00e9tudiants et 150 \u00e9tablissements en dehors de Tunis.<\/p>\n<p>Des agents de Campus France seront \u00e0 l\u2019\u00e9coute de tous et expliqueront la proc\u00e9dure et le calendrier pour \u00e9tudier en France, \u00e9voqueront les diff\u00e9rents partenariats entre la France et la Tunisie en mati\u00e8re d\u2019enseignement sup\u00e9rieur et pr\u00e9senteront les diff\u00e9rentes possibilit\u00e9s adapt\u00e9es aux besoins.<\/p>\n<p>Cit\u00e9 par <em>\u2018\u2018Hakaekonline\u2019\u2019,<\/em> Fakhri Smiti, secr\u00e9taire g\u00e9n\u00e9ral du syndicat de l\u2019enseignement secondaire, a protest\u00e9, mercredi 11 octobre, contre cette tourn\u00e9e de Campus France.<\/p>\n<p><em>\u00abC\u2019est une atteinte \u00e0 l\u2019institution de l\u2019enseignement en Tunisie\u00bb,<\/em> a-t-il dit, ajoutant qu\u2019il faut <em>\u00abprot\u00e9ger les institutions scolaires contre toute influence politique ou manipulation \u00e9trang\u00e8res\u00bb<\/em>, signalant que les \u00e9tablissements scolaires <em>\u00abne sont pas des espaces publicitaires ou des lieux de propagande.\u00bb<\/em><\/p>\n<p>Fakhri Smiti, qui confond all\u00e8grement torchons et serviettes et ne sait visiblement pas de quoi il parle, emport\u00e9 par son nationalisme b\u00e9b\u00eate, va plus loin dans son \u00abanalyse\u00bb tir\u00e9e par les cheveux, en affirmant que les <em>\u00abd\u00e9placements de l\u2019ambassadeur de France \u00e0 travers la Tunisie sont douteux et portent atteinte \u00e0 la souverainet\u00e9 du pays.Le minist\u00e8re de l\u2019\u00e9ducation et le gouvernement assument la responsabilit\u00e9 de ses agissements\u00bb<\/em>. Et de s\u2019\u00e9tendre davantage dans ses diatribes en disant que tous les pays qui offrent des bourses d\u2019\u00e9tudes aux Tunisiens le font <em>\u00abpour un dessein pr\u00e9cis \u00e0 savoir la r\u00e9cup\u00e9ration de nos \u00e9tudiants\u00bb.<\/em><\/p>\n<p>Et dire que cet idiot inutile enseigne dans nos lyc\u00e9es. On comprend mieux maintenant pourquoi le niveau de nos \u00e9l\u00e8ves est-il tomb\u00e9 aussi bas !<\/p>\n<p style=\"text-align: right;\"><strong>H. M. <\/strong><\/p>\n","protected":false},"excerpt":{"rendered":"<p>Une caravane Campus France Tunisie, service relevant de l\u2019Institut fran\u00e7ais de Tunisie (IFT) et de l\u2019ambassade de France en Tunisie est organis\u00e9e pour la 1\u00e8re fois dans toutes les r\u00e9gions de la Tunisie.<\/p>\n","protected":false},"author":8,"featured_media":118241,"comment_status":"open","ping_status":"open","sticky":false,"template":"","format":"standard","meta":{"footnotes":""},"categories":[998,2433],"tags":[19259,462,3226,28490],"class_list":["post-118240","post","type-post","status-publish","format-standard","has-post-thumbnail","hentry","category-societe","category-tunisie","tag-ambassadeur-de-france","tag-ift","tag-institut-francais-de-tunisie","tag-syndicat-de-lenseignement-secondaire"],"yoast_head":"<!-- This site is optimized with the Yoast SEO plugin v26.6 - https:\/\/yoast.com\/wordpress\/plugins\/seo\/ -->\n<title>La caravane de Campus France \u00e9nerve le syndicat de l\u2019enseignement - Kapitalis<\/title>\n<meta name=\"robots\" content=\"index, follow, max-snippet:-1, max-image-preview:large, max-video-preview:-1\" \/>\n<link rel=\"canonical\" href=\"https:\/\/kapitalis.com\/tunisie\/2017\/10\/12\/la-caravane-de-campus-france-enerve-le-syndicat-de-lenseignement\/\" \/>\n<meta property=\"og:locale\" content=\"fr_FR\" \/>\n<meta property=\"og:type\" content=\"article\" \/>\n<meta property=\"og:title\" content=\"La caravane de Campus France \u00e9nerve le syndicat de l\u2019enseignement - Kapitalis\" \/>\n<meta property=\"og:description\" content=\"Une caravane Campus France Tunisie, service relevant de l\u2019Institut fran\u00e7ais de Tunisie (IFT) et de l\u2019ambassade de France en Tunisie est organis\u00e9e pour la 1\u00e8re fois dans toutes les r\u00e9gions de la Tunisie.\" \/>\n<meta property=\"og:url\" content=\"https:\/\/kapitalis.com\/tunisie\/2017\/10\/12\/la-caravane-de-campus-france-enerve-le-syndicat-de-lenseignement\/\" \/>\n<meta property=\"og:site_name\" content=\"Kapitalis\" \/>\n<meta property=\"article:publisher\" content=\"https:\/\/www.facebook.com\/KapitalisInfo\/\" \/>\n<meta property=\"article:published_time\" content=\"2017-10-12T06:58:52+00:00\" \/>\n<meta property=\"og:image\" content=\"https:\/\/kapitalis.com\/tunisie\/wp-content\/uploads\/2022\/05\/kapitalis-logo-fb.png\" \/>\n\t<meta property=\"og:image:width\" content=\"1200\" \/>\n\t<meta property=\"og:image:height\" content=\"630\" \/>\n\t<meta property=\"og:image:type\" content=\"image\/png\" \/>\n<meta name=\"author\" content=\"webmaster kapitalis\" \/>\n<meta name=\"twitter:card\" content=\"summary_large_image\" \/>\n<meta name=\"twitter:creator\" content=\"@KapitalisInfo\" \/>\n<meta name=\"twitter:site\" content=\"@KapitalisInfo\" \/>\n<meta name=\"twitter:label1\" content=\"\u00c9crit par\" \/>\n\t<meta name=\"twitter:data1\" content=\"webmaster kapitalis\" \/>\n\t<meta name=\"twitter:label2\" content=\"Dur\u00e9e de lecture estim\u00e9e\" \/>\n\t<meta name=\"twitter:data2\" content=\"2 minutes\" \/>\n<script type=\"application\/ld+json\" class=\"yoast-schema-graph\">{\"@context\":\"https:\/\/schema.org\",\"@graph\":[{\"@type\":\"Article\",\"@id\":\"https:\/\/kapitalis.com\/tunisie\/2017\/10\/12\/la-caravane-de-campus-france-enerve-le-syndicat-de-lenseignement\/#article\",\"isPartOf\":{\"@id\":\"https:\/\/kapitalis.com\/tunisie\/2017\/10\/12\/la-caravane-de-campus-france-enerve-le-syndicat-de-lenseignement\/\"},\"author\":{\"name\":\"webmaster kapitalis\",\"@id\":\"https:\/\/kapitalis.com\/tunisie\/#\/schema\/person\/d71f33a9ca44f7bad4698210b480c8e9\"},\"headline\":\"La caravane de Campus France \u00e9nerve le syndicat de l\u2019enseignement\",\"datePublished\":\"2017-10-12T06:58:52+00:00\",\"mainEntityOfPage\":{\"@id\":\"https:\/\/kapitalis.com\/tunisie\/2017\/10\/12\/la-caravane-de-campus-france-enerve-le-syndicat-de-lenseignement\/\"},\"wordCount\":355,\"commentCount\":4,\"publisher\":{\"@id\":\"https:\/\/kapitalis.com\/tunisie\/#organization\"},\"image\":{\"@id\":\"https:\/\/kapitalis.com\/tunisie\/2017\/10\/12\/la-caravane-de-campus-france-enerve-le-syndicat-de-lenseignement\/#primaryimage\"},\"thumbnailUrl\":\"\",\"keywords\":[\"ambassadeur de France\",\"IFT\",\"Institut fran\u00e7ais de Tunisie\",\"syndicat de l\u2019enseignement secondaire\"],\"articleSection\":[\"SOCIETE\",\"Tunisie\"],\"inLanguage\":\"fr-FR\",\"potentialAction\":[{\"@type\":\"CommentAction\",\"name\":\"Comment\",\"target\":[\"https:\/\/kapitalis.com\/tunisie\/2017\/10\/12\/la-caravane-de-campus-france-enerve-le-syndicat-de-lenseignement\/#respond\"]}]},{\"@type\":\"WebPage\",\"@id\":\"https:\/\/kapitalis.com\/tunisie\/2017\/10\/12\/la-caravane-de-campus-france-enerve-le-syndicat-de-lenseignement\/\",\"url\":\"https:\/\/kapitalis.com\/tunisie\/2017\/10\/12\/la-caravane-de-campus-france-enerve-le-syndicat-de-lenseignement\/\",\"name\":\"La caravane de Campus France \u00e9nerve le syndicat de l\u2019enseignement - Kapitalis\",\"isPartOf\":{\"@id\":\"https:\/\/kapitalis.com\/tunisie\/#website\"},\"primaryImageOfPage\":{\"@id\":\"https:\/\/kapitalis.com\/tunisie\/2017\/10\/12\/la-caravane-de-campus-france-enerve-le-syndicat-de-lenseignement\/#primaryimage\"},\"image\":{\"@id\":\"https:\/\/kapitalis.com\/tunisie\/2017\/10\/12\/la-caravane-de-campus-france-enerve-le-syndicat-de-lenseignement\/#primaryimage\"},\"thumbnailUrl\":\"\",\"datePublished\":\"2017-10-12T06:58:52+00:00\",\"breadcrumb\":{\"@id\":\"https:\/\/kapitalis.com\/tunisie\/2017\/10\/12\/la-caravane-de-campus-france-enerve-le-syndicat-de-lenseignement\/#breadcrumb\"},\"inLanguage\":\"fr-FR\",\"potentialAction\":[{\"@type\":\"ReadAction\",\"target\":[\"https:\/\/kapitalis.com\/tunisie\/2017\/10\/12\/la-caravane-de-campus-france-enerve-le-syndicat-de-lenseignement\/\"]}]},{\"@type\":\"ImageObject\",\"inLanguage\":\"fr-FR\",\"@id\":\"https:\/\/kapitalis.com\/tunisie\/2017\/10\/12\/la-caravane-de-campus-france-enerve-le-syndicat-de-lenseignement\/#primaryimage\",\"url\":\"\",\"contentUrl\":\"\"},{\"@type\":\"BreadcrumbList\",\"@id\":\"https:\/\/kapitalis.com\/tunisie\/2017\/10\/12\/la-caravane-de-campus-france-enerve-le-syndicat-de-lenseignement\/#breadcrumb\",\"itemListElement\":[{\"@type\":\"ListItem\",\"position\":1,\"name\":\"Accueil\",\"item\":\"https:\/\/kapitalis.com\/tunisie\/\"},{\"@type\":\"ListItem\",\"position\":2,\"name\":\"La caravane de Campus France \u00e9nerve le syndicat de l\u2019enseignement\"}]},{\"@type\":\"WebSite\",\"@id\":\"https:\/\/kapitalis.com\/tunisie\/#website\",\"url\":\"https:\/\/kapitalis.com\/tunisie\/\",\"name\":\"Kapitalis\",\"description\":\"L&#039;actualit\u00e9 en Tunisie et dans le monde\",\"publisher\":{\"@id\":\"https:\/\/kapitalis.com\/tunisie\/#organization\"},\"potentialAction\":[{\"@type\":\"SearchAction\",\"target\":{\"@type\":\"EntryPoint\",\"urlTemplate\":\"https:\/\/kapitalis.com\/tunisie\/?s={search_term_string}\"},\"query-input\":{\"@type\":\"PropertyValueSpecification\",\"valueRequired\":true,\"valueName\":\"search_term_string\"}}],\"inLanguage\":\"fr-FR\"},{\"@type\":\"Organization\",\"@id\":\"https:\/\/kapitalis.com\/tunisie\/#organization\",\"name\":\"Kapitalis\",\"url\":\"https:\/\/kapitalis.com\/tunisie\/\",\"logo\":{\"@type\":\"ImageObject\",\"inLanguage\":\"fr-FR\",\"@id\":\"https:\/\/kapitalis.com\/tunisie\/#\/schema\/logo\/image\/\",\"url\":\"https:\/\/kapitalis.com\/tunisie\/wp-content\/uploads\/2022\/05\/Kapitalis-big-size.png\",\"contentUrl\":\"https:\/\/kapitalis.com\/tunisie\/wp-content\/uploads\/2022\/05\/Kapitalis-big-size.png\",\"width\":5000,\"height\":1500,\"caption\":\"Kapitalis\"},\"image\":{\"@id\":\"https:\/\/kapitalis.com\/tunisie\/#\/schema\/logo\/image\/\"},\"sameAs\":[\"https:\/\/www.facebook.com\/KapitalisInfo\/\",\"https:\/\/x.com\/KapitalisInfo\",\"https:\/\/www.youtube.com\/channel\/UC-yDYrHyfFBWWZaOw3FPg9Q\"]},{\"@type\":\"Person\",\"@id\":\"https:\/\/kapitalis.com\/tunisie\/#\/schema\/person\/d71f33a9ca44f7bad4698210b480c8e9\",\"name\":\"webmaster kapitalis\",\"url\":\"https:\/\/kapitalis.com\/tunisie\/author\/webmaster-kapitalis\/\"}]}<\/script>\n<!-- \/ Yoast SEO plugin. -->","yoast_head_json":{"title":"La caravane de Campus France \u00e9nerve le syndicat de l\u2019enseignement - Kapitalis","robots":{"index":"index","follow":"follow","max-snippet":"max-snippet:-1","max-image-preview":"max-image-preview:large","max-video-preview":"max-video-preview:-1"},"canonical":"https:\/\/kapitalis.com\/tunisie\/2017\/10\/12\/la-caravane-de-campus-france-enerve-le-syndicat-de-lenseignement\/","og_locale":"fr_FR","og_type":"article","og_title":"La caravane de Campus France \u00e9nerve le syndicat de l\u2019enseignement - Kapitalis","og_description":"Une caravane Campus France Tunisie, service relevant de l\u2019Institut fran\u00e7ais de Tunisie (IFT) et de l\u2019ambassade de France en Tunisie est organis\u00e9e pour la 1\u00e8re fois dans toutes les r\u00e9gions de la Tunisie.","og_url":"https:\/\/kapitalis.com\/tunisie\/2017\/10\/12\/la-caravane-de-campus-france-enerve-le-syndicat-de-lenseignement\/","og_site_name":"Kapitalis","article_publisher":"https:\/\/www.facebook.com\/KapitalisInfo\/","article_published_time":"2017-10-12T06:58:52+00:00","og_image":[{"width":1200,"height":630,"url":"https:\/\/kapitalis.com\/tunisie\/wp-content\/uploads\/2022\/05\/kapitalis-logo-fb.png","type":"image\/png"}],"author":"webmaster kapitalis","twitter_card":"summary_large_image","twitter_creator":"@KapitalisInfo","twitter_site":"@KapitalisInfo","twitter_misc":{"\u00c9crit par":"webmaster kapitalis","Dur\u00e9e de lecture estim\u00e9e":"2 minutes"},"schema":{"@context":"https:\/\/schema.org","@graph":[{"@type":"Article","@id":"https:\/\/kapitalis.com\/tunisie\/2017\/10\/12\/la-caravane-de-campus-france-enerve-le-syndicat-de-lenseignement\/#article","isPartOf":{"@id":"https:\/\/kapitalis.com\/tunisie\/2017\/10\/12\/la-caravane-de-campus-france-enerve-le-syndicat-de-lenseignement\/"},"author":{"name":"webmaster kapitalis","@id":"https:\/\/kapitalis.com\/tunisie\/#\/schema\/person\/d71f33a9ca44f7bad4698210b480c8e9"},"headline":"La caravane de Campus France \u00e9nerve le syndicat de l\u2019enseignement","datePublished":"2017-10-12T06:58:52+00:00","mainEntityOfPage":{"@id":"https:\/\/kapitalis.com\/tunisie\/2017\/10\/12\/la-caravane-de-campus-france-enerve-le-syndicat-de-lenseignement\/"},"wordCount":355,"commentCount":4,"publisher":{"@id":"https:\/\/kapitalis.com\/tunisie\/#organization"},"image":{"@id":"https:\/\/kapitalis.com\/tunisie\/2017\/10\/12\/la-caravane-de-campus-france-enerve-le-syndicat-de-lenseignement\/#primaryimage"},"thumbnailUrl":"","keywords":["ambassadeur de France","IFT","Institut fran\u00e7ais de Tunisie","syndicat de l\u2019enseignement secondaire"],"articleSection":["SOCIETE","Tunisie"],"inLanguage":"fr-FR","potentialAction":[{"@type":"CommentAction","name":"Comment","target":["https:\/\/kapitalis.com\/tunisie\/2017\/10\/12\/la-caravane-de-campus-france-enerve-le-syndicat-de-lenseignement\/#respond"]}]},{"@type":"WebPage","@id":"https:\/\/kapitalis.com\/tunisie\/2017\/10\/12\/la-caravane-de-campus-france-enerve-le-syndicat-de-lenseignement\/","url":"https:\/\/kapitalis.com\/tunisie\/2017\/10\/12\/la-caravane-de-campus-france-enerve-le-syndicat-de-lenseignement\/","name":"La caravane de Campus France \u00e9nerve le syndicat de l\u2019enseignement - Kapitalis","isPartOf":{"@id":"https:\/\/kapitalis.com\/tunisie\/#website"},"primaryImageOfPage":{"@id":"https:\/\/kapitalis.com\/tunisie\/2017\/10\/12\/la-caravane-de-campus-france-enerve-le-syndicat-de-lenseignement\/#primaryimage"},"image":{"@id":"https:\/\/kapitalis.com\/tunisie\/2017\/10\/12\/la-caravane-de-campus-france-enerve-le-syndicat-de-lenseignement\/#primaryimage"},"thumbnailUrl":"","datePublished":"2017-10-12T06:58:52+00:00","breadcrumb":{"@id":"https:\/\/kapitalis.com\/tunisie\/2017\/10\/12\/la-caravane-de-campus-france-enerve-le-syndicat-de-lenseignement\/#breadcrumb"},"inLanguage":"fr-FR","potentialAction":[{"@type":"ReadAction","target":["https:\/\/kapitalis.com\/tunisie\/2017\/10\/12\/la-caravane-de-campus-france-enerve-le-syndicat-de-lenseignement\/"]}]},{"@type":"ImageObject","inLanguage":"fr-FR","@id":"https:\/\/kapitalis.com\/tunisie\/2017\/10\/12\/la-caravane-de-campus-france-enerve-le-syndicat-de-lenseignement\/#primaryimage","url":"","contentUrl":""},{"@type":"BreadcrumbList","@id":"https:\/\/kapitalis.com\/tunisie\/2017\/10\/12\/la-caravane-de-campus-france-enerve-le-syndicat-de-lenseignement\/#breadcrumb","itemListElement":[{"@type":"ListItem","position":1,"name":"Accueil","item":"https:\/\/kapitalis.com\/tunisie\/"},{"@type":"ListItem","position":2,"name":"La caravane de Campus France \u00e9nerve le syndicat de l\u2019enseignement"}]},{"@type":"WebSite","@id":"https:\/\/kapitalis.com\/tunisie\/#website","url":"https:\/\/kapitalis.com\/tunisie\/","name":"Kapitalis","description":"L&#039;actualit\u00e9 en Tunisie et dans le monde","publisher":{"@id":"https:\/\/kapitalis.com\/tunisie\/#organization"},"potentialAction":[{"@type":"SearchAction","target":{"@type":"EntryPoint","urlTemplate":"https:\/\/kapitalis.com\/tunisie\/?s={search_term_string}"},"query-input":{"@type":"PropertyValueSpecification","valueRequired":true,"valueName":"search_term_string"}}],"inLanguage":"fr-FR"},{"@type":"Organization","@id":"https:\/\/kapitalis.com\/tunisie\/#organization","name":"Kapitalis","url":"https:\/\/kapitalis.com\/tunisie\/","logo":{"@type":"ImageObject","inLanguage":"fr-FR","@id":"https:\/\/kapitalis.com\/tunisie\/#\/schema\/logo\/image\/","url":"https:\/\/kapitalis.com\/tunisie\/wp-content\/uploads\/2022\/05\/Kapitalis-big-size.png","contentUrl":"https:\/\/kapitalis.com\/tunisie\/wp-content\/uploads\/2022\/05\/Kapitalis-big-size.png","width":5000,"height":1500,"caption":"Kapitalis"},"image":{"@id":"https:\/\/kapitalis.com\/tunisie\/#\/schema\/logo\/image\/"},"sameAs":["https:\/\/www.facebook.com\/KapitalisInfo\/","https:\/\/x.com\/KapitalisInfo","https:\/\/www.youtube.com\/channel\/UC-yDYrHyfFBWWZaOw3FPg9Q"]},{"@type":"Person","@id":"https:\/\/kapitalis.com\/tunisie\/#\/schema\/person\/d71f33a9ca44f7bad4698210b480c8e9","name":"webmaster kapitalis","url":"https:\/\/kapitalis.com\/tunisie\/author\/webmaster-kapitalis\/"}]}},"_links":{"self":[{"href":"https:\/\/kapitalis.com\/tunisie\/wp-json\/wp\/v2\/posts\/118240","targetHints":{"allow":["GET"]}}],"collection":[{"href":"https:\/\/kapitalis.com\/tunisie\/wp-json\/wp\/v2\/posts"}],"about":[{"href":"https:\/\/kapitalis.com\/tunisie\/wp-json\/wp\/v2\/types\/post"}],"author":[{"embeddable":true,"href":"https:\/\/kapitalis.com\/tunisie\/wp-json\/wp\/v2\/users\/8"}],"replies":[{"embeddable":true,"href":"https:\/\/kapitalis.com\/tunisie\/wp-json\/wp\/v2\/comments?post=118240"}],"version-history":[{"count":0,"href":"https:\/\/kapitalis.com\/tunisie\/wp-json\/wp\/v2\/posts\/118240\/revisions"}],"wp:featuredmedia":[{"embeddable":true,"href":"https:\/\/kapitalis.com\/tunisie\/wp-json\/wp\/v2\/media\/118241"}],"wp:attachment":[{"href":"https:\/\/kapitalis.com\/tunisie\/wp-json\/wp\/v2\/media?parent=118240"}],"wp:term":[{"taxonomy":"category","embeddable":true,"href":"https:\/\/kapitalis.com\/tunisie\/wp-json\/wp\/v2\/categories?post=118240"},{"taxonomy":"post_tag","embeddable":true,"href":"https:\/\/kapitalis.com\/tunisie\/wp-json\/wp\/v2\/tags?post=118240"}],"curies":[{"name":"wp","href":"https:\/\/api.w.org\/{rel}","templated":true}]}}