{"id":118321,"date":"2017-10-12T13:01:31","date_gmt":"2017-10-12T12:01:31","guid":{"rendered":"http:\/\/kapitalis.com\/tunisie\/?p=118321"},"modified":"2017-10-12T13:01:51","modified_gmt":"2017-10-12T12:01:51","slug":"handball-vers-la-revision-du-contrat-de-toni-gerona","status":"publish","type":"post","link":"https:\/\/kapitalis.com\/tunisie\/2017\/10\/12\/handball-vers-la-revision-du-contrat-de-toni-gerona\/","title":{"rendered":"Handball : Vers la r\u00e9vision du contrat de Toni Gerona"},"content":{"rendered":"<p style=\"text-align: center;\"><img loading=\"lazy\" decoding=\"async\" class=\"alignnone size-full wp-image-118322\" src=\"http:\/\/kapitalis.com\/tunisie\/wp-content\/uploads\/2017\/10\/Toni-Gerona-FTHB.jpg\" alt=\"\" width=\"626\" height=\"380\" \/><\/p>\n<p><em><strong>Plusieurs points au contrat de Toni Gerona Salaet, l\u2019entra\u00eeneur espagnol de l\u2019\u00e9quipe de Tunisie de handball, dont notamment le montant du salaire.<\/strong><\/em><\/p>\n<p><!--more--><\/p>\n<p>C\u2019est la demande faite par minist\u00e8re de la Jeunesse et du Sport \u00e0 la F\u00e9d\u00e9ration tunisienne de handball (FTHB), apr\u00e8s avoir refus\u00e9 de signer le contrat de l\u2019entra\u00eeneur tant que des modifications n\u2019y seront pas introduites, \u00e0 commencer par le salaire, qu\u2019elle juge au-dessus des qualifications du technicien.<\/p>\n<p>Le minist\u00e8re tient \u00e9galement \u00e0 ce que l\u2019entra\u00eeneur pr\u00e9cise ses objectifs.<\/p>\n<p>Toni Gerona a conclu, en juillet dernier, un accord avec la FTHB pour un salaire mensuel propos\u00e9 de 10.000 euros. Mais depuis, il exerce sans contrat officiel avec la f\u00e9d\u00e9ration.<\/p>\n<p>Tout comme Amor Khedira, l\u2019entra\u00eeneur assistant charg\u00e9 de la pr\u00e9paration physique qui vient d\u2019entamer, lundi 9 octobre 2017, sa mission avec la s\u00e9lection.<\/p>\n<p style=\"text-align: right;\"><strong>H. M. <\/strong><\/p>\n","protected":false},"excerpt":{"rendered":"<p>Plusieurs points au contrat de Toni Gerona Salaet, l\u2019entra\u00eeneur espagnol de l\u2019\u00e9quipe de Tunisie de handball, dont notamment le montant du salaire.<\/p>\n","protected":false},"author":8,"featured_media":118322,"comment_status":"open","ping_status":"open","sticky":false,"template":"","format":"standard","meta":{"footnotes":""},"categories":[999,2433],"tags":[32295,10928],"class_list":["post-118321","post","type-post","status-publish","format-standard","has-post-thumbnail","hentry","category-sport","category-tunisie","tag-federation-tunisienne-de-handball","tag-fthb"],"yoast_head":"<!-- This site is optimized with the Yoast SEO plugin v26.6 - https:\/\/yoast.com\/wordpress\/plugins\/seo\/ -->\n<title>Handball : Vers la r\u00e9vision du contrat de Toni Gerona - Kapitalis<\/title>\n<meta name=\"robots\" content=\"index, follow, max-snippet:-1, max-image-preview:large, max-video-preview:-1\" \/>\n<link rel=\"canonical\" href=\"https:\/\/kapitalis.com\/tunisie\/2017\/10\/12\/handball-vers-la-revision-du-contrat-de-toni-gerona\/\" \/>\n<meta property=\"og:locale\" content=\"fr_FR\" \/>\n<meta property=\"og:type\" content=\"article\" \/>\n<meta property=\"og:title\" content=\"Handball : Vers la r\u00e9vision du contrat de Toni Gerona - Kapitalis\" \/>\n<meta property=\"og:description\" content=\"Plusieurs points au contrat de Toni Gerona Salaet, l\u2019entra\u00eeneur espagnol de l\u2019\u00e9quipe de Tunisie de handball, dont notamment le montant du salaire.\" \/>\n<meta property=\"og:url\" content=\"https:\/\/kapitalis.com\/tunisie\/2017\/10\/12\/handball-vers-la-revision-du-contrat-de-toni-gerona\/\" \/>\n<meta property=\"og:site_name\" content=\"Kapitalis\" \/>\n<meta property=\"article:publisher\" content=\"https:\/\/www.facebook.com\/KapitalisInfo\/\" \/>\n<meta property=\"article:published_time\" content=\"2017-10-12T12:01:31+00:00\" \/>\n<meta property=\"article:modified_time\" content=\"2017-10-12T12:01:51+00:00\" \/>\n<meta property=\"og:image\" content=\"https:\/\/kapitalis.com\/tunisie\/wp-content\/uploads\/2022\/05\/kapitalis-logo-fb.png\" \/>\n\t<meta property=\"og:image:width\" content=\"1200\" \/>\n\t<meta property=\"og:image:height\" content=\"630\" \/>\n\t<meta property=\"og:image:type\" content=\"image\/png\" \/>\n<meta name=\"author\" content=\"webmaster kapitalis\" \/>\n<meta name=\"twitter:card\" content=\"summary_large_image\" \/>\n<meta name=\"twitter:creator\" content=\"@KapitalisInfo\" \/>\n<meta name=\"twitter:site\" content=\"@KapitalisInfo\" \/>\n<meta name=\"twitter:label1\" content=\"\u00c9crit par\" \/>\n\t<meta name=\"twitter:data1\" content=\"webmaster kapitalis\" \/>\n\t<meta name=\"twitter:label2\" content=\"Dur\u00e9e de lecture estim\u00e9e\" \/>\n\t<meta name=\"twitter:data2\" content=\"1 minute\" \/>\n<script type=\"application\/ld+json\" class=\"yoast-schema-graph\">{\"@context\":\"https:\/\/schema.org\",\"@graph\":[{\"@type\":\"Article\",\"@id\":\"https:\/\/kapitalis.com\/tunisie\/2017\/10\/12\/handball-vers-la-revision-du-contrat-de-toni-gerona\/#article\",\"isPartOf\":{\"@id\":\"https:\/\/kapitalis.com\/tunisie\/2017\/10\/12\/handball-vers-la-revision-du-contrat-de-toni-gerona\/\"},\"author\":{\"name\":\"webmaster kapitalis\",\"@id\":\"https:\/\/kapitalis.com\/tunisie\/#\/schema\/person\/d71f33a9ca44f7bad4698210b480c8e9\"},\"headline\":\"Handball : Vers la r\u00e9vision du contrat de Toni Gerona\",\"datePublished\":\"2017-10-12T12:01:31+00:00\",\"dateModified\":\"2017-10-12T12:01:51+00:00\",\"mainEntityOfPage\":{\"@id\":\"https:\/\/kapitalis.com\/tunisie\/2017\/10\/12\/handball-vers-la-revision-du-contrat-de-toni-gerona\/\"},\"wordCount\":163,\"commentCount\":4,\"publisher\":{\"@id\":\"https:\/\/kapitalis.com\/tunisie\/#organization\"},\"image\":{\"@id\":\"https:\/\/kapitalis.com\/tunisie\/2017\/10\/12\/handball-vers-la-revision-du-contrat-de-toni-gerona\/#primaryimage\"},\"thumbnailUrl\":\"\",\"keywords\":[\"F\u00e9d\u00e9ration tunisienne de handball\",\"FTHB\"],\"articleSection\":[\"SPORT\",\"Tunisie\"],\"inLanguage\":\"fr-FR\",\"potentialAction\":[{\"@type\":\"CommentAction\",\"name\":\"Comment\",\"target\":[\"https:\/\/kapitalis.com\/tunisie\/2017\/10\/12\/handball-vers-la-revision-du-contrat-de-toni-gerona\/#respond\"]}]},{\"@type\":\"WebPage\",\"@id\":\"https:\/\/kapitalis.com\/tunisie\/2017\/10\/12\/handball-vers-la-revision-du-contrat-de-toni-gerona\/\",\"url\":\"https:\/\/kapitalis.com\/tunisie\/2017\/10\/12\/handball-vers-la-revision-du-contrat-de-toni-gerona\/\",\"name\":\"Handball : Vers la r\u00e9vision du contrat de Toni Gerona - Kapitalis\",\"isPartOf\":{\"@id\":\"https:\/\/kapitalis.com\/tunisie\/#website\"},\"primaryImageOfPage\":{\"@id\":\"https:\/\/kapitalis.com\/tunisie\/2017\/10\/12\/handball-vers-la-revision-du-contrat-de-toni-gerona\/#primaryimage\"},\"image\":{\"@id\":\"https:\/\/kapitalis.com\/tunisie\/2017\/10\/12\/handball-vers-la-revision-du-contrat-de-toni-gerona\/#primaryimage\"},\"thumbnailUrl\":\"\",\"datePublished\":\"2017-10-12T12:01:31+00:00\",\"dateModified\":\"2017-10-12T12:01:51+00:00\",\"breadcrumb\":{\"@id\":\"https:\/\/kapitalis.com\/tunisie\/2017\/10\/12\/handball-vers-la-revision-du-contrat-de-toni-gerona\/#breadcrumb\"},\"inLanguage\":\"fr-FR\",\"potentialAction\":[{\"@type\":\"ReadAction\",\"target\":[\"https:\/\/kapitalis.com\/tunisie\/2017\/10\/12\/handball-vers-la-revision-du-contrat-de-toni-gerona\/\"]}]},{\"@type\":\"ImageObject\",\"inLanguage\":\"fr-FR\",\"@id\":\"https:\/\/kapitalis.com\/tunisie\/2017\/10\/12\/handball-vers-la-revision-du-contrat-de-toni-gerona\/#primaryimage\",\"url\":\"\",\"contentUrl\":\"\"},{\"@type\":\"BreadcrumbList\",\"@id\":\"https:\/\/kapitalis.com\/tunisie\/2017\/10\/12\/handball-vers-la-revision-du-contrat-de-toni-gerona\/#breadcrumb\",\"itemListElement\":[{\"@type\":\"ListItem\",\"position\":1,\"name\":\"Accueil\",\"item\":\"https:\/\/kapitalis.com\/tunisie\/\"},{\"@type\":\"ListItem\",\"position\":2,\"name\":\"Handball : Vers la r\u00e9vision du contrat de Toni Gerona\"}]},{\"@type\":\"WebSite\",\"@id\":\"https:\/\/kapitalis.com\/tunisie\/#website\",\"url\":\"https:\/\/kapitalis.com\/tunisie\/\",\"name\":\"Kapitalis\",\"description\":\"L&#039;actualit\u00e9 en Tunisie et dans le monde\",\"publisher\":{\"@id\":\"https:\/\/kapitalis.com\/tunisie\/#organization\"},\"potentialAction\":[{\"@type\":\"SearchAction\",\"target\":{\"@type\":\"EntryPoint\",\"urlTemplate\":\"https:\/\/kapitalis.com\/tunisie\/?s={search_term_string}\"},\"query-input\":{\"@type\":\"PropertyValueSpecification\",\"valueRequired\":true,\"valueName\":\"search_term_string\"}}],\"inLanguage\":\"fr-FR\"},{\"@type\":\"Organization\",\"@id\":\"https:\/\/kapitalis.com\/tunisie\/#organization\",\"name\":\"Kapitalis\",\"url\":\"https:\/\/kapitalis.com\/tunisie\/\",\"logo\":{\"@type\":\"ImageObject\",\"inLanguage\":\"fr-FR\",\"@id\":\"https:\/\/kapitalis.com\/tunisie\/#\/schema\/logo\/image\/\",\"url\":\"https:\/\/kapitalis.com\/tunisie\/wp-content\/uploads\/2022\/05\/Kapitalis-big-size.png\",\"contentUrl\":\"https:\/\/kapitalis.com\/tunisie\/wp-content\/uploads\/2022\/05\/Kapitalis-big-size.png\",\"width\":5000,\"height\":1500,\"caption\":\"Kapitalis\"},\"image\":{\"@id\":\"https:\/\/kapitalis.com\/tunisie\/#\/schema\/logo\/image\/\"},\"sameAs\":[\"https:\/\/www.facebook.com\/KapitalisInfo\/\",\"https:\/\/x.com\/KapitalisInfo\",\"https:\/\/www.youtube.com\/channel\/UC-yDYrHyfFBWWZaOw3FPg9Q\"]},{\"@type\":\"Person\",\"@id\":\"https:\/\/kapitalis.com\/tunisie\/#\/schema\/person\/d71f33a9ca44f7bad4698210b480c8e9\",\"name\":\"webmaster kapitalis\",\"url\":\"https:\/\/kapitalis.com\/tunisie\/author\/webmaster-kapitalis\/\"}]}<\/script>\n<!-- \/ Yoast SEO plugin. -->","yoast_head_json":{"title":"Handball : Vers la r\u00e9vision du contrat de Toni Gerona - Kapitalis","robots":{"index":"index","follow":"follow","max-snippet":"max-snippet:-1","max-image-preview":"max-image-preview:large","max-video-preview":"max-video-preview:-1"},"canonical":"https:\/\/kapitalis.com\/tunisie\/2017\/10\/12\/handball-vers-la-revision-du-contrat-de-toni-gerona\/","og_locale":"fr_FR","og_type":"article","og_title":"Handball : Vers la r\u00e9vision du contrat de Toni Gerona - Kapitalis","og_description":"Plusieurs points au contrat de Toni Gerona Salaet, l\u2019entra\u00eeneur espagnol de l\u2019\u00e9quipe de Tunisie de handball, dont notamment le montant du salaire.","og_url":"https:\/\/kapitalis.com\/tunisie\/2017\/10\/12\/handball-vers-la-revision-du-contrat-de-toni-gerona\/","og_site_name":"Kapitalis","article_publisher":"https:\/\/www.facebook.com\/KapitalisInfo\/","article_published_time":"2017-10-12T12:01:31+00:00","article_modified_time":"2017-10-12T12:01:51+00:00","og_image":[{"width":1200,"height":630,"url":"https:\/\/kapitalis.com\/tunisie\/wp-content\/uploads\/2022\/05\/kapitalis-logo-fb.png","type":"image\/png"}],"author":"webmaster kapitalis","twitter_card":"summary_large_image","twitter_creator":"@KapitalisInfo","twitter_site":"@KapitalisInfo","twitter_misc":{"\u00c9crit par":"webmaster kapitalis","Dur\u00e9e de lecture estim\u00e9e":"1 minute"},"schema":{"@context":"https:\/\/schema.org","@graph":[{"@type":"Article","@id":"https:\/\/kapitalis.com\/tunisie\/2017\/10\/12\/handball-vers-la-revision-du-contrat-de-toni-gerona\/#article","isPartOf":{"@id":"https:\/\/kapitalis.com\/tunisie\/2017\/10\/12\/handball-vers-la-revision-du-contrat-de-toni-gerona\/"},"author":{"name":"webmaster kapitalis","@id":"https:\/\/kapitalis.com\/tunisie\/#\/schema\/person\/d71f33a9ca44f7bad4698210b480c8e9"},"headline":"Handball : Vers la r\u00e9vision du contrat de Toni Gerona","datePublished":"2017-10-12T12:01:31+00:00","dateModified":"2017-10-12T12:01:51+00:00","mainEntityOfPage":{"@id":"https:\/\/kapitalis.com\/tunisie\/2017\/10\/12\/handball-vers-la-revision-du-contrat-de-toni-gerona\/"},"wordCount":163,"commentCount":4,"publisher":{"@id":"https:\/\/kapitalis.com\/tunisie\/#organization"},"image":{"@id":"https:\/\/kapitalis.com\/tunisie\/2017\/10\/12\/handball-vers-la-revision-du-contrat-de-toni-gerona\/#primaryimage"},"thumbnailUrl":"","keywords":["F\u00e9d\u00e9ration tunisienne de handball","FTHB"],"articleSection":["SPORT","Tunisie"],"inLanguage":"fr-FR","potentialAction":[{"@type":"CommentAction","name":"Comment","target":["https:\/\/kapitalis.com\/tunisie\/2017\/10\/12\/handball-vers-la-revision-du-contrat-de-toni-gerona\/#respond"]}]},{"@type":"WebPage","@id":"https:\/\/kapitalis.com\/tunisie\/2017\/10\/12\/handball-vers-la-revision-du-contrat-de-toni-gerona\/","url":"https:\/\/kapitalis.com\/tunisie\/2017\/10\/12\/handball-vers-la-revision-du-contrat-de-toni-gerona\/","name":"Handball : Vers la r\u00e9vision du contrat de Toni Gerona - Kapitalis","isPartOf":{"@id":"https:\/\/kapitalis.com\/tunisie\/#website"},"primaryImageOfPage":{"@id":"https:\/\/kapitalis.com\/tunisie\/2017\/10\/12\/handball-vers-la-revision-du-contrat-de-toni-gerona\/#primaryimage"},"image":{"@id":"https:\/\/kapitalis.com\/tunisie\/2017\/10\/12\/handball-vers-la-revision-du-contrat-de-toni-gerona\/#primaryimage"},"thumbnailUrl":"","datePublished":"2017-10-12T12:01:31+00:00","dateModified":"2017-10-12T12:01:51+00:00","breadcrumb":{"@id":"https:\/\/kapitalis.com\/tunisie\/2017\/10\/12\/handball-vers-la-revision-du-contrat-de-toni-gerona\/#breadcrumb"},"inLanguage":"fr-FR","potentialAction":[{"@type":"ReadAction","target":["https:\/\/kapitalis.com\/tunisie\/2017\/10\/12\/handball-vers-la-revision-du-contrat-de-toni-gerona\/"]}]},{"@type":"ImageObject","inLanguage":"fr-FR","@id":"https:\/\/kapitalis.com\/tunisie\/2017\/10\/12\/handball-vers-la-revision-du-contrat-de-toni-gerona\/#primaryimage","url":"","contentUrl":""},{"@type":"BreadcrumbList","@id":"https:\/\/kapitalis.com\/tunisie\/2017\/10\/12\/handball-vers-la-revision-du-contrat-de-toni-gerona\/#breadcrumb","itemListElement":[{"@type":"ListItem","position":1,"name":"Accueil","item":"https:\/\/kapitalis.com\/tunisie\/"},{"@type":"ListItem","position":2,"name":"Handball : Vers la r\u00e9vision du contrat de Toni Gerona"}]},{"@type":"WebSite","@id":"https:\/\/kapitalis.com\/tunisie\/#website","url":"https:\/\/kapitalis.com\/tunisie\/","name":"Kapitalis","description":"L&#039;actualit\u00e9 en Tunisie et dans le monde","publisher":{"@id":"https:\/\/kapitalis.com\/tunisie\/#organization"},"potentialAction":[{"@type":"SearchAction","target":{"@type":"EntryPoint","urlTemplate":"https:\/\/kapitalis.com\/tunisie\/?s={search_term_string}"},"query-input":{"@type":"PropertyValueSpecification","valueRequired":true,"valueName":"search_term_string"}}],"inLanguage":"fr-FR"},{"@type":"Organization","@id":"https:\/\/kapitalis.com\/tunisie\/#organization","name":"Kapitalis","url":"https:\/\/kapitalis.com\/tunisie\/","logo":{"@type":"ImageObject","inLanguage":"fr-FR","@id":"https:\/\/kapitalis.com\/tunisie\/#\/schema\/logo\/image\/","url":"https:\/\/kapitalis.com\/tunisie\/wp-content\/uploads\/2022\/05\/Kapitalis-big-size.png","contentUrl":"https:\/\/kapitalis.com\/tunisie\/wp-content\/uploads\/2022\/05\/Kapitalis-big-size.png","width":5000,"height":1500,"caption":"Kapitalis"},"image":{"@id":"https:\/\/kapitalis.com\/tunisie\/#\/schema\/logo\/image\/"},"sameAs":["https:\/\/www.facebook.com\/KapitalisInfo\/","https:\/\/x.com\/KapitalisInfo","https:\/\/www.youtube.com\/channel\/UC-yDYrHyfFBWWZaOw3FPg9Q"]},{"@type":"Person","@id":"https:\/\/kapitalis.com\/tunisie\/#\/schema\/person\/d71f33a9ca44f7bad4698210b480c8e9","name":"webmaster kapitalis","url":"https:\/\/kapitalis.com\/tunisie\/author\/webmaster-kapitalis\/"}]}},"_links":{"self":[{"href":"https:\/\/kapitalis.com\/tunisie\/wp-json\/wp\/v2\/posts\/118321","targetHints":{"allow":["GET"]}}],"collection":[{"href":"https:\/\/kapitalis.com\/tunisie\/wp-json\/wp\/v2\/posts"}],"about":[{"href":"https:\/\/kapitalis.com\/tunisie\/wp-json\/wp\/v2\/types\/post"}],"author":[{"embeddable":true,"href":"https:\/\/kapitalis.com\/tunisie\/wp-json\/wp\/v2\/users\/8"}],"replies":[{"embeddable":true,"href":"https:\/\/kapitalis.com\/tunisie\/wp-json\/wp\/v2\/comments?post=118321"}],"version-history":[{"count":0,"href":"https:\/\/kapitalis.com\/tunisie\/wp-json\/wp\/v2\/posts\/118321\/revisions"}],"wp:featuredmedia":[{"embeddable":true,"href":"https:\/\/kapitalis.com\/tunisie\/wp-json\/wp\/v2\/media\/118322"}],"wp:attachment":[{"href":"https:\/\/kapitalis.com\/tunisie\/wp-json\/wp\/v2\/media?parent=118321"}],"wp:term":[{"taxonomy":"category","embeddable":true,"href":"https:\/\/kapitalis.com\/tunisie\/wp-json\/wp\/v2\/categories?post=118321"},{"taxonomy":"post_tag","embeddable":true,"href":"https:\/\/kapitalis.com\/tunisie\/wp-json\/wp\/v2\/tags?post=118321"}],"curies":[{"name":"wp","href":"https:\/\/api.w.org\/{rel}","templated":true}]}}