{"id":118357,"date":"2017-10-12T16:48:46","date_gmt":"2017-10-12T15:48:46","guid":{"rendered":"http:\/\/kapitalis.com\/tunisie\/?p=118357"},"modified":"2017-10-12T16:48:46","modified_gmt":"2017-10-12T15:48:46","slug":"hager-ben-cheikh-ahmed-entendu-par-le-tribunal-de-manouba","status":"publish","type":"post","link":"https:\/\/kapitalis.com\/tunisie\/2017\/10\/12\/hager-ben-cheikh-ahmed-entendu-par-le-tribunal-de-manouba\/","title":{"rendered":"Hager Ben Cheikh Ahmed entendu par le tribunal de Manouba"},"content":{"rendered":"<p style=\"text-align: center;\"><img loading=\"lazy\" decoding=\"async\" class=\"alignnone size-full wp-image-64828\" src=\"http:\/\/kapitalis.com\/tunisie\/wp-content\/uploads\/2016\/09\/Hager-Ben-Cheikh-Ahmed.jpg\" alt=\"\" width=\"626\" height=\"380\" \/><\/p>\n<p><em><strong>Hager Ben Cheikh Ahmed a \u00e9t\u00e9 entendue, hier, mercredi 11 octobre 2017, par le tribunal de 1\u00e8re instance de Manouba.\u00a0<\/strong><\/em><!--more--><\/p>\n<p>C&rsquo;est ce qu&rsquo;a indiqu\u00e9\u00a0la d\u00e9put\u00e9e d&rsquo;Afek Tounes dans un post publi\u00e9 sur son compte Facebook, en pr\u00e9cisant qu&rsquo;elle a \u00e9t\u00e9 entendue en tant que plaignante dans une affaire d\u00e9pos\u00e9e, en avril dernier, contre un jeune homme r\u00e9pondant au pseudonyme de Khaled Ibn Al-Walid, qui l&rsquo;aurait menac\u00e9e \u00e0 plusieurs reprises sur son compte priv\u00e9 et sa page officielle durant plusieurs semaines.<\/p>\n<p>Selon Mme Ben Cheikh Ahmed, son harceleur n&rsquo;arr\u00eatait pas de l&rsquo;insulter, de la traiter de tout les noms et de lui envoyer des images \u00e0 caract\u00e8res pornographiques.<\/p>\n<p>\u00ab<em>Ces actes ont port\u00e9 atteinte \u00e0 ma dignit\u00e9 en tant que femme, m\u00e8re de foyer et d\u00e9put\u00e9e \u00e0 l&rsquo;Assembl\u00e9e, sans mentionner les dommages moraux<\/em>\u00bb, a-t-elle \u00e9crit, ajoutant:\u00a0\u00ab<em>Mon harceleur, qui a plusieurs profils sur Facebook, a auparavant menac\u00e9 plusieurs personnalit\u00e9s politiques connues dont l&rsquo;ambassadrice d&rsquo;un pays \u00e9tranger qui a fini par le poursuivre en justice. Il a m\u00eame harcel\u00e9 Mme Samira Merai lorsqu&rsquo;elle \u00e9tait ministre de la Femme, de la Famille et de l&rsquo;Enfance\u00bb.<\/em><\/p>\n<p>La d\u00e9put\u00e9e d&rsquo;Afek Tounes a, par ailleurs, indiqu\u00e9 que le d\u00e9nomm\u00e9 Khaled Ibn Al-Walid est un isol\u00e9 social qui avait pourtant termin\u00e9 ses \u00e9tudes, ajoutant :\u00a0\u00ab<em>Malgr\u00e9 le fait qu&rsquo;il me fait piti\u00e9, j&rsquo;ai refus\u00e9 de retirer ma plainte pour que cette histoire serve de le\u00e7on par tous ceux qui pensent pouvoir menacer ou insulter en recourant \u00e0 un pseudonyme\u00bb.<\/em><\/p>\n<p>Mme Ben Cheikh Ahmed a aussi indiqu\u00e9 que l&rsquo;individu est accus\u00e9 de diffamation, d&rsquo;insulte et d&rsquo;appel au conflit entre les religions et les races et peut \u00eatre condamn\u00e9 de 2 \u00e0 3 ans de prison.<\/p>\n<p style=\"text-align: right;\"><strong>E. B. A.<\/strong><\/p>\n<p><em><strong>Article li\u00e9 :\u00a0<\/strong><\/em><\/p>\n<blockquote class=\"wp-embedded-content\" data-secret=\"DU9fZYVs9V\"><p><a href=\"https:\/\/kapitalis.com\/tunisie\/2017\/05\/09\/la-deputee-hager-ben-cheikh-ahmed-harcelee-et-menacee\/\">La d\u00e9put\u00e9e Hager Ben Cheikh Ahmed harcel\u00e9e et menac\u00e9e<\/a><\/p><\/blockquote>\n<p><iframe loading=\"lazy\" class=\"wp-embedded-content\" sandbox=\"allow-scripts\" security=\"restricted\" style=\"position: absolute; clip: rect(1px, 1px, 1px, 1px);\" title=\"\u00ab\u00a0La d\u00e9put\u00e9e Hager Ben Cheikh Ahmed harcel\u00e9e et menac\u00e9e\u00a0\u00bb &#8212; Kapitalis\" src=\"https:\/\/kapitalis.com\/tunisie\/2017\/05\/09\/la-deputee-hager-ben-cheikh-ahmed-harcelee-et-menacee\/embed\/#?secret=Bux62S9jDi#?secret=DU9fZYVs9V\" data-secret=\"DU9fZYVs9V\" width=\"600\" height=\"338\" frameborder=\"0\" marginwidth=\"0\" marginheight=\"0\" scrolling=\"no\"><\/iframe><\/p>\n","protected":false},"excerpt":{"rendered":"<p>Hager Ben Cheikh Ahmed a \u00e9t\u00e9 entendue, hier, mercredi 11 octobre 2017, par le tribunal de 1\u00e8re instance de Manouba.\u00a0<\/p>\n","protected":false},"author":16,"featured_media":0,"comment_status":"open","ping_status":"open","sticky":false,"template":"","format":"standard","meta":{"footnotes":""},"categories":[997,2433],"tags":[4568,2747,22789,16335,3123],"class_list":["post-118357","post","type-post","status-publish","format-standard","hentry","category-politique","category-tunisie","tag-afek-tounes","tag-diffamation","tag-hager-ben-cheikh-ahmed","tag-insulte","tag-samira-merai"],"yoast_head":"<!-- This site is optimized with the Yoast SEO plugin v26.6 - https:\/\/yoast.com\/wordpress\/plugins\/seo\/ -->\n<title>Hager Ben Cheikh Ahmed entendu par le tribunal de Manouba - Kapitalis<\/title>\n<meta name=\"robots\" content=\"index, follow, max-snippet:-1, max-image-preview:large, max-video-preview:-1\" \/>\n<link rel=\"canonical\" href=\"https:\/\/kapitalis.com\/tunisie\/2017\/10\/12\/hager-ben-cheikh-ahmed-entendu-par-le-tribunal-de-manouba\/\" \/>\n<meta property=\"og:locale\" content=\"fr_FR\" \/>\n<meta property=\"og:type\" content=\"article\" \/>\n<meta property=\"og:title\" content=\"Hager Ben Cheikh Ahmed entendu par le tribunal de Manouba - Kapitalis\" \/>\n<meta property=\"og:description\" content=\"Hager Ben Cheikh Ahmed a \u00e9t\u00e9 entendue, hier, mercredi 11 octobre 2017, par le tribunal de 1\u00e8re instance de Manouba.\u00a0\" \/>\n<meta property=\"og:url\" content=\"https:\/\/kapitalis.com\/tunisie\/2017\/10\/12\/hager-ben-cheikh-ahmed-entendu-par-le-tribunal-de-manouba\/\" \/>\n<meta property=\"og:site_name\" content=\"Kapitalis\" \/>\n<meta property=\"article:publisher\" content=\"https:\/\/www.facebook.com\/KapitalisInfo\/\" \/>\n<meta property=\"article:published_time\" content=\"2017-10-12T15:48:46+00:00\" \/>\n<meta property=\"og:image\" content=\"http:\/\/kapitalis.com\/tunisie\/wp-content\/uploads\/2016\/09\/Hager-Ben-Cheikh-Ahmed.jpg\" \/>\n<meta name=\"author\" content=\"emna benabdallah\" \/>\n<meta name=\"twitter:card\" content=\"summary_large_image\" \/>\n<meta name=\"twitter:creator\" content=\"@KapitalisInfo\" \/>\n<meta name=\"twitter:site\" content=\"@KapitalisInfo\" \/>\n<meta name=\"twitter:label1\" content=\"\u00c9crit par\" \/>\n\t<meta name=\"twitter:data1\" content=\"emna benabdallah\" \/>\n\t<meta name=\"twitter:label2\" content=\"Dur\u00e9e de lecture estim\u00e9e\" \/>\n\t<meta name=\"twitter:data2\" content=\"1 minute\" \/>\n<script type=\"application\/ld+json\" class=\"yoast-schema-graph\">{\"@context\":\"https:\/\/schema.org\",\"@graph\":[{\"@type\":\"Article\",\"@id\":\"https:\/\/kapitalis.com\/tunisie\/2017\/10\/12\/hager-ben-cheikh-ahmed-entendu-par-le-tribunal-de-manouba\/#article\",\"isPartOf\":{\"@id\":\"https:\/\/kapitalis.com\/tunisie\/2017\/10\/12\/hager-ben-cheikh-ahmed-entendu-par-le-tribunal-de-manouba\/\"},\"author\":{\"name\":\"emna benabdallah\",\"@id\":\"https:\/\/kapitalis.com\/tunisie\/#\/schema\/person\/2c6e134b2f3369dffcd1daf5f087d28b\"},\"headline\":\"Hager Ben Cheikh Ahmed entendu par le tribunal de Manouba\",\"datePublished\":\"2017-10-12T15:48:46+00:00\",\"mainEntityOfPage\":{\"@id\":\"https:\/\/kapitalis.com\/tunisie\/2017\/10\/12\/hager-ben-cheikh-ahmed-entendu-par-le-tribunal-de-manouba\/\"},\"wordCount\":305,\"commentCount\":1,\"publisher\":{\"@id\":\"https:\/\/kapitalis.com\/tunisie\/#organization\"},\"image\":{\"@id\":\"https:\/\/kapitalis.com\/tunisie\/2017\/10\/12\/hager-ben-cheikh-ahmed-entendu-par-le-tribunal-de-manouba\/#primaryimage\"},\"thumbnailUrl\":\"http:\/\/kapitalis.com\/tunisie\/wp-content\/uploads\/2016\/09\/Hager-Ben-Cheikh-Ahmed.jpg\",\"keywords\":[\"Afek Tounes\",\"diffamation\",\"Hager Ben Cheikh Ahmed\",\"insulte\",\"Samira Mera\u00ef\"],\"articleSection\":[\"POLITIQUE\",\"Tunisie\"],\"inLanguage\":\"fr-FR\",\"potentialAction\":[{\"@type\":\"CommentAction\",\"name\":\"Comment\",\"target\":[\"https:\/\/kapitalis.com\/tunisie\/2017\/10\/12\/hager-ben-cheikh-ahmed-entendu-par-le-tribunal-de-manouba\/#respond\"]}]},{\"@type\":\"WebPage\",\"@id\":\"https:\/\/kapitalis.com\/tunisie\/2017\/10\/12\/hager-ben-cheikh-ahmed-entendu-par-le-tribunal-de-manouba\/\",\"url\":\"https:\/\/kapitalis.com\/tunisie\/2017\/10\/12\/hager-ben-cheikh-ahmed-entendu-par-le-tribunal-de-manouba\/\",\"name\":\"Hager Ben Cheikh Ahmed entendu par le tribunal de Manouba - Kapitalis\",\"isPartOf\":{\"@id\":\"https:\/\/kapitalis.com\/tunisie\/#website\"},\"primaryImageOfPage\":{\"@id\":\"https:\/\/kapitalis.com\/tunisie\/2017\/10\/12\/hager-ben-cheikh-ahmed-entendu-par-le-tribunal-de-manouba\/#primaryimage\"},\"image\":{\"@id\":\"https:\/\/kapitalis.com\/tunisie\/2017\/10\/12\/hager-ben-cheikh-ahmed-entendu-par-le-tribunal-de-manouba\/#primaryimage\"},\"thumbnailUrl\":\"http:\/\/kapitalis.com\/tunisie\/wp-content\/uploads\/2016\/09\/Hager-Ben-Cheikh-Ahmed.jpg\",\"datePublished\":\"2017-10-12T15:48:46+00:00\",\"breadcrumb\":{\"@id\":\"https:\/\/kapitalis.com\/tunisie\/2017\/10\/12\/hager-ben-cheikh-ahmed-entendu-par-le-tribunal-de-manouba\/#breadcrumb\"},\"inLanguage\":\"fr-FR\",\"potentialAction\":[{\"@type\":\"ReadAction\",\"target\":[\"https:\/\/kapitalis.com\/tunisie\/2017\/10\/12\/hager-ben-cheikh-ahmed-entendu-par-le-tribunal-de-manouba\/\"]}]},{\"@type\":\"ImageObject\",\"inLanguage\":\"fr-FR\",\"@id\":\"https:\/\/kapitalis.com\/tunisie\/2017\/10\/12\/hager-ben-cheikh-ahmed-entendu-par-le-tribunal-de-manouba\/#primaryimage\",\"url\":\"http:\/\/kapitalis.com\/tunisie\/wp-content\/uploads\/2016\/09\/Hager-Ben-Cheikh-Ahmed.jpg\",\"contentUrl\":\"http:\/\/kapitalis.com\/tunisie\/wp-content\/uploads\/2016\/09\/Hager-Ben-Cheikh-Ahmed.jpg\"},{\"@type\":\"BreadcrumbList\",\"@id\":\"https:\/\/kapitalis.com\/tunisie\/2017\/10\/12\/hager-ben-cheikh-ahmed-entendu-par-le-tribunal-de-manouba\/#breadcrumb\",\"itemListElement\":[{\"@type\":\"ListItem\",\"position\":1,\"name\":\"Accueil\",\"item\":\"https:\/\/kapitalis.com\/tunisie\/\"},{\"@type\":\"ListItem\",\"position\":2,\"name\":\"Hager Ben Cheikh Ahmed entendu par le tribunal de Manouba\"}]},{\"@type\":\"WebSite\",\"@id\":\"https:\/\/kapitalis.com\/tunisie\/#website\",\"url\":\"https:\/\/kapitalis.com\/tunisie\/\",\"name\":\"Kapitalis\",\"description\":\"L&#039;actualit\u00e9 en Tunisie et dans le monde\",\"publisher\":{\"@id\":\"https:\/\/kapitalis.com\/tunisie\/#organization\"},\"potentialAction\":[{\"@type\":\"SearchAction\",\"target\":{\"@type\":\"EntryPoint\",\"urlTemplate\":\"https:\/\/kapitalis.com\/tunisie\/?s={search_term_string}\"},\"query-input\":{\"@type\":\"PropertyValueSpecification\",\"valueRequired\":true,\"valueName\":\"search_term_string\"}}],\"inLanguage\":\"fr-FR\"},{\"@type\":\"Organization\",\"@id\":\"https:\/\/kapitalis.com\/tunisie\/#organization\",\"name\":\"Kapitalis\",\"url\":\"https:\/\/kapitalis.com\/tunisie\/\",\"logo\":{\"@type\":\"ImageObject\",\"inLanguage\":\"fr-FR\",\"@id\":\"https:\/\/kapitalis.com\/tunisie\/#\/schema\/logo\/image\/\",\"url\":\"https:\/\/kapitalis.com\/tunisie\/wp-content\/uploads\/2022\/05\/Kapitalis-big-size.png\",\"contentUrl\":\"https:\/\/kapitalis.com\/tunisie\/wp-content\/uploads\/2022\/05\/Kapitalis-big-size.png\",\"width\":5000,\"height\":1500,\"caption\":\"Kapitalis\"},\"image\":{\"@id\":\"https:\/\/kapitalis.com\/tunisie\/#\/schema\/logo\/image\/\"},\"sameAs\":[\"https:\/\/www.facebook.com\/KapitalisInfo\/\",\"https:\/\/x.com\/KapitalisInfo\",\"https:\/\/www.youtube.com\/channel\/UC-yDYrHyfFBWWZaOw3FPg9Q\"]},{\"@type\":\"Person\",\"@id\":\"https:\/\/kapitalis.com\/tunisie\/#\/schema\/person\/2c6e134b2f3369dffcd1daf5f087d28b\",\"name\":\"emna benabdallah\",\"url\":\"https:\/\/kapitalis.com\/tunisie\/author\/emna\/\"}]}<\/script>\n<!-- \/ Yoast SEO plugin. -->","yoast_head_json":{"title":"Hager Ben Cheikh Ahmed entendu par le tribunal de Manouba - Kapitalis","robots":{"index":"index","follow":"follow","max-snippet":"max-snippet:-1","max-image-preview":"max-image-preview:large","max-video-preview":"max-video-preview:-1"},"canonical":"https:\/\/kapitalis.com\/tunisie\/2017\/10\/12\/hager-ben-cheikh-ahmed-entendu-par-le-tribunal-de-manouba\/","og_locale":"fr_FR","og_type":"article","og_title":"Hager Ben Cheikh Ahmed entendu par le tribunal de Manouba - Kapitalis","og_description":"Hager Ben Cheikh Ahmed a \u00e9t\u00e9 entendue, hier, mercredi 11 octobre 2017, par le tribunal de 1\u00e8re instance de Manouba.\u00a0","og_url":"https:\/\/kapitalis.com\/tunisie\/2017\/10\/12\/hager-ben-cheikh-ahmed-entendu-par-le-tribunal-de-manouba\/","og_site_name":"Kapitalis","article_publisher":"https:\/\/www.facebook.com\/KapitalisInfo\/","article_published_time":"2017-10-12T15:48:46+00:00","og_image":[{"url":"http:\/\/kapitalis.com\/tunisie\/wp-content\/uploads\/2016\/09\/Hager-Ben-Cheikh-Ahmed.jpg","type":"","width":"","height":""}],"author":"emna benabdallah","twitter_card":"summary_large_image","twitter_creator":"@KapitalisInfo","twitter_site":"@KapitalisInfo","twitter_misc":{"\u00c9crit par":"emna benabdallah","Dur\u00e9e de lecture estim\u00e9e":"1 minute"},"schema":{"@context":"https:\/\/schema.org","@graph":[{"@type":"Article","@id":"https:\/\/kapitalis.com\/tunisie\/2017\/10\/12\/hager-ben-cheikh-ahmed-entendu-par-le-tribunal-de-manouba\/#article","isPartOf":{"@id":"https:\/\/kapitalis.com\/tunisie\/2017\/10\/12\/hager-ben-cheikh-ahmed-entendu-par-le-tribunal-de-manouba\/"},"author":{"name":"emna benabdallah","@id":"https:\/\/kapitalis.com\/tunisie\/#\/schema\/person\/2c6e134b2f3369dffcd1daf5f087d28b"},"headline":"Hager Ben Cheikh Ahmed entendu par le tribunal de Manouba","datePublished":"2017-10-12T15:48:46+00:00","mainEntityOfPage":{"@id":"https:\/\/kapitalis.com\/tunisie\/2017\/10\/12\/hager-ben-cheikh-ahmed-entendu-par-le-tribunal-de-manouba\/"},"wordCount":305,"commentCount":1,"publisher":{"@id":"https:\/\/kapitalis.com\/tunisie\/#organization"},"image":{"@id":"https:\/\/kapitalis.com\/tunisie\/2017\/10\/12\/hager-ben-cheikh-ahmed-entendu-par-le-tribunal-de-manouba\/#primaryimage"},"thumbnailUrl":"http:\/\/kapitalis.com\/tunisie\/wp-content\/uploads\/2016\/09\/Hager-Ben-Cheikh-Ahmed.jpg","keywords":["Afek Tounes","diffamation","Hager Ben Cheikh Ahmed","insulte","Samira Mera\u00ef"],"articleSection":["POLITIQUE","Tunisie"],"inLanguage":"fr-FR","potentialAction":[{"@type":"CommentAction","name":"Comment","target":["https:\/\/kapitalis.com\/tunisie\/2017\/10\/12\/hager-ben-cheikh-ahmed-entendu-par-le-tribunal-de-manouba\/#respond"]}]},{"@type":"WebPage","@id":"https:\/\/kapitalis.com\/tunisie\/2017\/10\/12\/hager-ben-cheikh-ahmed-entendu-par-le-tribunal-de-manouba\/","url":"https:\/\/kapitalis.com\/tunisie\/2017\/10\/12\/hager-ben-cheikh-ahmed-entendu-par-le-tribunal-de-manouba\/","name":"Hager Ben Cheikh Ahmed entendu par le tribunal de Manouba - Kapitalis","isPartOf":{"@id":"https:\/\/kapitalis.com\/tunisie\/#website"},"primaryImageOfPage":{"@id":"https:\/\/kapitalis.com\/tunisie\/2017\/10\/12\/hager-ben-cheikh-ahmed-entendu-par-le-tribunal-de-manouba\/#primaryimage"},"image":{"@id":"https:\/\/kapitalis.com\/tunisie\/2017\/10\/12\/hager-ben-cheikh-ahmed-entendu-par-le-tribunal-de-manouba\/#primaryimage"},"thumbnailUrl":"http:\/\/kapitalis.com\/tunisie\/wp-content\/uploads\/2016\/09\/Hager-Ben-Cheikh-Ahmed.jpg","datePublished":"2017-10-12T15:48:46+00:00","breadcrumb":{"@id":"https:\/\/kapitalis.com\/tunisie\/2017\/10\/12\/hager-ben-cheikh-ahmed-entendu-par-le-tribunal-de-manouba\/#breadcrumb"},"inLanguage":"fr-FR","potentialAction":[{"@type":"ReadAction","target":["https:\/\/kapitalis.com\/tunisie\/2017\/10\/12\/hager-ben-cheikh-ahmed-entendu-par-le-tribunal-de-manouba\/"]}]},{"@type":"ImageObject","inLanguage":"fr-FR","@id":"https:\/\/kapitalis.com\/tunisie\/2017\/10\/12\/hager-ben-cheikh-ahmed-entendu-par-le-tribunal-de-manouba\/#primaryimage","url":"http:\/\/kapitalis.com\/tunisie\/wp-content\/uploads\/2016\/09\/Hager-Ben-Cheikh-Ahmed.jpg","contentUrl":"http:\/\/kapitalis.com\/tunisie\/wp-content\/uploads\/2016\/09\/Hager-Ben-Cheikh-Ahmed.jpg"},{"@type":"BreadcrumbList","@id":"https:\/\/kapitalis.com\/tunisie\/2017\/10\/12\/hager-ben-cheikh-ahmed-entendu-par-le-tribunal-de-manouba\/#breadcrumb","itemListElement":[{"@type":"ListItem","position":1,"name":"Accueil","item":"https:\/\/kapitalis.com\/tunisie\/"},{"@type":"ListItem","position":2,"name":"Hager Ben Cheikh Ahmed entendu par le tribunal de Manouba"}]},{"@type":"WebSite","@id":"https:\/\/kapitalis.com\/tunisie\/#website","url":"https:\/\/kapitalis.com\/tunisie\/","name":"Kapitalis","description":"L&#039;actualit\u00e9 en Tunisie et dans le monde","publisher":{"@id":"https:\/\/kapitalis.com\/tunisie\/#organization"},"potentialAction":[{"@type":"SearchAction","target":{"@type":"EntryPoint","urlTemplate":"https:\/\/kapitalis.com\/tunisie\/?s={search_term_string}"},"query-input":{"@type":"PropertyValueSpecification","valueRequired":true,"valueName":"search_term_string"}}],"inLanguage":"fr-FR"},{"@type":"Organization","@id":"https:\/\/kapitalis.com\/tunisie\/#organization","name":"Kapitalis","url":"https:\/\/kapitalis.com\/tunisie\/","logo":{"@type":"ImageObject","inLanguage":"fr-FR","@id":"https:\/\/kapitalis.com\/tunisie\/#\/schema\/logo\/image\/","url":"https:\/\/kapitalis.com\/tunisie\/wp-content\/uploads\/2022\/05\/Kapitalis-big-size.png","contentUrl":"https:\/\/kapitalis.com\/tunisie\/wp-content\/uploads\/2022\/05\/Kapitalis-big-size.png","width":5000,"height":1500,"caption":"Kapitalis"},"image":{"@id":"https:\/\/kapitalis.com\/tunisie\/#\/schema\/logo\/image\/"},"sameAs":["https:\/\/www.facebook.com\/KapitalisInfo\/","https:\/\/x.com\/KapitalisInfo","https:\/\/www.youtube.com\/channel\/UC-yDYrHyfFBWWZaOw3FPg9Q"]},{"@type":"Person","@id":"https:\/\/kapitalis.com\/tunisie\/#\/schema\/person\/2c6e134b2f3369dffcd1daf5f087d28b","name":"emna benabdallah","url":"https:\/\/kapitalis.com\/tunisie\/author\/emna\/"}]}},"_links":{"self":[{"href":"https:\/\/kapitalis.com\/tunisie\/wp-json\/wp\/v2\/posts\/118357","targetHints":{"allow":["GET"]}}],"collection":[{"href":"https:\/\/kapitalis.com\/tunisie\/wp-json\/wp\/v2\/posts"}],"about":[{"href":"https:\/\/kapitalis.com\/tunisie\/wp-json\/wp\/v2\/types\/post"}],"author":[{"embeddable":true,"href":"https:\/\/kapitalis.com\/tunisie\/wp-json\/wp\/v2\/users\/16"}],"replies":[{"embeddable":true,"href":"https:\/\/kapitalis.com\/tunisie\/wp-json\/wp\/v2\/comments?post=118357"}],"version-history":[{"count":0,"href":"https:\/\/kapitalis.com\/tunisie\/wp-json\/wp\/v2\/posts\/118357\/revisions"}],"wp:attachment":[{"href":"https:\/\/kapitalis.com\/tunisie\/wp-json\/wp\/v2\/media?parent=118357"}],"wp:term":[{"taxonomy":"category","embeddable":true,"href":"https:\/\/kapitalis.com\/tunisie\/wp-json\/wp\/v2\/categories?post=118357"},{"taxonomy":"post_tag","embeddable":true,"href":"https:\/\/kapitalis.com\/tunisie\/wp-json\/wp\/v2\/tags?post=118357"}],"curies":[{"name":"wp","href":"https:\/\/api.w.org\/{rel}","templated":true}]}}