{"id":118721,"date":"2017-10-15T10:10:51","date_gmt":"2017-10-15T09:10:51","guid":{"rendered":"http:\/\/kapitalis.com\/tunisie\/?p=118721"},"modified":"2017-10-15T10:10:51","modified_gmt":"2017-10-15T09:10:51","slug":"legislatives-partielles-hafedh-caid-essebsi-candidat-dennahdha","status":"publish","type":"post","link":"https:\/\/kapitalis.com\/tunisie\/2017\/10\/15\/legislatives-partielles-hafedh-caid-essebsi-candidat-dennahdha\/","title":{"rendered":"L\u00e9gislatives partielles : Hafedh Ca\u00efd Essebsi candidat d\u2019Ennahdha"},"content":{"rendered":"<p style=\"text-align: center;\"><img loading=\"lazy\" decoding=\"async\" class=\"alignnone size-full wp-image-101584\" src=\"http:\/\/kapitalis.com\/tunisie\/wp-content\/uploads\/2017\/06\/Sofiane-Toubel-Hafedh-Caid-Essebsi-Rached-Ghannouchi.jpg\" alt=\"\" width=\"626\" height=\"380\" \/><\/p>\n<p style=\"text-align: center;\"><em>Hafedh Ca\u00efd Essebsi adoub\u00e9 par Rached Ghannouchi : le sc\u00e9nario diabolique des islamistes se pr\u00e9cise.<\/em><\/p>\n<p><em><strong>Ennahdha ne pr\u00e9sentera pas de candidat au scrutin l\u00e9gislatif partiel en Allemagne et soutiendra la candidature de Hafedh Ca\u00efd Essebsi (HCE) dans cette \u00e9lection.<\/strong> <\/em><\/p>\n<p>Par\u00a0<strong>Marwan Chahla<\/strong><\/p>\n<p><!--more--><\/p>\n<p>Le parti islamiste tunisien donne ainsi au fils du pr\u00e9sident de la r\u00e9publique, B\u00e9ji Ca\u00efd Essebsi, une chance d\u2019obtenir un mandat \u00e9lectif.<\/p>\n<p>C\u2019est le conseil de la Choura, instance supr\u00eame du parti islamiste, qui, r\u00e9uni en fin de semaine en session extraordinaire, \u00e0 Hammamet, a rendu publique cette double d\u00e9cision. Il reste \u00e0 savoir si c\u2019est l\u00e0 un cadeau qu\u2019Ennahdha donne \u00e0 Nidaa Tounes, son redoutable adversaire d\u2019hier devenu aujourd\u2019hui son alli\u00e9 sinon son oblig\u00e9, ou c\u2019est, plut\u00f4t, comme nous le pensons, un baiser de la mort, c\u2019est-\u00e0-dire une fa\u00e7on d\u2019acc\u00e9l\u00e9rer sa chute avant les prochaines municipales de 2018 et l\u00e9gislatives et pr\u00e9sidentielles de 2019.<\/p>\n<p><strong>BCE: L&rsquo;agent des islamistes \u00e0 Nidaa Tounes<\/strong><\/p>\n<p>Le sc\u00e9nario, tant redout\u00e9, se pr\u00e9cise donc.<\/p>\n<p>Depuis la formation du gouvernement Youssef Chahed 2 et la nomination de Hatem Chahreddine Ferjani au poste de secr\u00e9taire d\u2019Etat charg\u00e9 de la Diplomatie \u00e9conomique, la voie \u00e9tait toute indiqu\u00e9e au directeur ex\u00e9cutif autoproclam\u00e9 de Nidaa Tounes pour remplir la vacance du si\u00e8ge de la circonscription d\u2019Allemagne \u00e0 l\u2019Assembl\u00e9e des repr\u00e9sentants du peuple (ARP) et acc\u00e9der \u00e0 sa premi\u00e8re fonction \u00e9lective.<\/p>\n<p>D\u2019ailleurs, d\u00e8s le lendemain de la formation de la nouvelle \u00e9quipe gouvernementale de Chahed, Borhen Bsa\u00efes, le ma\u00eetre-combinard de Nidaa Tounes, a saut\u00e9 sur l\u2019occasion pour annoncer <em>\u00abla probable candidature\u00bb<\/em> de HCE \u00e0 ce si\u00e8ge vacant.<\/p>\n<p>L\u2019Instance sup\u00e9rieure ind\u00e9pendante pour les \u00e9lections (Isie) a, elle aussi, vite fait de jouer le jeu en confirmant que rien, dans les textes, n\u2019emp\u00eache le patron autoproclam\u00e9 des Nida\u00efstes de prendre part \u00e0 cette \u00e9lection l\u00e9gislative partielle.<\/p>\n<p>La suite, nous la connaissons: quelques petites candidatures, aux moyens humains et mat\u00e9riels tr\u00e8s limit\u00e9s, qui ne pourront pas barrer la route au fils de son p\u00e8re.<\/p>\n<p><strong>Ennahdha d\u00e9blaie le terrain pour HCE\u00a0<\/strong><\/p>\n<p>A pr\u00e9sent, soulag\u00e9 de toute rivalit\u00e9 nahdhaou\u00efe et, mieux encore, appuy\u00e9 par le parti islamiste, HCE, s\u2019il d\u00e9cide de concourir, est s\u00fbr de faire son entr\u00e9e \u00e0 l\u2019ARP.<\/p>\n<p>A partir del\u00e0, il est inutile de faire beaucoup d\u2019efforts pour imaginer les prochaines \u00e9tapes du plan de carri\u00e8re de HCE. Il s\u2019agit, bel et bien, d\u2019un parcours politique bien trac\u00e9: deux ann\u00e9es de service au Bardo, une candidature certaine aux l\u00e9gislatives de 2019, pour mandat plein \u00e0 l\u2019ARP, une envisageable candidature \u00e0 la pr\u00e9sidence ou \u00e0 la vice-pr\u00e9sidence du parlement et \u2013 qui sait ? \u2013 le passage limpide du perchoir de l\u2019ARP au Palais de Carthage\u2026<\/p>\n<p>D\u00e9cid\u00e9ment, les tours de prestidigitation de BCE associ\u00e9s \u00e0 la sorcellerie de Rached Ghannouchi n\u2019ont pas fini de nous surprendre.<\/p>\n<p>&nbsp;<\/p>\n","protected":false},"excerpt":{"rendered":"<p>Hafedh Ca\u00efd Essebsi adoub\u00e9 par Rached Ghannouchi : le sc\u00e9nario diabolique des islamistes se pr\u00e9cise. Ennahdha ne pr\u00e9sentera pas de candidat au scrutin l\u00e9gislatif partiel en Allemagne et soutiendra la candidature de Hafedh Ca\u00efd Essebsi (HCE) dans cette \u00e9lection. Par\u00a0Marwan Chahla<\/p>\n","protected":false},"author":8,"featured_media":0,"comment_status":"open","ping_status":"open","sticky":false,"template":"","format":"standard","meta":{"footnotes":""},"categories":[992,997,2433],"tags":[1096,29058,37729],"class_list":["post-118721","post","type-post","status-publish","format-standard","hentry","category-a-la-une","category-politique","category-tunisie","tag-allemagne","tag-borhen-bsaies","tag-legislatives-partielles"],"yoast_head":"<!-- This site is optimized with the Yoast SEO plugin v26.6 - https:\/\/yoast.com\/wordpress\/plugins\/seo\/ -->\n<title>L\u00e9gislatives partielles : Hafedh Ca\u00efd Essebsi candidat d\u2019Ennahdha - Kapitalis<\/title>\n<meta name=\"robots\" content=\"index, follow, max-snippet:-1, max-image-preview:large, max-video-preview:-1\" \/>\n<link rel=\"canonical\" href=\"https:\/\/kapitalis.com\/tunisie\/2017\/10\/15\/legislatives-partielles-hafedh-caid-essebsi-candidat-dennahdha\/\" \/>\n<meta property=\"og:locale\" content=\"fr_FR\" \/>\n<meta property=\"og:type\" content=\"article\" \/>\n<meta property=\"og:title\" content=\"L\u00e9gislatives partielles : Hafedh Ca\u00efd Essebsi candidat d\u2019Ennahdha - Kapitalis\" \/>\n<meta property=\"og:description\" content=\"Hafedh Ca\u00efd Essebsi adoub\u00e9 par Rached Ghannouchi : le sc\u00e9nario diabolique des islamistes se pr\u00e9cise. Ennahdha ne pr\u00e9sentera pas de candidat au scrutin l\u00e9gislatif partiel en Allemagne et soutiendra la candidature de Hafedh Ca\u00efd Essebsi (HCE) dans cette \u00e9lection. Par\u00a0Marwan Chahla\" \/>\n<meta property=\"og:url\" content=\"https:\/\/kapitalis.com\/tunisie\/2017\/10\/15\/legislatives-partielles-hafedh-caid-essebsi-candidat-dennahdha\/\" \/>\n<meta property=\"og:site_name\" content=\"Kapitalis\" \/>\n<meta property=\"article:publisher\" content=\"https:\/\/www.facebook.com\/KapitalisInfo\/\" \/>\n<meta property=\"article:published_time\" content=\"2017-10-15T09:10:51+00:00\" \/>\n<meta property=\"og:image\" content=\"http:\/\/kapitalis.com\/tunisie\/wp-content\/uploads\/2017\/06\/Sofiane-Toubel-Hafedh-Caid-Essebsi-Rached-Ghannouchi.jpg\" \/>\n<meta name=\"author\" content=\"webmaster kapitalis\" \/>\n<meta name=\"twitter:card\" content=\"summary_large_image\" \/>\n<meta name=\"twitter:creator\" content=\"@KapitalisInfo\" \/>\n<meta name=\"twitter:site\" content=\"@KapitalisInfo\" \/>\n<meta name=\"twitter:label1\" content=\"\u00c9crit par\" \/>\n\t<meta name=\"twitter:data1\" content=\"webmaster kapitalis\" \/>\n\t<meta name=\"twitter:label2\" content=\"Dur\u00e9e de lecture estim\u00e9e\" \/>\n\t<meta name=\"twitter:data2\" content=\"3 minutes\" \/>\n<script type=\"application\/ld+json\" class=\"yoast-schema-graph\">{\"@context\":\"https:\/\/schema.org\",\"@graph\":[{\"@type\":\"Article\",\"@id\":\"https:\/\/kapitalis.com\/tunisie\/2017\/10\/15\/legislatives-partielles-hafedh-caid-essebsi-candidat-dennahdha\/#article\",\"isPartOf\":{\"@id\":\"https:\/\/kapitalis.com\/tunisie\/2017\/10\/15\/legislatives-partielles-hafedh-caid-essebsi-candidat-dennahdha\/\"},\"author\":{\"name\":\"webmaster kapitalis\",\"@id\":\"https:\/\/kapitalis.com\/tunisie\/#\/schema\/person\/d71f33a9ca44f7bad4698210b480c8e9\"},\"headline\":\"L\u00e9gislatives partielles : Hafedh Ca\u00efd Essebsi candidat d\u2019Ennahdha\",\"datePublished\":\"2017-10-15T09:10:51+00:00\",\"mainEntityOfPage\":{\"@id\":\"https:\/\/kapitalis.com\/tunisie\/2017\/10\/15\/legislatives-partielles-hafedh-caid-essebsi-candidat-dennahdha\/\"},\"wordCount\":525,\"commentCount\":15,\"publisher\":{\"@id\":\"https:\/\/kapitalis.com\/tunisie\/#organization\"},\"image\":{\"@id\":\"https:\/\/kapitalis.com\/tunisie\/2017\/10\/15\/legislatives-partielles-hafedh-caid-essebsi-candidat-dennahdha\/#primaryimage\"},\"thumbnailUrl\":\"http:\/\/kapitalis.com\/tunisie\/wp-content\/uploads\/2017\/06\/Sofiane-Toubel-Hafedh-Caid-Essebsi-Rached-Ghannouchi.jpg\",\"keywords\":[\"Allemagne\",\"Borhen Bsa\u00efes\",\"l\u00e9gislatives partielles\"],\"articleSection\":[\"A LA UNE\",\"POLITIQUE\",\"Tunisie\"],\"inLanguage\":\"fr-FR\",\"potentialAction\":[{\"@type\":\"CommentAction\",\"name\":\"Comment\",\"target\":[\"https:\/\/kapitalis.com\/tunisie\/2017\/10\/15\/legislatives-partielles-hafedh-caid-essebsi-candidat-dennahdha\/#respond\"]}]},{\"@type\":\"WebPage\",\"@id\":\"https:\/\/kapitalis.com\/tunisie\/2017\/10\/15\/legislatives-partielles-hafedh-caid-essebsi-candidat-dennahdha\/\",\"url\":\"https:\/\/kapitalis.com\/tunisie\/2017\/10\/15\/legislatives-partielles-hafedh-caid-essebsi-candidat-dennahdha\/\",\"name\":\"L\u00e9gislatives partielles : Hafedh Ca\u00efd Essebsi candidat d\u2019Ennahdha - Kapitalis\",\"isPartOf\":{\"@id\":\"https:\/\/kapitalis.com\/tunisie\/#website\"},\"primaryImageOfPage\":{\"@id\":\"https:\/\/kapitalis.com\/tunisie\/2017\/10\/15\/legislatives-partielles-hafedh-caid-essebsi-candidat-dennahdha\/#primaryimage\"},\"image\":{\"@id\":\"https:\/\/kapitalis.com\/tunisie\/2017\/10\/15\/legislatives-partielles-hafedh-caid-essebsi-candidat-dennahdha\/#primaryimage\"},\"thumbnailUrl\":\"http:\/\/kapitalis.com\/tunisie\/wp-content\/uploads\/2017\/06\/Sofiane-Toubel-Hafedh-Caid-Essebsi-Rached-Ghannouchi.jpg\",\"datePublished\":\"2017-10-15T09:10:51+00:00\",\"breadcrumb\":{\"@id\":\"https:\/\/kapitalis.com\/tunisie\/2017\/10\/15\/legislatives-partielles-hafedh-caid-essebsi-candidat-dennahdha\/#breadcrumb\"},\"inLanguage\":\"fr-FR\",\"potentialAction\":[{\"@type\":\"ReadAction\",\"target\":[\"https:\/\/kapitalis.com\/tunisie\/2017\/10\/15\/legislatives-partielles-hafedh-caid-essebsi-candidat-dennahdha\/\"]}]},{\"@type\":\"ImageObject\",\"inLanguage\":\"fr-FR\",\"@id\":\"https:\/\/kapitalis.com\/tunisie\/2017\/10\/15\/legislatives-partielles-hafedh-caid-essebsi-candidat-dennahdha\/#primaryimage\",\"url\":\"http:\/\/kapitalis.com\/tunisie\/wp-content\/uploads\/2017\/06\/Sofiane-Toubel-Hafedh-Caid-Essebsi-Rached-Ghannouchi.jpg\",\"contentUrl\":\"http:\/\/kapitalis.com\/tunisie\/wp-content\/uploads\/2017\/06\/Sofiane-Toubel-Hafedh-Caid-Essebsi-Rached-Ghannouchi.jpg\"},{\"@type\":\"BreadcrumbList\",\"@id\":\"https:\/\/kapitalis.com\/tunisie\/2017\/10\/15\/legislatives-partielles-hafedh-caid-essebsi-candidat-dennahdha\/#breadcrumb\",\"itemListElement\":[{\"@type\":\"ListItem\",\"position\":1,\"name\":\"Accueil\",\"item\":\"https:\/\/kapitalis.com\/tunisie\/\"},{\"@type\":\"ListItem\",\"position\":2,\"name\":\"L\u00e9gislatives partielles : Hafedh Ca\u00efd Essebsi candidat d\u2019Ennahdha\"}]},{\"@type\":\"WebSite\",\"@id\":\"https:\/\/kapitalis.com\/tunisie\/#website\",\"url\":\"https:\/\/kapitalis.com\/tunisie\/\",\"name\":\"Kapitalis\",\"description\":\"L&#039;actualit\u00e9 en Tunisie et dans le monde\",\"publisher\":{\"@id\":\"https:\/\/kapitalis.com\/tunisie\/#organization\"},\"potentialAction\":[{\"@type\":\"SearchAction\",\"target\":{\"@type\":\"EntryPoint\",\"urlTemplate\":\"https:\/\/kapitalis.com\/tunisie\/?s={search_term_string}\"},\"query-input\":{\"@type\":\"PropertyValueSpecification\",\"valueRequired\":true,\"valueName\":\"search_term_string\"}}],\"inLanguage\":\"fr-FR\"},{\"@type\":\"Organization\",\"@id\":\"https:\/\/kapitalis.com\/tunisie\/#organization\",\"name\":\"Kapitalis\",\"url\":\"https:\/\/kapitalis.com\/tunisie\/\",\"logo\":{\"@type\":\"ImageObject\",\"inLanguage\":\"fr-FR\",\"@id\":\"https:\/\/kapitalis.com\/tunisie\/#\/schema\/logo\/image\/\",\"url\":\"https:\/\/kapitalis.com\/tunisie\/wp-content\/uploads\/2022\/05\/Kapitalis-big-size.png\",\"contentUrl\":\"https:\/\/kapitalis.com\/tunisie\/wp-content\/uploads\/2022\/05\/Kapitalis-big-size.png\",\"width\":5000,\"height\":1500,\"caption\":\"Kapitalis\"},\"image\":{\"@id\":\"https:\/\/kapitalis.com\/tunisie\/#\/schema\/logo\/image\/\"},\"sameAs\":[\"https:\/\/www.facebook.com\/KapitalisInfo\/\",\"https:\/\/x.com\/KapitalisInfo\",\"https:\/\/www.youtube.com\/channel\/UC-yDYrHyfFBWWZaOw3FPg9Q\"]},{\"@type\":\"Person\",\"@id\":\"https:\/\/kapitalis.com\/tunisie\/#\/schema\/person\/d71f33a9ca44f7bad4698210b480c8e9\",\"name\":\"webmaster kapitalis\",\"url\":\"https:\/\/kapitalis.com\/tunisie\/author\/webmaster-kapitalis\/\"}]}<\/script>\n<!-- \/ Yoast SEO plugin. -->","yoast_head_json":{"title":"L\u00e9gislatives partielles : Hafedh Ca\u00efd Essebsi candidat d\u2019Ennahdha - Kapitalis","robots":{"index":"index","follow":"follow","max-snippet":"max-snippet:-1","max-image-preview":"max-image-preview:large","max-video-preview":"max-video-preview:-1"},"canonical":"https:\/\/kapitalis.com\/tunisie\/2017\/10\/15\/legislatives-partielles-hafedh-caid-essebsi-candidat-dennahdha\/","og_locale":"fr_FR","og_type":"article","og_title":"L\u00e9gislatives partielles : Hafedh Ca\u00efd Essebsi candidat d\u2019Ennahdha - Kapitalis","og_description":"Hafedh Ca\u00efd Essebsi adoub\u00e9 par Rached Ghannouchi : le sc\u00e9nario diabolique des islamistes se pr\u00e9cise. Ennahdha ne pr\u00e9sentera pas de candidat au scrutin l\u00e9gislatif partiel en Allemagne et soutiendra la candidature de Hafedh Ca\u00efd Essebsi (HCE) dans cette \u00e9lection. Par\u00a0Marwan Chahla","og_url":"https:\/\/kapitalis.com\/tunisie\/2017\/10\/15\/legislatives-partielles-hafedh-caid-essebsi-candidat-dennahdha\/","og_site_name":"Kapitalis","article_publisher":"https:\/\/www.facebook.com\/KapitalisInfo\/","article_published_time":"2017-10-15T09:10:51+00:00","og_image":[{"url":"http:\/\/kapitalis.com\/tunisie\/wp-content\/uploads\/2017\/06\/Sofiane-Toubel-Hafedh-Caid-Essebsi-Rached-Ghannouchi.jpg","type":"","width":"","height":""}],"author":"webmaster kapitalis","twitter_card":"summary_large_image","twitter_creator":"@KapitalisInfo","twitter_site":"@KapitalisInfo","twitter_misc":{"\u00c9crit par":"webmaster kapitalis","Dur\u00e9e de lecture estim\u00e9e":"3 minutes"},"schema":{"@context":"https:\/\/schema.org","@graph":[{"@type":"Article","@id":"https:\/\/kapitalis.com\/tunisie\/2017\/10\/15\/legislatives-partielles-hafedh-caid-essebsi-candidat-dennahdha\/#article","isPartOf":{"@id":"https:\/\/kapitalis.com\/tunisie\/2017\/10\/15\/legislatives-partielles-hafedh-caid-essebsi-candidat-dennahdha\/"},"author":{"name":"webmaster kapitalis","@id":"https:\/\/kapitalis.com\/tunisie\/#\/schema\/person\/d71f33a9ca44f7bad4698210b480c8e9"},"headline":"L\u00e9gislatives partielles : Hafedh Ca\u00efd Essebsi candidat d\u2019Ennahdha","datePublished":"2017-10-15T09:10:51+00:00","mainEntityOfPage":{"@id":"https:\/\/kapitalis.com\/tunisie\/2017\/10\/15\/legislatives-partielles-hafedh-caid-essebsi-candidat-dennahdha\/"},"wordCount":525,"commentCount":15,"publisher":{"@id":"https:\/\/kapitalis.com\/tunisie\/#organization"},"image":{"@id":"https:\/\/kapitalis.com\/tunisie\/2017\/10\/15\/legislatives-partielles-hafedh-caid-essebsi-candidat-dennahdha\/#primaryimage"},"thumbnailUrl":"http:\/\/kapitalis.com\/tunisie\/wp-content\/uploads\/2017\/06\/Sofiane-Toubel-Hafedh-Caid-Essebsi-Rached-Ghannouchi.jpg","keywords":["Allemagne","Borhen Bsa\u00efes","l\u00e9gislatives partielles"],"articleSection":["A LA UNE","POLITIQUE","Tunisie"],"inLanguage":"fr-FR","potentialAction":[{"@type":"CommentAction","name":"Comment","target":["https:\/\/kapitalis.com\/tunisie\/2017\/10\/15\/legislatives-partielles-hafedh-caid-essebsi-candidat-dennahdha\/#respond"]}]},{"@type":"WebPage","@id":"https:\/\/kapitalis.com\/tunisie\/2017\/10\/15\/legislatives-partielles-hafedh-caid-essebsi-candidat-dennahdha\/","url":"https:\/\/kapitalis.com\/tunisie\/2017\/10\/15\/legislatives-partielles-hafedh-caid-essebsi-candidat-dennahdha\/","name":"L\u00e9gislatives partielles : Hafedh Ca\u00efd Essebsi candidat d\u2019Ennahdha - Kapitalis","isPartOf":{"@id":"https:\/\/kapitalis.com\/tunisie\/#website"},"primaryImageOfPage":{"@id":"https:\/\/kapitalis.com\/tunisie\/2017\/10\/15\/legislatives-partielles-hafedh-caid-essebsi-candidat-dennahdha\/#primaryimage"},"image":{"@id":"https:\/\/kapitalis.com\/tunisie\/2017\/10\/15\/legislatives-partielles-hafedh-caid-essebsi-candidat-dennahdha\/#primaryimage"},"thumbnailUrl":"http:\/\/kapitalis.com\/tunisie\/wp-content\/uploads\/2017\/06\/Sofiane-Toubel-Hafedh-Caid-Essebsi-Rached-Ghannouchi.jpg","datePublished":"2017-10-15T09:10:51+00:00","breadcrumb":{"@id":"https:\/\/kapitalis.com\/tunisie\/2017\/10\/15\/legislatives-partielles-hafedh-caid-essebsi-candidat-dennahdha\/#breadcrumb"},"inLanguage":"fr-FR","potentialAction":[{"@type":"ReadAction","target":["https:\/\/kapitalis.com\/tunisie\/2017\/10\/15\/legislatives-partielles-hafedh-caid-essebsi-candidat-dennahdha\/"]}]},{"@type":"ImageObject","inLanguage":"fr-FR","@id":"https:\/\/kapitalis.com\/tunisie\/2017\/10\/15\/legislatives-partielles-hafedh-caid-essebsi-candidat-dennahdha\/#primaryimage","url":"http:\/\/kapitalis.com\/tunisie\/wp-content\/uploads\/2017\/06\/Sofiane-Toubel-Hafedh-Caid-Essebsi-Rached-Ghannouchi.jpg","contentUrl":"http:\/\/kapitalis.com\/tunisie\/wp-content\/uploads\/2017\/06\/Sofiane-Toubel-Hafedh-Caid-Essebsi-Rached-Ghannouchi.jpg"},{"@type":"BreadcrumbList","@id":"https:\/\/kapitalis.com\/tunisie\/2017\/10\/15\/legislatives-partielles-hafedh-caid-essebsi-candidat-dennahdha\/#breadcrumb","itemListElement":[{"@type":"ListItem","position":1,"name":"Accueil","item":"https:\/\/kapitalis.com\/tunisie\/"},{"@type":"ListItem","position":2,"name":"L\u00e9gislatives partielles : Hafedh Ca\u00efd Essebsi candidat d\u2019Ennahdha"}]},{"@type":"WebSite","@id":"https:\/\/kapitalis.com\/tunisie\/#website","url":"https:\/\/kapitalis.com\/tunisie\/","name":"Kapitalis","description":"L&#039;actualit\u00e9 en Tunisie et dans le monde","publisher":{"@id":"https:\/\/kapitalis.com\/tunisie\/#organization"},"potentialAction":[{"@type":"SearchAction","target":{"@type":"EntryPoint","urlTemplate":"https:\/\/kapitalis.com\/tunisie\/?s={search_term_string}"},"query-input":{"@type":"PropertyValueSpecification","valueRequired":true,"valueName":"search_term_string"}}],"inLanguage":"fr-FR"},{"@type":"Organization","@id":"https:\/\/kapitalis.com\/tunisie\/#organization","name":"Kapitalis","url":"https:\/\/kapitalis.com\/tunisie\/","logo":{"@type":"ImageObject","inLanguage":"fr-FR","@id":"https:\/\/kapitalis.com\/tunisie\/#\/schema\/logo\/image\/","url":"https:\/\/kapitalis.com\/tunisie\/wp-content\/uploads\/2022\/05\/Kapitalis-big-size.png","contentUrl":"https:\/\/kapitalis.com\/tunisie\/wp-content\/uploads\/2022\/05\/Kapitalis-big-size.png","width":5000,"height":1500,"caption":"Kapitalis"},"image":{"@id":"https:\/\/kapitalis.com\/tunisie\/#\/schema\/logo\/image\/"},"sameAs":["https:\/\/www.facebook.com\/KapitalisInfo\/","https:\/\/x.com\/KapitalisInfo","https:\/\/www.youtube.com\/channel\/UC-yDYrHyfFBWWZaOw3FPg9Q"]},{"@type":"Person","@id":"https:\/\/kapitalis.com\/tunisie\/#\/schema\/person\/d71f33a9ca44f7bad4698210b480c8e9","name":"webmaster kapitalis","url":"https:\/\/kapitalis.com\/tunisie\/author\/webmaster-kapitalis\/"}]}},"_links":{"self":[{"href":"https:\/\/kapitalis.com\/tunisie\/wp-json\/wp\/v2\/posts\/118721","targetHints":{"allow":["GET"]}}],"collection":[{"href":"https:\/\/kapitalis.com\/tunisie\/wp-json\/wp\/v2\/posts"}],"about":[{"href":"https:\/\/kapitalis.com\/tunisie\/wp-json\/wp\/v2\/types\/post"}],"author":[{"embeddable":true,"href":"https:\/\/kapitalis.com\/tunisie\/wp-json\/wp\/v2\/users\/8"}],"replies":[{"embeddable":true,"href":"https:\/\/kapitalis.com\/tunisie\/wp-json\/wp\/v2\/comments?post=118721"}],"version-history":[{"count":0,"href":"https:\/\/kapitalis.com\/tunisie\/wp-json\/wp\/v2\/posts\/118721\/revisions"}],"wp:attachment":[{"href":"https:\/\/kapitalis.com\/tunisie\/wp-json\/wp\/v2\/media?parent=118721"}],"wp:term":[{"taxonomy":"category","embeddable":true,"href":"https:\/\/kapitalis.com\/tunisie\/wp-json\/wp\/v2\/categories?post=118721"},{"taxonomy":"post_tag","embeddable":true,"href":"https:\/\/kapitalis.com\/tunisie\/wp-json\/wp\/v2\/tags?post=118721"}],"curies":[{"name":"wp","href":"https:\/\/api.w.org\/{rel}","templated":true}]}}