{"id":119010,"date":"2017-10-18T14:40:46","date_gmt":"2017-10-18T13:40:46","guid":{"rendered":"http:\/\/kapitalis.com\/tunisie\/?p=119010"},"modified":"2017-10-18T15:09:12","modified_gmt":"2017-10-18T14:09:12","slug":"assurance-vie-lepargne-comme-levier-de-financement-de-leconomie","status":"publish","type":"post","link":"https:\/\/kapitalis.com\/tunisie\/2017\/10\/18\/assurance-vie-lepargne-comme-levier-de-financement-de-leconomie\/","title":{"rendered":"Assurance-vie : L\u2019\u00e9pargne comme levier de financement de l\u2019\u00e9conomie"},"content":{"rendered":"<p style=\"text-align: center;\"><img loading=\"lazy\" decoding=\"async\" class=\"alignnone size-full wp-image-119199\" src=\"http:\/\/kapitalis.com\/tunisie\/wp-content\/uploads\/2017\/10\/Lotfi-Haj-Kacem-Hayett-Ban.jpg\" alt=\"\" width=\"626\" height=\"380\" \/><\/p>\n<p style=\"text-align: center;\"><em>Lotfi Haj Kacem.<\/em><\/p>\n<p><em><strong>Le secteur de l&rsquo;assurance-vie est un vecteur important de mobilisation de l\u2019\u00e9pargne pour le financement de l\u2019\u00e9conomie. Et un appui au syst\u00e8me de s\u00e9curit\u00e9 sociale.\u00a0<\/strong><\/em><\/p>\n<p><!--more--><\/p>\n<p>C&rsquo;est l&rsquo;id\u00e9e forte qui ressort de la rencontre organis\u00e9e par Assurance Hayett, dans le cadre de la\u00a0\u00a0c\u00e9l\u00e9bration de son 30<sup>e<\/sup> anniversaire,\u00a0vendredi 13 octobre 2017, \u00e0\u00a0l\u2019h\u00f4tel Les Berges du Lac Concorde, au nord de Tunis.<\/p>\n<p>Autour de Lotfi Haj Kacem, directeur g\u00e9n\u00e9ral d&rsquo;Assurance Hayett (et DGA de la Comar), quatre experts du secteur,\u00a0Eric Martin, Hafedh Gharbi, Kamel Madouri et Mehdi Ben Brahem, ont pr\u00e9sent\u00e9 des expos\u00e9s autour du th\u00e8me central: <em>\u00abProbl\u00e9matique de la retraite et assurance vie\u00bb<\/em>, en pr\u00e9sence\u00a0de hauts responsables d&rsquo;Assurance\u00a0 Hayett, dont Hakim Ben Yedder, directeur g\u00e9n\u00e9ral de la Compagnie m\u00e9diterran\u00e9enne d&rsquo;assurance et de r\u00e9assurance (filiale de Comar, Groupe Amen),\u00a0et d&rsquo;un parterre d\u2019agents assureurs et\u00a0de clients.<\/p>\n<p><strong>L\u2019assurance est une branche majeure pour l\u2019\u00e9conomie<\/strong><\/p>\n<p>Evoquant, dans son mot de bienvenue, le d\u00e9veloppement de l&rsquo;assurance en g\u00e9n\u00e9ral et de la branche l&rsquo;assurance-vie en particulier, M. Haj Kacem a soulign\u00e9 l&rsquo;importance de ce secteur \u00e9conomique qui constitue un investissement d\u2019\u00e9pargne \u00e0 court et \u00e0 long termes et doit \u00eatre constamment r\u00e9form\u00e9 en tenant compte des besoins du march\u00e9 et des \u00e9volutions et innovations qu&rsquo;il conna\u00eet \u00e0 travers le monde. Quant au bilan d\u2019Assurance Hayett, il l&rsquo;a qualifi\u00e9 de <em>\u00absatisfaisant\u00bb<\/em>, malgr\u00e9 la conjoncture \u00e9conomique difficile en Tunisie depuis 2011, en se f\u00e9licitant au passage des\u00a050.000 clients faisant aujourd\u2019hui confiance \u00e0 la compagnie.<\/p>\n<p style=\"text-align: center;\"><img loading=\"lazy\" decoding=\"async\" class=\"alignnone wp-image-119200\" src=\"http:\/\/kapitalis.com\/tunisie\/wp-content\/uploads\/2017\/10\/Conference-Hayett.jpg\" alt=\"\" width=\"500\" height=\"281\" \/><\/p>\n<p style=\"text-align: center;\"><em>Hakim Ben Yedder au milieu de ses invit\u00e9s.\u00a0<\/em><\/p>\n<p>Revenant au th\u00e8me de la conf\u00e9rence du trentenaire, M. Haj Kacem a rappel\u00e9 qu&rsquo;il est le m\u00eame que celui du 20e anniversaire\u00a0d&rsquo;Assurance Hayett, qui mise constamment sur les r\u00e9formes pour d\u00e9velopper cette branche, tous segments confondus. <em>\u00abNous sommes plus que jamais d\u00e9termin\u00e9s pour r\u00e9former, innover, digitaliser et d\u00e9centraliser\u00bb<\/em>, a-t-il assur\u00e9, dans ce qui sonne comme une strat\u00e9gie pour les prochaines ann\u00e9es.<\/p>\n<p>Hafedh Gharbi, pr\u00e9sident depuis 2012 du Comit\u00e9 g\u00e9n\u00e9ral des Assurances (CGA), a indiqu\u00e9, de son c\u00f4t\u00e9, que le secteur de l\u2019assurance, avec ses 11 compagnies et celles exploit\u00e9es par les banques, contribue efficacement au financement de l\u2019\u00e9conomie nationale, mais le code qui g\u00e8re le secteur est encore rudimentaire et n\u00e9cessite une r\u00e9forme de fond.<\/p>\n<p>\u00ab<em>Le cadre r\u00e9glementaire est archa\u00efque et au sein du CGA, on est en train d&rsquo;examiner les moyens\u00a0de le r\u00e9former pour mieux cadrer le secteur de l\u2019assurance-vie et toutes les autres branches<\/em>\u00bb, a annonc\u00e9 M. Gharbi. Pour aider au d\u00e9veloppement du secteur et notamment le segment de l&rsquo;assurance-vie, on doit l&rsquo;encourager avec une panoplie d\u2019avantages. On doit aussi revoir les fiches <em>\u00aben tenant compte des menaces et risques exog\u00e8nes et endog\u00e8nes identifi\u00e9s lors de la crise que traverse le pays\u00bb<\/em>, a expliqu\u00e9 l&rsquo;expert.<\/p>\n<p><em>\u00abPour mieux vendre ce service de l&rsquo;assurance-vie, au sein des compagnies d&rsquo;assurance et des banques, un travail en pool s\u2019impose pour mieux sensibiliser\u00a0le gouvernement \u00e0 l&rsquo;int\u00e9r\u00eat qu&rsquo;il y a<\/em><em>\u00a0\u00e0 encourager le d\u00e9veloppement de cette forme d\u2019\u00e9pargne stable. Les compagnies d\u2019assurances peuvent appuyer des caisses sociales, qui souffrent aujourd&rsquo;hui de grosses difficult\u00e9s, et\u00a0<\/em><em>c&rsquo;est un v\u00e9ritable investissement que doit prendre en consid\u00e9ration le gouvernement<\/em>\u00bb, a encore soulign\u00e9 M. Gharbi.<\/p>\n<p style=\"text-align: center;\"><img loading=\"lazy\" decoding=\"async\" class=\"alignnone wp-image-119201\" src=\"http:\/\/kapitalis.com\/tunisie\/wp-content\/uploads\/2017\/10\/Conference-Hayett-4.jpg\" alt=\"\" width=\"500\" height=\"375\" \/><\/p>\n<p><strong>L\u2019\u00e9pargne vient des assurances<\/strong><\/p>\n<p>Juriste et \u00e9narque, Kamel Midani, repr\u00e9sentant du minist\u00e8re des Affaires sociales, a \u00e9voqu\u00e9, quant \u00e0 lui, le d\u00e9s\u00e9quilibre dont souffrent les caisses sociales, les probl\u00e8mes que pr\u00e9sente le syst\u00e8me de la s\u00e9curit\u00e9 sociale en Tunisie et\u00a0les n\u00e9gociations en cours avec les diff\u00e9rents acteurs pour le r\u00e9former.<\/p>\n<p><em>\u00abLe cumul des dettes des caisses a atteint, fin septembre dernier, les 2.675 millions de dinars (MDT), r\u00e9partis\u00a0entre la Caisse nationale de retraite et de pr\u00e9vention sociale (CNRPS, 1.455 MDT) et la Caisse nationale de s\u00e9curit\u00e9 sociale (CNSS, 1220MDT), \u00e0 cause notamment du manque de liquidit\u00e9, de l\u2019am\u00e9lioration de l&rsquo;esp\u00e9rance de vie, de l\u2019augmentation de la retraite jusqu\u2019\u00e0 90% du salaire, de l\u2019augmentation du nombre des retrait\u00e9s au fil des ans et de la hausse du nombre de d\u00e9parts \u00e0 la retraite avant l\u2019\u00e2ge l\u00e9gal\u00bb<\/em>, a rappel\u00e9 l&rsquo;intervenant, en\u00a0soulignant aussi, au passage, que les salari\u00e9s ne font pas tous leurs d\u00e9clarations\u00a0et que la r\u00e9forme de la s\u00e9curit\u00e9 sociale est devenue plus qu&rsquo;une n\u00e9cessit\u00e9, une urgence. C&rsquo;est la t\u00e2che \u00e0 laquelle s&rsquo;attelle actuellement le gouvernement.<\/p>\n<p>Mehdi Ben Brahem, ma\u00eetre de conf\u00e9rences \u00e0 l\u2019ESSEC et chercheur au laboratoire d\u2019\u00e9conomie et de gestion industrielle \u00e0 l\u2019Ecole Polytechnique de Tunis, s\u2019est int\u00e9ress\u00e9, de son c\u00f4t\u00e9, aux faiblesses du syst\u00e8me de s\u00e9curit\u00e9 sociale devenu obsol\u00e8te et ne r\u00e9pondant plus aux exigences actuelles adh\u00e9rentes. La r\u00e9forme de la retraite, et notamment la prolongation de l&rsquo;\u00e2ge de la sortie en retraite, est bloqu\u00e9e \u00e0 cause d&rsquo;enjeux \u00e0 la fois \u00e9conomiques et politiques, a-t-il soulign\u00e9, tout en rappelant que <em>\u00abque 50% des gens travaillent dans le secteur informel, alors que le taux officiel de couverture sociale en Tunisie est, officiellement, de seulement 80%. En v\u00e9rit\u00e9, seuls 60 ou 65% des travailleurs cotisent pendant les 4 trimestres de l&rsquo;ann\u00e9e\u00bb<\/em>.\u00a0M. Ben Brahem pense, \u00e0 ce propos, aux femmes de m\u00e9nage et aux ouvriers dans les chantiers. Mais pas seulement&#8230;<\/p>\n<p style=\"text-align: center;\"><img loading=\"lazy\" decoding=\"async\" class=\"alignnone wp-image-119202\" src=\"http:\/\/kapitalis.com\/tunisie\/wp-content\/uploads\/2017\/10\/Conf\u00e9rence-Hayett-3.jpg\" alt=\"\" width=\"500\" height=\"281\" \/><\/p>\n<p><strong>Une strat\u00e9gie de valorisation s\u2019impose<\/strong><\/p>\n<p>Tout en d\u00e9plorant que \u00ab<em>depuis 2011, l\u2019UGTT et le gouvernement continuent de rab\u00e2cher le m\u00eame discours, tout en faisant du surplace<\/em>\u00bb et que, dans les n\u00e9gociations en cours,\u00a0chaque partie tire de son c\u00f4t\u00e9 et d\u00e9fend ses int\u00e9r\u00eats, qu&rsquo;il s&rsquo;agisse de l\u2019UGTT, de l\u2019UTICA ou du gouvernement, l&rsquo;expert a estim\u00e9 que toutes les parties concern\u00e9es\u00a0doivent s\u2019adapter \u00e0 la situation et chercher d\u2019autres moyens pour financer les caisses sociales d\u00e9ficitaires, comme de taxer davantage l\u2019alcool et tabac.<\/p>\n<p><em>\u00abDans une n\u00e9gociation,<\/em>\u00a0<em>des concessions sont toujours n\u00e9cessaires de part et d&rsquo;autre. Et pour convaincre, il faut que les d\u00e9cideurs, qui b\u00e9n\u00e9ficient g\u00e9n\u00e9reusement des caisses sociales,\u00a0commencent par eux-m\u00eames pour donner l&rsquo;exemple<\/em><em>. Faire sortir des gens \u00e0 la retraite anticip\u00e9e et, en m\u00eame temps, demander \u00e0 \u00e9lever la date du d\u00e9part en retraite n\u2019a pas de sens. On est en train de faire du surplace. Alors que pour combler le trou dans les caisses sociales, il faut d&rsquo;abord favoriser la croissance. On peut avancer la date du d\u00e9part \u00e0 la retraite, mais pas de mani\u00e8re obligatoire<\/em>\u00bb, explique encore l\u2019universitaire.<\/p>\n<p>L\u2019expert fran\u00e7ais de l\u2019assurance vie Eric Martin, directeur Actuariat du Groupe Cr\u00e9dit Agricole, a \u00e9voqu\u00e9, pour sa part, la situation de la s\u00e9curit\u00e9 sociale dans l\u2019Hexagone, qui exige, elle aussi, des r\u00e9formes, en pr\u00e9cisant que le secteur de l\u2019assurance peut apporter des solutions qui aident \u00e0 sortir de l\u2019impasse.<\/p>\n<p><em>\u00abLa France compte 16 millions de retrait\u00e9s dont un 1\/3 sont des personnes tr\u00e8s bien pay\u00e9es. Le syst\u00e8me de la S\u00e9cu en France n\u2019est pas mieux loti que celui en Tunisie. Il est complexe lui aussi. Avec le cumul ajout\u00e9 chaque ann\u00e9e des d\u00e9parts \u00e0 la retraite, la persistance du ch\u00f4mage et la baisse des cotisations, le d\u00e9ficit se creuse de plus en plus\u00bb,<\/em> a expliqu\u00e9 M. Martin, tout en rappelant que l\u2019\u00e9pargne, que repr\u00e9sente l&rsquo;assurance-vie, pr\u00e9sente un avantage fiscal de poids pour l&rsquo;\u00e9pargnant. \u00ab<em>C&rsquo;est le chantier mis en route actuellement par le pr\u00e9sident Emmanuel Macron\u00bb<\/em>, a-t-il conclu.<\/p>\n","protected":false},"excerpt":{"rendered":"<p>Lotfi Haj Kacem. Le secteur de l&rsquo;assurance-vie est un vecteur important de mobilisation de l\u2019\u00e9pargne pour le financement de l\u2019\u00e9conomie. Et un appui au syst\u00e8me de s\u00e9curit\u00e9 sociale.\u00a0<\/p>\n","protected":false},"author":7,"featured_media":119199,"comment_status":"open","ping_status":"open","sticky":false,"template":"","format":"standard","meta":{"footnotes":""},"categories":[992,995,2433],"tags":[3856,3537,11547,8646,15557],"class_list":["post-119010","post","type-post","status-publish","format-standard","has-post-thumbnail","hentry","category-a-la-une","category-economie","category-tunisie","tag-assurance-vie","tag-comar","tag-hakim-ben-yedder","tag-lotfi-haj-kacem","tag-securite-sociale"],"yoast_head":"<!-- This site is optimized with the Yoast SEO plugin v26.6 - https:\/\/yoast.com\/wordpress\/plugins\/seo\/ -->\n<title>Assurance-vie : L\u2019\u00e9pargne comme levier de financement de l\u2019\u00e9conomie - Kapitalis<\/title>\n<meta name=\"robots\" content=\"index, follow, max-snippet:-1, max-image-preview:large, max-video-preview:-1\" \/>\n<link rel=\"canonical\" href=\"https:\/\/kapitalis.com\/tunisie\/2017\/10\/18\/assurance-vie-lepargne-comme-levier-de-financement-de-leconomie\/\" \/>\n<meta property=\"og:locale\" content=\"fr_FR\" \/>\n<meta property=\"og:type\" content=\"article\" \/>\n<meta property=\"og:title\" content=\"Assurance-vie : L\u2019\u00e9pargne comme levier de financement de l\u2019\u00e9conomie - Kapitalis\" \/>\n<meta property=\"og:description\" content=\"Lotfi Haj Kacem. Le secteur de l&rsquo;assurance-vie est un vecteur important de mobilisation de l\u2019\u00e9pargne pour le financement de l\u2019\u00e9conomie. Et un appui au syst\u00e8me de s\u00e9curit\u00e9 sociale.\u00a0\" \/>\n<meta property=\"og:url\" content=\"https:\/\/kapitalis.com\/tunisie\/2017\/10\/18\/assurance-vie-lepargne-comme-levier-de-financement-de-leconomie\/\" \/>\n<meta property=\"og:site_name\" content=\"Kapitalis\" \/>\n<meta property=\"article:publisher\" content=\"https:\/\/www.facebook.com\/KapitalisInfo\/\" \/>\n<meta property=\"article:published_time\" content=\"2017-10-18T13:40:46+00:00\" \/>\n<meta property=\"article:modified_time\" content=\"2017-10-18T14:09:12+00:00\" \/>\n<meta property=\"og:image\" content=\"https:\/\/kapitalis.com\/tunisie\/wp-content\/uploads\/2022\/05\/kapitalis-logo-fb.png\" \/>\n\t<meta property=\"og:image:width\" content=\"1200\" \/>\n\t<meta property=\"og:image:height\" content=\"630\" \/>\n\t<meta property=\"og:image:type\" content=\"image\/png\" \/>\n<meta name=\"author\" content=\"zohra abid\" \/>\n<meta name=\"twitter:card\" content=\"summary_large_image\" \/>\n<meta name=\"twitter:creator\" content=\"@KapitalisInfo\" \/>\n<meta name=\"twitter:site\" content=\"@KapitalisInfo\" \/>\n<meta name=\"twitter:label1\" content=\"\u00c9crit par\" \/>\n\t<meta name=\"twitter:data1\" content=\"zohra abid\" \/>\n\t<meta name=\"twitter:label2\" content=\"Dur\u00e9e de lecture estim\u00e9e\" \/>\n\t<meta name=\"twitter:data2\" content=\"7 minutes\" \/>\n<script type=\"application\/ld+json\" class=\"yoast-schema-graph\">{\"@context\":\"https:\/\/schema.org\",\"@graph\":[{\"@type\":\"Article\",\"@id\":\"https:\/\/kapitalis.com\/tunisie\/2017\/10\/18\/assurance-vie-lepargne-comme-levier-de-financement-de-leconomie\/#article\",\"isPartOf\":{\"@id\":\"https:\/\/kapitalis.com\/tunisie\/2017\/10\/18\/assurance-vie-lepargne-comme-levier-de-financement-de-leconomie\/\"},\"author\":{\"name\":\"zohra abid\",\"@id\":\"https:\/\/kapitalis.com\/tunisie\/#\/schema\/person\/6fc2988ceb6eacf6836db1d8360b4912\"},\"headline\":\"Assurance-vie : L\u2019\u00e9pargne comme levier de financement de l\u2019\u00e9conomie\",\"datePublished\":\"2017-10-18T13:40:46+00:00\",\"dateModified\":\"2017-10-18T14:09:12+00:00\",\"mainEntityOfPage\":{\"@id\":\"https:\/\/kapitalis.com\/tunisie\/2017\/10\/18\/assurance-vie-lepargne-comme-levier-de-financement-de-leconomie\/\"},\"wordCount\":1316,\"commentCount\":0,\"publisher\":{\"@id\":\"https:\/\/kapitalis.com\/tunisie\/#organization\"},\"image\":{\"@id\":\"https:\/\/kapitalis.com\/tunisie\/2017\/10\/18\/assurance-vie-lepargne-comme-levier-de-financement-de-leconomie\/#primaryimage\"},\"thumbnailUrl\":\"\",\"keywords\":[\"assurance-vie\",\"Comar\",\"Hakim Ben Yedder\",\"Lotfi Haj Kacem\",\"s\u00e9curit\u00e9 sociale\"],\"articleSection\":[\"A LA UNE\",\"ECONOMIE\",\"Tunisie\"],\"inLanguage\":\"fr-FR\",\"potentialAction\":[{\"@type\":\"CommentAction\",\"name\":\"Comment\",\"target\":[\"https:\/\/kapitalis.com\/tunisie\/2017\/10\/18\/assurance-vie-lepargne-comme-levier-de-financement-de-leconomie\/#respond\"]}]},{\"@type\":\"WebPage\",\"@id\":\"https:\/\/kapitalis.com\/tunisie\/2017\/10\/18\/assurance-vie-lepargne-comme-levier-de-financement-de-leconomie\/\",\"url\":\"https:\/\/kapitalis.com\/tunisie\/2017\/10\/18\/assurance-vie-lepargne-comme-levier-de-financement-de-leconomie\/\",\"name\":\"Assurance-vie : L\u2019\u00e9pargne comme levier de financement de l\u2019\u00e9conomie - Kapitalis\",\"isPartOf\":{\"@id\":\"https:\/\/kapitalis.com\/tunisie\/#website\"},\"primaryImageOfPage\":{\"@id\":\"https:\/\/kapitalis.com\/tunisie\/2017\/10\/18\/assurance-vie-lepargne-comme-levier-de-financement-de-leconomie\/#primaryimage\"},\"image\":{\"@id\":\"https:\/\/kapitalis.com\/tunisie\/2017\/10\/18\/assurance-vie-lepargne-comme-levier-de-financement-de-leconomie\/#primaryimage\"},\"thumbnailUrl\":\"\",\"datePublished\":\"2017-10-18T13:40:46+00:00\",\"dateModified\":\"2017-10-18T14:09:12+00:00\",\"breadcrumb\":{\"@id\":\"https:\/\/kapitalis.com\/tunisie\/2017\/10\/18\/assurance-vie-lepargne-comme-levier-de-financement-de-leconomie\/#breadcrumb\"},\"inLanguage\":\"fr-FR\",\"potentialAction\":[{\"@type\":\"ReadAction\",\"target\":[\"https:\/\/kapitalis.com\/tunisie\/2017\/10\/18\/assurance-vie-lepargne-comme-levier-de-financement-de-leconomie\/\"]}]},{\"@type\":\"ImageObject\",\"inLanguage\":\"fr-FR\",\"@id\":\"https:\/\/kapitalis.com\/tunisie\/2017\/10\/18\/assurance-vie-lepargne-comme-levier-de-financement-de-leconomie\/#primaryimage\",\"url\":\"\",\"contentUrl\":\"\"},{\"@type\":\"BreadcrumbList\",\"@id\":\"https:\/\/kapitalis.com\/tunisie\/2017\/10\/18\/assurance-vie-lepargne-comme-levier-de-financement-de-leconomie\/#breadcrumb\",\"itemListElement\":[{\"@type\":\"ListItem\",\"position\":1,\"name\":\"Accueil\",\"item\":\"https:\/\/kapitalis.com\/tunisie\/\"},{\"@type\":\"ListItem\",\"position\":2,\"name\":\"Assurance-vie : L\u2019\u00e9pargne comme levier de financement de l\u2019\u00e9conomie\"}]},{\"@type\":\"WebSite\",\"@id\":\"https:\/\/kapitalis.com\/tunisie\/#website\",\"url\":\"https:\/\/kapitalis.com\/tunisie\/\",\"name\":\"Kapitalis\",\"description\":\"L&#039;actualit\u00e9 en Tunisie et dans le monde\",\"publisher\":{\"@id\":\"https:\/\/kapitalis.com\/tunisie\/#organization\"},\"potentialAction\":[{\"@type\":\"SearchAction\",\"target\":{\"@type\":\"EntryPoint\",\"urlTemplate\":\"https:\/\/kapitalis.com\/tunisie\/?s={search_term_string}\"},\"query-input\":{\"@type\":\"PropertyValueSpecification\",\"valueRequired\":true,\"valueName\":\"search_term_string\"}}],\"inLanguage\":\"fr-FR\"},{\"@type\":\"Organization\",\"@id\":\"https:\/\/kapitalis.com\/tunisie\/#organization\",\"name\":\"Kapitalis\",\"url\":\"https:\/\/kapitalis.com\/tunisie\/\",\"logo\":{\"@type\":\"ImageObject\",\"inLanguage\":\"fr-FR\",\"@id\":\"https:\/\/kapitalis.com\/tunisie\/#\/schema\/logo\/image\/\",\"url\":\"https:\/\/kapitalis.com\/tunisie\/wp-content\/uploads\/2022\/05\/Kapitalis-big-size.png\",\"contentUrl\":\"https:\/\/kapitalis.com\/tunisie\/wp-content\/uploads\/2022\/05\/Kapitalis-big-size.png\",\"width\":5000,\"height\":1500,\"caption\":\"Kapitalis\"},\"image\":{\"@id\":\"https:\/\/kapitalis.com\/tunisie\/#\/schema\/logo\/image\/\"},\"sameAs\":[\"https:\/\/www.facebook.com\/KapitalisInfo\/\",\"https:\/\/x.com\/KapitalisInfo\",\"https:\/\/www.youtube.com\/channel\/UC-yDYrHyfFBWWZaOw3FPg9Q\"]},{\"@type\":\"Person\",\"@id\":\"https:\/\/kapitalis.com\/tunisie\/#\/schema\/person\/6fc2988ceb6eacf6836db1d8360b4912\",\"name\":\"zohra abid\",\"url\":\"https:\/\/kapitalis.com\/tunisie\/author\/zohra-abid-2015\/\"}]}<\/script>\n<!-- \/ Yoast SEO plugin. -->","yoast_head_json":{"title":"Assurance-vie : L\u2019\u00e9pargne comme levier de financement de l\u2019\u00e9conomie - Kapitalis","robots":{"index":"index","follow":"follow","max-snippet":"max-snippet:-1","max-image-preview":"max-image-preview:large","max-video-preview":"max-video-preview:-1"},"canonical":"https:\/\/kapitalis.com\/tunisie\/2017\/10\/18\/assurance-vie-lepargne-comme-levier-de-financement-de-leconomie\/","og_locale":"fr_FR","og_type":"article","og_title":"Assurance-vie : L\u2019\u00e9pargne comme levier de financement de l\u2019\u00e9conomie - Kapitalis","og_description":"Lotfi Haj Kacem. Le secteur de l&rsquo;assurance-vie est un vecteur important de mobilisation de l\u2019\u00e9pargne pour le financement de l\u2019\u00e9conomie. Et un appui au syst\u00e8me de s\u00e9curit\u00e9 sociale.\u00a0","og_url":"https:\/\/kapitalis.com\/tunisie\/2017\/10\/18\/assurance-vie-lepargne-comme-levier-de-financement-de-leconomie\/","og_site_name":"Kapitalis","article_publisher":"https:\/\/www.facebook.com\/KapitalisInfo\/","article_published_time":"2017-10-18T13:40:46+00:00","article_modified_time":"2017-10-18T14:09:12+00:00","og_image":[{"width":1200,"height":630,"url":"https:\/\/kapitalis.com\/tunisie\/wp-content\/uploads\/2022\/05\/kapitalis-logo-fb.png","type":"image\/png"}],"author":"zohra abid","twitter_card":"summary_large_image","twitter_creator":"@KapitalisInfo","twitter_site":"@KapitalisInfo","twitter_misc":{"\u00c9crit par":"zohra abid","Dur\u00e9e de lecture estim\u00e9e":"7 minutes"},"schema":{"@context":"https:\/\/schema.org","@graph":[{"@type":"Article","@id":"https:\/\/kapitalis.com\/tunisie\/2017\/10\/18\/assurance-vie-lepargne-comme-levier-de-financement-de-leconomie\/#article","isPartOf":{"@id":"https:\/\/kapitalis.com\/tunisie\/2017\/10\/18\/assurance-vie-lepargne-comme-levier-de-financement-de-leconomie\/"},"author":{"name":"zohra abid","@id":"https:\/\/kapitalis.com\/tunisie\/#\/schema\/person\/6fc2988ceb6eacf6836db1d8360b4912"},"headline":"Assurance-vie : L\u2019\u00e9pargne comme levier de financement de l\u2019\u00e9conomie","datePublished":"2017-10-18T13:40:46+00:00","dateModified":"2017-10-18T14:09:12+00:00","mainEntityOfPage":{"@id":"https:\/\/kapitalis.com\/tunisie\/2017\/10\/18\/assurance-vie-lepargne-comme-levier-de-financement-de-leconomie\/"},"wordCount":1316,"commentCount":0,"publisher":{"@id":"https:\/\/kapitalis.com\/tunisie\/#organization"},"image":{"@id":"https:\/\/kapitalis.com\/tunisie\/2017\/10\/18\/assurance-vie-lepargne-comme-levier-de-financement-de-leconomie\/#primaryimage"},"thumbnailUrl":"","keywords":["assurance-vie","Comar","Hakim Ben Yedder","Lotfi Haj Kacem","s\u00e9curit\u00e9 sociale"],"articleSection":["A LA UNE","ECONOMIE","Tunisie"],"inLanguage":"fr-FR","potentialAction":[{"@type":"CommentAction","name":"Comment","target":["https:\/\/kapitalis.com\/tunisie\/2017\/10\/18\/assurance-vie-lepargne-comme-levier-de-financement-de-leconomie\/#respond"]}]},{"@type":"WebPage","@id":"https:\/\/kapitalis.com\/tunisie\/2017\/10\/18\/assurance-vie-lepargne-comme-levier-de-financement-de-leconomie\/","url":"https:\/\/kapitalis.com\/tunisie\/2017\/10\/18\/assurance-vie-lepargne-comme-levier-de-financement-de-leconomie\/","name":"Assurance-vie : L\u2019\u00e9pargne comme levier de financement de l\u2019\u00e9conomie - Kapitalis","isPartOf":{"@id":"https:\/\/kapitalis.com\/tunisie\/#website"},"primaryImageOfPage":{"@id":"https:\/\/kapitalis.com\/tunisie\/2017\/10\/18\/assurance-vie-lepargne-comme-levier-de-financement-de-leconomie\/#primaryimage"},"image":{"@id":"https:\/\/kapitalis.com\/tunisie\/2017\/10\/18\/assurance-vie-lepargne-comme-levier-de-financement-de-leconomie\/#primaryimage"},"thumbnailUrl":"","datePublished":"2017-10-18T13:40:46+00:00","dateModified":"2017-10-18T14:09:12+00:00","breadcrumb":{"@id":"https:\/\/kapitalis.com\/tunisie\/2017\/10\/18\/assurance-vie-lepargne-comme-levier-de-financement-de-leconomie\/#breadcrumb"},"inLanguage":"fr-FR","potentialAction":[{"@type":"ReadAction","target":["https:\/\/kapitalis.com\/tunisie\/2017\/10\/18\/assurance-vie-lepargne-comme-levier-de-financement-de-leconomie\/"]}]},{"@type":"ImageObject","inLanguage":"fr-FR","@id":"https:\/\/kapitalis.com\/tunisie\/2017\/10\/18\/assurance-vie-lepargne-comme-levier-de-financement-de-leconomie\/#primaryimage","url":"","contentUrl":""},{"@type":"BreadcrumbList","@id":"https:\/\/kapitalis.com\/tunisie\/2017\/10\/18\/assurance-vie-lepargne-comme-levier-de-financement-de-leconomie\/#breadcrumb","itemListElement":[{"@type":"ListItem","position":1,"name":"Accueil","item":"https:\/\/kapitalis.com\/tunisie\/"},{"@type":"ListItem","position":2,"name":"Assurance-vie : L\u2019\u00e9pargne comme levier de financement de l\u2019\u00e9conomie"}]},{"@type":"WebSite","@id":"https:\/\/kapitalis.com\/tunisie\/#website","url":"https:\/\/kapitalis.com\/tunisie\/","name":"Kapitalis","description":"L&#039;actualit\u00e9 en Tunisie et dans le monde","publisher":{"@id":"https:\/\/kapitalis.com\/tunisie\/#organization"},"potentialAction":[{"@type":"SearchAction","target":{"@type":"EntryPoint","urlTemplate":"https:\/\/kapitalis.com\/tunisie\/?s={search_term_string}"},"query-input":{"@type":"PropertyValueSpecification","valueRequired":true,"valueName":"search_term_string"}}],"inLanguage":"fr-FR"},{"@type":"Organization","@id":"https:\/\/kapitalis.com\/tunisie\/#organization","name":"Kapitalis","url":"https:\/\/kapitalis.com\/tunisie\/","logo":{"@type":"ImageObject","inLanguage":"fr-FR","@id":"https:\/\/kapitalis.com\/tunisie\/#\/schema\/logo\/image\/","url":"https:\/\/kapitalis.com\/tunisie\/wp-content\/uploads\/2022\/05\/Kapitalis-big-size.png","contentUrl":"https:\/\/kapitalis.com\/tunisie\/wp-content\/uploads\/2022\/05\/Kapitalis-big-size.png","width":5000,"height":1500,"caption":"Kapitalis"},"image":{"@id":"https:\/\/kapitalis.com\/tunisie\/#\/schema\/logo\/image\/"},"sameAs":["https:\/\/www.facebook.com\/KapitalisInfo\/","https:\/\/x.com\/KapitalisInfo","https:\/\/www.youtube.com\/channel\/UC-yDYrHyfFBWWZaOw3FPg9Q"]},{"@type":"Person","@id":"https:\/\/kapitalis.com\/tunisie\/#\/schema\/person\/6fc2988ceb6eacf6836db1d8360b4912","name":"zohra abid","url":"https:\/\/kapitalis.com\/tunisie\/author\/zohra-abid-2015\/"}]}},"_links":{"self":[{"href":"https:\/\/kapitalis.com\/tunisie\/wp-json\/wp\/v2\/posts\/119010","targetHints":{"allow":["GET"]}}],"collection":[{"href":"https:\/\/kapitalis.com\/tunisie\/wp-json\/wp\/v2\/posts"}],"about":[{"href":"https:\/\/kapitalis.com\/tunisie\/wp-json\/wp\/v2\/types\/post"}],"author":[{"embeddable":true,"href":"https:\/\/kapitalis.com\/tunisie\/wp-json\/wp\/v2\/users\/7"}],"replies":[{"embeddable":true,"href":"https:\/\/kapitalis.com\/tunisie\/wp-json\/wp\/v2\/comments?post=119010"}],"version-history":[{"count":0,"href":"https:\/\/kapitalis.com\/tunisie\/wp-json\/wp\/v2\/posts\/119010\/revisions"}],"wp:featuredmedia":[{"embeddable":true,"href":"https:\/\/kapitalis.com\/tunisie\/wp-json\/wp\/v2\/media\/119199"}],"wp:attachment":[{"href":"https:\/\/kapitalis.com\/tunisie\/wp-json\/wp\/v2\/media?parent=119010"}],"wp:term":[{"taxonomy":"category","embeddable":true,"href":"https:\/\/kapitalis.com\/tunisie\/wp-json\/wp\/v2\/categories?post=119010"},{"taxonomy":"post_tag","embeddable":true,"href":"https:\/\/kapitalis.com\/tunisie\/wp-json\/wp\/v2\/tags?post=119010"}],"curies":[{"name":"wp","href":"https:\/\/api.w.org\/{rel}","templated":true}]}}