{"id":119037,"date":"2017-10-17T16:46:07","date_gmt":"2017-10-17T15:46:07","guid":{"rendered":"http:\/\/kapitalis.com\/tunisie\/?p=119037"},"modified":"2017-10-17T16:48:50","modified_gmt":"2017-10-17T15:48:50","slug":"la-securite-de-hedi-majdoub-est-toujours-assuree","status":"publish","type":"post","link":"https:\/\/kapitalis.com\/tunisie\/2017\/10\/17\/la-securite-de-hedi-majdoub-est-toujours-assuree\/","title":{"rendered":"La s\u00e9curit\u00e9 de Hedi Majdoub est toujours assur\u00e9e"},"content":{"rendered":"<p style=\"text-align: center;\"><img loading=\"lazy\" decoding=\"async\" class=\"alignnone size-full wp-image-119040\" src=\"http:\/\/kapitalis.com\/tunisie\/wp-content\/uploads\/2017\/10\/Hedi-Majdoub.jpg\" alt=\"\" width=\"626\" height=\"380\" \/><\/p>\n<p><em><strong>L\u2019ex-ministre de l\u2019Int\u00e9rieur, Hedi Majdoub, s\u2019est vu retirer la garde rapproch\u00e9e dont il b\u00e9n\u00e9ficiait mais un policier se charge de sa s\u00e9curit\u00e9 personnelle.<\/strong><\/em><!--more--><\/p>\n<p>Des m\u00e9dias ont annonc\u00e9 le retrait de la garde rapproch\u00e9e de l\u2019ex-ministre, en soulignant la menace que cela pourrait constituer pour sa s\u00e9curit\u00e9, en tant qu&rsquo;ancien ministre de l&rsquo;Int\u00e9rieur.<\/p>\n<p>V\u00e9rification faite, la d\u00e9cision de retrait de la garde rapproch\u00e9e ne le prive pas d\u2019un dispositif d&rsquo;accompagnement assur\u00e9 par un agent et un chauffeur du minist\u00e8re de l\u2019Int\u00e9rieur.<\/p>\n<p>M. Majdoub ne devrait donc pas craindre outre mesure pour sa s\u00e9curit\u00e9, bien que l\u2019on se rappelle encore de l\u2019\u00e9pisode, l\u2019an dernier, de la femme de m\u00e9nage qui s\u2019\u00e9tait infiltr\u00e9e au domicile de ses parents \u00e0 Nabeul, o\u00f9 il se d\u00e9place souvent, et qui avait \u00e9t\u00e9 charg\u00e9e de surveiller ses d\u00e9placements, dans le cadre d&rsquo;un plan d&rsquo;assassinat dont il \u00e9tait la cible.<\/p>\n<p>N\u00e9 le 1<sup>er<\/sup> d\u00e9cembre 1969 \u00e0 Nabeul, Hedi Majdoub a entam\u00e9 sa carri\u00e8re politique en f\u00e9vrier 2015, comme secr\u00e9taire d\u2019\u00c9tat charg\u00e9 des Affaires locales dans le gouvernement de Habib Essid, avant d\u2019\u00eatre charg\u00e9 du minist\u00e8re de l\u2019Int\u00e9rieur, le 6 janvier 2016, poste auquel il est confirm\u00e9 au gouvernement de Youssef Chahed, en septembre de la m\u00eame ann\u00e9e, avant de c\u00e9der la place \u00e0 Lotfi Brahem, lors du dernier remaniement minist\u00e9riel, en septembre 2017.<\/p>\n<p style=\"text-align: right;\"><strong>Y. N.<\/strong><\/p>\n","protected":false},"excerpt":{"rendered":"<p>L\u2019ex-ministre de l\u2019Int\u00e9rieur, Hedi Majdoub, s\u2019est vu retirer la garde rapproch\u00e9e dont il b\u00e9n\u00e9ficiait mais un policier se charge de sa s\u00e9curit\u00e9 personnelle.<\/p>\n","protected":false},"author":6,"featured_media":119040,"comment_status":"open","ping_status":"open","sticky":false,"template":"","format":"standard","meta":{"footnotes":""},"categories":[997,2433],"tags":[5958,435,619,5068,650,899],"class_list":["post-119037","post","type-post","status-publish","format-standard","has-post-thumbnail","hentry","category-politique","category-tunisie","tag-garde-rapprochee","tag-habib-essid","tag-ministre","tag-ministre-interieur","tag-nabeul","tag-terroristes"],"yoast_head":"<!-- This site is optimized with the Yoast SEO plugin v26.6 - https:\/\/yoast.com\/wordpress\/plugins\/seo\/ -->\n<title>La s\u00e9curit\u00e9 de Hedi Majdoub est toujours assur\u00e9e - Kapitalis<\/title>\n<meta name=\"robots\" content=\"index, follow, max-snippet:-1, max-image-preview:large, max-video-preview:-1\" \/>\n<link rel=\"canonical\" href=\"https:\/\/kapitalis.com\/tunisie\/2017\/10\/17\/la-securite-de-hedi-majdoub-est-toujours-assuree\/\" \/>\n<meta property=\"og:locale\" content=\"fr_FR\" \/>\n<meta property=\"og:type\" content=\"article\" \/>\n<meta property=\"og:title\" content=\"La s\u00e9curit\u00e9 de Hedi Majdoub est toujours assur\u00e9e - Kapitalis\" \/>\n<meta property=\"og:description\" content=\"L\u2019ex-ministre de l\u2019Int\u00e9rieur, Hedi Majdoub, s\u2019est vu retirer la garde rapproch\u00e9e dont il b\u00e9n\u00e9ficiait mais un policier se charge de sa s\u00e9curit\u00e9 personnelle.\" \/>\n<meta property=\"og:url\" content=\"https:\/\/kapitalis.com\/tunisie\/2017\/10\/17\/la-securite-de-hedi-majdoub-est-toujours-assuree\/\" \/>\n<meta property=\"og:site_name\" content=\"Kapitalis\" \/>\n<meta property=\"article:publisher\" content=\"https:\/\/www.facebook.com\/KapitalisInfo\/\" \/>\n<meta property=\"article:published_time\" content=\"2017-10-17T15:46:07+00:00\" \/>\n<meta property=\"article:modified_time\" content=\"2017-10-17T15:48:50+00:00\" \/>\n<meta property=\"og:image\" content=\"https:\/\/kapitalis.com\/tunisie\/wp-content\/uploads\/2022\/05\/kapitalis-logo-fb.png\" \/>\n\t<meta property=\"og:image:width\" content=\"1200\" \/>\n\t<meta property=\"og:image:height\" content=\"630\" \/>\n\t<meta property=\"og:image:type\" content=\"image\/png\" \/>\n<meta name=\"author\" content=\"Yusra NY\" \/>\n<meta name=\"twitter:card\" content=\"summary_large_image\" \/>\n<meta name=\"twitter:creator\" content=\"@KapitalisInfo\" \/>\n<meta name=\"twitter:site\" content=\"@KapitalisInfo\" \/>\n<meta name=\"twitter:label1\" content=\"\u00c9crit par\" \/>\n\t<meta name=\"twitter:data1\" content=\"Yusra NY\" \/>\n\t<meta name=\"twitter:label2\" content=\"Dur\u00e9e de lecture estim\u00e9e\" \/>\n\t<meta name=\"twitter:data2\" content=\"1 minute\" \/>\n<script type=\"application\/ld+json\" class=\"yoast-schema-graph\">{\"@context\":\"https:\/\/schema.org\",\"@graph\":[{\"@type\":\"Article\",\"@id\":\"https:\/\/kapitalis.com\/tunisie\/2017\/10\/17\/la-securite-de-hedi-majdoub-est-toujours-assuree\/#article\",\"isPartOf\":{\"@id\":\"https:\/\/kapitalis.com\/tunisie\/2017\/10\/17\/la-securite-de-hedi-majdoub-est-toujours-assuree\/\"},\"author\":{\"name\":\"Yusra NY\",\"@id\":\"https:\/\/kapitalis.com\/tunisie\/#\/schema\/person\/74bbde0154d49d790a92aaeac5bc01d5\"},\"headline\":\"La s\u00e9curit\u00e9 de Hedi Majdoub est toujours assur\u00e9e\",\"datePublished\":\"2017-10-17T15:46:07+00:00\",\"dateModified\":\"2017-10-17T15:48:50+00:00\",\"mainEntityOfPage\":{\"@id\":\"https:\/\/kapitalis.com\/tunisie\/2017\/10\/17\/la-securite-de-hedi-majdoub-est-toujours-assuree\/\"},\"wordCount\":262,\"commentCount\":2,\"publisher\":{\"@id\":\"https:\/\/kapitalis.com\/tunisie\/#organization\"},\"image\":{\"@id\":\"https:\/\/kapitalis.com\/tunisie\/2017\/10\/17\/la-securite-de-hedi-majdoub-est-toujours-assuree\/#primaryimage\"},\"thumbnailUrl\":\"\",\"keywords\":[\"garde rapproch\u00e9e\",\"Habib Essid\",\"ministre\",\"ministre Int\u00e9rieur\",\"Nabeul\",\"terroristes\"],\"articleSection\":[\"POLITIQUE\",\"Tunisie\"],\"inLanguage\":\"fr-FR\",\"potentialAction\":[{\"@type\":\"CommentAction\",\"name\":\"Comment\",\"target\":[\"https:\/\/kapitalis.com\/tunisie\/2017\/10\/17\/la-securite-de-hedi-majdoub-est-toujours-assuree\/#respond\"]}]},{\"@type\":\"WebPage\",\"@id\":\"https:\/\/kapitalis.com\/tunisie\/2017\/10\/17\/la-securite-de-hedi-majdoub-est-toujours-assuree\/\",\"url\":\"https:\/\/kapitalis.com\/tunisie\/2017\/10\/17\/la-securite-de-hedi-majdoub-est-toujours-assuree\/\",\"name\":\"La s\u00e9curit\u00e9 de Hedi Majdoub est toujours assur\u00e9e - Kapitalis\",\"isPartOf\":{\"@id\":\"https:\/\/kapitalis.com\/tunisie\/#website\"},\"primaryImageOfPage\":{\"@id\":\"https:\/\/kapitalis.com\/tunisie\/2017\/10\/17\/la-securite-de-hedi-majdoub-est-toujours-assuree\/#primaryimage\"},\"image\":{\"@id\":\"https:\/\/kapitalis.com\/tunisie\/2017\/10\/17\/la-securite-de-hedi-majdoub-est-toujours-assuree\/#primaryimage\"},\"thumbnailUrl\":\"\",\"datePublished\":\"2017-10-17T15:46:07+00:00\",\"dateModified\":\"2017-10-17T15:48:50+00:00\",\"breadcrumb\":{\"@id\":\"https:\/\/kapitalis.com\/tunisie\/2017\/10\/17\/la-securite-de-hedi-majdoub-est-toujours-assuree\/#breadcrumb\"},\"inLanguage\":\"fr-FR\",\"potentialAction\":[{\"@type\":\"ReadAction\",\"target\":[\"https:\/\/kapitalis.com\/tunisie\/2017\/10\/17\/la-securite-de-hedi-majdoub-est-toujours-assuree\/\"]}]},{\"@type\":\"ImageObject\",\"inLanguage\":\"fr-FR\",\"@id\":\"https:\/\/kapitalis.com\/tunisie\/2017\/10\/17\/la-securite-de-hedi-majdoub-est-toujours-assuree\/#primaryimage\",\"url\":\"\",\"contentUrl\":\"\"},{\"@type\":\"BreadcrumbList\",\"@id\":\"https:\/\/kapitalis.com\/tunisie\/2017\/10\/17\/la-securite-de-hedi-majdoub-est-toujours-assuree\/#breadcrumb\",\"itemListElement\":[{\"@type\":\"ListItem\",\"position\":1,\"name\":\"Accueil\",\"item\":\"https:\/\/kapitalis.com\/tunisie\/\"},{\"@type\":\"ListItem\",\"position\":2,\"name\":\"La s\u00e9curit\u00e9 de Hedi Majdoub est toujours assur\u00e9e\"}]},{\"@type\":\"WebSite\",\"@id\":\"https:\/\/kapitalis.com\/tunisie\/#website\",\"url\":\"https:\/\/kapitalis.com\/tunisie\/\",\"name\":\"Kapitalis\",\"description\":\"L&#039;actualit\u00e9 en Tunisie et dans le monde\",\"publisher\":{\"@id\":\"https:\/\/kapitalis.com\/tunisie\/#organization\"},\"potentialAction\":[{\"@type\":\"SearchAction\",\"target\":{\"@type\":\"EntryPoint\",\"urlTemplate\":\"https:\/\/kapitalis.com\/tunisie\/?s={search_term_string}\"},\"query-input\":{\"@type\":\"PropertyValueSpecification\",\"valueRequired\":true,\"valueName\":\"search_term_string\"}}],\"inLanguage\":\"fr-FR\"},{\"@type\":\"Organization\",\"@id\":\"https:\/\/kapitalis.com\/tunisie\/#organization\",\"name\":\"Kapitalis\",\"url\":\"https:\/\/kapitalis.com\/tunisie\/\",\"logo\":{\"@type\":\"ImageObject\",\"inLanguage\":\"fr-FR\",\"@id\":\"https:\/\/kapitalis.com\/tunisie\/#\/schema\/logo\/image\/\",\"url\":\"https:\/\/kapitalis.com\/tunisie\/wp-content\/uploads\/2022\/05\/Kapitalis-big-size.png\",\"contentUrl\":\"https:\/\/kapitalis.com\/tunisie\/wp-content\/uploads\/2022\/05\/Kapitalis-big-size.png\",\"width\":5000,\"height\":1500,\"caption\":\"Kapitalis\"},\"image\":{\"@id\":\"https:\/\/kapitalis.com\/tunisie\/#\/schema\/logo\/image\/\"},\"sameAs\":[\"https:\/\/www.facebook.com\/KapitalisInfo\/\",\"https:\/\/x.com\/KapitalisInfo\",\"https:\/\/www.youtube.com\/channel\/UC-yDYrHyfFBWWZaOw3FPg9Q\"]},{\"@type\":\"Person\",\"@id\":\"https:\/\/kapitalis.com\/tunisie\/#\/schema\/person\/74bbde0154d49d790a92aaeac5bc01d5\",\"name\":\"Yusra NY\",\"url\":\"https:\/\/kapitalis.com\/tunisie\/author\/yuza_adam\/\"}]}<\/script>\n<!-- \/ Yoast SEO plugin. -->","yoast_head_json":{"title":"La s\u00e9curit\u00e9 de Hedi Majdoub est toujours assur\u00e9e - Kapitalis","robots":{"index":"index","follow":"follow","max-snippet":"max-snippet:-1","max-image-preview":"max-image-preview:large","max-video-preview":"max-video-preview:-1"},"canonical":"https:\/\/kapitalis.com\/tunisie\/2017\/10\/17\/la-securite-de-hedi-majdoub-est-toujours-assuree\/","og_locale":"fr_FR","og_type":"article","og_title":"La s\u00e9curit\u00e9 de Hedi Majdoub est toujours assur\u00e9e - Kapitalis","og_description":"L\u2019ex-ministre de l\u2019Int\u00e9rieur, Hedi Majdoub, s\u2019est vu retirer la garde rapproch\u00e9e dont il b\u00e9n\u00e9ficiait mais un policier se charge de sa s\u00e9curit\u00e9 personnelle.","og_url":"https:\/\/kapitalis.com\/tunisie\/2017\/10\/17\/la-securite-de-hedi-majdoub-est-toujours-assuree\/","og_site_name":"Kapitalis","article_publisher":"https:\/\/www.facebook.com\/KapitalisInfo\/","article_published_time":"2017-10-17T15:46:07+00:00","article_modified_time":"2017-10-17T15:48:50+00:00","og_image":[{"width":1200,"height":630,"url":"https:\/\/kapitalis.com\/tunisie\/wp-content\/uploads\/2022\/05\/kapitalis-logo-fb.png","type":"image\/png"}],"author":"Yusra NY","twitter_card":"summary_large_image","twitter_creator":"@KapitalisInfo","twitter_site":"@KapitalisInfo","twitter_misc":{"\u00c9crit par":"Yusra NY","Dur\u00e9e de lecture estim\u00e9e":"1 minute"},"schema":{"@context":"https:\/\/schema.org","@graph":[{"@type":"Article","@id":"https:\/\/kapitalis.com\/tunisie\/2017\/10\/17\/la-securite-de-hedi-majdoub-est-toujours-assuree\/#article","isPartOf":{"@id":"https:\/\/kapitalis.com\/tunisie\/2017\/10\/17\/la-securite-de-hedi-majdoub-est-toujours-assuree\/"},"author":{"name":"Yusra NY","@id":"https:\/\/kapitalis.com\/tunisie\/#\/schema\/person\/74bbde0154d49d790a92aaeac5bc01d5"},"headline":"La s\u00e9curit\u00e9 de Hedi Majdoub est toujours assur\u00e9e","datePublished":"2017-10-17T15:46:07+00:00","dateModified":"2017-10-17T15:48:50+00:00","mainEntityOfPage":{"@id":"https:\/\/kapitalis.com\/tunisie\/2017\/10\/17\/la-securite-de-hedi-majdoub-est-toujours-assuree\/"},"wordCount":262,"commentCount":2,"publisher":{"@id":"https:\/\/kapitalis.com\/tunisie\/#organization"},"image":{"@id":"https:\/\/kapitalis.com\/tunisie\/2017\/10\/17\/la-securite-de-hedi-majdoub-est-toujours-assuree\/#primaryimage"},"thumbnailUrl":"","keywords":["garde rapproch\u00e9e","Habib Essid","ministre","ministre Int\u00e9rieur","Nabeul","terroristes"],"articleSection":["POLITIQUE","Tunisie"],"inLanguage":"fr-FR","potentialAction":[{"@type":"CommentAction","name":"Comment","target":["https:\/\/kapitalis.com\/tunisie\/2017\/10\/17\/la-securite-de-hedi-majdoub-est-toujours-assuree\/#respond"]}]},{"@type":"WebPage","@id":"https:\/\/kapitalis.com\/tunisie\/2017\/10\/17\/la-securite-de-hedi-majdoub-est-toujours-assuree\/","url":"https:\/\/kapitalis.com\/tunisie\/2017\/10\/17\/la-securite-de-hedi-majdoub-est-toujours-assuree\/","name":"La s\u00e9curit\u00e9 de Hedi Majdoub est toujours assur\u00e9e - Kapitalis","isPartOf":{"@id":"https:\/\/kapitalis.com\/tunisie\/#website"},"primaryImageOfPage":{"@id":"https:\/\/kapitalis.com\/tunisie\/2017\/10\/17\/la-securite-de-hedi-majdoub-est-toujours-assuree\/#primaryimage"},"image":{"@id":"https:\/\/kapitalis.com\/tunisie\/2017\/10\/17\/la-securite-de-hedi-majdoub-est-toujours-assuree\/#primaryimage"},"thumbnailUrl":"","datePublished":"2017-10-17T15:46:07+00:00","dateModified":"2017-10-17T15:48:50+00:00","breadcrumb":{"@id":"https:\/\/kapitalis.com\/tunisie\/2017\/10\/17\/la-securite-de-hedi-majdoub-est-toujours-assuree\/#breadcrumb"},"inLanguage":"fr-FR","potentialAction":[{"@type":"ReadAction","target":["https:\/\/kapitalis.com\/tunisie\/2017\/10\/17\/la-securite-de-hedi-majdoub-est-toujours-assuree\/"]}]},{"@type":"ImageObject","inLanguage":"fr-FR","@id":"https:\/\/kapitalis.com\/tunisie\/2017\/10\/17\/la-securite-de-hedi-majdoub-est-toujours-assuree\/#primaryimage","url":"","contentUrl":""},{"@type":"BreadcrumbList","@id":"https:\/\/kapitalis.com\/tunisie\/2017\/10\/17\/la-securite-de-hedi-majdoub-est-toujours-assuree\/#breadcrumb","itemListElement":[{"@type":"ListItem","position":1,"name":"Accueil","item":"https:\/\/kapitalis.com\/tunisie\/"},{"@type":"ListItem","position":2,"name":"La s\u00e9curit\u00e9 de Hedi Majdoub est toujours assur\u00e9e"}]},{"@type":"WebSite","@id":"https:\/\/kapitalis.com\/tunisie\/#website","url":"https:\/\/kapitalis.com\/tunisie\/","name":"Kapitalis","description":"L&#039;actualit\u00e9 en Tunisie et dans le monde","publisher":{"@id":"https:\/\/kapitalis.com\/tunisie\/#organization"},"potentialAction":[{"@type":"SearchAction","target":{"@type":"EntryPoint","urlTemplate":"https:\/\/kapitalis.com\/tunisie\/?s={search_term_string}"},"query-input":{"@type":"PropertyValueSpecification","valueRequired":true,"valueName":"search_term_string"}}],"inLanguage":"fr-FR"},{"@type":"Organization","@id":"https:\/\/kapitalis.com\/tunisie\/#organization","name":"Kapitalis","url":"https:\/\/kapitalis.com\/tunisie\/","logo":{"@type":"ImageObject","inLanguage":"fr-FR","@id":"https:\/\/kapitalis.com\/tunisie\/#\/schema\/logo\/image\/","url":"https:\/\/kapitalis.com\/tunisie\/wp-content\/uploads\/2022\/05\/Kapitalis-big-size.png","contentUrl":"https:\/\/kapitalis.com\/tunisie\/wp-content\/uploads\/2022\/05\/Kapitalis-big-size.png","width":5000,"height":1500,"caption":"Kapitalis"},"image":{"@id":"https:\/\/kapitalis.com\/tunisie\/#\/schema\/logo\/image\/"},"sameAs":["https:\/\/www.facebook.com\/KapitalisInfo\/","https:\/\/x.com\/KapitalisInfo","https:\/\/www.youtube.com\/channel\/UC-yDYrHyfFBWWZaOw3FPg9Q"]},{"@type":"Person","@id":"https:\/\/kapitalis.com\/tunisie\/#\/schema\/person\/74bbde0154d49d790a92aaeac5bc01d5","name":"Yusra NY","url":"https:\/\/kapitalis.com\/tunisie\/author\/yuza_adam\/"}]}},"_links":{"self":[{"href":"https:\/\/kapitalis.com\/tunisie\/wp-json\/wp\/v2\/posts\/119037","targetHints":{"allow":["GET"]}}],"collection":[{"href":"https:\/\/kapitalis.com\/tunisie\/wp-json\/wp\/v2\/posts"}],"about":[{"href":"https:\/\/kapitalis.com\/tunisie\/wp-json\/wp\/v2\/types\/post"}],"author":[{"embeddable":true,"href":"https:\/\/kapitalis.com\/tunisie\/wp-json\/wp\/v2\/users\/6"}],"replies":[{"embeddable":true,"href":"https:\/\/kapitalis.com\/tunisie\/wp-json\/wp\/v2\/comments?post=119037"}],"version-history":[{"count":0,"href":"https:\/\/kapitalis.com\/tunisie\/wp-json\/wp\/v2\/posts\/119037\/revisions"}],"wp:featuredmedia":[{"embeddable":true,"href":"https:\/\/kapitalis.com\/tunisie\/wp-json\/wp\/v2\/media\/119040"}],"wp:attachment":[{"href":"https:\/\/kapitalis.com\/tunisie\/wp-json\/wp\/v2\/media?parent=119037"}],"wp:term":[{"taxonomy":"category","embeddable":true,"href":"https:\/\/kapitalis.com\/tunisie\/wp-json\/wp\/v2\/categories?post=119037"},{"taxonomy":"post_tag","embeddable":true,"href":"https:\/\/kapitalis.com\/tunisie\/wp-json\/wp\/v2\/tags?post=119037"}],"curies":[{"name":"wp","href":"https:\/\/api.w.org\/{rel}","templated":true}]}}