{"id":119295,"date":"2017-10-19T09:56:54","date_gmt":"2017-10-19T08:56:54","guid":{"rendered":"http:\/\/kapitalis.com\/tunisie\/?p=119295"},"modified":"2017-10-19T08:00:06","modified_gmt":"2017-10-19T07:00:06","slug":"championnat-du-monde-de-judo-junior-senoussi-pour-une-place-au-podium","status":"publish","type":"post","link":"https:\/\/kapitalis.com\/tunisie\/2017\/10\/19\/championnat-du-monde-de-judo-junior-senoussi-pour-une-place-au-podium\/","title":{"rendered":"Championnat du monde de judo junior : Senoussi pour une place au podium"},"content":{"rendered":"<p style=\"text-align: center;\"><img loading=\"lazy\" decoding=\"async\" class=\"alignnone size-full wp-image-119296\" src=\"http:\/\/kapitalis.com\/tunisie\/wp-content\/uploads\/2017\/10\/Oussama-Mahmoud-Senoussi.jpg\" alt=\"\" width=\"626\" height=\"380\" \/><\/p>\n<p style=\"text-align: center;\"><em>Oussama Mahmoud Senoussi porte es espoirs de la Tunisie.<\/em><\/p>\n<p><em><strong>Trois judokas repr\u00e9sentent la Tunisie au Championnat du monde junior de judo \u00e0 Zagreb, en Croatie, du 18 au 21 octobre 2017.<\/strong> <\/em><\/p>\n<p><!--more--><\/p>\n<p>Il s\u2019agit des deux judokas de l\u2019Esp\u00e9rance sportive de Tunis (EST) Oussama Mahmoud Senoussi (moins 90 Kg) et Mohamed Amine Ayari (moins 55 Kg) et de la soci\u00e9taire de l\u2019Association sportive militaire de Kairouan, Ghofrane Khelifi (moins 57Kg).<\/p>\n<p>Oussama Mahmoud Snoussi, num\u00e9ro 2 mondial juniors, entrera en lice demain vendredi 20 octobre. Le prot\u00e9g\u00e9 de l\u2019ancien champion du monde Anis Lounifi partira favori pour une place sur le podium. D\u2019autant qu\u2019il a \u00e9t\u00e9 tr\u00e8s en vue cette ann\u00e9e. Il a notamment gagn\u00e9 le championnat d\u2019Afrique de sa cat\u00e9gorie en mai dernier, le championnat continental seniors en avril, en plus de la m\u00e9daille d\u2019or de la Coupe d\u2019Europe en Gr\u00e8ce en mars dernier.<\/p>\n<p>Aujourd\u2019hui, Ghofrane Khelifi sera \u00e9galement sur le tatami. La double championne d\u2019Afrique junior-s\u00e9nior tentera de progresser dans un tableau bien cors\u00e9. C\u2019est toujours une bonne opportunit\u00e9 pour se frotter au gotha mondial.<\/p>\n<p>Exempt du premier tour, Mohamed Amine Ayari a \u00e9t\u00e9 \u00e9limin\u00e9 hier, mercredi, d\u00e8s son premier combat par le Mongol Unubold Lkhagvajamts, m\u00e9daille de bronze.<\/p>\n<p>Quelques 186 athl\u00e8tes de 29 pays participent \u00e0 cette comp\u00e9tition que l\u2019on annonce de tr\u00e8s haut niveau technique.<\/p>\n<p style=\"text-align: right;\"><strong>H. M. <\/strong><\/p>\n","protected":false},"excerpt":{"rendered":"<p>Oussama Mahmoud Senoussi porte es espoirs de la Tunisie. Trois judokas repr\u00e9sentent la Tunisie au Championnat du monde junior de judo \u00e0 Zagreb, en Croatie, du 18 au 21 octobre 2017.<\/p>\n","protected":false},"author":8,"featured_media":119296,"comment_status":"open","ping_status":"open","sticky":false,"template":"","format":"standard","meta":{"footnotes":""},"categories":[999,2433],"tags":[],"class_list":["post-119295","post","type-post","status-publish","format-standard","has-post-thumbnail","hentry","category-sport","category-tunisie"],"yoast_head":"<!-- This site is optimized with the Yoast SEO plugin v26.6 - https:\/\/yoast.com\/wordpress\/plugins\/seo\/ -->\n<title>Championnat du monde de judo junior : Senoussi pour une place au podium - Kapitalis<\/title>\n<meta name=\"robots\" content=\"index, follow, max-snippet:-1, max-image-preview:large, max-video-preview:-1\" \/>\n<link rel=\"canonical\" href=\"https:\/\/kapitalis.com\/tunisie\/2017\/10\/19\/championnat-du-monde-de-judo-junior-senoussi-pour-une-place-au-podium\/\" \/>\n<meta property=\"og:locale\" content=\"fr_FR\" \/>\n<meta property=\"og:type\" content=\"article\" \/>\n<meta property=\"og:title\" content=\"Championnat du monde de judo junior : Senoussi pour une place au podium - Kapitalis\" \/>\n<meta property=\"og:description\" content=\"Oussama Mahmoud Senoussi porte es espoirs de la Tunisie. Trois judokas repr\u00e9sentent la Tunisie au Championnat du monde junior de judo \u00e0 Zagreb, en Croatie, du 18 au 21 octobre 2017.\" \/>\n<meta property=\"og:url\" content=\"https:\/\/kapitalis.com\/tunisie\/2017\/10\/19\/championnat-du-monde-de-judo-junior-senoussi-pour-une-place-au-podium\/\" \/>\n<meta property=\"og:site_name\" content=\"Kapitalis\" \/>\n<meta property=\"article:publisher\" content=\"https:\/\/www.facebook.com\/KapitalisInfo\/\" \/>\n<meta property=\"article:published_time\" content=\"2017-10-19T08:56:54+00:00\" \/>\n<meta property=\"og:image\" content=\"https:\/\/kapitalis.com\/tunisie\/wp-content\/uploads\/2022\/05\/kapitalis-logo-fb.png\" \/>\n\t<meta property=\"og:image:width\" content=\"1200\" \/>\n\t<meta property=\"og:image:height\" content=\"630\" \/>\n\t<meta property=\"og:image:type\" content=\"image\/png\" \/>\n<meta name=\"author\" content=\"webmaster kapitalis\" \/>\n<meta name=\"twitter:card\" content=\"summary_large_image\" \/>\n<meta name=\"twitter:creator\" content=\"@KapitalisInfo\" \/>\n<meta name=\"twitter:site\" content=\"@KapitalisInfo\" \/>\n<meta name=\"twitter:label1\" content=\"\u00c9crit par\" \/>\n\t<meta name=\"twitter:data1\" content=\"webmaster kapitalis\" \/>\n\t<meta name=\"twitter:label2\" content=\"Dur\u00e9e de lecture estim\u00e9e\" \/>\n\t<meta name=\"twitter:data2\" content=\"1 minute\" \/>\n<script type=\"application\/ld+json\" class=\"yoast-schema-graph\">{\"@context\":\"https:\/\/schema.org\",\"@graph\":[{\"@type\":\"Article\",\"@id\":\"https:\/\/kapitalis.com\/tunisie\/2017\/10\/19\/championnat-du-monde-de-judo-junior-senoussi-pour-une-place-au-podium\/#article\",\"isPartOf\":{\"@id\":\"https:\/\/kapitalis.com\/tunisie\/2017\/10\/19\/championnat-du-monde-de-judo-junior-senoussi-pour-une-place-au-podium\/\"},\"author\":{\"name\":\"webmaster kapitalis\",\"@id\":\"https:\/\/kapitalis.com\/tunisie\/#\/schema\/person\/d71f33a9ca44f7bad4698210b480c8e9\"},\"headline\":\"Championnat du monde de judo junior : Senoussi pour une place au podium\",\"datePublished\":\"2017-10-19T08:56:54+00:00\",\"mainEntityOfPage\":{\"@id\":\"https:\/\/kapitalis.com\/tunisie\/2017\/10\/19\/championnat-du-monde-de-judo-junior-senoussi-pour-une-place-au-podium\/\"},\"wordCount\":249,\"commentCount\":0,\"publisher\":{\"@id\":\"https:\/\/kapitalis.com\/tunisie\/#organization\"},\"image\":{\"@id\":\"https:\/\/kapitalis.com\/tunisie\/2017\/10\/19\/championnat-du-monde-de-judo-junior-senoussi-pour-une-place-au-podium\/#primaryimage\"},\"thumbnailUrl\":\"\",\"articleSection\":[\"SPORT\",\"Tunisie\"],\"inLanguage\":\"fr-FR\",\"potentialAction\":[{\"@type\":\"CommentAction\",\"name\":\"Comment\",\"target\":[\"https:\/\/kapitalis.com\/tunisie\/2017\/10\/19\/championnat-du-monde-de-judo-junior-senoussi-pour-une-place-au-podium\/#respond\"]}]},{\"@type\":\"WebPage\",\"@id\":\"https:\/\/kapitalis.com\/tunisie\/2017\/10\/19\/championnat-du-monde-de-judo-junior-senoussi-pour-une-place-au-podium\/\",\"url\":\"https:\/\/kapitalis.com\/tunisie\/2017\/10\/19\/championnat-du-monde-de-judo-junior-senoussi-pour-une-place-au-podium\/\",\"name\":\"Championnat du monde de judo junior : Senoussi pour une place au podium - Kapitalis\",\"isPartOf\":{\"@id\":\"https:\/\/kapitalis.com\/tunisie\/#website\"},\"primaryImageOfPage\":{\"@id\":\"https:\/\/kapitalis.com\/tunisie\/2017\/10\/19\/championnat-du-monde-de-judo-junior-senoussi-pour-une-place-au-podium\/#primaryimage\"},\"image\":{\"@id\":\"https:\/\/kapitalis.com\/tunisie\/2017\/10\/19\/championnat-du-monde-de-judo-junior-senoussi-pour-une-place-au-podium\/#primaryimage\"},\"thumbnailUrl\":\"\",\"datePublished\":\"2017-10-19T08:56:54+00:00\",\"breadcrumb\":{\"@id\":\"https:\/\/kapitalis.com\/tunisie\/2017\/10\/19\/championnat-du-monde-de-judo-junior-senoussi-pour-une-place-au-podium\/#breadcrumb\"},\"inLanguage\":\"fr-FR\",\"potentialAction\":[{\"@type\":\"ReadAction\",\"target\":[\"https:\/\/kapitalis.com\/tunisie\/2017\/10\/19\/championnat-du-monde-de-judo-junior-senoussi-pour-une-place-au-podium\/\"]}]},{\"@type\":\"ImageObject\",\"inLanguage\":\"fr-FR\",\"@id\":\"https:\/\/kapitalis.com\/tunisie\/2017\/10\/19\/championnat-du-monde-de-judo-junior-senoussi-pour-une-place-au-podium\/#primaryimage\",\"url\":\"\",\"contentUrl\":\"\"},{\"@type\":\"BreadcrumbList\",\"@id\":\"https:\/\/kapitalis.com\/tunisie\/2017\/10\/19\/championnat-du-monde-de-judo-junior-senoussi-pour-une-place-au-podium\/#breadcrumb\",\"itemListElement\":[{\"@type\":\"ListItem\",\"position\":1,\"name\":\"Accueil\",\"item\":\"https:\/\/kapitalis.com\/tunisie\/\"},{\"@type\":\"ListItem\",\"position\":2,\"name\":\"Championnat du monde de judo junior : Senoussi pour une place au podium\"}]},{\"@type\":\"WebSite\",\"@id\":\"https:\/\/kapitalis.com\/tunisie\/#website\",\"url\":\"https:\/\/kapitalis.com\/tunisie\/\",\"name\":\"Kapitalis\",\"description\":\"L&#039;actualit\u00e9 en Tunisie et dans le monde\",\"publisher\":{\"@id\":\"https:\/\/kapitalis.com\/tunisie\/#organization\"},\"potentialAction\":[{\"@type\":\"SearchAction\",\"target\":{\"@type\":\"EntryPoint\",\"urlTemplate\":\"https:\/\/kapitalis.com\/tunisie\/?s={search_term_string}\"},\"query-input\":{\"@type\":\"PropertyValueSpecification\",\"valueRequired\":true,\"valueName\":\"search_term_string\"}}],\"inLanguage\":\"fr-FR\"},{\"@type\":\"Organization\",\"@id\":\"https:\/\/kapitalis.com\/tunisie\/#organization\",\"name\":\"Kapitalis\",\"url\":\"https:\/\/kapitalis.com\/tunisie\/\",\"logo\":{\"@type\":\"ImageObject\",\"inLanguage\":\"fr-FR\",\"@id\":\"https:\/\/kapitalis.com\/tunisie\/#\/schema\/logo\/image\/\",\"url\":\"https:\/\/kapitalis.com\/tunisie\/wp-content\/uploads\/2022\/05\/Kapitalis-big-size.png\",\"contentUrl\":\"https:\/\/kapitalis.com\/tunisie\/wp-content\/uploads\/2022\/05\/Kapitalis-big-size.png\",\"width\":5000,\"height\":1500,\"caption\":\"Kapitalis\"},\"image\":{\"@id\":\"https:\/\/kapitalis.com\/tunisie\/#\/schema\/logo\/image\/\"},\"sameAs\":[\"https:\/\/www.facebook.com\/KapitalisInfo\/\",\"https:\/\/x.com\/KapitalisInfo\",\"https:\/\/www.youtube.com\/channel\/UC-yDYrHyfFBWWZaOw3FPg9Q\"]},{\"@type\":\"Person\",\"@id\":\"https:\/\/kapitalis.com\/tunisie\/#\/schema\/person\/d71f33a9ca44f7bad4698210b480c8e9\",\"name\":\"webmaster kapitalis\",\"url\":\"https:\/\/kapitalis.com\/tunisie\/author\/webmaster-kapitalis\/\"}]}<\/script>\n<!-- \/ Yoast SEO plugin. -->","yoast_head_json":{"title":"Championnat du monde de judo junior : Senoussi pour une place au podium - Kapitalis","robots":{"index":"index","follow":"follow","max-snippet":"max-snippet:-1","max-image-preview":"max-image-preview:large","max-video-preview":"max-video-preview:-1"},"canonical":"https:\/\/kapitalis.com\/tunisie\/2017\/10\/19\/championnat-du-monde-de-judo-junior-senoussi-pour-une-place-au-podium\/","og_locale":"fr_FR","og_type":"article","og_title":"Championnat du monde de judo junior : Senoussi pour une place au podium - Kapitalis","og_description":"Oussama Mahmoud Senoussi porte es espoirs de la Tunisie. Trois judokas repr\u00e9sentent la Tunisie au Championnat du monde junior de judo \u00e0 Zagreb, en Croatie, du 18 au 21 octobre 2017.","og_url":"https:\/\/kapitalis.com\/tunisie\/2017\/10\/19\/championnat-du-monde-de-judo-junior-senoussi-pour-une-place-au-podium\/","og_site_name":"Kapitalis","article_publisher":"https:\/\/www.facebook.com\/KapitalisInfo\/","article_published_time":"2017-10-19T08:56:54+00:00","og_image":[{"width":1200,"height":630,"url":"https:\/\/kapitalis.com\/tunisie\/wp-content\/uploads\/2022\/05\/kapitalis-logo-fb.png","type":"image\/png"}],"author":"webmaster kapitalis","twitter_card":"summary_large_image","twitter_creator":"@KapitalisInfo","twitter_site":"@KapitalisInfo","twitter_misc":{"\u00c9crit par":"webmaster kapitalis","Dur\u00e9e de lecture estim\u00e9e":"1 minute"},"schema":{"@context":"https:\/\/schema.org","@graph":[{"@type":"Article","@id":"https:\/\/kapitalis.com\/tunisie\/2017\/10\/19\/championnat-du-monde-de-judo-junior-senoussi-pour-une-place-au-podium\/#article","isPartOf":{"@id":"https:\/\/kapitalis.com\/tunisie\/2017\/10\/19\/championnat-du-monde-de-judo-junior-senoussi-pour-une-place-au-podium\/"},"author":{"name":"webmaster kapitalis","@id":"https:\/\/kapitalis.com\/tunisie\/#\/schema\/person\/d71f33a9ca44f7bad4698210b480c8e9"},"headline":"Championnat du monde de judo junior : Senoussi pour une place au podium","datePublished":"2017-10-19T08:56:54+00:00","mainEntityOfPage":{"@id":"https:\/\/kapitalis.com\/tunisie\/2017\/10\/19\/championnat-du-monde-de-judo-junior-senoussi-pour-une-place-au-podium\/"},"wordCount":249,"commentCount":0,"publisher":{"@id":"https:\/\/kapitalis.com\/tunisie\/#organization"},"image":{"@id":"https:\/\/kapitalis.com\/tunisie\/2017\/10\/19\/championnat-du-monde-de-judo-junior-senoussi-pour-une-place-au-podium\/#primaryimage"},"thumbnailUrl":"","articleSection":["SPORT","Tunisie"],"inLanguage":"fr-FR","potentialAction":[{"@type":"CommentAction","name":"Comment","target":["https:\/\/kapitalis.com\/tunisie\/2017\/10\/19\/championnat-du-monde-de-judo-junior-senoussi-pour-une-place-au-podium\/#respond"]}]},{"@type":"WebPage","@id":"https:\/\/kapitalis.com\/tunisie\/2017\/10\/19\/championnat-du-monde-de-judo-junior-senoussi-pour-une-place-au-podium\/","url":"https:\/\/kapitalis.com\/tunisie\/2017\/10\/19\/championnat-du-monde-de-judo-junior-senoussi-pour-une-place-au-podium\/","name":"Championnat du monde de judo junior : Senoussi pour une place au podium - Kapitalis","isPartOf":{"@id":"https:\/\/kapitalis.com\/tunisie\/#website"},"primaryImageOfPage":{"@id":"https:\/\/kapitalis.com\/tunisie\/2017\/10\/19\/championnat-du-monde-de-judo-junior-senoussi-pour-une-place-au-podium\/#primaryimage"},"image":{"@id":"https:\/\/kapitalis.com\/tunisie\/2017\/10\/19\/championnat-du-monde-de-judo-junior-senoussi-pour-une-place-au-podium\/#primaryimage"},"thumbnailUrl":"","datePublished":"2017-10-19T08:56:54+00:00","breadcrumb":{"@id":"https:\/\/kapitalis.com\/tunisie\/2017\/10\/19\/championnat-du-monde-de-judo-junior-senoussi-pour-une-place-au-podium\/#breadcrumb"},"inLanguage":"fr-FR","potentialAction":[{"@type":"ReadAction","target":["https:\/\/kapitalis.com\/tunisie\/2017\/10\/19\/championnat-du-monde-de-judo-junior-senoussi-pour-une-place-au-podium\/"]}]},{"@type":"ImageObject","inLanguage":"fr-FR","@id":"https:\/\/kapitalis.com\/tunisie\/2017\/10\/19\/championnat-du-monde-de-judo-junior-senoussi-pour-une-place-au-podium\/#primaryimage","url":"","contentUrl":""},{"@type":"BreadcrumbList","@id":"https:\/\/kapitalis.com\/tunisie\/2017\/10\/19\/championnat-du-monde-de-judo-junior-senoussi-pour-une-place-au-podium\/#breadcrumb","itemListElement":[{"@type":"ListItem","position":1,"name":"Accueil","item":"https:\/\/kapitalis.com\/tunisie\/"},{"@type":"ListItem","position":2,"name":"Championnat du monde de judo junior : Senoussi pour une place au podium"}]},{"@type":"WebSite","@id":"https:\/\/kapitalis.com\/tunisie\/#website","url":"https:\/\/kapitalis.com\/tunisie\/","name":"Kapitalis","description":"L&#039;actualit\u00e9 en Tunisie et dans le monde","publisher":{"@id":"https:\/\/kapitalis.com\/tunisie\/#organization"},"potentialAction":[{"@type":"SearchAction","target":{"@type":"EntryPoint","urlTemplate":"https:\/\/kapitalis.com\/tunisie\/?s={search_term_string}"},"query-input":{"@type":"PropertyValueSpecification","valueRequired":true,"valueName":"search_term_string"}}],"inLanguage":"fr-FR"},{"@type":"Organization","@id":"https:\/\/kapitalis.com\/tunisie\/#organization","name":"Kapitalis","url":"https:\/\/kapitalis.com\/tunisie\/","logo":{"@type":"ImageObject","inLanguage":"fr-FR","@id":"https:\/\/kapitalis.com\/tunisie\/#\/schema\/logo\/image\/","url":"https:\/\/kapitalis.com\/tunisie\/wp-content\/uploads\/2022\/05\/Kapitalis-big-size.png","contentUrl":"https:\/\/kapitalis.com\/tunisie\/wp-content\/uploads\/2022\/05\/Kapitalis-big-size.png","width":5000,"height":1500,"caption":"Kapitalis"},"image":{"@id":"https:\/\/kapitalis.com\/tunisie\/#\/schema\/logo\/image\/"},"sameAs":["https:\/\/www.facebook.com\/KapitalisInfo\/","https:\/\/x.com\/KapitalisInfo","https:\/\/www.youtube.com\/channel\/UC-yDYrHyfFBWWZaOw3FPg9Q"]},{"@type":"Person","@id":"https:\/\/kapitalis.com\/tunisie\/#\/schema\/person\/d71f33a9ca44f7bad4698210b480c8e9","name":"webmaster kapitalis","url":"https:\/\/kapitalis.com\/tunisie\/author\/webmaster-kapitalis\/"}]}},"_links":{"self":[{"href":"https:\/\/kapitalis.com\/tunisie\/wp-json\/wp\/v2\/posts\/119295","targetHints":{"allow":["GET"]}}],"collection":[{"href":"https:\/\/kapitalis.com\/tunisie\/wp-json\/wp\/v2\/posts"}],"about":[{"href":"https:\/\/kapitalis.com\/tunisie\/wp-json\/wp\/v2\/types\/post"}],"author":[{"embeddable":true,"href":"https:\/\/kapitalis.com\/tunisie\/wp-json\/wp\/v2\/users\/8"}],"replies":[{"embeddable":true,"href":"https:\/\/kapitalis.com\/tunisie\/wp-json\/wp\/v2\/comments?post=119295"}],"version-history":[{"count":0,"href":"https:\/\/kapitalis.com\/tunisie\/wp-json\/wp\/v2\/posts\/119295\/revisions"}],"wp:featuredmedia":[{"embeddable":true,"href":"https:\/\/kapitalis.com\/tunisie\/wp-json\/wp\/v2\/media\/119296"}],"wp:attachment":[{"href":"https:\/\/kapitalis.com\/tunisie\/wp-json\/wp\/v2\/media?parent=119295"}],"wp:term":[{"taxonomy":"category","embeddable":true,"href":"https:\/\/kapitalis.com\/tunisie\/wp-json\/wp\/v2\/categories?post=119295"},{"taxonomy":"post_tag","embeddable":true,"href":"https:\/\/kapitalis.com\/tunisie\/wp-json\/wp\/v2\/tags?post=119295"}],"curies":[{"name":"wp","href":"https:\/\/api.w.org\/{rel}","templated":true}]}}