{"id":119318,"date":"2017-10-19T11:26:31","date_gmt":"2017-10-19T10:26:31","guid":{"rendered":"http:\/\/kapitalis.com\/tunisie\/?p=119318"},"modified":"2017-10-19T11:26:31","modified_gmt":"2017-10-19T10:26:31","slug":"justice-machrou-porte-plainte-contre-adel-almi","status":"publish","type":"post","link":"https:\/\/kapitalis.com\/tunisie\/2017\/10\/19\/justice-machrou-porte-plainte-contre-adel-almi\/","title":{"rendered":"Justice : Machrou porte plainte contre Adel Almi"},"content":{"rendered":"<p style=\"text-align: center;\"><img loading=\"lazy\" decoding=\"async\" class=\"alignnone size-full wp-image-119326\" src=\"http:\/\/kapitalis.com\/tunisie\/wp-content\/uploads\/2017\/10\/Adel-Almi-_-Machrou-Tounes.jpg\" alt=\"\" width=\"626\" height=\"380\" \/><\/p>\n<p><em><strong>Le parti Machrou Tounes a d\u00e9cid\u00e9 de porter plainte contre l&rsquo;agitateur islamiste Adel Almi suite \u00e0 ses d\u00e9clarations sur l&rsquo;ancien pr\u00e9sident de la r\u00e9publique Habib Bourguiba.<\/strong><\/em><!--more--><\/p>\n<p>C&rsquo;est ce qu&rsquo;a indiqu\u00e9 un communiqu\u00e9 du parti publi\u00e9 dans la soir\u00e9e du mercredi 18 octobre 2017, en pr\u00e9cisant que le pr\u00e9dicateur avait fait des d\u00e9clarations irresponsables et immorales sur Habib Bourguiba (1903-2000), qualifiant l&rsquo;ancien pr\u00e9sident de la r\u00e9publique de m\u00e9cr\u00e9ant et de criminel.<\/p>\n<p>\u00ab<em>Des avocats, membres de ce parti, ont \u00e9t\u00e9 charg\u00e9s de constituer un dossier pour porter plainte, afin de d\u00e9fendre les principes de modernit\u00e9 et du progr\u00e8s<\/em>\u00bb, explique le communiqu\u00e9.<\/p>\n<p style=\"text-align: center;\"><img loading=\"lazy\" decoding=\"async\" class=\"alignnone size-full wp-image-119328\" src=\"http:\/\/kapitalis.com\/tunisie\/wp-content\/uploads\/2017\/10\/communiqu\u00e9-machrou-tounes.jpg\" alt=\"\" width=\"500\" height=\"300\" \/><\/p>\n<p>Ce n&rsquo;est pas la 1\u00e8re fois qu&rsquo;un parti ou une association d\u00e9nonce les propos sulfureux de\u00a0cet ancien marchand de l\u00e9gumes, membre du RCD, ancien parti au pouvoir sous le r\u00e9gime de Ben Ali, converti \u00e0 l&rsquo;islam politique apr\u00e8s l&rsquo;accession du parti islamiste Ennahdha au pouvoir, en 2012.<\/p>\n<p>C&rsquo;est le cas, notamment, de l\u2019Association tunisienne de soutien des minorit\u00e9s (ATSM), qui avait port\u00e9 port\u00e9, le 31 mai dernier, contre\u00a0Adel Almi, aujourd&rsquo;hui, pr\u00e9sident de Zitouna, un parti islamiste fantomatique, dont il est probablement l\u2019unique membre, pour avoir harcel\u00e9 les <em>\u00abfattaras\u00bb<\/em>, les musulmans qui ne je\u00fbnent pas pendant ramadan, faisant fi de l\u2019article 6 de la constitution de 2014 qui garantit la libert\u00e9 du culte.<\/p>\n<p style=\"text-align: right;\"><strong>E. B .A.<\/strong><\/p>\n<blockquote class=\"wp-embedded-content\" data-secret=\"IoMDz2FEKP\"><p><a href=\"https:\/\/kapitalis.com\/tunisie\/2017\/05\/31\/chasse-au-fattaras-latsm-porte-plainte-contre-adel-almi\/\">Chasse au \u00abfattaras\u00bb : L\u2019ATSM porte plainte contre Adel Almi<\/a><\/p><\/blockquote>\n<p><iframe loading=\"lazy\" class=\"wp-embedded-content\" sandbox=\"allow-scripts\" security=\"restricted\" style=\"position: absolute; clip: rect(1px, 1px, 1px, 1px);\" title=\"\u00ab\u00a0Chasse au \u00abfattaras\u00bb : L\u2019ATSM porte plainte contre Adel Almi\u00a0\u00bb &#8212; Kapitalis\" src=\"https:\/\/kapitalis.com\/tunisie\/2017\/05\/31\/chasse-au-fattaras-latsm-porte-plainte-contre-adel-almi\/embed\/#?secret=XeDtIVhfD1#?secret=IoMDz2FEKP\" data-secret=\"IoMDz2FEKP\" width=\"600\" height=\"338\" frameborder=\"0\" marginwidth=\"0\" marginheight=\"0\" scrolling=\"no\"><\/iframe><\/p>\n","protected":false},"excerpt":{"rendered":"<p>Le parti Machrou Tounes a d\u00e9cid\u00e9 de porter plainte contre l&rsquo;agitateur islamiste Adel Almi suite \u00e0 ses d\u00e9clarations sur l&rsquo;ancien pr\u00e9sident de la r\u00e9publique Habib Bourguiba.<\/p>\n","protected":false},"author":16,"featured_media":119326,"comment_status":"open","ping_status":"open","sticky":false,"template":"","format":"standard","meta":{"footnotes":""},"categories":[997,2433],"tags":[16851,6698,2358,16728,979],"class_list":["post-119318","post","type-post","status-publish","format-standard","has-post-thumbnail","hentry","category-politique","category-tunisie","tag-adel-almi","tag-association-tunisienne-de-soutien-des-minorites","tag-habib-bourguiba","tag-machrou-tounes","tag-zitouna"],"yoast_head":"<!-- This site is optimized with the Yoast SEO plugin v26.6 - https:\/\/yoast.com\/wordpress\/plugins\/seo\/ -->\n<title>Justice : Machrou porte plainte contre Adel Almi - Kapitalis<\/title>\n<meta name=\"robots\" content=\"index, follow, max-snippet:-1, max-image-preview:large, max-video-preview:-1\" \/>\n<link rel=\"canonical\" href=\"https:\/\/kapitalis.com\/tunisie\/2017\/10\/19\/justice-machrou-porte-plainte-contre-adel-almi\/\" \/>\n<meta property=\"og:locale\" content=\"fr_FR\" \/>\n<meta property=\"og:type\" content=\"article\" \/>\n<meta property=\"og:title\" content=\"Justice : Machrou porte plainte contre Adel Almi - Kapitalis\" \/>\n<meta property=\"og:description\" content=\"Le parti Machrou Tounes a d\u00e9cid\u00e9 de porter plainte contre l&rsquo;agitateur islamiste Adel Almi suite \u00e0 ses d\u00e9clarations sur l&rsquo;ancien pr\u00e9sident de la r\u00e9publique Habib Bourguiba.\" \/>\n<meta property=\"og:url\" content=\"https:\/\/kapitalis.com\/tunisie\/2017\/10\/19\/justice-machrou-porte-plainte-contre-adel-almi\/\" \/>\n<meta property=\"og:site_name\" content=\"Kapitalis\" \/>\n<meta property=\"article:publisher\" content=\"https:\/\/www.facebook.com\/KapitalisInfo\/\" \/>\n<meta property=\"article:published_time\" content=\"2017-10-19T10:26:31+00:00\" \/>\n<meta property=\"og:image\" content=\"https:\/\/kapitalis.com\/tunisie\/wp-content\/uploads\/2022\/05\/kapitalis-logo-fb.png\" \/>\n\t<meta property=\"og:image:width\" content=\"1200\" \/>\n\t<meta property=\"og:image:height\" content=\"630\" \/>\n\t<meta property=\"og:image:type\" content=\"image\/png\" \/>\n<meta name=\"author\" content=\"emna benabdallah\" \/>\n<meta name=\"twitter:card\" content=\"summary_large_image\" \/>\n<meta name=\"twitter:creator\" content=\"@KapitalisInfo\" \/>\n<meta name=\"twitter:site\" content=\"@KapitalisInfo\" \/>\n<meta name=\"twitter:label1\" content=\"\u00c9crit par\" \/>\n\t<meta name=\"twitter:data1\" content=\"emna benabdallah\" \/>\n\t<meta name=\"twitter:label2\" content=\"Dur\u00e9e de lecture estim\u00e9e\" \/>\n\t<meta name=\"twitter:data2\" content=\"1 minute\" \/>\n<script type=\"application\/ld+json\" class=\"yoast-schema-graph\">{\"@context\":\"https:\/\/schema.org\",\"@graph\":[{\"@type\":\"Article\",\"@id\":\"https:\/\/kapitalis.com\/tunisie\/2017\/10\/19\/justice-machrou-porte-plainte-contre-adel-almi\/#article\",\"isPartOf\":{\"@id\":\"https:\/\/kapitalis.com\/tunisie\/2017\/10\/19\/justice-machrou-porte-plainte-contre-adel-almi\/\"},\"author\":{\"name\":\"emna benabdallah\",\"@id\":\"https:\/\/kapitalis.com\/tunisie\/#\/schema\/person\/2c6e134b2f3369dffcd1daf5f087d28b\"},\"headline\":\"Justice : Machrou porte plainte contre Adel Almi\",\"datePublished\":\"2017-10-19T10:26:31+00:00\",\"mainEntityOfPage\":{\"@id\":\"https:\/\/kapitalis.com\/tunisie\/2017\/10\/19\/justice-machrou-porte-plainte-contre-adel-almi\/\"},\"wordCount\":245,\"commentCount\":0,\"publisher\":{\"@id\":\"https:\/\/kapitalis.com\/tunisie\/#organization\"},\"image\":{\"@id\":\"https:\/\/kapitalis.com\/tunisie\/2017\/10\/19\/justice-machrou-porte-plainte-contre-adel-almi\/#primaryimage\"},\"thumbnailUrl\":\"\",\"keywords\":[\"Adel Almi\",\"Association tunisienne de soutien des minorit\u00e9s\",\"Habib Bourguiba\",\"Machrou Tounes\",\"Zitouna\"],\"articleSection\":[\"POLITIQUE\",\"Tunisie\"],\"inLanguage\":\"fr-FR\",\"potentialAction\":[{\"@type\":\"CommentAction\",\"name\":\"Comment\",\"target\":[\"https:\/\/kapitalis.com\/tunisie\/2017\/10\/19\/justice-machrou-porte-plainte-contre-adel-almi\/#respond\"]}]},{\"@type\":\"WebPage\",\"@id\":\"https:\/\/kapitalis.com\/tunisie\/2017\/10\/19\/justice-machrou-porte-plainte-contre-adel-almi\/\",\"url\":\"https:\/\/kapitalis.com\/tunisie\/2017\/10\/19\/justice-machrou-porte-plainte-contre-adel-almi\/\",\"name\":\"Justice : Machrou porte plainte contre Adel Almi - Kapitalis\",\"isPartOf\":{\"@id\":\"https:\/\/kapitalis.com\/tunisie\/#website\"},\"primaryImageOfPage\":{\"@id\":\"https:\/\/kapitalis.com\/tunisie\/2017\/10\/19\/justice-machrou-porte-plainte-contre-adel-almi\/#primaryimage\"},\"image\":{\"@id\":\"https:\/\/kapitalis.com\/tunisie\/2017\/10\/19\/justice-machrou-porte-plainte-contre-adel-almi\/#primaryimage\"},\"thumbnailUrl\":\"\",\"datePublished\":\"2017-10-19T10:26:31+00:00\",\"breadcrumb\":{\"@id\":\"https:\/\/kapitalis.com\/tunisie\/2017\/10\/19\/justice-machrou-porte-plainte-contre-adel-almi\/#breadcrumb\"},\"inLanguage\":\"fr-FR\",\"potentialAction\":[{\"@type\":\"ReadAction\",\"target\":[\"https:\/\/kapitalis.com\/tunisie\/2017\/10\/19\/justice-machrou-porte-plainte-contre-adel-almi\/\"]}]},{\"@type\":\"ImageObject\",\"inLanguage\":\"fr-FR\",\"@id\":\"https:\/\/kapitalis.com\/tunisie\/2017\/10\/19\/justice-machrou-porte-plainte-contre-adel-almi\/#primaryimage\",\"url\":\"\",\"contentUrl\":\"\"},{\"@type\":\"BreadcrumbList\",\"@id\":\"https:\/\/kapitalis.com\/tunisie\/2017\/10\/19\/justice-machrou-porte-plainte-contre-adel-almi\/#breadcrumb\",\"itemListElement\":[{\"@type\":\"ListItem\",\"position\":1,\"name\":\"Accueil\",\"item\":\"https:\/\/kapitalis.com\/tunisie\/\"},{\"@type\":\"ListItem\",\"position\":2,\"name\":\"Justice : Machrou porte plainte contre Adel Almi\"}]},{\"@type\":\"WebSite\",\"@id\":\"https:\/\/kapitalis.com\/tunisie\/#website\",\"url\":\"https:\/\/kapitalis.com\/tunisie\/\",\"name\":\"Kapitalis\",\"description\":\"L&#039;actualit\u00e9 en Tunisie et dans le monde\",\"publisher\":{\"@id\":\"https:\/\/kapitalis.com\/tunisie\/#organization\"},\"potentialAction\":[{\"@type\":\"SearchAction\",\"target\":{\"@type\":\"EntryPoint\",\"urlTemplate\":\"https:\/\/kapitalis.com\/tunisie\/?s={search_term_string}\"},\"query-input\":{\"@type\":\"PropertyValueSpecification\",\"valueRequired\":true,\"valueName\":\"search_term_string\"}}],\"inLanguage\":\"fr-FR\"},{\"@type\":\"Organization\",\"@id\":\"https:\/\/kapitalis.com\/tunisie\/#organization\",\"name\":\"Kapitalis\",\"url\":\"https:\/\/kapitalis.com\/tunisie\/\",\"logo\":{\"@type\":\"ImageObject\",\"inLanguage\":\"fr-FR\",\"@id\":\"https:\/\/kapitalis.com\/tunisie\/#\/schema\/logo\/image\/\",\"url\":\"https:\/\/kapitalis.com\/tunisie\/wp-content\/uploads\/2022\/05\/Kapitalis-big-size.png\",\"contentUrl\":\"https:\/\/kapitalis.com\/tunisie\/wp-content\/uploads\/2022\/05\/Kapitalis-big-size.png\",\"width\":5000,\"height\":1500,\"caption\":\"Kapitalis\"},\"image\":{\"@id\":\"https:\/\/kapitalis.com\/tunisie\/#\/schema\/logo\/image\/\"},\"sameAs\":[\"https:\/\/www.facebook.com\/KapitalisInfo\/\",\"https:\/\/x.com\/KapitalisInfo\",\"https:\/\/www.youtube.com\/channel\/UC-yDYrHyfFBWWZaOw3FPg9Q\"]},{\"@type\":\"Person\",\"@id\":\"https:\/\/kapitalis.com\/tunisie\/#\/schema\/person\/2c6e134b2f3369dffcd1daf5f087d28b\",\"name\":\"emna benabdallah\",\"url\":\"https:\/\/kapitalis.com\/tunisie\/author\/emna\/\"}]}<\/script>\n<!-- \/ Yoast SEO plugin. -->","yoast_head_json":{"title":"Justice : Machrou porte plainte contre Adel Almi - Kapitalis","robots":{"index":"index","follow":"follow","max-snippet":"max-snippet:-1","max-image-preview":"max-image-preview:large","max-video-preview":"max-video-preview:-1"},"canonical":"https:\/\/kapitalis.com\/tunisie\/2017\/10\/19\/justice-machrou-porte-plainte-contre-adel-almi\/","og_locale":"fr_FR","og_type":"article","og_title":"Justice : Machrou porte plainte contre Adel Almi - Kapitalis","og_description":"Le parti Machrou Tounes a d\u00e9cid\u00e9 de porter plainte contre l&rsquo;agitateur islamiste Adel Almi suite \u00e0 ses d\u00e9clarations sur l&rsquo;ancien pr\u00e9sident de la r\u00e9publique Habib Bourguiba.","og_url":"https:\/\/kapitalis.com\/tunisie\/2017\/10\/19\/justice-machrou-porte-plainte-contre-adel-almi\/","og_site_name":"Kapitalis","article_publisher":"https:\/\/www.facebook.com\/KapitalisInfo\/","article_published_time":"2017-10-19T10:26:31+00:00","og_image":[{"width":1200,"height":630,"url":"https:\/\/kapitalis.com\/tunisie\/wp-content\/uploads\/2022\/05\/kapitalis-logo-fb.png","type":"image\/png"}],"author":"emna benabdallah","twitter_card":"summary_large_image","twitter_creator":"@KapitalisInfo","twitter_site":"@KapitalisInfo","twitter_misc":{"\u00c9crit par":"emna benabdallah","Dur\u00e9e de lecture estim\u00e9e":"1 minute"},"schema":{"@context":"https:\/\/schema.org","@graph":[{"@type":"Article","@id":"https:\/\/kapitalis.com\/tunisie\/2017\/10\/19\/justice-machrou-porte-plainte-contre-adel-almi\/#article","isPartOf":{"@id":"https:\/\/kapitalis.com\/tunisie\/2017\/10\/19\/justice-machrou-porte-plainte-contre-adel-almi\/"},"author":{"name":"emna benabdallah","@id":"https:\/\/kapitalis.com\/tunisie\/#\/schema\/person\/2c6e134b2f3369dffcd1daf5f087d28b"},"headline":"Justice : Machrou porte plainte contre Adel Almi","datePublished":"2017-10-19T10:26:31+00:00","mainEntityOfPage":{"@id":"https:\/\/kapitalis.com\/tunisie\/2017\/10\/19\/justice-machrou-porte-plainte-contre-adel-almi\/"},"wordCount":245,"commentCount":0,"publisher":{"@id":"https:\/\/kapitalis.com\/tunisie\/#organization"},"image":{"@id":"https:\/\/kapitalis.com\/tunisie\/2017\/10\/19\/justice-machrou-porte-plainte-contre-adel-almi\/#primaryimage"},"thumbnailUrl":"","keywords":["Adel Almi","Association tunisienne de soutien des minorit\u00e9s","Habib Bourguiba","Machrou Tounes","Zitouna"],"articleSection":["POLITIQUE","Tunisie"],"inLanguage":"fr-FR","potentialAction":[{"@type":"CommentAction","name":"Comment","target":["https:\/\/kapitalis.com\/tunisie\/2017\/10\/19\/justice-machrou-porte-plainte-contre-adel-almi\/#respond"]}]},{"@type":"WebPage","@id":"https:\/\/kapitalis.com\/tunisie\/2017\/10\/19\/justice-machrou-porte-plainte-contre-adel-almi\/","url":"https:\/\/kapitalis.com\/tunisie\/2017\/10\/19\/justice-machrou-porte-plainte-contre-adel-almi\/","name":"Justice : Machrou porte plainte contre Adel Almi - Kapitalis","isPartOf":{"@id":"https:\/\/kapitalis.com\/tunisie\/#website"},"primaryImageOfPage":{"@id":"https:\/\/kapitalis.com\/tunisie\/2017\/10\/19\/justice-machrou-porte-plainte-contre-adel-almi\/#primaryimage"},"image":{"@id":"https:\/\/kapitalis.com\/tunisie\/2017\/10\/19\/justice-machrou-porte-plainte-contre-adel-almi\/#primaryimage"},"thumbnailUrl":"","datePublished":"2017-10-19T10:26:31+00:00","breadcrumb":{"@id":"https:\/\/kapitalis.com\/tunisie\/2017\/10\/19\/justice-machrou-porte-plainte-contre-adel-almi\/#breadcrumb"},"inLanguage":"fr-FR","potentialAction":[{"@type":"ReadAction","target":["https:\/\/kapitalis.com\/tunisie\/2017\/10\/19\/justice-machrou-porte-plainte-contre-adel-almi\/"]}]},{"@type":"ImageObject","inLanguage":"fr-FR","@id":"https:\/\/kapitalis.com\/tunisie\/2017\/10\/19\/justice-machrou-porte-plainte-contre-adel-almi\/#primaryimage","url":"","contentUrl":""},{"@type":"BreadcrumbList","@id":"https:\/\/kapitalis.com\/tunisie\/2017\/10\/19\/justice-machrou-porte-plainte-contre-adel-almi\/#breadcrumb","itemListElement":[{"@type":"ListItem","position":1,"name":"Accueil","item":"https:\/\/kapitalis.com\/tunisie\/"},{"@type":"ListItem","position":2,"name":"Justice : Machrou porte plainte contre Adel Almi"}]},{"@type":"WebSite","@id":"https:\/\/kapitalis.com\/tunisie\/#website","url":"https:\/\/kapitalis.com\/tunisie\/","name":"Kapitalis","description":"L&#039;actualit\u00e9 en Tunisie et dans le monde","publisher":{"@id":"https:\/\/kapitalis.com\/tunisie\/#organization"},"potentialAction":[{"@type":"SearchAction","target":{"@type":"EntryPoint","urlTemplate":"https:\/\/kapitalis.com\/tunisie\/?s={search_term_string}"},"query-input":{"@type":"PropertyValueSpecification","valueRequired":true,"valueName":"search_term_string"}}],"inLanguage":"fr-FR"},{"@type":"Organization","@id":"https:\/\/kapitalis.com\/tunisie\/#organization","name":"Kapitalis","url":"https:\/\/kapitalis.com\/tunisie\/","logo":{"@type":"ImageObject","inLanguage":"fr-FR","@id":"https:\/\/kapitalis.com\/tunisie\/#\/schema\/logo\/image\/","url":"https:\/\/kapitalis.com\/tunisie\/wp-content\/uploads\/2022\/05\/Kapitalis-big-size.png","contentUrl":"https:\/\/kapitalis.com\/tunisie\/wp-content\/uploads\/2022\/05\/Kapitalis-big-size.png","width":5000,"height":1500,"caption":"Kapitalis"},"image":{"@id":"https:\/\/kapitalis.com\/tunisie\/#\/schema\/logo\/image\/"},"sameAs":["https:\/\/www.facebook.com\/KapitalisInfo\/","https:\/\/x.com\/KapitalisInfo","https:\/\/www.youtube.com\/channel\/UC-yDYrHyfFBWWZaOw3FPg9Q"]},{"@type":"Person","@id":"https:\/\/kapitalis.com\/tunisie\/#\/schema\/person\/2c6e134b2f3369dffcd1daf5f087d28b","name":"emna benabdallah","url":"https:\/\/kapitalis.com\/tunisie\/author\/emna\/"}]}},"_links":{"self":[{"href":"https:\/\/kapitalis.com\/tunisie\/wp-json\/wp\/v2\/posts\/119318","targetHints":{"allow":["GET"]}}],"collection":[{"href":"https:\/\/kapitalis.com\/tunisie\/wp-json\/wp\/v2\/posts"}],"about":[{"href":"https:\/\/kapitalis.com\/tunisie\/wp-json\/wp\/v2\/types\/post"}],"author":[{"embeddable":true,"href":"https:\/\/kapitalis.com\/tunisie\/wp-json\/wp\/v2\/users\/16"}],"replies":[{"embeddable":true,"href":"https:\/\/kapitalis.com\/tunisie\/wp-json\/wp\/v2\/comments?post=119318"}],"version-history":[{"count":0,"href":"https:\/\/kapitalis.com\/tunisie\/wp-json\/wp\/v2\/posts\/119318\/revisions"}],"wp:featuredmedia":[{"embeddable":true,"href":"https:\/\/kapitalis.com\/tunisie\/wp-json\/wp\/v2\/media\/119326"}],"wp:attachment":[{"href":"https:\/\/kapitalis.com\/tunisie\/wp-json\/wp\/v2\/media?parent=119318"}],"wp:term":[{"taxonomy":"category","embeddable":true,"href":"https:\/\/kapitalis.com\/tunisie\/wp-json\/wp\/v2\/categories?post=119318"},{"taxonomy":"post_tag","embeddable":true,"href":"https:\/\/kapitalis.com\/tunisie\/wp-json\/wp\/v2\/tags?post=119318"}],"curies":[{"name":"wp","href":"https:\/\/api.w.org\/{rel}","templated":true}]}}