{"id":11976099,"date":"2024-03-07T06:59:43","date_gmt":"2024-03-07T05:59:43","guid":{"rendered":"https:\/\/kapitalis.com\/tunisie\/?p=11976099"},"modified":"2024-03-07T06:59:44","modified_gmt":"2024-03-07T05:59:44","slug":"ouverture-a-borj-cedria-dun-centre-de-formation-en-technologie-de-fibre-optique","status":"publish","type":"post","link":"https:\/\/kapitalis.com\/tunisie\/2024\/03\/07\/ouverture-a-borj-cedria-dun-centre-de-formation-en-technologie-de-fibre-optique\/","title":{"rendered":"Ouverture \u00e0 Borj Cedria d\u2019un centre de formation en technologie de fibre optique"},"content":{"rendered":"\n<p><strong><em>La chambre nationale des int\u00e9grateurs des r\u00e9seaux t\u00e9l\u00e9coms (Cnirt-Utica)\u00a0a inaugur\u00e9, mercredi 6 mars 2024, au centre sectoriel de formation en\u00a0 m\u00e9catronique de Borj Cedria le premier laboratoire de formation sur le d\u00e9ploiement et la maintenance des r\u00e9seaux de t\u00e9l\u00e9communications en fibre optique.<\/em><\/strong><\/p>\n\n\n\n<!--more-->\n\n\n\n<p>Ce laboratoire a \u00e9t\u00e9 r\u00e9alis\u00e9 dans le cadre de la coop\u00e9ration entre le secteur priv\u00e9 et le secteur \u00e9tatique&nbsp; dans le domaine des t\u00e9l\u00e9communications, en coop\u00e9ration&nbsp; avec l\u2019Agence tunisienne de la formation professionnelle (ATFP) et financ\u00e9 par la coop\u00e9ration Suisse dans le cadre du programme Takween mis en \u0153uvre par l\u2019organisme Swisscontact, sous l&rsquo;\u00e9gide du minist\u00e8re de l&rsquo;Emploi et de la Formation professionnelle (MEFP) et le Centre national de formation de formateurs et d\u2019ing\u00e9nierie de formation (Cenaffiff).<\/p>\n\n\n\n<p>La c\u00e9r\u00e9monie s\u2019est tenue en pr\u00e9sence de Riadh Chaoued, secr\u00e9taire d\u2019Etat charg\u00e9 des soci\u00e9t\u00e9s communautaires, le gouverneur de Ben Arous, le directeur de la coop\u00e9ration aupr\u00e8s de l\u2019ambassade de Suisse en Tunisie, le directeur g\u00e9n\u00e9ral de l\u2019ATFP, le pr\u00e9sident de la Cnirt Halila Taoufik, des repr\u00e9sentants&nbsp; du minist\u00e8re des Technologies de la communication, de l\u2019op\u00e9rateur Tunisie T\u00e9l\u00e9com et d\u2019autres personnalit\u00e9s du secteur.<\/p>\n\n\n\n<p>Ce laboratoire s\u2019ajoute \u00e0 un autre similaire qui a \u00e9t\u00e9 install\u00e9 dans le centre sectoriel de formation en t\u00e9l\u00e9communication \u00e0 la cit\u00e9 El-Khadra et ce suivant le m\u00eame sch\u00e9ma de coop\u00e9ration et de financement. Il va permettre aux techniciens tunisiens dipl\u00f4m\u00e9s et qui sont en phase de recherche d\u2019un premier emploi de b\u00e9n\u00e9ficier d\u2019une formation compl\u00e9mentaire&nbsp; co-certifi\u00e9e par la Cnirt et l\u2019ATFP sur la technologie de d\u00e9ploiement et&nbsp;de la maintenance des r\u00e9seaux fibre optique et ce pour r\u00e9pondre aux besoins de telles comp\u00e9tences pour l\u2019implantation d\u2019un r\u00e9seau de fibre optique de tr\u00e8s haut d\u00e9bit dans le pays, qui soit fiable et s\u00e9curis\u00e9, r\u00e9pondant&nbsp; aux normes internationales et aux besoins des investisseurs locaux et \u00e9trangers<\/p>\n\n\n\n<p>La capacit\u00e9 de formation des deux centres est de 100 techniciens co-certifi\u00e9s par an ce qui r\u00e9pond au besoin du programme national de d\u00e9ploiement de la fibre optique dont la Cnirt esp\u00e8re voir achev\u00e9 d\u2019ici 2040. A cette date, il est pr\u00e9vu que tout le r\u00e9seau des t\u00e9l\u00e9communications de la Tunisie serait en fibre, or, actuellement, seuls 5% du r\u00e9seau data fixe d\u00e9ploy\u00e9 dans le pays (soit \u00e0 peu pr\u00e8s 70 000 connexions) sont r\u00e9alis\u00e9s sur fibre optique et le reste est encore sur cuivre ou d\u2019autres technologies alternatives).<\/p>\n\n\n\n<p>Pour r\u00e9aliser cet objectif, la Cnirt appelle la constitution d\u2019un comit\u00e9 national pour l\u2019ex\u00e9cution de ce projet sous l\u2019\u00e9gide du minist\u00e8re des Technologies de la communication, avec les autres d\u00e9partements concern\u00e9s et en coop\u00e9ration avec le secteur priv\u00e9 repr\u00e9sentatif.<\/p>\n\n\n\n<p class=\"has-text-align-right\"><em>Pr\u00e9sident de la Cnirt<\/em><\/p>\n\n\n\n<p class=\"has-text-align-right\"><strong>Halila Taoufik<\/strong><\/p>\n","protected":false},"excerpt":{"rendered":"<p>Inauguration du premier laboratoire de formation sur le d\u00e9ploiement et la maintenance des r\u00e9seaux de t\u00e9l\u00e9communications en fibre optique.<\/p>\n","protected":false},"author":8,"featured_media":11683911,"comment_status":"open","ping_status":"open","sticky":false,"template":"","format":"standard","meta":{"footnotes":""},"categories":[995,2433],"tags":[4343,80436,381,5094,114333,92214,62643,930,940],"class_list":["post-11976099","post","type-post","status-publish","format-standard","has-post-thumbnail","hentry","category-economie","category-tunisie","tag-borj-cedria","tag-cnirt","tag-fibre-optique","tag-formation-professionnelle","tag-riadh-chaoued","tag-swisscontact","tag-tunisie","tag-tunisie-telecom","tag-utica"],"yoast_head":"<!-- This site is optimized with the Yoast SEO plugin v26.6 - https:\/\/yoast.com\/wordpress\/plugins\/seo\/ -->\n<title>Ouverture \u00e0 Borj Cedria d\u2019un centre de formation en technologie de fibre optique - Kapitalis<\/title>\n<meta name=\"robots\" content=\"index, follow, max-snippet:-1, max-image-preview:large, max-video-preview:-1\" \/>\n<link rel=\"canonical\" href=\"https:\/\/kapitalis.com\/tunisie\/2024\/03\/07\/ouverture-a-borj-cedria-dun-centre-de-formation-en-technologie-de-fibre-optique\/\" \/>\n<meta property=\"og:locale\" content=\"fr_FR\" \/>\n<meta property=\"og:type\" content=\"article\" \/>\n<meta property=\"og:title\" content=\"Ouverture \u00e0 Borj Cedria d\u2019un centre de formation en technologie de fibre optique - Kapitalis\" \/>\n<meta property=\"og:description\" content=\"Inauguration du premier laboratoire de formation sur le d\u00e9ploiement et la maintenance des r\u00e9seaux de t\u00e9l\u00e9communications en fibre optique.\" \/>\n<meta property=\"og:url\" content=\"https:\/\/kapitalis.com\/tunisie\/2024\/03\/07\/ouverture-a-borj-cedria-dun-centre-de-formation-en-technologie-de-fibre-optique\/\" \/>\n<meta property=\"og:site_name\" content=\"Kapitalis\" \/>\n<meta property=\"article:publisher\" content=\"https:\/\/www.facebook.com\/KapitalisInfo\/\" \/>\n<meta property=\"article:published_time\" content=\"2024-03-07T05:59:43+00:00\" \/>\n<meta property=\"article:modified_time\" content=\"2024-03-07T05:59:44+00:00\" \/>\n<meta property=\"og:image\" content=\"https:\/\/kapitalis.com\/tunisie\/wp-content\/uploads\/2024\/02\/Cnirt-Swisscontact.jpg\" \/>\n\t<meta property=\"og:image:width\" content=\"1200\" \/>\n\t<meta property=\"og:image:height\" content=\"630\" \/>\n\t<meta property=\"og:image:type\" content=\"image\/jpeg\" \/>\n<meta name=\"author\" content=\"webmaster kapitalis\" \/>\n<meta name=\"twitter:card\" content=\"summary_large_image\" \/>\n<meta name=\"twitter:creator\" content=\"@KapitalisInfo\" \/>\n<meta name=\"twitter:site\" content=\"@KapitalisInfo\" \/>\n<meta name=\"twitter:label1\" content=\"\u00c9crit par\" \/>\n\t<meta name=\"twitter:data1\" content=\"webmaster kapitalis\" \/>\n\t<meta name=\"twitter:label2\" content=\"Dur\u00e9e de lecture estim\u00e9e\" \/>\n\t<meta name=\"twitter:data2\" content=\"3 minutes\" \/>\n<script type=\"application\/ld+json\" class=\"yoast-schema-graph\">{\"@context\":\"https:\/\/schema.org\",\"@graph\":[{\"@type\":\"Article\",\"@id\":\"https:\/\/kapitalis.com\/tunisie\/2024\/03\/07\/ouverture-a-borj-cedria-dun-centre-de-formation-en-technologie-de-fibre-optique\/#article\",\"isPartOf\":{\"@id\":\"https:\/\/kapitalis.com\/tunisie\/2024\/03\/07\/ouverture-a-borj-cedria-dun-centre-de-formation-en-technologie-de-fibre-optique\/\"},\"author\":{\"name\":\"webmaster kapitalis\",\"@id\":\"https:\/\/kapitalis.com\/tunisie\/#\/schema\/person\/d71f33a9ca44f7bad4698210b480c8e9\"},\"headline\":\"Ouverture \u00e0 Borj Cedria d\u2019un centre de formation en technologie de fibre optique\",\"datePublished\":\"2024-03-07T05:59:43+00:00\",\"dateModified\":\"2024-03-07T05:59:44+00:00\",\"mainEntityOfPage\":{\"@id\":\"https:\/\/kapitalis.com\/tunisie\/2024\/03\/07\/ouverture-a-borj-cedria-dun-centre-de-formation-en-technologie-de-fibre-optique\/\"},\"wordCount\":536,\"commentCount\":0,\"publisher\":{\"@id\":\"https:\/\/kapitalis.com\/tunisie\/#organization\"},\"image\":{\"@id\":\"https:\/\/kapitalis.com\/tunisie\/2024\/03\/07\/ouverture-a-borj-cedria-dun-centre-de-formation-en-technologie-de-fibre-optique\/#primaryimage\"},\"thumbnailUrl\":\"https:\/\/kapitalis.com\/tunisie\/wp-content\/uploads\/2024\/02\/Cnirt-Swisscontact.jpg\",\"keywords\":[\"Borj Cedria\",\"CNIRT\",\"fibre optique\",\"formation professionnelle\",\"Riadh Chaoued\",\"Swisscontact\",\"Tunisie\",\"Tunisie Telecom\",\"Utica\"],\"articleSection\":[\"ECONOMIE\",\"Tunisie\"],\"inLanguage\":\"fr-FR\",\"potentialAction\":[{\"@type\":\"CommentAction\",\"name\":\"Comment\",\"target\":[\"https:\/\/kapitalis.com\/tunisie\/2024\/03\/07\/ouverture-a-borj-cedria-dun-centre-de-formation-en-technologie-de-fibre-optique\/#respond\"]}]},{\"@type\":\"WebPage\",\"@id\":\"https:\/\/kapitalis.com\/tunisie\/2024\/03\/07\/ouverture-a-borj-cedria-dun-centre-de-formation-en-technologie-de-fibre-optique\/\",\"url\":\"https:\/\/kapitalis.com\/tunisie\/2024\/03\/07\/ouverture-a-borj-cedria-dun-centre-de-formation-en-technologie-de-fibre-optique\/\",\"name\":\"Ouverture \u00e0 Borj Cedria d\u2019un centre de formation en technologie de fibre optique - Kapitalis\",\"isPartOf\":{\"@id\":\"https:\/\/kapitalis.com\/tunisie\/#website\"},\"primaryImageOfPage\":{\"@id\":\"https:\/\/kapitalis.com\/tunisie\/2024\/03\/07\/ouverture-a-borj-cedria-dun-centre-de-formation-en-technologie-de-fibre-optique\/#primaryimage\"},\"image\":{\"@id\":\"https:\/\/kapitalis.com\/tunisie\/2024\/03\/07\/ouverture-a-borj-cedria-dun-centre-de-formation-en-technologie-de-fibre-optique\/#primaryimage\"},\"thumbnailUrl\":\"https:\/\/kapitalis.com\/tunisie\/wp-content\/uploads\/2024\/02\/Cnirt-Swisscontact.jpg\",\"datePublished\":\"2024-03-07T05:59:43+00:00\",\"dateModified\":\"2024-03-07T05:59:44+00:00\",\"breadcrumb\":{\"@id\":\"https:\/\/kapitalis.com\/tunisie\/2024\/03\/07\/ouverture-a-borj-cedria-dun-centre-de-formation-en-technologie-de-fibre-optique\/#breadcrumb\"},\"inLanguage\":\"fr-FR\",\"potentialAction\":[{\"@type\":\"ReadAction\",\"target\":[\"https:\/\/kapitalis.com\/tunisie\/2024\/03\/07\/ouverture-a-borj-cedria-dun-centre-de-formation-en-technologie-de-fibre-optique\/\"]}]},{\"@type\":\"ImageObject\",\"inLanguage\":\"fr-FR\",\"@id\":\"https:\/\/kapitalis.com\/tunisie\/2024\/03\/07\/ouverture-a-borj-cedria-dun-centre-de-formation-en-technologie-de-fibre-optique\/#primaryimage\",\"url\":\"https:\/\/kapitalis.com\/tunisie\/wp-content\/uploads\/2024\/02\/Cnirt-Swisscontact.jpg\",\"contentUrl\":\"https:\/\/kapitalis.com\/tunisie\/wp-content\/uploads\/2024\/02\/Cnirt-Swisscontact.jpg\",\"width\":1200,\"height\":630},{\"@type\":\"BreadcrumbList\",\"@id\":\"https:\/\/kapitalis.com\/tunisie\/2024\/03\/07\/ouverture-a-borj-cedria-dun-centre-de-formation-en-technologie-de-fibre-optique\/#breadcrumb\",\"itemListElement\":[{\"@type\":\"ListItem\",\"position\":1,\"name\":\"Accueil\",\"item\":\"https:\/\/kapitalis.com\/tunisie\/\"},{\"@type\":\"ListItem\",\"position\":2,\"name\":\"Ouverture \u00e0 Borj Cedria d\u2019un centre de formation en technologie de fibre optique\"}]},{\"@type\":\"WebSite\",\"@id\":\"https:\/\/kapitalis.com\/tunisie\/#website\",\"url\":\"https:\/\/kapitalis.com\/tunisie\/\",\"name\":\"Kapitalis\",\"description\":\"L&#039;actualit\u00e9 en Tunisie et dans le monde\",\"publisher\":{\"@id\":\"https:\/\/kapitalis.com\/tunisie\/#organization\"},\"potentialAction\":[{\"@type\":\"SearchAction\",\"target\":{\"@type\":\"EntryPoint\",\"urlTemplate\":\"https:\/\/kapitalis.com\/tunisie\/?s={search_term_string}\"},\"query-input\":{\"@type\":\"PropertyValueSpecification\",\"valueRequired\":true,\"valueName\":\"search_term_string\"}}],\"inLanguage\":\"fr-FR\"},{\"@type\":\"Organization\",\"@id\":\"https:\/\/kapitalis.com\/tunisie\/#organization\",\"name\":\"Kapitalis\",\"url\":\"https:\/\/kapitalis.com\/tunisie\/\",\"logo\":{\"@type\":\"ImageObject\",\"inLanguage\":\"fr-FR\",\"@id\":\"https:\/\/kapitalis.com\/tunisie\/#\/schema\/logo\/image\/\",\"url\":\"https:\/\/kapitalis.com\/tunisie\/wp-content\/uploads\/2022\/05\/Kapitalis-big-size.png\",\"contentUrl\":\"https:\/\/kapitalis.com\/tunisie\/wp-content\/uploads\/2022\/05\/Kapitalis-big-size.png\",\"width\":5000,\"height\":1500,\"caption\":\"Kapitalis\"},\"image\":{\"@id\":\"https:\/\/kapitalis.com\/tunisie\/#\/schema\/logo\/image\/\"},\"sameAs\":[\"https:\/\/www.facebook.com\/KapitalisInfo\/\",\"https:\/\/x.com\/KapitalisInfo\",\"https:\/\/www.youtube.com\/channel\/UC-yDYrHyfFBWWZaOw3FPg9Q\"]},{\"@type\":\"Person\",\"@id\":\"https:\/\/kapitalis.com\/tunisie\/#\/schema\/person\/d71f33a9ca44f7bad4698210b480c8e9\",\"name\":\"webmaster kapitalis\",\"url\":\"https:\/\/kapitalis.com\/tunisie\/author\/webmaster-kapitalis\/\"}]}<\/script>\n<!-- \/ Yoast SEO plugin. -->","yoast_head_json":{"title":"Ouverture \u00e0 Borj Cedria d\u2019un centre de formation en technologie de fibre optique - Kapitalis","robots":{"index":"index","follow":"follow","max-snippet":"max-snippet:-1","max-image-preview":"max-image-preview:large","max-video-preview":"max-video-preview:-1"},"canonical":"https:\/\/kapitalis.com\/tunisie\/2024\/03\/07\/ouverture-a-borj-cedria-dun-centre-de-formation-en-technologie-de-fibre-optique\/","og_locale":"fr_FR","og_type":"article","og_title":"Ouverture \u00e0 Borj Cedria d\u2019un centre de formation en technologie de fibre optique - Kapitalis","og_description":"Inauguration du premier laboratoire de formation sur le d\u00e9ploiement et la maintenance des r\u00e9seaux de t\u00e9l\u00e9communications en fibre optique.","og_url":"https:\/\/kapitalis.com\/tunisie\/2024\/03\/07\/ouverture-a-borj-cedria-dun-centre-de-formation-en-technologie-de-fibre-optique\/","og_site_name":"Kapitalis","article_publisher":"https:\/\/www.facebook.com\/KapitalisInfo\/","article_published_time":"2024-03-07T05:59:43+00:00","article_modified_time":"2024-03-07T05:59:44+00:00","og_image":[{"width":1200,"height":630,"url":"https:\/\/kapitalis.com\/tunisie\/wp-content\/uploads\/2024\/02\/Cnirt-Swisscontact.jpg","type":"image\/jpeg"}],"author":"webmaster kapitalis","twitter_card":"summary_large_image","twitter_creator":"@KapitalisInfo","twitter_site":"@KapitalisInfo","twitter_misc":{"\u00c9crit par":"webmaster kapitalis","Dur\u00e9e de lecture estim\u00e9e":"3 minutes"},"schema":{"@context":"https:\/\/schema.org","@graph":[{"@type":"Article","@id":"https:\/\/kapitalis.com\/tunisie\/2024\/03\/07\/ouverture-a-borj-cedria-dun-centre-de-formation-en-technologie-de-fibre-optique\/#article","isPartOf":{"@id":"https:\/\/kapitalis.com\/tunisie\/2024\/03\/07\/ouverture-a-borj-cedria-dun-centre-de-formation-en-technologie-de-fibre-optique\/"},"author":{"name":"webmaster kapitalis","@id":"https:\/\/kapitalis.com\/tunisie\/#\/schema\/person\/d71f33a9ca44f7bad4698210b480c8e9"},"headline":"Ouverture \u00e0 Borj Cedria d\u2019un centre de formation en technologie de fibre optique","datePublished":"2024-03-07T05:59:43+00:00","dateModified":"2024-03-07T05:59:44+00:00","mainEntityOfPage":{"@id":"https:\/\/kapitalis.com\/tunisie\/2024\/03\/07\/ouverture-a-borj-cedria-dun-centre-de-formation-en-technologie-de-fibre-optique\/"},"wordCount":536,"commentCount":0,"publisher":{"@id":"https:\/\/kapitalis.com\/tunisie\/#organization"},"image":{"@id":"https:\/\/kapitalis.com\/tunisie\/2024\/03\/07\/ouverture-a-borj-cedria-dun-centre-de-formation-en-technologie-de-fibre-optique\/#primaryimage"},"thumbnailUrl":"https:\/\/kapitalis.com\/tunisie\/wp-content\/uploads\/2024\/02\/Cnirt-Swisscontact.jpg","keywords":["Borj Cedria","CNIRT","fibre optique","formation professionnelle","Riadh Chaoued","Swisscontact","Tunisie","Tunisie Telecom","Utica"],"articleSection":["ECONOMIE","Tunisie"],"inLanguage":"fr-FR","potentialAction":[{"@type":"CommentAction","name":"Comment","target":["https:\/\/kapitalis.com\/tunisie\/2024\/03\/07\/ouverture-a-borj-cedria-dun-centre-de-formation-en-technologie-de-fibre-optique\/#respond"]}]},{"@type":"WebPage","@id":"https:\/\/kapitalis.com\/tunisie\/2024\/03\/07\/ouverture-a-borj-cedria-dun-centre-de-formation-en-technologie-de-fibre-optique\/","url":"https:\/\/kapitalis.com\/tunisie\/2024\/03\/07\/ouverture-a-borj-cedria-dun-centre-de-formation-en-technologie-de-fibre-optique\/","name":"Ouverture \u00e0 Borj Cedria d\u2019un centre de formation en technologie de fibre optique - Kapitalis","isPartOf":{"@id":"https:\/\/kapitalis.com\/tunisie\/#website"},"primaryImageOfPage":{"@id":"https:\/\/kapitalis.com\/tunisie\/2024\/03\/07\/ouverture-a-borj-cedria-dun-centre-de-formation-en-technologie-de-fibre-optique\/#primaryimage"},"image":{"@id":"https:\/\/kapitalis.com\/tunisie\/2024\/03\/07\/ouverture-a-borj-cedria-dun-centre-de-formation-en-technologie-de-fibre-optique\/#primaryimage"},"thumbnailUrl":"https:\/\/kapitalis.com\/tunisie\/wp-content\/uploads\/2024\/02\/Cnirt-Swisscontact.jpg","datePublished":"2024-03-07T05:59:43+00:00","dateModified":"2024-03-07T05:59:44+00:00","breadcrumb":{"@id":"https:\/\/kapitalis.com\/tunisie\/2024\/03\/07\/ouverture-a-borj-cedria-dun-centre-de-formation-en-technologie-de-fibre-optique\/#breadcrumb"},"inLanguage":"fr-FR","potentialAction":[{"@type":"ReadAction","target":["https:\/\/kapitalis.com\/tunisie\/2024\/03\/07\/ouverture-a-borj-cedria-dun-centre-de-formation-en-technologie-de-fibre-optique\/"]}]},{"@type":"ImageObject","inLanguage":"fr-FR","@id":"https:\/\/kapitalis.com\/tunisie\/2024\/03\/07\/ouverture-a-borj-cedria-dun-centre-de-formation-en-technologie-de-fibre-optique\/#primaryimage","url":"https:\/\/kapitalis.com\/tunisie\/wp-content\/uploads\/2024\/02\/Cnirt-Swisscontact.jpg","contentUrl":"https:\/\/kapitalis.com\/tunisie\/wp-content\/uploads\/2024\/02\/Cnirt-Swisscontact.jpg","width":1200,"height":630},{"@type":"BreadcrumbList","@id":"https:\/\/kapitalis.com\/tunisie\/2024\/03\/07\/ouverture-a-borj-cedria-dun-centre-de-formation-en-technologie-de-fibre-optique\/#breadcrumb","itemListElement":[{"@type":"ListItem","position":1,"name":"Accueil","item":"https:\/\/kapitalis.com\/tunisie\/"},{"@type":"ListItem","position":2,"name":"Ouverture \u00e0 Borj Cedria d\u2019un centre de formation en technologie de fibre optique"}]},{"@type":"WebSite","@id":"https:\/\/kapitalis.com\/tunisie\/#website","url":"https:\/\/kapitalis.com\/tunisie\/","name":"Kapitalis","description":"L&#039;actualit\u00e9 en Tunisie et dans le monde","publisher":{"@id":"https:\/\/kapitalis.com\/tunisie\/#organization"},"potentialAction":[{"@type":"SearchAction","target":{"@type":"EntryPoint","urlTemplate":"https:\/\/kapitalis.com\/tunisie\/?s={search_term_string}"},"query-input":{"@type":"PropertyValueSpecification","valueRequired":true,"valueName":"search_term_string"}}],"inLanguage":"fr-FR"},{"@type":"Organization","@id":"https:\/\/kapitalis.com\/tunisie\/#organization","name":"Kapitalis","url":"https:\/\/kapitalis.com\/tunisie\/","logo":{"@type":"ImageObject","inLanguage":"fr-FR","@id":"https:\/\/kapitalis.com\/tunisie\/#\/schema\/logo\/image\/","url":"https:\/\/kapitalis.com\/tunisie\/wp-content\/uploads\/2022\/05\/Kapitalis-big-size.png","contentUrl":"https:\/\/kapitalis.com\/tunisie\/wp-content\/uploads\/2022\/05\/Kapitalis-big-size.png","width":5000,"height":1500,"caption":"Kapitalis"},"image":{"@id":"https:\/\/kapitalis.com\/tunisie\/#\/schema\/logo\/image\/"},"sameAs":["https:\/\/www.facebook.com\/KapitalisInfo\/","https:\/\/x.com\/KapitalisInfo","https:\/\/www.youtube.com\/channel\/UC-yDYrHyfFBWWZaOw3FPg9Q"]},{"@type":"Person","@id":"https:\/\/kapitalis.com\/tunisie\/#\/schema\/person\/d71f33a9ca44f7bad4698210b480c8e9","name":"webmaster kapitalis","url":"https:\/\/kapitalis.com\/tunisie\/author\/webmaster-kapitalis\/"}]}},"_links":{"self":[{"href":"https:\/\/kapitalis.com\/tunisie\/wp-json\/wp\/v2\/posts\/11976099","targetHints":{"allow":["GET"]}}],"collection":[{"href":"https:\/\/kapitalis.com\/tunisie\/wp-json\/wp\/v2\/posts"}],"about":[{"href":"https:\/\/kapitalis.com\/tunisie\/wp-json\/wp\/v2\/types\/post"}],"author":[{"embeddable":true,"href":"https:\/\/kapitalis.com\/tunisie\/wp-json\/wp\/v2\/users\/8"}],"replies":[{"embeddable":true,"href":"https:\/\/kapitalis.com\/tunisie\/wp-json\/wp\/v2\/comments?post=11976099"}],"version-history":[{"count":1,"href":"https:\/\/kapitalis.com\/tunisie\/wp-json\/wp\/v2\/posts\/11976099\/revisions"}],"predecessor-version":[{"id":11976139,"href":"https:\/\/kapitalis.com\/tunisie\/wp-json\/wp\/v2\/posts\/11976099\/revisions\/11976139"}],"wp:featuredmedia":[{"embeddable":true,"href":"https:\/\/kapitalis.com\/tunisie\/wp-json\/wp\/v2\/media\/11683911"}],"wp:attachment":[{"href":"https:\/\/kapitalis.com\/tunisie\/wp-json\/wp\/v2\/media?parent=11976099"}],"wp:term":[{"taxonomy":"category","embeddable":true,"href":"https:\/\/kapitalis.com\/tunisie\/wp-json\/wp\/v2\/categories?post=11976099"},{"taxonomy":"post_tag","embeddable":true,"href":"https:\/\/kapitalis.com\/tunisie\/wp-json\/wp\/v2\/tags?post=11976099"}],"curies":[{"name":"wp","href":"https:\/\/api.w.org\/{rel}","templated":true}]}}