{"id":11979,"date":"2015-09-01T12:02:45","date_gmt":"2015-09-01T11:02:45","guid":{"rendered":"http:\/\/kapitalis.com\/tunisie\/?p=11979"},"modified":"2015-09-01T12:02:45","modified_gmt":"2015-09-01T11:02:45","slug":"arrestation-dune-niqabee-qui-rodait-autour-du-musee-du-bardo","status":"publish","type":"post","link":"https:\/\/kapitalis.com\/tunisie\/2015\/09\/01\/arrestation-dune-niqabee-qui-rodait-autour-du-musee-du-bardo\/","title":{"rendered":"Arrestation d\u2019une niqab\u00e9e qui r\u00f4dait autour du mus\u00e9e du Bardo"},"content":{"rendered":"<p><img loading=\"lazy\" decoding=\"async\" class=\"alignnone size-full wp-image-11980 aligncenter\" src=\"http:\/\/kapitalis.com\/tunisie\/wp-content\/uploads\/2015\/09\/Place-du-Bardo-Assemble\u0301e-nationale.jpg\" alt=\"Place-du-Bardo-Assemble\u0301e-nationale\" width=\"626\" height=\"380\" \/><\/p>\n<p><em><strong>La police du district du Bardo a arr\u00eat\u00e9 une \u00e9tudiante en niqab qui rep\u00e9rait le mouvement des agents de s\u00e9curit\u00e9 autour du Mus\u00e9e et du si\u00e8ge de l\u2019Assembl\u00e9e.<\/strong><\/em><\/p>\n<p><!--more--><\/p>\n<p>C\u2019est ce qu\u2019a d\u00e9clar\u00e9 lors de ses aveux, l\u2019\u00e9tudiante arr\u00eat\u00e9e alors qu\u2019elle r\u00f4dait autour du mus\u00e9e et du si\u00e8ge de l\u2019Assembl\u00e9e des repr\u00e9sentants du peuple (ARP) et environs.<\/p>\n<p>Le quotidien \u2018<em>\u2018Assabah\u2019<\/em>\u2019 a indiqu\u00e9, dans sa livraison d\u2019aujourd\u2019hui, que la pr\u00e9venue a d\u00e9clar\u00e9, lors de son interrogatoire, qu\u2019elle s\u2019est charg\u00e9e de cette mission pour le compte du groupe Ansar Charia dont elle est membre.<\/p>\n<p>Selon les premiers \u00e9l\u00e9ments de l\u2019enqu\u00eate, l\u2019\u00e9tudiante \u00e9tait en relation avec l\u2019un des dirigeants d\u2019Ansar Charia, le chef terroriste Kamel Zarrouk, en fuite depuis deux ans en Syrie, ainsi qu\u2019avec les jihadistes du groupe Okbaa Ibn Nafa\u00e2, op\u00e9rant dans les montagnes \u00e0 la fronti\u00e8re tuniso-alg\u00e9rienne.<\/p>\n<p>Selon une source s\u00e9curitaire, l\u2019\u00e9tudiante avait \u00e9galement des liens avec des chefs terroristes dans les camps de Da\u00each en Libye et en Syrie, comme Abou Al-Qaaqaa et Abou Al-Bara\u2019.<\/p>\n<p>Elle \u00e9tait charg\u00e9e de surveiller les mouvements des unit\u00e9s de s\u00e9curit\u00e9 et les horaires de la rel\u00e8ve des agents en vue de pr\u00e9parer des attaques terroristes.<\/p>\n<p>Rappelons que le mus\u00e9e du Bardo a d\u00e9j\u00e0 \u00e9t\u00e9 la cible d\u2019une attaque terroriste, le 18 mars dernier, men\u00e9e par deux \u00e9l\u00e9ments arm\u00e9s tu\u00e9s dans l\u2019op\u00e9ration. Bilan : 21 morts, dont 20 touristes \u00e9trangers.<\/p>\n<p style=\"text-align: right;\"><strong>Z. A.<\/strong><\/p>\n<p style=\"text-align: left;\"><em><strong>Illustration<\/strong>: Si\u00e8ge de l&rsquo;Assembl\u00e9e au Bardo.<\/em><\/p>\n","protected":false},"excerpt":{"rendered":"<p>La police du district du Bardo a arr\u00eat\u00e9 une \u00e9tudiante en niqab qui rep\u00e9rait le mouvement des agents de s\u00e9curit\u00e9 autour du Mus\u00e9e et du si\u00e8ge de l\u2019Assembl\u00e9e.<\/p>\n","protected":false},"author":8,"featured_media":11980,"comment_status":"open","ping_status":"open","sticky":false,"template":"","format":"standard","meta":{"footnotes":""},"categories":[998,2433],"tags":[1937,93,2021,132,1936,1233,2692],"class_list":["post-11979","post","type-post","status-publish","format-standard","has-post-thumbnail","hentry","category-societe","category-tunisie","tag-ansar-charia","tag-assemblee","tag-attaque-terroriste","tag-bardo","tag-kamel-zarrouk","tag-musee","tag-niqabee"],"yoast_head":"<!-- This site is optimized with the Yoast SEO plugin v26.6 - https:\/\/yoast.com\/wordpress\/plugins\/seo\/ -->\n<title>Arrestation d\u2019une niqab\u00e9e qui r\u00f4dait autour du mus\u00e9e du Bardo - Kapitalis<\/title>\n<meta name=\"robots\" content=\"index, follow, max-snippet:-1, max-image-preview:large, max-video-preview:-1\" \/>\n<link rel=\"canonical\" href=\"https:\/\/kapitalis.com\/tunisie\/2015\/09\/01\/arrestation-dune-niqabee-qui-rodait-autour-du-musee-du-bardo\/\" \/>\n<meta property=\"og:locale\" content=\"fr_FR\" \/>\n<meta property=\"og:type\" content=\"article\" \/>\n<meta property=\"og:title\" content=\"Arrestation d\u2019une niqab\u00e9e qui r\u00f4dait autour du mus\u00e9e du Bardo - Kapitalis\" \/>\n<meta property=\"og:description\" content=\"La police du district du Bardo a arr\u00eat\u00e9 une \u00e9tudiante en niqab qui rep\u00e9rait le mouvement des agents de s\u00e9curit\u00e9 autour du Mus\u00e9e et du si\u00e8ge de l\u2019Assembl\u00e9e.\" \/>\n<meta property=\"og:url\" content=\"https:\/\/kapitalis.com\/tunisie\/2015\/09\/01\/arrestation-dune-niqabee-qui-rodait-autour-du-musee-du-bardo\/\" \/>\n<meta property=\"og:site_name\" content=\"Kapitalis\" \/>\n<meta property=\"article:publisher\" content=\"https:\/\/www.facebook.com\/KapitalisInfo\/\" \/>\n<meta property=\"article:published_time\" content=\"2015-09-01T11:02:45+00:00\" \/>\n<meta property=\"og:image\" content=\"https:\/\/kapitalis.com\/tunisie\/wp-content\/uploads\/2022\/05\/kapitalis-logo-fb.png\" \/>\n\t<meta property=\"og:image:width\" content=\"1200\" \/>\n\t<meta property=\"og:image:height\" content=\"630\" \/>\n\t<meta property=\"og:image:type\" content=\"image\/png\" \/>\n<meta name=\"author\" content=\"webmaster kapitalis\" \/>\n<meta name=\"twitter:card\" content=\"summary_large_image\" \/>\n<meta name=\"twitter:creator\" content=\"@KapitalisInfo\" \/>\n<meta name=\"twitter:site\" content=\"@KapitalisInfo\" \/>\n<meta name=\"twitter:label1\" content=\"\u00c9crit par\" \/>\n\t<meta name=\"twitter:data1\" content=\"webmaster kapitalis\" \/>\n\t<meta name=\"twitter:label2\" content=\"Dur\u00e9e de lecture estim\u00e9e\" \/>\n\t<meta name=\"twitter:data2\" content=\"1 minute\" \/>\n<script type=\"application\/ld+json\" class=\"yoast-schema-graph\">{\"@context\":\"https:\/\/schema.org\",\"@graph\":[{\"@type\":\"Article\",\"@id\":\"https:\/\/kapitalis.com\/tunisie\/2015\/09\/01\/arrestation-dune-niqabee-qui-rodait-autour-du-musee-du-bardo\/#article\",\"isPartOf\":{\"@id\":\"https:\/\/kapitalis.com\/tunisie\/2015\/09\/01\/arrestation-dune-niqabee-qui-rodait-autour-du-musee-du-bardo\/\"},\"author\":{\"name\":\"webmaster kapitalis\",\"@id\":\"https:\/\/kapitalis.com\/tunisie\/#\/schema\/person\/d71f33a9ca44f7bad4698210b480c8e9\"},\"headline\":\"Arrestation d\u2019une niqab\u00e9e qui r\u00f4dait autour du mus\u00e9e du Bardo\",\"datePublished\":\"2015-09-01T11:02:45+00:00\",\"mainEntityOfPage\":{\"@id\":\"https:\/\/kapitalis.com\/tunisie\/2015\/09\/01\/arrestation-dune-niqabee-qui-rodait-autour-du-musee-du-bardo\/\"},\"wordCount\":298,\"commentCount\":1,\"publisher\":{\"@id\":\"https:\/\/kapitalis.com\/tunisie\/#organization\"},\"image\":{\"@id\":\"https:\/\/kapitalis.com\/tunisie\/2015\/09\/01\/arrestation-dune-niqabee-qui-rodait-autour-du-musee-du-bardo\/#primaryimage\"},\"thumbnailUrl\":\"\",\"keywords\":[\"Ansar Charia\",\"Assembl\u00e9e\",\"attaque terroriste\",\"Bardo\",\"Kamel Zarrouk\",\"mus\u00e9e\",\"niqab\u00e9e\"],\"articleSection\":[\"SOCIETE\",\"Tunisie\"],\"inLanguage\":\"fr-FR\",\"potentialAction\":[{\"@type\":\"CommentAction\",\"name\":\"Comment\",\"target\":[\"https:\/\/kapitalis.com\/tunisie\/2015\/09\/01\/arrestation-dune-niqabee-qui-rodait-autour-du-musee-du-bardo\/#respond\"]}]},{\"@type\":\"WebPage\",\"@id\":\"https:\/\/kapitalis.com\/tunisie\/2015\/09\/01\/arrestation-dune-niqabee-qui-rodait-autour-du-musee-du-bardo\/\",\"url\":\"https:\/\/kapitalis.com\/tunisie\/2015\/09\/01\/arrestation-dune-niqabee-qui-rodait-autour-du-musee-du-bardo\/\",\"name\":\"Arrestation d\u2019une niqab\u00e9e qui r\u00f4dait autour du mus\u00e9e du Bardo - Kapitalis\",\"isPartOf\":{\"@id\":\"https:\/\/kapitalis.com\/tunisie\/#website\"},\"primaryImageOfPage\":{\"@id\":\"https:\/\/kapitalis.com\/tunisie\/2015\/09\/01\/arrestation-dune-niqabee-qui-rodait-autour-du-musee-du-bardo\/#primaryimage\"},\"image\":{\"@id\":\"https:\/\/kapitalis.com\/tunisie\/2015\/09\/01\/arrestation-dune-niqabee-qui-rodait-autour-du-musee-du-bardo\/#primaryimage\"},\"thumbnailUrl\":\"\",\"datePublished\":\"2015-09-01T11:02:45+00:00\",\"breadcrumb\":{\"@id\":\"https:\/\/kapitalis.com\/tunisie\/2015\/09\/01\/arrestation-dune-niqabee-qui-rodait-autour-du-musee-du-bardo\/#breadcrumb\"},\"inLanguage\":\"fr-FR\",\"potentialAction\":[{\"@type\":\"ReadAction\",\"target\":[\"https:\/\/kapitalis.com\/tunisie\/2015\/09\/01\/arrestation-dune-niqabee-qui-rodait-autour-du-musee-du-bardo\/\"]}]},{\"@type\":\"ImageObject\",\"inLanguage\":\"fr-FR\",\"@id\":\"https:\/\/kapitalis.com\/tunisie\/2015\/09\/01\/arrestation-dune-niqabee-qui-rodait-autour-du-musee-du-bardo\/#primaryimage\",\"url\":\"\",\"contentUrl\":\"\"},{\"@type\":\"BreadcrumbList\",\"@id\":\"https:\/\/kapitalis.com\/tunisie\/2015\/09\/01\/arrestation-dune-niqabee-qui-rodait-autour-du-musee-du-bardo\/#breadcrumb\",\"itemListElement\":[{\"@type\":\"ListItem\",\"position\":1,\"name\":\"Accueil\",\"item\":\"https:\/\/kapitalis.com\/tunisie\/\"},{\"@type\":\"ListItem\",\"position\":2,\"name\":\"Arrestation d\u2019une niqab\u00e9e qui r\u00f4dait autour du mus\u00e9e du Bardo\"}]},{\"@type\":\"WebSite\",\"@id\":\"https:\/\/kapitalis.com\/tunisie\/#website\",\"url\":\"https:\/\/kapitalis.com\/tunisie\/\",\"name\":\"Kapitalis\",\"description\":\"L&#039;actualit\u00e9 en Tunisie et dans le monde\",\"publisher\":{\"@id\":\"https:\/\/kapitalis.com\/tunisie\/#organization\"},\"potentialAction\":[{\"@type\":\"SearchAction\",\"target\":{\"@type\":\"EntryPoint\",\"urlTemplate\":\"https:\/\/kapitalis.com\/tunisie\/?s={search_term_string}\"},\"query-input\":{\"@type\":\"PropertyValueSpecification\",\"valueRequired\":true,\"valueName\":\"search_term_string\"}}],\"inLanguage\":\"fr-FR\"},{\"@type\":\"Organization\",\"@id\":\"https:\/\/kapitalis.com\/tunisie\/#organization\",\"name\":\"Kapitalis\",\"url\":\"https:\/\/kapitalis.com\/tunisie\/\",\"logo\":{\"@type\":\"ImageObject\",\"inLanguage\":\"fr-FR\",\"@id\":\"https:\/\/kapitalis.com\/tunisie\/#\/schema\/logo\/image\/\",\"url\":\"https:\/\/kapitalis.com\/tunisie\/wp-content\/uploads\/2022\/05\/Kapitalis-big-size.png\",\"contentUrl\":\"https:\/\/kapitalis.com\/tunisie\/wp-content\/uploads\/2022\/05\/Kapitalis-big-size.png\",\"width\":5000,\"height\":1500,\"caption\":\"Kapitalis\"},\"image\":{\"@id\":\"https:\/\/kapitalis.com\/tunisie\/#\/schema\/logo\/image\/\"},\"sameAs\":[\"https:\/\/www.facebook.com\/KapitalisInfo\/\",\"https:\/\/x.com\/KapitalisInfo\",\"https:\/\/www.youtube.com\/channel\/UC-yDYrHyfFBWWZaOw3FPg9Q\"]},{\"@type\":\"Person\",\"@id\":\"https:\/\/kapitalis.com\/tunisie\/#\/schema\/person\/d71f33a9ca44f7bad4698210b480c8e9\",\"name\":\"webmaster kapitalis\",\"url\":\"https:\/\/kapitalis.com\/tunisie\/author\/webmaster-kapitalis\/\"}]}<\/script>\n<!-- \/ Yoast SEO plugin. -->","yoast_head_json":{"title":"Arrestation d\u2019une niqab\u00e9e qui r\u00f4dait autour du mus\u00e9e du Bardo - Kapitalis","robots":{"index":"index","follow":"follow","max-snippet":"max-snippet:-1","max-image-preview":"max-image-preview:large","max-video-preview":"max-video-preview:-1"},"canonical":"https:\/\/kapitalis.com\/tunisie\/2015\/09\/01\/arrestation-dune-niqabee-qui-rodait-autour-du-musee-du-bardo\/","og_locale":"fr_FR","og_type":"article","og_title":"Arrestation d\u2019une niqab\u00e9e qui r\u00f4dait autour du mus\u00e9e du Bardo - Kapitalis","og_description":"La police du district du Bardo a arr\u00eat\u00e9 une \u00e9tudiante en niqab qui rep\u00e9rait le mouvement des agents de s\u00e9curit\u00e9 autour du Mus\u00e9e et du si\u00e8ge de l\u2019Assembl\u00e9e.","og_url":"https:\/\/kapitalis.com\/tunisie\/2015\/09\/01\/arrestation-dune-niqabee-qui-rodait-autour-du-musee-du-bardo\/","og_site_name":"Kapitalis","article_publisher":"https:\/\/www.facebook.com\/KapitalisInfo\/","article_published_time":"2015-09-01T11:02:45+00:00","og_image":[{"width":1200,"height":630,"url":"https:\/\/kapitalis.com\/tunisie\/wp-content\/uploads\/2022\/05\/kapitalis-logo-fb.png","type":"image\/png"}],"author":"webmaster kapitalis","twitter_card":"summary_large_image","twitter_creator":"@KapitalisInfo","twitter_site":"@KapitalisInfo","twitter_misc":{"\u00c9crit par":"webmaster kapitalis","Dur\u00e9e de lecture estim\u00e9e":"1 minute"},"schema":{"@context":"https:\/\/schema.org","@graph":[{"@type":"Article","@id":"https:\/\/kapitalis.com\/tunisie\/2015\/09\/01\/arrestation-dune-niqabee-qui-rodait-autour-du-musee-du-bardo\/#article","isPartOf":{"@id":"https:\/\/kapitalis.com\/tunisie\/2015\/09\/01\/arrestation-dune-niqabee-qui-rodait-autour-du-musee-du-bardo\/"},"author":{"name":"webmaster kapitalis","@id":"https:\/\/kapitalis.com\/tunisie\/#\/schema\/person\/d71f33a9ca44f7bad4698210b480c8e9"},"headline":"Arrestation d\u2019une niqab\u00e9e qui r\u00f4dait autour du mus\u00e9e du Bardo","datePublished":"2015-09-01T11:02:45+00:00","mainEntityOfPage":{"@id":"https:\/\/kapitalis.com\/tunisie\/2015\/09\/01\/arrestation-dune-niqabee-qui-rodait-autour-du-musee-du-bardo\/"},"wordCount":298,"commentCount":1,"publisher":{"@id":"https:\/\/kapitalis.com\/tunisie\/#organization"},"image":{"@id":"https:\/\/kapitalis.com\/tunisie\/2015\/09\/01\/arrestation-dune-niqabee-qui-rodait-autour-du-musee-du-bardo\/#primaryimage"},"thumbnailUrl":"","keywords":["Ansar Charia","Assembl\u00e9e","attaque terroriste","Bardo","Kamel Zarrouk","mus\u00e9e","niqab\u00e9e"],"articleSection":["SOCIETE","Tunisie"],"inLanguage":"fr-FR","potentialAction":[{"@type":"CommentAction","name":"Comment","target":["https:\/\/kapitalis.com\/tunisie\/2015\/09\/01\/arrestation-dune-niqabee-qui-rodait-autour-du-musee-du-bardo\/#respond"]}]},{"@type":"WebPage","@id":"https:\/\/kapitalis.com\/tunisie\/2015\/09\/01\/arrestation-dune-niqabee-qui-rodait-autour-du-musee-du-bardo\/","url":"https:\/\/kapitalis.com\/tunisie\/2015\/09\/01\/arrestation-dune-niqabee-qui-rodait-autour-du-musee-du-bardo\/","name":"Arrestation d\u2019une niqab\u00e9e qui r\u00f4dait autour du mus\u00e9e du Bardo - Kapitalis","isPartOf":{"@id":"https:\/\/kapitalis.com\/tunisie\/#website"},"primaryImageOfPage":{"@id":"https:\/\/kapitalis.com\/tunisie\/2015\/09\/01\/arrestation-dune-niqabee-qui-rodait-autour-du-musee-du-bardo\/#primaryimage"},"image":{"@id":"https:\/\/kapitalis.com\/tunisie\/2015\/09\/01\/arrestation-dune-niqabee-qui-rodait-autour-du-musee-du-bardo\/#primaryimage"},"thumbnailUrl":"","datePublished":"2015-09-01T11:02:45+00:00","breadcrumb":{"@id":"https:\/\/kapitalis.com\/tunisie\/2015\/09\/01\/arrestation-dune-niqabee-qui-rodait-autour-du-musee-du-bardo\/#breadcrumb"},"inLanguage":"fr-FR","potentialAction":[{"@type":"ReadAction","target":["https:\/\/kapitalis.com\/tunisie\/2015\/09\/01\/arrestation-dune-niqabee-qui-rodait-autour-du-musee-du-bardo\/"]}]},{"@type":"ImageObject","inLanguage":"fr-FR","@id":"https:\/\/kapitalis.com\/tunisie\/2015\/09\/01\/arrestation-dune-niqabee-qui-rodait-autour-du-musee-du-bardo\/#primaryimage","url":"","contentUrl":""},{"@type":"BreadcrumbList","@id":"https:\/\/kapitalis.com\/tunisie\/2015\/09\/01\/arrestation-dune-niqabee-qui-rodait-autour-du-musee-du-bardo\/#breadcrumb","itemListElement":[{"@type":"ListItem","position":1,"name":"Accueil","item":"https:\/\/kapitalis.com\/tunisie\/"},{"@type":"ListItem","position":2,"name":"Arrestation d\u2019une niqab\u00e9e qui r\u00f4dait autour du mus\u00e9e du Bardo"}]},{"@type":"WebSite","@id":"https:\/\/kapitalis.com\/tunisie\/#website","url":"https:\/\/kapitalis.com\/tunisie\/","name":"Kapitalis","description":"L&#039;actualit\u00e9 en Tunisie et dans le monde","publisher":{"@id":"https:\/\/kapitalis.com\/tunisie\/#organization"},"potentialAction":[{"@type":"SearchAction","target":{"@type":"EntryPoint","urlTemplate":"https:\/\/kapitalis.com\/tunisie\/?s={search_term_string}"},"query-input":{"@type":"PropertyValueSpecification","valueRequired":true,"valueName":"search_term_string"}}],"inLanguage":"fr-FR"},{"@type":"Organization","@id":"https:\/\/kapitalis.com\/tunisie\/#organization","name":"Kapitalis","url":"https:\/\/kapitalis.com\/tunisie\/","logo":{"@type":"ImageObject","inLanguage":"fr-FR","@id":"https:\/\/kapitalis.com\/tunisie\/#\/schema\/logo\/image\/","url":"https:\/\/kapitalis.com\/tunisie\/wp-content\/uploads\/2022\/05\/Kapitalis-big-size.png","contentUrl":"https:\/\/kapitalis.com\/tunisie\/wp-content\/uploads\/2022\/05\/Kapitalis-big-size.png","width":5000,"height":1500,"caption":"Kapitalis"},"image":{"@id":"https:\/\/kapitalis.com\/tunisie\/#\/schema\/logo\/image\/"},"sameAs":["https:\/\/www.facebook.com\/KapitalisInfo\/","https:\/\/x.com\/KapitalisInfo","https:\/\/www.youtube.com\/channel\/UC-yDYrHyfFBWWZaOw3FPg9Q"]},{"@type":"Person","@id":"https:\/\/kapitalis.com\/tunisie\/#\/schema\/person\/d71f33a9ca44f7bad4698210b480c8e9","name":"webmaster kapitalis","url":"https:\/\/kapitalis.com\/tunisie\/author\/webmaster-kapitalis\/"}]}},"_links":{"self":[{"href":"https:\/\/kapitalis.com\/tunisie\/wp-json\/wp\/v2\/posts\/11979","targetHints":{"allow":["GET"]}}],"collection":[{"href":"https:\/\/kapitalis.com\/tunisie\/wp-json\/wp\/v2\/posts"}],"about":[{"href":"https:\/\/kapitalis.com\/tunisie\/wp-json\/wp\/v2\/types\/post"}],"author":[{"embeddable":true,"href":"https:\/\/kapitalis.com\/tunisie\/wp-json\/wp\/v2\/users\/8"}],"replies":[{"embeddable":true,"href":"https:\/\/kapitalis.com\/tunisie\/wp-json\/wp\/v2\/comments?post=11979"}],"version-history":[{"count":0,"href":"https:\/\/kapitalis.com\/tunisie\/wp-json\/wp\/v2\/posts\/11979\/revisions"}],"wp:featuredmedia":[{"embeddable":true,"href":"https:\/\/kapitalis.com\/tunisie\/wp-json\/wp\/v2\/media\/11980"}],"wp:attachment":[{"href":"https:\/\/kapitalis.com\/tunisie\/wp-json\/wp\/v2\/media?parent=11979"}],"wp:term":[{"taxonomy":"category","embeddable":true,"href":"https:\/\/kapitalis.com\/tunisie\/wp-json\/wp\/v2\/categories?post=11979"},{"taxonomy":"post_tag","embeddable":true,"href":"https:\/\/kapitalis.com\/tunisie\/wp-json\/wp\/v2\/tags?post=11979"}],"curies":[{"name":"wp","href":"https:\/\/api.w.org\/{rel}","templated":true}]}}