{"id":119813,"date":"2017-10-21T20:54:53","date_gmt":"2017-10-21T19:54:53","guid":{"rendered":"http:\/\/kapitalis.com\/tunisie\/?p=119813"},"modified":"2017-10-21T20:54:53","modified_gmt":"2017-10-21T19:54:53","slug":"marco-simone-ce-sera-plus-difficile-qua-laller","status":"publish","type":"post","link":"https:\/\/kapitalis.com\/tunisie\/2017\/10\/21\/marco-simone-ce-sera-plus-difficile-qua-laller\/","title":{"rendered":"Marco Simone : \u00abCe sera plus difficile qu\u2019\u00e0 l\u2019aller\u00bb"},"content":{"rendered":"<p style=\"text-align: center;\"><img loading=\"lazy\" decoding=\"async\" class=\"alignnone size-full wp-image-113262\" src=\"http:\/\/kapitalis.com\/tunisie\/wp-content\/uploads\/2017\/09\/Marco-Simone-Ph-Koora.jpg\" alt=\"\" width=\"626\" height=\"380\" \/><\/p>\n<p><em><strong>L\u2019entra\u00eeneur italien du Club africain (CA) avertit ses joueurs contre tout exc\u00e8s de confiance contre les redoutables sud-africains, tr\u00e8s bons en contre-attaque.<\/strong> <\/em><\/p>\n<p><!--more--><\/p>\n<p>Le club de Bab Jedid affrontera demain, dimanche 22 octobre 2017, \u00e0 partir de 19h, \u00e0 Rades, l\u2019\u00e9quipe sud africaine de Supersport pour le compte de la demi-finale retour de la Coupe de la Conf\u00e9d\u00e9ration africaine de football (CAF).<\/p>\n<p>Une chance offerte aux \u00ab<em>rouge et blanc<\/em>\u00bb pour r\u00e9aliser l\u2019exploit de la saison : acc\u00e9der en finale, 6 ans apr\u00e8s leur derni\u00e8re finale de cette m\u00eame \u00e9preuve continentale qu\u2019ils avaient perdue devant Moghreb Fes aux tirs aux buts.<\/p>\n<p>Le CA esp\u00e8re franchir cette 7e demi-finale en coupes africaines, mais son entra\u00eeneur, l\u2019Italien Marco Simone, avertit contre tout exc\u00e8s de confiance: <em>\u00abCe sera encore plus difficile que le match aller. Les Sud-africains ont la r\u00e9putation de bien jouer \u00e0 l\u2019ext\u00e9rieur. De plus, le nul de l\u2019aller est loin d\u2019\u00eatre un score rassurant. Certes nous avons un avantage psychologique mais ce n\u2019est pas suffisant pour gagner. Il nous faut l\u2019emporter pour ne rien risquer. Je dois rappeler que Supersport poss\u00e8de une ligne d\u2019attaque rapide\u00bb.<\/em><\/p>\n<p>Si le CA a laiss\u00e9 le contr\u00f4le du jeu \u00e0 Supersport \u00e0 l\u2019aller, il devrait prendre demain le match en main.<\/p>\n<p>Mais attention tout de m\u00eame aux banderilles adverses. Bref, il faut marquer et ne pas baisser la garde. En clair, il ne faut pas que Supersport prenne confiance en ses moyens!<\/p>\n<p style=\"text-align: right;\"><strong>H. M.<\/strong><\/p>\n<p>&nbsp;<\/p>\n","protected":false},"excerpt":{"rendered":"<p>L\u2019entra\u00eeneur italien du Club africain (CA) avertit ses joueurs contre tout exc\u00e8s de confiance contre les redoutables sud-africains, tr\u00e8s bons en contre-attaque.<\/p>\n","protected":false},"author":8,"featured_media":0,"comment_status":"open","ping_status":"open","sticky":false,"template":"","format":"standard","meta":{"footnotes":""},"categories":[999,2433],"tags":[176,18268,33999],"class_list":["post-119813","post","type-post","status-publish","format-standard","hentry","category-sport","category-tunisie","tag-caf","tag-coupe-de-la-confederation-africaine-de-football","tag-marco-simone"],"yoast_head":"<!-- This site is optimized with the Yoast SEO plugin v26.6 - https:\/\/yoast.com\/wordpress\/plugins\/seo\/ -->\n<title>Marco Simone : \u00abCe sera plus difficile qu\u2019\u00e0 l\u2019aller\u00bb - Kapitalis<\/title>\n<meta name=\"robots\" content=\"index, follow, max-snippet:-1, max-image-preview:large, max-video-preview:-1\" \/>\n<link rel=\"canonical\" href=\"https:\/\/kapitalis.com\/tunisie\/2017\/10\/21\/marco-simone-ce-sera-plus-difficile-qua-laller\/\" \/>\n<meta property=\"og:locale\" content=\"fr_FR\" \/>\n<meta property=\"og:type\" content=\"article\" \/>\n<meta property=\"og:title\" content=\"Marco Simone : \u00abCe sera plus difficile qu\u2019\u00e0 l\u2019aller\u00bb - Kapitalis\" \/>\n<meta property=\"og:description\" content=\"L\u2019entra\u00eeneur italien du Club africain (CA) avertit ses joueurs contre tout exc\u00e8s de confiance contre les redoutables sud-africains, tr\u00e8s bons en contre-attaque.\" \/>\n<meta property=\"og:url\" content=\"https:\/\/kapitalis.com\/tunisie\/2017\/10\/21\/marco-simone-ce-sera-plus-difficile-qua-laller\/\" \/>\n<meta property=\"og:site_name\" content=\"Kapitalis\" \/>\n<meta property=\"article:publisher\" content=\"https:\/\/www.facebook.com\/KapitalisInfo\/\" \/>\n<meta property=\"article:published_time\" content=\"2017-10-21T19:54:53+00:00\" \/>\n<meta property=\"og:image\" content=\"http:\/\/kapitalis.com\/tunisie\/wp-content\/uploads\/2017\/09\/Marco-Simone-Ph-Koora.jpg\" \/>\n<meta name=\"author\" content=\"webmaster kapitalis\" \/>\n<meta name=\"twitter:card\" content=\"summary_large_image\" \/>\n<meta name=\"twitter:creator\" content=\"@KapitalisInfo\" \/>\n<meta name=\"twitter:site\" content=\"@KapitalisInfo\" \/>\n<meta name=\"twitter:label1\" content=\"\u00c9crit par\" \/>\n\t<meta name=\"twitter:data1\" content=\"webmaster kapitalis\" \/>\n\t<meta name=\"twitter:label2\" content=\"Dur\u00e9e de lecture estim\u00e9e\" \/>\n\t<meta name=\"twitter:data2\" content=\"1 minute\" \/>\n<script type=\"application\/ld+json\" class=\"yoast-schema-graph\">{\"@context\":\"https:\/\/schema.org\",\"@graph\":[{\"@type\":\"Article\",\"@id\":\"https:\/\/kapitalis.com\/tunisie\/2017\/10\/21\/marco-simone-ce-sera-plus-difficile-qua-laller\/#article\",\"isPartOf\":{\"@id\":\"https:\/\/kapitalis.com\/tunisie\/2017\/10\/21\/marco-simone-ce-sera-plus-difficile-qua-laller\/\"},\"author\":{\"name\":\"webmaster kapitalis\",\"@id\":\"https:\/\/kapitalis.com\/tunisie\/#\/schema\/person\/d71f33a9ca44f7bad4698210b480c8e9\"},\"headline\":\"Marco Simone : \u00abCe sera plus difficile qu\u2019\u00e0 l\u2019aller\u00bb\",\"datePublished\":\"2017-10-21T19:54:53+00:00\",\"mainEntityOfPage\":{\"@id\":\"https:\/\/kapitalis.com\/tunisie\/2017\/10\/21\/marco-simone-ce-sera-plus-difficile-qua-laller\/\"},\"wordCount\":268,\"commentCount\":0,\"publisher\":{\"@id\":\"https:\/\/kapitalis.com\/tunisie\/#organization\"},\"image\":{\"@id\":\"https:\/\/kapitalis.com\/tunisie\/2017\/10\/21\/marco-simone-ce-sera-plus-difficile-qua-laller\/#primaryimage\"},\"thumbnailUrl\":\"http:\/\/kapitalis.com\/tunisie\/wp-content\/uploads\/2017\/09\/Marco-Simone-Ph-Koora.jpg\",\"keywords\":[\"CAF\",\"Coupe de la conf\u00e9d\u00e9ration africaine de football\",\"Marco Simone\"],\"articleSection\":[\"SPORT\",\"Tunisie\"],\"inLanguage\":\"fr-FR\",\"potentialAction\":[{\"@type\":\"CommentAction\",\"name\":\"Comment\",\"target\":[\"https:\/\/kapitalis.com\/tunisie\/2017\/10\/21\/marco-simone-ce-sera-plus-difficile-qua-laller\/#respond\"]}]},{\"@type\":\"WebPage\",\"@id\":\"https:\/\/kapitalis.com\/tunisie\/2017\/10\/21\/marco-simone-ce-sera-plus-difficile-qua-laller\/\",\"url\":\"https:\/\/kapitalis.com\/tunisie\/2017\/10\/21\/marco-simone-ce-sera-plus-difficile-qua-laller\/\",\"name\":\"Marco Simone : \u00abCe sera plus difficile qu\u2019\u00e0 l\u2019aller\u00bb - Kapitalis\",\"isPartOf\":{\"@id\":\"https:\/\/kapitalis.com\/tunisie\/#website\"},\"primaryImageOfPage\":{\"@id\":\"https:\/\/kapitalis.com\/tunisie\/2017\/10\/21\/marco-simone-ce-sera-plus-difficile-qua-laller\/#primaryimage\"},\"image\":{\"@id\":\"https:\/\/kapitalis.com\/tunisie\/2017\/10\/21\/marco-simone-ce-sera-plus-difficile-qua-laller\/#primaryimage\"},\"thumbnailUrl\":\"http:\/\/kapitalis.com\/tunisie\/wp-content\/uploads\/2017\/09\/Marco-Simone-Ph-Koora.jpg\",\"datePublished\":\"2017-10-21T19:54:53+00:00\",\"breadcrumb\":{\"@id\":\"https:\/\/kapitalis.com\/tunisie\/2017\/10\/21\/marco-simone-ce-sera-plus-difficile-qua-laller\/#breadcrumb\"},\"inLanguage\":\"fr-FR\",\"potentialAction\":[{\"@type\":\"ReadAction\",\"target\":[\"https:\/\/kapitalis.com\/tunisie\/2017\/10\/21\/marco-simone-ce-sera-plus-difficile-qua-laller\/\"]}]},{\"@type\":\"ImageObject\",\"inLanguage\":\"fr-FR\",\"@id\":\"https:\/\/kapitalis.com\/tunisie\/2017\/10\/21\/marco-simone-ce-sera-plus-difficile-qua-laller\/#primaryimage\",\"url\":\"http:\/\/kapitalis.com\/tunisie\/wp-content\/uploads\/2017\/09\/Marco-Simone-Ph-Koora.jpg\",\"contentUrl\":\"http:\/\/kapitalis.com\/tunisie\/wp-content\/uploads\/2017\/09\/Marco-Simone-Ph-Koora.jpg\"},{\"@type\":\"BreadcrumbList\",\"@id\":\"https:\/\/kapitalis.com\/tunisie\/2017\/10\/21\/marco-simone-ce-sera-plus-difficile-qua-laller\/#breadcrumb\",\"itemListElement\":[{\"@type\":\"ListItem\",\"position\":1,\"name\":\"Accueil\",\"item\":\"https:\/\/kapitalis.com\/tunisie\/\"},{\"@type\":\"ListItem\",\"position\":2,\"name\":\"Marco Simone : \u00abCe sera plus difficile qu\u2019\u00e0 l\u2019aller\u00bb\"}]},{\"@type\":\"WebSite\",\"@id\":\"https:\/\/kapitalis.com\/tunisie\/#website\",\"url\":\"https:\/\/kapitalis.com\/tunisie\/\",\"name\":\"Kapitalis\",\"description\":\"L&#039;actualit\u00e9 en Tunisie et dans le monde\",\"publisher\":{\"@id\":\"https:\/\/kapitalis.com\/tunisie\/#organization\"},\"potentialAction\":[{\"@type\":\"SearchAction\",\"target\":{\"@type\":\"EntryPoint\",\"urlTemplate\":\"https:\/\/kapitalis.com\/tunisie\/?s={search_term_string}\"},\"query-input\":{\"@type\":\"PropertyValueSpecification\",\"valueRequired\":true,\"valueName\":\"search_term_string\"}}],\"inLanguage\":\"fr-FR\"},{\"@type\":\"Organization\",\"@id\":\"https:\/\/kapitalis.com\/tunisie\/#organization\",\"name\":\"Kapitalis\",\"url\":\"https:\/\/kapitalis.com\/tunisie\/\",\"logo\":{\"@type\":\"ImageObject\",\"inLanguage\":\"fr-FR\",\"@id\":\"https:\/\/kapitalis.com\/tunisie\/#\/schema\/logo\/image\/\",\"url\":\"https:\/\/kapitalis.com\/tunisie\/wp-content\/uploads\/2022\/05\/Kapitalis-big-size.png\",\"contentUrl\":\"https:\/\/kapitalis.com\/tunisie\/wp-content\/uploads\/2022\/05\/Kapitalis-big-size.png\",\"width\":5000,\"height\":1500,\"caption\":\"Kapitalis\"},\"image\":{\"@id\":\"https:\/\/kapitalis.com\/tunisie\/#\/schema\/logo\/image\/\"},\"sameAs\":[\"https:\/\/www.facebook.com\/KapitalisInfo\/\",\"https:\/\/x.com\/KapitalisInfo\",\"https:\/\/www.youtube.com\/channel\/UC-yDYrHyfFBWWZaOw3FPg9Q\"]},{\"@type\":\"Person\",\"@id\":\"https:\/\/kapitalis.com\/tunisie\/#\/schema\/person\/d71f33a9ca44f7bad4698210b480c8e9\",\"name\":\"webmaster kapitalis\",\"url\":\"https:\/\/kapitalis.com\/tunisie\/author\/webmaster-kapitalis\/\"}]}<\/script>\n<!-- \/ Yoast SEO plugin. -->","yoast_head_json":{"title":"Marco Simone : \u00abCe sera plus difficile qu\u2019\u00e0 l\u2019aller\u00bb - Kapitalis","robots":{"index":"index","follow":"follow","max-snippet":"max-snippet:-1","max-image-preview":"max-image-preview:large","max-video-preview":"max-video-preview:-1"},"canonical":"https:\/\/kapitalis.com\/tunisie\/2017\/10\/21\/marco-simone-ce-sera-plus-difficile-qua-laller\/","og_locale":"fr_FR","og_type":"article","og_title":"Marco Simone : \u00abCe sera plus difficile qu\u2019\u00e0 l\u2019aller\u00bb - Kapitalis","og_description":"L\u2019entra\u00eeneur italien du Club africain (CA) avertit ses joueurs contre tout exc\u00e8s de confiance contre les redoutables sud-africains, tr\u00e8s bons en contre-attaque.","og_url":"https:\/\/kapitalis.com\/tunisie\/2017\/10\/21\/marco-simone-ce-sera-plus-difficile-qua-laller\/","og_site_name":"Kapitalis","article_publisher":"https:\/\/www.facebook.com\/KapitalisInfo\/","article_published_time":"2017-10-21T19:54:53+00:00","og_image":[{"url":"http:\/\/kapitalis.com\/tunisie\/wp-content\/uploads\/2017\/09\/Marco-Simone-Ph-Koora.jpg","type":"","width":"","height":""}],"author":"webmaster kapitalis","twitter_card":"summary_large_image","twitter_creator":"@KapitalisInfo","twitter_site":"@KapitalisInfo","twitter_misc":{"\u00c9crit par":"webmaster kapitalis","Dur\u00e9e de lecture estim\u00e9e":"1 minute"},"schema":{"@context":"https:\/\/schema.org","@graph":[{"@type":"Article","@id":"https:\/\/kapitalis.com\/tunisie\/2017\/10\/21\/marco-simone-ce-sera-plus-difficile-qua-laller\/#article","isPartOf":{"@id":"https:\/\/kapitalis.com\/tunisie\/2017\/10\/21\/marco-simone-ce-sera-plus-difficile-qua-laller\/"},"author":{"name":"webmaster kapitalis","@id":"https:\/\/kapitalis.com\/tunisie\/#\/schema\/person\/d71f33a9ca44f7bad4698210b480c8e9"},"headline":"Marco Simone : \u00abCe sera plus difficile qu\u2019\u00e0 l\u2019aller\u00bb","datePublished":"2017-10-21T19:54:53+00:00","mainEntityOfPage":{"@id":"https:\/\/kapitalis.com\/tunisie\/2017\/10\/21\/marco-simone-ce-sera-plus-difficile-qua-laller\/"},"wordCount":268,"commentCount":0,"publisher":{"@id":"https:\/\/kapitalis.com\/tunisie\/#organization"},"image":{"@id":"https:\/\/kapitalis.com\/tunisie\/2017\/10\/21\/marco-simone-ce-sera-plus-difficile-qua-laller\/#primaryimage"},"thumbnailUrl":"http:\/\/kapitalis.com\/tunisie\/wp-content\/uploads\/2017\/09\/Marco-Simone-Ph-Koora.jpg","keywords":["CAF","Coupe de la conf\u00e9d\u00e9ration africaine de football","Marco Simone"],"articleSection":["SPORT","Tunisie"],"inLanguage":"fr-FR","potentialAction":[{"@type":"CommentAction","name":"Comment","target":["https:\/\/kapitalis.com\/tunisie\/2017\/10\/21\/marco-simone-ce-sera-plus-difficile-qua-laller\/#respond"]}]},{"@type":"WebPage","@id":"https:\/\/kapitalis.com\/tunisie\/2017\/10\/21\/marco-simone-ce-sera-plus-difficile-qua-laller\/","url":"https:\/\/kapitalis.com\/tunisie\/2017\/10\/21\/marco-simone-ce-sera-plus-difficile-qua-laller\/","name":"Marco Simone : \u00abCe sera plus difficile qu\u2019\u00e0 l\u2019aller\u00bb - Kapitalis","isPartOf":{"@id":"https:\/\/kapitalis.com\/tunisie\/#website"},"primaryImageOfPage":{"@id":"https:\/\/kapitalis.com\/tunisie\/2017\/10\/21\/marco-simone-ce-sera-plus-difficile-qua-laller\/#primaryimage"},"image":{"@id":"https:\/\/kapitalis.com\/tunisie\/2017\/10\/21\/marco-simone-ce-sera-plus-difficile-qua-laller\/#primaryimage"},"thumbnailUrl":"http:\/\/kapitalis.com\/tunisie\/wp-content\/uploads\/2017\/09\/Marco-Simone-Ph-Koora.jpg","datePublished":"2017-10-21T19:54:53+00:00","breadcrumb":{"@id":"https:\/\/kapitalis.com\/tunisie\/2017\/10\/21\/marco-simone-ce-sera-plus-difficile-qua-laller\/#breadcrumb"},"inLanguage":"fr-FR","potentialAction":[{"@type":"ReadAction","target":["https:\/\/kapitalis.com\/tunisie\/2017\/10\/21\/marco-simone-ce-sera-plus-difficile-qua-laller\/"]}]},{"@type":"ImageObject","inLanguage":"fr-FR","@id":"https:\/\/kapitalis.com\/tunisie\/2017\/10\/21\/marco-simone-ce-sera-plus-difficile-qua-laller\/#primaryimage","url":"http:\/\/kapitalis.com\/tunisie\/wp-content\/uploads\/2017\/09\/Marco-Simone-Ph-Koora.jpg","contentUrl":"http:\/\/kapitalis.com\/tunisie\/wp-content\/uploads\/2017\/09\/Marco-Simone-Ph-Koora.jpg"},{"@type":"BreadcrumbList","@id":"https:\/\/kapitalis.com\/tunisie\/2017\/10\/21\/marco-simone-ce-sera-plus-difficile-qua-laller\/#breadcrumb","itemListElement":[{"@type":"ListItem","position":1,"name":"Accueil","item":"https:\/\/kapitalis.com\/tunisie\/"},{"@type":"ListItem","position":2,"name":"Marco Simone : \u00abCe sera plus difficile qu\u2019\u00e0 l\u2019aller\u00bb"}]},{"@type":"WebSite","@id":"https:\/\/kapitalis.com\/tunisie\/#website","url":"https:\/\/kapitalis.com\/tunisie\/","name":"Kapitalis","description":"L&#039;actualit\u00e9 en Tunisie et dans le monde","publisher":{"@id":"https:\/\/kapitalis.com\/tunisie\/#organization"},"potentialAction":[{"@type":"SearchAction","target":{"@type":"EntryPoint","urlTemplate":"https:\/\/kapitalis.com\/tunisie\/?s={search_term_string}"},"query-input":{"@type":"PropertyValueSpecification","valueRequired":true,"valueName":"search_term_string"}}],"inLanguage":"fr-FR"},{"@type":"Organization","@id":"https:\/\/kapitalis.com\/tunisie\/#organization","name":"Kapitalis","url":"https:\/\/kapitalis.com\/tunisie\/","logo":{"@type":"ImageObject","inLanguage":"fr-FR","@id":"https:\/\/kapitalis.com\/tunisie\/#\/schema\/logo\/image\/","url":"https:\/\/kapitalis.com\/tunisie\/wp-content\/uploads\/2022\/05\/Kapitalis-big-size.png","contentUrl":"https:\/\/kapitalis.com\/tunisie\/wp-content\/uploads\/2022\/05\/Kapitalis-big-size.png","width":5000,"height":1500,"caption":"Kapitalis"},"image":{"@id":"https:\/\/kapitalis.com\/tunisie\/#\/schema\/logo\/image\/"},"sameAs":["https:\/\/www.facebook.com\/KapitalisInfo\/","https:\/\/x.com\/KapitalisInfo","https:\/\/www.youtube.com\/channel\/UC-yDYrHyfFBWWZaOw3FPg9Q"]},{"@type":"Person","@id":"https:\/\/kapitalis.com\/tunisie\/#\/schema\/person\/d71f33a9ca44f7bad4698210b480c8e9","name":"webmaster kapitalis","url":"https:\/\/kapitalis.com\/tunisie\/author\/webmaster-kapitalis\/"}]}},"_links":{"self":[{"href":"https:\/\/kapitalis.com\/tunisie\/wp-json\/wp\/v2\/posts\/119813","targetHints":{"allow":["GET"]}}],"collection":[{"href":"https:\/\/kapitalis.com\/tunisie\/wp-json\/wp\/v2\/posts"}],"about":[{"href":"https:\/\/kapitalis.com\/tunisie\/wp-json\/wp\/v2\/types\/post"}],"author":[{"embeddable":true,"href":"https:\/\/kapitalis.com\/tunisie\/wp-json\/wp\/v2\/users\/8"}],"replies":[{"embeddable":true,"href":"https:\/\/kapitalis.com\/tunisie\/wp-json\/wp\/v2\/comments?post=119813"}],"version-history":[{"count":0,"href":"https:\/\/kapitalis.com\/tunisie\/wp-json\/wp\/v2\/posts\/119813\/revisions"}],"wp:attachment":[{"href":"https:\/\/kapitalis.com\/tunisie\/wp-json\/wp\/v2\/media?parent=119813"}],"wp:term":[{"taxonomy":"category","embeddable":true,"href":"https:\/\/kapitalis.com\/tunisie\/wp-json\/wp\/v2\/categories?post=119813"},{"taxonomy":"post_tag","embeddable":true,"href":"https:\/\/kapitalis.com\/tunisie\/wp-json\/wp\/v2\/tags?post=119813"}],"curies":[{"name":"wp","href":"https:\/\/api.w.org\/{rel}","templated":true}]}}