{"id":119820,"date":"2017-10-22T08:40:24","date_gmt":"2017-10-22T07:40:24","guid":{"rendered":"http:\/\/kapitalis.com\/tunisie\/?p=119820"},"modified":"2017-10-23T17:50:06","modified_gmt":"2017-10-23T16:50:06","slug":"scandale-weinstein-tarak-ben-ammar-aux-manettes-de-twc","status":"publish","type":"post","link":"https:\/\/kapitalis.com\/tunisie\/2017\/10\/22\/scandale-weinstein-tarak-ben-ammar-aux-manettes-de-twc\/","title":{"rendered":"Scandale Weinstein: Tarak Ben Ammar aux manettes de TWC"},"content":{"rendered":"<p style=\"text-align: center;\"><img loading=\"lazy\" decoding=\"async\" class=\"alignnone size-full wp-image-119821\" src=\"http:\/\/kapitalis.com\/tunisie\/wp-content\/uploads\/2017\/10\/Harvey-Weinstein-Tarak-Ben-Ammar.jpg\" alt=\"\" width=\"626\" height=\"380\" \/><\/p>\n<p style=\"text-align: center;\"><em>Harvey Weinstein \/\u00a0Tarak Ben Ammar.<\/em><\/p>\n<p><em><strong>Le producteur tunisien Tarak Ben Ammar dirige d\u00e9sormais le g\u00e9ant TWC du tr\u00e8s affaibli Harvey Weinstein, \u00e9clabouss\u00e9 par le scandale du harc\u00e8lement sexuel.<\/strong> <\/em><\/p>\n<p><!--more--><\/p>\n<p>Il d\u00e9buta sa carri\u00e8re en assurant le service-restauration pour<em> \u2018\u2018Star Wars\u2019\u2019<\/em>. Il a tr\u00e8s vite atteint les sommets en devenant, par exemple, conseiller de Rupert Murdoch. A pr\u00e9sent, il est aux commandes de la TWC.<\/p>\n<p>Lorsque la tr\u00e8s affaiblie Weinstein Company (TWC) a annonc\u00e9, lundi 16 octobre 2017, une injection de capital salvatrice de la part de la Colony Capital, ce n\u2019\u00e9tait pas son pr\u00e9sident, Bob Weinstein, qui a rendu publique cette nouvelle. C\u2019est le conseiller en n\u00e9gociation tunisien, Tarak Ben Ammar, qui, bien que relativement peu connu du grand public, a occup\u00e9 le devant de la sc\u00e8ne.<\/p>\n<p>Dans sa d\u00e9claration, Tarak Ben Ammar, directeur de la TWC, a indiqu\u00e9 qu\u2019il parlait <em>\u00abau nom du conseil d\u2019administration\u00bb<\/em> de la compagnie pour exprimer la satisfaction du groupe de voir se r\u00e9aliser cette op\u00e9ration de sauvetage financier conclue avec la Colony Capital, filiale de capital de risque de la Colony NorthStar, la firme internationale de fonds d\u2019investissement priv\u00e9s bas\u00e9e \u00e0 Los Angeles.<\/p>\n<p>Ce plan de sauvetage a \u00e9t\u00e9 le r\u00e9sultat d\u2019une n\u00e9gociation marathon, le week-end pr\u00e9c\u00e9dent, men\u00e9e par Tarak Ben Ammar et le pr\u00e9sident de la Colony, Tom Barrack, qui a rachet\u00e9 le premier studio de la TWC, Miramax, de Disney, et s\u2019est r\u00e9cemment encore plus fait remarquer en devenant un ami tr\u00e8s proche et conseiller du pr\u00e9sident am\u00e9ricain Donald Trump.<\/p>\n<p>Bref, Tarak Ben Ammar se place d\u00e9sormais en v\u00e9ritable figure de proue de la TWC \u00e0 un moment o\u00f9 ce g\u00e9ant de la production cin\u00e9matographique mondiale tente de sauver sa mise financi\u00e8re et de soigner sa r\u00e9putation \u00e0 la suite de l\u2019avalanche d\u2019accusations de harc\u00e8lement sexuel qui s\u2019est abattue sur Harvey Weinstein, fondateur avec son fr\u00e8re Bob Weinstein de la TWC, en 2005.<\/p>\n<p style=\"text-align: center;\"><img loading=\"lazy\" decoding=\"async\" class=\"alignnone size-full wp-image-119822\" src=\"http:\/\/kapitalis.com\/tunisie\/wp-content\/uploads\/2017\/10\/Tarak-Ben-Ammar-avec-Silvio-Berlusconi-et-Anna-Craxi-en-Tunisie-1984..jpg\" alt=\"\" width=\"626\" height=\"380\" \/><\/p>\n<p style=\"text-align: center;\"><em>Tarak Ben Ammar, avec Silvio Berlusconi et Anna Craxi en Tunisie, 1984.<\/em><\/p>\n<p>M\u00eame s\u2019il ne produit des films qu\u2019occasionnellement, Tarak Ben Ammar reste ind\u00e9niablement une des personnalit\u00e9s les plus en vue de l\u2019industrie mondiale du cin\u00e9ma: il est tr\u00e8s proche conseiller de g\u00e9ants des m\u00e9dias internationaux comme Silvio Berlusconi, en Italie, Vincent Bollor\u00e9, en France, ou Rupert Murdoch, pour le monde anglophone. Son choix pour \u00eatre le porte-parole de la TWC, en lieu et place de Bob Weinstein, laisse comprendre que Ben Ammar aura d\u00e9sormais la charge de parler et d\u2019agir au nom du conseil d\u2019administration de la Weinstein Company et de la Colony Capital, le nouvel investisseur, et de tenter \u00e9galement de regagner la confiance des acteurs \u2013 et actrices ! \u2013, des r\u00e9alisateurs et des distributeurs qui ont l\u00e2ch\u00e9 la TWC ou sont sur le point de le faire.<\/p>\n<p>D\u00e9sormais, c\u2019est la magie Ben Ammar qui est \u00e0 l\u2019exercice \u2013associ\u00e9e \u00e0 celle de Tom Barrack, citoyen am\u00e9ricain d\u2019origine libanaise\u2026<\/p>\n<p style=\"text-align: right;\"><strong>Marwan Chahla<\/strong><\/p>\n","protected":false},"excerpt":{"rendered":"<p>Harvey Weinstein \/\u00a0Tarak Ben Ammar. Le producteur tunisien Tarak Ben Ammar dirige d\u00e9sormais le g\u00e9ant TWC du tr\u00e8s affaibli Harvey Weinstein, \u00e9clabouss\u00e9 par le scandale du harc\u00e8lement sexuel.<\/p>\n","protected":false},"author":8,"featured_media":119821,"comment_status":"open","ping_status":"open","sticky":false,"template":"","format":"standard","meta":{"footnotes":""},"categories":[994,2433],"tags":[2153,19354],"class_list":["post-119820","post","type-post","status-publish","format-standard","has-post-thumbnail","hentry","category-culture","category-tunisie","tag-harcelement-sexuel","tag-tarak-ben-ammar"],"yoast_head":"<!-- This site is optimized with the Yoast SEO plugin v26.6 - https:\/\/yoast.com\/wordpress\/plugins\/seo\/ -->\n<title>Scandale Weinstein: Tarak Ben Ammar aux manettes de TWC - Kapitalis<\/title>\n<meta name=\"robots\" content=\"index, follow, max-snippet:-1, max-image-preview:large, max-video-preview:-1\" \/>\n<link rel=\"canonical\" href=\"https:\/\/kapitalis.com\/tunisie\/2017\/10\/22\/scandale-weinstein-tarak-ben-ammar-aux-manettes-de-twc\/\" \/>\n<meta property=\"og:locale\" content=\"fr_FR\" \/>\n<meta property=\"og:type\" content=\"article\" \/>\n<meta property=\"og:title\" content=\"Scandale Weinstein: Tarak Ben Ammar aux manettes de TWC - Kapitalis\" \/>\n<meta property=\"og:description\" content=\"Harvey Weinstein \/\u00a0Tarak Ben Ammar. Le producteur tunisien Tarak Ben Ammar dirige d\u00e9sormais le g\u00e9ant TWC du tr\u00e8s affaibli Harvey Weinstein, \u00e9clabouss\u00e9 par le scandale du harc\u00e8lement sexuel.\" \/>\n<meta property=\"og:url\" content=\"https:\/\/kapitalis.com\/tunisie\/2017\/10\/22\/scandale-weinstein-tarak-ben-ammar-aux-manettes-de-twc\/\" \/>\n<meta property=\"og:site_name\" content=\"Kapitalis\" \/>\n<meta property=\"article:publisher\" content=\"https:\/\/www.facebook.com\/KapitalisInfo\/\" \/>\n<meta property=\"article:published_time\" content=\"2017-10-22T07:40:24+00:00\" \/>\n<meta property=\"article:modified_time\" content=\"2017-10-23T16:50:06+00:00\" \/>\n<meta property=\"og:image\" content=\"https:\/\/kapitalis.com\/tunisie\/wp-content\/uploads\/2022\/05\/kapitalis-logo-fb.png\" \/>\n\t<meta property=\"og:image:width\" content=\"1200\" \/>\n\t<meta property=\"og:image:height\" content=\"630\" \/>\n\t<meta property=\"og:image:type\" content=\"image\/png\" \/>\n<meta name=\"author\" content=\"webmaster kapitalis\" \/>\n<meta name=\"twitter:card\" content=\"summary_large_image\" \/>\n<meta name=\"twitter:creator\" content=\"@KapitalisInfo\" \/>\n<meta name=\"twitter:site\" content=\"@KapitalisInfo\" \/>\n<meta name=\"twitter:label1\" content=\"\u00c9crit par\" \/>\n\t<meta name=\"twitter:data1\" content=\"webmaster kapitalis\" \/>\n\t<meta name=\"twitter:label2\" content=\"Dur\u00e9e de lecture estim\u00e9e\" \/>\n\t<meta name=\"twitter:data2\" content=\"3 minutes\" \/>\n<script type=\"application\/ld+json\" class=\"yoast-schema-graph\">{\"@context\":\"https:\/\/schema.org\",\"@graph\":[{\"@type\":\"Article\",\"@id\":\"https:\/\/kapitalis.com\/tunisie\/2017\/10\/22\/scandale-weinstein-tarak-ben-ammar-aux-manettes-de-twc\/#article\",\"isPartOf\":{\"@id\":\"https:\/\/kapitalis.com\/tunisie\/2017\/10\/22\/scandale-weinstein-tarak-ben-ammar-aux-manettes-de-twc\/\"},\"author\":{\"name\":\"webmaster kapitalis\",\"@id\":\"https:\/\/kapitalis.com\/tunisie\/#\/schema\/person\/d71f33a9ca44f7bad4698210b480c8e9\"},\"headline\":\"Scandale Weinstein: Tarak Ben Ammar aux manettes de TWC\",\"datePublished\":\"2017-10-22T07:40:24+00:00\",\"dateModified\":\"2017-10-23T16:50:06+00:00\",\"mainEntityOfPage\":{\"@id\":\"https:\/\/kapitalis.com\/tunisie\/2017\/10\/22\/scandale-weinstein-tarak-ben-ammar-aux-manettes-de-twc\/\"},\"wordCount\":536,\"commentCount\":7,\"publisher\":{\"@id\":\"https:\/\/kapitalis.com\/tunisie\/#organization\"},\"image\":{\"@id\":\"https:\/\/kapitalis.com\/tunisie\/2017\/10\/22\/scandale-weinstein-tarak-ben-ammar-aux-manettes-de-twc\/#primaryimage\"},\"thumbnailUrl\":\"\",\"keywords\":[\"harc\u00e8lement sexuel\",\"Tarak Ben Ammar\"],\"articleSection\":[\"CULTURE\",\"Tunisie\"],\"inLanguage\":\"fr-FR\",\"potentialAction\":[{\"@type\":\"CommentAction\",\"name\":\"Comment\",\"target\":[\"https:\/\/kapitalis.com\/tunisie\/2017\/10\/22\/scandale-weinstein-tarak-ben-ammar-aux-manettes-de-twc\/#respond\"]}]},{\"@type\":\"WebPage\",\"@id\":\"https:\/\/kapitalis.com\/tunisie\/2017\/10\/22\/scandale-weinstein-tarak-ben-ammar-aux-manettes-de-twc\/\",\"url\":\"https:\/\/kapitalis.com\/tunisie\/2017\/10\/22\/scandale-weinstein-tarak-ben-ammar-aux-manettes-de-twc\/\",\"name\":\"Scandale Weinstein: Tarak Ben Ammar aux manettes de TWC - Kapitalis\",\"isPartOf\":{\"@id\":\"https:\/\/kapitalis.com\/tunisie\/#website\"},\"primaryImageOfPage\":{\"@id\":\"https:\/\/kapitalis.com\/tunisie\/2017\/10\/22\/scandale-weinstein-tarak-ben-ammar-aux-manettes-de-twc\/#primaryimage\"},\"image\":{\"@id\":\"https:\/\/kapitalis.com\/tunisie\/2017\/10\/22\/scandale-weinstein-tarak-ben-ammar-aux-manettes-de-twc\/#primaryimage\"},\"thumbnailUrl\":\"\",\"datePublished\":\"2017-10-22T07:40:24+00:00\",\"dateModified\":\"2017-10-23T16:50:06+00:00\",\"breadcrumb\":{\"@id\":\"https:\/\/kapitalis.com\/tunisie\/2017\/10\/22\/scandale-weinstein-tarak-ben-ammar-aux-manettes-de-twc\/#breadcrumb\"},\"inLanguage\":\"fr-FR\",\"potentialAction\":[{\"@type\":\"ReadAction\",\"target\":[\"https:\/\/kapitalis.com\/tunisie\/2017\/10\/22\/scandale-weinstein-tarak-ben-ammar-aux-manettes-de-twc\/\"]}]},{\"@type\":\"ImageObject\",\"inLanguage\":\"fr-FR\",\"@id\":\"https:\/\/kapitalis.com\/tunisie\/2017\/10\/22\/scandale-weinstein-tarak-ben-ammar-aux-manettes-de-twc\/#primaryimage\",\"url\":\"\",\"contentUrl\":\"\"},{\"@type\":\"BreadcrumbList\",\"@id\":\"https:\/\/kapitalis.com\/tunisie\/2017\/10\/22\/scandale-weinstein-tarak-ben-ammar-aux-manettes-de-twc\/#breadcrumb\",\"itemListElement\":[{\"@type\":\"ListItem\",\"position\":1,\"name\":\"Accueil\",\"item\":\"https:\/\/kapitalis.com\/tunisie\/\"},{\"@type\":\"ListItem\",\"position\":2,\"name\":\"Scandale Weinstein: Tarak Ben Ammar aux manettes de TWC\"}]},{\"@type\":\"WebSite\",\"@id\":\"https:\/\/kapitalis.com\/tunisie\/#website\",\"url\":\"https:\/\/kapitalis.com\/tunisie\/\",\"name\":\"Kapitalis\",\"description\":\"L&#039;actualit\u00e9 en Tunisie et dans le monde\",\"publisher\":{\"@id\":\"https:\/\/kapitalis.com\/tunisie\/#organization\"},\"potentialAction\":[{\"@type\":\"SearchAction\",\"target\":{\"@type\":\"EntryPoint\",\"urlTemplate\":\"https:\/\/kapitalis.com\/tunisie\/?s={search_term_string}\"},\"query-input\":{\"@type\":\"PropertyValueSpecification\",\"valueRequired\":true,\"valueName\":\"search_term_string\"}}],\"inLanguage\":\"fr-FR\"},{\"@type\":\"Organization\",\"@id\":\"https:\/\/kapitalis.com\/tunisie\/#organization\",\"name\":\"Kapitalis\",\"url\":\"https:\/\/kapitalis.com\/tunisie\/\",\"logo\":{\"@type\":\"ImageObject\",\"inLanguage\":\"fr-FR\",\"@id\":\"https:\/\/kapitalis.com\/tunisie\/#\/schema\/logo\/image\/\",\"url\":\"https:\/\/kapitalis.com\/tunisie\/wp-content\/uploads\/2022\/05\/Kapitalis-big-size.png\",\"contentUrl\":\"https:\/\/kapitalis.com\/tunisie\/wp-content\/uploads\/2022\/05\/Kapitalis-big-size.png\",\"width\":5000,\"height\":1500,\"caption\":\"Kapitalis\"},\"image\":{\"@id\":\"https:\/\/kapitalis.com\/tunisie\/#\/schema\/logo\/image\/\"},\"sameAs\":[\"https:\/\/www.facebook.com\/KapitalisInfo\/\",\"https:\/\/x.com\/KapitalisInfo\",\"https:\/\/www.youtube.com\/channel\/UC-yDYrHyfFBWWZaOw3FPg9Q\"]},{\"@type\":\"Person\",\"@id\":\"https:\/\/kapitalis.com\/tunisie\/#\/schema\/person\/d71f33a9ca44f7bad4698210b480c8e9\",\"name\":\"webmaster kapitalis\",\"url\":\"https:\/\/kapitalis.com\/tunisie\/author\/webmaster-kapitalis\/\"}]}<\/script>\n<!-- \/ Yoast SEO plugin. -->","yoast_head_json":{"title":"Scandale Weinstein: Tarak Ben Ammar aux manettes de TWC - Kapitalis","robots":{"index":"index","follow":"follow","max-snippet":"max-snippet:-1","max-image-preview":"max-image-preview:large","max-video-preview":"max-video-preview:-1"},"canonical":"https:\/\/kapitalis.com\/tunisie\/2017\/10\/22\/scandale-weinstein-tarak-ben-ammar-aux-manettes-de-twc\/","og_locale":"fr_FR","og_type":"article","og_title":"Scandale Weinstein: Tarak Ben Ammar aux manettes de TWC - Kapitalis","og_description":"Harvey Weinstein \/\u00a0Tarak Ben Ammar. Le producteur tunisien Tarak Ben Ammar dirige d\u00e9sormais le g\u00e9ant TWC du tr\u00e8s affaibli Harvey Weinstein, \u00e9clabouss\u00e9 par le scandale du harc\u00e8lement sexuel.","og_url":"https:\/\/kapitalis.com\/tunisie\/2017\/10\/22\/scandale-weinstein-tarak-ben-ammar-aux-manettes-de-twc\/","og_site_name":"Kapitalis","article_publisher":"https:\/\/www.facebook.com\/KapitalisInfo\/","article_published_time":"2017-10-22T07:40:24+00:00","article_modified_time":"2017-10-23T16:50:06+00:00","og_image":[{"width":1200,"height":630,"url":"https:\/\/kapitalis.com\/tunisie\/wp-content\/uploads\/2022\/05\/kapitalis-logo-fb.png","type":"image\/png"}],"author":"webmaster kapitalis","twitter_card":"summary_large_image","twitter_creator":"@KapitalisInfo","twitter_site":"@KapitalisInfo","twitter_misc":{"\u00c9crit par":"webmaster kapitalis","Dur\u00e9e de lecture estim\u00e9e":"3 minutes"},"schema":{"@context":"https:\/\/schema.org","@graph":[{"@type":"Article","@id":"https:\/\/kapitalis.com\/tunisie\/2017\/10\/22\/scandale-weinstein-tarak-ben-ammar-aux-manettes-de-twc\/#article","isPartOf":{"@id":"https:\/\/kapitalis.com\/tunisie\/2017\/10\/22\/scandale-weinstein-tarak-ben-ammar-aux-manettes-de-twc\/"},"author":{"name":"webmaster kapitalis","@id":"https:\/\/kapitalis.com\/tunisie\/#\/schema\/person\/d71f33a9ca44f7bad4698210b480c8e9"},"headline":"Scandale Weinstein: Tarak Ben Ammar aux manettes de TWC","datePublished":"2017-10-22T07:40:24+00:00","dateModified":"2017-10-23T16:50:06+00:00","mainEntityOfPage":{"@id":"https:\/\/kapitalis.com\/tunisie\/2017\/10\/22\/scandale-weinstein-tarak-ben-ammar-aux-manettes-de-twc\/"},"wordCount":536,"commentCount":7,"publisher":{"@id":"https:\/\/kapitalis.com\/tunisie\/#organization"},"image":{"@id":"https:\/\/kapitalis.com\/tunisie\/2017\/10\/22\/scandale-weinstein-tarak-ben-ammar-aux-manettes-de-twc\/#primaryimage"},"thumbnailUrl":"","keywords":["harc\u00e8lement sexuel","Tarak Ben Ammar"],"articleSection":["CULTURE","Tunisie"],"inLanguage":"fr-FR","potentialAction":[{"@type":"CommentAction","name":"Comment","target":["https:\/\/kapitalis.com\/tunisie\/2017\/10\/22\/scandale-weinstein-tarak-ben-ammar-aux-manettes-de-twc\/#respond"]}]},{"@type":"WebPage","@id":"https:\/\/kapitalis.com\/tunisie\/2017\/10\/22\/scandale-weinstein-tarak-ben-ammar-aux-manettes-de-twc\/","url":"https:\/\/kapitalis.com\/tunisie\/2017\/10\/22\/scandale-weinstein-tarak-ben-ammar-aux-manettes-de-twc\/","name":"Scandale Weinstein: Tarak Ben Ammar aux manettes de TWC - Kapitalis","isPartOf":{"@id":"https:\/\/kapitalis.com\/tunisie\/#website"},"primaryImageOfPage":{"@id":"https:\/\/kapitalis.com\/tunisie\/2017\/10\/22\/scandale-weinstein-tarak-ben-ammar-aux-manettes-de-twc\/#primaryimage"},"image":{"@id":"https:\/\/kapitalis.com\/tunisie\/2017\/10\/22\/scandale-weinstein-tarak-ben-ammar-aux-manettes-de-twc\/#primaryimage"},"thumbnailUrl":"","datePublished":"2017-10-22T07:40:24+00:00","dateModified":"2017-10-23T16:50:06+00:00","breadcrumb":{"@id":"https:\/\/kapitalis.com\/tunisie\/2017\/10\/22\/scandale-weinstein-tarak-ben-ammar-aux-manettes-de-twc\/#breadcrumb"},"inLanguage":"fr-FR","potentialAction":[{"@type":"ReadAction","target":["https:\/\/kapitalis.com\/tunisie\/2017\/10\/22\/scandale-weinstein-tarak-ben-ammar-aux-manettes-de-twc\/"]}]},{"@type":"ImageObject","inLanguage":"fr-FR","@id":"https:\/\/kapitalis.com\/tunisie\/2017\/10\/22\/scandale-weinstein-tarak-ben-ammar-aux-manettes-de-twc\/#primaryimage","url":"","contentUrl":""},{"@type":"BreadcrumbList","@id":"https:\/\/kapitalis.com\/tunisie\/2017\/10\/22\/scandale-weinstein-tarak-ben-ammar-aux-manettes-de-twc\/#breadcrumb","itemListElement":[{"@type":"ListItem","position":1,"name":"Accueil","item":"https:\/\/kapitalis.com\/tunisie\/"},{"@type":"ListItem","position":2,"name":"Scandale Weinstein: Tarak Ben Ammar aux manettes de TWC"}]},{"@type":"WebSite","@id":"https:\/\/kapitalis.com\/tunisie\/#website","url":"https:\/\/kapitalis.com\/tunisie\/","name":"Kapitalis","description":"L&#039;actualit\u00e9 en Tunisie et dans le monde","publisher":{"@id":"https:\/\/kapitalis.com\/tunisie\/#organization"},"potentialAction":[{"@type":"SearchAction","target":{"@type":"EntryPoint","urlTemplate":"https:\/\/kapitalis.com\/tunisie\/?s={search_term_string}"},"query-input":{"@type":"PropertyValueSpecification","valueRequired":true,"valueName":"search_term_string"}}],"inLanguage":"fr-FR"},{"@type":"Organization","@id":"https:\/\/kapitalis.com\/tunisie\/#organization","name":"Kapitalis","url":"https:\/\/kapitalis.com\/tunisie\/","logo":{"@type":"ImageObject","inLanguage":"fr-FR","@id":"https:\/\/kapitalis.com\/tunisie\/#\/schema\/logo\/image\/","url":"https:\/\/kapitalis.com\/tunisie\/wp-content\/uploads\/2022\/05\/Kapitalis-big-size.png","contentUrl":"https:\/\/kapitalis.com\/tunisie\/wp-content\/uploads\/2022\/05\/Kapitalis-big-size.png","width":5000,"height":1500,"caption":"Kapitalis"},"image":{"@id":"https:\/\/kapitalis.com\/tunisie\/#\/schema\/logo\/image\/"},"sameAs":["https:\/\/www.facebook.com\/KapitalisInfo\/","https:\/\/x.com\/KapitalisInfo","https:\/\/www.youtube.com\/channel\/UC-yDYrHyfFBWWZaOw3FPg9Q"]},{"@type":"Person","@id":"https:\/\/kapitalis.com\/tunisie\/#\/schema\/person\/d71f33a9ca44f7bad4698210b480c8e9","name":"webmaster kapitalis","url":"https:\/\/kapitalis.com\/tunisie\/author\/webmaster-kapitalis\/"}]}},"_links":{"self":[{"href":"https:\/\/kapitalis.com\/tunisie\/wp-json\/wp\/v2\/posts\/119820","targetHints":{"allow":["GET"]}}],"collection":[{"href":"https:\/\/kapitalis.com\/tunisie\/wp-json\/wp\/v2\/posts"}],"about":[{"href":"https:\/\/kapitalis.com\/tunisie\/wp-json\/wp\/v2\/types\/post"}],"author":[{"embeddable":true,"href":"https:\/\/kapitalis.com\/tunisie\/wp-json\/wp\/v2\/users\/8"}],"replies":[{"embeddable":true,"href":"https:\/\/kapitalis.com\/tunisie\/wp-json\/wp\/v2\/comments?post=119820"}],"version-history":[{"count":0,"href":"https:\/\/kapitalis.com\/tunisie\/wp-json\/wp\/v2\/posts\/119820\/revisions"}],"wp:featuredmedia":[{"embeddable":true,"href":"https:\/\/kapitalis.com\/tunisie\/wp-json\/wp\/v2\/media\/119821"}],"wp:attachment":[{"href":"https:\/\/kapitalis.com\/tunisie\/wp-json\/wp\/v2\/media?parent=119820"}],"wp:term":[{"taxonomy":"category","embeddable":true,"href":"https:\/\/kapitalis.com\/tunisie\/wp-json\/wp\/v2\/categories?post=119820"},{"taxonomy":"post_tag","embeddable":true,"href":"https:\/\/kapitalis.com\/tunisie\/wp-json\/wp\/v2\/tags?post=119820"}],"curies":[{"name":"wp","href":"https:\/\/api.w.org\/{rel}","templated":true}]}}