{"id":11992304,"date":"2024-03-07T19:36:14","date_gmt":"2024-03-07T18:36:14","guid":{"rendered":"https:\/\/kapitalis.com\/tunisie\/?p=11992304"},"modified":"2024-03-07T20:37:08","modified_gmt":"2024-03-07T19:37:08","slug":"pdl-mandat-de-depot-contre-meriem-sassi","status":"publish","type":"post","link":"https:\/\/kapitalis.com\/tunisie\/2024\/03\/07\/pdl-mandat-de-depot-contre-meriem-sassi\/","title":{"rendered":"PDL : Mandat de d\u00e9p\u00f4t contre Meriem Sassi"},"content":{"rendered":"\n<p><em><strong>Arr\u00eat\u00e9e lundi dernier, Meriem Sassi dirigeante et membre du conseil politique du Parti desoutrien libre (PDL), a fait l&rsquo;objet d&rsquo;un mandat de d\u00e9p\u00f4t, ce jeudi 7 mars 2024.<\/strong><\/em><\/p>\n\n\n\n<!--more-->\n\n\n\n<p>C&rsquo;est ce qu&rsquo;a indiqu\u00e9 le comit\u00e9 de d\u00e9fense, en pr\u00e9cisant que Meriem Sassi compara\u00eetra devant la Chambre p\u00e9nale le 14 mars pour des accusations de fraude informatique.<\/p>\n\n\n\n<p>Me Nafa\u00e2 Laribi avait annonc\u00e9 hier que la p\u00e9riode de garde \u00e0 vue de Meriem Sassi avait \u00e9t\u00e9 prolong\u00e9e pour une p\u00e9riode de 48h dans le cadre de l\u2019affaire du d\u00e9p\u00f4t du recours au bureau d\u2019ordre de la pr\u00e9sidence de la R\u00e9publique, en affirmant que le dossier est vide et que la justice devra la lib\u00e9rer.<\/p>\n\n\n\n<p>Rappelons que la jeune dirigeante PDL avait d\u00e9j\u00e0 \u00e9t\u00e9 arr\u00eat\u00e9e le 3 octobre \u00e0 ce propos, avant d\u2019\u00eatre rel\u00e2ch\u00e9e, sachant que la cheffe du Parti Abir Moussi est toujours en d\u00e9tention dans le cadre de cette affaire.<\/p>\n\n\n\n<p class=\"has-text-align-right\"><strong>Y. N.<\/strong><\/p>\n\n\n\n<figure class=\"wp-block-embed is-type-wp-embed is-provider-kapitalis wp-block-embed-kapitalis\"><div class=\"wp-block-embed__wrapper\">\n<blockquote class=\"wp-embedded-content\" data-secret=\"5yMtQVGXA3\"><a href=\"https:\/\/kapitalis.com\/tunisie\/2024\/03\/06\/pdl-la-garde-a-vue-de-meriem-sassi-prolongee\/\">PDL : La garde \u00e0 vue de Meriem Sassi prolong\u00e9e<\/a><\/blockquote><iframe loading=\"lazy\" class=\"wp-embedded-content\" sandbox=\"allow-scripts\" security=\"restricted\" style=\"position: absolute; clip: rect(1px, 1px, 1px, 1px);\" title=\"\u00ab\u00a0PDL : La garde \u00e0 vue de Meriem Sassi prolong\u00e9e\u00a0\u00bb &#8212; Kapitalis\" src=\"https:\/\/kapitalis.com\/tunisie\/2024\/03\/06\/pdl-la-garde-a-vue-de-meriem-sassi-prolongee\/embed\/#?secret=k3jNaquMo8#?secret=5yMtQVGXA3\" data-secret=\"5yMtQVGXA3\" width=\"600\" height=\"338\" frameborder=\"0\" marginwidth=\"0\" marginheight=\"0\" scrolling=\"no\"><\/iframe>\n<\/div><\/figure>\n\n\n\n<figure class=\"wp-block-embed is-type-wp-embed is-provider-kapitalis wp-block-embed-kapitalis\"><div class=\"wp-block-embed__wrapper\">\n<blockquote class=\"wp-embedded-content\" data-secret=\"92GExDYMPk\"><a href=\"https:\/\/kapitalis.com\/tunisie\/2024\/03\/07\/amnesty-petition-pour-la-liberation-de-la-presidente-du-pdl-abir-moussi\/\">Amnesty : P\u00e9tition pour la lib\u00e9ration de la pr\u00e9sidente du PDL Abir Moussi<\/a><\/blockquote><iframe loading=\"lazy\" class=\"wp-embedded-content\" sandbox=\"allow-scripts\" security=\"restricted\" style=\"position: absolute; clip: rect(1px, 1px, 1px, 1px);\" title=\"\u00ab\u00a0Amnesty : P\u00e9tition pour la lib\u00e9ration de la pr\u00e9sidente du PDL Abir Moussi\u00a0\u00bb &#8212; Kapitalis\" src=\"https:\/\/kapitalis.com\/tunisie\/2024\/03\/07\/amnesty-petition-pour-la-liberation-de-la-presidente-du-pdl-abir-moussi\/embed\/#?secret=tErwS4bIiS#?secret=92GExDYMPk\" data-secret=\"92GExDYMPk\" width=\"600\" height=\"338\" frameborder=\"0\" marginwidth=\"0\" marginheight=\"0\" scrolling=\"no\"><\/iframe>\n<\/div><\/figure>\n","protected":false},"excerpt":{"rendered":"<p>Arr\u00eat\u00e9e lundi dernier, Meriem Sassi dirigeante et membre du conseil politique du Parti desoutrien libre (PDL), a fait l&rsquo;objet d&rsquo;un mandat de d\u00e9p\u00f4t, ce jeudi 7 mars 2024.<\/p>\n","protected":false},"author":6,"featured_media":11904144,"comment_status":"open","ping_status":"open","sticky":false,"template":"","format":"standard","meta":{"footnotes":""},"categories":[997,2433],"tags":[15144,3566,111322,114331,33536,62643],"class_list":["post-11992304","post","type-post","status-publish","format-standard","has-post-thumbnail","hentry","category-politique","category-tunisie","tag-abir-moussi","tag-mandat-de-depot","tag-meriem-sassi","tag-parti-desoutrien-libre","tag-pdl","tag-tunisie"],"yoast_head":"<!-- This site is optimized with the Yoast SEO plugin v26.6 - https:\/\/yoast.com\/wordpress\/plugins\/seo\/ -->\n<title>PDL : Mandat de d\u00e9p\u00f4t contre Meriem Sassi - Kapitalis<\/title>\n<meta name=\"robots\" content=\"index, follow, max-snippet:-1, max-image-preview:large, max-video-preview:-1\" \/>\n<link rel=\"canonical\" href=\"https:\/\/kapitalis.com\/tunisie\/2024\/03\/07\/pdl-mandat-de-depot-contre-meriem-sassi\/\" \/>\n<meta property=\"og:locale\" content=\"fr_FR\" \/>\n<meta property=\"og:type\" content=\"article\" \/>\n<meta property=\"og:title\" content=\"PDL : Mandat de d\u00e9p\u00f4t contre Meriem Sassi - Kapitalis\" \/>\n<meta property=\"og:description\" content=\"Arr\u00eat\u00e9e lundi dernier, Meriem Sassi dirigeante et membre du conseil politique du Parti desoutrien libre (PDL), a fait l&rsquo;objet d&rsquo;un mandat de d\u00e9p\u00f4t, ce jeudi 7 mars 2024.\" \/>\n<meta property=\"og:url\" content=\"https:\/\/kapitalis.com\/tunisie\/2024\/03\/07\/pdl-mandat-de-depot-contre-meriem-sassi\/\" \/>\n<meta property=\"og:site_name\" content=\"Kapitalis\" \/>\n<meta property=\"article:publisher\" content=\"https:\/\/www.facebook.com\/KapitalisInfo\/\" \/>\n<meta property=\"article:published_time\" content=\"2024-03-07T18:36:14+00:00\" \/>\n<meta property=\"article:modified_time\" content=\"2024-03-07T19:37:08+00:00\" \/>\n<meta property=\"og:image\" content=\"https:\/\/kapitalis.com\/tunisie\/wp-content\/uploads\/2024\/03\/PDL-Meriem-Sassi.jpg\" \/>\n\t<meta property=\"og:image:width\" content=\"1200\" \/>\n\t<meta property=\"og:image:height\" content=\"630\" \/>\n\t<meta property=\"og:image:type\" content=\"image\/jpeg\" \/>\n<meta name=\"author\" content=\"Yusra NY\" \/>\n<meta name=\"twitter:card\" content=\"summary_large_image\" \/>\n<meta name=\"twitter:creator\" content=\"@KapitalisInfo\" \/>\n<meta name=\"twitter:site\" content=\"@KapitalisInfo\" \/>\n<meta name=\"twitter:label1\" content=\"\u00c9crit par\" \/>\n\t<meta name=\"twitter:data1\" content=\"Yusra NY\" \/>\n\t<meta name=\"twitter:label2\" content=\"Dur\u00e9e de lecture estim\u00e9e\" \/>\n\t<meta name=\"twitter:data2\" content=\"1 minute\" \/>\n<script type=\"application\/ld+json\" class=\"yoast-schema-graph\">{\"@context\":\"https:\/\/schema.org\",\"@graph\":[{\"@type\":\"Article\",\"@id\":\"https:\/\/kapitalis.com\/tunisie\/2024\/03\/07\/pdl-mandat-de-depot-contre-meriem-sassi\/#article\",\"isPartOf\":{\"@id\":\"https:\/\/kapitalis.com\/tunisie\/2024\/03\/07\/pdl-mandat-de-depot-contre-meriem-sassi\/\"},\"author\":{\"name\":\"Yusra NY\",\"@id\":\"https:\/\/kapitalis.com\/tunisie\/#\/schema\/person\/74bbde0154d49d790a92aaeac5bc01d5\"},\"headline\":\"PDL : Mandat de d\u00e9p\u00f4t contre Meriem Sassi\",\"datePublished\":\"2024-03-07T18:36:14+00:00\",\"dateModified\":\"2024-03-07T19:37:08+00:00\",\"mainEntityOfPage\":{\"@id\":\"https:\/\/kapitalis.com\/tunisie\/2024\/03\/07\/pdl-mandat-de-depot-contre-meriem-sassi\/\"},\"wordCount\":188,\"commentCount\":0,\"publisher\":{\"@id\":\"https:\/\/kapitalis.com\/tunisie\/#organization\"},\"image\":{\"@id\":\"https:\/\/kapitalis.com\/tunisie\/2024\/03\/07\/pdl-mandat-de-depot-contre-meriem-sassi\/#primaryimage\"},\"thumbnailUrl\":\"https:\/\/kapitalis.com\/tunisie\/wp-content\/uploads\/2024\/03\/PDL-Meriem-Sassi.jpg\",\"keywords\":[\"Abir Moussi\",\"mandat de d\u00e9p\u00f4t\",\"Meriem Sassi\",\"Parti desoutrien libre\",\"PDL\",\"Tunisie\"],\"articleSection\":[\"POLITIQUE\",\"Tunisie\"],\"inLanguage\":\"fr-FR\",\"potentialAction\":[{\"@type\":\"CommentAction\",\"name\":\"Comment\",\"target\":[\"https:\/\/kapitalis.com\/tunisie\/2024\/03\/07\/pdl-mandat-de-depot-contre-meriem-sassi\/#respond\"]}]},{\"@type\":\"WebPage\",\"@id\":\"https:\/\/kapitalis.com\/tunisie\/2024\/03\/07\/pdl-mandat-de-depot-contre-meriem-sassi\/\",\"url\":\"https:\/\/kapitalis.com\/tunisie\/2024\/03\/07\/pdl-mandat-de-depot-contre-meriem-sassi\/\",\"name\":\"PDL : Mandat de d\u00e9p\u00f4t contre Meriem Sassi - Kapitalis\",\"isPartOf\":{\"@id\":\"https:\/\/kapitalis.com\/tunisie\/#website\"},\"primaryImageOfPage\":{\"@id\":\"https:\/\/kapitalis.com\/tunisie\/2024\/03\/07\/pdl-mandat-de-depot-contre-meriem-sassi\/#primaryimage\"},\"image\":{\"@id\":\"https:\/\/kapitalis.com\/tunisie\/2024\/03\/07\/pdl-mandat-de-depot-contre-meriem-sassi\/#primaryimage\"},\"thumbnailUrl\":\"https:\/\/kapitalis.com\/tunisie\/wp-content\/uploads\/2024\/03\/PDL-Meriem-Sassi.jpg\",\"datePublished\":\"2024-03-07T18:36:14+00:00\",\"dateModified\":\"2024-03-07T19:37:08+00:00\",\"breadcrumb\":{\"@id\":\"https:\/\/kapitalis.com\/tunisie\/2024\/03\/07\/pdl-mandat-de-depot-contre-meriem-sassi\/#breadcrumb\"},\"inLanguage\":\"fr-FR\",\"potentialAction\":[{\"@type\":\"ReadAction\",\"target\":[\"https:\/\/kapitalis.com\/tunisie\/2024\/03\/07\/pdl-mandat-de-depot-contre-meriem-sassi\/\"]}]},{\"@type\":\"ImageObject\",\"inLanguage\":\"fr-FR\",\"@id\":\"https:\/\/kapitalis.com\/tunisie\/2024\/03\/07\/pdl-mandat-de-depot-contre-meriem-sassi\/#primaryimage\",\"url\":\"https:\/\/kapitalis.com\/tunisie\/wp-content\/uploads\/2024\/03\/PDL-Meriem-Sassi.jpg\",\"contentUrl\":\"https:\/\/kapitalis.com\/tunisie\/wp-content\/uploads\/2024\/03\/PDL-Meriem-Sassi.jpg\",\"width\":1200,\"height\":630},{\"@type\":\"BreadcrumbList\",\"@id\":\"https:\/\/kapitalis.com\/tunisie\/2024\/03\/07\/pdl-mandat-de-depot-contre-meriem-sassi\/#breadcrumb\",\"itemListElement\":[{\"@type\":\"ListItem\",\"position\":1,\"name\":\"Accueil\",\"item\":\"https:\/\/kapitalis.com\/tunisie\/\"},{\"@type\":\"ListItem\",\"position\":2,\"name\":\"PDL : Mandat de d\u00e9p\u00f4t contre Meriem Sassi\"}]},{\"@type\":\"WebSite\",\"@id\":\"https:\/\/kapitalis.com\/tunisie\/#website\",\"url\":\"https:\/\/kapitalis.com\/tunisie\/\",\"name\":\"Kapitalis\",\"description\":\"L&#039;actualit\u00e9 en Tunisie et dans le monde\",\"publisher\":{\"@id\":\"https:\/\/kapitalis.com\/tunisie\/#organization\"},\"potentialAction\":[{\"@type\":\"SearchAction\",\"target\":{\"@type\":\"EntryPoint\",\"urlTemplate\":\"https:\/\/kapitalis.com\/tunisie\/?s={search_term_string}\"},\"query-input\":{\"@type\":\"PropertyValueSpecification\",\"valueRequired\":true,\"valueName\":\"search_term_string\"}}],\"inLanguage\":\"fr-FR\"},{\"@type\":\"Organization\",\"@id\":\"https:\/\/kapitalis.com\/tunisie\/#organization\",\"name\":\"Kapitalis\",\"url\":\"https:\/\/kapitalis.com\/tunisie\/\",\"logo\":{\"@type\":\"ImageObject\",\"inLanguage\":\"fr-FR\",\"@id\":\"https:\/\/kapitalis.com\/tunisie\/#\/schema\/logo\/image\/\",\"url\":\"https:\/\/kapitalis.com\/tunisie\/wp-content\/uploads\/2022\/05\/Kapitalis-big-size.png\",\"contentUrl\":\"https:\/\/kapitalis.com\/tunisie\/wp-content\/uploads\/2022\/05\/Kapitalis-big-size.png\",\"width\":5000,\"height\":1500,\"caption\":\"Kapitalis\"},\"image\":{\"@id\":\"https:\/\/kapitalis.com\/tunisie\/#\/schema\/logo\/image\/\"},\"sameAs\":[\"https:\/\/www.facebook.com\/KapitalisInfo\/\",\"https:\/\/x.com\/KapitalisInfo\",\"https:\/\/www.youtube.com\/channel\/UC-yDYrHyfFBWWZaOw3FPg9Q\"]},{\"@type\":\"Person\",\"@id\":\"https:\/\/kapitalis.com\/tunisie\/#\/schema\/person\/74bbde0154d49d790a92aaeac5bc01d5\",\"name\":\"Yusra NY\",\"url\":\"https:\/\/kapitalis.com\/tunisie\/author\/yuza_adam\/\"}]}<\/script>\n<!-- \/ Yoast SEO plugin. -->","yoast_head_json":{"title":"PDL : Mandat de d\u00e9p\u00f4t contre Meriem Sassi - Kapitalis","robots":{"index":"index","follow":"follow","max-snippet":"max-snippet:-1","max-image-preview":"max-image-preview:large","max-video-preview":"max-video-preview:-1"},"canonical":"https:\/\/kapitalis.com\/tunisie\/2024\/03\/07\/pdl-mandat-de-depot-contre-meriem-sassi\/","og_locale":"fr_FR","og_type":"article","og_title":"PDL : Mandat de d\u00e9p\u00f4t contre Meriem Sassi - Kapitalis","og_description":"Arr\u00eat\u00e9e lundi dernier, Meriem Sassi dirigeante et membre du conseil politique du Parti desoutrien libre (PDL), a fait l&rsquo;objet d&rsquo;un mandat de d\u00e9p\u00f4t, ce jeudi 7 mars 2024.","og_url":"https:\/\/kapitalis.com\/tunisie\/2024\/03\/07\/pdl-mandat-de-depot-contre-meriem-sassi\/","og_site_name":"Kapitalis","article_publisher":"https:\/\/www.facebook.com\/KapitalisInfo\/","article_published_time":"2024-03-07T18:36:14+00:00","article_modified_time":"2024-03-07T19:37:08+00:00","og_image":[{"width":1200,"height":630,"url":"https:\/\/kapitalis.com\/tunisie\/wp-content\/uploads\/2024\/03\/PDL-Meriem-Sassi.jpg","type":"image\/jpeg"}],"author":"Yusra NY","twitter_card":"summary_large_image","twitter_creator":"@KapitalisInfo","twitter_site":"@KapitalisInfo","twitter_misc":{"\u00c9crit par":"Yusra NY","Dur\u00e9e de lecture estim\u00e9e":"1 minute"},"schema":{"@context":"https:\/\/schema.org","@graph":[{"@type":"Article","@id":"https:\/\/kapitalis.com\/tunisie\/2024\/03\/07\/pdl-mandat-de-depot-contre-meriem-sassi\/#article","isPartOf":{"@id":"https:\/\/kapitalis.com\/tunisie\/2024\/03\/07\/pdl-mandat-de-depot-contre-meriem-sassi\/"},"author":{"name":"Yusra NY","@id":"https:\/\/kapitalis.com\/tunisie\/#\/schema\/person\/74bbde0154d49d790a92aaeac5bc01d5"},"headline":"PDL : Mandat de d\u00e9p\u00f4t contre Meriem Sassi","datePublished":"2024-03-07T18:36:14+00:00","dateModified":"2024-03-07T19:37:08+00:00","mainEntityOfPage":{"@id":"https:\/\/kapitalis.com\/tunisie\/2024\/03\/07\/pdl-mandat-de-depot-contre-meriem-sassi\/"},"wordCount":188,"commentCount":0,"publisher":{"@id":"https:\/\/kapitalis.com\/tunisie\/#organization"},"image":{"@id":"https:\/\/kapitalis.com\/tunisie\/2024\/03\/07\/pdl-mandat-de-depot-contre-meriem-sassi\/#primaryimage"},"thumbnailUrl":"https:\/\/kapitalis.com\/tunisie\/wp-content\/uploads\/2024\/03\/PDL-Meriem-Sassi.jpg","keywords":["Abir Moussi","mandat de d\u00e9p\u00f4t","Meriem Sassi","Parti desoutrien libre","PDL","Tunisie"],"articleSection":["POLITIQUE","Tunisie"],"inLanguage":"fr-FR","potentialAction":[{"@type":"CommentAction","name":"Comment","target":["https:\/\/kapitalis.com\/tunisie\/2024\/03\/07\/pdl-mandat-de-depot-contre-meriem-sassi\/#respond"]}]},{"@type":"WebPage","@id":"https:\/\/kapitalis.com\/tunisie\/2024\/03\/07\/pdl-mandat-de-depot-contre-meriem-sassi\/","url":"https:\/\/kapitalis.com\/tunisie\/2024\/03\/07\/pdl-mandat-de-depot-contre-meriem-sassi\/","name":"PDL : Mandat de d\u00e9p\u00f4t contre Meriem Sassi - Kapitalis","isPartOf":{"@id":"https:\/\/kapitalis.com\/tunisie\/#website"},"primaryImageOfPage":{"@id":"https:\/\/kapitalis.com\/tunisie\/2024\/03\/07\/pdl-mandat-de-depot-contre-meriem-sassi\/#primaryimage"},"image":{"@id":"https:\/\/kapitalis.com\/tunisie\/2024\/03\/07\/pdl-mandat-de-depot-contre-meriem-sassi\/#primaryimage"},"thumbnailUrl":"https:\/\/kapitalis.com\/tunisie\/wp-content\/uploads\/2024\/03\/PDL-Meriem-Sassi.jpg","datePublished":"2024-03-07T18:36:14+00:00","dateModified":"2024-03-07T19:37:08+00:00","breadcrumb":{"@id":"https:\/\/kapitalis.com\/tunisie\/2024\/03\/07\/pdl-mandat-de-depot-contre-meriem-sassi\/#breadcrumb"},"inLanguage":"fr-FR","potentialAction":[{"@type":"ReadAction","target":["https:\/\/kapitalis.com\/tunisie\/2024\/03\/07\/pdl-mandat-de-depot-contre-meriem-sassi\/"]}]},{"@type":"ImageObject","inLanguage":"fr-FR","@id":"https:\/\/kapitalis.com\/tunisie\/2024\/03\/07\/pdl-mandat-de-depot-contre-meriem-sassi\/#primaryimage","url":"https:\/\/kapitalis.com\/tunisie\/wp-content\/uploads\/2024\/03\/PDL-Meriem-Sassi.jpg","contentUrl":"https:\/\/kapitalis.com\/tunisie\/wp-content\/uploads\/2024\/03\/PDL-Meriem-Sassi.jpg","width":1200,"height":630},{"@type":"BreadcrumbList","@id":"https:\/\/kapitalis.com\/tunisie\/2024\/03\/07\/pdl-mandat-de-depot-contre-meriem-sassi\/#breadcrumb","itemListElement":[{"@type":"ListItem","position":1,"name":"Accueil","item":"https:\/\/kapitalis.com\/tunisie\/"},{"@type":"ListItem","position":2,"name":"PDL : Mandat de d\u00e9p\u00f4t contre Meriem Sassi"}]},{"@type":"WebSite","@id":"https:\/\/kapitalis.com\/tunisie\/#website","url":"https:\/\/kapitalis.com\/tunisie\/","name":"Kapitalis","description":"L&#039;actualit\u00e9 en Tunisie et dans le monde","publisher":{"@id":"https:\/\/kapitalis.com\/tunisie\/#organization"},"potentialAction":[{"@type":"SearchAction","target":{"@type":"EntryPoint","urlTemplate":"https:\/\/kapitalis.com\/tunisie\/?s={search_term_string}"},"query-input":{"@type":"PropertyValueSpecification","valueRequired":true,"valueName":"search_term_string"}}],"inLanguage":"fr-FR"},{"@type":"Organization","@id":"https:\/\/kapitalis.com\/tunisie\/#organization","name":"Kapitalis","url":"https:\/\/kapitalis.com\/tunisie\/","logo":{"@type":"ImageObject","inLanguage":"fr-FR","@id":"https:\/\/kapitalis.com\/tunisie\/#\/schema\/logo\/image\/","url":"https:\/\/kapitalis.com\/tunisie\/wp-content\/uploads\/2022\/05\/Kapitalis-big-size.png","contentUrl":"https:\/\/kapitalis.com\/tunisie\/wp-content\/uploads\/2022\/05\/Kapitalis-big-size.png","width":5000,"height":1500,"caption":"Kapitalis"},"image":{"@id":"https:\/\/kapitalis.com\/tunisie\/#\/schema\/logo\/image\/"},"sameAs":["https:\/\/www.facebook.com\/KapitalisInfo\/","https:\/\/x.com\/KapitalisInfo","https:\/\/www.youtube.com\/channel\/UC-yDYrHyfFBWWZaOw3FPg9Q"]},{"@type":"Person","@id":"https:\/\/kapitalis.com\/tunisie\/#\/schema\/person\/74bbde0154d49d790a92aaeac5bc01d5","name":"Yusra NY","url":"https:\/\/kapitalis.com\/tunisie\/author\/yuza_adam\/"}]}},"_links":{"self":[{"href":"https:\/\/kapitalis.com\/tunisie\/wp-json\/wp\/v2\/posts\/11992304","targetHints":{"allow":["GET"]}}],"collection":[{"href":"https:\/\/kapitalis.com\/tunisie\/wp-json\/wp\/v2\/posts"}],"about":[{"href":"https:\/\/kapitalis.com\/tunisie\/wp-json\/wp\/v2\/types\/post"}],"author":[{"embeddable":true,"href":"https:\/\/kapitalis.com\/tunisie\/wp-json\/wp\/v2\/users\/6"}],"replies":[{"embeddable":true,"href":"https:\/\/kapitalis.com\/tunisie\/wp-json\/wp\/v2\/comments?post=11992304"}],"version-history":[{"count":2,"href":"https:\/\/kapitalis.com\/tunisie\/wp-json\/wp\/v2\/posts\/11992304\/revisions"}],"predecessor-version":[{"id":11993003,"href":"https:\/\/kapitalis.com\/tunisie\/wp-json\/wp\/v2\/posts\/11992304\/revisions\/11993003"}],"wp:featuredmedia":[{"embeddable":true,"href":"https:\/\/kapitalis.com\/tunisie\/wp-json\/wp\/v2\/media\/11904144"}],"wp:attachment":[{"href":"https:\/\/kapitalis.com\/tunisie\/wp-json\/wp\/v2\/media?parent=11992304"}],"wp:term":[{"taxonomy":"category","embeddable":true,"href":"https:\/\/kapitalis.com\/tunisie\/wp-json\/wp\/v2\/categories?post=11992304"},{"taxonomy":"post_tag","embeddable":true,"href":"https:\/\/kapitalis.com\/tunisie\/wp-json\/wp\/v2\/tags?post=11992304"}],"curies":[{"name":"wp","href":"https:\/\/api.w.org\/{rel}","templated":true}]}}