{"id":120043,"date":"2017-10-24T08:58:56","date_gmt":"2017-10-24T07:58:56","guid":{"rendered":"http:\/\/kapitalis.com\/tunisie\/?p=120043"},"modified":"2017-10-24T12:56:27","modified_gmt":"2017-10-24T11:56:27","slug":"les-chaines-televisees-ou-linsoutenable-legerete-de-letre","status":"publish","type":"post","link":"https:\/\/kapitalis.com\/tunisie\/2017\/10\/24\/les-chaines-televisees-ou-linsoutenable-legerete-de-letre\/","title":{"rendered":"Les cha\u00eenes t\u00e9l\u00e9vis\u00e9es ou l\u2019insoutenable l\u00e9g\u00e8ret\u00e9 de l\u2019\u00eatre"},"content":{"rendered":"<p style=\"text-align: center;\"><img loading=\"lazy\" decoding=\"async\" class=\"alignnone size-full wp-image-120044\" src=\"http:\/\/kapitalis.com\/tunisie\/wp-content\/uploads\/2017\/10\/El-Hiwar-Debat.jpg\" alt=\"\" width=\"626\" height=\"380\" \/><\/p>\n<p><em><strong>Nos cha\u00eenes t\u00e9l\u00e9vis\u00e9es sont appel\u00e9es \u00e0 se remettre en question et \u00e0 se r\u00e9former pour se d\u00e9faire d\u2019une certaine m\u00e9diocrit\u00e9 et r\u00e9pondre aux exigences des t\u00e9l\u00e9spectateurs.<\/strong><\/em><\/p>\n<p>Par <strong>Noura Borsali<\/strong> *<\/p>\n<p><!--more--><\/p>\n<p><img loading=\"lazy\" decoding=\"async\" class=\"size-full wp-image-108613 alignleft\" src=\"http:\/\/kapitalis.com\/tunisie\/wp-content\/uploads\/2017\/08\/Noura-Borsali.jpg\" alt=\"\" width=\"200\" height=\"165\" \/>Qu&rsquo;elles soient publiques ou priv\u00e9es, ces cha\u00eenes t\u00e9l\u00e9vis\u00e9es sont appel\u00e9es aujourd\u2019hui et plus que jamais \u00e0 am\u00e9liorer la qualit\u00e9 des programmes propos\u00e9s, tel semble \u00eatre le d\u00e9fi \u00e0 relever dans ce difficile contexte de transition d\u00e9mocratique.<\/p>\n<p><strong>Une sc\u00e8ne de la vie quotidienne<\/strong><\/p>\n<p>L\u2019\u00e9mission <em>\u2018\u201824\/7\u2019\u2019<\/em>, du vendredi 20 octobre 2017, sur la cha\u00eene El-Hiwar Ettounsi, a suscit\u00e9 une forte indignation sur les r\u00e9seaux sociaux, qui a r\u00e9v\u00e9l\u00e9 \u00e0 quel point bien de Tunisiens sont m\u00e9contents de leurs cha\u00eenes t\u00e9l\u00e9vis\u00e9es nationales tant priv\u00e9es que publiques.<\/p>\n<p>Cette \u00e9mission quasi quotidienne pr\u00e9sent\u00e9e par la journaliste M\u00e9riem Belkadhi, qui a connu de bons d\u00e9buts, semble pencher vers des d\u00e9rives d\u2019ordre politique et professionnel.<\/p>\n<p>Le plateau de vendredi dernier \u00e9tait consacr\u00e9 \u00e0 divers sujets dont le \u00ab<em>succ\u00e8s<\/em>\u00bb de Rached Ghannouchi qui, nous apprend l\u2019animatrice, dispose de milliers d\u2019amis sur sa page Facebook et de centaines d\u2019autres sur son Twitter. Apr\u00e8s un survol de quelques-unes de ses positions, le chef islamiste est compar\u00e9 aux<em> \u00abplus grands leaders politiques de ce monde\u00bb<\/em> (<em>\u00abkima kibar ezzoua\u2019ma assiyassin fel alam\u00bb<\/em>).<\/p>\n<p>En quoi celle information telle que pr\u00e9sent\u00e9e par M\u00e9riem Belkadhi est-elle utile pour nous autres spectateurs? Cette pr\u00e9sentation sans aucun commentaire (critique) du Twitter et de la page Facebook de Rached Ghannouchi pourrait \u00eatre vue comme une publicit\u00e9 gratuite et un parti-pris en faveur d\u2019un homme politique, alt\u00e9rant ainsi l\u2019impartialit\u00e9 dont doit se doter obligatoirement un journaliste.<\/p>\n<p>Par ailleurs, avec ses quatre <em>\u00abchroniqueurs\u00bb<\/em> qu\u2019on voit r\u00e9guli\u00e8rement sur les plateaux de ladite cha\u00eene et qu\u2019on \u00e9coute aussi sur les ondes de quelques radios, un d\u00e9bat est engag\u00e9 sur la guerre de Bizerte. Un des \u00e9v\u00e9nements historiques les plus importants et les plus complexes de la Tunisie ind\u00e9pendante a \u00e9t\u00e9 \u00e9voqu\u00e9 sans la pr\u00e9sence d\u2019historiens et d\u2019auteurs d\u2019ouvrages sur la question. Des platitudes ont \u00e9t\u00e9 dites sur le plateau \u00abpr\u00e9occup\u00e9\u00bb plut\u00f4t par l\u2019\u00e9loge de Bourguiba selon la devise <em>\u00abRendons \u00e0 C\u00e9sar ce qui lui appartient\u00bb<\/em> et confirmant, de plus belle, une lecture officielle de l\u2019\u00e9v\u00e9nement.<\/p>\n<p>Le <em>\u00abd\u00e9bat\u00bb<\/em> men\u00e9 sur le plateau r\u00e9pondait, en fait, \u00e0 d\u2019autres lectures bien fouill\u00e9es et des t\u00e9moignages vivants ayant r\u00e9v\u00e9l\u00e9 des v\u00e9rit\u00e9s que l\u2019histoire officielle s\u2019est toujours ing\u00e9ni\u00e9e \u00e0 dissimuler. L\u2019objectivit\u00e9 n\u2019\u00e9tait pas \u2013 h\u00e9las \u2013 l\u2019invit\u00e9e de ce plateau. Or, on n\u2019a pas le droit de badiner avec l\u2019Histoire du pays.<\/p>\n<p>D\u2019autre part, des spectateurs ayant suivi l\u2019\u00e9mission ont \u00e9t\u00e9 scandalis\u00e9s par les propos virulents tenus \u00e0 l\u2019encontre de personnes et de personnalit\u00e9s en leur absence, usant de vocabulaire \u2013 le moins que l\u2019on puisse dire \u2013 inadapt\u00e9 \u00e0 ce genre de circonstance : un d\u00e9bat t\u00e9l\u00e9vis\u00e9 et de surcro\u00eet suivi sur le plateau par un certain nombre de jeunes qui ont d\u00fb ne rien comprendre aux insultes et aux exc\u00e8s de langage des uns et des autres. La pr\u00e9sentatrice tr\u00e8s attentive aux interventions de ses participants habituels ne manquait pas \u00e0 chaque fois de les remercier. Ces propos insultants furent appel\u00e9s non pas seulement <em>\u00abcoups de gueule\u00bb<\/em> mais aussi <em>\u00abcoups de pied\u00bb<\/em>, expression d\u2019un des <em>\u00abchroniqueurs\u00bb<\/em> reprise sans scrupule par la journaliste-animatrice du \u00abd\u00e9bat\u00bb.<\/p>\n<p>Mais, ce qui a attir\u00e9 le plus l\u2019attention, c\u2019est le texte lu par un des \u00ab<em>chroniqueurs<\/em>\u00bb, Chakib D\u00e9rouiche, <em>\u00abr\u00e9glant ses comptes\u00bb<\/em> avec l\u2019homme politique Ma\u00eetre Ahmed N\u00e9jib Chebbi qui lui avait adress\u00e9 des critiques lors d\u2019une autre \u00e9mission sur cette m\u00eame cha\u00eene. Un <em>\u00abtexte\u00bb<\/em> d\u2019une teneur violente et employant des termes excessifs et insultants. Quand bien m\u00eame ce chroniqueur se serait senti <em>\u00abl\u00e9s\u00e9\u00bb<\/em> par les critiques de Me Chebbi \u00e0 son \u00e9gard, la r\u00e9ponse \u00e9tait d\u00e9mesur\u00e9e parce qu\u2019insultante.<\/p>\n<p>Est-ce ainsi que l\u2019on r\u00e9pond \u00e0 ses adversaires, voire \u00e0 ses d\u00e9tracteurs en les tra\u00eenant dans la boue de la sorte? Et depuis quand les cha\u00eenes t\u00e9l\u00e9vis\u00e9es sont-elles devenues un d\u00e9potoir o\u00f9 l\u2019on r\u00e8gle ses comptes? Le chroniqueur aurait pu r\u00e9pondre avec d\u00e9cence et sans violence langagi\u00e8re respectant ainsi son adversaire et surtout les jeunes et les moins jeunes spectateurs suivant l\u2019\u00e9mission. Quelle id\u00e9e a-t-on donn\u00e9e \u00e0 ces jeunes sur la libert\u00e9 d\u2019expression, le d\u00e9bat contradictoire et le respect de son adversaire?<\/p>\n<p>Tout cela s\u2019est fait sous le silence complice de l\u2019animatrice qui ne les a interrompus \u00e0 aucun moment, leur laissant le temps, tout le temps pour d\u00e9biter certains de leurs propos insultants.<\/p>\n<p><strong>Un constat amer<\/strong><\/p>\n<p>Le constat de bien de Tunisiens s\u2019\u00e9tant exprim\u00e9s, \u00e0 cette occasion, sur la toile est bien amer: les programmes t\u00e9l\u00e9vis\u00e9s, dans leur ensemble, et particuli\u00e8rement les <em>\u00abd\u00e9bats politiques\u00bb<\/em> (ou ce qui s\u2019y apparente) ne r\u00e9pondent pas \u00e0 leur attente d\u2019informations objectives, d\u2019analyses approfondies de ce que les pr\u00e9occupe et aussi de divertissement de qualit\u00e9 qui, \u00e0 la fois, les d\u00e9tend et enrichit leur culture.<\/p>\n<p>Pourtant, notre pays a conquis, depuis le 14 janvier 2011, une libert\u00e9 d\u2019expression et d\u2019opinion certaine qu\u2019il s\u2019agit d\u2019utiliser \u00e0 bon escient. La d\u00e9ception est \u2013 h\u00e9las ! \u2013 \u00e9norme face \u00e0 des programmes futiles, \u00e0 des divertissements d\u00e9biles et lassants, \u00e0 des journaux d\u2019information manquant de punch et d\u2019arguments factuels et faisant fi d\u2019une impartialit\u00e9 qui est une condition <em>sine qua non<\/em> d\u2019une information \u00e0 la hauteur de l\u2019\u00e9v\u00e9nement.<\/p>\n<p>La couverture des \u00e9v\u00e9nements est ainsi r\u00e9duite \u00e0 des interviews de t\u00e9moins et victimes venus crier leurs souffrances, sans aucune analyse ou interventions de chercheurs sp\u00e9cialistes des questions que posent ces \u00e9v\u00e9nements, comme si le pays n\u2019avait pas d\u2019\u00e9lite.<\/p>\n<p>Quant aux d\u00e9bats politiques sur des sujets non ma\u00eetris\u00e9s par certains animateurs d\u00e9pourvus de professionnalisme et incapables d\u2019aller au fond des questions, ils sollicitent les m\u00eames visages et sont r\u00e9ellement ennuyeux. Le hic est atteint avec le ton utilis\u00e9, des voix \u00e9lev\u00e9es, des visages crisp\u00e9s, des propos \u00e0 la limite de l\u2019ind\u00e9cence.<\/p>\n<p>Des d\u00e9bats \u2013 tels que men\u00e9s \u2013 donnent une pi\u00e8tre id\u00e9e de la libert\u00e9 d\u2019expression r\u00e9duite, dans la plupart des cas, \u00e0 des invectives voire \u00e0 des combats de coqs transformant les plateaux t\u00e9l\u00e9vis\u00e9s en gallodromes ou en rixes au cours desquels \u2013 Dieu merci \u2013 la violence du verbe l\u2019emporte sur la violence physique, m\u00eame si l\u2019\u00e9l\u00e9vation excessive des voix y est, elle-m\u00eame, une violence. Une atteinte \u00e0 toute d\u00e9ontologie que la Haute autorit\u00e9 ind\u00e9pendante de la communication audiovisuelle (Haica) \u2013 bien timor\u00e9e selon bon nombre de Tunisiens \u2013 rel\u00e8ve dans ses rapports sur les d\u00e9passements t\u00e9l\u00e9visuels enregistr\u00e9s!<\/p>\n<p>L\u2019instance n\u2019\u00e9chappe pas non plus aux critiques qui lui reprochent, par ailleurs, <em>\u00abson manque de transparence\u00bb<\/em> (T. M.) et sa lenteur.<\/p>\n<p><strong>Un paysage m\u00e9diocre<\/strong><\/p>\n<p>De tous ces programmes t\u00e9l\u00e9visuels que peut-on retenir ? Pas grand-chose assur\u00e9ment. On en sort nerveux, d\u00e9biles et d\u00e9senchant\u00e9s avec le souci d\u2019un seul geste : celui de zapper pour aller apprendre et se divertir sous d\u2019autres cieux.<br \/>\nM\u00eame les \u00e9missions de divertissement contiennent des rubriques p\u00eale-m\u00eale comme le politique, le culturel et les loisirs sans aucune passerelle entre les diff\u00e9rents genres. Tous les go\u00fbts y sont pour meubler tristement nos soir\u00e9es comme ces <em>\u00abt\u00e9l\u00e9r\u00e9alit\u00e9s\u00bb<\/em> copi\u00e9es sur les mod\u00e8les am\u00e9ricain et fran\u00e7ais et qu\u2019on a appel\u00e9es <em>\u00abt\u00e9l\u00e9s poubelles\u00bb<\/em> parce que jouant de la mis\u00e8re et de la souffrance des gens.<\/p>\n<p>Cette m\u00e9diocrit\u00e9 dans laquelle nous enveloppent nos cha\u00eenes en s\u2019introduisant, malgr\u00e9 nous, dans nos foyers tient \u00e0 de nombreuses raisons. Nous en citerons les plus caract\u00e9ristiques : une recherche acharn\u00e9e de l\u2019audimat au d\u00e9triment de la qualit\u00e9, un manque de professionnalisme, de culture et de sp\u00e9cialisation des journalistes-animateurs se comportant comme des stars et intervenant, souvent avec arrogance, sur toutes les questions de tout ordre que ce soit, une insuffisance voire une absence d\u2019une formation pr\u00e9alable, une mauvaise gestion du pluralisme politique&#8230;<\/p>\n<p>A cela s\u2019ajoutent une relation probl\u00e9matique entre m\u00e9dias et politique et une influence du pouvoir politique et de certains partis pour lesquels les m\u00e9dias constituent un v\u00e9ritable enjeu. Certes, la bataille continue entre les m\u00e9dias et les d\u00e9cideurs politiques dont la volont\u00e9 est de les soumettre \u00e0 leur diktat en cherchant \u00e0 r\u00e9duire leur marge de libert\u00e9 et \u00e0 contr\u00f4ler et orienter l\u2019opinion publique devant demeurer leur otage comme ce fut le cas durant les temps pass\u00e9s.<\/p>\n<p><strong>L\u2019influence de la politique et de l\u2019argent<\/strong><\/p>\n<p>En effet, le dernier rapport de la Haica dat\u00e9 du 9 octobre 2017 et consacr\u00e9 au pluralisme politique dans le paysage audio-visuel, a bien d\u00e9montr\u00e9, chiffres \u00e0 l\u2019appui, dans son op\u00e9ration d\u2019identification s\u2019\u00e9talant du 23 janvier au 21 mars 2017 et concernant trois radios et six cha\u00eenes de t\u00e9l\u00e9vision (les deux cha\u00eenes publiques 1 et 2, El Hiwar Ettounsi, Nessma TV, Attessia et Hannibal), la pr\u00e9sence dominante de partis politiques tels que Nidaa Tounes et Ennahdha.<\/p>\n<p><em>\u00abNidaa Tounes,<\/em> \u00e9crit-on, <em>s\u2019accapare le plus grand temps d\u2019antenne dans les cha\u00eenes priv\u00e9es et accapare, de ce fait, la premi\u00e8re place dans la cha\u00eene El Hiwar Ettounsi avec 28,96%, suivi par Ennahdha avec 13,67%, Ind\u00e9pendants avec 13,40, Machrou avec 8,51% et le Front populaire avec 8,48. De m\u00eame dans Nessma TV o\u00f9 Nidaa occupe la premi\u00e8re place avec 19,76 puis le Front populaire avec 18,09, Ennahdha avec 9,39, Al Joumhouri avec 7,8 et le Mouvement du peuple avec 5%. A la cha\u00eene Attessia, Nidaa arrive en t\u00eate avec 24,36% suivi d\u2019Ennahdha avec 17,96%, le Front populaire avec 14,79 et Afek avec 9,49.\u00a0Il appara\u00eet donc de l\u2019analyse des donn\u00e9es que les deux partis politiques, Nidaa Tounes et Ennahdha obtiennent la part du lion dans tous les programmes. Mais ce qui est curieux c\u2019est que le mouvement de Rached Ghannouchi s\u2019accapare la Watanya Une avec 23,79%&#8230;\u00bb<\/em> (E.M.).<\/p>\n<p>Certes, il est une autre raison invoqu\u00e9e pour justifier l\u2019\u00e9tat lamentable de nos cha\u00eenes t\u00e9l\u00e9vis\u00e9es, \u00e0 savoir le manque de moyens financiers et mat\u00e9riels. Cet argument ne tient pas la route compte tenu des sommes faramineuses d\u00e9bours\u00e9es, sur l\u2019argent du contribuable, \u00e0 des \u00e9missions de divertissement sans cr\u00e9ativit\u00e9, ainsi que des r\u00e9mun\u00e9rations on\u00e9reuses accord\u00e9es aux animateurs et chroniqueurs (surtout dans les cha\u00eenes priv\u00e9es).<\/p>\n<p>Par ailleurs, la recherche du buzz et du profit gr\u00e2ce \u00e0 un taux d\u2019audience \u00e9lev\u00e9 et face \u00e0 un march\u00e9 de 11 millions de t\u00e9l\u00e9spectateurs potentiels est devenue une pr\u00e9occupation majeure des patrons des cha\u00eenes t\u00e9l\u00e9vis\u00e9es. Et cela est d\u2019autant plus vrai<em> \u00abque le buzz rel\u00e8ve l\u2019audimat et fait engranger de confortables revenus publicitaires, m\u00eame en temps de crise \u00e9conomique aigu\u00eb. Les cha\u00eenes de t\u00e9l\u00e9vision raflent 63 % du march\u00e9, avec 139,3 millions de dinars tunisiens (MDT), contre 103,2 MDT en 2010 (+ 21,6 % par rapport \u00e0 2014)<\/em>\u00bb (J.A.).<\/p>\n<p>Pour conclure, une r\u00e9forme des cha\u00eenes t\u00e9l\u00e9vis\u00e9es tant publiques que priv\u00e9es s\u2019impose \u00e0 nos yeux. Former les journalistes, lib\u00e9rer l\u2019expression, privil\u00e9gier la qualit\u00e9 sur le gain, offrir aux Tunisiens des programmes qui les informent, les cultivent et les d\u00e9tendent dans le respect le plus total en encourageant la cr\u00e9ativit\u00e9 et le pluralisme&#8230;, tel semble le d\u00e9fi \u00e0 relever. Il y va de l\u2019avenir de cette transition d\u00e9mocratique qui se fait d\u00e9j\u00e0 dans la douleur.<\/p>\n<p><em>* Universitaire et \u00e9crivaine. <\/em><\/p>\n","protected":false},"excerpt":{"rendered":"<p>Nos cha\u00eenes t\u00e9l\u00e9vis\u00e9es sont appel\u00e9es \u00e0 se remettre en question et \u00e0 se r\u00e9former pour se d\u00e9faire d\u2019une certaine m\u00e9diocrit\u00e9 et r\u00e9pondre aux exigences des t\u00e9l\u00e9spectateurs. Par Noura Borsali *<\/p>\n","protected":false},"author":8,"featured_media":120044,"comment_status":"open","ping_status":"open","sticky":false,"template":"","format":"standard","meta":{"footnotes":""},"categories":[992,1000,2433],"tags":[310,1843,23634],"class_list":["post-120043","post","type-post","status-publish","format-standard","has-post-thumbnail","hentry","category-a-la-une","category-tribune","category-tunisie","tag-el-hiwar-ettounsi","tag-haica","tag-meriem-belkadhi"],"yoast_head":"<!-- This site is optimized with the Yoast SEO plugin v26.6 - https:\/\/yoast.com\/wordpress\/plugins\/seo\/ -->\n<title>Les cha\u00eenes t\u00e9l\u00e9vis\u00e9es ou l\u2019insoutenable l\u00e9g\u00e8ret\u00e9 de l\u2019\u00eatre - Kapitalis<\/title>\n<meta name=\"robots\" content=\"index, follow, max-snippet:-1, max-image-preview:large, max-video-preview:-1\" \/>\n<link rel=\"canonical\" href=\"https:\/\/kapitalis.com\/tunisie\/2017\/10\/24\/les-chaines-televisees-ou-linsoutenable-legerete-de-letre\/\" \/>\n<meta property=\"og:locale\" content=\"fr_FR\" \/>\n<meta property=\"og:type\" content=\"article\" \/>\n<meta property=\"og:title\" content=\"Les cha\u00eenes t\u00e9l\u00e9vis\u00e9es ou l\u2019insoutenable l\u00e9g\u00e8ret\u00e9 de l\u2019\u00eatre - Kapitalis\" \/>\n<meta property=\"og:description\" content=\"Nos cha\u00eenes t\u00e9l\u00e9vis\u00e9es sont appel\u00e9es \u00e0 se remettre en question et \u00e0 se r\u00e9former pour se d\u00e9faire d\u2019une certaine m\u00e9diocrit\u00e9 et r\u00e9pondre aux exigences des t\u00e9l\u00e9spectateurs. Par Noura Borsali *\" \/>\n<meta property=\"og:url\" content=\"https:\/\/kapitalis.com\/tunisie\/2017\/10\/24\/les-chaines-televisees-ou-linsoutenable-legerete-de-letre\/\" \/>\n<meta property=\"og:site_name\" content=\"Kapitalis\" \/>\n<meta property=\"article:publisher\" content=\"https:\/\/www.facebook.com\/KapitalisInfo\/\" \/>\n<meta property=\"article:published_time\" content=\"2017-10-24T07:58:56+00:00\" \/>\n<meta property=\"article:modified_time\" content=\"2017-10-24T11:56:27+00:00\" \/>\n<meta property=\"og:image\" content=\"https:\/\/kapitalis.com\/tunisie\/wp-content\/uploads\/2022\/05\/kapitalis-logo-fb.png\" \/>\n\t<meta property=\"og:image:width\" content=\"1200\" \/>\n\t<meta property=\"og:image:height\" content=\"630\" \/>\n\t<meta property=\"og:image:type\" content=\"image\/png\" \/>\n<meta name=\"author\" content=\"webmaster kapitalis\" \/>\n<meta name=\"twitter:card\" content=\"summary_large_image\" \/>\n<meta name=\"twitter:creator\" content=\"@KapitalisInfo\" \/>\n<meta name=\"twitter:site\" content=\"@KapitalisInfo\" \/>\n<meta name=\"twitter:label1\" content=\"\u00c9crit par\" \/>\n\t<meta name=\"twitter:data1\" content=\"webmaster kapitalis\" \/>\n\t<meta name=\"twitter:label2\" content=\"Dur\u00e9e de lecture estim\u00e9e\" \/>\n\t<meta name=\"twitter:data2\" content=\"10 minutes\" \/>\n<script type=\"application\/ld+json\" class=\"yoast-schema-graph\">{\"@context\":\"https:\/\/schema.org\",\"@graph\":[{\"@type\":\"Article\",\"@id\":\"https:\/\/kapitalis.com\/tunisie\/2017\/10\/24\/les-chaines-televisees-ou-linsoutenable-legerete-de-letre\/#article\",\"isPartOf\":{\"@id\":\"https:\/\/kapitalis.com\/tunisie\/2017\/10\/24\/les-chaines-televisees-ou-linsoutenable-legerete-de-letre\/\"},\"author\":{\"name\":\"webmaster kapitalis\",\"@id\":\"https:\/\/kapitalis.com\/tunisie\/#\/schema\/person\/d71f33a9ca44f7bad4698210b480c8e9\"},\"headline\":\"Les cha\u00eenes t\u00e9l\u00e9vis\u00e9es ou l\u2019insoutenable l\u00e9g\u00e8ret\u00e9 de l\u2019\u00eatre\",\"datePublished\":\"2017-10-24T07:58:56+00:00\",\"dateModified\":\"2017-10-24T11:56:27+00:00\",\"mainEntityOfPage\":{\"@id\":\"https:\/\/kapitalis.com\/tunisie\/2017\/10\/24\/les-chaines-televisees-ou-linsoutenable-legerete-de-letre\/\"},\"wordCount\":2054,\"commentCount\":14,\"publisher\":{\"@id\":\"https:\/\/kapitalis.com\/tunisie\/#organization\"},\"image\":{\"@id\":\"https:\/\/kapitalis.com\/tunisie\/2017\/10\/24\/les-chaines-televisees-ou-linsoutenable-legerete-de-letre\/#primaryimage\"},\"thumbnailUrl\":\"\",\"keywords\":[\"El-Hiwar Ettounsi\",\"Haica\",\"M\u00e9riem Belkadhi\"],\"articleSection\":[\"A LA UNE\",\"TRIBUNE\",\"Tunisie\"],\"inLanguage\":\"fr-FR\",\"potentialAction\":[{\"@type\":\"CommentAction\",\"name\":\"Comment\",\"target\":[\"https:\/\/kapitalis.com\/tunisie\/2017\/10\/24\/les-chaines-televisees-ou-linsoutenable-legerete-de-letre\/#respond\"]}]},{\"@type\":\"WebPage\",\"@id\":\"https:\/\/kapitalis.com\/tunisie\/2017\/10\/24\/les-chaines-televisees-ou-linsoutenable-legerete-de-letre\/\",\"url\":\"https:\/\/kapitalis.com\/tunisie\/2017\/10\/24\/les-chaines-televisees-ou-linsoutenable-legerete-de-letre\/\",\"name\":\"Les cha\u00eenes t\u00e9l\u00e9vis\u00e9es ou l\u2019insoutenable l\u00e9g\u00e8ret\u00e9 de l\u2019\u00eatre - Kapitalis\",\"isPartOf\":{\"@id\":\"https:\/\/kapitalis.com\/tunisie\/#website\"},\"primaryImageOfPage\":{\"@id\":\"https:\/\/kapitalis.com\/tunisie\/2017\/10\/24\/les-chaines-televisees-ou-linsoutenable-legerete-de-letre\/#primaryimage\"},\"image\":{\"@id\":\"https:\/\/kapitalis.com\/tunisie\/2017\/10\/24\/les-chaines-televisees-ou-linsoutenable-legerete-de-letre\/#primaryimage\"},\"thumbnailUrl\":\"\",\"datePublished\":\"2017-10-24T07:58:56+00:00\",\"dateModified\":\"2017-10-24T11:56:27+00:00\",\"breadcrumb\":{\"@id\":\"https:\/\/kapitalis.com\/tunisie\/2017\/10\/24\/les-chaines-televisees-ou-linsoutenable-legerete-de-letre\/#breadcrumb\"},\"inLanguage\":\"fr-FR\",\"potentialAction\":[{\"@type\":\"ReadAction\",\"target\":[\"https:\/\/kapitalis.com\/tunisie\/2017\/10\/24\/les-chaines-televisees-ou-linsoutenable-legerete-de-letre\/\"]}]},{\"@type\":\"ImageObject\",\"inLanguage\":\"fr-FR\",\"@id\":\"https:\/\/kapitalis.com\/tunisie\/2017\/10\/24\/les-chaines-televisees-ou-linsoutenable-legerete-de-letre\/#primaryimage\",\"url\":\"\",\"contentUrl\":\"\"},{\"@type\":\"BreadcrumbList\",\"@id\":\"https:\/\/kapitalis.com\/tunisie\/2017\/10\/24\/les-chaines-televisees-ou-linsoutenable-legerete-de-letre\/#breadcrumb\",\"itemListElement\":[{\"@type\":\"ListItem\",\"position\":1,\"name\":\"Accueil\",\"item\":\"https:\/\/kapitalis.com\/tunisie\/\"},{\"@type\":\"ListItem\",\"position\":2,\"name\":\"Les cha\u00eenes t\u00e9l\u00e9vis\u00e9es ou l\u2019insoutenable l\u00e9g\u00e8ret\u00e9 de l\u2019\u00eatre\"}]},{\"@type\":\"WebSite\",\"@id\":\"https:\/\/kapitalis.com\/tunisie\/#website\",\"url\":\"https:\/\/kapitalis.com\/tunisie\/\",\"name\":\"Kapitalis\",\"description\":\"L&#039;actualit\u00e9 en Tunisie et dans le monde\",\"publisher\":{\"@id\":\"https:\/\/kapitalis.com\/tunisie\/#organization\"},\"potentialAction\":[{\"@type\":\"SearchAction\",\"target\":{\"@type\":\"EntryPoint\",\"urlTemplate\":\"https:\/\/kapitalis.com\/tunisie\/?s={search_term_string}\"},\"query-input\":{\"@type\":\"PropertyValueSpecification\",\"valueRequired\":true,\"valueName\":\"search_term_string\"}}],\"inLanguage\":\"fr-FR\"},{\"@type\":\"Organization\",\"@id\":\"https:\/\/kapitalis.com\/tunisie\/#organization\",\"name\":\"Kapitalis\",\"url\":\"https:\/\/kapitalis.com\/tunisie\/\",\"logo\":{\"@type\":\"ImageObject\",\"inLanguage\":\"fr-FR\",\"@id\":\"https:\/\/kapitalis.com\/tunisie\/#\/schema\/logo\/image\/\",\"url\":\"https:\/\/kapitalis.com\/tunisie\/wp-content\/uploads\/2022\/05\/Kapitalis-big-size.png\",\"contentUrl\":\"https:\/\/kapitalis.com\/tunisie\/wp-content\/uploads\/2022\/05\/Kapitalis-big-size.png\",\"width\":5000,\"height\":1500,\"caption\":\"Kapitalis\"},\"image\":{\"@id\":\"https:\/\/kapitalis.com\/tunisie\/#\/schema\/logo\/image\/\"},\"sameAs\":[\"https:\/\/www.facebook.com\/KapitalisInfo\/\",\"https:\/\/x.com\/KapitalisInfo\",\"https:\/\/www.youtube.com\/channel\/UC-yDYrHyfFBWWZaOw3FPg9Q\"]},{\"@type\":\"Person\",\"@id\":\"https:\/\/kapitalis.com\/tunisie\/#\/schema\/person\/d71f33a9ca44f7bad4698210b480c8e9\",\"name\":\"webmaster kapitalis\",\"url\":\"https:\/\/kapitalis.com\/tunisie\/author\/webmaster-kapitalis\/\"}]}<\/script>\n<!-- \/ Yoast SEO plugin. -->","yoast_head_json":{"title":"Les cha\u00eenes t\u00e9l\u00e9vis\u00e9es ou l\u2019insoutenable l\u00e9g\u00e8ret\u00e9 de l\u2019\u00eatre - Kapitalis","robots":{"index":"index","follow":"follow","max-snippet":"max-snippet:-1","max-image-preview":"max-image-preview:large","max-video-preview":"max-video-preview:-1"},"canonical":"https:\/\/kapitalis.com\/tunisie\/2017\/10\/24\/les-chaines-televisees-ou-linsoutenable-legerete-de-letre\/","og_locale":"fr_FR","og_type":"article","og_title":"Les cha\u00eenes t\u00e9l\u00e9vis\u00e9es ou l\u2019insoutenable l\u00e9g\u00e8ret\u00e9 de l\u2019\u00eatre - Kapitalis","og_description":"Nos cha\u00eenes t\u00e9l\u00e9vis\u00e9es sont appel\u00e9es \u00e0 se remettre en question et \u00e0 se r\u00e9former pour se d\u00e9faire d\u2019une certaine m\u00e9diocrit\u00e9 et r\u00e9pondre aux exigences des t\u00e9l\u00e9spectateurs. Par Noura Borsali *","og_url":"https:\/\/kapitalis.com\/tunisie\/2017\/10\/24\/les-chaines-televisees-ou-linsoutenable-legerete-de-letre\/","og_site_name":"Kapitalis","article_publisher":"https:\/\/www.facebook.com\/KapitalisInfo\/","article_published_time":"2017-10-24T07:58:56+00:00","article_modified_time":"2017-10-24T11:56:27+00:00","og_image":[{"width":1200,"height":630,"url":"https:\/\/kapitalis.com\/tunisie\/wp-content\/uploads\/2022\/05\/kapitalis-logo-fb.png","type":"image\/png"}],"author":"webmaster kapitalis","twitter_card":"summary_large_image","twitter_creator":"@KapitalisInfo","twitter_site":"@KapitalisInfo","twitter_misc":{"\u00c9crit par":"webmaster kapitalis","Dur\u00e9e de lecture estim\u00e9e":"10 minutes"},"schema":{"@context":"https:\/\/schema.org","@graph":[{"@type":"Article","@id":"https:\/\/kapitalis.com\/tunisie\/2017\/10\/24\/les-chaines-televisees-ou-linsoutenable-legerete-de-letre\/#article","isPartOf":{"@id":"https:\/\/kapitalis.com\/tunisie\/2017\/10\/24\/les-chaines-televisees-ou-linsoutenable-legerete-de-letre\/"},"author":{"name":"webmaster kapitalis","@id":"https:\/\/kapitalis.com\/tunisie\/#\/schema\/person\/d71f33a9ca44f7bad4698210b480c8e9"},"headline":"Les cha\u00eenes t\u00e9l\u00e9vis\u00e9es ou l\u2019insoutenable l\u00e9g\u00e8ret\u00e9 de l\u2019\u00eatre","datePublished":"2017-10-24T07:58:56+00:00","dateModified":"2017-10-24T11:56:27+00:00","mainEntityOfPage":{"@id":"https:\/\/kapitalis.com\/tunisie\/2017\/10\/24\/les-chaines-televisees-ou-linsoutenable-legerete-de-letre\/"},"wordCount":2054,"commentCount":14,"publisher":{"@id":"https:\/\/kapitalis.com\/tunisie\/#organization"},"image":{"@id":"https:\/\/kapitalis.com\/tunisie\/2017\/10\/24\/les-chaines-televisees-ou-linsoutenable-legerete-de-letre\/#primaryimage"},"thumbnailUrl":"","keywords":["El-Hiwar Ettounsi","Haica","M\u00e9riem Belkadhi"],"articleSection":["A LA UNE","TRIBUNE","Tunisie"],"inLanguage":"fr-FR","potentialAction":[{"@type":"CommentAction","name":"Comment","target":["https:\/\/kapitalis.com\/tunisie\/2017\/10\/24\/les-chaines-televisees-ou-linsoutenable-legerete-de-letre\/#respond"]}]},{"@type":"WebPage","@id":"https:\/\/kapitalis.com\/tunisie\/2017\/10\/24\/les-chaines-televisees-ou-linsoutenable-legerete-de-letre\/","url":"https:\/\/kapitalis.com\/tunisie\/2017\/10\/24\/les-chaines-televisees-ou-linsoutenable-legerete-de-letre\/","name":"Les cha\u00eenes t\u00e9l\u00e9vis\u00e9es ou l\u2019insoutenable l\u00e9g\u00e8ret\u00e9 de l\u2019\u00eatre - Kapitalis","isPartOf":{"@id":"https:\/\/kapitalis.com\/tunisie\/#website"},"primaryImageOfPage":{"@id":"https:\/\/kapitalis.com\/tunisie\/2017\/10\/24\/les-chaines-televisees-ou-linsoutenable-legerete-de-letre\/#primaryimage"},"image":{"@id":"https:\/\/kapitalis.com\/tunisie\/2017\/10\/24\/les-chaines-televisees-ou-linsoutenable-legerete-de-letre\/#primaryimage"},"thumbnailUrl":"","datePublished":"2017-10-24T07:58:56+00:00","dateModified":"2017-10-24T11:56:27+00:00","breadcrumb":{"@id":"https:\/\/kapitalis.com\/tunisie\/2017\/10\/24\/les-chaines-televisees-ou-linsoutenable-legerete-de-letre\/#breadcrumb"},"inLanguage":"fr-FR","potentialAction":[{"@type":"ReadAction","target":["https:\/\/kapitalis.com\/tunisie\/2017\/10\/24\/les-chaines-televisees-ou-linsoutenable-legerete-de-letre\/"]}]},{"@type":"ImageObject","inLanguage":"fr-FR","@id":"https:\/\/kapitalis.com\/tunisie\/2017\/10\/24\/les-chaines-televisees-ou-linsoutenable-legerete-de-letre\/#primaryimage","url":"","contentUrl":""},{"@type":"BreadcrumbList","@id":"https:\/\/kapitalis.com\/tunisie\/2017\/10\/24\/les-chaines-televisees-ou-linsoutenable-legerete-de-letre\/#breadcrumb","itemListElement":[{"@type":"ListItem","position":1,"name":"Accueil","item":"https:\/\/kapitalis.com\/tunisie\/"},{"@type":"ListItem","position":2,"name":"Les cha\u00eenes t\u00e9l\u00e9vis\u00e9es ou l\u2019insoutenable l\u00e9g\u00e8ret\u00e9 de l\u2019\u00eatre"}]},{"@type":"WebSite","@id":"https:\/\/kapitalis.com\/tunisie\/#website","url":"https:\/\/kapitalis.com\/tunisie\/","name":"Kapitalis","description":"L&#039;actualit\u00e9 en Tunisie et dans le monde","publisher":{"@id":"https:\/\/kapitalis.com\/tunisie\/#organization"},"potentialAction":[{"@type":"SearchAction","target":{"@type":"EntryPoint","urlTemplate":"https:\/\/kapitalis.com\/tunisie\/?s={search_term_string}"},"query-input":{"@type":"PropertyValueSpecification","valueRequired":true,"valueName":"search_term_string"}}],"inLanguage":"fr-FR"},{"@type":"Organization","@id":"https:\/\/kapitalis.com\/tunisie\/#organization","name":"Kapitalis","url":"https:\/\/kapitalis.com\/tunisie\/","logo":{"@type":"ImageObject","inLanguage":"fr-FR","@id":"https:\/\/kapitalis.com\/tunisie\/#\/schema\/logo\/image\/","url":"https:\/\/kapitalis.com\/tunisie\/wp-content\/uploads\/2022\/05\/Kapitalis-big-size.png","contentUrl":"https:\/\/kapitalis.com\/tunisie\/wp-content\/uploads\/2022\/05\/Kapitalis-big-size.png","width":5000,"height":1500,"caption":"Kapitalis"},"image":{"@id":"https:\/\/kapitalis.com\/tunisie\/#\/schema\/logo\/image\/"},"sameAs":["https:\/\/www.facebook.com\/KapitalisInfo\/","https:\/\/x.com\/KapitalisInfo","https:\/\/www.youtube.com\/channel\/UC-yDYrHyfFBWWZaOw3FPg9Q"]},{"@type":"Person","@id":"https:\/\/kapitalis.com\/tunisie\/#\/schema\/person\/d71f33a9ca44f7bad4698210b480c8e9","name":"webmaster kapitalis","url":"https:\/\/kapitalis.com\/tunisie\/author\/webmaster-kapitalis\/"}]}},"_links":{"self":[{"href":"https:\/\/kapitalis.com\/tunisie\/wp-json\/wp\/v2\/posts\/120043","targetHints":{"allow":["GET"]}}],"collection":[{"href":"https:\/\/kapitalis.com\/tunisie\/wp-json\/wp\/v2\/posts"}],"about":[{"href":"https:\/\/kapitalis.com\/tunisie\/wp-json\/wp\/v2\/types\/post"}],"author":[{"embeddable":true,"href":"https:\/\/kapitalis.com\/tunisie\/wp-json\/wp\/v2\/users\/8"}],"replies":[{"embeddable":true,"href":"https:\/\/kapitalis.com\/tunisie\/wp-json\/wp\/v2\/comments?post=120043"}],"version-history":[{"count":0,"href":"https:\/\/kapitalis.com\/tunisie\/wp-json\/wp\/v2\/posts\/120043\/revisions"}],"wp:featuredmedia":[{"embeddable":true,"href":"https:\/\/kapitalis.com\/tunisie\/wp-json\/wp\/v2\/media\/120044"}],"wp:attachment":[{"href":"https:\/\/kapitalis.com\/tunisie\/wp-json\/wp\/v2\/media?parent=120043"}],"wp:term":[{"taxonomy":"category","embeddable":true,"href":"https:\/\/kapitalis.com\/tunisie\/wp-json\/wp\/v2\/categories?post=120043"},{"taxonomy":"post_tag","embeddable":true,"href":"https:\/\/kapitalis.com\/tunisie\/wp-json\/wp\/v2\/tags?post=120043"}],"curies":[{"name":"wp","href":"https:\/\/api.w.org\/{rel}","templated":true}]}}